{"id":36003,"date":"2025-02-18T08:15:21","date_gmt":"2025-02-18T07:15:21","guid":{"rendered":"https:\/\/www.markt-kom.com\/?p=230513"},"modified":"2025-02-18T07:41:58","modified_gmt":"2025-02-18T06:41:58","slug":"ey-startup-barometer-schweiz-2025","status":"publish","type":"post","link":"https:\/\/www.organisator.ch\/en\/marketing\/2025-02-18\/ey-startup-barometer-schweiz-2025\/","title":{"rendered":"EY Startup Barometer Switzerland 2025"},"content":{"rendered":"<div class=\"mceTemp\">\u00a0<\/div>\r\n<p data-pm-slice=\"1 1 []\"><a href=\"https:\/\/www.markt-kom.com\/wp-content\/uploads\/2025\/02\/EY-Startup-Barometer-Schweiz-2025.png\"><img class=\"alignnone size-full wp-image-230516\" src=\"https:\/\/www.markt-kom.com\/wp-content\/uploads\/2025\/02\/EY-Startup-Barometer-Schweiz-2025.png\" sizes=\"(max-width: 1024px) 100vw, 1024px\" srcset=\"https:\/\/www.markt-kom.com\/wp-content\/uploads\/2025\/02\/EY-Startup-Barometer-Schweiz-2025.png 1024w, https:\/\/www.markt-kom.com\/wp-content\/uploads\/2025\/02\/EY-Startup-Barometer-Schweiz-2025-600x450.png 600w, https:\/\/www.markt-kom.com\/wp-content\/uploads\/2025\/02\/EY-Startup-Barometer-Schweiz-2025-768x576.png 768w, https:\/\/www.markt-kom.com\/wp-content\/uploads\/2025\/02\/EY-Startup-Barometer-Schweiz-2025-16x12.png 16w, https:\/\/www.markt-kom.com\/wp-content\/uploads\/2025\/02\/EY-Startup-Barometer-Schweiz-2025-233x175.png 233w, https:\/\/www.markt-kom.com\/wp-content\/uploads\/2025\/02\/EY-Startup-Barometer-Schweiz-2025-467x350.png 467w, https:\/\/www.markt-kom.com\/wp-content\/uploads\/2025\/02\/EY-Startup-Barometer-Schweiz-2025-1000x750.png 1000w\" alt=\"\" width=\"1024\" height=\"768\" \/><\/a><\/p>\r\n<p data-pm-slice=\"1 1 []\">The EY Startup Barometer Switzerland 2025 shows: The number of financing rounds fell by 6.7% to 513 in 2024, while the invested capital decreased by 15% to 2.3 billion Swiss francs. \"The Swiss startup scene has suffered a decline in financing rounds and volume for the second time in a row. However, this is leveling off significantly and cannot be compared with the slump in 2023,\" says Alexander Schatt, Head of Startups and Scale-ups at EY Switzerland.<\/p>\r\n<p>A clear trend is continuing, particularly in the field of artificial intelligence: more than one in five financing rounds (22%) flowed into AI-oriented startups in 2024 - twice as many as in the previous year. \"Despite the general decline in startup investments, we are seeing strong investor interest in AI-related startups. This indicates growing investor confidence in Switzerland as a prime location for investing in AI startups,\" Schatt continues.<\/p>\r\n<figure id=\"attachment_230515\" class=\"wp-caption alignnone\" style=\"width: 1024px;\" aria-describedby=\"caption-attachment-230515\"><a href=\"https:\/\/www.markt-kom.com\/wp-content\/uploads\/2025\/02\/3-2.png\"><img class=\"size-full wp-image-230515\" src=\"https:\/\/www.markt-kom.com\/wp-content\/uploads\/2025\/02\/3-2.png\" sizes=\"(max-width: 1024px) 100vw, 1024px\" srcset=\"https:\/\/www.markt-kom.com\/wp-content\/uploads\/2025\/02\/3-2.png 1024w, https:\/\/www.markt-kom.com\/wp-content\/uploads\/2025\/02\/3-2-600x450.png 600w, https:\/\/www.markt-kom.com\/wp-content\/uploads\/2025\/02\/3-2-768x576.png 768w, https:\/\/www.markt-kom.com\/wp-content\/uploads\/2025\/02\/3-2-16x12.png 16w, https:\/\/www.markt-kom.com\/wp-content\/uploads\/2025\/02\/3-2-233x175.png 233w, https:\/\/www.markt-kom.com\/wp-content\/uploads\/2025\/02\/3-2-467x350.png 467w, https:\/\/www.markt-kom.com\/wp-content\/uploads\/2025\/02\/3-2-1000x750.png 1000w\" alt=\"\" width=\"1024\" height=\"768\" \/><\/a>\r\n<figcaption id=\"caption-attachment-230515\" class=\"wp-caption-text\">Alexander Schatt, Head of Startups and Scale-ups at EY in Switzerland<\/figcaption>\r\n<\/figure>\r\n<p>The healthcare sector remains the dominant industry with a financing volume of 1.039 billion Swiss francs, followed by software &amp; analytics (397 million Swiss francs) and fintech\/insurtech (193 million Swiss francs). In the list of the ten largest financing rounds, biotech start-ups occupy the top spots, with Alentis Therapeutics (158 million Swiss francs) at the top.<\/p>\r\n<p>Another focus is on the participation of women in founding teams: 7% of the funded startups were founded exclusively by women, 18% by mixed teams.<\/p>\r\n<p>In an international comparison, Switzerland recorded the smallest decline in financing rounds at -6.7% (Germany: -12.3%, Austria: -19%). Even though the financing volume fell by 15%, the general conditions for investments in Swiss start-ups remain solid.<\/p>","protected":false},"excerpt":{"rendered":"<p>The Swiss startup scene is defying the market environment: while financing rounds and volumes are declining slightly, investments in AI startups are doubling.<\/p>","protected":false},"author":8,"featured_media":0,"comment_status":"closed","ping_status":"closed","sticky":false,"template":"","format":"standard","meta":{"_acf_changed":false,"_yoast_wpseo_focuskw":"EY Startup Barometer Schweiz 2025","_yoast_wpseo_metadesc":"Trotz R\u00fcckgang der Finanzierungen verdoppeln sich Investitionen in KI-Startups. Das EY Startup Barometer Schweiz 2025 zeigt klare Trends.","articlekey":"","footnotes":""},"categories":[29],"tags":[4345,5089],"class_list":["post-36003","post","type-post","status-publish","format-standard","hentry","category-marketing","tag-business","tag-ey-startup-barometer"],"acf":[],"yoast_head":"<!-- This site is optimized with the Yoast SEO plugin v27.5 - https:\/\/yoast.com\/product\/yoast-seo-wordpress\/ -->\n<title>EY Startup Barometer Schweiz 2025 - Organisator<\/title>\n<meta name=\"description\" content=\"Trotz R\u00fcckgang der Finanzierungen verdoppeln sich Investitionen in KI-Startups. Das EY Startup Barometer Schweiz 2025 zeigt klare Trends.\" \/>\n<meta name=\"robots\" content=\"index, follow, max-snippet:-1, max-image-preview:large, max-video-preview:-1\" \/>\n<link rel=\"canonical\" href=\"https:\/\/www.organisator.ch\/en\/marketing\/2025-02-18\/ey-startup-barometer-schweiz-2025\/\" \/>\n<meta property=\"og:locale\" content=\"en_US\" \/>\n<meta property=\"og:type\" content=\"article\" \/>\n<meta property=\"og:title\" content=\"EY Startup Barometer Schweiz 2025 - Organisator\" \/>\n<meta property=\"og:description\" content=\"Trotz R\u00fcckgang der Finanzierungen verdoppeln sich Investitionen in KI-Startups. Das EY Startup Barometer Schweiz 2025 zeigt klare Trends.\" \/>\n<meta property=\"og:url\" content=\"https:\/\/www.organisator.ch\/en\/marketing\/2025-02-18\/ey-startup-barometer-schweiz-2025\/\" \/>\n<meta property=\"og:site_name\" content=\"Organisator\" \/>\n<meta property=\"article:publisher\" content=\"https:\/\/www.facebook.com\/OrganisatorFachmagazin\" \/>\n<meta property=\"article:published_time\" content=\"2025-02-18T07:15:21+00:00\" \/>\n<meta name=\"author\" content=\"galledia\" \/>\n<meta name=\"twitter:card\" content=\"summary_large_image\" \/>\n<meta name=\"twitter:creator\" content=\"@admin\" \/>\n<script type=\"application\/ld+json\" class=\"yoast-schema-graph\">{\"@context\":\"https:\\\/\\\/schema.org\",\"@graph\":[{\"@type\":\"Article\",\"@id\":\"https:\\\/\\\/www.organisator.ch\\\/marketing\\\/2025-02-18\\\/ey-startup-barometer-schweiz-2025\\\/#article\",\"isPartOf\":{\"@id\":\"https:\\\/\\\/www.organisator.ch\\\/marketing\\\/2025-02-18\\\/ey-startup-barometer-schweiz-2025\\\/\"},\"author\":{\"name\":\"galledia\",\"@id\":\"https:\\\/\\\/www.organisator.ch\\\/#\\\/schema\\\/person\\\/4e51799071cd2dd1232ac003643ef5f0\"},\"headline\":\"EY Startup Barometer Schweiz 2025\",\"datePublished\":\"2025-02-18T07:15:21+00:00\",\"mainEntityOfPage\":{\"@id\":\"https:\\\/\\\/www.organisator.ch\\\/marketing\\\/2025-02-18\\\/ey-startup-barometer-schweiz-2025\\\/\"},\"wordCount\":260,\"publisher\":{\"@id\":\"https:\\\/\\\/www.organisator.ch\\\/#organization\"},\"image\":{\"@id\":\"https:\\\/\\\/www.organisator.ch\\\/marketing\\\/2025-02-18\\\/ey-startup-barometer-schweiz-2025\\\/#primaryimage\"},\"thumbnailUrl\":\"https:\\\/\\\/www.markt-kom.com\\\/wp-content\\\/uploads\\\/2025\\\/02\\\/EY-Startup-Barometer-Schweiz-2025.png\",\"keywords\":[\"Business\",\"Ey Startup Barometer\"],\"articleSection\":[\"MARKETING\"],\"inLanguage\":\"en-US\"},{\"@type\":\"WebPage\",\"@id\":\"https:\\\/\\\/www.organisator.ch\\\/marketing\\\/2025-02-18\\\/ey-startup-barometer-schweiz-2025\\\/\",\"url\":\"https:\\\/\\\/www.organisator.ch\\\/marketing\\\/2025-02-18\\\/ey-startup-barometer-schweiz-2025\\\/\",\"name\":\"EY Startup Barometer Schweiz 2025 - Organisator\",\"isPartOf\":{\"@id\":\"https:\\\/\\\/www.organisator.ch\\\/#website\"},\"primaryImageOfPage\":{\"@id\":\"https:\\\/\\\/www.organisator.ch\\\/marketing\\\/2025-02-18\\\/ey-startup-barometer-schweiz-2025\\\/#primaryimage\"},\"image\":{\"@id\":\"https:\\\/\\\/www.organisator.ch\\\/marketing\\\/2025-02-18\\\/ey-startup-barometer-schweiz-2025\\\/#primaryimage\"},\"thumbnailUrl\":\"https:\\\/\\\/www.markt-kom.com\\\/wp-content\\\/uploads\\\/2025\\\/02\\\/EY-Startup-Barometer-Schweiz-2025.png\",\"datePublished\":\"2025-02-18T07:15:21+00:00\",\"description\":\"Trotz R\u00fcckgang der Finanzierungen verdoppeln sich Investitionen in KI-Startups. Das EY Startup Barometer Schweiz 2025 zeigt klare Trends.\",\"breadcrumb\":{\"@id\":\"https:\\\/\\\/www.organisator.ch\\\/marketing\\\/2025-02-18\\\/ey-startup-barometer-schweiz-2025\\\/#breadcrumb\"},\"inLanguage\":\"en-US\",\"potentialAction\":[{\"@type\":\"ReadAction\",\"target\":[\"https:\\\/\\\/www.organisator.ch\\\/marketing\\\/2025-02-18\\\/ey-startup-barometer-schweiz-2025\\\/\"]}]},{\"@type\":\"ImageObject\",\"inLanguage\":\"en-US\",\"@id\":\"https:\\\/\\\/www.organisator.ch\\\/marketing\\\/2025-02-18\\\/ey-startup-barometer-schweiz-2025\\\/#primaryimage\",\"url\":\"https:\\\/\\\/www.markt-kom.com\\\/wp-content\\\/uploads\\\/2025\\\/02\\\/EY-Startup-Barometer-Schweiz-2025.png\",\"contentUrl\":\"https:\\\/\\\/www.markt-kom.com\\\/wp-content\\\/uploads\\\/2025\\\/02\\\/EY-Startup-Barometer-Schweiz-2025.png\"},{\"@type\":\"BreadcrumbList\",\"@id\":\"https:\\\/\\\/www.organisator.ch\\\/marketing\\\/2025-02-18\\\/ey-startup-barometer-schweiz-2025\\\/#breadcrumb\",\"itemListElement\":[{\"@type\":\"ListItem\",\"position\":1,\"name\":\"Home\",\"item\":\"https:\\\/\\\/www.organisator.ch\\\/\"},{\"@type\":\"ListItem\",\"position\":2,\"name\":\"EY Startup Barometer Schweiz 2025\"}]},{\"@type\":\"WebSite\",\"@id\":\"https:\\\/\\\/www.organisator.ch\\\/#website\",\"url\":\"https:\\\/\\\/www.organisator.ch\\\/\",\"name\":\"Organisator\",\"description\":\"Kompetent. Praxisnah. Der ORGANISATOR bereitet in 10 Ausgaben pro Jahr die wesentlichen Themen f\u00fcr F\u00fchrungskr\u00e4fte von KMU auf.\",\"publisher\":{\"@id\":\"https:\\\/\\\/www.organisator.ch\\\/#organization\"},\"potentialAction\":[{\"@type\":\"SearchAction\",\"target\":{\"@type\":\"EntryPoint\",\"urlTemplate\":\"https:\\\/\\\/www.organisator.ch\\\/?s={search_term_string}\"},\"query-input\":{\"@type\":\"PropertyValueSpecification\",\"valueRequired\":true,\"valueName\":\"search_term_string\"}}],\"inLanguage\":\"en-US\"},{\"@type\":\"Organization\",\"@id\":\"https:\\\/\\\/www.organisator.ch\\\/#organization\",\"name\":\"Organisator\",\"url\":\"https:\\\/\\\/www.organisator.ch\\\/\",\"logo\":{\"@type\":\"ImageObject\",\"inLanguage\":\"en-US\",\"@id\":\"https:\\\/\\\/www.organisator.ch\\\/#\\\/schema\\\/logo\\\/image\\\/\",\"url\":\"https:\\\/\\\/www.organisator.ch\\\/wp-content\\\/uploads\\\/2022\\\/01\\\/Logo_Organisator_Website.png\",\"contentUrl\":\"https:\\\/\\\/www.organisator.ch\\\/wp-content\\\/uploads\\\/2022\\\/01\\\/Logo_Organisator_Website.png\",\"width\":800,\"height\":77,\"caption\":\"Organisator\"},\"image\":{\"@id\":\"https:\\\/\\\/www.organisator.ch\\\/#\\\/schema\\\/logo\\\/image\\\/\"},\"sameAs\":[\"https:\\\/\\\/www.facebook.com\\\/OrganisatorFachmagazin\",\"https:\\\/\\\/www.linkedin.com\\\/showcase\\\/organisator-das-magazin-fr-kmu\",\"https:\\\/\\\/www.xing.com\\\/news\\\/pages\\\/organisator-ch-695\",\"https:\\\/\\\/www.youtube.com\\\/channel\\\/UCGP2Sq0iWaZwT3BdIAQFYpw\"]},{\"@type\":\"Person\",\"@id\":\"https:\\\/\\\/www.organisator.ch\\\/#\\\/schema\\\/person\\\/4e51799071cd2dd1232ac003643ef5f0\",\"name\":\"galledia\",\"image\":{\"@type\":\"ImageObject\",\"inLanguage\":\"en-US\",\"@id\":\"https:\\\/\\\/secure.gravatar.com\\\/avatar\\\/78a7f90c01fc2bfc875782a0d4922b37cde2cf184ce347b91316d23cd7f69a36?s=96&d=mm&r=g\",\"url\":\"https:\\\/\\\/secure.gravatar.com\\\/avatar\\\/78a7f90c01fc2bfc875782a0d4922b37cde2cf184ce347b91316d23cd7f69a36?s=96&d=mm&r=g\",\"contentUrl\":\"https:\\\/\\\/secure.gravatar.com\\\/avatar\\\/78a7f90c01fc2bfc875782a0d4922b37cde2cf184ce347b91316d23cd7f69a36?s=96&d=mm&r=g\",\"caption\":\"galledia\"},\"sameAs\":[\"https:\\\/\\\/x.com\\\/admin\"],\"url\":\"https:\\\/\\\/www.organisator.ch\\\/en\\\/author\\\/galledia\\\/\"}]}<\/script>\n<!-- \/ Yoast SEO plugin. -->","yoast_head_json":{"title":"EY Startup Barometer Switzerland 2025 - Organizer","description":"Investments in AI startups double despite decline in financing. The EY Startup Barometer Switzerland 2025 shows clear trends.","robots":{"index":"index","follow":"follow","max-snippet":"max-snippet:-1","max-image-preview":"max-image-preview:large","max-video-preview":"max-video-preview:-1"},"canonical":"https:\/\/www.organisator.ch\/en\/marketing\/2025-02-18\/ey-startup-barometer-schweiz-2025\/","og_locale":"en_US","og_type":"article","og_title":"EY Startup Barometer Schweiz 2025 - Organisator","og_description":"Trotz R\u00fcckgang der Finanzierungen verdoppeln sich Investitionen in KI-Startups. Das EY Startup Barometer Schweiz 2025 zeigt klare Trends.","og_url":"https:\/\/www.organisator.ch\/en\/marketing\/2025-02-18\/ey-startup-barometer-schweiz-2025\/","og_site_name":"Organisator","article_publisher":"https:\/\/www.facebook.com\/OrganisatorFachmagazin","article_published_time":"2025-02-18T07:15:21+00:00","author":"galledia","twitter_card":"summary_large_image","twitter_creator":"@admin","schema":{"@context":"https:\/\/schema.org","@graph":[{"@type":"Article","@id":"https:\/\/www.organisator.ch\/marketing\/2025-02-18\/ey-startup-barometer-schweiz-2025\/#article","isPartOf":{"@id":"https:\/\/www.organisator.ch\/marketing\/2025-02-18\/ey-startup-barometer-schweiz-2025\/"},"author":{"name":"galledia","@id":"https:\/\/www.organisator.ch\/#\/schema\/person\/4e51799071cd2dd1232ac003643ef5f0"},"headline":"EY Startup Barometer Schweiz 2025","datePublished":"2025-02-18T07:15:21+00:00","mainEntityOfPage":{"@id":"https:\/\/www.organisator.ch\/marketing\/2025-02-18\/ey-startup-barometer-schweiz-2025\/"},"wordCount":260,"publisher":{"@id":"https:\/\/www.organisator.ch\/#organization"},"image":{"@id":"https:\/\/www.organisator.ch\/marketing\/2025-02-18\/ey-startup-barometer-schweiz-2025\/#primaryimage"},"thumbnailUrl":"https:\/\/www.markt-kom.com\/wp-content\/uploads\/2025\/02\/EY-Startup-Barometer-Schweiz-2025.png","keywords":["Business","Ey Startup Barometer"],"articleSection":["MARKETING"],"inLanguage":"en-US"},{"@type":"WebPage","@id":"https:\/\/www.organisator.ch\/marketing\/2025-02-18\/ey-startup-barometer-schweiz-2025\/","url":"https:\/\/www.organisator.ch\/marketing\/2025-02-18\/ey-startup-barometer-schweiz-2025\/","name":"EY Startup Barometer Switzerland 2025 - Organizer","isPartOf":{"@id":"https:\/\/www.organisator.ch\/#website"},"primaryImageOfPage":{"@id":"https:\/\/www.organisator.ch\/marketing\/2025-02-18\/ey-startup-barometer-schweiz-2025\/#primaryimage"},"image":{"@id":"https:\/\/www.organisator.ch\/marketing\/2025-02-18\/ey-startup-barometer-schweiz-2025\/#primaryimage"},"thumbnailUrl":"https:\/\/www.markt-kom.com\/wp-content\/uploads\/2025\/02\/EY-Startup-Barometer-Schweiz-2025.png","datePublished":"2025-02-18T07:15:21+00:00","description":"Investments in AI startups double despite decline in financing. The EY Startup Barometer Switzerland 2025 shows clear trends.","breadcrumb":{"@id":"https:\/\/www.organisator.ch\/marketing\/2025-02-18\/ey-startup-barometer-schweiz-2025\/#breadcrumb"},"inLanguage":"en-US","potentialAction":[{"@type":"ReadAction","target":["https:\/\/www.organisator.ch\/marketing\/2025-02-18\/ey-startup-barometer-schweiz-2025\/"]}]},{"@type":"ImageObject","inLanguage":"en-US","@id":"https:\/\/www.organisator.ch\/marketing\/2025-02-18\/ey-startup-barometer-schweiz-2025\/#primaryimage","url":"https:\/\/www.markt-kom.com\/wp-content\/uploads\/2025\/02\/EY-Startup-Barometer-Schweiz-2025.png","contentUrl":"https:\/\/www.markt-kom.com\/wp-content\/uploads\/2025\/02\/EY-Startup-Barometer-Schweiz-2025.png"},{"@type":"BreadcrumbList","@id":"https:\/\/www.organisator.ch\/marketing\/2025-02-18\/ey-startup-barometer-schweiz-2025\/#breadcrumb","itemListElement":[{"@type":"ListItem","position":1,"name":"Home","item":"https:\/\/www.organisator.ch\/"},{"@type":"ListItem","position":2,"name":"EY Startup Barometer Schweiz 2025"}]},{"@type":"WebSite","@id":"https:\/\/www.organisator.ch\/#website","url":"https:\/\/www.organisator.ch\/","name":"Organizer","description":"Competent. Practical. In 10 issues per year, ORGANISATOR presents the essential topics for managers of SMEs.","publisher":{"@id":"https:\/\/www.organisator.ch\/#organization"},"potentialAction":[{"@type":"SearchAction","target":{"@type":"EntryPoint","urlTemplate":"https:\/\/www.organisator.ch\/?s={search_term_string}"},"query-input":{"@type":"PropertyValueSpecification","valueRequired":true,"valueName":"search_term_string"}}],"inLanguage":"en-US"},{"@type":"Organization","@id":"https:\/\/www.organisator.ch\/#organization","name":"Organizer","url":"https:\/\/www.organisator.ch\/","logo":{"@type":"ImageObject","inLanguage":"en-US","@id":"https:\/\/www.organisator.ch\/#\/schema\/logo\/image\/","url":"https:\/\/www.organisator.ch\/wp-content\/uploads\/2022\/01\/Logo_Organisator_Website.png","contentUrl":"https:\/\/www.organisator.ch\/wp-content\/uploads\/2022\/01\/Logo_Organisator_Website.png","width":800,"height":77,"caption":"Organisator"},"image":{"@id":"https:\/\/www.organisator.ch\/#\/schema\/logo\/image\/"},"sameAs":["https:\/\/www.facebook.com\/OrganisatorFachmagazin","https:\/\/www.linkedin.com\/showcase\/organisator-das-magazin-fr-kmu","https:\/\/www.xing.com\/news\/pages\/organisator-ch-695","https:\/\/www.youtube.com\/channel\/UCGP2Sq0iWaZwT3BdIAQFYpw"]},{"@type":"Person","@id":"https:\/\/www.organisator.ch\/#\/schema\/person\/4e51799071cd2dd1232ac003643ef5f0","name":"galledia","image":{"@type":"ImageObject","inLanguage":"en-US","@id":"https:\/\/secure.gravatar.com\/avatar\/78a7f90c01fc2bfc875782a0d4922b37cde2cf184ce347b91316d23cd7f69a36?s=96&d=mm&r=g","url":"https:\/\/secure.gravatar.com\/avatar\/78a7f90c01fc2bfc875782a0d4922b37cde2cf184ce347b91316d23cd7f69a36?s=96&d=mm&r=g","contentUrl":"https:\/\/secure.gravatar.com\/avatar\/78a7f90c01fc2bfc875782a0d4922b37cde2cf184ce347b91316d23cd7f69a36?s=96&d=mm&r=g","caption":"galledia"},"sameAs":["https:\/\/x.com\/admin"],"url":"https:\/\/www.organisator.ch\/en\/author\/galledia\/"}]}},"_links":{"self":[{"href":"https:\/\/www.organisator.ch\/en\/wp-json\/wp\/v2\/posts\/36003","targetHints":{"allow":["GET"]}}],"collection":[{"href":"https:\/\/www.organisator.ch\/en\/wp-json\/wp\/v2\/posts"}],"about":[{"href":"https:\/\/www.organisator.ch\/en\/wp-json\/wp\/v2\/types\/post"}],"author":[{"embeddable":true,"href":"https:\/\/www.organisator.ch\/en\/wp-json\/wp\/v2\/users\/8"}],"replies":[{"embeddable":true,"href":"https:\/\/www.organisator.ch\/en\/wp-json\/wp\/v2\/comments?post=36003"}],"version-history":[{"count":4,"href":"https:\/\/www.organisator.ch\/en\/wp-json\/wp\/v2\/posts\/36003\/revisions"}],"predecessor-version":[{"id":36036,"href":"https:\/\/www.organisator.ch\/en\/wp-json\/wp\/v2\/posts\/36003\/revisions\/36036"}],"wp:attachment":[{"href":"https:\/\/www.organisator.ch\/en\/wp-json\/wp\/v2\/media?parent=36003"}],"wp:term":[{"taxonomy":"category","embeddable":true,"href":"https:\/\/www.organisator.ch\/en\/wp-json\/wp\/v2\/categories?post=36003"},{"taxonomy":"post_tag","embeddable":true,"href":"https:\/\/www.organisator.ch\/en\/wp-json\/wp\/v2\/tags?post=36003"}],"curies":[{"name":"wp","href":"https:\/\/api.w.org\/{rel}","templated":true}]}}