{"id":36051,"date":"2025-02-18T13:20:18","date_gmt":"2025-02-18T12:20:18","guid":{"rendered":"https:\/\/www.markt-kom.com\/?p=230591"},"modified":"2025-02-18T13:26:01","modified_gmt":"2025-02-18T12:26:01","slug":"publicis-lanciert-luxe-hubs-in-genf-und-zuerich","status":"publish","type":"post","link":"https:\/\/www.organisator.ch\/en\/marketing\/2025-02-18\/publicis-lanciert-luxe-hubs-in-genf-und-zuerich\/","title":{"rendered":"Publicis launches \"Luxe\" hubs in Geneva and Zurich"},"content":{"rendered":"<figure id=\"attachment_230593\" class=\"wp-caption aligncenter\" style=\"width: 1200px;\" aria-describedby=\"caption-attachment-230593\"><a href=\"https:\/\/www.markt-kom.com\/wp-content\/uploads\/2025\/02\/Pub_LUXE_Switzerland_Team.jpg\"><img class=\"size-full wp-image-230593\" src=\"https:\/\/www.markt-kom.com\/wp-content\/uploads\/2025\/02\/Pub_LUXE_Switzerland_Team.jpg\" sizes=\"(max-width: 1200px) 100vw, 1200px\" srcset=\"https:\/\/www.markt-kom.com\/wp-content\/uploads\/2025\/02\/Pub_LUXE_Switzerland_Team.jpg 1200w, https:\/\/www.markt-kom.com\/wp-content\/uploads\/2025\/02\/Pub_LUXE_Switzerland_Team-600x400.jpg 600w, https:\/\/www.markt-kom.com\/wp-content\/uploads\/2025\/02\/Pub_LUXE_Switzerland_Team-1024x683.jpg 1024w, https:\/\/www.markt-kom.com\/wp-content\/uploads\/2025\/02\/Pub_LUXE_Switzerland_Team-768x512.jpg 768w, https:\/\/www.markt-kom.com\/wp-content\/uploads\/2025\/02\/Pub_LUXE_Switzerland_Team-18x12.jpg 18w, https:\/\/www.markt-kom.com\/wp-content\/uploads\/2025\/02\/Pub_LUXE_Switzerland_Team-263x175.jpg 263w, https:\/\/www.markt-kom.com\/wp-content\/uploads\/2025\/02\/Pub_LUXE_Switzerland_Team-525x350.jpg 525w, https:\/\/www.markt-kom.com\/wp-content\/uploads\/2025\/02\/Pub_LUXE_Switzerland_Team-1000x667.jpg 1000w\" alt=\"\" width=\"1200\" height=\"800\" \/><\/a>\r\n<figcaption id=\"caption-attachment-230593\" class=\"wp-caption-text\">The Publicis Luxe Switzerland team (from left to right): T\u00fcri Cengiz (Groupe Client Lead Switzerland), Priscilla Rossi (Strategy Lead Switzerland), Deborah Marino (Global Chief Strategy Officer), and Alexis de Montaigu (Global Client Lead, Chief Growth Officer). (Pictures: zVg.)<\/figcaption>\r\n<\/figure>\r\n<p>Publicis Luxe offers comprehensive strategy, campaign development, digital business, CRM, social media, production and innovation for brands from all luxury segments. These include fashion, beauty, fragrances, jewelry, watches, lifestyle, culture and high-end hospitality. With the new locations in Zurich and Geneva, the agency aims to move closer to global luxury brands based in Switzerland. The agency combines traditional values of the luxury industry with modern digital solutions and supports brands in consolidating their position in global markets, addressing their target groups emotionally and with unique content while creating innovative digital experiences.<\/p>\r\n<p>\"Publicis Luxe creates strong, creative brand worlds that reflect both the character and the values of luxury brands,\" explains Charles Georges-Picot, CEO Global Luxury Practice Publicis Groupe, Global Client Lead. There is already \"curiosity and willingness\" on the part of Swiss premium and luxury brands to work with Publicis Luxe, says Georges-Picot.<\/p>\r\n<p><a href=\"https:\/\/www.markt-kom.com\/wp-content\/uploads\/2025\/02\/Pub_LUXE_Zurich.jpg\"><img class=\"attachment-full size-full\" src=\"https:\/\/www.markt-kom.com\/wp-content\/uploads\/2025\/02\/Pub_LUXE_Zurich.jpg\" sizes=\"(max-width: 1200px) 100vw, 1200px\" srcset=\"https:\/\/www.markt-kom.com\/wp-content\/uploads\/2025\/02\/Pub_LUXE_Zurich.jpg 1200w, https:\/\/www.markt-kom.com\/wp-content\/uploads\/2025\/02\/Pub_LUXE_Zurich-600x398.jpg 600w, https:\/\/www.markt-kom.com\/wp-content\/uploads\/2025\/02\/Pub_LUXE_Zurich-1024x678.jpg 1024w, https:\/\/www.markt-kom.com\/wp-content\/uploads\/2025\/02\/Pub_LUXE_Zurich-768x509.jpg 768w, https:\/\/www.markt-kom.com\/wp-content\/uploads\/2025\/02\/Pub_LUXE_Zurich-18x12.jpg 18w, https:\/\/www.markt-kom.com\/wp-content\/uploads\/2025\/02\/Pub_LUXE_Zurich-264x175.jpg 264w, https:\/\/www.markt-kom.com\/wp-content\/uploads\/2025\/02\/Pub_LUXE_Zurich-528x350.jpg 528w, https:\/\/www.markt-kom.com\/wp-content\/uploads\/2025\/02\/Pub_LUXE_Zurich-1000x663.jpg 1000w\" alt=\"\" width=\"1200\" height=\"795\" \/><\/a> <a href=\"https:\/\/www.markt-kom.com\/wp-content\/uploads\/2025\/02\/Pub_LUXE_Geneva.jpg\"><img class=\"attachment-full size-full\" src=\"https:\/\/www.markt-kom.com\/wp-content\/uploads\/2025\/02\/Pub_LUXE_Geneva.jpg\" sizes=\"(max-width: 1200px) 100vw, 1200px\" srcset=\"https:\/\/www.markt-kom.com\/wp-content\/uploads\/2025\/02\/Pub_LUXE_Geneva.jpg 1200w, https:\/\/www.markt-kom.com\/wp-content\/uploads\/2025\/02\/Pub_LUXE_Geneva-600x398.jpg 600w, https:\/\/www.markt-kom.com\/wp-content\/uploads\/2025\/02\/Pub_LUXE_Geneva-1024x678.jpg 1024w, https:\/\/www.markt-kom.com\/wp-content\/uploads\/2025\/02\/Pub_LUXE_Geneva-768x509.jpg 768w, https:\/\/www.markt-kom.com\/wp-content\/uploads\/2025\/02\/Pub_LUXE_Geneva-18x12.jpg 18w, https:\/\/www.markt-kom.com\/wp-content\/uploads\/2025\/02\/Pub_LUXE_Geneva-264x175.jpg 264w, https:\/\/www.markt-kom.com\/wp-content\/uploads\/2025\/02\/Pub_LUXE_Geneva-528x350.jpg 528w, https:\/\/www.markt-kom.com\/wp-content\/uploads\/2025\/02\/Pub_LUXE_Geneva-1000x663.jpg 1000w\" alt=\"\" width=\"1200\" height=\"795\" \/><\/a><\/p>\r\n<h3><strong>Changing luxury narrative<\/strong><\/h3>\r\n<p>The expansion of Publicis Luxe is taking place in a changing luxury sector. This change is characterized by a variety of dynamic forces: While the arrival of Gen Z brings with it new values such as sustainability, digital innovation and cultural authenticity, other trends are also coming to the fore. The booming economy of the second-hand market and the increasing demand for immersive experiences are reshaping the luxury landscape.<\/p>\r\n<p>Publicis Luxe supports brands in navigating this change. Always with the aim of ensuring that luxury brands can retain their loyal customers and at the same time appeal to new target groups through special experiences.<\/p>\r\n<p>\"Switzerland has helped write the history of the luxury goods industry. At the same time, premium strategies are becoming increasingly important in many sectors,\" says Alexander Haldemann, CEO of Publicis Groupe Switzerland. \"Until now, however, there has been a lack of an agency with dedicated luxury expertise and direct access to the key markets in Asia and North America. We are closing this gap with the launch of Publicis Luxe at our hubs in Geneva and Zurich.\"<\/p>\r\n<p>The Swiss team at Publicis Luxe includes Groupe Client Lead Switzerland T\u00fcri Cengiz , Priscilla Rossi, Strategy Lead Switzerland, Deborah Marino, Global Chief Strategy Officer, and Alexis de Montaigu, Global Client Lead and Chief Growth Officer.<\/p>","protected":false},"excerpt":{"rendered":"<p>Publicis Groupe Switzerland is expanding its offering in the luxury segment and launching Publicis Luxe in Geneva and Zurich. The new hubs complement the existing locations in Paris, Shanghai and New York and are aimed at premium and luxury brands.<\/p>","protected":false},"author":8,"featured_media":0,"comment_status":"closed","ping_status":"closed","sticky":false,"template":"","format":"standard","meta":{"_acf_changed":false,"_yoast_wpseo_focuskw":"Publicis Luxe Schweiz","_yoast_wpseo_metadesc":"Publicis Luxe expandiert in Z\u00fcrich & Genf und unterst\u00fctzt Luxusmarken mit kreativen Strategien und digitalen L\u00f6sungen.","articlekey":"","footnotes":""},"categories":[29],"tags":[4345,4353,5092],"class_list":["post-36051","post","type-post","status-publish","format-standard","hentry","category-marketing","tag-business","tag-publicis-groupe","tag-publicis-luxe"],"acf":[],"yoast_head":"<!-- This site is optimized with the Yoast SEO plugin v27.5 - https:\/\/yoast.com\/product\/yoast-seo-wordpress\/ -->\n<title>Publicis lanciert \u00abLuxe\u00bb-Hubs in Genf und Z\u00fcrich - Organisator<\/title>\n<meta name=\"description\" content=\"Publicis Luxe expandiert in Z\u00fcrich &amp; Genf und unterst\u00fctzt Luxusmarken mit kreativen Strategien und digitalen L\u00f6sungen.\" \/>\n<meta name=\"robots\" content=\"index, follow, max-snippet:-1, max-image-preview:large, max-video-preview:-1\" \/>\n<link rel=\"canonical\" href=\"https:\/\/www.organisator.ch\/en\/marketing\/2025-02-18\/publicis-lanciert-luxe-hubs-in-genf-und-zuerich\/\" \/>\n<meta property=\"og:locale\" content=\"en_US\" \/>\n<meta property=\"og:type\" content=\"article\" \/>\n<meta property=\"og:title\" content=\"Publicis lanciert \u00abLuxe\u00bb-Hubs in Genf und Z\u00fcrich - Organisator\" \/>\n<meta property=\"og:description\" content=\"Publicis Luxe expandiert in Z\u00fcrich &amp; Genf und unterst\u00fctzt Luxusmarken mit kreativen Strategien und digitalen L\u00f6sungen.\" \/>\n<meta property=\"og:url\" content=\"https:\/\/www.organisator.ch\/en\/marketing\/2025-02-18\/publicis-lanciert-luxe-hubs-in-genf-und-zuerich\/\" \/>\n<meta property=\"og:site_name\" content=\"Organisator\" \/>\n<meta property=\"article:publisher\" content=\"https:\/\/www.facebook.com\/OrganisatorFachmagazin\" \/>\n<meta property=\"article:published_time\" content=\"2025-02-18T12:20:18+00:00\" \/>\n<meta property=\"article:modified_time\" content=\"2025-02-18T12:26:01+00:00\" \/>\n<meta name=\"author\" content=\"galledia\" \/>\n<meta name=\"twitter:card\" content=\"summary_large_image\" \/>\n<meta name=\"twitter:creator\" content=\"@admin\" \/>\n<script type=\"application\/ld+json\" class=\"yoast-schema-graph\">{\"@context\":\"https:\\\/\\\/schema.org\",\"@graph\":[{\"@type\":\"Article\",\"@id\":\"https:\\\/\\\/www.organisator.ch\\\/marketing\\\/2025-02-18\\\/publicis-lanciert-luxe-hubs-in-genf-und-zuerich\\\/#article\",\"isPartOf\":{\"@id\":\"https:\\\/\\\/www.organisator.ch\\\/marketing\\\/2025-02-18\\\/publicis-lanciert-luxe-hubs-in-genf-und-zuerich\\\/\"},\"author\":{\"name\":\"galledia\",\"@id\":\"https:\\\/\\\/www.organisator.ch\\\/#\\\/schema\\\/person\\\/4e51799071cd2dd1232ac003643ef5f0\"},\"headline\":\"Publicis lanciert \u00abLuxe\u00bb-Hubs in Genf und Z\u00fcrich\",\"datePublished\":\"2025-02-18T12:20:18+00:00\",\"dateModified\":\"2025-02-18T12:26:01+00:00\",\"mainEntityOfPage\":{\"@id\":\"https:\\\/\\\/www.organisator.ch\\\/marketing\\\/2025-02-18\\\/publicis-lanciert-luxe-hubs-in-genf-und-zuerich\\\/\"},\"wordCount\":399,\"publisher\":{\"@id\":\"https:\\\/\\\/www.organisator.ch\\\/#organization\"},\"image\":{\"@id\":\"https:\\\/\\\/www.organisator.ch\\\/marketing\\\/2025-02-18\\\/publicis-lanciert-luxe-hubs-in-genf-und-zuerich\\\/#primaryimage\"},\"thumbnailUrl\":\"https:\\\/\\\/www.markt-kom.com\\\/wp-content\\\/uploads\\\/2025\\\/02\\\/Pub_LUXE_Switzerland_Team.jpg\",\"keywords\":[\"Business\",\"Publicis Groupe\",\"Publicis Luxe\"],\"articleSection\":[\"MARKETING\"],\"inLanguage\":\"en-US\"},{\"@type\":\"WebPage\",\"@id\":\"https:\\\/\\\/www.organisator.ch\\\/marketing\\\/2025-02-18\\\/publicis-lanciert-luxe-hubs-in-genf-und-zuerich\\\/\",\"url\":\"https:\\\/\\\/www.organisator.ch\\\/marketing\\\/2025-02-18\\\/publicis-lanciert-luxe-hubs-in-genf-und-zuerich\\\/\",\"name\":\"Publicis lanciert \u00abLuxe\u00bb-Hubs in Genf und Z\u00fcrich - Organisator\",\"isPartOf\":{\"@id\":\"https:\\\/\\\/www.organisator.ch\\\/#website\"},\"primaryImageOfPage\":{\"@id\":\"https:\\\/\\\/www.organisator.ch\\\/marketing\\\/2025-02-18\\\/publicis-lanciert-luxe-hubs-in-genf-und-zuerich\\\/#primaryimage\"},\"image\":{\"@id\":\"https:\\\/\\\/www.organisator.ch\\\/marketing\\\/2025-02-18\\\/publicis-lanciert-luxe-hubs-in-genf-und-zuerich\\\/#primaryimage\"},\"thumbnailUrl\":\"https:\\\/\\\/www.markt-kom.com\\\/wp-content\\\/uploads\\\/2025\\\/02\\\/Pub_LUXE_Switzerland_Team.jpg\",\"datePublished\":\"2025-02-18T12:20:18+00:00\",\"dateModified\":\"2025-02-18T12:26:01+00:00\",\"description\":\"Publicis Luxe expandiert in Z\u00fcrich & Genf und unterst\u00fctzt Luxusmarken mit kreativen Strategien und digitalen L\u00f6sungen.\",\"breadcrumb\":{\"@id\":\"https:\\\/\\\/www.organisator.ch\\\/marketing\\\/2025-02-18\\\/publicis-lanciert-luxe-hubs-in-genf-und-zuerich\\\/#breadcrumb\"},\"inLanguage\":\"en-US\",\"potentialAction\":[{\"@type\":\"ReadAction\",\"target\":[\"https:\\\/\\\/www.organisator.ch\\\/marketing\\\/2025-02-18\\\/publicis-lanciert-luxe-hubs-in-genf-und-zuerich\\\/\"]}]},{\"@type\":\"ImageObject\",\"inLanguage\":\"en-US\",\"@id\":\"https:\\\/\\\/www.organisator.ch\\\/marketing\\\/2025-02-18\\\/publicis-lanciert-luxe-hubs-in-genf-und-zuerich\\\/#primaryimage\",\"url\":\"https:\\\/\\\/www.markt-kom.com\\\/wp-content\\\/uploads\\\/2025\\\/02\\\/Pub_LUXE_Switzerland_Team.jpg\",\"contentUrl\":\"https:\\\/\\\/www.markt-kom.com\\\/wp-content\\\/uploads\\\/2025\\\/02\\\/Pub_LUXE_Switzerland_Team.jpg\"},{\"@type\":\"BreadcrumbList\",\"@id\":\"https:\\\/\\\/www.organisator.ch\\\/marketing\\\/2025-02-18\\\/publicis-lanciert-luxe-hubs-in-genf-und-zuerich\\\/#breadcrumb\",\"itemListElement\":[{\"@type\":\"ListItem\",\"position\":1,\"name\":\"Home\",\"item\":\"https:\\\/\\\/www.organisator.ch\\\/\"},{\"@type\":\"ListItem\",\"position\":2,\"name\":\"Publicis lanciert \u00abLuxe\u00bb-Hubs in Genf und Z\u00fcrich\"}]},{\"@type\":\"WebSite\",\"@id\":\"https:\\\/\\\/www.organisator.ch\\\/#website\",\"url\":\"https:\\\/\\\/www.organisator.ch\\\/\",\"name\":\"Organisator\",\"description\":\"Kompetent. Praxisnah. Der ORGANISATOR bereitet in 10 Ausgaben pro Jahr die wesentlichen Themen f\u00fcr F\u00fchrungskr\u00e4fte von KMU auf.\",\"publisher\":{\"@id\":\"https:\\\/\\\/www.organisator.ch\\\/#organization\"},\"potentialAction\":[{\"@type\":\"SearchAction\",\"target\":{\"@type\":\"EntryPoint\",\"urlTemplate\":\"https:\\\/\\\/www.organisator.ch\\\/?s={search_term_string}\"},\"query-input\":{\"@type\":\"PropertyValueSpecification\",\"valueRequired\":true,\"valueName\":\"search_term_string\"}}],\"inLanguage\":\"en-US\"},{\"@type\":\"Organization\",\"@id\":\"https:\\\/\\\/www.organisator.ch\\\/#organization\",\"name\":\"Organisator\",\"url\":\"https:\\\/\\\/www.organisator.ch\\\/\",\"logo\":{\"@type\":\"ImageObject\",\"inLanguage\":\"en-US\",\"@id\":\"https:\\\/\\\/www.organisator.ch\\\/#\\\/schema\\\/logo\\\/image\\\/\",\"url\":\"https:\\\/\\\/www.organisator.ch\\\/wp-content\\\/uploads\\\/2022\\\/01\\\/Logo_Organisator_Website.png\",\"contentUrl\":\"https:\\\/\\\/www.organisator.ch\\\/wp-content\\\/uploads\\\/2022\\\/01\\\/Logo_Organisator_Website.png\",\"width\":800,\"height\":77,\"caption\":\"Organisator\"},\"image\":{\"@id\":\"https:\\\/\\\/www.organisator.ch\\\/#\\\/schema\\\/logo\\\/image\\\/\"},\"sameAs\":[\"https:\\\/\\\/www.facebook.com\\\/OrganisatorFachmagazin\",\"https:\\\/\\\/www.linkedin.com\\\/showcase\\\/organisator-das-magazin-fr-kmu\",\"https:\\\/\\\/www.xing.com\\\/news\\\/pages\\\/organisator-ch-695\",\"https:\\\/\\\/www.youtube.com\\\/channel\\\/UCGP2Sq0iWaZwT3BdIAQFYpw\"]},{\"@type\":\"Person\",\"@id\":\"https:\\\/\\\/www.organisator.ch\\\/#\\\/schema\\\/person\\\/4e51799071cd2dd1232ac003643ef5f0\",\"name\":\"galledia\",\"image\":{\"@type\":\"ImageObject\",\"inLanguage\":\"en-US\",\"@id\":\"https:\\\/\\\/secure.gravatar.com\\\/avatar\\\/78a7f90c01fc2bfc875782a0d4922b37cde2cf184ce347b91316d23cd7f69a36?s=96&d=mm&r=g\",\"url\":\"https:\\\/\\\/secure.gravatar.com\\\/avatar\\\/78a7f90c01fc2bfc875782a0d4922b37cde2cf184ce347b91316d23cd7f69a36?s=96&d=mm&r=g\",\"contentUrl\":\"https:\\\/\\\/secure.gravatar.com\\\/avatar\\\/78a7f90c01fc2bfc875782a0d4922b37cde2cf184ce347b91316d23cd7f69a36?s=96&d=mm&r=g\",\"caption\":\"galledia\"},\"sameAs\":[\"https:\\\/\\\/x.com\\\/admin\"],\"url\":\"https:\\\/\\\/www.organisator.ch\\\/en\\\/author\\\/galledia\\\/\"}]}<\/script>\n<!-- \/ Yoast SEO plugin. -->","yoast_head_json":{"title":"Publicis launches \"Luxe\" hubs in Geneva and Zurich - Organizer","description":"Publicis Luxe expands in Zurich &amp; Geneva and supports luxury brands with creative strategies and digital solutions.","robots":{"index":"index","follow":"follow","max-snippet":"max-snippet:-1","max-image-preview":"max-image-preview:large","max-video-preview":"max-video-preview:-1"},"canonical":"https:\/\/www.organisator.ch\/en\/marketing\/2025-02-18\/publicis-lanciert-luxe-hubs-in-genf-und-zuerich\/","og_locale":"en_US","og_type":"article","og_title":"Publicis lanciert \u00abLuxe\u00bb-Hubs in Genf und Z\u00fcrich - Organisator","og_description":"Publicis Luxe expandiert in Z\u00fcrich & Genf und unterst\u00fctzt Luxusmarken mit kreativen Strategien und digitalen L\u00f6sungen.","og_url":"https:\/\/www.organisator.ch\/en\/marketing\/2025-02-18\/publicis-lanciert-luxe-hubs-in-genf-und-zuerich\/","og_site_name":"Organisator","article_publisher":"https:\/\/www.facebook.com\/OrganisatorFachmagazin","article_published_time":"2025-02-18T12:20:18+00:00","article_modified_time":"2025-02-18T12:26:01+00:00","author":"galledia","twitter_card":"summary_large_image","twitter_creator":"@admin","schema":{"@context":"https:\/\/schema.org","@graph":[{"@type":"Article","@id":"https:\/\/www.organisator.ch\/marketing\/2025-02-18\/publicis-lanciert-luxe-hubs-in-genf-und-zuerich\/#article","isPartOf":{"@id":"https:\/\/www.organisator.ch\/marketing\/2025-02-18\/publicis-lanciert-luxe-hubs-in-genf-und-zuerich\/"},"author":{"name":"galledia","@id":"https:\/\/www.organisator.ch\/#\/schema\/person\/4e51799071cd2dd1232ac003643ef5f0"},"headline":"Publicis lanciert \u00abLuxe\u00bb-Hubs in Genf und Z\u00fcrich","datePublished":"2025-02-18T12:20:18+00:00","dateModified":"2025-02-18T12:26:01+00:00","mainEntityOfPage":{"@id":"https:\/\/www.organisator.ch\/marketing\/2025-02-18\/publicis-lanciert-luxe-hubs-in-genf-und-zuerich\/"},"wordCount":399,"publisher":{"@id":"https:\/\/www.organisator.ch\/#organization"},"image":{"@id":"https:\/\/www.organisator.ch\/marketing\/2025-02-18\/publicis-lanciert-luxe-hubs-in-genf-und-zuerich\/#primaryimage"},"thumbnailUrl":"https:\/\/www.markt-kom.com\/wp-content\/uploads\/2025\/02\/Pub_LUXE_Switzerland_Team.jpg","keywords":["Business","Publicis Groupe","Publicis Luxe"],"articleSection":["MARKETING"],"inLanguage":"en-US"},{"@type":"WebPage","@id":"https:\/\/www.organisator.ch\/marketing\/2025-02-18\/publicis-lanciert-luxe-hubs-in-genf-und-zuerich\/","url":"https:\/\/www.organisator.ch\/marketing\/2025-02-18\/publicis-lanciert-luxe-hubs-in-genf-und-zuerich\/","name":"Publicis launches \"Luxe\" hubs in Geneva and Zurich - Organizer","isPartOf":{"@id":"https:\/\/www.organisator.ch\/#website"},"primaryImageOfPage":{"@id":"https:\/\/www.organisator.ch\/marketing\/2025-02-18\/publicis-lanciert-luxe-hubs-in-genf-und-zuerich\/#primaryimage"},"image":{"@id":"https:\/\/www.organisator.ch\/marketing\/2025-02-18\/publicis-lanciert-luxe-hubs-in-genf-und-zuerich\/#primaryimage"},"thumbnailUrl":"https:\/\/www.markt-kom.com\/wp-content\/uploads\/2025\/02\/Pub_LUXE_Switzerland_Team.jpg","datePublished":"2025-02-18T12:20:18+00:00","dateModified":"2025-02-18T12:26:01+00:00","description":"Publicis Luxe expands in Zurich &amp; Geneva and supports luxury brands with creative strategies and digital solutions.","breadcrumb":{"@id":"https:\/\/www.organisator.ch\/marketing\/2025-02-18\/publicis-lanciert-luxe-hubs-in-genf-und-zuerich\/#breadcrumb"},"inLanguage":"en-US","potentialAction":[{"@type":"ReadAction","target":["https:\/\/www.organisator.ch\/marketing\/2025-02-18\/publicis-lanciert-luxe-hubs-in-genf-und-zuerich\/"]}]},{"@type":"ImageObject","inLanguage":"en-US","@id":"https:\/\/www.organisator.ch\/marketing\/2025-02-18\/publicis-lanciert-luxe-hubs-in-genf-und-zuerich\/#primaryimage","url":"https:\/\/www.markt-kom.com\/wp-content\/uploads\/2025\/02\/Pub_LUXE_Switzerland_Team.jpg","contentUrl":"https:\/\/www.markt-kom.com\/wp-content\/uploads\/2025\/02\/Pub_LUXE_Switzerland_Team.jpg"},{"@type":"BreadcrumbList","@id":"https:\/\/www.organisator.ch\/marketing\/2025-02-18\/publicis-lanciert-luxe-hubs-in-genf-und-zuerich\/#breadcrumb","itemListElement":[{"@type":"ListItem","position":1,"name":"Home","item":"https:\/\/www.organisator.ch\/"},{"@type":"ListItem","position":2,"name":"Publicis lanciert \u00abLuxe\u00bb-Hubs in Genf und Z\u00fcrich"}]},{"@type":"WebSite","@id":"https:\/\/www.organisator.ch\/#website","url":"https:\/\/www.organisator.ch\/","name":"Organizer","description":"Competent. Practical. In 10 issues per year, ORGANISATOR presents the essential topics for managers of SMEs.","publisher":{"@id":"https:\/\/www.organisator.ch\/#organization"},"potentialAction":[{"@type":"SearchAction","target":{"@type":"EntryPoint","urlTemplate":"https:\/\/www.organisator.ch\/?s={search_term_string}"},"query-input":{"@type":"PropertyValueSpecification","valueRequired":true,"valueName":"search_term_string"}}],"inLanguage":"en-US"},{"@type":"Organization","@id":"https:\/\/www.organisator.ch\/#organization","name":"Organizer","url":"https:\/\/www.organisator.ch\/","logo":{"@type":"ImageObject","inLanguage":"en-US","@id":"https:\/\/www.organisator.ch\/#\/schema\/logo\/image\/","url":"https:\/\/www.organisator.ch\/wp-content\/uploads\/2022\/01\/Logo_Organisator_Website.png","contentUrl":"https:\/\/www.organisator.ch\/wp-content\/uploads\/2022\/01\/Logo_Organisator_Website.png","width":800,"height":77,"caption":"Organisator"},"image":{"@id":"https:\/\/www.organisator.ch\/#\/schema\/logo\/image\/"},"sameAs":["https:\/\/www.facebook.com\/OrganisatorFachmagazin","https:\/\/www.linkedin.com\/showcase\/organisator-das-magazin-fr-kmu","https:\/\/www.xing.com\/news\/pages\/organisator-ch-695","https:\/\/www.youtube.com\/channel\/UCGP2Sq0iWaZwT3BdIAQFYpw"]},{"@type":"Person","@id":"https:\/\/www.organisator.ch\/#\/schema\/person\/4e51799071cd2dd1232ac003643ef5f0","name":"galledia","image":{"@type":"ImageObject","inLanguage":"en-US","@id":"https:\/\/secure.gravatar.com\/avatar\/78a7f90c01fc2bfc875782a0d4922b37cde2cf184ce347b91316d23cd7f69a36?s=96&d=mm&r=g","url":"https:\/\/secure.gravatar.com\/avatar\/78a7f90c01fc2bfc875782a0d4922b37cde2cf184ce347b91316d23cd7f69a36?s=96&d=mm&r=g","contentUrl":"https:\/\/secure.gravatar.com\/avatar\/78a7f90c01fc2bfc875782a0d4922b37cde2cf184ce347b91316d23cd7f69a36?s=96&d=mm&r=g","caption":"galledia"},"sameAs":["https:\/\/x.com\/admin"],"url":"https:\/\/www.organisator.ch\/en\/author\/galledia\/"}]}},"_links":{"self":[{"href":"https:\/\/www.organisator.ch\/en\/wp-json\/wp\/v2\/posts\/36051","targetHints":{"allow":["GET"]}}],"collection":[{"href":"https:\/\/www.organisator.ch\/en\/wp-json\/wp\/v2\/posts"}],"about":[{"href":"https:\/\/www.organisator.ch\/en\/wp-json\/wp\/v2\/types\/post"}],"author":[{"embeddable":true,"href":"https:\/\/www.organisator.ch\/en\/wp-json\/wp\/v2\/users\/8"}],"replies":[{"embeddable":true,"href":"https:\/\/www.organisator.ch\/en\/wp-json\/wp\/v2\/comments?post=36051"}],"version-history":[{"count":4,"href":"https:\/\/www.organisator.ch\/en\/wp-json\/wp\/v2\/posts\/36051\/revisions"}],"predecessor-version":[{"id":36056,"href":"https:\/\/www.organisator.ch\/en\/wp-json\/wp\/v2\/posts\/36051\/revisions\/36056"}],"wp:attachment":[{"href":"https:\/\/www.organisator.ch\/en\/wp-json\/wp\/v2\/media?parent=36051"}],"wp:term":[{"taxonomy":"category","embeddable":true,"href":"https:\/\/www.organisator.ch\/en\/wp-json\/wp\/v2\/categories?post=36051"},{"taxonomy":"post_tag","embeddable":true,"href":"https:\/\/www.organisator.ch\/en\/wp-json\/wp\/v2\/tags?post=36051"}],"curies":[{"name":"wp","href":"https:\/\/api.w.org\/{rel}","templated":true}]}}