{"id":36100,"date":"2025-02-20T08:05:25","date_gmt":"2025-02-20T07:05:25","guid":{"rendered":"https:\/\/www.markt-kom.com\/?p=230759"},"modified":"2025-02-20T08:00:17","modified_gmt":"2025-02-20T07:00:17","slug":"xaver-award-wird-2025-erstmals-in-bern-ausgetragen","status":"publish","type":"post","link":"https:\/\/www.organisator.ch\/en\/marketing\/2025-02-20\/xaver-award-wird-2025-erstmals-in-bern-ausgetragen\/","title":{"rendered":"Xaver Award to be held in Bern for the first time in 2025"},"content":{"rendered":"<figure id=\"attachment_230760\" class=\"wp-caption aligncenter\" style=\"width: 1200px;\" aria-describedby=\"caption-attachment-230760\"><a href=\"https:\/\/www.markt-kom.com\/wp-content\/uploads\/2025\/02\/xaver-award-2024_0.jpg\"><img class=\"size-full wp-image-230760\" src=\"https:\/\/www.markt-kom.com\/wp-content\/uploads\/2025\/02\/xaver-award-2024_0.jpg\" sizes=\"(max-width: 1200px) 100vw, 1200px\" srcset=\"https:\/\/www.markt-kom.com\/wp-content\/uploads\/2025\/02\/xaver-award-2024_0.jpg 1200w, https:\/\/www.markt-kom.com\/wp-content\/uploads\/2025\/02\/xaver-award-2024_0-600x338.jpg 600w, https:\/\/www.markt-kom.com\/wp-content\/uploads\/2025\/02\/xaver-award-2024_0-1024x576.jpg 1024w, https:\/\/www.markt-kom.com\/wp-content\/uploads\/2025\/02\/xaver-award-2024_0-768x432.jpg 768w, https:\/\/www.markt-kom.com\/wp-content\/uploads\/2025\/02\/xaver-award-2024_0-18x10.jpg 18w, https:\/\/www.markt-kom.com\/wp-content\/uploads\/2025\/02\/xaver-award-2024_0-311x175.jpg 311w, https:\/\/www.markt-kom.com\/wp-content\/uploads\/2025\/02\/xaver-award-2024_0-622x350.jpg 622w, https:\/\/www.markt-kom.com\/wp-content\/uploads\/2025\/02\/xaver-award-2024_0-1000x563.jpg 1000w\" alt=\"\" width=\"1200\" height=\"675\" \/><\/a>\r\n<figcaption id=\"caption-attachment-230760\" class=\"wp-caption-text\">Impressions of last year's Xaver Award, back then still in Zurich. (Picture: zVg.)<\/figcaption>\r\n<\/figure>\r\n<p>On September 9, 2025, the most innovative and outstanding projects in the Swiss LiveCom industry will be honored. The aim is to make the best live communication measures of the past year known to a broad public. The awards are presented by the industry association Swiss LiveCom Association Expo Event, which has been committed to promoting the interests of the industry for many years. Projects can be submitted by event agencies, exhibition companies, promotion agencies, suppliers, exhibition venues, locations and sponsoring agencies. Special Earlybird conditions are still available until March 17.<\/p>\r\n<p><strong>Additional category and new jury members <\/strong><\/p>\r\n<p>In total, Xaver Awards in gold, silver or bronze will be presented in the eight categories Best Corporate Event, Best Consumer \/ POS Event, Best Efficiency Project, Best Expo Project, Best Brandworlds &amp; Temporary Installations and Exhibitions, Best Public Event and Best Exhibition Stand.<\/p>\r\n<p>The new \"Best Exhibition Stand\" category focuses on the individual exhibition stand: it honors creative and strategically well thought-out solutions that maximize the impact of a brand or product in a small space. In addition, the community selects the winner(s) of the Public Xaver in an online vote. The Lifetime Achievement Xaver Award will also be presented: the winner will be announced in the run-up to the award ceremony.<\/p>\r\n<p>This year's jury includes President Dany Waldner from Waldner Partner, Andrea Meier from Swisscom, Nadine Imboden and Maximilian Souchay from Live Lab. New members are C\u00e9dric Schlosser from MYI Entertainment and Iwan Funk from Bellprat Partner. \"With their expertise in digital activation and gamification, C\u00e9dric Schlosser and Iwan Funk will provide us with valuable insights,\" explains Dany Waldner. Mauro Testerini and Norbert Egli are no longer taking part. The judging will take place on June 3 and 4, 2025 in the Hallenstadion.<\/p>\r\n<p><strong>Big stage for the Xaver <\/strong><\/p>\r\n<p>This year, the award ceremony will take place for the first time in the new festival hall on the Bernexpo site in Bern. This will open on April 25, 2025 as part of the BEA spring trade fair, heralding a new era of events in the federal city. \"After holding the Xaver Award in Zurich for around two decades, we are very much looking forward to this move to Bern, which will also strengthen our proximity to French-speaking Switzerland. It is an honor for us to be one of the first events to be hosted in the new Festhalle. After all, it is not just Bern that benefits from the appeal of this impressive event platform, but the entire Swiss event industry,\" explains Expo Event President Christian K\u00fcnzli.<\/p>","protected":false},"excerpt":{"rendered":"<p>New location, new category, new jury members: this year's Xaver Award on September 9, 2025 will be a little different. The award ceremony will take place for the first time in Bern in the new Festhalle. The deadline for submissions is the end of April 2025.<\/p>","protected":false},"author":8,"featured_media":0,"comment_status":"closed","ping_status":"closed","sticky":false,"template":"","format":"standard","meta":{"_acf_changed":false,"_yoast_wpseo_focuskw":"Xaver-Award 2025","_yoast_wpseo_metadesc":"Der Xaver-Award 2025 bringt Neuerungen: neue Location in Bern, neue Kategorie & Jury. Jetzt Projekte einreichen & Earlybird nutzen!","articlekey":"","footnotes":""},"categories":[29],"tags":[66,3357,4402],"class_list":["post-36100","post","type-post","status-publish","format-standard","hentry","category-marketing","tag-awards","tag-live-kommunikation","tag-xaver"],"acf":[],"yoast_head":"<!-- This site is optimized with the Yoast SEO plugin v27.5 - https:\/\/yoast.com\/product\/yoast-seo-wordpress\/ -->\n<title>Xaver-Award wird 2025 erstmals in Bern ausgetragen - Organisator<\/title>\n<meta name=\"description\" content=\"Der Xaver-Award 2025 bringt Neuerungen: neue Location in Bern, neue Kategorie &amp; Jury. Jetzt Projekte einreichen &amp; Earlybird nutzen!\" \/>\n<meta name=\"robots\" content=\"index, follow, max-snippet:-1, max-image-preview:large, max-video-preview:-1\" \/>\n<link rel=\"canonical\" href=\"https:\/\/www.organisator.ch\/en\/marketing\/2025-02-20\/xaver-award-wird-2025-erstmals-in-bern-ausgetragen\/\" \/>\n<meta property=\"og:locale\" content=\"en_US\" \/>\n<meta property=\"og:type\" content=\"article\" \/>\n<meta property=\"og:title\" content=\"Xaver-Award wird 2025 erstmals in Bern ausgetragen - Organisator\" \/>\n<meta property=\"og:description\" content=\"Der Xaver-Award 2025 bringt Neuerungen: neue Location in Bern, neue Kategorie &amp; Jury. Jetzt Projekte einreichen &amp; Earlybird nutzen!\" \/>\n<meta property=\"og:url\" content=\"https:\/\/www.organisator.ch\/en\/marketing\/2025-02-20\/xaver-award-wird-2025-erstmals-in-bern-ausgetragen\/\" \/>\n<meta property=\"og:site_name\" content=\"Organisator\" \/>\n<meta property=\"article:publisher\" content=\"https:\/\/www.facebook.com\/OrganisatorFachmagazin\" \/>\n<meta property=\"article:published_time\" content=\"2025-02-20T07:05:25+00:00\" \/>\n<meta name=\"author\" content=\"galledia\" \/>\n<meta name=\"twitter:card\" content=\"summary_large_image\" \/>\n<meta name=\"twitter:creator\" content=\"@admin\" \/>\n<script type=\"application\/ld+json\" class=\"yoast-schema-graph\">{\"@context\":\"https:\\\/\\\/schema.org\",\"@graph\":[{\"@type\":\"Article\",\"@id\":\"https:\\\/\\\/www.organisator.ch\\\/marketing\\\/2025-02-20\\\/xaver-award-wird-2025-erstmals-in-bern-ausgetragen\\\/#article\",\"isPartOf\":{\"@id\":\"https:\\\/\\\/www.organisator.ch\\\/marketing\\\/2025-02-20\\\/xaver-award-wird-2025-erstmals-in-bern-ausgetragen\\\/\"},\"author\":{\"name\":\"galledia\",\"@id\":\"https:\\\/\\\/www.organisator.ch\\\/#\\\/schema\\\/person\\\/4e51799071cd2dd1232ac003643ef5f0\"},\"headline\":\"Xaver-Award wird 2025 erstmals in Bern ausgetragen\",\"datePublished\":\"2025-02-20T07:05:25+00:00\",\"mainEntityOfPage\":{\"@id\":\"https:\\\/\\\/www.organisator.ch\\\/marketing\\\/2025-02-20\\\/xaver-award-wird-2025-erstmals-in-bern-ausgetragen\\\/\"},\"wordCount\":411,\"publisher\":{\"@id\":\"https:\\\/\\\/www.organisator.ch\\\/#organization\"},\"image\":{\"@id\":\"https:\\\/\\\/www.organisator.ch\\\/marketing\\\/2025-02-20\\\/xaver-award-wird-2025-erstmals-in-bern-ausgetragen\\\/#primaryimage\"},\"thumbnailUrl\":\"https:\\\/\\\/www.markt-kom.com\\\/wp-content\\\/uploads\\\/2025\\\/02\\\/xaver-award-2024_0.jpg\",\"keywords\":[\"Awards\",\"Live-Kommunikation\",\"Xaver\"],\"articleSection\":[\"MARKETING\"],\"inLanguage\":\"en-US\"},{\"@type\":\"WebPage\",\"@id\":\"https:\\\/\\\/www.organisator.ch\\\/marketing\\\/2025-02-20\\\/xaver-award-wird-2025-erstmals-in-bern-ausgetragen\\\/\",\"url\":\"https:\\\/\\\/www.organisator.ch\\\/marketing\\\/2025-02-20\\\/xaver-award-wird-2025-erstmals-in-bern-ausgetragen\\\/\",\"name\":\"Xaver-Award wird 2025 erstmals in Bern ausgetragen - Organisator\",\"isPartOf\":{\"@id\":\"https:\\\/\\\/www.organisator.ch\\\/#website\"},\"primaryImageOfPage\":{\"@id\":\"https:\\\/\\\/www.organisator.ch\\\/marketing\\\/2025-02-20\\\/xaver-award-wird-2025-erstmals-in-bern-ausgetragen\\\/#primaryimage\"},\"image\":{\"@id\":\"https:\\\/\\\/www.organisator.ch\\\/marketing\\\/2025-02-20\\\/xaver-award-wird-2025-erstmals-in-bern-ausgetragen\\\/#primaryimage\"},\"thumbnailUrl\":\"https:\\\/\\\/www.markt-kom.com\\\/wp-content\\\/uploads\\\/2025\\\/02\\\/xaver-award-2024_0.jpg\",\"datePublished\":\"2025-02-20T07:05:25+00:00\",\"description\":\"Der Xaver-Award 2025 bringt Neuerungen: neue Location in Bern, neue Kategorie & Jury. Jetzt Projekte einreichen & Earlybird nutzen!\",\"breadcrumb\":{\"@id\":\"https:\\\/\\\/www.organisator.ch\\\/marketing\\\/2025-02-20\\\/xaver-award-wird-2025-erstmals-in-bern-ausgetragen\\\/#breadcrumb\"},\"inLanguage\":\"en-US\",\"potentialAction\":[{\"@type\":\"ReadAction\",\"target\":[\"https:\\\/\\\/www.organisator.ch\\\/marketing\\\/2025-02-20\\\/xaver-award-wird-2025-erstmals-in-bern-ausgetragen\\\/\"]}]},{\"@type\":\"ImageObject\",\"inLanguage\":\"en-US\",\"@id\":\"https:\\\/\\\/www.organisator.ch\\\/marketing\\\/2025-02-20\\\/xaver-award-wird-2025-erstmals-in-bern-ausgetragen\\\/#primaryimage\",\"url\":\"https:\\\/\\\/www.markt-kom.com\\\/wp-content\\\/uploads\\\/2025\\\/02\\\/xaver-award-2024_0.jpg\",\"contentUrl\":\"https:\\\/\\\/www.markt-kom.com\\\/wp-content\\\/uploads\\\/2025\\\/02\\\/xaver-award-2024_0.jpg\"},{\"@type\":\"BreadcrumbList\",\"@id\":\"https:\\\/\\\/www.organisator.ch\\\/marketing\\\/2025-02-20\\\/xaver-award-wird-2025-erstmals-in-bern-ausgetragen\\\/#breadcrumb\",\"itemListElement\":[{\"@type\":\"ListItem\",\"position\":1,\"name\":\"Home\",\"item\":\"https:\\\/\\\/www.organisator.ch\\\/\"},{\"@type\":\"ListItem\",\"position\":2,\"name\":\"Xaver-Award wird 2025 erstmals in Bern ausgetragen\"}]},{\"@type\":\"WebSite\",\"@id\":\"https:\\\/\\\/www.organisator.ch\\\/#website\",\"url\":\"https:\\\/\\\/www.organisator.ch\\\/\",\"name\":\"Organisator\",\"description\":\"Kompetent. Praxisnah. Der ORGANISATOR bereitet in 10 Ausgaben pro Jahr die wesentlichen Themen f\u00fcr F\u00fchrungskr\u00e4fte von KMU auf.\",\"publisher\":{\"@id\":\"https:\\\/\\\/www.organisator.ch\\\/#organization\"},\"potentialAction\":[{\"@type\":\"SearchAction\",\"target\":{\"@type\":\"EntryPoint\",\"urlTemplate\":\"https:\\\/\\\/www.organisator.ch\\\/?s={search_term_string}\"},\"query-input\":{\"@type\":\"PropertyValueSpecification\",\"valueRequired\":true,\"valueName\":\"search_term_string\"}}],\"inLanguage\":\"en-US\"},{\"@type\":\"Organization\",\"@id\":\"https:\\\/\\\/www.organisator.ch\\\/#organization\",\"name\":\"Organisator\",\"url\":\"https:\\\/\\\/www.organisator.ch\\\/\",\"logo\":{\"@type\":\"ImageObject\",\"inLanguage\":\"en-US\",\"@id\":\"https:\\\/\\\/www.organisator.ch\\\/#\\\/schema\\\/logo\\\/image\\\/\",\"url\":\"https:\\\/\\\/www.organisator.ch\\\/wp-content\\\/uploads\\\/2022\\\/01\\\/Logo_Organisator_Website.png\",\"contentUrl\":\"https:\\\/\\\/www.organisator.ch\\\/wp-content\\\/uploads\\\/2022\\\/01\\\/Logo_Organisator_Website.png\",\"width\":800,\"height\":77,\"caption\":\"Organisator\"},\"image\":{\"@id\":\"https:\\\/\\\/www.organisator.ch\\\/#\\\/schema\\\/logo\\\/image\\\/\"},\"sameAs\":[\"https:\\\/\\\/www.facebook.com\\\/OrganisatorFachmagazin\",\"https:\\\/\\\/www.linkedin.com\\\/showcase\\\/organisator-das-magazin-fr-kmu\",\"https:\\\/\\\/www.xing.com\\\/news\\\/pages\\\/organisator-ch-695\",\"https:\\\/\\\/www.youtube.com\\\/channel\\\/UCGP2Sq0iWaZwT3BdIAQFYpw\"]},{\"@type\":\"Person\",\"@id\":\"https:\\\/\\\/www.organisator.ch\\\/#\\\/schema\\\/person\\\/4e51799071cd2dd1232ac003643ef5f0\",\"name\":\"galledia\",\"image\":{\"@type\":\"ImageObject\",\"inLanguage\":\"en-US\",\"@id\":\"https:\\\/\\\/secure.gravatar.com\\\/avatar\\\/78a7f90c01fc2bfc875782a0d4922b37cde2cf184ce347b91316d23cd7f69a36?s=96&d=mm&r=g\",\"url\":\"https:\\\/\\\/secure.gravatar.com\\\/avatar\\\/78a7f90c01fc2bfc875782a0d4922b37cde2cf184ce347b91316d23cd7f69a36?s=96&d=mm&r=g\",\"contentUrl\":\"https:\\\/\\\/secure.gravatar.com\\\/avatar\\\/78a7f90c01fc2bfc875782a0d4922b37cde2cf184ce347b91316d23cd7f69a36?s=96&d=mm&r=g\",\"caption\":\"galledia\"},\"sameAs\":[\"https:\\\/\\\/x.com\\\/admin\"],\"url\":\"https:\\\/\\\/www.organisator.ch\\\/en\\\/author\\\/galledia\\\/\"}]}<\/script>\n<!-- \/ Yoast SEO plugin. -->","yoast_head_json":{"title":"Xaver Award to be held in Bern for the first time in 2025 - organizer","description":"The Xaver Award 2025 brings innovations: new location in Bern, new category &amp; jury. Submit projects now &amp; use Earlybird!","robots":{"index":"index","follow":"follow","max-snippet":"max-snippet:-1","max-image-preview":"max-image-preview:large","max-video-preview":"max-video-preview:-1"},"canonical":"https:\/\/www.organisator.ch\/en\/marketing\/2025-02-20\/xaver-award-wird-2025-erstmals-in-bern-ausgetragen\/","og_locale":"en_US","og_type":"article","og_title":"Xaver-Award wird 2025 erstmals in Bern ausgetragen - Organisator","og_description":"Der Xaver-Award 2025 bringt Neuerungen: neue Location in Bern, neue Kategorie & Jury. Jetzt Projekte einreichen & Earlybird nutzen!","og_url":"https:\/\/www.organisator.ch\/en\/marketing\/2025-02-20\/xaver-award-wird-2025-erstmals-in-bern-ausgetragen\/","og_site_name":"Organisator","article_publisher":"https:\/\/www.facebook.com\/OrganisatorFachmagazin","article_published_time":"2025-02-20T07:05:25+00:00","author":"galledia","twitter_card":"summary_large_image","twitter_creator":"@admin","schema":{"@context":"https:\/\/schema.org","@graph":[{"@type":"Article","@id":"https:\/\/www.organisator.ch\/marketing\/2025-02-20\/xaver-award-wird-2025-erstmals-in-bern-ausgetragen\/#article","isPartOf":{"@id":"https:\/\/www.organisator.ch\/marketing\/2025-02-20\/xaver-award-wird-2025-erstmals-in-bern-ausgetragen\/"},"author":{"name":"galledia","@id":"https:\/\/www.organisator.ch\/#\/schema\/person\/4e51799071cd2dd1232ac003643ef5f0"},"headline":"Xaver-Award wird 2025 erstmals in Bern ausgetragen","datePublished":"2025-02-20T07:05:25+00:00","mainEntityOfPage":{"@id":"https:\/\/www.organisator.ch\/marketing\/2025-02-20\/xaver-award-wird-2025-erstmals-in-bern-ausgetragen\/"},"wordCount":411,"publisher":{"@id":"https:\/\/www.organisator.ch\/#organization"},"image":{"@id":"https:\/\/www.organisator.ch\/marketing\/2025-02-20\/xaver-award-wird-2025-erstmals-in-bern-ausgetragen\/#primaryimage"},"thumbnailUrl":"https:\/\/www.markt-kom.com\/wp-content\/uploads\/2025\/02\/xaver-award-2024_0.jpg","keywords":["Awards","Live-Kommunikation","Xaver"],"articleSection":["MARKETING"],"inLanguage":"en-US"},{"@type":"WebPage","@id":"https:\/\/www.organisator.ch\/marketing\/2025-02-20\/xaver-award-wird-2025-erstmals-in-bern-ausgetragen\/","url":"https:\/\/www.organisator.ch\/marketing\/2025-02-20\/xaver-award-wird-2025-erstmals-in-bern-ausgetragen\/","name":"Xaver Award to be held in Bern for the first time in 2025 - organizer","isPartOf":{"@id":"https:\/\/www.organisator.ch\/#website"},"primaryImageOfPage":{"@id":"https:\/\/www.organisator.ch\/marketing\/2025-02-20\/xaver-award-wird-2025-erstmals-in-bern-ausgetragen\/#primaryimage"},"image":{"@id":"https:\/\/www.organisator.ch\/marketing\/2025-02-20\/xaver-award-wird-2025-erstmals-in-bern-ausgetragen\/#primaryimage"},"thumbnailUrl":"https:\/\/www.markt-kom.com\/wp-content\/uploads\/2025\/02\/xaver-award-2024_0.jpg","datePublished":"2025-02-20T07:05:25+00:00","description":"The Xaver Award 2025 brings innovations: new location in Bern, new category &amp; jury. Submit projects now &amp; use Earlybird!","breadcrumb":{"@id":"https:\/\/www.organisator.ch\/marketing\/2025-02-20\/xaver-award-wird-2025-erstmals-in-bern-ausgetragen\/#breadcrumb"},"inLanguage":"en-US","potentialAction":[{"@type":"ReadAction","target":["https:\/\/www.organisator.ch\/marketing\/2025-02-20\/xaver-award-wird-2025-erstmals-in-bern-ausgetragen\/"]}]},{"@type":"ImageObject","inLanguage":"en-US","@id":"https:\/\/www.organisator.ch\/marketing\/2025-02-20\/xaver-award-wird-2025-erstmals-in-bern-ausgetragen\/#primaryimage","url":"https:\/\/www.markt-kom.com\/wp-content\/uploads\/2025\/02\/xaver-award-2024_0.jpg","contentUrl":"https:\/\/www.markt-kom.com\/wp-content\/uploads\/2025\/02\/xaver-award-2024_0.jpg"},{"@type":"BreadcrumbList","@id":"https:\/\/www.organisator.ch\/marketing\/2025-02-20\/xaver-award-wird-2025-erstmals-in-bern-ausgetragen\/#breadcrumb","itemListElement":[{"@type":"ListItem","position":1,"name":"Home","item":"https:\/\/www.organisator.ch\/"},{"@type":"ListItem","position":2,"name":"Xaver-Award wird 2025 erstmals in Bern ausgetragen"}]},{"@type":"WebSite","@id":"https:\/\/www.organisator.ch\/#website","url":"https:\/\/www.organisator.ch\/","name":"Organizer","description":"Competent. Practical. In 10 issues per year, ORGANISATOR presents the essential topics for managers of SMEs.","publisher":{"@id":"https:\/\/www.organisator.ch\/#organization"},"potentialAction":[{"@type":"SearchAction","target":{"@type":"EntryPoint","urlTemplate":"https:\/\/www.organisator.ch\/?s={search_term_string}"},"query-input":{"@type":"PropertyValueSpecification","valueRequired":true,"valueName":"search_term_string"}}],"inLanguage":"en-US"},{"@type":"Organization","@id":"https:\/\/www.organisator.ch\/#organization","name":"Organizer","url":"https:\/\/www.organisator.ch\/","logo":{"@type":"ImageObject","inLanguage":"en-US","@id":"https:\/\/www.organisator.ch\/#\/schema\/logo\/image\/","url":"https:\/\/www.organisator.ch\/wp-content\/uploads\/2022\/01\/Logo_Organisator_Website.png","contentUrl":"https:\/\/www.organisator.ch\/wp-content\/uploads\/2022\/01\/Logo_Organisator_Website.png","width":800,"height":77,"caption":"Organisator"},"image":{"@id":"https:\/\/www.organisator.ch\/#\/schema\/logo\/image\/"},"sameAs":["https:\/\/www.facebook.com\/OrganisatorFachmagazin","https:\/\/www.linkedin.com\/showcase\/organisator-das-magazin-fr-kmu","https:\/\/www.xing.com\/news\/pages\/organisator-ch-695","https:\/\/www.youtube.com\/channel\/UCGP2Sq0iWaZwT3BdIAQFYpw"]},{"@type":"Person","@id":"https:\/\/www.organisator.ch\/#\/schema\/person\/4e51799071cd2dd1232ac003643ef5f0","name":"galledia","image":{"@type":"ImageObject","inLanguage":"en-US","@id":"https:\/\/secure.gravatar.com\/avatar\/78a7f90c01fc2bfc875782a0d4922b37cde2cf184ce347b91316d23cd7f69a36?s=96&d=mm&r=g","url":"https:\/\/secure.gravatar.com\/avatar\/78a7f90c01fc2bfc875782a0d4922b37cde2cf184ce347b91316d23cd7f69a36?s=96&d=mm&r=g","contentUrl":"https:\/\/secure.gravatar.com\/avatar\/78a7f90c01fc2bfc875782a0d4922b37cde2cf184ce347b91316d23cd7f69a36?s=96&d=mm&r=g","caption":"galledia"},"sameAs":["https:\/\/x.com\/admin"],"url":"https:\/\/www.organisator.ch\/en\/author\/galledia\/"}]}},"_links":{"self":[{"href":"https:\/\/www.organisator.ch\/en\/wp-json\/wp\/v2\/posts\/36100","targetHints":{"allow":["GET"]}}],"collection":[{"href":"https:\/\/www.organisator.ch\/en\/wp-json\/wp\/v2\/posts"}],"about":[{"href":"https:\/\/www.organisator.ch\/en\/wp-json\/wp\/v2\/types\/post"}],"author":[{"embeddable":true,"href":"https:\/\/www.organisator.ch\/en\/wp-json\/wp\/v2\/users\/8"}],"replies":[{"embeddable":true,"href":"https:\/\/www.organisator.ch\/en\/wp-json\/wp\/v2\/comments?post=36100"}],"version-history":[{"count":3,"href":"https:\/\/www.organisator.ch\/en\/wp-json\/wp\/v2\/posts\/36100\/revisions"}],"predecessor-version":[{"id":36216,"href":"https:\/\/www.organisator.ch\/en\/wp-json\/wp\/v2\/posts\/36100\/revisions\/36216"}],"wp:attachment":[{"href":"https:\/\/www.organisator.ch\/en\/wp-json\/wp\/v2\/media?parent=36100"}],"wp:term":[{"taxonomy":"category","embeddable":true,"href":"https:\/\/www.organisator.ch\/en\/wp-json\/wp\/v2\/categories?post=36100"},{"taxonomy":"post_tag","embeddable":true,"href":"https:\/\/www.organisator.ch\/en\/wp-json\/wp\/v2\/tags?post=36100"}],"curies":[{"name":"wp","href":"https:\/\/api.w.org\/{rel}","templated":true}]}}