{"id":36138,"date":"2025-02-20T13:30:27","date_gmt":"2025-02-20T12:30:27","guid":{"rendered":"https:\/\/www.markt-kom.com\/?p=230741"},"modified":"2025-02-20T13:30:57","modified_gmt":"2025-02-20T12:30:57","slug":"sir-mary-lanciert-eigenstaendige-mediaagentur","status":"publish","type":"post","link":"https:\/\/www.organisator.ch\/en\/marketing\/2025-02-20\/sir-mary-lanciert-eigenstaendige-mediaagentur\/","title":{"rendered":"Sir Mary launches independent media agency"},"content":{"rendered":"<p><a href=\"https:\/\/www.markt-kom.com\/wp-content\/uploads\/2025\/02\/SiRMaRY-Media-PM-Preview.jpg\"><img class=\"aligncenter size-full wp-image-230742\" src=\"https:\/\/www.markt-kom.com\/wp-content\/uploads\/2025\/02\/SiRMaRY-Media-PM-Preview.jpg\" sizes=\"(max-width: 510px) 100vw, 510px\" srcset=\"https:\/\/www.markt-kom.com\/wp-content\/uploads\/2025\/02\/SiRMaRY-Media-PM-Preview.jpg 510w, https:\/\/www.markt-kom.com\/wp-content\/uploads\/2025\/02\/SiRMaRY-Media-PM-Preview-18x12.jpg 18w, https:\/\/www.markt-kom.com\/wp-content\/uploads\/2025\/02\/SiRMaRY-Media-PM-Preview-255x175.jpg 255w\" alt=\"\" width=\"510\" height=\"350\" \/><\/a><\/p>\r\n<p>At the beginning of January, Sir Mary Media launched with a 20-strong team and a new management structure. With this expansion, the agency is driving forward its growth and aims to strengthen its position in the area of media strategy, planning and implementation.<\/p>\r\n<p>Sir Mary Media's offering includes specialized 360-degree media solutions from a single source - for TV, digital, (D)OOH, social and audio. The new unit will be headed by an experienced management trio from within the agency's own ranks, who have already been working successfully at the agency for several years and have in-depth expertise in media strategies and campaign management: Vanessa Habisreutinger (Media Operations &amp; Data), Katharina G\u00fcnther (Planning &amp; Consulting) and Fabian Habisreutinger (Strategy &amp; Client) will jointly manage the new agency. All three are long-standing leaders at Sir Mary and have helped shape the agency from the ground up.<\/p>\r\n<p>\"We are the new generation of media agency. Because we understand creation better, we take brands where they work - not where we earn the most,\" explains Vanessa Habisreutinger, Co-Managing Director of Sir Mary Media. \"In recent years, we have been able to win top-class media accounts and continuously expand our offering. We want to meet the growing demand for our media expertise with an independent offering: the launch of Sir Mary Media is the next logical step for us.\"<\/p>\r\n<p>The integrated approach is already being used by clients such as Sunrise, Twint, Ovomaltine and Switzerland Tourism. The pitch wins and campaign successes illustrate the strengths of a holistic media approach: \"Sir Mary Media supports us in creating sustainable brand loyalty and effective engagement through targeted media strategies. The jointly implemented campaigns achieved measurable success thanks to intelligent media solutions and a strong reach strategy,\" says Eva-Maria M\u00f6rtenhuber, Head of Marketing at Twint.<\/p>\r\n<p>Sir Mary intends to remain true to its approach of closely interlinking creation and media in order to realize campaigns that stand out and have a measurable impact. The new set-up should allow the agency to operate more flexibly on the market and win new media budgets for its media services.<\/p>\r\n<hr \/>\r\n<p><a href=\"https:\/\/www.markt-kom.com\/markom\/business\/sir-mary-goes-media-es-hat-uns-schon-lange-unter-den-naegeln-gebrannt\/\" rel=\"noopener\"><em>Read here the <strong>in-depth exclusive interview<\/strong> with Vanessa Habisreutinger, Katharina G\u00fcnther and Fabian Habisreutinger on the idea and strategy behind Sir Mary Media.<\/em><\/a><\/p>","protected":false},"excerpt":{"rendered":"<p>Sir Mary is starting a new era: with immediate effect, the Zurich agency is offering its media services on the market as an independent agency. The new media agency is headed by Vanessa Habisreutinger, Katharina G\u00fcnther and Fabian Habisreutinger. New clients in the portfolio are Twint and Ovomaltine.<\/p>","protected":false},"author":8,"featured_media":0,"comment_status":"closed","ping_status":"closed","sticky":false,"template":"","format":"standard","meta":{"_acf_changed":false,"_yoast_wpseo_focuskw":"Sir Mary Media","_yoast_wpseo_metadesc":"Sir Mary startet mit Sir Mary Media eine eigenst\u00e4ndige Mediaagentur und erweitert ihr Angebot in Mediastrategie, -planung und -umsetzung.","articlekey":"","footnotes":""},"categories":[29],"tags":[4345,2871,5100],"class_list":["post-36138","post","type-post","status-publish","format-standard","hentry","category-marketing","tag-business","tag-sir-mary","tag-sir-mary-media"],"acf":[],"yoast_head":"<!-- This site is optimized with the Yoast SEO plugin v27.5 - https:\/\/yoast.com\/product\/yoast-seo-wordpress\/ -->\n<title>Sir Mary lanciert eigenst\u00e4ndige Mediaagentur - Organisator<\/title>\n<meta name=\"description\" content=\"Sir Mary startet mit Sir Mary Media eine eigenst\u00e4ndige Mediaagentur und erweitert ihr Angebot in Mediastrategie, -planung und -umsetzung.\" \/>\n<meta name=\"robots\" content=\"index, follow, max-snippet:-1, max-image-preview:large, max-video-preview:-1\" \/>\n<link rel=\"canonical\" href=\"https:\/\/www.organisator.ch\/en\/marketing\/2025-02-20\/sir-mary-lanciert-eigenstaendige-mediaagentur\/\" \/>\n<meta property=\"og:locale\" content=\"en_US\" \/>\n<meta property=\"og:type\" content=\"article\" \/>\n<meta property=\"og:title\" content=\"Sir Mary lanciert eigenst\u00e4ndige Mediaagentur - Organisator\" \/>\n<meta property=\"og:description\" content=\"Sir Mary startet mit Sir Mary Media eine eigenst\u00e4ndige Mediaagentur und erweitert ihr Angebot in Mediastrategie, -planung und -umsetzung.\" \/>\n<meta property=\"og:url\" content=\"https:\/\/www.organisator.ch\/en\/marketing\/2025-02-20\/sir-mary-lanciert-eigenstaendige-mediaagentur\/\" \/>\n<meta property=\"og:site_name\" content=\"Organisator\" \/>\n<meta property=\"article:publisher\" content=\"https:\/\/www.facebook.com\/OrganisatorFachmagazin\" \/>\n<meta property=\"article:published_time\" content=\"2025-02-20T12:30:27+00:00\" \/>\n<meta property=\"article:modified_time\" content=\"2025-02-20T12:30:57+00:00\" \/>\n<meta name=\"author\" content=\"galledia\" \/>\n<meta name=\"twitter:card\" content=\"summary_large_image\" \/>\n<meta name=\"twitter:creator\" content=\"@admin\" \/>\n<script type=\"application\/ld+json\" class=\"yoast-schema-graph\">{\"@context\":\"https:\\\/\\\/schema.org\",\"@graph\":[{\"@type\":\"Article\",\"@id\":\"https:\\\/\\\/www.organisator.ch\\\/marketing\\\/2025-02-20\\\/sir-mary-lanciert-eigenstaendige-mediaagentur\\\/#article\",\"isPartOf\":{\"@id\":\"https:\\\/\\\/www.organisator.ch\\\/marketing\\\/2025-02-20\\\/sir-mary-lanciert-eigenstaendige-mediaagentur\\\/\"},\"author\":{\"name\":\"galledia\",\"@id\":\"https:\\\/\\\/www.organisator.ch\\\/#\\\/schema\\\/person\\\/4e51799071cd2dd1232ac003643ef5f0\"},\"headline\":\"Sir Mary lanciert eigenst\u00e4ndige Mediaagentur\",\"datePublished\":\"2025-02-20T12:30:27+00:00\",\"dateModified\":\"2025-02-20T12:30:57+00:00\",\"mainEntityOfPage\":{\"@id\":\"https:\\\/\\\/www.organisator.ch\\\/marketing\\\/2025-02-20\\\/sir-mary-lanciert-eigenstaendige-mediaagentur\\\/\"},\"wordCount\":364,\"publisher\":{\"@id\":\"https:\\\/\\\/www.organisator.ch\\\/#organization\"},\"image\":{\"@id\":\"https:\\\/\\\/www.organisator.ch\\\/marketing\\\/2025-02-20\\\/sir-mary-lanciert-eigenstaendige-mediaagentur\\\/#primaryimage\"},\"thumbnailUrl\":\"https:\\\/\\\/www.markt-kom.com\\\/wp-content\\\/uploads\\\/2025\\\/02\\\/SiRMaRY-Media-PM-Preview.jpg\",\"keywords\":[\"Business\",\"Sir Mary\",\"Sir Mary Media\"],\"articleSection\":[\"MARKETING\"],\"inLanguage\":\"en-US\"},{\"@type\":\"WebPage\",\"@id\":\"https:\\\/\\\/www.organisator.ch\\\/marketing\\\/2025-02-20\\\/sir-mary-lanciert-eigenstaendige-mediaagentur\\\/\",\"url\":\"https:\\\/\\\/www.organisator.ch\\\/marketing\\\/2025-02-20\\\/sir-mary-lanciert-eigenstaendige-mediaagentur\\\/\",\"name\":\"Sir Mary lanciert eigenst\u00e4ndige Mediaagentur - Organisator\",\"isPartOf\":{\"@id\":\"https:\\\/\\\/www.organisator.ch\\\/#website\"},\"primaryImageOfPage\":{\"@id\":\"https:\\\/\\\/www.organisator.ch\\\/marketing\\\/2025-02-20\\\/sir-mary-lanciert-eigenstaendige-mediaagentur\\\/#primaryimage\"},\"image\":{\"@id\":\"https:\\\/\\\/www.organisator.ch\\\/marketing\\\/2025-02-20\\\/sir-mary-lanciert-eigenstaendige-mediaagentur\\\/#primaryimage\"},\"thumbnailUrl\":\"https:\\\/\\\/www.markt-kom.com\\\/wp-content\\\/uploads\\\/2025\\\/02\\\/SiRMaRY-Media-PM-Preview.jpg\",\"datePublished\":\"2025-02-20T12:30:27+00:00\",\"dateModified\":\"2025-02-20T12:30:57+00:00\",\"description\":\"Sir Mary startet mit Sir Mary Media eine eigenst\u00e4ndige Mediaagentur und erweitert ihr Angebot in Mediastrategie, -planung und -umsetzung.\",\"breadcrumb\":{\"@id\":\"https:\\\/\\\/www.organisator.ch\\\/marketing\\\/2025-02-20\\\/sir-mary-lanciert-eigenstaendige-mediaagentur\\\/#breadcrumb\"},\"inLanguage\":\"en-US\",\"potentialAction\":[{\"@type\":\"ReadAction\",\"target\":[\"https:\\\/\\\/www.organisator.ch\\\/marketing\\\/2025-02-20\\\/sir-mary-lanciert-eigenstaendige-mediaagentur\\\/\"]}]},{\"@type\":\"ImageObject\",\"inLanguage\":\"en-US\",\"@id\":\"https:\\\/\\\/www.organisator.ch\\\/marketing\\\/2025-02-20\\\/sir-mary-lanciert-eigenstaendige-mediaagentur\\\/#primaryimage\",\"url\":\"https:\\\/\\\/www.markt-kom.com\\\/wp-content\\\/uploads\\\/2025\\\/02\\\/SiRMaRY-Media-PM-Preview.jpg\",\"contentUrl\":\"https:\\\/\\\/www.markt-kom.com\\\/wp-content\\\/uploads\\\/2025\\\/02\\\/SiRMaRY-Media-PM-Preview.jpg\"},{\"@type\":\"BreadcrumbList\",\"@id\":\"https:\\\/\\\/www.organisator.ch\\\/marketing\\\/2025-02-20\\\/sir-mary-lanciert-eigenstaendige-mediaagentur\\\/#breadcrumb\",\"itemListElement\":[{\"@type\":\"ListItem\",\"position\":1,\"name\":\"Home\",\"item\":\"https:\\\/\\\/www.organisator.ch\\\/\"},{\"@type\":\"ListItem\",\"position\":2,\"name\":\"Sir Mary lanciert eigenst\u00e4ndige Mediaagentur\"}]},{\"@type\":\"WebSite\",\"@id\":\"https:\\\/\\\/www.organisator.ch\\\/#website\",\"url\":\"https:\\\/\\\/www.organisator.ch\\\/\",\"name\":\"Organisator\",\"description\":\"Kompetent. Praxisnah. Der ORGANISATOR bereitet in 10 Ausgaben pro Jahr die wesentlichen Themen f\u00fcr F\u00fchrungskr\u00e4fte von KMU auf.\",\"publisher\":{\"@id\":\"https:\\\/\\\/www.organisator.ch\\\/#organization\"},\"potentialAction\":[{\"@type\":\"SearchAction\",\"target\":{\"@type\":\"EntryPoint\",\"urlTemplate\":\"https:\\\/\\\/www.organisator.ch\\\/?s={search_term_string}\"},\"query-input\":{\"@type\":\"PropertyValueSpecification\",\"valueRequired\":true,\"valueName\":\"search_term_string\"}}],\"inLanguage\":\"en-US\"},{\"@type\":\"Organization\",\"@id\":\"https:\\\/\\\/www.organisator.ch\\\/#organization\",\"name\":\"Organisator\",\"url\":\"https:\\\/\\\/www.organisator.ch\\\/\",\"logo\":{\"@type\":\"ImageObject\",\"inLanguage\":\"en-US\",\"@id\":\"https:\\\/\\\/www.organisator.ch\\\/#\\\/schema\\\/logo\\\/image\\\/\",\"url\":\"https:\\\/\\\/www.organisator.ch\\\/wp-content\\\/uploads\\\/2022\\\/01\\\/Logo_Organisator_Website.png\",\"contentUrl\":\"https:\\\/\\\/www.organisator.ch\\\/wp-content\\\/uploads\\\/2022\\\/01\\\/Logo_Organisator_Website.png\",\"width\":800,\"height\":77,\"caption\":\"Organisator\"},\"image\":{\"@id\":\"https:\\\/\\\/www.organisator.ch\\\/#\\\/schema\\\/logo\\\/image\\\/\"},\"sameAs\":[\"https:\\\/\\\/www.facebook.com\\\/OrganisatorFachmagazin\",\"https:\\\/\\\/www.linkedin.com\\\/showcase\\\/organisator-das-magazin-fr-kmu\",\"https:\\\/\\\/www.xing.com\\\/news\\\/pages\\\/organisator-ch-695\",\"https:\\\/\\\/www.youtube.com\\\/channel\\\/UCGP2Sq0iWaZwT3BdIAQFYpw\"]},{\"@type\":\"Person\",\"@id\":\"https:\\\/\\\/www.organisator.ch\\\/#\\\/schema\\\/person\\\/4e51799071cd2dd1232ac003643ef5f0\",\"name\":\"galledia\",\"image\":{\"@type\":\"ImageObject\",\"inLanguage\":\"en-US\",\"@id\":\"https:\\\/\\\/secure.gravatar.com\\\/avatar\\\/78a7f90c01fc2bfc875782a0d4922b37cde2cf184ce347b91316d23cd7f69a36?s=96&d=mm&r=g\",\"url\":\"https:\\\/\\\/secure.gravatar.com\\\/avatar\\\/78a7f90c01fc2bfc875782a0d4922b37cde2cf184ce347b91316d23cd7f69a36?s=96&d=mm&r=g\",\"contentUrl\":\"https:\\\/\\\/secure.gravatar.com\\\/avatar\\\/78a7f90c01fc2bfc875782a0d4922b37cde2cf184ce347b91316d23cd7f69a36?s=96&d=mm&r=g\",\"caption\":\"galledia\"},\"sameAs\":[\"https:\\\/\\\/x.com\\\/admin\"],\"url\":\"https:\\\/\\\/www.organisator.ch\\\/en\\\/author\\\/galledia\\\/\"}]}<\/script>\n<!-- \/ Yoast SEO plugin. -->","yoast_head_json":{"title":"Sir Mary launches independent media agency - Organizer","description":"Sir Mary launches an independent media agency, Sir Mary Media, and expands its offering in media strategy, planning and implementation.","robots":{"index":"index","follow":"follow","max-snippet":"max-snippet:-1","max-image-preview":"max-image-preview:large","max-video-preview":"max-video-preview:-1"},"canonical":"https:\/\/www.organisator.ch\/en\/marketing\/2025-02-20\/sir-mary-lanciert-eigenstaendige-mediaagentur\/","og_locale":"en_US","og_type":"article","og_title":"Sir Mary lanciert eigenst\u00e4ndige Mediaagentur - Organisator","og_description":"Sir Mary startet mit Sir Mary Media eine eigenst\u00e4ndige Mediaagentur und erweitert ihr Angebot in Mediastrategie, -planung und -umsetzung.","og_url":"https:\/\/www.organisator.ch\/en\/marketing\/2025-02-20\/sir-mary-lanciert-eigenstaendige-mediaagentur\/","og_site_name":"Organisator","article_publisher":"https:\/\/www.facebook.com\/OrganisatorFachmagazin","article_published_time":"2025-02-20T12:30:27+00:00","article_modified_time":"2025-02-20T12:30:57+00:00","author":"galledia","twitter_card":"summary_large_image","twitter_creator":"@admin","schema":{"@context":"https:\/\/schema.org","@graph":[{"@type":"Article","@id":"https:\/\/www.organisator.ch\/marketing\/2025-02-20\/sir-mary-lanciert-eigenstaendige-mediaagentur\/#article","isPartOf":{"@id":"https:\/\/www.organisator.ch\/marketing\/2025-02-20\/sir-mary-lanciert-eigenstaendige-mediaagentur\/"},"author":{"name":"galledia","@id":"https:\/\/www.organisator.ch\/#\/schema\/person\/4e51799071cd2dd1232ac003643ef5f0"},"headline":"Sir Mary lanciert eigenst\u00e4ndige Mediaagentur","datePublished":"2025-02-20T12:30:27+00:00","dateModified":"2025-02-20T12:30:57+00:00","mainEntityOfPage":{"@id":"https:\/\/www.organisator.ch\/marketing\/2025-02-20\/sir-mary-lanciert-eigenstaendige-mediaagentur\/"},"wordCount":364,"publisher":{"@id":"https:\/\/www.organisator.ch\/#organization"},"image":{"@id":"https:\/\/www.organisator.ch\/marketing\/2025-02-20\/sir-mary-lanciert-eigenstaendige-mediaagentur\/#primaryimage"},"thumbnailUrl":"https:\/\/www.markt-kom.com\/wp-content\/uploads\/2025\/02\/SiRMaRY-Media-PM-Preview.jpg","keywords":["Business","Sir Mary","Sir Mary Media"],"articleSection":["MARKETING"],"inLanguage":"en-US"},{"@type":"WebPage","@id":"https:\/\/www.organisator.ch\/marketing\/2025-02-20\/sir-mary-lanciert-eigenstaendige-mediaagentur\/","url":"https:\/\/www.organisator.ch\/marketing\/2025-02-20\/sir-mary-lanciert-eigenstaendige-mediaagentur\/","name":"Sir Mary launches independent media agency - Organizer","isPartOf":{"@id":"https:\/\/www.organisator.ch\/#website"},"primaryImageOfPage":{"@id":"https:\/\/www.organisator.ch\/marketing\/2025-02-20\/sir-mary-lanciert-eigenstaendige-mediaagentur\/#primaryimage"},"image":{"@id":"https:\/\/www.organisator.ch\/marketing\/2025-02-20\/sir-mary-lanciert-eigenstaendige-mediaagentur\/#primaryimage"},"thumbnailUrl":"https:\/\/www.markt-kom.com\/wp-content\/uploads\/2025\/02\/SiRMaRY-Media-PM-Preview.jpg","datePublished":"2025-02-20T12:30:27+00:00","dateModified":"2025-02-20T12:30:57+00:00","description":"Sir Mary launches an independent media agency, Sir Mary Media, and expands its offering in media strategy, planning and implementation.","breadcrumb":{"@id":"https:\/\/www.organisator.ch\/marketing\/2025-02-20\/sir-mary-lanciert-eigenstaendige-mediaagentur\/#breadcrumb"},"inLanguage":"en-US","potentialAction":[{"@type":"ReadAction","target":["https:\/\/www.organisator.ch\/marketing\/2025-02-20\/sir-mary-lanciert-eigenstaendige-mediaagentur\/"]}]},{"@type":"ImageObject","inLanguage":"en-US","@id":"https:\/\/www.organisator.ch\/marketing\/2025-02-20\/sir-mary-lanciert-eigenstaendige-mediaagentur\/#primaryimage","url":"https:\/\/www.markt-kom.com\/wp-content\/uploads\/2025\/02\/SiRMaRY-Media-PM-Preview.jpg","contentUrl":"https:\/\/www.markt-kom.com\/wp-content\/uploads\/2025\/02\/SiRMaRY-Media-PM-Preview.jpg"},{"@type":"BreadcrumbList","@id":"https:\/\/www.organisator.ch\/marketing\/2025-02-20\/sir-mary-lanciert-eigenstaendige-mediaagentur\/#breadcrumb","itemListElement":[{"@type":"ListItem","position":1,"name":"Home","item":"https:\/\/www.organisator.ch\/"},{"@type":"ListItem","position":2,"name":"Sir Mary lanciert eigenst\u00e4ndige Mediaagentur"}]},{"@type":"WebSite","@id":"https:\/\/www.organisator.ch\/#website","url":"https:\/\/www.organisator.ch\/","name":"Organizer","description":"Competent. Practical. In 10 issues per year, ORGANISATOR presents the essential topics for managers of SMEs.","publisher":{"@id":"https:\/\/www.organisator.ch\/#organization"},"potentialAction":[{"@type":"SearchAction","target":{"@type":"EntryPoint","urlTemplate":"https:\/\/www.organisator.ch\/?s={search_term_string}"},"query-input":{"@type":"PropertyValueSpecification","valueRequired":true,"valueName":"search_term_string"}}],"inLanguage":"en-US"},{"@type":"Organization","@id":"https:\/\/www.organisator.ch\/#organization","name":"Organizer","url":"https:\/\/www.organisator.ch\/","logo":{"@type":"ImageObject","inLanguage":"en-US","@id":"https:\/\/www.organisator.ch\/#\/schema\/logo\/image\/","url":"https:\/\/www.organisator.ch\/wp-content\/uploads\/2022\/01\/Logo_Organisator_Website.png","contentUrl":"https:\/\/www.organisator.ch\/wp-content\/uploads\/2022\/01\/Logo_Organisator_Website.png","width":800,"height":77,"caption":"Organisator"},"image":{"@id":"https:\/\/www.organisator.ch\/#\/schema\/logo\/image\/"},"sameAs":["https:\/\/www.facebook.com\/OrganisatorFachmagazin","https:\/\/www.linkedin.com\/showcase\/organisator-das-magazin-fr-kmu","https:\/\/www.xing.com\/news\/pages\/organisator-ch-695","https:\/\/www.youtube.com\/channel\/UCGP2Sq0iWaZwT3BdIAQFYpw"]},{"@type":"Person","@id":"https:\/\/www.organisator.ch\/#\/schema\/person\/4e51799071cd2dd1232ac003643ef5f0","name":"galledia","image":{"@type":"ImageObject","inLanguage":"en-US","@id":"https:\/\/secure.gravatar.com\/avatar\/78a7f90c01fc2bfc875782a0d4922b37cde2cf184ce347b91316d23cd7f69a36?s=96&d=mm&r=g","url":"https:\/\/secure.gravatar.com\/avatar\/78a7f90c01fc2bfc875782a0d4922b37cde2cf184ce347b91316d23cd7f69a36?s=96&d=mm&r=g","contentUrl":"https:\/\/secure.gravatar.com\/avatar\/78a7f90c01fc2bfc875782a0d4922b37cde2cf184ce347b91316d23cd7f69a36?s=96&d=mm&r=g","caption":"galledia"},"sameAs":["https:\/\/x.com\/admin"],"url":"https:\/\/www.organisator.ch\/en\/author\/galledia\/"}]}},"_links":{"self":[{"href":"https:\/\/www.organisator.ch\/en\/wp-json\/wp\/v2\/posts\/36138","targetHints":{"allow":["GET"]}}],"collection":[{"href":"https:\/\/www.organisator.ch\/en\/wp-json\/wp\/v2\/posts"}],"about":[{"href":"https:\/\/www.organisator.ch\/en\/wp-json\/wp\/v2\/types\/post"}],"author":[{"embeddable":true,"href":"https:\/\/www.organisator.ch\/en\/wp-json\/wp\/v2\/users\/8"}],"replies":[{"embeddable":true,"href":"https:\/\/www.organisator.ch\/en\/wp-json\/wp\/v2\/comments?post=36138"}],"version-history":[{"count":5,"href":"https:\/\/www.organisator.ch\/en\/wp-json\/wp\/v2\/posts\/36138\/revisions"}],"predecessor-version":[{"id":36142,"href":"https:\/\/www.organisator.ch\/en\/wp-json\/wp\/v2\/posts\/36138\/revisions\/36142"}],"wp:attachment":[{"href":"https:\/\/www.organisator.ch\/en\/wp-json\/wp\/v2\/media?parent=36138"}],"wp:term":[{"taxonomy":"category","embeddable":true,"href":"https:\/\/www.organisator.ch\/en\/wp-json\/wp\/v2\/categories?post=36138"},{"taxonomy":"post_tag","embeddable":true,"href":"https:\/\/www.organisator.ch\/en\/wp-json\/wp\/v2\/tags?post=36138"}],"curies":[{"name":"wp","href":"https:\/\/api.w.org\/{rel}","templated":true}]}}