{"id":36182,"date":"2025-02-27T01:12:40","date_gmt":"2025-02-27T00:12:40","guid":{"rendered":"https:\/\/www.organisator.ch\/de\/?p=36182"},"modified":"2025-02-27T07:24:02","modified_gmt":"2025-02-27T06:24:02","slug":"mehrwert-durch-trennungen","status":"publish","type":"post","link":"https:\/\/www.organisator.ch\/en\/abo\/2025-02-27\/mehrwert-durch-trennungen\/","title":{"rendered":"Added value through separations"},"content":{"rendered":"<div class=\"swpm-post-not-logged-in-msg\">You need to be logged in to view this content. Please <a class=\"swpm-login-link\" href=\"https:\/\/www.organisator.ch\/login\/\">Log In<\/a>. Not a Member? <a href=\"https:\/\/www.organisator.ch\/shop\/\">Join Us<\/a><\/div>","protected":false},"excerpt":{"rendered":"<p>Separations are rarely easy, but they are an opportunity for growth and sustainable development. If they are well planned and carried out respectfully, they can not only strengthen the corporate culture, but also ensure long-term success.<\/p>","protected":false},"author":1,"featured_media":36181,"comment_status":"closed","ping_status":"closed","sticky":false,"template":"","format":"standard","meta":{"_acf_changed":false,"_yoast_wpseo_focuskw":"Respektvolle Trennungsprozesse","_yoast_wpseo_metadesc":"Trennungen m\u00fcssen nicht schmerzhaft sein. Ein fairer und respektvoller Prozess st\u00e4rkt die Unternehmenskultur und die Arbeitgebermarke.","articlekey":"136515","footnotes":""},"categories":[578,579],"tags":[4417,1760,5108,497,2643],"class_list":["post-36182","post","type-post","status-publish","format-standard","has-post-thumbnail","hentry","category-abo","category-human-resources","tag-erfolg","tag-nachhaltige-entwicklung","tag-trennung","tag-unternehmenskultur","tag-wachstum"],"acf":[],"yoast_head":"<!-- This site is optimized with the Yoast SEO plugin v27.5 - https:\/\/yoast.com\/product\/yoast-seo-wordpress\/ -->\n<title>Mehrwert durch Trennungen - Organisator<\/title>\n<meta name=\"description\" content=\"Trennungen m\u00fcssen nicht schmerzhaft sein. Ein fairer und respektvoller Prozess st\u00e4rkt die Unternehmenskultur und die Arbeitgebermarke.\" \/>\n<meta name=\"robots\" content=\"index, follow, max-snippet:-1, max-image-preview:large, max-video-preview:-1\" \/>\n<link rel=\"canonical\" href=\"https:\/\/www.organisator.ch\/en\/subscription\/2025-02-27\/mehrwert-durch-trennungen\/\" \/>\n<meta property=\"og:locale\" content=\"en_US\" \/>\n<meta property=\"og:type\" content=\"article\" \/>\n<meta property=\"og:title\" content=\"Mehrwert durch Trennungen\" \/>\n<meta property=\"og:description\" content=\"Trennungen m\u00fcssen nicht schmerzhaft sein. Ein fairer und respektvoller Prozess st\u00e4rkt die Unternehmenskultur und die Arbeitgebermarke.\" \/>\n<meta property=\"og:url\" content=\"https:\/\/www.organisator.ch\/en\/subscription\/2025-02-27\/mehrwert-durch-trennungen\/\" \/>\n<meta property=\"og:site_name\" content=\"Organisator\" \/>\n<meta property=\"article:publisher\" content=\"https:\/\/www.facebook.com\/OrganisatorFachmagazin\" \/>\n<meta property=\"article:published_time\" content=\"2025-02-27T00:12:40+00:00\" \/>\n<meta property=\"article:modified_time\" content=\"2025-02-27T06:24:02+00:00\" \/>\n<meta property=\"og:image\" content=\"https:\/\/www.organisator.ch\/wp-content\/uploads\/2025\/02\/HRM_Auftakt_Aufmacherbild_organisator_140304-scaled-e1740637438255.jpg\" \/>\n\t<meta property=\"og:image:width\" content=\"1040\" \/>\n\t<meta property=\"og:image:height\" content=\"1005\" \/>\n\t<meta property=\"og:image:type\" content=\"image\/jpeg\" \/>\n<meta name=\"author\" content=\"admin\" \/>\n<meta name=\"twitter:card\" content=\"summary_large_image\" \/>\n<meta name=\"twitter:title\" content=\"Mehrwert durch Trennungen\" \/>\n<meta name=\"twitter:description\" content=\"#Trennungen m\u00fcssen nicht schmerzhaft sein. Ein fairer und respektvoller Prozess st\u00e4rkt die #Unternehmenskultur und die #Arbeitgebermarke.\" \/>\n<meta name=\"twitter:image\" content=\"https:\/\/www.organisator.ch\/wp-content\/uploads\/2025\/02\/HRM_Auftakt_Aufmacherbild_organisator_140304-scaled-e1740637438255.jpg\" \/>\n<script type=\"application\/ld+json\" class=\"yoast-schema-graph\">{\"@context\":\"https:\\\/\\\/schema.org\",\"@graph\":[{\"@type\":\"Article\",\"@id\":\"https:\\\/\\\/www.organisator.ch\\\/abo\\\/2025-02-27\\\/mehrwert-durch-trennungen\\\/#article\",\"isPartOf\":{\"@id\":\"https:\\\/\\\/www.organisator.ch\\\/abo\\\/2025-02-27\\\/mehrwert-durch-trennungen\\\/\"},\"author\":{\"name\":\"admin\",\"@id\":\"https:\\\/\\\/www.organisator.ch\\\/#\\\/schema\\\/person\\\/aa2bace6c5c5aad60102004a50c4eb1c\"},\"headline\":\"Mehrwert durch Trennungen\",\"datePublished\":\"2025-02-27T00:12:40+00:00\",\"dateModified\":\"2025-02-27T06:24:02+00:00\",\"mainEntityOfPage\":{\"@id\":\"https:\\\/\\\/www.organisator.ch\\\/abo\\\/2025-02-27\\\/mehrwert-durch-trennungen\\\/\"},\"wordCount\":1170,\"publisher\":{\"@id\":\"https:\\\/\\\/www.organisator.ch\\\/#organization\"},\"image\":{\"@id\":\"https:\\\/\\\/www.organisator.ch\\\/abo\\\/2025-02-27\\\/mehrwert-durch-trennungen\\\/#primaryimage\"},\"thumbnailUrl\":\"https:\\\/\\\/www.organisator.ch\\\/wp-content\\\/uploads\\\/2025\\\/02\\\/HRM_Auftakt_Aufmacherbild_organisator_140304-scaled-e1740637438255.jpg\",\"keywords\":[\"Erfolg\",\"nachhaltige Entwicklung\",\"Trennung\",\"Unternehmenskultur\",\"Wachstum\"],\"articleSection\":[\"ABO+\",\"HUMAN RESOURCES\"],\"inLanguage\":\"en-US\"},{\"@type\":\"WebPage\",\"@id\":\"https:\\\/\\\/www.organisator.ch\\\/abo\\\/2025-02-27\\\/mehrwert-durch-trennungen\\\/\",\"url\":\"https:\\\/\\\/www.organisator.ch\\\/abo\\\/2025-02-27\\\/mehrwert-durch-trennungen\\\/\",\"name\":\"Mehrwert durch Trennungen - Organisator\",\"isPartOf\":{\"@id\":\"https:\\\/\\\/www.organisator.ch\\\/#website\"},\"primaryImageOfPage\":{\"@id\":\"https:\\\/\\\/www.organisator.ch\\\/abo\\\/2025-02-27\\\/mehrwert-durch-trennungen\\\/#primaryimage\"},\"image\":{\"@id\":\"https:\\\/\\\/www.organisator.ch\\\/abo\\\/2025-02-27\\\/mehrwert-durch-trennungen\\\/#primaryimage\"},\"thumbnailUrl\":\"https:\\\/\\\/www.organisator.ch\\\/wp-content\\\/uploads\\\/2025\\\/02\\\/HRM_Auftakt_Aufmacherbild_organisator_140304-scaled-e1740637438255.jpg\",\"datePublished\":\"2025-02-27T00:12:40+00:00\",\"dateModified\":\"2025-02-27T06:24:02+00:00\",\"description\":\"Trennungen m\u00fcssen nicht schmerzhaft sein. Ein fairer und respektvoller Prozess st\u00e4rkt die Unternehmenskultur und die Arbeitgebermarke.\",\"breadcrumb\":{\"@id\":\"https:\\\/\\\/www.organisator.ch\\\/abo\\\/2025-02-27\\\/mehrwert-durch-trennungen\\\/#breadcrumb\"},\"inLanguage\":\"en-US\",\"potentialAction\":[{\"@type\":\"ReadAction\",\"target\":[\"https:\\\/\\\/www.organisator.ch\\\/abo\\\/2025-02-27\\\/mehrwert-durch-trennungen\\\/\"]}]},{\"@type\":\"ImageObject\",\"inLanguage\":\"en-US\",\"@id\":\"https:\\\/\\\/www.organisator.ch\\\/abo\\\/2025-02-27\\\/mehrwert-durch-trennungen\\\/#primaryimage\",\"url\":\"https:\\\/\\\/www.organisator.ch\\\/wp-content\\\/uploads\\\/2025\\\/02\\\/HRM_Auftakt_Aufmacherbild_organisator_140304-scaled-e1740637438255.jpg\",\"contentUrl\":\"https:\\\/\\\/www.organisator.ch\\\/wp-content\\\/uploads\\\/2025\\\/02\\\/HRM_Auftakt_Aufmacherbild_organisator_140304-scaled-e1740637438255.jpg\",\"width\":1040,\"height\":1005,\"caption\":\"Trennungen m\u00fcssen nicht schmerzhaft sein, denn sie er\u00f6ffnen auch neue Chancen. Foto:adriaticphoto \\\/ Depositphotos.com\"},{\"@type\":\"BreadcrumbList\",\"@id\":\"https:\\\/\\\/www.organisator.ch\\\/abo\\\/2025-02-27\\\/mehrwert-durch-trennungen\\\/#breadcrumb\",\"itemListElement\":[{\"@type\":\"ListItem\",\"position\":1,\"name\":\"Home\",\"item\":\"https:\\\/\\\/www.organisator.ch\\\/\"},{\"@type\":\"ListItem\",\"position\":2,\"name\":\"Mehrwert durch Trennungen\"}]},{\"@type\":\"WebSite\",\"@id\":\"https:\\\/\\\/www.organisator.ch\\\/#website\",\"url\":\"https:\\\/\\\/www.organisator.ch\\\/\",\"name\":\"Organisator\",\"description\":\"Kompetent. Praxisnah. Der ORGANISATOR bereitet in 10 Ausgaben pro Jahr die wesentlichen Themen f\u00fcr F\u00fchrungskr\u00e4fte von KMU auf.\",\"publisher\":{\"@id\":\"https:\\\/\\\/www.organisator.ch\\\/#organization\"},\"potentialAction\":[{\"@type\":\"SearchAction\",\"target\":{\"@type\":\"EntryPoint\",\"urlTemplate\":\"https:\\\/\\\/www.organisator.ch\\\/?s={search_term_string}\"},\"query-input\":{\"@type\":\"PropertyValueSpecification\",\"valueRequired\":true,\"valueName\":\"search_term_string\"}}],\"inLanguage\":\"en-US\"},{\"@type\":\"Organization\",\"@id\":\"https:\\\/\\\/www.organisator.ch\\\/#organization\",\"name\":\"Organisator\",\"url\":\"https:\\\/\\\/www.organisator.ch\\\/\",\"logo\":{\"@type\":\"ImageObject\",\"inLanguage\":\"en-US\",\"@id\":\"https:\\\/\\\/www.organisator.ch\\\/#\\\/schema\\\/logo\\\/image\\\/\",\"url\":\"https:\\\/\\\/www.organisator.ch\\\/wp-content\\\/uploads\\\/2022\\\/01\\\/Logo_Organisator_Website.png\",\"contentUrl\":\"https:\\\/\\\/www.organisator.ch\\\/wp-content\\\/uploads\\\/2022\\\/01\\\/Logo_Organisator_Website.png\",\"width\":800,\"height\":77,\"caption\":\"Organisator\"},\"image\":{\"@id\":\"https:\\\/\\\/www.organisator.ch\\\/#\\\/schema\\\/logo\\\/image\\\/\"},\"sameAs\":[\"https:\\\/\\\/www.facebook.com\\\/OrganisatorFachmagazin\",\"https:\\\/\\\/www.linkedin.com\\\/showcase\\\/organisator-das-magazin-fr-kmu\",\"https:\\\/\\\/www.xing.com\\\/news\\\/pages\\\/organisator-ch-695\",\"https:\\\/\\\/www.youtube.com\\\/channel\\\/UCGP2Sq0iWaZwT3BdIAQFYpw\"]},{\"@type\":\"Person\",\"@id\":\"https:\\\/\\\/www.organisator.ch\\\/#\\\/schema\\\/person\\\/aa2bace6c5c5aad60102004a50c4eb1c\",\"name\":\"admin\",\"image\":{\"@type\":\"ImageObject\",\"inLanguage\":\"en-US\",\"@id\":\"https:\\\/\\\/secure.gravatar.com\\\/avatar\\\/ae2f4d718e6c49043e314ce431e7e645d646302a24a5ef5a8bc8e3f5a032e319?s=96&d=mm&r=g\",\"url\":\"https:\\\/\\\/secure.gravatar.com\\\/avatar\\\/ae2f4d718e6c49043e314ce431e7e645d646302a24a5ef5a8bc8e3f5a032e319?s=96&d=mm&r=g\",\"contentUrl\":\"https:\\\/\\\/secure.gravatar.com\\\/avatar\\\/ae2f4d718e6c49043e314ce431e7e645d646302a24a5ef5a8bc8e3f5a032e319?s=96&d=mm&r=g\",\"caption\":\"admin\"},\"sameAs\":[\"https:\\\/\\\/www.organisator.ch\"],\"url\":\"https:\\\/\\\/www.organisator.ch\\\/en\\\/author\\\/admin\\\/\"}]}<\/script>\n<!-- \/ Yoast SEO plugin. -->","yoast_head_json":{"title":"Added value through separations - Organizer","description":"Separations do not have to be painful. A fair and respectful process strengthens the corporate culture and the employer brand.","robots":{"index":"index","follow":"follow","max-snippet":"max-snippet:-1","max-image-preview":"max-image-preview:large","max-video-preview":"max-video-preview:-1"},"canonical":"https:\/\/www.organisator.ch\/en\/subscription\/2025-02-27\/mehrwert-durch-trennungen\/","og_locale":"en_US","og_type":"article","og_title":"Mehrwert durch Trennungen","og_description":"Trennungen m\u00fcssen nicht schmerzhaft sein. Ein fairer und respektvoller Prozess st\u00e4rkt die Unternehmenskultur und die Arbeitgebermarke.","og_url":"https:\/\/www.organisator.ch\/en\/subscription\/2025-02-27\/mehrwert-durch-trennungen\/","og_site_name":"Organisator","article_publisher":"https:\/\/www.facebook.com\/OrganisatorFachmagazin","article_published_time":"2025-02-27T00:12:40+00:00","article_modified_time":"2025-02-27T06:24:02+00:00","og_image":[{"width":1040,"height":1005,"url":"https:\/\/www.organisator.ch\/wp-content\/uploads\/2025\/02\/HRM_Auftakt_Aufmacherbild_organisator_140304-scaled-e1740637438255.jpg","type":"image\/jpeg"}],"author":"admin","twitter_card":"summary_large_image","twitter_title":"Mehrwert durch Trennungen","twitter_description":"#Trennungen m\u00fcssen nicht schmerzhaft sein. Ein fairer und respektvoller Prozess st\u00e4rkt die #Unternehmenskultur und die #Arbeitgebermarke.","twitter_image":"https:\/\/www.organisator.ch\/wp-content\/uploads\/2025\/02\/HRM_Auftakt_Aufmacherbild_organisator_140304-scaled-e1740637438255.jpg","schema":{"@context":"https:\/\/schema.org","@graph":[{"@type":"Article","@id":"https:\/\/www.organisator.ch\/abo\/2025-02-27\/mehrwert-durch-trennungen\/#article","isPartOf":{"@id":"https:\/\/www.organisator.ch\/abo\/2025-02-27\/mehrwert-durch-trennungen\/"},"author":{"name":"admin","@id":"https:\/\/www.organisator.ch\/#\/schema\/person\/aa2bace6c5c5aad60102004a50c4eb1c"},"headline":"Mehrwert durch Trennungen","datePublished":"2025-02-27T00:12:40+00:00","dateModified":"2025-02-27T06:24:02+00:00","mainEntityOfPage":{"@id":"https:\/\/www.organisator.ch\/abo\/2025-02-27\/mehrwert-durch-trennungen\/"},"wordCount":1170,"publisher":{"@id":"https:\/\/www.organisator.ch\/#organization"},"image":{"@id":"https:\/\/www.organisator.ch\/abo\/2025-02-27\/mehrwert-durch-trennungen\/#primaryimage"},"thumbnailUrl":"https:\/\/www.organisator.ch\/wp-content\/uploads\/2025\/02\/HRM_Auftakt_Aufmacherbild_organisator_140304-scaled-e1740637438255.jpg","keywords":["Erfolg","nachhaltige Entwicklung","Trennung","Unternehmenskultur","Wachstum"],"articleSection":["ABO+","HUMAN RESOURCES"],"inLanguage":"en-US"},{"@type":"WebPage","@id":"https:\/\/www.organisator.ch\/abo\/2025-02-27\/mehrwert-durch-trennungen\/","url":"https:\/\/www.organisator.ch\/abo\/2025-02-27\/mehrwert-durch-trennungen\/","name":"Added value through separations - Organizer","isPartOf":{"@id":"https:\/\/www.organisator.ch\/#website"},"primaryImageOfPage":{"@id":"https:\/\/www.organisator.ch\/abo\/2025-02-27\/mehrwert-durch-trennungen\/#primaryimage"},"image":{"@id":"https:\/\/www.organisator.ch\/abo\/2025-02-27\/mehrwert-durch-trennungen\/#primaryimage"},"thumbnailUrl":"https:\/\/www.organisator.ch\/wp-content\/uploads\/2025\/02\/HRM_Auftakt_Aufmacherbild_organisator_140304-scaled-e1740637438255.jpg","datePublished":"2025-02-27T00:12:40+00:00","dateModified":"2025-02-27T06:24:02+00:00","description":"Separations do not have to be painful. A fair and respectful process strengthens the corporate culture and the employer brand.","breadcrumb":{"@id":"https:\/\/www.organisator.ch\/abo\/2025-02-27\/mehrwert-durch-trennungen\/#breadcrumb"},"inLanguage":"en-US","potentialAction":[{"@type":"ReadAction","target":["https:\/\/www.organisator.ch\/abo\/2025-02-27\/mehrwert-durch-trennungen\/"]}]},{"@type":"ImageObject","inLanguage":"en-US","@id":"https:\/\/www.organisator.ch\/abo\/2025-02-27\/mehrwert-durch-trennungen\/#primaryimage","url":"https:\/\/www.organisator.ch\/wp-content\/uploads\/2025\/02\/HRM_Auftakt_Aufmacherbild_organisator_140304-scaled-e1740637438255.jpg","contentUrl":"https:\/\/www.organisator.ch\/wp-content\/uploads\/2025\/02\/HRM_Auftakt_Aufmacherbild_organisator_140304-scaled-e1740637438255.jpg","width":1040,"height":1005,"caption":"Trennungen m\u00fcssen nicht schmerzhaft sein, denn sie er\u00f6ffnen auch neue Chancen. Foto:adriaticphoto \/ Depositphotos.com"},{"@type":"BreadcrumbList","@id":"https:\/\/www.organisator.ch\/abo\/2025-02-27\/mehrwert-durch-trennungen\/#breadcrumb","itemListElement":[{"@type":"ListItem","position":1,"name":"Home","item":"https:\/\/www.organisator.ch\/"},{"@type":"ListItem","position":2,"name":"Mehrwert durch Trennungen"}]},{"@type":"WebSite","@id":"https:\/\/www.organisator.ch\/#website","url":"https:\/\/www.organisator.ch\/","name":"Organizer","description":"Competent. Practical. In 10 issues per year, ORGANISATOR presents the essential topics for managers of SMEs.","publisher":{"@id":"https:\/\/www.organisator.ch\/#organization"},"potentialAction":[{"@type":"SearchAction","target":{"@type":"EntryPoint","urlTemplate":"https:\/\/www.organisator.ch\/?s={search_term_string}"},"query-input":{"@type":"PropertyValueSpecification","valueRequired":true,"valueName":"search_term_string"}}],"inLanguage":"en-US"},{"@type":"Organization","@id":"https:\/\/www.organisator.ch\/#organization","name":"Organizer","url":"https:\/\/www.organisator.ch\/","logo":{"@type":"ImageObject","inLanguage":"en-US","@id":"https:\/\/www.organisator.ch\/#\/schema\/logo\/image\/","url":"https:\/\/www.organisator.ch\/wp-content\/uploads\/2022\/01\/Logo_Organisator_Website.png","contentUrl":"https:\/\/www.organisator.ch\/wp-content\/uploads\/2022\/01\/Logo_Organisator_Website.png","width":800,"height":77,"caption":"Organisator"},"image":{"@id":"https:\/\/www.organisator.ch\/#\/schema\/logo\/image\/"},"sameAs":["https:\/\/www.facebook.com\/OrganisatorFachmagazin","https:\/\/www.linkedin.com\/showcase\/organisator-das-magazin-fr-kmu","https:\/\/www.xing.com\/news\/pages\/organisator-ch-695","https:\/\/www.youtube.com\/channel\/UCGP2Sq0iWaZwT3BdIAQFYpw"]},{"@type":"Person","@id":"https:\/\/www.organisator.ch\/#\/schema\/person\/aa2bace6c5c5aad60102004a50c4eb1c","name":"admin","image":{"@type":"ImageObject","inLanguage":"en-US","@id":"https:\/\/secure.gravatar.com\/avatar\/ae2f4d718e6c49043e314ce431e7e645d646302a24a5ef5a8bc8e3f5a032e319?s=96&d=mm&r=g","url":"https:\/\/secure.gravatar.com\/avatar\/ae2f4d718e6c49043e314ce431e7e645d646302a24a5ef5a8bc8e3f5a032e319?s=96&d=mm&r=g","contentUrl":"https:\/\/secure.gravatar.com\/avatar\/ae2f4d718e6c49043e314ce431e7e645d646302a24a5ef5a8bc8e3f5a032e319?s=96&d=mm&r=g","caption":"admin"},"sameAs":["https:\/\/www.organisator.ch"],"url":"https:\/\/www.organisator.ch\/en\/author\/admin\/"}]}},"_links":{"self":[{"href":"https:\/\/www.organisator.ch\/en\/wp-json\/wp\/v2\/posts\/36182","targetHints":{"allow":["GET"]}}],"collection":[{"href":"https:\/\/www.organisator.ch\/en\/wp-json\/wp\/v2\/posts"}],"about":[{"href":"https:\/\/www.organisator.ch\/en\/wp-json\/wp\/v2\/types\/post"}],"author":[{"embeddable":true,"href":"https:\/\/www.organisator.ch\/en\/wp-json\/wp\/v2\/users\/1"}],"replies":[{"embeddable":true,"href":"https:\/\/www.organisator.ch\/en\/wp-json\/wp\/v2\/comments?post=36182"}],"version-history":[{"count":4,"href":"https:\/\/www.organisator.ch\/en\/wp-json\/wp\/v2\/posts\/36182\/revisions"}],"predecessor-version":[{"id":36455,"href":"https:\/\/www.organisator.ch\/en\/wp-json\/wp\/v2\/posts\/36182\/revisions\/36455"}],"wp:featuredmedia":[{"embeddable":true,"href":"https:\/\/www.organisator.ch\/en\/wp-json\/wp\/v2\/media\/36181"}],"wp:attachment":[{"href":"https:\/\/www.organisator.ch\/en\/wp-json\/wp\/v2\/media?parent=36182"}],"wp:term":[{"taxonomy":"category","embeddable":true,"href":"https:\/\/www.organisator.ch\/en\/wp-json\/wp\/v2\/categories?post=36182"},{"taxonomy":"post_tag","embeddable":true,"href":"https:\/\/www.organisator.ch\/en\/wp-json\/wp\/v2\/tags?post=36182"}],"curies":[{"name":"wp","href":"https:\/\/api.w.org\/{rel}","templated":true}]}}