{"id":36219,"date":"2025-02-21T07:52:45","date_gmt":"2025-02-21T06:52:45","guid":{"rendered":"https:\/\/www.markt-kom.com\/?p=230835"},"modified":"2025-02-21T07:18:30","modified_gmt":"2025-02-21T06:18:30","slug":"mfk-startet-neue-mittagsreihe-zu-kommunikationsthemen","status":"publish","type":"post","link":"https:\/\/www.organisator.ch\/en\/marketing\/2025-02-21\/mfk-startet-neue-mittagsreihe-zu-kommunikationsthemen\/","title":{"rendered":"MfK launches new lunchtime series on communication topics"},"content":{"rendered":"<p><a href=\"https:\/\/www.markt-kom.com\/wp-content\/uploads\/2025\/02\/MfK-2025_Bisschentheoretisch.jpg\"><img class=\"aligncenter size-full wp-image-230836\" src=\"https:\/\/www.markt-kom.com\/wp-content\/uploads\/2025\/02\/MfK-2025_Bisschentheoretisch.jpg\" sizes=\"(max-width: 853px) 100vw, 853px\" srcset=\"https:\/\/www.markt-kom.com\/wp-content\/uploads\/2025\/02\/MfK-2025_Bisschentheoretisch.jpg 853w, https:\/\/www.markt-kom.com\/wp-content\/uploads\/2025\/02\/MfK-2025_Bisschentheoretisch-600x450.jpg 600w, https:\/\/www.markt-kom.com\/wp-content\/uploads\/2025\/02\/MfK-2025_Bisschentheoretisch-768x576.jpg 768w, https:\/\/www.markt-kom.com\/wp-content\/uploads\/2025\/02\/MfK-2025_Bisschentheoretisch-16x12.jpg 16w, https:\/\/www.markt-kom.com\/wp-content\/uploads\/2025\/02\/MfK-2025_Bisschentheoretisch-233x175.jpg 233w, https:\/\/www.markt-kom.com\/wp-content\/uploads\/2025\/02\/MfK-2025_Bisschentheoretisch-466x350.jpg 466w\" alt=\"\" width=\"853\" height=\"640\" \/><\/a><\/p>\r\n<p>Starting conversations, arousing interest, avoiding blunders: Small talk is a challenge for many people. The first edition of the new event series \"Bisschen theoretisch\" at the Museum of Communication aims to tackle precisely this challenge. In one-hour sessions, theoretical concepts will be presented in an understandable and everyday way - each on a topic from the world of communication. The kick-off on February 28 is all about small talk.<\/p>\r\n<p>The idea: theory as a tool for practice. \"OK, theories are not sexy gossip. But they do contain a condensed explanation of reality,\" says the announcement. So anyone wondering how to start a conversation in a relaxed manner or keep it going without awkward pauses will find answers here.<\/p>\r\n<p>The event always takes place on the last Friday of the month and starts at 12:15 pm. You can choose how much you want to pay to attend, but a suggested price of CHF 20 - including lunch - is recommended. In addition, there is always a podcast episode with communication experts who delve deeper into the topic.<\/p>","protected":false},"excerpt":{"rendered":"<p>The Museum for Communication MfK is launching the new lunchtime series \"Bisschen theoretisch\". The first edition is dedicated to the topic of small talk - compact, practical and accompanied by a lunch.<\/p>","protected":false},"author":8,"featured_media":0,"comment_status":"closed","ping_status":"closed","sticky":false,"template":"","format":"standard","meta":{"_acf_changed":false,"_yoast_wpseo_focuskw":"Museum f\u00fcr Kommunikation Mittagsreihe","_yoast_wpseo_metadesc":"Das Museum f\u00fcr Kommunikation startet die Mittagsreihe \u00abBisschen theoretisch\u00bb \u2013 kompakt, praxisnah und mit Lunch. Auftakt am 28. Februar!","articlekey":"","footnotes":""},"categories":[29],"tags":[4343,5101],"class_list":["post-36219","post","type-post","status-publish","format-standard","hentry","category-marketing","tag-markom","tag-museum-fuer-kommunikation"],"acf":[],"yoast_head":"<!-- This site is optimized with the Yoast SEO plugin v27.5 - https:\/\/yoast.com\/product\/yoast-seo-wordpress\/ -->\n<title>MfK startet neue Mittagsreihe zu Kommunikationsthemen - Organisator<\/title>\n<meta name=\"description\" content=\"Das Museum f\u00fcr Kommunikation startet die Mittagsreihe \u00abBisschen theoretisch\u00bb \u2013 kompakt, praxisnah und mit Lunch. Auftakt am 28. Februar!\" \/>\n<meta name=\"robots\" content=\"index, follow, max-snippet:-1, max-image-preview:large, max-video-preview:-1\" \/>\n<link rel=\"canonical\" href=\"https:\/\/www.organisator.ch\/en\/marketing\/2025-02-21\/mfk-startet-neue-mittagsreihe-zu-kommunikationsthemen\/\" \/>\n<meta property=\"og:locale\" content=\"en_US\" \/>\n<meta property=\"og:type\" content=\"article\" \/>\n<meta property=\"og:title\" content=\"MfK startet neue Mittagsreihe zu Kommunikationsthemen - Organisator\" \/>\n<meta property=\"og:description\" content=\"Das Museum f\u00fcr Kommunikation startet die Mittagsreihe \u00abBisschen theoretisch\u00bb \u2013 kompakt, praxisnah und mit Lunch. Auftakt am 28. Februar!\" \/>\n<meta property=\"og:url\" content=\"https:\/\/www.organisator.ch\/en\/marketing\/2025-02-21\/mfk-startet-neue-mittagsreihe-zu-kommunikationsthemen\/\" \/>\n<meta property=\"og:site_name\" content=\"Organisator\" \/>\n<meta property=\"article:publisher\" content=\"https:\/\/www.facebook.com\/OrganisatorFachmagazin\" \/>\n<meta property=\"article:published_time\" content=\"2025-02-21T06:52:45+00:00\" \/>\n<meta name=\"author\" content=\"galledia\" \/>\n<meta name=\"twitter:card\" content=\"summary_large_image\" \/>\n<meta name=\"twitter:creator\" content=\"@admin\" \/>\n<script type=\"application\/ld+json\" class=\"yoast-schema-graph\">{\"@context\":\"https:\\\/\\\/schema.org\",\"@graph\":[{\"@type\":\"Article\",\"@id\":\"https:\\\/\\\/www.organisator.ch\\\/marketing\\\/2025-02-21\\\/mfk-startet-neue-mittagsreihe-zu-kommunikationsthemen\\\/#article\",\"isPartOf\":{\"@id\":\"https:\\\/\\\/www.organisator.ch\\\/marketing\\\/2025-02-21\\\/mfk-startet-neue-mittagsreihe-zu-kommunikationsthemen\\\/\"},\"author\":{\"name\":\"galledia\",\"@id\":\"https:\\\/\\\/www.organisator.ch\\\/#\\\/schema\\\/person\\\/4e51799071cd2dd1232ac003643ef5f0\"},\"headline\":\"MfK startet neue Mittagsreihe zu Kommunikationsthemen\",\"datePublished\":\"2025-02-21T06:52:45+00:00\",\"mainEntityOfPage\":{\"@id\":\"https:\\\/\\\/www.organisator.ch\\\/marketing\\\/2025-02-21\\\/mfk-startet-neue-mittagsreihe-zu-kommunikationsthemen\\\/\"},\"wordCount\":177,\"publisher\":{\"@id\":\"https:\\\/\\\/www.organisator.ch\\\/#organization\"},\"image\":{\"@id\":\"https:\\\/\\\/www.organisator.ch\\\/marketing\\\/2025-02-21\\\/mfk-startet-neue-mittagsreihe-zu-kommunikationsthemen\\\/#primaryimage\"},\"thumbnailUrl\":\"https:\\\/\\\/www.markt-kom.com\\\/wp-content\\\/uploads\\\/2025\\\/02\\\/MfK-2025_Bisschentheoretisch.jpg\",\"keywords\":[\"MarKom\",\"Museum f\u00fcr Kommunikation\"],\"articleSection\":[\"MARKETING\"],\"inLanguage\":\"en-US\"},{\"@type\":\"WebPage\",\"@id\":\"https:\\\/\\\/www.organisator.ch\\\/marketing\\\/2025-02-21\\\/mfk-startet-neue-mittagsreihe-zu-kommunikationsthemen\\\/\",\"url\":\"https:\\\/\\\/www.organisator.ch\\\/marketing\\\/2025-02-21\\\/mfk-startet-neue-mittagsreihe-zu-kommunikationsthemen\\\/\",\"name\":\"MfK startet neue Mittagsreihe zu Kommunikationsthemen - Organisator\",\"isPartOf\":{\"@id\":\"https:\\\/\\\/www.organisator.ch\\\/#website\"},\"primaryImageOfPage\":{\"@id\":\"https:\\\/\\\/www.organisator.ch\\\/marketing\\\/2025-02-21\\\/mfk-startet-neue-mittagsreihe-zu-kommunikationsthemen\\\/#primaryimage\"},\"image\":{\"@id\":\"https:\\\/\\\/www.organisator.ch\\\/marketing\\\/2025-02-21\\\/mfk-startet-neue-mittagsreihe-zu-kommunikationsthemen\\\/#primaryimage\"},\"thumbnailUrl\":\"https:\\\/\\\/www.markt-kom.com\\\/wp-content\\\/uploads\\\/2025\\\/02\\\/MfK-2025_Bisschentheoretisch.jpg\",\"datePublished\":\"2025-02-21T06:52:45+00:00\",\"description\":\"Das Museum f\u00fcr Kommunikation startet die Mittagsreihe \u00abBisschen theoretisch\u00bb \u2013 kompakt, praxisnah und mit Lunch. Auftakt am 28. Februar!\",\"breadcrumb\":{\"@id\":\"https:\\\/\\\/www.organisator.ch\\\/marketing\\\/2025-02-21\\\/mfk-startet-neue-mittagsreihe-zu-kommunikationsthemen\\\/#breadcrumb\"},\"inLanguage\":\"en-US\",\"potentialAction\":[{\"@type\":\"ReadAction\",\"target\":[\"https:\\\/\\\/www.organisator.ch\\\/marketing\\\/2025-02-21\\\/mfk-startet-neue-mittagsreihe-zu-kommunikationsthemen\\\/\"]}]},{\"@type\":\"ImageObject\",\"inLanguage\":\"en-US\",\"@id\":\"https:\\\/\\\/www.organisator.ch\\\/marketing\\\/2025-02-21\\\/mfk-startet-neue-mittagsreihe-zu-kommunikationsthemen\\\/#primaryimage\",\"url\":\"https:\\\/\\\/www.markt-kom.com\\\/wp-content\\\/uploads\\\/2025\\\/02\\\/MfK-2025_Bisschentheoretisch.jpg\",\"contentUrl\":\"https:\\\/\\\/www.markt-kom.com\\\/wp-content\\\/uploads\\\/2025\\\/02\\\/MfK-2025_Bisschentheoretisch.jpg\"},{\"@type\":\"BreadcrumbList\",\"@id\":\"https:\\\/\\\/www.organisator.ch\\\/marketing\\\/2025-02-21\\\/mfk-startet-neue-mittagsreihe-zu-kommunikationsthemen\\\/#breadcrumb\",\"itemListElement\":[{\"@type\":\"ListItem\",\"position\":1,\"name\":\"Home\",\"item\":\"https:\\\/\\\/www.organisator.ch\\\/\"},{\"@type\":\"ListItem\",\"position\":2,\"name\":\"MfK startet neue Mittagsreihe zu Kommunikationsthemen\"}]},{\"@type\":\"WebSite\",\"@id\":\"https:\\\/\\\/www.organisator.ch\\\/#website\",\"url\":\"https:\\\/\\\/www.organisator.ch\\\/\",\"name\":\"Organisator\",\"description\":\"Kompetent. Praxisnah. Der ORGANISATOR bereitet in 10 Ausgaben pro Jahr die wesentlichen Themen f\u00fcr F\u00fchrungskr\u00e4fte von KMU auf.\",\"publisher\":{\"@id\":\"https:\\\/\\\/www.organisator.ch\\\/#organization\"},\"potentialAction\":[{\"@type\":\"SearchAction\",\"target\":{\"@type\":\"EntryPoint\",\"urlTemplate\":\"https:\\\/\\\/www.organisator.ch\\\/?s={search_term_string}\"},\"query-input\":{\"@type\":\"PropertyValueSpecification\",\"valueRequired\":true,\"valueName\":\"search_term_string\"}}],\"inLanguage\":\"en-US\"},{\"@type\":\"Organization\",\"@id\":\"https:\\\/\\\/www.organisator.ch\\\/#organization\",\"name\":\"Organisator\",\"url\":\"https:\\\/\\\/www.organisator.ch\\\/\",\"logo\":{\"@type\":\"ImageObject\",\"inLanguage\":\"en-US\",\"@id\":\"https:\\\/\\\/www.organisator.ch\\\/#\\\/schema\\\/logo\\\/image\\\/\",\"url\":\"https:\\\/\\\/www.organisator.ch\\\/wp-content\\\/uploads\\\/2022\\\/01\\\/Logo_Organisator_Website.png\",\"contentUrl\":\"https:\\\/\\\/www.organisator.ch\\\/wp-content\\\/uploads\\\/2022\\\/01\\\/Logo_Organisator_Website.png\",\"width\":800,\"height\":77,\"caption\":\"Organisator\"},\"image\":{\"@id\":\"https:\\\/\\\/www.organisator.ch\\\/#\\\/schema\\\/logo\\\/image\\\/\"},\"sameAs\":[\"https:\\\/\\\/www.facebook.com\\\/OrganisatorFachmagazin\",\"https:\\\/\\\/www.linkedin.com\\\/showcase\\\/organisator-das-magazin-fr-kmu\",\"https:\\\/\\\/www.xing.com\\\/news\\\/pages\\\/organisator-ch-695\",\"https:\\\/\\\/www.youtube.com\\\/channel\\\/UCGP2Sq0iWaZwT3BdIAQFYpw\"]},{\"@type\":\"Person\",\"@id\":\"https:\\\/\\\/www.organisator.ch\\\/#\\\/schema\\\/person\\\/4e51799071cd2dd1232ac003643ef5f0\",\"name\":\"galledia\",\"image\":{\"@type\":\"ImageObject\",\"inLanguage\":\"en-US\",\"@id\":\"https:\\\/\\\/secure.gravatar.com\\\/avatar\\\/78a7f90c01fc2bfc875782a0d4922b37cde2cf184ce347b91316d23cd7f69a36?s=96&d=mm&r=g\",\"url\":\"https:\\\/\\\/secure.gravatar.com\\\/avatar\\\/78a7f90c01fc2bfc875782a0d4922b37cde2cf184ce347b91316d23cd7f69a36?s=96&d=mm&r=g\",\"contentUrl\":\"https:\\\/\\\/secure.gravatar.com\\\/avatar\\\/78a7f90c01fc2bfc875782a0d4922b37cde2cf184ce347b91316d23cd7f69a36?s=96&d=mm&r=g\",\"caption\":\"galledia\"},\"sameAs\":[\"https:\\\/\\\/x.com\\\/admin\"],\"url\":\"https:\\\/\\\/www.organisator.ch\\\/en\\\/author\\\/galledia\\\/\"}]}<\/script>\n<!-- \/ Yoast SEO plugin. -->","yoast_head_json":{"title":"MfK launches new lunch series on communication topics - Organizer","description":"The Museum of Communication is launching the lunchtime series \"Bisschen theoretisch\" - compact, practical and with lunch. Kick-off on February 28!","robots":{"index":"index","follow":"follow","max-snippet":"max-snippet:-1","max-image-preview":"max-image-preview:large","max-video-preview":"max-video-preview:-1"},"canonical":"https:\/\/www.organisator.ch\/en\/marketing\/2025-02-21\/mfk-startet-neue-mittagsreihe-zu-kommunikationsthemen\/","og_locale":"en_US","og_type":"article","og_title":"MfK startet neue Mittagsreihe zu Kommunikationsthemen - Organisator","og_description":"Das Museum f\u00fcr Kommunikation startet die Mittagsreihe \u00abBisschen theoretisch\u00bb \u2013 kompakt, praxisnah und mit Lunch. Auftakt am 28. Februar!","og_url":"https:\/\/www.organisator.ch\/en\/marketing\/2025-02-21\/mfk-startet-neue-mittagsreihe-zu-kommunikationsthemen\/","og_site_name":"Organisator","article_publisher":"https:\/\/www.facebook.com\/OrganisatorFachmagazin","article_published_time":"2025-02-21T06:52:45+00:00","author":"galledia","twitter_card":"summary_large_image","twitter_creator":"@admin","schema":{"@context":"https:\/\/schema.org","@graph":[{"@type":"Article","@id":"https:\/\/www.organisator.ch\/marketing\/2025-02-21\/mfk-startet-neue-mittagsreihe-zu-kommunikationsthemen\/#article","isPartOf":{"@id":"https:\/\/www.organisator.ch\/marketing\/2025-02-21\/mfk-startet-neue-mittagsreihe-zu-kommunikationsthemen\/"},"author":{"name":"galledia","@id":"https:\/\/www.organisator.ch\/#\/schema\/person\/4e51799071cd2dd1232ac003643ef5f0"},"headline":"MfK startet neue Mittagsreihe zu Kommunikationsthemen","datePublished":"2025-02-21T06:52:45+00:00","mainEntityOfPage":{"@id":"https:\/\/www.organisator.ch\/marketing\/2025-02-21\/mfk-startet-neue-mittagsreihe-zu-kommunikationsthemen\/"},"wordCount":177,"publisher":{"@id":"https:\/\/www.organisator.ch\/#organization"},"image":{"@id":"https:\/\/www.organisator.ch\/marketing\/2025-02-21\/mfk-startet-neue-mittagsreihe-zu-kommunikationsthemen\/#primaryimage"},"thumbnailUrl":"https:\/\/www.markt-kom.com\/wp-content\/uploads\/2025\/02\/MfK-2025_Bisschentheoretisch.jpg","keywords":["MarKom","Museum f\u00fcr Kommunikation"],"articleSection":["MARKETING"],"inLanguage":"en-US"},{"@type":"WebPage","@id":"https:\/\/www.organisator.ch\/marketing\/2025-02-21\/mfk-startet-neue-mittagsreihe-zu-kommunikationsthemen\/","url":"https:\/\/www.organisator.ch\/marketing\/2025-02-21\/mfk-startet-neue-mittagsreihe-zu-kommunikationsthemen\/","name":"MfK launches new lunch series on communication topics - Organizer","isPartOf":{"@id":"https:\/\/www.organisator.ch\/#website"},"primaryImageOfPage":{"@id":"https:\/\/www.organisator.ch\/marketing\/2025-02-21\/mfk-startet-neue-mittagsreihe-zu-kommunikationsthemen\/#primaryimage"},"image":{"@id":"https:\/\/www.organisator.ch\/marketing\/2025-02-21\/mfk-startet-neue-mittagsreihe-zu-kommunikationsthemen\/#primaryimage"},"thumbnailUrl":"https:\/\/www.markt-kom.com\/wp-content\/uploads\/2025\/02\/MfK-2025_Bisschentheoretisch.jpg","datePublished":"2025-02-21T06:52:45+00:00","description":"The Museum of Communication is launching the lunchtime series \"Bisschen theoretisch\" - compact, practical and with lunch. Kick-off on February 28!","breadcrumb":{"@id":"https:\/\/www.organisator.ch\/marketing\/2025-02-21\/mfk-startet-neue-mittagsreihe-zu-kommunikationsthemen\/#breadcrumb"},"inLanguage":"en-US","potentialAction":[{"@type":"ReadAction","target":["https:\/\/www.organisator.ch\/marketing\/2025-02-21\/mfk-startet-neue-mittagsreihe-zu-kommunikationsthemen\/"]}]},{"@type":"ImageObject","inLanguage":"en-US","@id":"https:\/\/www.organisator.ch\/marketing\/2025-02-21\/mfk-startet-neue-mittagsreihe-zu-kommunikationsthemen\/#primaryimage","url":"https:\/\/www.markt-kom.com\/wp-content\/uploads\/2025\/02\/MfK-2025_Bisschentheoretisch.jpg","contentUrl":"https:\/\/www.markt-kom.com\/wp-content\/uploads\/2025\/02\/MfK-2025_Bisschentheoretisch.jpg"},{"@type":"BreadcrumbList","@id":"https:\/\/www.organisator.ch\/marketing\/2025-02-21\/mfk-startet-neue-mittagsreihe-zu-kommunikationsthemen\/#breadcrumb","itemListElement":[{"@type":"ListItem","position":1,"name":"Home","item":"https:\/\/www.organisator.ch\/"},{"@type":"ListItem","position":2,"name":"MfK startet neue Mittagsreihe zu Kommunikationsthemen"}]},{"@type":"WebSite","@id":"https:\/\/www.organisator.ch\/#website","url":"https:\/\/www.organisator.ch\/","name":"Organizer","description":"Competent. Practical. In 10 issues per year, ORGANISATOR presents the essential topics for managers of SMEs.","publisher":{"@id":"https:\/\/www.organisator.ch\/#organization"},"potentialAction":[{"@type":"SearchAction","target":{"@type":"EntryPoint","urlTemplate":"https:\/\/www.organisator.ch\/?s={search_term_string}"},"query-input":{"@type":"PropertyValueSpecification","valueRequired":true,"valueName":"search_term_string"}}],"inLanguage":"en-US"},{"@type":"Organization","@id":"https:\/\/www.organisator.ch\/#organization","name":"Organizer","url":"https:\/\/www.organisator.ch\/","logo":{"@type":"ImageObject","inLanguage":"en-US","@id":"https:\/\/www.organisator.ch\/#\/schema\/logo\/image\/","url":"https:\/\/www.organisator.ch\/wp-content\/uploads\/2022\/01\/Logo_Organisator_Website.png","contentUrl":"https:\/\/www.organisator.ch\/wp-content\/uploads\/2022\/01\/Logo_Organisator_Website.png","width":800,"height":77,"caption":"Organisator"},"image":{"@id":"https:\/\/www.organisator.ch\/#\/schema\/logo\/image\/"},"sameAs":["https:\/\/www.facebook.com\/OrganisatorFachmagazin","https:\/\/www.linkedin.com\/showcase\/organisator-das-magazin-fr-kmu","https:\/\/www.xing.com\/news\/pages\/organisator-ch-695","https:\/\/www.youtube.com\/channel\/UCGP2Sq0iWaZwT3BdIAQFYpw"]},{"@type":"Person","@id":"https:\/\/www.organisator.ch\/#\/schema\/person\/4e51799071cd2dd1232ac003643ef5f0","name":"galledia","image":{"@type":"ImageObject","inLanguage":"en-US","@id":"https:\/\/secure.gravatar.com\/avatar\/78a7f90c01fc2bfc875782a0d4922b37cde2cf184ce347b91316d23cd7f69a36?s=96&d=mm&r=g","url":"https:\/\/secure.gravatar.com\/avatar\/78a7f90c01fc2bfc875782a0d4922b37cde2cf184ce347b91316d23cd7f69a36?s=96&d=mm&r=g","contentUrl":"https:\/\/secure.gravatar.com\/avatar\/78a7f90c01fc2bfc875782a0d4922b37cde2cf184ce347b91316d23cd7f69a36?s=96&d=mm&r=g","caption":"galledia"},"sameAs":["https:\/\/x.com\/admin"],"url":"https:\/\/www.organisator.ch\/en\/author\/galledia\/"}]}},"_links":{"self":[{"href":"https:\/\/www.organisator.ch\/en\/wp-json\/wp\/v2\/posts\/36219","targetHints":{"allow":["GET"]}}],"collection":[{"href":"https:\/\/www.organisator.ch\/en\/wp-json\/wp\/v2\/posts"}],"about":[{"href":"https:\/\/www.organisator.ch\/en\/wp-json\/wp\/v2\/types\/post"}],"author":[{"embeddable":true,"href":"https:\/\/www.organisator.ch\/en\/wp-json\/wp\/v2\/users\/8"}],"replies":[{"embeddable":true,"href":"https:\/\/www.organisator.ch\/en\/wp-json\/wp\/v2\/comments?post=36219"}],"version-history":[{"count":2,"href":"https:\/\/www.organisator.ch\/en\/wp-json\/wp\/v2\/posts\/36219\/revisions"}],"predecessor-version":[{"id":36235,"href":"https:\/\/www.organisator.ch\/en\/wp-json\/wp\/v2\/posts\/36219\/revisions\/36235"}],"wp:attachment":[{"href":"https:\/\/www.organisator.ch\/en\/wp-json\/wp\/v2\/media?parent=36219"}],"wp:term":[{"taxonomy":"category","embeddable":true,"href":"https:\/\/www.organisator.ch\/en\/wp-json\/wp\/v2\/categories?post=36219"},{"taxonomy":"post_tag","embeddable":true,"href":"https:\/\/www.organisator.ch\/en\/wp-json\/wp\/v2\/tags?post=36219"}],"curies":[{"name":"wp","href":"https:\/\/api.w.org\/{rel}","templated":true}]}}