{"id":3622,"date":"2018-05-18T09:15:38","date_gmt":"2018-05-18T07:15:38","guid":{"rendered":"https:\/\/www.organisator.ch\/?p=3622"},"modified":"2018-05-18T09:15:38","modified_gmt":"2018-05-18T07:15:38","slug":"digital-leadership-warum-ihr-management-in-der-digitalisierung-versagen-darf","status":"publish","type":"post","link":"https:\/\/www.organisator.ch\/en\/management\/2018-05-18\/digital-leadership-warum-ihr-management-in-der-digitalisierung-versagen-darf\/","title":{"rendered":"Digital Leadership: Why Your Management May Fail in Digitalization"},"content":{"rendered":"<figure id=\"attachment_3624\" aria-describedby=\"caption-attachment-3624\" style=\"width: 640px\" class=\"wp-caption alignnone\"><img loading=\"lazy\" decoding=\"async\" class=\"size-full wp-image-3624\" src=\"https:\/\/www.organisator.ch\/wp-content\/uploads\/2018\/05\/Digital-Leadership-Warum-Ihr-Management-in-der-Digitalisierung-versagen-darf_Organisator.jpg\" alt=\"\" width=\"640\" height=\"442\" srcset=\"https:\/\/www.organisator.ch\/wp-content\/uploads\/2018\/05\/Digital-Leadership-Warum-Ihr-Management-in-der-Digitalisierung-versagen-darf_Organisator.jpg 640w, https:\/\/www.organisator.ch\/wp-content\/uploads\/2018\/05\/Digital-Leadership-Warum-Ihr-Management-in-der-Digitalisierung-versagen-darf_Organisator-16x12.jpg 16w, https:\/\/www.organisator.ch\/wp-content\/uploads\/2018\/05\/Digital-Leadership-Warum-Ihr-Management-in-der-Digitalisierung-versagen-darf_Organisator-253x175.jpg 253w, https:\/\/www.organisator.ch\/wp-content\/uploads\/2018\/05\/Digital-Leadership-Warum-Ihr-Management-in-der-Digitalisierung-versagen-darf_Organisator-507x350.jpg 507w, https:\/\/www.organisator.ch\/wp-content\/uploads\/2018\/05\/Digital-Leadership-Warum-Ihr-Management-in-der-Digitalisierung-versagen-darf_Organisator-300x207.jpg 300w\" sizes=\"auto, (max-width: 640px) 100vw, 640px\" \/><figcaption id=\"caption-attachment-3624\" class=\"wp-caption-text\">On the road to digital leadership, digitized executives are a false target, says management consultant Antje Bach. (Image: Andr\u00e9 Bakker)<\/figcaption><\/figure>\n<p>In the face of digitization, more and more SMEs are throwing a lot of money at it: kick-off events with great speeches and presentations but no real content, innovation days with all the hoopla, visits to Silicon Valley ... The range of ideas on how SMEs want to successfully tackle digitization is wide. In the end, however, the same thing almost always happens: no one really makes any decisions for all the events and pleasant talk without a goal. Responsibility for digitizing the company continues to move from department to department, from executive to executive, like a misdirected package without a return slip. Or everyone is responsible for it and, as a consequence, no one is.<\/p>\n<p>That's because SMEs often focus their well-intentioned digitization efforts on their executives, whose work, however, is traditionally designed for effectiveness. And in the end, the company is surprised when the digital plan goes awry.<\/p>\n<p>I'm not saying that you as an SME should completely abandon the idea of digitization - absolutely not, you can't go that far. The only question is: Where do you really need to start?<\/p>\n<h2><strong>With a new start<\/strong><\/h2>\n<p>In my opinion, the great opportunity of digitization is not to make your management more effective. What digitization can do, on the other hand, is increase efficiency in your company. From this perspective, you can also see that management is the wrong place to start. Because efficient work is the domain of management.<\/p>\n<p>Your managers are the ones who install processes, develop key figures, manage and control processes. Management is <em>the<\/em> Definition of planning, organizing and controlling a system. Always with the noble goal of efficiency. And yes, you can very well digitize this work.<\/p>\n<p>Because managers work <em>at<\/em> system and maintain it. In a digital future, this activity can certainly be performed more quickly by a program or software - without lengthy meetings and with real transparency about figures, targets and so on, simply at the push of a button. That's why I think: Yes, you can digitize your managers - but not your executives.<\/p>\n<h2><strong>The human being in leadership<\/strong><\/h2>\n<p>Of course, numbers and processes also form the basis of managers' work, but they do not reflect the purpose of good management work. Managers work <em>at<\/em> system. That's why leadership in the digital age means more than ever taking a serious interest in people and working with them in a goal-oriented way.<\/p>\n<p>At the threshold of digital transformation, executives have the task of creating the space for the new development. Only people can meet this challenge. No computer or robot can reliably assess which strengths your employees bring to the table, where they can optimally contribute them, or where further development is still necessary. No software can convince your team to implement changes or expand their skills.<\/p>\n<p>That's why I don't want digital leadership for SMEs, and I certainly don't want CDOs and the like. Instead, I want highly human managers who lead their people through change in a goal-oriented manner. And then we can dispense with the managers and \"digitalize\" them away.<\/p>\n<p><em><strong>About the author:<\/strong> <\/em><em>Antje Bach is the owner of the management consultancy lead to Performance AG.<br \/>\n<\/em><em>\"Welcome, dear problem!\" - Antje Bach goes through life with this conviction. The author and coach likes to put her finger in the wound - hard, but equally honest and empathetic. She is convinced that every private or professional development begins with an obstacle. So it's all the nicer that people don't have to change. They are allowed to complement each other.<\/em><\/p>\n<p><em><a href=\"http:\/\/www.antjebach.de\/\">www.antjebach.de<\/a><\/em><\/p>","protected":false},"excerpt":{"rendered":"<p>Angesichts der Digitalisierung setzen immer mehr KMU viel Geld in den Sand: Kick-off-Veranstaltungen mit tollen Reden und Pr\u00e4sentationen, aber ohne wirklichen Inhalt, Innovationstage mit allem Brimborium, Besuche im Silicon Valley \u2026 Die Palette an Ideen, wie KMU die Digitalisierung erfolgreich angehen wollen, ist breit. Letztlich passiert aber so gut wie immer dasselbe: Vor lauter Veranstaltungen [&hellip;]<\/p>\n","protected":false},"author":4,"featured_media":3624,"comment_status":"open","ping_status":"open","sticky":false,"template":"","format":"standard","meta":{"_acf_changed":false,"_yoast_wpseo_focuskw":"Digital Leadership","_yoast_wpseo_metadesc":"Kleine und mittelst\u00e4ndische Unternehmen sehen sich zunehmend in Bedr\u00e4ngnis, ihre F\u00fchrung digital kompatibel zu gestalten und \u00fcberhaupt Digital Leadership zu erreichen. Digitalisierte F\u00fchrungskr\u00e4fte sind jedoch das falsche Ziel.","articlekey":"","footnotes":""},"categories":[28],"tags":[156,306,335],"class_list":["post-3622","post","type-post","status-publish","format-standard","has-post-thumbnail","hentry","category-management","tag-digitalisierung","tag-kolumne","tag-management-und-unternehmensfuehrung"],"acf":[],"yoast_head":"<!-- This site is optimized with the Yoast SEO plugin v27.5 - https:\/\/yoast.com\/product\/yoast-seo-wordpress\/ -->\n<title>Digital Leadership: Warum Ihr Management in der Digitalisierung versagen darf - Organisator<\/title>\n<meta name=\"description\" content=\"Kleine und mittelst\u00e4ndische Unternehmen sehen sich zunehmend in Bedr\u00e4ngnis, ihre F\u00fchrung digital kompatibel zu gestalten und \u00fcberhaupt Digital Leadership zu erreichen. Digitalisierte F\u00fchrungskr\u00e4fte sind jedoch das falsche Ziel.\" \/>\n<meta name=\"robots\" content=\"index, follow, max-snippet:-1, max-image-preview:large, max-video-preview:-1\" \/>\n<link rel=\"canonical\" href=\"https:\/\/www.organisator.ch\/en\/management\/2018-05-18\/digital-leadership-warum-ihr-management-in-der-digitalisierung-versagen-darf\/\" \/>\n<meta property=\"og:locale\" content=\"en_US\" \/>\n<meta property=\"og:type\" content=\"article\" \/>\n<meta property=\"og:title\" content=\"Digital Leadership: Warum Ihr Management in der Digitalisierung versagen darf\" \/>\n<meta property=\"og:description\" content=\"Kleine und mittelst\u00e4ndische Unternehmen sehen sich zunehmend in Bedr\u00e4ngnis, ihre F\u00fchrung digital kompatibel zu gestalten und \u00fcberhaupt #Digital #Leadership zu erreichen. Digitalisierte F\u00fchrungskr\u00e4fte sind jedoch das falsche Ziel.\" \/>\n<meta property=\"og:url\" content=\"https:\/\/www.organisator.ch\/en\/management\/2018-05-18\/digital-leadership-warum-ihr-management-in-der-digitalisierung-versagen-darf\/\" \/>\n<meta property=\"og:site_name\" content=\"Organisator\" \/>\n<meta property=\"article:publisher\" content=\"https:\/\/www.facebook.com\/OrganisatorFachmagazin\" \/>\n<meta property=\"article:published_time\" content=\"2018-05-18T07:15:38+00:00\" \/>\n<meta property=\"og:image\" content=\"https:\/\/www.organisator.ch\/wp-content\/uploads\/2018\/05\/Digital-Leadership-Warum-Ihr-Management-in-der-Digitalisierung-versagen-darf_Organisator.jpg\" \/>\n\t<meta property=\"og:image:width\" content=\"640\" \/>\n\t<meta property=\"og:image:height\" content=\"442\" \/>\n\t<meta property=\"og:image:type\" content=\"image\/jpeg\" \/>\n<meta name=\"author\" content=\"thomas.berner\" \/>\n<meta name=\"twitter:card\" content=\"summary_large_image\" \/>\n<meta name=\"twitter:title\" content=\"#DigitalLeadership: Warum Ihr Management in der Digitalisierung versagen darf\" \/>\n<meta name=\"twitter:description\" content=\"Kleine und mittelst\u00e4ndische Unternehmen sehen sich zunehmend in Bedr\u00e4ngnis, ihre F\u00fchrung digital kompatibel zu gestalten und \u00fcberhaupt #DigitalLeadership zu erreichen. #DigitalisierteF\u00fchrungskr\u00e4fte sind jedoch das falsche Ziel.\" \/>\n<meta name=\"twitter:image\" content=\"https:\/\/www.organisator.ch\/wp-content\/uploads\/2018\/05\/Digital-Leadership-Warum-Ihr-Management-in-der-Digitalisierung-versagen-darf_Organisator.jpg\" \/>\n<script type=\"application\/ld+json\" class=\"yoast-schema-graph\">{\"@context\":\"https:\\\/\\\/schema.org\",\"@graph\":[{\"@type\":\"Article\",\"@id\":\"https:\\\/\\\/www.organisator.ch\\\/management\\\/2018-05-18\\\/digital-leadership-warum-ihr-management-in-der-digitalisierung-versagen-darf\\\/#article\",\"isPartOf\":{\"@id\":\"https:\\\/\\\/www.organisator.ch\\\/management\\\/2018-05-18\\\/digital-leadership-warum-ihr-management-in-der-digitalisierung-versagen-darf\\\/\"},\"author\":{\"name\":\"thomas.berner\",\"@id\":\"https:\\\/\\\/www.organisator.ch\\\/#\\\/schema\\\/person\\\/6f650f90b2842cd4c0cc334b4e36f67e\"},\"headline\":\"Digital Leadership: Warum Ihr Management in der Digitalisierung versagen darf\",\"datePublished\":\"2018-05-18T07:15:38+00:00\",\"mainEntityOfPage\":{\"@id\":\"https:\\\/\\\/www.organisator.ch\\\/management\\\/2018-05-18\\\/digital-leadership-warum-ihr-management-in-der-digitalisierung-versagen-darf\\\/\"},\"wordCount\":640,\"commentCount\":1,\"publisher\":{\"@id\":\"https:\\\/\\\/www.organisator.ch\\\/#organization\"},\"image\":{\"@id\":\"https:\\\/\\\/www.organisator.ch\\\/management\\\/2018-05-18\\\/digital-leadership-warum-ihr-management-in-der-digitalisierung-versagen-darf\\\/#primaryimage\"},\"thumbnailUrl\":\"https:\\\/\\\/www.organisator.ch\\\/wp-content\\\/uploads\\\/2018\\\/05\\\/Digital-Leadership-Warum-Ihr-Management-in-der-Digitalisierung-versagen-darf_Organisator.jpg\",\"keywords\":[\"Digitalisierung\",\"Kolumne\",\"Management und Unternehmensf\u00fchrung\"],\"articleSection\":[\"MANAGEMENT\"],\"inLanguage\":\"en-US\"},{\"@type\":\"WebPage\",\"@id\":\"https:\\\/\\\/www.organisator.ch\\\/management\\\/2018-05-18\\\/digital-leadership-warum-ihr-management-in-der-digitalisierung-versagen-darf\\\/\",\"url\":\"https:\\\/\\\/www.organisator.ch\\\/management\\\/2018-05-18\\\/digital-leadership-warum-ihr-management-in-der-digitalisierung-versagen-darf\\\/\",\"name\":\"Digital Leadership: Warum Ihr Management in der Digitalisierung versagen darf - Organisator\",\"isPartOf\":{\"@id\":\"https:\\\/\\\/www.organisator.ch\\\/#website\"},\"primaryImageOfPage\":{\"@id\":\"https:\\\/\\\/www.organisator.ch\\\/management\\\/2018-05-18\\\/digital-leadership-warum-ihr-management-in-der-digitalisierung-versagen-darf\\\/#primaryimage\"},\"image\":{\"@id\":\"https:\\\/\\\/www.organisator.ch\\\/management\\\/2018-05-18\\\/digital-leadership-warum-ihr-management-in-der-digitalisierung-versagen-darf\\\/#primaryimage\"},\"thumbnailUrl\":\"https:\\\/\\\/www.organisator.ch\\\/wp-content\\\/uploads\\\/2018\\\/05\\\/Digital-Leadership-Warum-Ihr-Management-in-der-Digitalisierung-versagen-darf_Organisator.jpg\",\"datePublished\":\"2018-05-18T07:15:38+00:00\",\"description\":\"Kleine und mittelst\u00e4ndische Unternehmen sehen sich zunehmend in Bedr\u00e4ngnis, ihre F\u00fchrung digital kompatibel zu gestalten und \u00fcberhaupt Digital Leadership zu erreichen. Digitalisierte F\u00fchrungskr\u00e4fte sind jedoch das falsche Ziel.\",\"breadcrumb\":{\"@id\":\"https:\\\/\\\/www.organisator.ch\\\/management\\\/2018-05-18\\\/digital-leadership-warum-ihr-management-in-der-digitalisierung-versagen-darf\\\/#breadcrumb\"},\"inLanguage\":\"en-US\",\"potentialAction\":[{\"@type\":\"ReadAction\",\"target\":[\"https:\\\/\\\/www.organisator.ch\\\/management\\\/2018-05-18\\\/digital-leadership-warum-ihr-management-in-der-digitalisierung-versagen-darf\\\/\"]}]},{\"@type\":\"ImageObject\",\"inLanguage\":\"en-US\",\"@id\":\"https:\\\/\\\/www.organisator.ch\\\/management\\\/2018-05-18\\\/digital-leadership-warum-ihr-management-in-der-digitalisierung-versagen-darf\\\/#primaryimage\",\"url\":\"https:\\\/\\\/www.organisator.ch\\\/wp-content\\\/uploads\\\/2018\\\/05\\\/Digital-Leadership-Warum-Ihr-Management-in-der-Digitalisierung-versagen-darf_Organisator.jpg\",\"contentUrl\":\"https:\\\/\\\/www.organisator.ch\\\/wp-content\\\/uploads\\\/2018\\\/05\\\/Digital-Leadership-Warum-Ihr-Management-in-der-Digitalisierung-versagen-darf_Organisator.jpg\",\"width\":640,\"height\":442,\"caption\":\"Auf dem Weg zu Digital Leadership sind digitalisierte F\u00fchrungskr\u00e4fte ein falsches Ziel, meint Unternehmensberaterin Antje Bach. (Bild: Andr\u00e9 Bakker)\"},{\"@type\":\"BreadcrumbList\",\"@id\":\"https:\\\/\\\/www.organisator.ch\\\/management\\\/2018-05-18\\\/digital-leadership-warum-ihr-management-in-der-digitalisierung-versagen-darf\\\/#breadcrumb\",\"itemListElement\":[{\"@type\":\"ListItem\",\"position\":1,\"name\":\"Home\",\"item\":\"https:\\\/\\\/www.organisator.ch\\\/\"},{\"@type\":\"ListItem\",\"position\":2,\"name\":\"Digital Leadership: Warum Ihr Management in der Digitalisierung versagen darf\"}]},{\"@type\":\"WebSite\",\"@id\":\"https:\\\/\\\/www.organisator.ch\\\/#website\",\"url\":\"https:\\\/\\\/www.organisator.ch\\\/\",\"name\":\"Organisator\",\"description\":\"Kompetent. Praxisnah. Der ORGANISATOR bereitet in 10 Ausgaben pro Jahr die wesentlichen Themen f\u00fcr F\u00fchrungskr\u00e4fte von KMU auf.\",\"publisher\":{\"@id\":\"https:\\\/\\\/www.organisator.ch\\\/#organization\"},\"potentialAction\":[{\"@type\":\"SearchAction\",\"target\":{\"@type\":\"EntryPoint\",\"urlTemplate\":\"https:\\\/\\\/www.organisator.ch\\\/?s={search_term_string}\"},\"query-input\":{\"@type\":\"PropertyValueSpecification\",\"valueRequired\":true,\"valueName\":\"search_term_string\"}}],\"inLanguage\":\"en-US\"},{\"@type\":\"Organization\",\"@id\":\"https:\\\/\\\/www.organisator.ch\\\/#organization\",\"name\":\"Organisator\",\"url\":\"https:\\\/\\\/www.organisator.ch\\\/\",\"logo\":{\"@type\":\"ImageObject\",\"inLanguage\":\"en-US\",\"@id\":\"https:\\\/\\\/www.organisator.ch\\\/#\\\/schema\\\/logo\\\/image\\\/\",\"url\":\"https:\\\/\\\/www.organisator.ch\\\/wp-content\\\/uploads\\\/2022\\\/01\\\/Logo_Organisator_Website.png\",\"contentUrl\":\"https:\\\/\\\/www.organisator.ch\\\/wp-content\\\/uploads\\\/2022\\\/01\\\/Logo_Organisator_Website.png\",\"width\":800,\"height\":77,\"caption\":\"Organisator\"},\"image\":{\"@id\":\"https:\\\/\\\/www.organisator.ch\\\/#\\\/schema\\\/logo\\\/image\\\/\"},\"sameAs\":[\"https:\\\/\\\/www.facebook.com\\\/OrganisatorFachmagazin\",\"https:\\\/\\\/www.linkedin.com\\\/showcase\\\/organisator-das-magazin-fr-kmu\",\"https:\\\/\\\/www.xing.com\\\/news\\\/pages\\\/organisator-ch-695\",\"https:\\\/\\\/www.youtube.com\\\/channel\\\/UCGP2Sq0iWaZwT3BdIAQFYpw\"]},{\"@type\":\"Person\",\"@id\":\"https:\\\/\\\/www.organisator.ch\\\/#\\\/schema\\\/person\\\/6f650f90b2842cd4c0cc334b4e36f67e\",\"name\":\"thomas.berner\",\"image\":{\"@type\":\"ImageObject\",\"inLanguage\":\"en-US\",\"@id\":\"https:\\\/\\\/secure.gravatar.com\\\/avatar\\\/ac5001d2a36cb6c6cd3e50789007ffca834b477b74a2144564522e944eabff61?s=96&d=mm&r=g\",\"url\":\"https:\\\/\\\/secure.gravatar.com\\\/avatar\\\/ac5001d2a36cb6c6cd3e50789007ffca834b477b74a2144564522e944eabff61?s=96&d=mm&r=g\",\"contentUrl\":\"https:\\\/\\\/secure.gravatar.com\\\/avatar\\\/ac5001d2a36cb6c6cd3e50789007ffca834b477b74a2144564522e944eabff61?s=96&d=mm&r=g\",\"caption\":\"thomas.berner\"},\"url\":\"https:\\\/\\\/www.organisator.ch\\\/en\\\/author\\\/thomas-berner\\\/\"}]}<\/script>\n<!-- \/ Yoast SEO plugin. -->","yoast_head_json":{"title":"Digital Leadership: Why Your Management May Fail in Digitalization - Organizer","description":"Small and midsize companies are increasingly finding themselves struggling to make their leadership digitally compatible and to achieve digital leadership at all. However, digitized leaders are the wrong target.","robots":{"index":"index","follow":"follow","max-snippet":"max-snippet:-1","max-image-preview":"max-image-preview:large","max-video-preview":"max-video-preview:-1"},"canonical":"https:\/\/www.organisator.ch\/en\/management\/2018-05-18\/digital-leadership-warum-ihr-management-in-der-digitalisierung-versagen-darf\/","og_locale":"en_US","og_type":"article","og_title":"Digital Leadership: Warum Ihr Management in der Digitalisierung versagen darf","og_description":"Kleine und mittelst\u00e4ndische Unternehmen sehen sich zunehmend in Bedr\u00e4ngnis, ihre F\u00fchrung digital kompatibel zu gestalten und \u00fcberhaupt #Digital #Leadership zu erreichen. Digitalisierte F\u00fchrungskr\u00e4fte sind jedoch das falsche Ziel.","og_url":"https:\/\/www.organisator.ch\/en\/management\/2018-05-18\/digital-leadership-warum-ihr-management-in-der-digitalisierung-versagen-darf\/","og_site_name":"Organisator","article_publisher":"https:\/\/www.facebook.com\/OrganisatorFachmagazin","article_published_time":"2018-05-18T07:15:38+00:00","og_image":[{"width":640,"height":442,"url":"https:\/\/www.organisator.ch\/wp-content\/uploads\/2018\/05\/Digital-Leadership-Warum-Ihr-Management-in-der-Digitalisierung-versagen-darf_Organisator.jpg","type":"image\/jpeg"}],"author":"thomas.berner","twitter_card":"summary_large_image","twitter_title":"#DigitalLeadership: Warum Ihr Management in der Digitalisierung versagen darf","twitter_description":"Kleine und mittelst\u00e4ndische Unternehmen sehen sich zunehmend in Bedr\u00e4ngnis, ihre F\u00fchrung digital kompatibel zu gestalten und \u00fcberhaupt #DigitalLeadership zu erreichen. #DigitalisierteF\u00fchrungskr\u00e4fte sind jedoch das falsche Ziel.","twitter_image":"https:\/\/www.organisator.ch\/wp-content\/uploads\/2018\/05\/Digital-Leadership-Warum-Ihr-Management-in-der-Digitalisierung-versagen-darf_Organisator.jpg","schema":{"@context":"https:\/\/schema.org","@graph":[{"@type":"Article","@id":"https:\/\/www.organisator.ch\/management\/2018-05-18\/digital-leadership-warum-ihr-management-in-der-digitalisierung-versagen-darf\/#article","isPartOf":{"@id":"https:\/\/www.organisator.ch\/management\/2018-05-18\/digital-leadership-warum-ihr-management-in-der-digitalisierung-versagen-darf\/"},"author":{"name":"thomas.berner","@id":"https:\/\/www.organisator.ch\/#\/schema\/person\/6f650f90b2842cd4c0cc334b4e36f67e"},"headline":"Digital Leadership: Warum Ihr Management in der Digitalisierung versagen darf","datePublished":"2018-05-18T07:15:38+00:00","mainEntityOfPage":{"@id":"https:\/\/www.organisator.ch\/management\/2018-05-18\/digital-leadership-warum-ihr-management-in-der-digitalisierung-versagen-darf\/"},"wordCount":640,"commentCount":1,"publisher":{"@id":"https:\/\/www.organisator.ch\/#organization"},"image":{"@id":"https:\/\/www.organisator.ch\/management\/2018-05-18\/digital-leadership-warum-ihr-management-in-der-digitalisierung-versagen-darf\/#primaryimage"},"thumbnailUrl":"https:\/\/www.organisator.ch\/wp-content\/uploads\/2018\/05\/Digital-Leadership-Warum-Ihr-Management-in-der-Digitalisierung-versagen-darf_Organisator.jpg","keywords":["Digitalisierung","Kolumne","Management und Unternehmensf\u00fchrung"],"articleSection":["MANAGEMENT"],"inLanguage":"en-US"},{"@type":"WebPage","@id":"https:\/\/www.organisator.ch\/management\/2018-05-18\/digital-leadership-warum-ihr-management-in-der-digitalisierung-versagen-darf\/","url":"https:\/\/www.organisator.ch\/management\/2018-05-18\/digital-leadership-warum-ihr-management-in-der-digitalisierung-versagen-darf\/","name":"Digital Leadership: Why Your Management May Fail in Digitalization - Organizer","isPartOf":{"@id":"https:\/\/www.organisator.ch\/#website"},"primaryImageOfPage":{"@id":"https:\/\/www.organisator.ch\/management\/2018-05-18\/digital-leadership-warum-ihr-management-in-der-digitalisierung-versagen-darf\/#primaryimage"},"image":{"@id":"https:\/\/www.organisator.ch\/management\/2018-05-18\/digital-leadership-warum-ihr-management-in-der-digitalisierung-versagen-darf\/#primaryimage"},"thumbnailUrl":"https:\/\/www.organisator.ch\/wp-content\/uploads\/2018\/05\/Digital-Leadership-Warum-Ihr-Management-in-der-Digitalisierung-versagen-darf_Organisator.jpg","datePublished":"2018-05-18T07:15:38+00:00","description":"Small and midsize companies are increasingly finding themselves struggling to make their leadership digitally compatible and to achieve digital leadership at all. However, digitized leaders are the wrong target.","breadcrumb":{"@id":"https:\/\/www.organisator.ch\/management\/2018-05-18\/digital-leadership-warum-ihr-management-in-der-digitalisierung-versagen-darf\/#breadcrumb"},"inLanguage":"en-US","potentialAction":[{"@type":"ReadAction","target":["https:\/\/www.organisator.ch\/management\/2018-05-18\/digital-leadership-warum-ihr-management-in-der-digitalisierung-versagen-darf\/"]}]},{"@type":"ImageObject","inLanguage":"en-US","@id":"https:\/\/www.organisator.ch\/management\/2018-05-18\/digital-leadership-warum-ihr-management-in-der-digitalisierung-versagen-darf\/#primaryimage","url":"https:\/\/www.organisator.ch\/wp-content\/uploads\/2018\/05\/Digital-Leadership-Warum-Ihr-Management-in-der-Digitalisierung-versagen-darf_Organisator.jpg","contentUrl":"https:\/\/www.organisator.ch\/wp-content\/uploads\/2018\/05\/Digital-Leadership-Warum-Ihr-Management-in-der-Digitalisierung-versagen-darf_Organisator.jpg","width":640,"height":442,"caption":"Auf dem Weg zu Digital Leadership sind digitalisierte F\u00fchrungskr\u00e4fte ein falsches Ziel, meint Unternehmensberaterin Antje Bach. (Bild: Andr\u00e9 Bakker)"},{"@type":"BreadcrumbList","@id":"https:\/\/www.organisator.ch\/management\/2018-05-18\/digital-leadership-warum-ihr-management-in-der-digitalisierung-versagen-darf\/#breadcrumb","itemListElement":[{"@type":"ListItem","position":1,"name":"Home","item":"https:\/\/www.organisator.ch\/"},{"@type":"ListItem","position":2,"name":"Digital Leadership: Warum Ihr Management in der Digitalisierung versagen darf"}]},{"@type":"WebSite","@id":"https:\/\/www.organisator.ch\/#website","url":"https:\/\/www.organisator.ch\/","name":"Organizer","description":"Competent. Practical. In 10 issues per year, ORGANISATOR presents the essential topics for managers of SMEs.","publisher":{"@id":"https:\/\/www.organisator.ch\/#organization"},"potentialAction":[{"@type":"SearchAction","target":{"@type":"EntryPoint","urlTemplate":"https:\/\/www.organisator.ch\/?s={search_term_string}"},"query-input":{"@type":"PropertyValueSpecification","valueRequired":true,"valueName":"search_term_string"}}],"inLanguage":"en-US"},{"@type":"Organization","@id":"https:\/\/www.organisator.ch\/#organization","name":"Organizer","url":"https:\/\/www.organisator.ch\/","logo":{"@type":"ImageObject","inLanguage":"en-US","@id":"https:\/\/www.organisator.ch\/#\/schema\/logo\/image\/","url":"https:\/\/www.organisator.ch\/wp-content\/uploads\/2022\/01\/Logo_Organisator_Website.png","contentUrl":"https:\/\/www.organisator.ch\/wp-content\/uploads\/2022\/01\/Logo_Organisator_Website.png","width":800,"height":77,"caption":"Organisator"},"image":{"@id":"https:\/\/www.organisator.ch\/#\/schema\/logo\/image\/"},"sameAs":["https:\/\/www.facebook.com\/OrganisatorFachmagazin","https:\/\/www.linkedin.com\/showcase\/organisator-das-magazin-fr-kmu","https:\/\/www.xing.com\/news\/pages\/organisator-ch-695","https:\/\/www.youtube.com\/channel\/UCGP2Sq0iWaZwT3BdIAQFYpw"]},{"@type":"Person","@id":"https:\/\/www.organisator.ch\/#\/schema\/person\/6f650f90b2842cd4c0cc334b4e36f67e","name":"thomas.berner","image":{"@type":"ImageObject","inLanguage":"en-US","@id":"https:\/\/secure.gravatar.com\/avatar\/ac5001d2a36cb6c6cd3e50789007ffca834b477b74a2144564522e944eabff61?s=96&d=mm&r=g","url":"https:\/\/secure.gravatar.com\/avatar\/ac5001d2a36cb6c6cd3e50789007ffca834b477b74a2144564522e944eabff61?s=96&d=mm&r=g","contentUrl":"https:\/\/secure.gravatar.com\/avatar\/ac5001d2a36cb6c6cd3e50789007ffca834b477b74a2144564522e944eabff61?s=96&d=mm&r=g","caption":"thomas.berner"},"url":"https:\/\/www.organisator.ch\/en\/author\/thomas-berner\/"}]}},"_links":{"self":[{"href":"https:\/\/www.organisator.ch\/en\/wp-json\/wp\/v2\/posts\/3622","targetHints":{"allow":["GET"]}}],"collection":[{"href":"https:\/\/www.organisator.ch\/en\/wp-json\/wp\/v2\/posts"}],"about":[{"href":"https:\/\/www.organisator.ch\/en\/wp-json\/wp\/v2\/types\/post"}],"author":[{"embeddable":true,"href":"https:\/\/www.organisator.ch\/en\/wp-json\/wp\/v2\/users\/4"}],"replies":[{"embeddable":true,"href":"https:\/\/www.organisator.ch\/en\/wp-json\/wp\/v2\/comments?post=3622"}],"version-history":[{"count":0,"href":"https:\/\/www.organisator.ch\/en\/wp-json\/wp\/v2\/posts\/3622\/revisions"}],"wp:featuredmedia":[{"embeddable":true,"href":"https:\/\/www.organisator.ch\/en\/wp-json\/wp\/v2\/media\/3624"}],"wp:attachment":[{"href":"https:\/\/www.organisator.ch\/en\/wp-json\/wp\/v2\/media?parent=3622"}],"wp:term":[{"taxonomy":"category","embeddable":true,"href":"https:\/\/www.organisator.ch\/en\/wp-json\/wp\/v2\/categories?post=3622"},{"taxonomy":"post_tag","embeddable":true,"href":"https:\/\/www.organisator.ch\/en\/wp-json\/wp\/v2\/tags?post=3622"}],"curies":[{"name":"wp","href":"https:\/\/api.w.org\/{rel}","templated":true}]}}