{"id":3627,"date":"2018-05-22T13:49:42","date_gmt":"2018-05-22T11:49:42","guid":{"rendered":"https:\/\/www.organisator.ch\/?p=3627"},"modified":"2018-05-22T13:49:42","modified_gmt":"2018-05-22T11:49:42","slug":"eu-dsgvo-ante-portas-was-werbetreibende-in-sachen-adtech-beachten-sollten","status":"publish","type":"post","link":"https:\/\/www.organisator.ch\/en\/marketing\/2018-05-22\/eu-dsgvo-ante-portas-was-werbetreibende-in-sachen-adtech-beachten-sollten\/","title":{"rendered":"EU-DSGVO ante portas: What advertisers should keep in mind when it comes to adtech"},"content":{"rendered":"<figure id=\"attachment_3628\" aria-describedby=\"caption-attachment-3628\" style=\"width: 547px\" class=\"wp-caption alignnone\"><img loading=\"lazy\" decoding=\"async\" class=\"size-full wp-image-3628\" src=\"https:\/\/www.organisator.ch\/wp-content\/uploads\/2018\/05\/EU-DSGVO-ante-portas-Was-Werbetreibende-in-Sachen-Adtech-beachten-sollten-1_Organisator.jpg\" alt=\"\" width=\"547\" height=\"480\" srcset=\"https:\/\/www.organisator.ch\/wp-content\/uploads\/2018\/05\/EU-DSGVO-ante-portas-Was-Werbetreibende-in-Sachen-Adtech-beachten-sollten-1_Organisator.jpg 547w, https:\/\/www.organisator.ch\/wp-content\/uploads\/2018\/05\/EU-DSGVO-ante-portas-Was-Werbetreibende-in-Sachen-Adtech-beachten-sollten-1_Organisator-14x12.jpg 14w, https:\/\/www.organisator.ch\/wp-content\/uploads\/2018\/05\/EU-DSGVO-ante-portas-Was-Werbetreibende-in-Sachen-Adtech-beachten-sollten-1_Organisator-199x175.jpg 199w, https:\/\/www.organisator.ch\/wp-content\/uploads\/2018\/05\/EU-DSGVO-ante-portas-Was-Werbetreibende-in-Sachen-Adtech-beachten-sollten-1_Organisator-399x350.jpg 399w, https:\/\/www.organisator.ch\/wp-content\/uploads\/2018\/05\/EU-DSGVO-ante-portas-Was-Werbetreibende-in-Sachen-Adtech-beachten-sollten-1_Organisator-300x263.jpg 300w\" sizes=\"auto, (max-width: 547px) 100vw, 547px\" \/><figcaption id=\"caption-attachment-3628\" class=\"wp-caption-text\">Ekaterina Tyurina comments on the impact of the EU GDPR on Adtech. (Image: Tradelab)<\/figcaption><\/figure>\n<p>The fact that the General Data Protection Regulation (EU GDPR) will come into force on May 25, 2018 and that preparations must be made in companies has been on everyone's lips for weeks. The most important points of the GDPR as well as the upcoming changes regarding data protection, which the regulation brings with it, should have been understood and registered by now. On the central concept of user consent, Ekaterina Tyurina from <a href=\"http:\/\/tradelab.com\/de\/\">Tradelab<\/a>\u00a0in the following interview and recalls in which respects the EU GDPR has an impact on digital marketing and adtech.<\/p>\n<p><em>What length of time do you recommend ad tech players conserve personal data collected on behalf of advertisers?<\/em><\/p>\n<p><strong>Ekaterina Tyurina:<\/strong> The law does not prescribe a period of time, but nevertheless enforces that the storage of personal data must be limited to a strict minimum, with respect to the data processing intentions defined by the company. In short, in fact, each company itself must take the responsibility to define and justify the period of data processing. I am in favor of an automatic data erasure routine. In our company, Tradelab, we limit data preservation to six months.<\/p>\n<p><em>Are you afraid that many users do not want to disclose their personal data and thus do not give consent to data processing?<\/em><\/p>\n<p>It's our job to be transparent and, accordingly, honest with users. We must give them the opportunity to choose the data they share. Ever heard of the term \"sensitive data\"? That's personal data that needs to be protected even more than others. This includes religious and political views, sexual orientation, or health. These characteristics can lead to social discrimination. The GDPR introduces such differentiation between sensitive data and personal data, which could be an opportunity to protect users' privacy without degrading the user experience. So, personally, I'm not afraid of opt-outs. I'm much more confident that a balance will be struck between users and advertisers.<\/p>\n<p><em>Digital advertising without cookies or data processing: Is it possible?<\/em><\/p>\n<p>Yes, it is possible. However, the quality of advertising and the level of personalization are much lower. An alternative that does not collect user IDs is the \"DoubleClick for Publishers\" initiative. In this case, however, the user is shown advertising that no longer has much to do with his personal interest. Conclusion: Without cookies, the user experience is damaged.<\/p>\n<p><em>Is the GDPR useful or harmful for the digital world?<\/em><\/p>\n<p>I definitely feel it is important. The digital area is regulated EU-wide, especially with regard to data protection, and you no longer have to think back and forth between different national regulations. The rules of the game for the digital sphere are now uniform and clear, and everyone has to make the best of it.<\/p>\n<p><em>Do you have one last tip before the General Data Protection Regulation comes into force?<\/em><\/p>\n<p>The most important thing as a digital advertising player is to be transparent with the user. Privacy must be respected, but I believe that many Internet users will give their consent to the processing of personal data if you are honest and explain to them what the data will be used for. It is also important to let them know that their consent can be revoked at any time. If you act transparently at this point, it may well lead to digital advertising acceptance on the part of the user.<\/p>","protected":false},"excerpt":{"rendered":"<p>Dass\u00a0am 25. Mai 2018 die Datenschutz-Grundverordnung (EU-DSGVO) in Kraft tritt und Vorbereitungen in Unternehmen getroffen werden m\u00fcssen, ist bereits seit Wochen in aller Munde. Die wichtigsten Punkte der DSGVO sowie die bevorstehenden \u00c4nderungen bez\u00fcglich des Datenschutzes, welche die Verordnung mit sich bringt, sollten mittlerweile verstanden und registriert worden sein. Zum zentralen Begriff des Nutzer-Einverst\u00e4ndnisses, \u00e4ussert [&hellip;]<\/p>\n","protected":false},"author":4,"featured_media":3628,"comment_status":"open","ping_status":"open","sticky":false,"template":"","format":"standard","meta":{"_acf_changed":false,"_yoast_wpseo_focuskw":"Adtech","_yoast_wpseo_metadesc":"Das Nutzer-Einverst\u00e4ndnis ist einer der zentralen Begriffe der neuen Datenschutz-Grundverordnung. Zu diesem Thema, welches sogar langj\u00e4hrige Adtech-Experten und auch Agenturen ins Schwitzen bringt, \u00e4ussert sich Ekaterina Tyurina.","articlekey":"","footnotes":""},"categories":[29],"tags":[146,156,184],"class_list":["post-3627","post","type-post","status-publish","format-standard","has-post-thumbnail","hentry","category-marketing","tag-datenschutz","tag-digitalisierung","tag-eu-dsgvo"],"acf":[],"yoast_head":"<!-- This site is optimized with the Yoast SEO plugin v27.5 - https:\/\/yoast.com\/product\/yoast-seo-wordpress\/ -->\n<title>EU-DSGVO ante portas: Was Werbetreibende in Sachen Adtech beachten sollten - Organisator<\/title>\n<meta name=\"description\" content=\"Das Nutzer-Einverst\u00e4ndnis ist einer der zentralen Begriffe der neuen Datenschutz-Grundverordnung. Zu diesem Thema, welches sogar langj\u00e4hrige Adtech-Experten und auch Agenturen ins Schwitzen bringt, \u00e4ussert sich Ekaterina Tyurina.\" \/>\n<meta name=\"robots\" content=\"index, follow, max-snippet:-1, max-image-preview:large, max-video-preview:-1\" \/>\n<link rel=\"canonical\" href=\"https:\/\/www.organisator.ch\/en\/marketing\/2018-05-22\/eu-dsgvo-ante-portas-was-werbetreibende-in-sachen-adtech-beachten-sollten\/\" \/>\n<meta property=\"og:locale\" content=\"en_US\" \/>\n<meta property=\"og:type\" content=\"article\" \/>\n<meta property=\"og:title\" content=\"EU-DSGVO ante portas: Was Werbetreibende in Sachen Adtech beachten sollten\" \/>\n<meta property=\"og:description\" content=\"Das #Nutzer-Einverst\u00e4ndnis ist einer der zentralen Begriffe der neuen #Datenschutz-Grundverordnung. Zu diesem Thema, welches sogar langj\u00e4hrige #Adtech-Experten und auch Agenturen ins Schwitzen bringt, \u00e4ussert sich Ekaterina Tyurina.\" \/>\n<meta property=\"og:url\" content=\"https:\/\/www.organisator.ch\/en\/marketing\/2018-05-22\/eu-dsgvo-ante-portas-was-werbetreibende-in-sachen-adtech-beachten-sollten\/\" \/>\n<meta property=\"og:site_name\" content=\"Organisator\" \/>\n<meta property=\"article:publisher\" content=\"https:\/\/www.facebook.com\/OrganisatorFachmagazin\" \/>\n<meta property=\"article:published_time\" content=\"2018-05-22T11:49:42+00:00\" \/>\n<meta property=\"og:image\" content=\"https:\/\/www.organisator.ch\/wp-content\/uploads\/2018\/05\/EU-DSGVO-ante-portas-Was-Werbetreibende-in-Sachen-Adtech-beachten-sollten-1_Organisator.jpg\" \/>\n\t<meta property=\"og:image:width\" content=\"547\" \/>\n\t<meta property=\"og:image:height\" content=\"480\" \/>\n\t<meta property=\"og:image:type\" content=\"image\/jpeg\" \/>\n<meta name=\"author\" content=\"thomas.berner\" \/>\n<meta name=\"twitter:card\" content=\"summary_large_image\" \/>\n<meta name=\"twitter:title\" content=\"#EU-DSGVO ante portas: Was Werbetreibende in Sachen #Adtech beachten sollten\" \/>\n<meta name=\"twitter:description\" content=\"Das #Nutzer-Einverst\u00e4ndnis ist einer der zentralen Begriffe der neuen #Datenschutz-Grundverordnung. Zu diesem Thema, welches sogar langj\u00e4hrige #Adtech-Experten und auch Agenturen ins Schwitzen bringt, \u00e4ussert sich Ekaterina Tyurina.\" \/>\n<meta name=\"twitter:image\" content=\"https:\/\/www.organisator.ch\/wp-content\/uploads\/2018\/05\/EU-DSGVO-ante-portas-Was-Werbetreibende-in-Sachen-Adtech-beachten-sollten-1_Organisator.jpg\" \/>\n<script type=\"application\/ld+json\" class=\"yoast-schema-graph\">{\"@context\":\"https:\\\/\\\/schema.org\",\"@graph\":[{\"@type\":\"Article\",\"@id\":\"https:\\\/\\\/www.organisator.ch\\\/marketing\\\/2018-05-22\\\/eu-dsgvo-ante-portas-was-werbetreibende-in-sachen-adtech-beachten-sollten\\\/#article\",\"isPartOf\":{\"@id\":\"https:\\\/\\\/www.organisator.ch\\\/marketing\\\/2018-05-22\\\/eu-dsgvo-ante-portas-was-werbetreibende-in-sachen-adtech-beachten-sollten\\\/\"},\"author\":{\"name\":\"thomas.berner\",\"@id\":\"https:\\\/\\\/www.organisator.ch\\\/#\\\/schema\\\/person\\\/6f650f90b2842cd4c0cc334b4e36f67e\"},\"headline\":\"EU-DSGVO ante portas: Was Werbetreibende in Sachen Adtech beachten sollten\",\"datePublished\":\"2018-05-22T11:49:42+00:00\",\"mainEntityOfPage\":{\"@id\":\"https:\\\/\\\/www.organisator.ch\\\/marketing\\\/2018-05-22\\\/eu-dsgvo-ante-portas-was-werbetreibende-in-sachen-adtech-beachten-sollten\\\/\"},\"wordCount\":598,\"commentCount\":0,\"publisher\":{\"@id\":\"https:\\\/\\\/www.organisator.ch\\\/#organization\"},\"image\":{\"@id\":\"https:\\\/\\\/www.organisator.ch\\\/marketing\\\/2018-05-22\\\/eu-dsgvo-ante-portas-was-werbetreibende-in-sachen-adtech-beachten-sollten\\\/#primaryimage\"},\"thumbnailUrl\":\"https:\\\/\\\/www.organisator.ch\\\/wp-content\\\/uploads\\\/2018\\\/05\\\/EU-DSGVO-ante-portas-Was-Werbetreibende-in-Sachen-Adtech-beachten-sollten-1_Organisator.jpg\",\"keywords\":[\"Datenschutz\",\"Digitalisierung\",\"EU-DSGVO\"],\"articleSection\":[\"MARKETING\"],\"inLanguage\":\"en-US\"},{\"@type\":\"WebPage\",\"@id\":\"https:\\\/\\\/www.organisator.ch\\\/marketing\\\/2018-05-22\\\/eu-dsgvo-ante-portas-was-werbetreibende-in-sachen-adtech-beachten-sollten\\\/\",\"url\":\"https:\\\/\\\/www.organisator.ch\\\/marketing\\\/2018-05-22\\\/eu-dsgvo-ante-portas-was-werbetreibende-in-sachen-adtech-beachten-sollten\\\/\",\"name\":\"EU-DSGVO ante portas: Was Werbetreibende in Sachen Adtech beachten sollten - Organisator\",\"isPartOf\":{\"@id\":\"https:\\\/\\\/www.organisator.ch\\\/#website\"},\"primaryImageOfPage\":{\"@id\":\"https:\\\/\\\/www.organisator.ch\\\/marketing\\\/2018-05-22\\\/eu-dsgvo-ante-portas-was-werbetreibende-in-sachen-adtech-beachten-sollten\\\/#primaryimage\"},\"image\":{\"@id\":\"https:\\\/\\\/www.organisator.ch\\\/marketing\\\/2018-05-22\\\/eu-dsgvo-ante-portas-was-werbetreibende-in-sachen-adtech-beachten-sollten\\\/#primaryimage\"},\"thumbnailUrl\":\"https:\\\/\\\/www.organisator.ch\\\/wp-content\\\/uploads\\\/2018\\\/05\\\/EU-DSGVO-ante-portas-Was-Werbetreibende-in-Sachen-Adtech-beachten-sollten-1_Organisator.jpg\",\"datePublished\":\"2018-05-22T11:49:42+00:00\",\"description\":\"Das Nutzer-Einverst\u00e4ndnis ist einer der zentralen Begriffe der neuen Datenschutz-Grundverordnung. Zu diesem Thema, welches sogar langj\u00e4hrige Adtech-Experten und auch Agenturen ins Schwitzen bringt, \u00e4ussert sich Ekaterina Tyurina.\",\"breadcrumb\":{\"@id\":\"https:\\\/\\\/www.organisator.ch\\\/marketing\\\/2018-05-22\\\/eu-dsgvo-ante-portas-was-werbetreibende-in-sachen-adtech-beachten-sollten\\\/#breadcrumb\"},\"inLanguage\":\"en-US\",\"potentialAction\":[{\"@type\":\"ReadAction\",\"target\":[\"https:\\\/\\\/www.organisator.ch\\\/marketing\\\/2018-05-22\\\/eu-dsgvo-ante-portas-was-werbetreibende-in-sachen-adtech-beachten-sollten\\\/\"]}]},{\"@type\":\"ImageObject\",\"inLanguage\":\"en-US\",\"@id\":\"https:\\\/\\\/www.organisator.ch\\\/marketing\\\/2018-05-22\\\/eu-dsgvo-ante-portas-was-werbetreibende-in-sachen-adtech-beachten-sollten\\\/#primaryimage\",\"url\":\"https:\\\/\\\/www.organisator.ch\\\/wp-content\\\/uploads\\\/2018\\\/05\\\/EU-DSGVO-ante-portas-Was-Werbetreibende-in-Sachen-Adtech-beachten-sollten-1_Organisator.jpg\",\"contentUrl\":\"https:\\\/\\\/www.organisator.ch\\\/wp-content\\\/uploads\\\/2018\\\/05\\\/EU-DSGVO-ante-portas-Was-Werbetreibende-in-Sachen-Adtech-beachten-sollten-1_Organisator.jpg\",\"width\":547,\"height\":480,\"caption\":\"Ekaterina Tyurina nimmt Stellung zu den Auswirkungen der EU-DSGVO auf Adtech. (Bild: Tradelab)\"},{\"@type\":\"BreadcrumbList\",\"@id\":\"https:\\\/\\\/www.organisator.ch\\\/marketing\\\/2018-05-22\\\/eu-dsgvo-ante-portas-was-werbetreibende-in-sachen-adtech-beachten-sollten\\\/#breadcrumb\",\"itemListElement\":[{\"@type\":\"ListItem\",\"position\":1,\"name\":\"Home\",\"item\":\"https:\\\/\\\/www.organisator.ch\\\/\"},{\"@type\":\"ListItem\",\"position\":2,\"name\":\"EU-DSGVO ante portas: Was Werbetreibende in Sachen Adtech beachten sollten\"}]},{\"@type\":\"WebSite\",\"@id\":\"https:\\\/\\\/www.organisator.ch\\\/#website\",\"url\":\"https:\\\/\\\/www.organisator.ch\\\/\",\"name\":\"Organisator\",\"description\":\"Kompetent. Praxisnah. Der ORGANISATOR bereitet in 10 Ausgaben pro Jahr die wesentlichen Themen f\u00fcr F\u00fchrungskr\u00e4fte von KMU auf.\",\"publisher\":{\"@id\":\"https:\\\/\\\/www.organisator.ch\\\/#organization\"},\"potentialAction\":[{\"@type\":\"SearchAction\",\"target\":{\"@type\":\"EntryPoint\",\"urlTemplate\":\"https:\\\/\\\/www.organisator.ch\\\/?s={search_term_string}\"},\"query-input\":{\"@type\":\"PropertyValueSpecification\",\"valueRequired\":true,\"valueName\":\"search_term_string\"}}],\"inLanguage\":\"en-US\"},{\"@type\":\"Organization\",\"@id\":\"https:\\\/\\\/www.organisator.ch\\\/#organization\",\"name\":\"Organisator\",\"url\":\"https:\\\/\\\/www.organisator.ch\\\/\",\"logo\":{\"@type\":\"ImageObject\",\"inLanguage\":\"en-US\",\"@id\":\"https:\\\/\\\/www.organisator.ch\\\/#\\\/schema\\\/logo\\\/image\\\/\",\"url\":\"https:\\\/\\\/www.organisator.ch\\\/wp-content\\\/uploads\\\/2022\\\/01\\\/Logo_Organisator_Website.png\",\"contentUrl\":\"https:\\\/\\\/www.organisator.ch\\\/wp-content\\\/uploads\\\/2022\\\/01\\\/Logo_Organisator_Website.png\",\"width\":800,\"height\":77,\"caption\":\"Organisator\"},\"image\":{\"@id\":\"https:\\\/\\\/www.organisator.ch\\\/#\\\/schema\\\/logo\\\/image\\\/\"},\"sameAs\":[\"https:\\\/\\\/www.facebook.com\\\/OrganisatorFachmagazin\",\"https:\\\/\\\/www.linkedin.com\\\/showcase\\\/organisator-das-magazin-fr-kmu\",\"https:\\\/\\\/www.xing.com\\\/news\\\/pages\\\/organisator-ch-695\",\"https:\\\/\\\/www.youtube.com\\\/channel\\\/UCGP2Sq0iWaZwT3BdIAQFYpw\"]},{\"@type\":\"Person\",\"@id\":\"https:\\\/\\\/www.organisator.ch\\\/#\\\/schema\\\/person\\\/6f650f90b2842cd4c0cc334b4e36f67e\",\"name\":\"thomas.berner\",\"image\":{\"@type\":\"ImageObject\",\"inLanguage\":\"en-US\",\"@id\":\"https:\\\/\\\/secure.gravatar.com\\\/avatar\\\/ac5001d2a36cb6c6cd3e50789007ffca834b477b74a2144564522e944eabff61?s=96&d=mm&r=g\",\"url\":\"https:\\\/\\\/secure.gravatar.com\\\/avatar\\\/ac5001d2a36cb6c6cd3e50789007ffca834b477b74a2144564522e944eabff61?s=96&d=mm&r=g\",\"contentUrl\":\"https:\\\/\\\/secure.gravatar.com\\\/avatar\\\/ac5001d2a36cb6c6cd3e50789007ffca834b477b74a2144564522e944eabff61?s=96&d=mm&r=g\",\"caption\":\"thomas.berner\"},\"url\":\"https:\\\/\\\/www.organisator.ch\\\/en\\\/author\\\/thomas-berner\\\/\"}]}<\/script>\n<!-- \/ Yoast SEO plugin. -->","yoast_head_json":{"title":"EU-DSGVO ante portas: What advertisers should consider in terms of adtech - Organizer","description":"User consent is one of the central concepts of the new General Data Protection Regulation. Ekaterina Tyurina talks about this topic, which has even made long-time adtech experts and agencies sweat.","robots":{"index":"index","follow":"follow","max-snippet":"max-snippet:-1","max-image-preview":"max-image-preview:large","max-video-preview":"max-video-preview:-1"},"canonical":"https:\/\/www.organisator.ch\/en\/marketing\/2018-05-22\/eu-dsgvo-ante-portas-was-werbetreibende-in-sachen-adtech-beachten-sollten\/","og_locale":"en_US","og_type":"article","og_title":"EU-DSGVO ante portas: Was Werbetreibende in Sachen Adtech beachten sollten","og_description":"Das #Nutzer-Einverst\u00e4ndnis ist einer der zentralen Begriffe der neuen #Datenschutz-Grundverordnung. Zu diesem Thema, welches sogar langj\u00e4hrige #Adtech-Experten und auch Agenturen ins Schwitzen bringt, \u00e4ussert sich Ekaterina Tyurina.","og_url":"https:\/\/www.organisator.ch\/en\/marketing\/2018-05-22\/eu-dsgvo-ante-portas-was-werbetreibende-in-sachen-adtech-beachten-sollten\/","og_site_name":"Organisator","article_publisher":"https:\/\/www.facebook.com\/OrganisatorFachmagazin","article_published_time":"2018-05-22T11:49:42+00:00","og_image":[{"width":547,"height":480,"url":"https:\/\/www.organisator.ch\/wp-content\/uploads\/2018\/05\/EU-DSGVO-ante-portas-Was-Werbetreibende-in-Sachen-Adtech-beachten-sollten-1_Organisator.jpg","type":"image\/jpeg"}],"author":"thomas.berner","twitter_card":"summary_large_image","twitter_title":"#EU-DSGVO ante portas: Was Werbetreibende in Sachen #Adtech beachten sollten","twitter_description":"Das #Nutzer-Einverst\u00e4ndnis ist einer der zentralen Begriffe der neuen #Datenschutz-Grundverordnung. Zu diesem Thema, welches sogar langj\u00e4hrige #Adtech-Experten und auch Agenturen ins Schwitzen bringt, \u00e4ussert sich Ekaterina Tyurina.","twitter_image":"https:\/\/www.organisator.ch\/wp-content\/uploads\/2018\/05\/EU-DSGVO-ante-portas-Was-Werbetreibende-in-Sachen-Adtech-beachten-sollten-1_Organisator.jpg","schema":{"@context":"https:\/\/schema.org","@graph":[{"@type":"Article","@id":"https:\/\/www.organisator.ch\/marketing\/2018-05-22\/eu-dsgvo-ante-portas-was-werbetreibende-in-sachen-adtech-beachten-sollten\/#article","isPartOf":{"@id":"https:\/\/www.organisator.ch\/marketing\/2018-05-22\/eu-dsgvo-ante-portas-was-werbetreibende-in-sachen-adtech-beachten-sollten\/"},"author":{"name":"thomas.berner","@id":"https:\/\/www.organisator.ch\/#\/schema\/person\/6f650f90b2842cd4c0cc334b4e36f67e"},"headline":"EU-DSGVO ante portas: Was Werbetreibende in Sachen Adtech beachten sollten","datePublished":"2018-05-22T11:49:42+00:00","mainEntityOfPage":{"@id":"https:\/\/www.organisator.ch\/marketing\/2018-05-22\/eu-dsgvo-ante-portas-was-werbetreibende-in-sachen-adtech-beachten-sollten\/"},"wordCount":598,"commentCount":0,"publisher":{"@id":"https:\/\/www.organisator.ch\/#organization"},"image":{"@id":"https:\/\/www.organisator.ch\/marketing\/2018-05-22\/eu-dsgvo-ante-portas-was-werbetreibende-in-sachen-adtech-beachten-sollten\/#primaryimage"},"thumbnailUrl":"https:\/\/www.organisator.ch\/wp-content\/uploads\/2018\/05\/EU-DSGVO-ante-portas-Was-Werbetreibende-in-Sachen-Adtech-beachten-sollten-1_Organisator.jpg","keywords":["Datenschutz","Digitalisierung","EU-DSGVO"],"articleSection":["MARKETING"],"inLanguage":"en-US"},{"@type":"WebPage","@id":"https:\/\/www.organisator.ch\/marketing\/2018-05-22\/eu-dsgvo-ante-portas-was-werbetreibende-in-sachen-adtech-beachten-sollten\/","url":"https:\/\/www.organisator.ch\/marketing\/2018-05-22\/eu-dsgvo-ante-portas-was-werbetreibende-in-sachen-adtech-beachten-sollten\/","name":"EU-DSGVO ante portas: What advertisers should consider in terms of adtech - Organizer","isPartOf":{"@id":"https:\/\/www.organisator.ch\/#website"},"primaryImageOfPage":{"@id":"https:\/\/www.organisator.ch\/marketing\/2018-05-22\/eu-dsgvo-ante-portas-was-werbetreibende-in-sachen-adtech-beachten-sollten\/#primaryimage"},"image":{"@id":"https:\/\/www.organisator.ch\/marketing\/2018-05-22\/eu-dsgvo-ante-portas-was-werbetreibende-in-sachen-adtech-beachten-sollten\/#primaryimage"},"thumbnailUrl":"https:\/\/www.organisator.ch\/wp-content\/uploads\/2018\/05\/EU-DSGVO-ante-portas-Was-Werbetreibende-in-Sachen-Adtech-beachten-sollten-1_Organisator.jpg","datePublished":"2018-05-22T11:49:42+00:00","description":"User consent is one of the central concepts of the new General Data Protection Regulation. Ekaterina Tyurina talks about this topic, which has even made long-time adtech experts and agencies sweat.","breadcrumb":{"@id":"https:\/\/www.organisator.ch\/marketing\/2018-05-22\/eu-dsgvo-ante-portas-was-werbetreibende-in-sachen-adtech-beachten-sollten\/#breadcrumb"},"inLanguage":"en-US","potentialAction":[{"@type":"ReadAction","target":["https:\/\/www.organisator.ch\/marketing\/2018-05-22\/eu-dsgvo-ante-portas-was-werbetreibende-in-sachen-adtech-beachten-sollten\/"]}]},{"@type":"ImageObject","inLanguage":"en-US","@id":"https:\/\/www.organisator.ch\/marketing\/2018-05-22\/eu-dsgvo-ante-portas-was-werbetreibende-in-sachen-adtech-beachten-sollten\/#primaryimage","url":"https:\/\/www.organisator.ch\/wp-content\/uploads\/2018\/05\/EU-DSGVO-ante-portas-Was-Werbetreibende-in-Sachen-Adtech-beachten-sollten-1_Organisator.jpg","contentUrl":"https:\/\/www.organisator.ch\/wp-content\/uploads\/2018\/05\/EU-DSGVO-ante-portas-Was-Werbetreibende-in-Sachen-Adtech-beachten-sollten-1_Organisator.jpg","width":547,"height":480,"caption":"Ekaterina Tyurina nimmt Stellung zu den Auswirkungen der EU-DSGVO auf Adtech. (Bild: Tradelab)"},{"@type":"BreadcrumbList","@id":"https:\/\/www.organisator.ch\/marketing\/2018-05-22\/eu-dsgvo-ante-portas-was-werbetreibende-in-sachen-adtech-beachten-sollten\/#breadcrumb","itemListElement":[{"@type":"ListItem","position":1,"name":"Home","item":"https:\/\/www.organisator.ch\/"},{"@type":"ListItem","position":2,"name":"EU-DSGVO ante portas: Was Werbetreibende in Sachen Adtech beachten sollten"}]},{"@type":"WebSite","@id":"https:\/\/www.organisator.ch\/#website","url":"https:\/\/www.organisator.ch\/","name":"Organizer","description":"Competent. Practical. In 10 issues per year, ORGANISATOR presents the essential topics for managers of SMEs.","publisher":{"@id":"https:\/\/www.organisator.ch\/#organization"},"potentialAction":[{"@type":"SearchAction","target":{"@type":"EntryPoint","urlTemplate":"https:\/\/www.organisator.ch\/?s={search_term_string}"},"query-input":{"@type":"PropertyValueSpecification","valueRequired":true,"valueName":"search_term_string"}}],"inLanguage":"en-US"},{"@type":"Organization","@id":"https:\/\/www.organisator.ch\/#organization","name":"Organizer","url":"https:\/\/www.organisator.ch\/","logo":{"@type":"ImageObject","inLanguage":"en-US","@id":"https:\/\/www.organisator.ch\/#\/schema\/logo\/image\/","url":"https:\/\/www.organisator.ch\/wp-content\/uploads\/2022\/01\/Logo_Organisator_Website.png","contentUrl":"https:\/\/www.organisator.ch\/wp-content\/uploads\/2022\/01\/Logo_Organisator_Website.png","width":800,"height":77,"caption":"Organisator"},"image":{"@id":"https:\/\/www.organisator.ch\/#\/schema\/logo\/image\/"},"sameAs":["https:\/\/www.facebook.com\/OrganisatorFachmagazin","https:\/\/www.linkedin.com\/showcase\/organisator-das-magazin-fr-kmu","https:\/\/www.xing.com\/news\/pages\/organisator-ch-695","https:\/\/www.youtube.com\/channel\/UCGP2Sq0iWaZwT3BdIAQFYpw"]},{"@type":"Person","@id":"https:\/\/www.organisator.ch\/#\/schema\/person\/6f650f90b2842cd4c0cc334b4e36f67e","name":"thomas.berner","image":{"@type":"ImageObject","inLanguage":"en-US","@id":"https:\/\/secure.gravatar.com\/avatar\/ac5001d2a36cb6c6cd3e50789007ffca834b477b74a2144564522e944eabff61?s=96&d=mm&r=g","url":"https:\/\/secure.gravatar.com\/avatar\/ac5001d2a36cb6c6cd3e50789007ffca834b477b74a2144564522e944eabff61?s=96&d=mm&r=g","contentUrl":"https:\/\/secure.gravatar.com\/avatar\/ac5001d2a36cb6c6cd3e50789007ffca834b477b74a2144564522e944eabff61?s=96&d=mm&r=g","caption":"thomas.berner"},"url":"https:\/\/www.organisator.ch\/en\/author\/thomas-berner\/"}]}},"_links":{"self":[{"href":"https:\/\/www.organisator.ch\/en\/wp-json\/wp\/v2\/posts\/3627","targetHints":{"allow":["GET"]}}],"collection":[{"href":"https:\/\/www.organisator.ch\/en\/wp-json\/wp\/v2\/posts"}],"about":[{"href":"https:\/\/www.organisator.ch\/en\/wp-json\/wp\/v2\/types\/post"}],"author":[{"embeddable":true,"href":"https:\/\/www.organisator.ch\/en\/wp-json\/wp\/v2\/users\/4"}],"replies":[{"embeddable":true,"href":"https:\/\/www.organisator.ch\/en\/wp-json\/wp\/v2\/comments?post=3627"}],"version-history":[{"count":0,"href":"https:\/\/www.organisator.ch\/en\/wp-json\/wp\/v2\/posts\/3627\/revisions"}],"wp:featuredmedia":[{"embeddable":true,"href":"https:\/\/www.organisator.ch\/en\/wp-json\/wp\/v2\/media\/3628"}],"wp:attachment":[{"href":"https:\/\/www.organisator.ch\/en\/wp-json\/wp\/v2\/media?parent=3627"}],"wp:term":[{"taxonomy":"category","embeddable":true,"href":"https:\/\/www.organisator.ch\/en\/wp-json\/wp\/v2\/categories?post=3627"},{"taxonomy":"post_tag","embeddable":true,"href":"https:\/\/www.organisator.ch\/en\/wp-json\/wp\/v2\/tags?post=3627"}],"curies":[{"name":"wp","href":"https:\/\/api.w.org\/{rel}","templated":true}]}}