{"id":36282,"date":"2025-02-24T08:19:06","date_gmt":"2025-02-24T07:19:06","guid":{"rendered":"https:\/\/www.markt-kom.com\/?p=230868"},"modified":"2025-02-24T07:36:25","modified_gmt":"2025-02-24T06:36:25","slug":"jerome-rueff-wird-chief-client-officer-bei-valencia","status":"publish","type":"post","link":"https:\/\/www.organisator.ch\/en\/marketing\/2025-02-24\/jerome-rueff-wird-chief-client-officer-bei-valencia\/","title":{"rendered":"J\u00e9r\u00f4me Rueff becomes Chief Client Officer at Valencia"},"content":{"rendered":"<figure id=\"attachment_230869\" class=\"wp-caption aligncenter\" style=\"width: 1200px;\" aria-describedby=\"caption-attachment-230869\"><a href=\"https:\/\/www.markt-kom.com\/wp-content\/uploads\/2025\/02\/ma-valencia-jerome-rueff.jpg\"><img class=\"size-full wp-image-230869\" src=\"https:\/\/www.markt-kom.com\/wp-content\/uploads\/2025\/02\/ma-valencia-jerome-rueff.jpg\" sizes=\"(max-width: 1200px) 100vw, 1200px\" srcset=\"https:\/\/www.markt-kom.com\/wp-content\/uploads\/2025\/02\/ma-valencia-jerome-rueff.jpg 1200w, https:\/\/www.markt-kom.com\/wp-content\/uploads\/2025\/02\/ma-valencia-jerome-rueff-600x450.jpg 600w, https:\/\/www.markt-kom.com\/wp-content\/uploads\/2025\/02\/ma-valencia-jerome-rueff-1024x768.jpg 1024w, https:\/\/www.markt-kom.com\/wp-content\/uploads\/2025\/02\/ma-valencia-jerome-rueff-768x576.jpg 768w, https:\/\/www.markt-kom.com\/wp-content\/uploads\/2025\/02\/ma-valencia-jerome-rueff-16x12.jpg 16w, https:\/\/www.markt-kom.com\/wp-content\/uploads\/2025\/02\/ma-valencia-jerome-rueff-233x175.jpg 233w, https:\/\/www.markt-kom.com\/wp-content\/uploads\/2025\/02\/ma-valencia-jerome-rueff-467x350.jpg 467w, https:\/\/www.markt-kom.com\/wp-content\/uploads\/2025\/02\/ma-valencia-jerome-rueff-1000x750.jpg 1000w\" alt=\"\" width=\"1200\" height=\"900\" \/><\/a>\r\n<figcaption id=\"caption-attachment-230869\" class=\"wp-caption-text\">(Image: zVg.)<\/figcaption>\r\n<\/figure>\r\n<p>J\u00e9r\u00f4me Rueff was most recently Brand Portfolio Director at Feldschl\u00f6sschen Getr\u00e4nke \/ Carlsberg Breweries. In this role, he was responsible for the strategic development and market leadership of the Feldschl\u00f6sschen and Cardinal brands and led a team of marketing experts. Rueff also has expertise in the Swiss retail trade and a deep understanding of the specific market mechanisms and distribution channels.<\/p>\r\n<p>Rueff began his career after studying economics at the University of Basel and completing a Master's degree in International Marketing &amp; Strategic Management at Uppsala University in Sweden. He has over 20 years of extensive experience in the FMCG and beverage industry, including various national and international roles at Carlsberg Group.<\/p>\r\n<p>As Chief Client Officer, J\u00e9r\u00f4me Rueff will strengthen the Valencia management team around Michael Gerber (CEO), Tommy Schilling (Chief Creative Officer) and Christian Frey (Chief Operating Officer). Together, they will continue to drive forward the agency's strategic and operational development, relying in particular on Rueff's \"extensive experience in brand strategy, innovation and commercial development\", according to a statement. His focus will be on further strengthening Valencia's positioning as the most customer-centric agency in Switzerland and ensuring that the needs of clients are always at the center of attention.<\/p>","protected":false},"excerpt":{"rendered":"<p>The Basel agency Valencia Kommunikation is bringing J\u00e9r\u00f4me Rueff on board as Chief Client Officer (CCO) and thus into the management team. The 46-year-old first worked at Feldschl\u00f6sschen.<\/p>","protected":false},"author":8,"featured_media":0,"comment_status":"closed","ping_status":"closed","sticky":false,"template":"","format":"standard","meta":{"_acf_changed":false,"_yoast_wpseo_focuskw":"J\u00e9r\u00f4me Rueff","_yoast_wpseo_metadesc":"Valencia Kommunikation: J\u00e9r\u00f4me Rueff, ehemaliger Feldschl\u00f6sschen-Manager, wird neuer CCO und st\u00e4rkt das F\u00fchrungsteam.","articlekey":"","footnotes":""},"categories":[29],"tags":[4345,2853,4704],"class_list":["post-36282","post","type-post","status-publish","format-standard","hentry","category-marketing","tag-business","tag-jobchange","tag-valencia-kommunikation"],"acf":[],"yoast_head":"<!-- This site is optimized with the Yoast SEO plugin v27.5 - https:\/\/yoast.com\/product\/yoast-seo-wordpress\/ -->\n<title>J\u00e9r\u00f4me Rueff wird Chief Client Officer bei Valencia - Organisator<\/title>\n<meta name=\"description\" content=\"Valencia Kommunikation: J\u00e9r\u00f4me Rueff, ehemaliger Feldschl\u00f6sschen-Manager, wird neuer CCO und st\u00e4rkt das F\u00fchrungsteam.\" \/>\n<meta name=\"robots\" content=\"index, follow, max-snippet:-1, max-image-preview:large, max-video-preview:-1\" \/>\n<link rel=\"canonical\" href=\"https:\/\/www.organisator.ch\/en\/marketing\/2025-02-24\/jerome-rueff-wird-chief-client-officer-bei-valencia\/\" \/>\n<meta property=\"og:locale\" content=\"en_US\" \/>\n<meta property=\"og:type\" content=\"article\" \/>\n<meta property=\"og:title\" content=\"J\u00e9r\u00f4me Rueff wird Chief Client Officer bei Valencia - Organisator\" \/>\n<meta property=\"og:description\" content=\"Valencia Kommunikation: J\u00e9r\u00f4me Rueff, ehemaliger Feldschl\u00f6sschen-Manager, wird neuer CCO und st\u00e4rkt das F\u00fchrungsteam.\" \/>\n<meta property=\"og:url\" content=\"https:\/\/www.organisator.ch\/en\/marketing\/2025-02-24\/jerome-rueff-wird-chief-client-officer-bei-valencia\/\" \/>\n<meta property=\"og:site_name\" content=\"Organisator\" \/>\n<meta property=\"article:publisher\" content=\"https:\/\/www.facebook.com\/OrganisatorFachmagazin\" \/>\n<meta property=\"article:published_time\" content=\"2025-02-24T07:19:06+00:00\" \/>\n<meta name=\"author\" content=\"galledia\" \/>\n<meta name=\"twitter:card\" content=\"summary_large_image\" \/>\n<meta name=\"twitter:creator\" content=\"@admin\" \/>\n<script type=\"application\/ld+json\" class=\"yoast-schema-graph\">{\"@context\":\"https:\\\/\\\/schema.org\",\"@graph\":[{\"@type\":\"Article\",\"@id\":\"https:\\\/\\\/www.organisator.ch\\\/marketing\\\/2025-02-24\\\/jerome-rueff-wird-chief-client-officer-bei-valencia\\\/#article\",\"isPartOf\":{\"@id\":\"https:\\\/\\\/www.organisator.ch\\\/marketing\\\/2025-02-24\\\/jerome-rueff-wird-chief-client-officer-bei-valencia\\\/\"},\"author\":{\"name\":\"galledia\",\"@id\":\"https:\\\/\\\/www.organisator.ch\\\/#\\\/schema\\\/person\\\/4e51799071cd2dd1232ac003643ef5f0\"},\"headline\":\"J\u00e9r\u00f4me Rueff wird Chief Client Officer bei Valencia\",\"datePublished\":\"2025-02-24T07:19:06+00:00\",\"mainEntityOfPage\":{\"@id\":\"https:\\\/\\\/www.organisator.ch\\\/marketing\\\/2025-02-24\\\/jerome-rueff-wird-chief-client-officer-bei-valencia\\\/\"},\"wordCount\":225,\"publisher\":{\"@id\":\"https:\\\/\\\/www.organisator.ch\\\/#organization\"},\"image\":{\"@id\":\"https:\\\/\\\/www.organisator.ch\\\/marketing\\\/2025-02-24\\\/jerome-rueff-wird-chief-client-officer-bei-valencia\\\/#primaryimage\"},\"thumbnailUrl\":\"https:\\\/\\\/www.markt-kom.com\\\/wp-content\\\/uploads\\\/2025\\\/02\\\/ma-valencia-jerome-rueff.jpg\",\"keywords\":[\"Business\",\"Jobchange\",\"Valencia Kommunikation\"],\"articleSection\":[\"MARKETING\"],\"inLanguage\":\"en-US\"},{\"@type\":\"WebPage\",\"@id\":\"https:\\\/\\\/www.organisator.ch\\\/marketing\\\/2025-02-24\\\/jerome-rueff-wird-chief-client-officer-bei-valencia\\\/\",\"url\":\"https:\\\/\\\/www.organisator.ch\\\/marketing\\\/2025-02-24\\\/jerome-rueff-wird-chief-client-officer-bei-valencia\\\/\",\"name\":\"J\u00e9r\u00f4me Rueff wird Chief Client Officer bei Valencia - Organisator\",\"isPartOf\":{\"@id\":\"https:\\\/\\\/www.organisator.ch\\\/#website\"},\"primaryImageOfPage\":{\"@id\":\"https:\\\/\\\/www.organisator.ch\\\/marketing\\\/2025-02-24\\\/jerome-rueff-wird-chief-client-officer-bei-valencia\\\/#primaryimage\"},\"image\":{\"@id\":\"https:\\\/\\\/www.organisator.ch\\\/marketing\\\/2025-02-24\\\/jerome-rueff-wird-chief-client-officer-bei-valencia\\\/#primaryimage\"},\"thumbnailUrl\":\"https:\\\/\\\/www.markt-kom.com\\\/wp-content\\\/uploads\\\/2025\\\/02\\\/ma-valencia-jerome-rueff.jpg\",\"datePublished\":\"2025-02-24T07:19:06+00:00\",\"description\":\"Valencia Kommunikation: J\u00e9r\u00f4me Rueff, ehemaliger Feldschl\u00f6sschen-Manager, wird neuer CCO und st\u00e4rkt das F\u00fchrungsteam.\",\"breadcrumb\":{\"@id\":\"https:\\\/\\\/www.organisator.ch\\\/marketing\\\/2025-02-24\\\/jerome-rueff-wird-chief-client-officer-bei-valencia\\\/#breadcrumb\"},\"inLanguage\":\"en-US\",\"potentialAction\":[{\"@type\":\"ReadAction\",\"target\":[\"https:\\\/\\\/www.organisator.ch\\\/marketing\\\/2025-02-24\\\/jerome-rueff-wird-chief-client-officer-bei-valencia\\\/\"]}]},{\"@type\":\"ImageObject\",\"inLanguage\":\"en-US\",\"@id\":\"https:\\\/\\\/www.organisator.ch\\\/marketing\\\/2025-02-24\\\/jerome-rueff-wird-chief-client-officer-bei-valencia\\\/#primaryimage\",\"url\":\"https:\\\/\\\/www.markt-kom.com\\\/wp-content\\\/uploads\\\/2025\\\/02\\\/ma-valencia-jerome-rueff.jpg\",\"contentUrl\":\"https:\\\/\\\/www.markt-kom.com\\\/wp-content\\\/uploads\\\/2025\\\/02\\\/ma-valencia-jerome-rueff.jpg\"},{\"@type\":\"BreadcrumbList\",\"@id\":\"https:\\\/\\\/www.organisator.ch\\\/marketing\\\/2025-02-24\\\/jerome-rueff-wird-chief-client-officer-bei-valencia\\\/#breadcrumb\",\"itemListElement\":[{\"@type\":\"ListItem\",\"position\":1,\"name\":\"Home\",\"item\":\"https:\\\/\\\/www.organisator.ch\\\/\"},{\"@type\":\"ListItem\",\"position\":2,\"name\":\"J\u00e9r\u00f4me Rueff wird Chief Client Officer bei Valencia\"}]},{\"@type\":\"WebSite\",\"@id\":\"https:\\\/\\\/www.organisator.ch\\\/#website\",\"url\":\"https:\\\/\\\/www.organisator.ch\\\/\",\"name\":\"Organisator\",\"description\":\"Kompetent. Praxisnah. Der ORGANISATOR bereitet in 10 Ausgaben pro Jahr die wesentlichen Themen f\u00fcr F\u00fchrungskr\u00e4fte von KMU auf.\",\"publisher\":{\"@id\":\"https:\\\/\\\/www.organisator.ch\\\/#organization\"},\"potentialAction\":[{\"@type\":\"SearchAction\",\"target\":{\"@type\":\"EntryPoint\",\"urlTemplate\":\"https:\\\/\\\/www.organisator.ch\\\/?s={search_term_string}\"},\"query-input\":{\"@type\":\"PropertyValueSpecification\",\"valueRequired\":true,\"valueName\":\"search_term_string\"}}],\"inLanguage\":\"en-US\"},{\"@type\":\"Organization\",\"@id\":\"https:\\\/\\\/www.organisator.ch\\\/#organization\",\"name\":\"Organisator\",\"url\":\"https:\\\/\\\/www.organisator.ch\\\/\",\"logo\":{\"@type\":\"ImageObject\",\"inLanguage\":\"en-US\",\"@id\":\"https:\\\/\\\/www.organisator.ch\\\/#\\\/schema\\\/logo\\\/image\\\/\",\"url\":\"https:\\\/\\\/www.organisator.ch\\\/wp-content\\\/uploads\\\/2022\\\/01\\\/Logo_Organisator_Website.png\",\"contentUrl\":\"https:\\\/\\\/www.organisator.ch\\\/wp-content\\\/uploads\\\/2022\\\/01\\\/Logo_Organisator_Website.png\",\"width\":800,\"height\":77,\"caption\":\"Organisator\"},\"image\":{\"@id\":\"https:\\\/\\\/www.organisator.ch\\\/#\\\/schema\\\/logo\\\/image\\\/\"},\"sameAs\":[\"https:\\\/\\\/www.facebook.com\\\/OrganisatorFachmagazin\",\"https:\\\/\\\/www.linkedin.com\\\/showcase\\\/organisator-das-magazin-fr-kmu\",\"https:\\\/\\\/www.xing.com\\\/news\\\/pages\\\/organisator-ch-695\",\"https:\\\/\\\/www.youtube.com\\\/channel\\\/UCGP2Sq0iWaZwT3BdIAQFYpw\"]},{\"@type\":\"Person\",\"@id\":\"https:\\\/\\\/www.organisator.ch\\\/#\\\/schema\\\/person\\\/4e51799071cd2dd1232ac003643ef5f0\",\"name\":\"galledia\",\"image\":{\"@type\":\"ImageObject\",\"inLanguage\":\"en-US\",\"@id\":\"https:\\\/\\\/secure.gravatar.com\\\/avatar\\\/78a7f90c01fc2bfc875782a0d4922b37cde2cf184ce347b91316d23cd7f69a36?s=96&d=mm&r=g\",\"url\":\"https:\\\/\\\/secure.gravatar.com\\\/avatar\\\/78a7f90c01fc2bfc875782a0d4922b37cde2cf184ce347b91316d23cd7f69a36?s=96&d=mm&r=g\",\"contentUrl\":\"https:\\\/\\\/secure.gravatar.com\\\/avatar\\\/78a7f90c01fc2bfc875782a0d4922b37cde2cf184ce347b91316d23cd7f69a36?s=96&d=mm&r=g\",\"caption\":\"galledia\"},\"sameAs\":[\"https:\\\/\\\/x.com\\\/admin\"],\"url\":\"https:\\\/\\\/www.organisator.ch\\\/en\\\/author\\\/galledia\\\/\"}]}<\/script>\n<!-- \/ Yoast SEO plugin. -->","yoast_head_json":{"title":"J\u00e9r\u00f4me Rueff becomes Chief Client Officer at Valencia - Organizer","description":"Valencia Kommunikation: J\u00e9r\u00f4me Rueff, former Feldschl\u00f6sschen manager, becomes the new CCO and strengthens the management team.","robots":{"index":"index","follow":"follow","max-snippet":"max-snippet:-1","max-image-preview":"max-image-preview:large","max-video-preview":"max-video-preview:-1"},"canonical":"https:\/\/www.organisator.ch\/en\/marketing\/2025-02-24\/jerome-rueff-wird-chief-client-officer-bei-valencia\/","og_locale":"en_US","og_type":"article","og_title":"J\u00e9r\u00f4me Rueff wird Chief Client Officer bei Valencia - Organisator","og_description":"Valencia Kommunikation: J\u00e9r\u00f4me Rueff, ehemaliger Feldschl\u00f6sschen-Manager, wird neuer CCO und st\u00e4rkt das F\u00fchrungsteam.","og_url":"https:\/\/www.organisator.ch\/en\/marketing\/2025-02-24\/jerome-rueff-wird-chief-client-officer-bei-valencia\/","og_site_name":"Organisator","article_publisher":"https:\/\/www.facebook.com\/OrganisatorFachmagazin","article_published_time":"2025-02-24T07:19:06+00:00","author":"galledia","twitter_card":"summary_large_image","twitter_creator":"@admin","schema":{"@context":"https:\/\/schema.org","@graph":[{"@type":"Article","@id":"https:\/\/www.organisator.ch\/marketing\/2025-02-24\/jerome-rueff-wird-chief-client-officer-bei-valencia\/#article","isPartOf":{"@id":"https:\/\/www.organisator.ch\/marketing\/2025-02-24\/jerome-rueff-wird-chief-client-officer-bei-valencia\/"},"author":{"name":"galledia","@id":"https:\/\/www.organisator.ch\/#\/schema\/person\/4e51799071cd2dd1232ac003643ef5f0"},"headline":"J\u00e9r\u00f4me Rueff wird Chief Client Officer bei Valencia","datePublished":"2025-02-24T07:19:06+00:00","mainEntityOfPage":{"@id":"https:\/\/www.organisator.ch\/marketing\/2025-02-24\/jerome-rueff-wird-chief-client-officer-bei-valencia\/"},"wordCount":225,"publisher":{"@id":"https:\/\/www.organisator.ch\/#organization"},"image":{"@id":"https:\/\/www.organisator.ch\/marketing\/2025-02-24\/jerome-rueff-wird-chief-client-officer-bei-valencia\/#primaryimage"},"thumbnailUrl":"https:\/\/www.markt-kom.com\/wp-content\/uploads\/2025\/02\/ma-valencia-jerome-rueff.jpg","keywords":["Business","Jobchange","Valencia Kommunikation"],"articleSection":["MARKETING"],"inLanguage":"en-US"},{"@type":"WebPage","@id":"https:\/\/www.organisator.ch\/marketing\/2025-02-24\/jerome-rueff-wird-chief-client-officer-bei-valencia\/","url":"https:\/\/www.organisator.ch\/marketing\/2025-02-24\/jerome-rueff-wird-chief-client-officer-bei-valencia\/","name":"J\u00e9r\u00f4me Rueff becomes Chief Client Officer at Valencia - Organizer","isPartOf":{"@id":"https:\/\/www.organisator.ch\/#website"},"primaryImageOfPage":{"@id":"https:\/\/www.organisator.ch\/marketing\/2025-02-24\/jerome-rueff-wird-chief-client-officer-bei-valencia\/#primaryimage"},"image":{"@id":"https:\/\/www.organisator.ch\/marketing\/2025-02-24\/jerome-rueff-wird-chief-client-officer-bei-valencia\/#primaryimage"},"thumbnailUrl":"https:\/\/www.markt-kom.com\/wp-content\/uploads\/2025\/02\/ma-valencia-jerome-rueff.jpg","datePublished":"2025-02-24T07:19:06+00:00","description":"Valencia Kommunikation: J\u00e9r\u00f4me Rueff, former Feldschl\u00f6sschen manager, becomes the new CCO and strengthens the management team.","breadcrumb":{"@id":"https:\/\/www.organisator.ch\/marketing\/2025-02-24\/jerome-rueff-wird-chief-client-officer-bei-valencia\/#breadcrumb"},"inLanguage":"en-US","potentialAction":[{"@type":"ReadAction","target":["https:\/\/www.organisator.ch\/marketing\/2025-02-24\/jerome-rueff-wird-chief-client-officer-bei-valencia\/"]}]},{"@type":"ImageObject","inLanguage":"en-US","@id":"https:\/\/www.organisator.ch\/marketing\/2025-02-24\/jerome-rueff-wird-chief-client-officer-bei-valencia\/#primaryimage","url":"https:\/\/www.markt-kom.com\/wp-content\/uploads\/2025\/02\/ma-valencia-jerome-rueff.jpg","contentUrl":"https:\/\/www.markt-kom.com\/wp-content\/uploads\/2025\/02\/ma-valencia-jerome-rueff.jpg"},{"@type":"BreadcrumbList","@id":"https:\/\/www.organisator.ch\/marketing\/2025-02-24\/jerome-rueff-wird-chief-client-officer-bei-valencia\/#breadcrumb","itemListElement":[{"@type":"ListItem","position":1,"name":"Home","item":"https:\/\/www.organisator.ch\/"},{"@type":"ListItem","position":2,"name":"J\u00e9r\u00f4me Rueff wird Chief Client Officer bei Valencia"}]},{"@type":"WebSite","@id":"https:\/\/www.organisator.ch\/#website","url":"https:\/\/www.organisator.ch\/","name":"Organizer","description":"Competent. Practical. In 10 issues per year, ORGANISATOR presents the essential topics for managers of SMEs.","publisher":{"@id":"https:\/\/www.organisator.ch\/#organization"},"potentialAction":[{"@type":"SearchAction","target":{"@type":"EntryPoint","urlTemplate":"https:\/\/www.organisator.ch\/?s={search_term_string}"},"query-input":{"@type":"PropertyValueSpecification","valueRequired":true,"valueName":"search_term_string"}}],"inLanguage":"en-US"},{"@type":"Organization","@id":"https:\/\/www.organisator.ch\/#organization","name":"Organizer","url":"https:\/\/www.organisator.ch\/","logo":{"@type":"ImageObject","inLanguage":"en-US","@id":"https:\/\/www.organisator.ch\/#\/schema\/logo\/image\/","url":"https:\/\/www.organisator.ch\/wp-content\/uploads\/2022\/01\/Logo_Organisator_Website.png","contentUrl":"https:\/\/www.organisator.ch\/wp-content\/uploads\/2022\/01\/Logo_Organisator_Website.png","width":800,"height":77,"caption":"Organisator"},"image":{"@id":"https:\/\/www.organisator.ch\/#\/schema\/logo\/image\/"},"sameAs":["https:\/\/www.facebook.com\/OrganisatorFachmagazin","https:\/\/www.linkedin.com\/showcase\/organisator-das-magazin-fr-kmu","https:\/\/www.xing.com\/news\/pages\/organisator-ch-695","https:\/\/www.youtube.com\/channel\/UCGP2Sq0iWaZwT3BdIAQFYpw"]},{"@type":"Person","@id":"https:\/\/www.organisator.ch\/#\/schema\/person\/4e51799071cd2dd1232ac003643ef5f0","name":"galledia","image":{"@type":"ImageObject","inLanguage":"en-US","@id":"https:\/\/secure.gravatar.com\/avatar\/78a7f90c01fc2bfc875782a0d4922b37cde2cf184ce347b91316d23cd7f69a36?s=96&d=mm&r=g","url":"https:\/\/secure.gravatar.com\/avatar\/78a7f90c01fc2bfc875782a0d4922b37cde2cf184ce347b91316d23cd7f69a36?s=96&d=mm&r=g","contentUrl":"https:\/\/secure.gravatar.com\/avatar\/78a7f90c01fc2bfc875782a0d4922b37cde2cf184ce347b91316d23cd7f69a36?s=96&d=mm&r=g","caption":"galledia"},"sameAs":["https:\/\/x.com\/admin"],"url":"https:\/\/www.organisator.ch\/en\/author\/galledia\/"}]}},"_links":{"self":[{"href":"https:\/\/www.organisator.ch\/en\/wp-json\/wp\/v2\/posts\/36282","targetHints":{"allow":["GET"]}}],"collection":[{"href":"https:\/\/www.organisator.ch\/en\/wp-json\/wp\/v2\/posts"}],"about":[{"href":"https:\/\/www.organisator.ch\/en\/wp-json\/wp\/v2\/types\/post"}],"author":[{"embeddable":true,"href":"https:\/\/www.organisator.ch\/en\/wp-json\/wp\/v2\/users\/8"}],"replies":[{"embeddable":true,"href":"https:\/\/www.organisator.ch\/en\/wp-json\/wp\/v2\/comments?post=36282"}],"version-history":[{"count":5,"href":"https:\/\/www.organisator.ch\/en\/wp-json\/wp\/v2\/posts\/36282\/revisions"}],"predecessor-version":[{"id":36302,"href":"https:\/\/www.organisator.ch\/en\/wp-json\/wp\/v2\/posts\/36282\/revisions\/36302"}],"wp:attachment":[{"href":"https:\/\/www.organisator.ch\/en\/wp-json\/wp\/v2\/media?parent=36282"}],"wp:term":[{"taxonomy":"category","embeddable":true,"href":"https:\/\/www.organisator.ch\/en\/wp-json\/wp\/v2\/categories?post=36282"},{"taxonomy":"post_tag","embeddable":true,"href":"https:\/\/www.organisator.ch\/en\/wp-json\/wp\/v2\/tags?post=36282"}],"curies":[{"name":"wp","href":"https:\/\/api.w.org\/{rel}","templated":true}]}}