{"id":36393,"date":"2025-02-26T07:54:41","date_gmt":"2025-02-26T06:54:41","guid":{"rendered":"https:\/\/www.markt-kom.com\/?p=231055"},"modified":"2025-02-26T07:31:47","modified_gmt":"2025-02-26T06:31:47","slug":"crk-erweitert-geschaeftsleitung-und-kreativteam","status":"publish","type":"post","link":"https:\/\/www.organisator.ch\/en\/marketing\/2025-02-26\/crk-erweitert-geschaeftsleitung-und-kreativteam\/","title":{"rendered":"CRK expands management and creative team"},"content":{"rendered":"<figure id=\"attachment_231057\" class=\"wp-caption aligncenter\" style=\"width: 1200px;\" aria-describedby=\"caption-attachment-231057\"><a href=\"https:\/\/www.markt-kom.com\/wp-content\/uploads\/2025\/02\/CRK_vlnr_Marco-Boeni_Sascha-Fanetti_Silvan-Gisler-1.jpg\"><img class=\"size-full wp-image-231057\" src=\"https:\/\/www.markt-kom.com\/wp-content\/uploads\/2025\/02\/CRK_vlnr_Marco-Boeni_Sascha-Fanetti_Silvan-Gisler-1.jpg\" sizes=\"(max-width: 1200px) 100vw, 1200px\" srcset=\"https:\/\/www.markt-kom.com\/wp-content\/uploads\/2025\/02\/CRK_vlnr_Marco-Boeni_Sascha-Fanetti_Silvan-Gisler-1.jpg 1200w, https:\/\/www.markt-kom.com\/wp-content\/uploads\/2025\/02\/CRK_vlnr_Marco-Boeni_Sascha-Fanetti_Silvan-Gisler-1-600x450.jpg 600w, https:\/\/www.markt-kom.com\/wp-content\/uploads\/2025\/02\/CRK_vlnr_Marco-Boeni_Sascha-Fanetti_Silvan-Gisler-1-1024x768.jpg 1024w, https:\/\/www.markt-kom.com\/wp-content\/uploads\/2025\/02\/CRK_vlnr_Marco-Boeni_Sascha-Fanetti_Silvan-Gisler-1-768x576.jpg 768w, https:\/\/www.markt-kom.com\/wp-content\/uploads\/2025\/02\/CRK_vlnr_Marco-Boeni_Sascha-Fanetti_Silvan-Gisler-1-16x12.jpg 16w, https:\/\/www.markt-kom.com\/wp-content\/uploads\/2025\/02\/CRK_vlnr_Marco-Boeni_Sascha-Fanetti_Silvan-Gisler-1-233x175.jpg 233w, https:\/\/www.markt-kom.com\/wp-content\/uploads\/2025\/02\/CRK_vlnr_Marco-Boeni_Sascha-Fanetti_Silvan-Gisler-1-467x350.jpg 467w, https:\/\/www.markt-kom.com\/wp-content\/uploads\/2025\/02\/CRK_vlnr_Marco-Boeni_Sascha-Fanetti_Silvan-Gisler-1-1000x750.jpg 1000w\" alt=\"\" width=\"1200\" height=\"900\" \/><\/a>\r\n<figcaption id=\"caption-attachment-231057\" class=\"wp-caption-text\">Triple reinforcement for CRK: COO Marco B\u00f6ni and Creative Directors Sascha Fanetti and Silvan Gisler (from left to right). (Image: zVg.)<\/figcaption>\r\n<\/figure>\r\n<p>The new CCO Marco B\u00f6ni has experience in the digital and communications industry. Most recently, he was Chief Digital Officer and Head of E-Commerce at Zubi, before which he worked at Farner Consulting for several years. In his new role at CRK, he will further develop the agency's digital expertise and optimize internal processes.<\/p>\r\n<p>In the creative field, CRK is relying on an interdisciplinary duo in Sascha Fanetti and Silvan Gisler. Gisler was previously Creative Director at Schauspielhaus Zurich, co-founder and Head of Communications at Operation Libero and a journalist. His experience in political campaigning and copywriting complements that of Fanetti, who has worked in senior positions at agencies such as Publicis Communications Switzerland and Notch Interactive over the past 15 years.<\/p>\r\n<p>\"With Sascha, Silvan and Marco, we are making targeted investments in our creation and consulting processes. At the same time, we are strengthening our campaigning and digital capabilities,\" says CRK CEO Patrick Marty. The three new additions should bring new impetus to the agency and its clients.<\/p>","protected":false},"excerpt":{"rendered":"<p>The CRK agency is strengthening its management team: Marco B\u00f6ni is taking over the position of Chief Operating Officer (COO) and joining the management team. At the same time, the agency is strengthening its creative division with Creative Directors Sascha Fanetti and Silvan Gisler.<\/p>","protected":false},"author":8,"featured_media":0,"comment_status":"closed","ping_status":"closed","sticky":false,"template":"","format":"standard","meta":{"_acf_changed":false,"_yoast_wpseo_focuskw":"CRK neue F\u00fchrungskr\u00e4fte","_yoast_wpseo_metadesc":"CRK verst\u00e4rkt die F\u00fchrung mit COO Marco B\u00f6ni und den Creative Directors Sascha Fanetti und Silvan Gisler. Fokus auf Digitales und Kreation.","articlekey":"","footnotes":""},"categories":[29],"tags":[4345,3008,2853],"class_list":["post-36393","post","type-post","status-publish","format-standard","hentry","category-marketing","tag-business","tag-crk","tag-jobchange"],"acf":[],"yoast_head":"<!-- This site is optimized with the Yoast SEO plugin v27.4 - https:\/\/yoast.com\/product\/yoast-seo-wordpress\/ -->\n<title>CRK erweitert Gesch\u00e4ftsleitung und Kreativteam - Organisator<\/title>\n<meta name=\"description\" content=\"CRK verst\u00e4rkt die F\u00fchrung mit COO Marco B\u00f6ni und den Creative Directors Sascha Fanetti und Silvan Gisler. Fokus auf Digitales und Kreation.\" \/>\n<meta name=\"robots\" content=\"index, follow, max-snippet:-1, max-image-preview:large, max-video-preview:-1\" \/>\n<link rel=\"canonical\" href=\"https:\/\/www.organisator.ch\/en\/marketing\/2025-02-26\/crk-erweitert-geschaeftsleitung-und-kreativteam\/\" \/>\n<meta property=\"og:locale\" content=\"en_US\" \/>\n<meta property=\"og:type\" content=\"article\" \/>\n<meta property=\"og:title\" content=\"CRK erweitert Gesch\u00e4ftsleitung und Kreativteam - Organisator\" \/>\n<meta property=\"og:description\" content=\"CRK verst\u00e4rkt die F\u00fchrung mit COO Marco B\u00f6ni und den Creative Directors Sascha Fanetti und Silvan Gisler. Fokus auf Digitales und Kreation.\" \/>\n<meta property=\"og:url\" content=\"https:\/\/www.organisator.ch\/en\/marketing\/2025-02-26\/crk-erweitert-geschaeftsleitung-und-kreativteam\/\" \/>\n<meta property=\"og:site_name\" content=\"Organisator\" \/>\n<meta property=\"article:publisher\" content=\"https:\/\/www.facebook.com\/OrganisatorFachmagazin\" \/>\n<meta property=\"article:published_time\" content=\"2025-02-26T06:54:41+00:00\" \/>\n<meta name=\"author\" content=\"galledia\" \/>\n<meta name=\"twitter:card\" content=\"summary_large_image\" \/>\n<meta name=\"twitter:creator\" content=\"@admin\" \/>\n<script type=\"application\/ld+json\" class=\"yoast-schema-graph\">{\"@context\":\"https:\\\/\\\/schema.org\",\"@graph\":[{\"@type\":\"Article\",\"@id\":\"https:\\\/\\\/www.organisator.ch\\\/marketing\\\/2025-02-26\\\/crk-erweitert-geschaeftsleitung-und-kreativteam\\\/#article\",\"isPartOf\":{\"@id\":\"https:\\\/\\\/www.organisator.ch\\\/marketing\\\/2025-02-26\\\/crk-erweitert-geschaeftsleitung-und-kreativteam\\\/\"},\"author\":{\"name\":\"galledia\",\"@id\":\"https:\\\/\\\/www.organisator.ch\\\/#\\\/schema\\\/person\\\/4e51799071cd2dd1232ac003643ef5f0\"},\"headline\":\"CRK erweitert Gesch\u00e4ftsleitung und Kreativteam\",\"datePublished\":\"2025-02-26T06:54:41+00:00\",\"mainEntityOfPage\":{\"@id\":\"https:\\\/\\\/www.organisator.ch\\\/marketing\\\/2025-02-26\\\/crk-erweitert-geschaeftsleitung-und-kreativteam\\\/\"},\"wordCount\":199,\"publisher\":{\"@id\":\"https:\\\/\\\/www.organisator.ch\\\/#organization\"},\"image\":{\"@id\":\"https:\\\/\\\/www.organisator.ch\\\/marketing\\\/2025-02-26\\\/crk-erweitert-geschaeftsleitung-und-kreativteam\\\/#primaryimage\"},\"thumbnailUrl\":\"https:\\\/\\\/www.markt-kom.com\\\/wp-content\\\/uploads\\\/2025\\\/02\\\/CRK_vlnr_Marco-Boeni_Sascha-Fanetti_Silvan-Gisler-1.jpg\",\"keywords\":[\"Business\",\"CRK\",\"Jobchange\"],\"articleSection\":[\"MARKETING\"],\"inLanguage\":\"en-US\"},{\"@type\":\"WebPage\",\"@id\":\"https:\\\/\\\/www.organisator.ch\\\/marketing\\\/2025-02-26\\\/crk-erweitert-geschaeftsleitung-und-kreativteam\\\/\",\"url\":\"https:\\\/\\\/www.organisator.ch\\\/marketing\\\/2025-02-26\\\/crk-erweitert-geschaeftsleitung-und-kreativteam\\\/\",\"name\":\"CRK erweitert Gesch\u00e4ftsleitung und Kreativteam - Organisator\",\"isPartOf\":{\"@id\":\"https:\\\/\\\/www.organisator.ch\\\/#website\"},\"primaryImageOfPage\":{\"@id\":\"https:\\\/\\\/www.organisator.ch\\\/marketing\\\/2025-02-26\\\/crk-erweitert-geschaeftsleitung-und-kreativteam\\\/#primaryimage\"},\"image\":{\"@id\":\"https:\\\/\\\/www.organisator.ch\\\/marketing\\\/2025-02-26\\\/crk-erweitert-geschaeftsleitung-und-kreativteam\\\/#primaryimage\"},\"thumbnailUrl\":\"https:\\\/\\\/www.markt-kom.com\\\/wp-content\\\/uploads\\\/2025\\\/02\\\/CRK_vlnr_Marco-Boeni_Sascha-Fanetti_Silvan-Gisler-1.jpg\",\"datePublished\":\"2025-02-26T06:54:41+00:00\",\"description\":\"CRK verst\u00e4rkt die F\u00fchrung mit COO Marco B\u00f6ni und den Creative Directors Sascha Fanetti und Silvan Gisler. Fokus auf Digitales und Kreation.\",\"breadcrumb\":{\"@id\":\"https:\\\/\\\/www.organisator.ch\\\/marketing\\\/2025-02-26\\\/crk-erweitert-geschaeftsleitung-und-kreativteam\\\/#breadcrumb\"},\"inLanguage\":\"en-US\",\"potentialAction\":[{\"@type\":\"ReadAction\",\"target\":[\"https:\\\/\\\/www.organisator.ch\\\/marketing\\\/2025-02-26\\\/crk-erweitert-geschaeftsleitung-und-kreativteam\\\/\"]}]},{\"@type\":\"ImageObject\",\"inLanguage\":\"en-US\",\"@id\":\"https:\\\/\\\/www.organisator.ch\\\/marketing\\\/2025-02-26\\\/crk-erweitert-geschaeftsleitung-und-kreativteam\\\/#primaryimage\",\"url\":\"https:\\\/\\\/www.markt-kom.com\\\/wp-content\\\/uploads\\\/2025\\\/02\\\/CRK_vlnr_Marco-Boeni_Sascha-Fanetti_Silvan-Gisler-1.jpg\",\"contentUrl\":\"https:\\\/\\\/www.markt-kom.com\\\/wp-content\\\/uploads\\\/2025\\\/02\\\/CRK_vlnr_Marco-Boeni_Sascha-Fanetti_Silvan-Gisler-1.jpg\"},{\"@type\":\"BreadcrumbList\",\"@id\":\"https:\\\/\\\/www.organisator.ch\\\/marketing\\\/2025-02-26\\\/crk-erweitert-geschaeftsleitung-und-kreativteam\\\/#breadcrumb\",\"itemListElement\":[{\"@type\":\"ListItem\",\"position\":1,\"name\":\"Home\",\"item\":\"https:\\\/\\\/www.organisator.ch\\\/\"},{\"@type\":\"ListItem\",\"position\":2,\"name\":\"CRK erweitert Gesch\u00e4ftsleitung und Kreativteam\"}]},{\"@type\":\"WebSite\",\"@id\":\"https:\\\/\\\/www.organisator.ch\\\/#website\",\"url\":\"https:\\\/\\\/www.organisator.ch\\\/\",\"name\":\"Organisator\",\"description\":\"Kompetent. Praxisnah. Der ORGANISATOR bereitet in 10 Ausgaben pro Jahr die wesentlichen Themen f\u00fcr F\u00fchrungskr\u00e4fte von KMU auf.\",\"publisher\":{\"@id\":\"https:\\\/\\\/www.organisator.ch\\\/#organization\"},\"potentialAction\":[{\"@type\":\"SearchAction\",\"target\":{\"@type\":\"EntryPoint\",\"urlTemplate\":\"https:\\\/\\\/www.organisator.ch\\\/?s={search_term_string}\"},\"query-input\":{\"@type\":\"PropertyValueSpecification\",\"valueRequired\":true,\"valueName\":\"search_term_string\"}}],\"inLanguage\":\"en-US\"},{\"@type\":\"Organization\",\"@id\":\"https:\\\/\\\/www.organisator.ch\\\/#organization\",\"name\":\"Organisator\",\"url\":\"https:\\\/\\\/www.organisator.ch\\\/\",\"logo\":{\"@type\":\"ImageObject\",\"inLanguage\":\"en-US\",\"@id\":\"https:\\\/\\\/www.organisator.ch\\\/#\\\/schema\\\/logo\\\/image\\\/\",\"url\":\"https:\\\/\\\/www.organisator.ch\\\/wp-content\\\/uploads\\\/2022\\\/01\\\/Logo_Organisator_Website.png\",\"contentUrl\":\"https:\\\/\\\/www.organisator.ch\\\/wp-content\\\/uploads\\\/2022\\\/01\\\/Logo_Organisator_Website.png\",\"width\":800,\"height\":77,\"caption\":\"Organisator\"},\"image\":{\"@id\":\"https:\\\/\\\/www.organisator.ch\\\/#\\\/schema\\\/logo\\\/image\\\/\"},\"sameAs\":[\"https:\\\/\\\/www.facebook.com\\\/OrganisatorFachmagazin\",\"https:\\\/\\\/www.linkedin.com\\\/showcase\\\/organisator-das-magazin-fr-kmu\",\"https:\\\/\\\/www.xing.com\\\/news\\\/pages\\\/organisator-ch-695\",\"https:\\\/\\\/www.youtube.com\\\/channel\\\/UCGP2Sq0iWaZwT3BdIAQFYpw\"]},{\"@type\":\"Person\",\"@id\":\"https:\\\/\\\/www.organisator.ch\\\/#\\\/schema\\\/person\\\/4e51799071cd2dd1232ac003643ef5f0\",\"name\":\"galledia\",\"image\":{\"@type\":\"ImageObject\",\"inLanguage\":\"en-US\",\"@id\":\"https:\\\/\\\/secure.gravatar.com\\\/avatar\\\/78a7f90c01fc2bfc875782a0d4922b37cde2cf184ce347b91316d23cd7f69a36?s=96&d=mm&r=g\",\"url\":\"https:\\\/\\\/secure.gravatar.com\\\/avatar\\\/78a7f90c01fc2bfc875782a0d4922b37cde2cf184ce347b91316d23cd7f69a36?s=96&d=mm&r=g\",\"contentUrl\":\"https:\\\/\\\/secure.gravatar.com\\\/avatar\\\/78a7f90c01fc2bfc875782a0d4922b37cde2cf184ce347b91316d23cd7f69a36?s=96&d=mm&r=g\",\"caption\":\"galledia\"},\"sameAs\":[\"https:\\\/\\\/x.com\\\/admin\"],\"url\":\"https:\\\/\\\/www.organisator.ch\\\/en\\\/author\\\/galledia\\\/\"}]}<\/script>\n<!-- \/ Yoast SEO plugin. -->","yoast_head_json":{"title":"CRK expands management and creative team - Organizer","description":"CRK strengthens its management team with COO Marco B\u00f6ni and Creative Directors Sascha Fanetti and Silvan Gisler. Focus on digital and creation.","robots":{"index":"index","follow":"follow","max-snippet":"max-snippet:-1","max-image-preview":"max-image-preview:large","max-video-preview":"max-video-preview:-1"},"canonical":"https:\/\/www.organisator.ch\/en\/marketing\/2025-02-26\/crk-erweitert-geschaeftsleitung-und-kreativteam\/","og_locale":"en_US","og_type":"article","og_title":"CRK erweitert Gesch\u00e4ftsleitung und Kreativteam - Organisator","og_description":"CRK verst\u00e4rkt die F\u00fchrung mit COO Marco B\u00f6ni und den Creative Directors Sascha Fanetti und Silvan Gisler. Fokus auf Digitales und Kreation.","og_url":"https:\/\/www.organisator.ch\/en\/marketing\/2025-02-26\/crk-erweitert-geschaeftsleitung-und-kreativteam\/","og_site_name":"Organisator","article_publisher":"https:\/\/www.facebook.com\/OrganisatorFachmagazin","article_published_time":"2025-02-26T06:54:41+00:00","author":"galledia","twitter_card":"summary_large_image","twitter_creator":"@admin","schema":{"@context":"https:\/\/schema.org","@graph":[{"@type":"Article","@id":"https:\/\/www.organisator.ch\/marketing\/2025-02-26\/crk-erweitert-geschaeftsleitung-und-kreativteam\/#article","isPartOf":{"@id":"https:\/\/www.organisator.ch\/marketing\/2025-02-26\/crk-erweitert-geschaeftsleitung-und-kreativteam\/"},"author":{"name":"galledia","@id":"https:\/\/www.organisator.ch\/#\/schema\/person\/4e51799071cd2dd1232ac003643ef5f0"},"headline":"CRK erweitert Gesch\u00e4ftsleitung und Kreativteam","datePublished":"2025-02-26T06:54:41+00:00","mainEntityOfPage":{"@id":"https:\/\/www.organisator.ch\/marketing\/2025-02-26\/crk-erweitert-geschaeftsleitung-und-kreativteam\/"},"wordCount":199,"publisher":{"@id":"https:\/\/www.organisator.ch\/#organization"},"image":{"@id":"https:\/\/www.organisator.ch\/marketing\/2025-02-26\/crk-erweitert-geschaeftsleitung-und-kreativteam\/#primaryimage"},"thumbnailUrl":"https:\/\/www.markt-kom.com\/wp-content\/uploads\/2025\/02\/CRK_vlnr_Marco-Boeni_Sascha-Fanetti_Silvan-Gisler-1.jpg","keywords":["Business","CRK","Jobchange"],"articleSection":["MARKETING"],"inLanguage":"en-US"},{"@type":"WebPage","@id":"https:\/\/www.organisator.ch\/marketing\/2025-02-26\/crk-erweitert-geschaeftsleitung-und-kreativteam\/","url":"https:\/\/www.organisator.ch\/marketing\/2025-02-26\/crk-erweitert-geschaeftsleitung-und-kreativteam\/","name":"CRK expands management and creative team - Organizer","isPartOf":{"@id":"https:\/\/www.organisator.ch\/#website"},"primaryImageOfPage":{"@id":"https:\/\/www.organisator.ch\/marketing\/2025-02-26\/crk-erweitert-geschaeftsleitung-und-kreativteam\/#primaryimage"},"image":{"@id":"https:\/\/www.organisator.ch\/marketing\/2025-02-26\/crk-erweitert-geschaeftsleitung-und-kreativteam\/#primaryimage"},"thumbnailUrl":"https:\/\/www.markt-kom.com\/wp-content\/uploads\/2025\/02\/CRK_vlnr_Marco-Boeni_Sascha-Fanetti_Silvan-Gisler-1.jpg","datePublished":"2025-02-26T06:54:41+00:00","description":"CRK strengthens its management team with COO Marco B\u00f6ni and Creative Directors Sascha Fanetti and Silvan Gisler. Focus on digital and creation.","breadcrumb":{"@id":"https:\/\/www.organisator.ch\/marketing\/2025-02-26\/crk-erweitert-geschaeftsleitung-und-kreativteam\/#breadcrumb"},"inLanguage":"en-US","potentialAction":[{"@type":"ReadAction","target":["https:\/\/www.organisator.ch\/marketing\/2025-02-26\/crk-erweitert-geschaeftsleitung-und-kreativteam\/"]}]},{"@type":"ImageObject","inLanguage":"en-US","@id":"https:\/\/www.organisator.ch\/marketing\/2025-02-26\/crk-erweitert-geschaeftsleitung-und-kreativteam\/#primaryimage","url":"https:\/\/www.markt-kom.com\/wp-content\/uploads\/2025\/02\/CRK_vlnr_Marco-Boeni_Sascha-Fanetti_Silvan-Gisler-1.jpg","contentUrl":"https:\/\/www.markt-kom.com\/wp-content\/uploads\/2025\/02\/CRK_vlnr_Marco-Boeni_Sascha-Fanetti_Silvan-Gisler-1.jpg"},{"@type":"BreadcrumbList","@id":"https:\/\/www.organisator.ch\/marketing\/2025-02-26\/crk-erweitert-geschaeftsleitung-und-kreativteam\/#breadcrumb","itemListElement":[{"@type":"ListItem","position":1,"name":"Home","item":"https:\/\/www.organisator.ch\/"},{"@type":"ListItem","position":2,"name":"CRK erweitert Gesch\u00e4ftsleitung und Kreativteam"}]},{"@type":"WebSite","@id":"https:\/\/www.organisator.ch\/#website","url":"https:\/\/www.organisator.ch\/","name":"Organizer","description":"Competent. Practical. In 10 issues per year, ORGANISATOR presents the essential topics for managers of SMEs.","publisher":{"@id":"https:\/\/www.organisator.ch\/#organization"},"potentialAction":[{"@type":"SearchAction","target":{"@type":"EntryPoint","urlTemplate":"https:\/\/www.organisator.ch\/?s={search_term_string}"},"query-input":{"@type":"PropertyValueSpecification","valueRequired":true,"valueName":"search_term_string"}}],"inLanguage":"en-US"},{"@type":"Organization","@id":"https:\/\/www.organisator.ch\/#organization","name":"Organizer","url":"https:\/\/www.organisator.ch\/","logo":{"@type":"ImageObject","inLanguage":"en-US","@id":"https:\/\/www.organisator.ch\/#\/schema\/logo\/image\/","url":"https:\/\/www.organisator.ch\/wp-content\/uploads\/2022\/01\/Logo_Organisator_Website.png","contentUrl":"https:\/\/www.organisator.ch\/wp-content\/uploads\/2022\/01\/Logo_Organisator_Website.png","width":800,"height":77,"caption":"Organisator"},"image":{"@id":"https:\/\/www.organisator.ch\/#\/schema\/logo\/image\/"},"sameAs":["https:\/\/www.facebook.com\/OrganisatorFachmagazin","https:\/\/www.linkedin.com\/showcase\/organisator-das-magazin-fr-kmu","https:\/\/www.xing.com\/news\/pages\/organisator-ch-695","https:\/\/www.youtube.com\/channel\/UCGP2Sq0iWaZwT3BdIAQFYpw"]},{"@type":"Person","@id":"https:\/\/www.organisator.ch\/#\/schema\/person\/4e51799071cd2dd1232ac003643ef5f0","name":"galledia","image":{"@type":"ImageObject","inLanguage":"en-US","@id":"https:\/\/secure.gravatar.com\/avatar\/78a7f90c01fc2bfc875782a0d4922b37cde2cf184ce347b91316d23cd7f69a36?s=96&d=mm&r=g","url":"https:\/\/secure.gravatar.com\/avatar\/78a7f90c01fc2bfc875782a0d4922b37cde2cf184ce347b91316d23cd7f69a36?s=96&d=mm&r=g","contentUrl":"https:\/\/secure.gravatar.com\/avatar\/78a7f90c01fc2bfc875782a0d4922b37cde2cf184ce347b91316d23cd7f69a36?s=96&d=mm&r=g","caption":"galledia"},"sameAs":["https:\/\/x.com\/admin"],"url":"https:\/\/www.organisator.ch\/en\/author\/galledia\/"}]}},"_links":{"self":[{"href":"https:\/\/www.organisator.ch\/en\/wp-json\/wp\/v2\/posts\/36393","targetHints":{"allow":["GET"]}}],"collection":[{"href":"https:\/\/www.organisator.ch\/en\/wp-json\/wp\/v2\/posts"}],"about":[{"href":"https:\/\/www.organisator.ch\/en\/wp-json\/wp\/v2\/types\/post"}],"author":[{"embeddable":true,"href":"https:\/\/www.organisator.ch\/en\/wp-json\/wp\/v2\/users\/8"}],"replies":[{"embeddable":true,"href":"https:\/\/www.organisator.ch\/en\/wp-json\/wp\/v2\/comments?post=36393"}],"version-history":[{"count":6,"href":"https:\/\/www.organisator.ch\/en\/wp-json\/wp\/v2\/posts\/36393\/revisions"}],"predecessor-version":[{"id":36448,"href":"https:\/\/www.organisator.ch\/en\/wp-json\/wp\/v2\/posts\/36393\/revisions\/36448"}],"wp:attachment":[{"href":"https:\/\/www.organisator.ch\/en\/wp-json\/wp\/v2\/media?parent=36393"}],"wp:term":[{"taxonomy":"category","embeddable":true,"href":"https:\/\/www.organisator.ch\/en\/wp-json\/wp\/v2\/categories?post=36393"},{"taxonomy":"post_tag","embeddable":true,"href":"https:\/\/www.organisator.ch\/en\/wp-json\/wp\/v2\/tags?post=36393"}],"curies":[{"name":"wp","href":"https:\/\/api.w.org\/{rel}","templated":true}]}}