{"id":36421,"date":"2025-03-03T12:05:07","date_gmt":"2025-03-03T11:05:07","guid":{"rendered":"https:\/\/www.markt-kom.com\/?p=231080"},"modified":"2025-03-03T12:04:36","modified_gmt":"2025-03-03T11:04:36","slug":"fe-agentur-und-the-hall-schliessen-strategische-partnerschaft","status":"publish","type":"post","link":"https:\/\/www.organisator.ch\/en\/marketing\/2025-03-03\/fe-agentur-und-the-hall-schliessen-strategische-partnerschaft\/","title":{"rendered":"Fe Agentur and The Hall enter into strategic partnership"},"content":{"rendered":"<p><a href=\"https:\/\/www.markt-kom.com\/wp-content\/uploads\/2025\/02\/echogroup.jpg\"><img class=\"aligncenter size-full wp-image-231081\" src=\"https:\/\/www.markt-kom.com\/wp-content\/uploads\/2025\/02\/echogroup.jpg\" sizes=\"(max-width: 1200px) 100vw, 1200px\" srcset=\"https:\/\/www.markt-kom.com\/wp-content\/uploads\/2025\/02\/echogroup.jpg 1200w, https:\/\/www.markt-kom.com\/wp-content\/uploads\/2025\/02\/echogroup-600x450.jpg 600w, https:\/\/www.markt-kom.com\/wp-content\/uploads\/2025\/02\/echogroup-1024x768.jpg 1024w, https:\/\/www.markt-kom.com\/wp-content\/uploads\/2025\/02\/echogroup-768x576.jpg 768w, https:\/\/www.markt-kom.com\/wp-content\/uploads\/2025\/02\/echogroup-16x12.jpg 16w, https:\/\/www.markt-kom.com\/wp-content\/uploads\/2025\/02\/echogroup-233x175.jpg 233w, https:\/\/www.markt-kom.com\/wp-content\/uploads\/2025\/02\/echogroup-467x350.jpg 467w, https:\/\/www.markt-kom.com\/wp-content\/uploads\/2025\/02\/echogroup-1000x750.jpg 1000w\" alt=\"\" width=\"1200\" height=\"900\" \/><\/a><\/p>\r\n<p>The Echo Group's offering is aimed at companies that want to position their brand sustainably and bring it to life with innovative events. As an established event location, The Hall provides the infrastructure for physical, hybrid and digital events, while the Fe agency with locations in Baden, Zurich Stettbach and D\u00fcsseldorf consists of the three business units Branding, Campaigns and Corporate Events. Both organizations will remain independent.<\/p>\r\n<p>\"With the Echo Group, we are creating a unique offering that seamlessly combines marketing and event measures,\" says Dominic Fontijn, Co-CEO of the new group and co-founder of Fe Agentur. Christian Mathys, CEO of The Hall, adds: \"Our partnership combines concept development and event location - setting new standards.\" In summary, clients will benefit from a 360-degree offering that includes a holistic strategy and expertise, stringent brand communication and innovative experiences.<\/p>\r\n<p>From March 2025, the Echo Group will be launching its own event formats in The Hall. The \"Echo Originals\" series will demonstrate the Group's expertise. The program includes the keynote series \"Denkwiese25\" on 7 March, a live concert by \"Sing meinen Song\" on 11 April as well as comedy and gospel events throughout the year.<\/p>","protected":false},"excerpt":{"rendered":"<p>The Fe Agency and the event location The Hall in D\u00fcbendorf are forming a new strategic partnership under the name Echo Group. The new group combines brand strategy, creativity and event infrastructure under one roof. The aim is to provide companies with holistic support for brand presentations - from conception to implementation.<\/p>","protected":false},"author":8,"featured_media":0,"comment_status":"closed","ping_status":"closed","sticky":false,"template":"","format":"standard","meta":{"_acf_changed":false,"_yoast_wpseo_focuskw":"Echo Group","_yoast_wpseo_metadesc":"Die Echo Group vereint Markenstrategie, Kreativit\u00e4t und Eventinfrastruktur f\u00fcr ganzheitliche Markenauftritte und innovative Events.","articlekey":"","footnotes":""},"categories":[29],"tags":[4345,5130,4001,5131],"class_list":["post-36421","post","type-post","status-publish","format-standard","hentry","category-marketing","tag-business","tag-echo-group","tag-fe-agentur","tag-the-hall"],"acf":[],"yoast_head":"<!-- This site is optimized with the Yoast SEO plugin v27.5 - https:\/\/yoast.com\/product\/yoast-seo-wordpress\/ -->\n<title>Fe Agentur und The Hall schliessen strategische Partnerschaft - Organisator<\/title>\n<meta name=\"description\" content=\"Die Echo Group vereint Markenstrategie, Kreativit\u00e4t und Eventinfrastruktur f\u00fcr ganzheitliche Markenauftritte und innovative Events.\" \/>\n<meta name=\"robots\" content=\"index, follow, max-snippet:-1, max-image-preview:large, max-video-preview:-1\" \/>\n<link rel=\"canonical\" href=\"https:\/\/www.organisator.ch\/en\/marketing\/2025-03-03\/fe-agentur-und-the-hall-schliessen-strategische-partnerschaft\/\" \/>\n<meta property=\"og:locale\" content=\"en_US\" \/>\n<meta property=\"og:type\" content=\"article\" \/>\n<meta property=\"og:title\" content=\"Fe Agentur und The Hall schliessen strategische Partnerschaft - Organisator\" \/>\n<meta property=\"og:description\" content=\"Die Echo Group vereint Markenstrategie, Kreativit\u00e4t und Eventinfrastruktur f\u00fcr ganzheitliche Markenauftritte und innovative Events.\" \/>\n<meta property=\"og:url\" content=\"https:\/\/www.organisator.ch\/en\/marketing\/2025-03-03\/fe-agentur-und-the-hall-schliessen-strategische-partnerschaft\/\" \/>\n<meta property=\"og:site_name\" content=\"Organisator\" \/>\n<meta property=\"article:publisher\" content=\"https:\/\/www.facebook.com\/OrganisatorFachmagazin\" \/>\n<meta property=\"article:published_time\" content=\"2025-03-03T11:05:07+00:00\" \/>\n<meta name=\"author\" content=\"galledia\" \/>\n<meta name=\"twitter:card\" content=\"summary_large_image\" \/>\n<meta name=\"twitter:creator\" content=\"@admin\" \/>\n<script type=\"application\/ld+json\" class=\"yoast-schema-graph\">{\"@context\":\"https:\\\/\\\/schema.org\",\"@graph\":[{\"@type\":\"Article\",\"@id\":\"https:\\\/\\\/www.organisator.ch\\\/marketing\\\/2025-03-03\\\/fe-agentur-und-the-hall-schliessen-strategische-partnerschaft\\\/#article\",\"isPartOf\":{\"@id\":\"https:\\\/\\\/www.organisator.ch\\\/marketing\\\/2025-03-03\\\/fe-agentur-und-the-hall-schliessen-strategische-partnerschaft\\\/\"},\"author\":{\"name\":\"galledia\",\"@id\":\"https:\\\/\\\/www.organisator.ch\\\/#\\\/schema\\\/person\\\/4e51799071cd2dd1232ac003643ef5f0\"},\"headline\":\"Fe Agentur und The Hall schliessen strategische Partnerschaft\",\"datePublished\":\"2025-03-03T11:05:07+00:00\",\"mainEntityOfPage\":{\"@id\":\"https:\\\/\\\/www.organisator.ch\\\/marketing\\\/2025-03-03\\\/fe-agentur-und-the-hall-schliessen-strategische-partnerschaft\\\/\"},\"wordCount\":198,\"publisher\":{\"@id\":\"https:\\\/\\\/www.organisator.ch\\\/#organization\"},\"image\":{\"@id\":\"https:\\\/\\\/www.organisator.ch\\\/marketing\\\/2025-03-03\\\/fe-agentur-und-the-hall-schliessen-strategische-partnerschaft\\\/#primaryimage\"},\"thumbnailUrl\":\"https:\\\/\\\/www.markt-kom.com\\\/wp-content\\\/uploads\\\/2025\\\/02\\\/echogroup.jpg\",\"keywords\":[\"Business\",\"Echo Group\",\"Fe Agentur\",\"The Hall\"],\"articleSection\":[\"MARKETING\"],\"inLanguage\":\"en-US\"},{\"@type\":\"WebPage\",\"@id\":\"https:\\\/\\\/www.organisator.ch\\\/marketing\\\/2025-03-03\\\/fe-agentur-und-the-hall-schliessen-strategische-partnerschaft\\\/\",\"url\":\"https:\\\/\\\/www.organisator.ch\\\/marketing\\\/2025-03-03\\\/fe-agentur-und-the-hall-schliessen-strategische-partnerschaft\\\/\",\"name\":\"Fe Agentur und The Hall schliessen strategische Partnerschaft - Organisator\",\"isPartOf\":{\"@id\":\"https:\\\/\\\/www.organisator.ch\\\/#website\"},\"primaryImageOfPage\":{\"@id\":\"https:\\\/\\\/www.organisator.ch\\\/marketing\\\/2025-03-03\\\/fe-agentur-und-the-hall-schliessen-strategische-partnerschaft\\\/#primaryimage\"},\"image\":{\"@id\":\"https:\\\/\\\/www.organisator.ch\\\/marketing\\\/2025-03-03\\\/fe-agentur-und-the-hall-schliessen-strategische-partnerschaft\\\/#primaryimage\"},\"thumbnailUrl\":\"https:\\\/\\\/www.markt-kom.com\\\/wp-content\\\/uploads\\\/2025\\\/02\\\/echogroup.jpg\",\"datePublished\":\"2025-03-03T11:05:07+00:00\",\"description\":\"Die Echo Group vereint Markenstrategie, Kreativit\u00e4t und Eventinfrastruktur f\u00fcr ganzheitliche Markenauftritte und innovative Events.\",\"breadcrumb\":{\"@id\":\"https:\\\/\\\/www.organisator.ch\\\/marketing\\\/2025-03-03\\\/fe-agentur-und-the-hall-schliessen-strategische-partnerschaft\\\/#breadcrumb\"},\"inLanguage\":\"en-US\",\"potentialAction\":[{\"@type\":\"ReadAction\",\"target\":[\"https:\\\/\\\/www.organisator.ch\\\/marketing\\\/2025-03-03\\\/fe-agentur-und-the-hall-schliessen-strategische-partnerschaft\\\/\"]}]},{\"@type\":\"ImageObject\",\"inLanguage\":\"en-US\",\"@id\":\"https:\\\/\\\/www.organisator.ch\\\/marketing\\\/2025-03-03\\\/fe-agentur-und-the-hall-schliessen-strategische-partnerschaft\\\/#primaryimage\",\"url\":\"https:\\\/\\\/www.markt-kom.com\\\/wp-content\\\/uploads\\\/2025\\\/02\\\/echogroup.jpg\",\"contentUrl\":\"https:\\\/\\\/www.markt-kom.com\\\/wp-content\\\/uploads\\\/2025\\\/02\\\/echogroup.jpg\"},{\"@type\":\"BreadcrumbList\",\"@id\":\"https:\\\/\\\/www.organisator.ch\\\/marketing\\\/2025-03-03\\\/fe-agentur-und-the-hall-schliessen-strategische-partnerschaft\\\/#breadcrumb\",\"itemListElement\":[{\"@type\":\"ListItem\",\"position\":1,\"name\":\"Home\",\"item\":\"https:\\\/\\\/www.organisator.ch\\\/\"},{\"@type\":\"ListItem\",\"position\":2,\"name\":\"Fe Agentur und The Hall schliessen strategische Partnerschaft\"}]},{\"@type\":\"WebSite\",\"@id\":\"https:\\\/\\\/www.organisator.ch\\\/#website\",\"url\":\"https:\\\/\\\/www.organisator.ch\\\/\",\"name\":\"Organisator\",\"description\":\"Kompetent. Praxisnah. Der ORGANISATOR bereitet in 10 Ausgaben pro Jahr die wesentlichen Themen f\u00fcr F\u00fchrungskr\u00e4fte von KMU auf.\",\"publisher\":{\"@id\":\"https:\\\/\\\/www.organisator.ch\\\/#organization\"},\"potentialAction\":[{\"@type\":\"SearchAction\",\"target\":{\"@type\":\"EntryPoint\",\"urlTemplate\":\"https:\\\/\\\/www.organisator.ch\\\/?s={search_term_string}\"},\"query-input\":{\"@type\":\"PropertyValueSpecification\",\"valueRequired\":true,\"valueName\":\"search_term_string\"}}],\"inLanguage\":\"en-US\"},{\"@type\":\"Organization\",\"@id\":\"https:\\\/\\\/www.organisator.ch\\\/#organization\",\"name\":\"Organisator\",\"url\":\"https:\\\/\\\/www.organisator.ch\\\/\",\"logo\":{\"@type\":\"ImageObject\",\"inLanguage\":\"en-US\",\"@id\":\"https:\\\/\\\/www.organisator.ch\\\/#\\\/schema\\\/logo\\\/image\\\/\",\"url\":\"https:\\\/\\\/www.organisator.ch\\\/wp-content\\\/uploads\\\/2022\\\/01\\\/Logo_Organisator_Website.png\",\"contentUrl\":\"https:\\\/\\\/www.organisator.ch\\\/wp-content\\\/uploads\\\/2022\\\/01\\\/Logo_Organisator_Website.png\",\"width\":800,\"height\":77,\"caption\":\"Organisator\"},\"image\":{\"@id\":\"https:\\\/\\\/www.organisator.ch\\\/#\\\/schema\\\/logo\\\/image\\\/\"},\"sameAs\":[\"https:\\\/\\\/www.facebook.com\\\/OrganisatorFachmagazin\",\"https:\\\/\\\/www.linkedin.com\\\/showcase\\\/organisator-das-magazin-fr-kmu\",\"https:\\\/\\\/www.xing.com\\\/news\\\/pages\\\/organisator-ch-695\",\"https:\\\/\\\/www.youtube.com\\\/channel\\\/UCGP2Sq0iWaZwT3BdIAQFYpw\"]},{\"@type\":\"Person\",\"@id\":\"https:\\\/\\\/www.organisator.ch\\\/#\\\/schema\\\/person\\\/4e51799071cd2dd1232ac003643ef5f0\",\"name\":\"galledia\",\"image\":{\"@type\":\"ImageObject\",\"inLanguage\":\"en-US\",\"@id\":\"https:\\\/\\\/secure.gravatar.com\\\/avatar\\\/78a7f90c01fc2bfc875782a0d4922b37cde2cf184ce347b91316d23cd7f69a36?s=96&d=mm&r=g\",\"url\":\"https:\\\/\\\/secure.gravatar.com\\\/avatar\\\/78a7f90c01fc2bfc875782a0d4922b37cde2cf184ce347b91316d23cd7f69a36?s=96&d=mm&r=g\",\"contentUrl\":\"https:\\\/\\\/secure.gravatar.com\\\/avatar\\\/78a7f90c01fc2bfc875782a0d4922b37cde2cf184ce347b91316d23cd7f69a36?s=96&d=mm&r=g\",\"caption\":\"galledia\"},\"sameAs\":[\"https:\\\/\\\/x.com\\\/admin\"],\"url\":\"https:\\\/\\\/www.organisator.ch\\\/en\\\/author\\\/galledia\\\/\"}]}<\/script>\n<!-- \/ Yoast SEO plugin. -->","yoast_head_json":{"title":"Fe Agentur and The Hall enter into strategic partnership - organizer","description":"The Echo Group combines brand strategy, creativity and event infrastructure for holistic brand presentations and innovative events.","robots":{"index":"index","follow":"follow","max-snippet":"max-snippet:-1","max-image-preview":"max-image-preview:large","max-video-preview":"max-video-preview:-1"},"canonical":"https:\/\/www.organisator.ch\/en\/marketing\/2025-03-03\/fe-agentur-und-the-hall-schliessen-strategische-partnerschaft\/","og_locale":"en_US","og_type":"article","og_title":"Fe Agentur und The Hall schliessen strategische Partnerschaft - Organisator","og_description":"Die Echo Group vereint Markenstrategie, Kreativit\u00e4t und Eventinfrastruktur f\u00fcr ganzheitliche Markenauftritte und innovative Events.","og_url":"https:\/\/www.organisator.ch\/en\/marketing\/2025-03-03\/fe-agentur-und-the-hall-schliessen-strategische-partnerschaft\/","og_site_name":"Organisator","article_publisher":"https:\/\/www.facebook.com\/OrganisatorFachmagazin","article_published_time":"2025-03-03T11:05:07+00:00","author":"galledia","twitter_card":"summary_large_image","twitter_creator":"@admin","schema":{"@context":"https:\/\/schema.org","@graph":[{"@type":"Article","@id":"https:\/\/www.organisator.ch\/marketing\/2025-03-03\/fe-agentur-und-the-hall-schliessen-strategische-partnerschaft\/#article","isPartOf":{"@id":"https:\/\/www.organisator.ch\/marketing\/2025-03-03\/fe-agentur-und-the-hall-schliessen-strategische-partnerschaft\/"},"author":{"name":"galledia","@id":"https:\/\/www.organisator.ch\/#\/schema\/person\/4e51799071cd2dd1232ac003643ef5f0"},"headline":"Fe Agentur und The Hall schliessen strategische Partnerschaft","datePublished":"2025-03-03T11:05:07+00:00","mainEntityOfPage":{"@id":"https:\/\/www.organisator.ch\/marketing\/2025-03-03\/fe-agentur-und-the-hall-schliessen-strategische-partnerschaft\/"},"wordCount":198,"publisher":{"@id":"https:\/\/www.organisator.ch\/#organization"},"image":{"@id":"https:\/\/www.organisator.ch\/marketing\/2025-03-03\/fe-agentur-und-the-hall-schliessen-strategische-partnerschaft\/#primaryimage"},"thumbnailUrl":"https:\/\/www.markt-kom.com\/wp-content\/uploads\/2025\/02\/echogroup.jpg","keywords":["Business","Echo Group","Fe Agentur","The Hall"],"articleSection":["MARKETING"],"inLanguage":"en-US"},{"@type":"WebPage","@id":"https:\/\/www.organisator.ch\/marketing\/2025-03-03\/fe-agentur-und-the-hall-schliessen-strategische-partnerschaft\/","url":"https:\/\/www.organisator.ch\/marketing\/2025-03-03\/fe-agentur-und-the-hall-schliessen-strategische-partnerschaft\/","name":"Fe Agentur and The Hall enter into strategic partnership - organizer","isPartOf":{"@id":"https:\/\/www.organisator.ch\/#website"},"primaryImageOfPage":{"@id":"https:\/\/www.organisator.ch\/marketing\/2025-03-03\/fe-agentur-und-the-hall-schliessen-strategische-partnerschaft\/#primaryimage"},"image":{"@id":"https:\/\/www.organisator.ch\/marketing\/2025-03-03\/fe-agentur-und-the-hall-schliessen-strategische-partnerschaft\/#primaryimage"},"thumbnailUrl":"https:\/\/www.markt-kom.com\/wp-content\/uploads\/2025\/02\/echogroup.jpg","datePublished":"2025-03-03T11:05:07+00:00","description":"The Echo Group combines brand strategy, creativity and event infrastructure for holistic brand presentations and innovative events.","breadcrumb":{"@id":"https:\/\/www.organisator.ch\/marketing\/2025-03-03\/fe-agentur-und-the-hall-schliessen-strategische-partnerschaft\/#breadcrumb"},"inLanguage":"en-US","potentialAction":[{"@type":"ReadAction","target":["https:\/\/www.organisator.ch\/marketing\/2025-03-03\/fe-agentur-und-the-hall-schliessen-strategische-partnerschaft\/"]}]},{"@type":"ImageObject","inLanguage":"en-US","@id":"https:\/\/www.organisator.ch\/marketing\/2025-03-03\/fe-agentur-und-the-hall-schliessen-strategische-partnerschaft\/#primaryimage","url":"https:\/\/www.markt-kom.com\/wp-content\/uploads\/2025\/02\/echogroup.jpg","contentUrl":"https:\/\/www.markt-kom.com\/wp-content\/uploads\/2025\/02\/echogroup.jpg"},{"@type":"BreadcrumbList","@id":"https:\/\/www.organisator.ch\/marketing\/2025-03-03\/fe-agentur-und-the-hall-schliessen-strategische-partnerschaft\/#breadcrumb","itemListElement":[{"@type":"ListItem","position":1,"name":"Home","item":"https:\/\/www.organisator.ch\/"},{"@type":"ListItem","position":2,"name":"Fe Agentur und The Hall schliessen strategische Partnerschaft"}]},{"@type":"WebSite","@id":"https:\/\/www.organisator.ch\/#website","url":"https:\/\/www.organisator.ch\/","name":"Organizer","description":"Competent. Practical. In 10 issues per year, ORGANISATOR presents the essential topics for managers of SMEs.","publisher":{"@id":"https:\/\/www.organisator.ch\/#organization"},"potentialAction":[{"@type":"SearchAction","target":{"@type":"EntryPoint","urlTemplate":"https:\/\/www.organisator.ch\/?s={search_term_string}"},"query-input":{"@type":"PropertyValueSpecification","valueRequired":true,"valueName":"search_term_string"}}],"inLanguage":"en-US"},{"@type":"Organization","@id":"https:\/\/www.organisator.ch\/#organization","name":"Organizer","url":"https:\/\/www.organisator.ch\/","logo":{"@type":"ImageObject","inLanguage":"en-US","@id":"https:\/\/www.organisator.ch\/#\/schema\/logo\/image\/","url":"https:\/\/www.organisator.ch\/wp-content\/uploads\/2022\/01\/Logo_Organisator_Website.png","contentUrl":"https:\/\/www.organisator.ch\/wp-content\/uploads\/2022\/01\/Logo_Organisator_Website.png","width":800,"height":77,"caption":"Organisator"},"image":{"@id":"https:\/\/www.organisator.ch\/#\/schema\/logo\/image\/"},"sameAs":["https:\/\/www.facebook.com\/OrganisatorFachmagazin","https:\/\/www.linkedin.com\/showcase\/organisator-das-magazin-fr-kmu","https:\/\/www.xing.com\/news\/pages\/organisator-ch-695","https:\/\/www.youtube.com\/channel\/UCGP2Sq0iWaZwT3BdIAQFYpw"]},{"@type":"Person","@id":"https:\/\/www.organisator.ch\/#\/schema\/person\/4e51799071cd2dd1232ac003643ef5f0","name":"galledia","image":{"@type":"ImageObject","inLanguage":"en-US","@id":"https:\/\/secure.gravatar.com\/avatar\/78a7f90c01fc2bfc875782a0d4922b37cde2cf184ce347b91316d23cd7f69a36?s=96&d=mm&r=g","url":"https:\/\/secure.gravatar.com\/avatar\/78a7f90c01fc2bfc875782a0d4922b37cde2cf184ce347b91316d23cd7f69a36?s=96&d=mm&r=g","contentUrl":"https:\/\/secure.gravatar.com\/avatar\/78a7f90c01fc2bfc875782a0d4922b37cde2cf184ce347b91316d23cd7f69a36?s=96&d=mm&r=g","caption":"galledia"},"sameAs":["https:\/\/x.com\/admin"],"url":"https:\/\/www.organisator.ch\/en\/author\/galledia\/"}]}},"_links":{"self":[{"href":"https:\/\/www.organisator.ch\/en\/wp-json\/wp\/v2\/posts\/36421","targetHints":{"allow":["GET"]}}],"collection":[{"href":"https:\/\/www.organisator.ch\/en\/wp-json\/wp\/v2\/posts"}],"about":[{"href":"https:\/\/www.organisator.ch\/en\/wp-json\/wp\/v2\/types\/post"}],"author":[{"embeddable":true,"href":"https:\/\/www.organisator.ch\/en\/wp-json\/wp\/v2\/users\/8"}],"replies":[{"embeddable":true,"href":"https:\/\/www.organisator.ch\/en\/wp-json\/wp\/v2\/comments?post=36421"}],"version-history":[{"count":5,"href":"https:\/\/www.organisator.ch\/en\/wp-json\/wp\/v2\/posts\/36421\/revisions"}],"predecessor-version":[{"id":36562,"href":"https:\/\/www.organisator.ch\/en\/wp-json\/wp\/v2\/posts\/36421\/revisions\/36562"}],"wp:attachment":[{"href":"https:\/\/www.organisator.ch\/en\/wp-json\/wp\/v2\/media?parent=36421"}],"wp:term":[{"taxonomy":"category","embeddable":true,"href":"https:\/\/www.organisator.ch\/en\/wp-json\/wp\/v2\/categories?post=36421"},{"taxonomy":"post_tag","embeddable":true,"href":"https:\/\/www.organisator.ch\/en\/wp-json\/wp\/v2\/tags?post=36421"}],"curies":[{"name":"wp","href":"https:\/\/api.w.org\/{rel}","templated":true}]}}