{"id":36514,"date":"2025-02-28T08:01:34","date_gmt":"2025-02-28T07:01:34","guid":{"rendered":"https:\/\/www.organisator.ch\/?p=36514"},"modified":"2025-02-28T08:01:34","modified_gmt":"2025-02-28T07:01:34","slug":"retailsolutions-erweitert-strategischen-fokus-mit-neuer-business-unit-fu%cc%88r-fashion-bekleidung","status":"publish","type":"post","link":"https:\/\/www.organisator.ch\/en\/management\/2025-02-28\/retailsolutions-erweitert-strategischen-fokus-mit-neuer-business-unit-fu%cc%88r-fashion-bekleidung\/","title":{"rendered":"Retailsolutions expands strategic focus with new business unit for fashion &amp; apparel"},"content":{"rendered":"<figure id=\"attachment_36515\" aria-describedby=\"caption-attachment-36515\" style=\"width: 680px\" class=\"wp-caption alignnone\"><img loading=\"lazy\" decoding=\"async\" class=\"size-full wp-image-36515\" src=\"https:\/\/www.organisator.ch\/wp-content\/uploads\/2025\/02\/Retailsolutions_Bild_ps.jpg\" alt=\"\" width=\"680\" height=\"452\" srcset=\"https:\/\/www.organisator.ch\/wp-content\/uploads\/2025\/02\/Retailsolutions_Bild_ps.jpg 680w, https:\/\/www.organisator.ch\/wp-content\/uploads\/2025\/02\/Retailsolutions_Bild_ps-18x12.jpg 18w, https:\/\/www.organisator.ch\/wp-content\/uploads\/2025\/02\/Retailsolutions_Bild_ps-375x249.jpg 375w, https:\/\/www.organisator.ch\/wp-content\/uploads\/2025\/02\/Retailsolutions_Bild_ps-527x350.jpg 527w\" sizes=\"auto, (max-width: 680px) 100vw, 680px\" \/><figcaption id=\"caption-attachment-36515\" class=\"wp-caption-text\">Retailsolutions establishes a Business Unit for Fashion &amp; Apparel to further develop SAP solutions for fashion companies. (Image: www.depositphotos.com)<\/figcaption><\/figure>\n<p>The aim is to provide innovative and customized SAP solutions to optimally support companies in the fashion industry in a highly dynamic market environment. The new unit will be led by renowned industry experts Pepe Fernandez and Gerald Reiser, who both have decades of experience in fashion, retail and SAP consulting. With their extensive expertise, they will drive the development of innovative solutions that enable fashion companies to successfully position themselves in an increasingly digital and competitive market landscape.<\/p>\n<h3><strong>Experienced industry experts at the helm<\/strong><\/h3>\n<p>Pepe Fernandez has more than 30 years of experience as a CIO and consultant. In leading positions, he was responsible for digital transformation processes for internationally renowned brands such as Loewe (LVMH), G-Star RAW and Tommy Hilfiger. His expertise in data analysis and omnichannel strategies has earned him international recognition. As co-chair of the European Fashion SAP User Group and member of the SAP Fashion Council, he plays a central role in the further development of the SAP roadmap for the fashion industry.<\/p>\n<p>Gerald Reiser has more than 25 years of SAP expertise, including 13 years specializing in SAP AFS, FMS and S\/4HANA Fashion. In leading positions at renowned consulting companies such as IDS Scheer and attune \/ Rizing CI Europe, he gained extensive experience in building and scaling SAP consulting practices for fashion and lifestyle customers. His in-depth understanding of industry-specific challenges and potentials will contribute significantly to the success of the new business unit.<\/p>\n<h3><strong>Setting the strategic course for the future<\/strong><\/h3>\n<p>\"The fashion industry is undergoing a profound change in which digital transformation and changing customer expectations are redefining the competitive landscape,\" explains Philipp Rohe, Managing Partner of Retailsolutions. \"With the establishment of our Fashion &amp; Apparel business unit and the expertise of Pepe and Gerald, we are ideally positioned to support our customers on their path to growth and success with innovative SAP solutions.\"<\/p>\n<p>This strategic expansion underlines our clear commitment to providing first-class SAP solutions that are specifically tailored to the requirements of the fashion and apparel industry. By combining in-depth retail experience with a specific focus on fashion &amp; apparel, the company strengthens its position as a reliable partner for brands that want to actively shape the future in a highly dynamic market environment.<\/p>\n<p><em>Source: <a href=\"http:\/\/www.retailsolutions.ch\">www.retailsolutions.ch<\/a><\/em><\/p>","protected":false},"excerpt":{"rendered":"<p>Zug-based retail consultancy Retailsolutions, one of the leading SAP consulting companies in Europe, is further expanding its service portfolio and strengthening its strategic focus by establishing its own business unit for fashion &amp; apparel. With this initiative, the company is responding to the rapidly changing requirements of the fashion industry and expanding its proven expertise in the retail sector to include specific solutions for fashion and clothing companies. <\/p>","protected":false},"author":80,"featured_media":36515,"comment_status":"closed","ping_status":"closed","sticky":false,"template":"","format":"standard","meta":{"_acf_changed":false,"_yoast_wpseo_focuskw":"SAP-L\u00f6sungen f\u00fcr Modebranche","_yoast_wpseo_metadesc":"Retailsolutions gr\u00fcndet eine Business Unit f\u00fcr Fashion & Bekleidung, um SAP-L\u00f6sungen f\u00fcr Modeunternehmen gezielt weiterzuentwickeln.","articlekey":"","footnotes":""},"categories":[28],"tags":[5139,4145,3804,421,492],"class_list":["post-36514","post","type-post","status-publish","format-standard","has-post-thumbnail","hentry","category-management","tag-business-unit","tag-loesungen","tag-modeindustrie","tag-sap","tag-unternehmen"],"acf":[],"yoast_head":"<!-- This site is optimized with the Yoast SEO plugin v27.4 - https:\/\/yoast.com\/product\/yoast-seo-wordpress\/ -->\n<title>Retailsolutions erweitert strategischen Fokus mit neuer Business Unit fu\u0308r Fashion &amp; Bekleidung - Organisator<\/title>\n<meta name=\"description\" content=\"Retailsolutions gr\u00fcndet eine Business Unit f\u00fcr Fashion &amp; Bekleidung, um SAP-L\u00f6sungen f\u00fcr Modeunternehmen gezielt weiterzuentwickeln.\" \/>\n<meta name=\"robots\" content=\"index, follow, max-snippet:-1, max-image-preview:large, max-video-preview:-1\" \/>\n<link rel=\"canonical\" href=\"https:\/\/www.organisator.ch\/en\/management\/2025-02-28\/retailsolutions-erweitert-strategischen-fokus-mit-neuer-business-unit-fu\u0308r-fashion-bekleidung\/\" \/>\n<meta property=\"og:locale\" content=\"en_US\" \/>\n<meta property=\"og:type\" content=\"article\" \/>\n<meta property=\"og:title\" content=\"Retailsolutions erweitert strategischen Fokus\" \/>\n<meta property=\"og:description\" content=\"Retailsolutions gr\u00fcndet eine Business Unit f\u00fcr Fashion &amp; Bekleidung, um SAP-L\u00f6sungen f\u00fcr Modeunternehmen gezielt weiterzuentwickeln.\" \/>\n<meta property=\"og:url\" content=\"https:\/\/www.organisator.ch\/en\/management\/2025-02-28\/retailsolutions-erweitert-strategischen-fokus-mit-neuer-business-unit-fu\u0308r-fashion-bekleidung\/\" \/>\n<meta property=\"og:site_name\" content=\"Organisator\" \/>\n<meta property=\"article:publisher\" content=\"https:\/\/www.facebook.com\/OrganisatorFachmagazin\" \/>\n<meta property=\"article:published_time\" content=\"2025-02-28T07:01:34+00:00\" \/>\n<meta property=\"og:image\" content=\"https:\/\/www.organisator.ch\/wp-content\/uploads\/2025\/02\/Retailsolutions_Bild_ps.jpg\" \/>\n\t<meta property=\"og:image:width\" content=\"680\" \/>\n\t<meta property=\"og:image:height\" content=\"452\" \/>\n\t<meta property=\"og:image:type\" content=\"image\/jpeg\" \/>\n<meta name=\"author\" content=\"Dzana Muminovic\" \/>\n<meta name=\"twitter:card\" content=\"summary_large_image\" \/>\n<meta name=\"twitter:title\" content=\"Retailsolutions erweitert strategischen Fokus\" \/>\n<meta name=\"twitter:description\" content=\"#Retailsolutions gr\u00fcndet eine #Business #Unit f\u00fcr #Fashion &amp; #Bekleidung, um #SAP-L\u00f6sungen f\u00fcr #Modeunternehmen gezielt weiterzuentwickeln.\" \/>\n<meta name=\"twitter:image\" content=\"https:\/\/www.organisator.ch\/wp-content\/uploads\/2025\/02\/Retailsolutions_Bild_ps.jpg\" \/>\n<script type=\"application\/ld+json\" class=\"yoast-schema-graph\">{\"@context\":\"https:\\\/\\\/schema.org\",\"@graph\":[{\"@type\":\"Article\",\"@id\":\"https:\\\/\\\/www.organisator.ch\\\/management\\\/2025-02-28\\\/retailsolutions-erweitert-strategischen-fokus-mit-neuer-business-unit-fu%cc%88r-fashion-bekleidung\\\/#article\",\"isPartOf\":{\"@id\":\"https:\\\/\\\/www.organisator.ch\\\/management\\\/2025-02-28\\\/retailsolutions-erweitert-strategischen-fokus-mit-neuer-business-unit-fu%cc%88r-fashion-bekleidung\\\/\"},\"author\":{\"name\":\"Dzana Muminovic\",\"@id\":\"https:\\\/\\\/www.organisator.ch\\\/#\\\/schema\\\/person\\\/afccda3a71c06d4be2ed9100dd163db7\"},\"headline\":\"Retailsolutions erweitert strategischen Fokus mit neuer Business Unit fu\u0308r Fashion &#038; Bekleidung\",\"datePublished\":\"2025-02-28T07:01:34+00:00\",\"mainEntityOfPage\":{\"@id\":\"https:\\\/\\\/www.organisator.ch\\\/management\\\/2025-02-28\\\/retailsolutions-erweitert-strategischen-fokus-mit-neuer-business-unit-fu%cc%88r-fashion-bekleidung\\\/\"},\"wordCount\":405,\"publisher\":{\"@id\":\"https:\\\/\\\/www.organisator.ch\\\/#organization\"},\"image\":{\"@id\":\"https:\\\/\\\/www.organisator.ch\\\/management\\\/2025-02-28\\\/retailsolutions-erweitert-strategischen-fokus-mit-neuer-business-unit-fu%cc%88r-fashion-bekleidung\\\/#primaryimage\"},\"thumbnailUrl\":\"https:\\\/\\\/www.organisator.ch\\\/wp-content\\\/uploads\\\/2025\\\/02\\\/Retailsolutions_Bild_ps.jpg\",\"keywords\":[\"Business Unit\",\"L\u00f6sungen\",\"Modeindustrie\",\"SAP\",\"Unternehmen\"],\"articleSection\":[\"MANAGEMENT\"],\"inLanguage\":\"en-US\"},{\"@type\":\"WebPage\",\"@id\":\"https:\\\/\\\/www.organisator.ch\\\/management\\\/2025-02-28\\\/retailsolutions-erweitert-strategischen-fokus-mit-neuer-business-unit-fu%cc%88r-fashion-bekleidung\\\/\",\"url\":\"https:\\\/\\\/www.organisator.ch\\\/management\\\/2025-02-28\\\/retailsolutions-erweitert-strategischen-fokus-mit-neuer-business-unit-fu%cc%88r-fashion-bekleidung\\\/\",\"name\":\"Retailsolutions erweitert strategischen Fokus mit neuer Business Unit fu\u0308r Fashion & Bekleidung - Organisator\",\"isPartOf\":{\"@id\":\"https:\\\/\\\/www.organisator.ch\\\/#website\"},\"primaryImageOfPage\":{\"@id\":\"https:\\\/\\\/www.organisator.ch\\\/management\\\/2025-02-28\\\/retailsolutions-erweitert-strategischen-fokus-mit-neuer-business-unit-fu%cc%88r-fashion-bekleidung\\\/#primaryimage\"},\"image\":{\"@id\":\"https:\\\/\\\/www.organisator.ch\\\/management\\\/2025-02-28\\\/retailsolutions-erweitert-strategischen-fokus-mit-neuer-business-unit-fu%cc%88r-fashion-bekleidung\\\/#primaryimage\"},\"thumbnailUrl\":\"https:\\\/\\\/www.organisator.ch\\\/wp-content\\\/uploads\\\/2025\\\/02\\\/Retailsolutions_Bild_ps.jpg\",\"datePublished\":\"2025-02-28T07:01:34+00:00\",\"description\":\"Retailsolutions gr\u00fcndet eine Business Unit f\u00fcr Fashion & Bekleidung, um SAP-L\u00f6sungen f\u00fcr Modeunternehmen gezielt weiterzuentwickeln.\",\"breadcrumb\":{\"@id\":\"https:\\\/\\\/www.organisator.ch\\\/management\\\/2025-02-28\\\/retailsolutions-erweitert-strategischen-fokus-mit-neuer-business-unit-fu%cc%88r-fashion-bekleidung\\\/#breadcrumb\"},\"inLanguage\":\"en-US\",\"potentialAction\":[{\"@type\":\"ReadAction\",\"target\":[\"https:\\\/\\\/www.organisator.ch\\\/management\\\/2025-02-28\\\/retailsolutions-erweitert-strategischen-fokus-mit-neuer-business-unit-fu%cc%88r-fashion-bekleidung\\\/\"]}]},{\"@type\":\"ImageObject\",\"inLanguage\":\"en-US\",\"@id\":\"https:\\\/\\\/www.organisator.ch\\\/management\\\/2025-02-28\\\/retailsolutions-erweitert-strategischen-fokus-mit-neuer-business-unit-fu%cc%88r-fashion-bekleidung\\\/#primaryimage\",\"url\":\"https:\\\/\\\/www.organisator.ch\\\/wp-content\\\/uploads\\\/2025\\\/02\\\/Retailsolutions_Bild_ps.jpg\",\"contentUrl\":\"https:\\\/\\\/www.organisator.ch\\\/wp-content\\\/uploads\\\/2025\\\/02\\\/Retailsolutions_Bild_ps.jpg\",\"width\":680,\"height\":452,\"caption\":\"Retailsolutions gr\u00fcndet eine Business Unit f\u00fcr Fashion & Bekleidung, um SAP-L\u00f6sungen f\u00fcr Modeunternehmen gezielt weiterzuentwickeln. (Bild: www.depositphotos.com)\"},{\"@type\":\"BreadcrumbList\",\"@id\":\"https:\\\/\\\/www.organisator.ch\\\/management\\\/2025-02-28\\\/retailsolutions-erweitert-strategischen-fokus-mit-neuer-business-unit-fu%cc%88r-fashion-bekleidung\\\/#breadcrumb\",\"itemListElement\":[{\"@type\":\"ListItem\",\"position\":1,\"name\":\"Home\",\"item\":\"https:\\\/\\\/www.organisator.ch\\\/\"},{\"@type\":\"ListItem\",\"position\":2,\"name\":\"Retailsolutions erweitert strategischen Fokus mit neuer Business Unit fu\u0308r Fashion &#038; Bekleidung\"}]},{\"@type\":\"WebSite\",\"@id\":\"https:\\\/\\\/www.organisator.ch\\\/#website\",\"url\":\"https:\\\/\\\/www.organisator.ch\\\/\",\"name\":\"Organisator\",\"description\":\"Kompetent. Praxisnah. Der ORGANISATOR bereitet in 10 Ausgaben pro Jahr die wesentlichen Themen f\u00fcr F\u00fchrungskr\u00e4fte von KMU auf.\",\"publisher\":{\"@id\":\"https:\\\/\\\/www.organisator.ch\\\/#organization\"},\"potentialAction\":[{\"@type\":\"SearchAction\",\"target\":{\"@type\":\"EntryPoint\",\"urlTemplate\":\"https:\\\/\\\/www.organisator.ch\\\/?s={search_term_string}\"},\"query-input\":{\"@type\":\"PropertyValueSpecification\",\"valueRequired\":true,\"valueName\":\"search_term_string\"}}],\"inLanguage\":\"en-US\"},{\"@type\":\"Organization\",\"@id\":\"https:\\\/\\\/www.organisator.ch\\\/#organization\",\"name\":\"Organisator\",\"url\":\"https:\\\/\\\/www.organisator.ch\\\/\",\"logo\":{\"@type\":\"ImageObject\",\"inLanguage\":\"en-US\",\"@id\":\"https:\\\/\\\/www.organisator.ch\\\/#\\\/schema\\\/logo\\\/image\\\/\",\"url\":\"https:\\\/\\\/www.organisator.ch\\\/wp-content\\\/uploads\\\/2022\\\/01\\\/Logo_Organisator_Website.png\",\"contentUrl\":\"https:\\\/\\\/www.organisator.ch\\\/wp-content\\\/uploads\\\/2022\\\/01\\\/Logo_Organisator_Website.png\",\"width\":800,\"height\":77,\"caption\":\"Organisator\"},\"image\":{\"@id\":\"https:\\\/\\\/www.organisator.ch\\\/#\\\/schema\\\/logo\\\/image\\\/\"},\"sameAs\":[\"https:\\\/\\\/www.facebook.com\\\/OrganisatorFachmagazin\",\"https:\\\/\\\/www.linkedin.com\\\/showcase\\\/organisator-das-magazin-fr-kmu\",\"https:\\\/\\\/www.xing.com\\\/news\\\/pages\\\/organisator-ch-695\",\"https:\\\/\\\/www.youtube.com\\\/channel\\\/UCGP2Sq0iWaZwT3BdIAQFYpw\"]},{\"@type\":\"Person\",\"@id\":\"https:\\\/\\\/www.organisator.ch\\\/#\\\/schema\\\/person\\\/afccda3a71c06d4be2ed9100dd163db7\",\"name\":\"Dzana Muminovic\",\"image\":{\"@type\":\"ImageObject\",\"inLanguage\":\"en-US\",\"@id\":\"https:\\\/\\\/secure.gravatar.com\\\/avatar\\\/909c5c71aff4b38e88686f2ab2f1ba152571f394f41ed8bae431ea56ced93050?s=96&d=mm&r=g\",\"url\":\"https:\\\/\\\/secure.gravatar.com\\\/avatar\\\/909c5c71aff4b38e88686f2ab2f1ba152571f394f41ed8bae431ea56ced93050?s=96&d=mm&r=g\",\"contentUrl\":\"https:\\\/\\\/secure.gravatar.com\\\/avatar\\\/909c5c71aff4b38e88686f2ab2f1ba152571f394f41ed8bae431ea56ced93050?s=96&d=mm&r=g\",\"caption\":\"Dzana Muminovic\"},\"url\":\"https:\\\/\\\/www.organisator.ch\\\/en\\\/author\\\/dzana-muminovic\\\/\"}]}<\/script>\n<!-- \/ Yoast SEO plugin. -->","yoast_head_json":{"title":"Retailsolutions expands strategic focus with new business unit for fashion &amp; apparel - Organizer","description":"Retailsolutions establishes a Business Unit for Fashion &amp; Apparel to further develop SAP solutions for fashion companies.","robots":{"index":"index","follow":"follow","max-snippet":"max-snippet:-1","max-image-preview":"max-image-preview:large","max-video-preview":"max-video-preview:-1"},"canonical":"https:\/\/www.organisator.ch\/en\/management\/2025-02-28\/retailsolutions-erweitert-strategischen-fokus-mit-neuer-business-unit-fu\u0308r-fashion-bekleidung\/","og_locale":"en_US","og_type":"article","og_title":"Retailsolutions erweitert strategischen Fokus","og_description":"Retailsolutions gr\u00fcndet eine Business Unit f\u00fcr Fashion & Bekleidung, um SAP-L\u00f6sungen f\u00fcr Modeunternehmen gezielt weiterzuentwickeln.","og_url":"https:\/\/www.organisator.ch\/en\/management\/2025-02-28\/retailsolutions-erweitert-strategischen-fokus-mit-neuer-business-unit-fu\u0308r-fashion-bekleidung\/","og_site_name":"Organisator","article_publisher":"https:\/\/www.facebook.com\/OrganisatorFachmagazin","article_published_time":"2025-02-28T07:01:34+00:00","og_image":[{"width":680,"height":452,"url":"https:\/\/www.organisator.ch\/wp-content\/uploads\/2025\/02\/Retailsolutions_Bild_ps.jpg","type":"image\/jpeg"}],"author":"Dzana Muminovic","twitter_card":"summary_large_image","twitter_title":"Retailsolutions erweitert strategischen Fokus","twitter_description":"#Retailsolutions gr\u00fcndet eine #Business #Unit f\u00fcr #Fashion & #Bekleidung, um #SAP-L\u00f6sungen f\u00fcr #Modeunternehmen gezielt weiterzuentwickeln.","twitter_image":"https:\/\/www.organisator.ch\/wp-content\/uploads\/2025\/02\/Retailsolutions_Bild_ps.jpg","schema":{"@context":"https:\/\/schema.org","@graph":[{"@type":"Article","@id":"https:\/\/www.organisator.ch\/management\/2025-02-28\/retailsolutions-erweitert-strategischen-fokus-mit-neuer-business-unit-fu%cc%88r-fashion-bekleidung\/#article","isPartOf":{"@id":"https:\/\/www.organisator.ch\/management\/2025-02-28\/retailsolutions-erweitert-strategischen-fokus-mit-neuer-business-unit-fu%cc%88r-fashion-bekleidung\/"},"author":{"name":"Dzana Muminovic","@id":"https:\/\/www.organisator.ch\/#\/schema\/person\/afccda3a71c06d4be2ed9100dd163db7"},"headline":"Retailsolutions erweitert strategischen Fokus mit neuer Business Unit fu\u0308r Fashion &#038; Bekleidung","datePublished":"2025-02-28T07:01:34+00:00","mainEntityOfPage":{"@id":"https:\/\/www.organisator.ch\/management\/2025-02-28\/retailsolutions-erweitert-strategischen-fokus-mit-neuer-business-unit-fu%cc%88r-fashion-bekleidung\/"},"wordCount":405,"publisher":{"@id":"https:\/\/www.organisator.ch\/#organization"},"image":{"@id":"https:\/\/www.organisator.ch\/management\/2025-02-28\/retailsolutions-erweitert-strategischen-fokus-mit-neuer-business-unit-fu%cc%88r-fashion-bekleidung\/#primaryimage"},"thumbnailUrl":"https:\/\/www.organisator.ch\/wp-content\/uploads\/2025\/02\/Retailsolutions_Bild_ps.jpg","keywords":["Business Unit","L\u00f6sungen","Modeindustrie","SAP","Unternehmen"],"articleSection":["MANAGEMENT"],"inLanguage":"en-US"},{"@type":"WebPage","@id":"https:\/\/www.organisator.ch\/management\/2025-02-28\/retailsolutions-erweitert-strategischen-fokus-mit-neuer-business-unit-fu%cc%88r-fashion-bekleidung\/","url":"https:\/\/www.organisator.ch\/management\/2025-02-28\/retailsolutions-erweitert-strategischen-fokus-mit-neuer-business-unit-fu%cc%88r-fashion-bekleidung\/","name":"Retailsolutions expands strategic focus with new business unit for fashion &amp; apparel - Organizer","isPartOf":{"@id":"https:\/\/www.organisator.ch\/#website"},"primaryImageOfPage":{"@id":"https:\/\/www.organisator.ch\/management\/2025-02-28\/retailsolutions-erweitert-strategischen-fokus-mit-neuer-business-unit-fu%cc%88r-fashion-bekleidung\/#primaryimage"},"image":{"@id":"https:\/\/www.organisator.ch\/management\/2025-02-28\/retailsolutions-erweitert-strategischen-fokus-mit-neuer-business-unit-fu%cc%88r-fashion-bekleidung\/#primaryimage"},"thumbnailUrl":"https:\/\/www.organisator.ch\/wp-content\/uploads\/2025\/02\/Retailsolutions_Bild_ps.jpg","datePublished":"2025-02-28T07:01:34+00:00","description":"Retailsolutions establishes a Business Unit for Fashion &amp; Apparel to further develop SAP solutions for fashion companies.","breadcrumb":{"@id":"https:\/\/www.organisator.ch\/management\/2025-02-28\/retailsolutions-erweitert-strategischen-fokus-mit-neuer-business-unit-fu%cc%88r-fashion-bekleidung\/#breadcrumb"},"inLanguage":"en-US","potentialAction":[{"@type":"ReadAction","target":["https:\/\/www.organisator.ch\/management\/2025-02-28\/retailsolutions-erweitert-strategischen-fokus-mit-neuer-business-unit-fu%cc%88r-fashion-bekleidung\/"]}]},{"@type":"ImageObject","inLanguage":"en-US","@id":"https:\/\/www.organisator.ch\/management\/2025-02-28\/retailsolutions-erweitert-strategischen-fokus-mit-neuer-business-unit-fu%cc%88r-fashion-bekleidung\/#primaryimage","url":"https:\/\/www.organisator.ch\/wp-content\/uploads\/2025\/02\/Retailsolutions_Bild_ps.jpg","contentUrl":"https:\/\/www.organisator.ch\/wp-content\/uploads\/2025\/02\/Retailsolutions_Bild_ps.jpg","width":680,"height":452,"caption":"Retailsolutions gr\u00fcndet eine Business Unit f\u00fcr Fashion & Bekleidung, um SAP-L\u00f6sungen f\u00fcr Modeunternehmen gezielt weiterzuentwickeln. (Bild: www.depositphotos.com)"},{"@type":"BreadcrumbList","@id":"https:\/\/www.organisator.ch\/management\/2025-02-28\/retailsolutions-erweitert-strategischen-fokus-mit-neuer-business-unit-fu%cc%88r-fashion-bekleidung\/#breadcrumb","itemListElement":[{"@type":"ListItem","position":1,"name":"Home","item":"https:\/\/www.organisator.ch\/"},{"@type":"ListItem","position":2,"name":"Retailsolutions erweitert strategischen Fokus mit neuer Business Unit fu\u0308r Fashion &#038; Bekleidung"}]},{"@type":"WebSite","@id":"https:\/\/www.organisator.ch\/#website","url":"https:\/\/www.organisator.ch\/","name":"Organizer","description":"Competent. Practical. In 10 issues per year, ORGANISATOR presents the essential topics for managers of SMEs.","publisher":{"@id":"https:\/\/www.organisator.ch\/#organization"},"potentialAction":[{"@type":"SearchAction","target":{"@type":"EntryPoint","urlTemplate":"https:\/\/www.organisator.ch\/?s={search_term_string}"},"query-input":{"@type":"PropertyValueSpecification","valueRequired":true,"valueName":"search_term_string"}}],"inLanguage":"en-US"},{"@type":"Organization","@id":"https:\/\/www.organisator.ch\/#organization","name":"Organizer","url":"https:\/\/www.organisator.ch\/","logo":{"@type":"ImageObject","inLanguage":"en-US","@id":"https:\/\/www.organisator.ch\/#\/schema\/logo\/image\/","url":"https:\/\/www.organisator.ch\/wp-content\/uploads\/2022\/01\/Logo_Organisator_Website.png","contentUrl":"https:\/\/www.organisator.ch\/wp-content\/uploads\/2022\/01\/Logo_Organisator_Website.png","width":800,"height":77,"caption":"Organisator"},"image":{"@id":"https:\/\/www.organisator.ch\/#\/schema\/logo\/image\/"},"sameAs":["https:\/\/www.facebook.com\/OrganisatorFachmagazin","https:\/\/www.linkedin.com\/showcase\/organisator-das-magazin-fr-kmu","https:\/\/www.xing.com\/news\/pages\/organisator-ch-695","https:\/\/www.youtube.com\/channel\/UCGP2Sq0iWaZwT3BdIAQFYpw"]},{"@type":"Person","@id":"https:\/\/www.organisator.ch\/#\/schema\/person\/afccda3a71c06d4be2ed9100dd163db7","name":"Dzana Muminovic","image":{"@type":"ImageObject","inLanguage":"en-US","@id":"https:\/\/secure.gravatar.com\/avatar\/909c5c71aff4b38e88686f2ab2f1ba152571f394f41ed8bae431ea56ced93050?s=96&d=mm&r=g","url":"https:\/\/secure.gravatar.com\/avatar\/909c5c71aff4b38e88686f2ab2f1ba152571f394f41ed8bae431ea56ced93050?s=96&d=mm&r=g","contentUrl":"https:\/\/secure.gravatar.com\/avatar\/909c5c71aff4b38e88686f2ab2f1ba152571f394f41ed8bae431ea56ced93050?s=96&d=mm&r=g","caption":"Dzana Muminovic"},"url":"https:\/\/www.organisator.ch\/en\/author\/dzana-muminovic\/"}]}},"_links":{"self":[{"href":"https:\/\/www.organisator.ch\/en\/wp-json\/wp\/v2\/posts\/36514","targetHints":{"allow":["GET"]}}],"collection":[{"href":"https:\/\/www.organisator.ch\/en\/wp-json\/wp\/v2\/posts"}],"about":[{"href":"https:\/\/www.organisator.ch\/en\/wp-json\/wp\/v2\/types\/post"}],"author":[{"embeddable":true,"href":"https:\/\/www.organisator.ch\/en\/wp-json\/wp\/v2\/users\/80"}],"replies":[{"embeddable":true,"href":"https:\/\/www.organisator.ch\/en\/wp-json\/wp\/v2\/comments?post=36514"}],"version-history":[{"count":3,"href":"https:\/\/www.organisator.ch\/en\/wp-json\/wp\/v2\/posts\/36514\/revisions"}],"predecessor-version":[{"id":36555,"href":"https:\/\/www.organisator.ch\/en\/wp-json\/wp\/v2\/posts\/36514\/revisions\/36555"}],"wp:featuredmedia":[{"embeddable":true,"href":"https:\/\/www.organisator.ch\/en\/wp-json\/wp\/v2\/media\/36515"}],"wp:attachment":[{"href":"https:\/\/www.organisator.ch\/en\/wp-json\/wp\/v2\/media?parent=36514"}],"wp:term":[{"taxonomy":"category","embeddable":true,"href":"https:\/\/www.organisator.ch\/en\/wp-json\/wp\/v2\/categories?post=36514"},{"taxonomy":"post_tag","embeddable":true,"href":"https:\/\/www.organisator.ch\/en\/wp-json\/wp\/v2\/tags?post=36514"}],"curies":[{"name":"wp","href":"https:\/\/api.w.org\/{rel}","templated":true}]}}