{"id":36581,"date":"2025-03-04T07:26:21","date_gmt":"2025-03-04T06:26:21","guid":{"rendered":"https:\/\/www.markt-kom.com\/?p=231241"},"modified":"2025-03-04T07:34:42","modified_gmt":"2025-03-04T06:34:42","slug":"jung-von-matt-schweiz-verstaerkt-internationale-vernetzung","status":"publish","type":"post","link":"https:\/\/www.organisator.ch\/en\/marketing\/2025-03-04\/jung-von-matt-schweiz-verstaerkt-internationale-vernetzung\/","title":{"rendered":"Jung von Matt Switzerland strengthens its international network"},"content":{"rendered":"<figure id=\"attachment_231242\" class=\"wp-caption aligncenter\" style=\"width: 1200px;\" aria-describedby=\"caption-attachment-231242\"><a href=\"https:\/\/www.markt-kom.com\/wp-content\/uploads\/2025\/03\/Jung-von-Matt-internationalisiert.jpg\"><img class=\"size-full wp-image-231242\" src=\"https:\/\/www.markt-kom.com\/wp-content\/uploads\/2025\/03\/Jung-von-Matt-internationalisiert.jpg\" sizes=\"(max-width: 1200px) 100vw, 1200px\" srcset=\"https:\/\/www.markt-kom.com\/wp-content\/uploads\/2025\/03\/Jung-von-Matt-internationalisiert.jpg 1200w, https:\/\/www.markt-kom.com\/wp-content\/uploads\/2025\/03\/Jung-von-Matt-internationalisiert-600x310.jpg 600w, https:\/\/www.markt-kom.com\/wp-content\/uploads\/2025\/03\/Jung-von-Matt-internationalisiert-1024x529.jpg 1024w, https:\/\/www.markt-kom.com\/wp-content\/uploads\/2025\/03\/Jung-von-Matt-internationalisiert-768x397.jpg 768w, https:\/\/www.markt-kom.com\/wp-content\/uploads\/2025\/03\/Jung-von-Matt-internationalisiert-18x9.jpg 18w, https:\/\/www.markt-kom.com\/wp-content\/uploads\/2025\/03\/Jung-von-Matt-internationalisiert-339x175.jpg 339w, https:\/\/www.markt-kom.com\/wp-content\/uploads\/2025\/03\/Jung-von-Matt-internationalisiert-677x350.jpg 677w, https:\/\/www.markt-kom.com\/wp-content\/uploads\/2025\/03\/Jung-von-Matt-internationalisiert-1000x517.jpg 1000w\" alt=\"\" width=\"1200\" height=\"620\" \/><\/a>\r\n<figcaption id=\"caption-attachment-231242\" class=\"wp-caption-text\">Roman Hirsbrunner (left) and Christian Kies. (Image: zVg.)<\/figcaption>\r\n<\/figure>\r\n<p>Stronger networking with Jung von Matt's international locations should make the Swiss agency even more competitive. \"International expertise is becoming increasingly relevant for brands,\" says CEO Roman Hirsbrunner. \"Our aim is to provide clients with boundless creativity and global expertise virtually 'on the doorstep'.\"<\/p>\r\n<h3><strong>Global creative expertise<\/strong><\/h3>\r\n<p>Closer collaboration with the international group gives customers access to experts from a wide range of creative fields, such as AI or marketing automation, from locations in Europe as well as Los Angeles, London, Seoul, Ho Chi Minh City, Beijing and Shanghai. \"For us, creativity without borders means that we work with global creative teams for national and international brands, but also that companies from Switzerland can make use of the specific expertise of our international colleagues,\" explains CCO Christian Kies. This includes, for example, access to international sports platforms through Jung von Matt Sports, expertise in fandom marketing through Jung von Matt Nerd or innovation opportunities through new technologies through the Jung von Matt agency Alfr3d. The pitch win as Global Lead Agency for Mini with teams from London and Zurich demonstrates the potential of this collaboration, explains Jung von Matt CEO Peter Figge.<\/p>\r\n<p>As a sign of its closer ties to the Group, Jung von Matt acquires further shares in the Swiss agency group and Hirsbrunner becomes a partner on the global partner board.<\/p>\r\n<h3><strong>New chapter for Dominique von Matt<\/strong><\/h3>\r\n<p>At the same time, agency founder Dominique von Matt is starting a new chapter. He hands over the chairmanship of the Board of Directors to Hirsbrunner and <a href=\"https:\/\/vonmatt.com\/\" rel=\"noopener\">founds \"von Matt\/Second Opinion\"<\/a>a consultancy firm for strategic marketing decisions. \"A second opinion is worthwhile for important decisions with long-term implications,\" explains von Matt in a letter. \"In such situations, I can contribute my experience in strategy, marketing, branding and communication, which I have gained as an entrepreneur, consultant and board member.\"<\/p>\r\n<p>With the handover of the chairmanship to Roman Hirsbrunner, von Matt believes the future of the agency is in the best of hands: \"Roman Hirsbrunner has successfully led the agency for over 10 years, the shareholder structure is sustainable with him, the executives and Jung von Matt Hamburg, and CCO Christian Kies ensures creative excellence. I will continue to be available to Jung von Matt clients as a strategic consultant.\"<\/p>\r\n<p>\"Dominique was and is an inspiration to me in the most diverse constellations - always 'on point', always 'on fire',\" says Hirsbrunner about his long-time companion.<\/p>","protected":false},"excerpt":{"rendered":"<p>Jung von Matt Switzerland is expanding its collaboration with the international agency group. This gives customers direct \"access to global creative expertise\". At the same time, founder Dominique von Matt steps down as Chairman of the Board of Directors and launches a new consultancy firm.<\/p>","protected":false},"author":8,"featured_media":0,"comment_status":"closed","ping_status":"closed","sticky":false,"template":"","format":"standard","meta":{"_acf_changed":false,"_yoast_wpseo_focuskw":"Jung von Matt Schweiz","_yoast_wpseo_metadesc":"Jung von Matt Schweiz st\u00e4rkt die globale Vernetzung und bietet Kund:innen direkten Zugang zu internationaler Kreativexpertise.","articlekey":"","footnotes":""},"categories":[29],"tags":[4345,3064,5148],"class_list":["post-36581","post","type-post","status-publish","format-standard","hentry","category-marketing","tag-business","tag-jung-von-matt","tag-von-matt-second-opinion"],"acf":[],"yoast_head":"<!-- This site is optimized with the Yoast SEO plugin v27.5 - https:\/\/yoast.com\/product\/yoast-seo-wordpress\/ -->\n<title>Jung von Matt Schweiz verst\u00e4rkt internationale Vernetzung - Organisator<\/title>\n<meta name=\"description\" content=\"Jung von Matt Schweiz st\u00e4rkt die globale Vernetzung und bietet Kund:innen direkten Zugang zu internationaler Kreativexpertise.\" \/>\n<meta name=\"robots\" content=\"index, follow, max-snippet:-1, max-image-preview:large, max-video-preview:-1\" \/>\n<link rel=\"canonical\" href=\"https:\/\/www.organisator.ch\/en\/marketing\/2025-03-04\/jung-von-matt-schweiz-verstaerkt-internationale-vernetzung\/\" \/>\n<meta property=\"og:locale\" content=\"en_US\" \/>\n<meta property=\"og:type\" content=\"article\" \/>\n<meta property=\"og:title\" content=\"Jung von Matt Schweiz verst\u00e4rkt internationale Vernetzung - Organisator\" \/>\n<meta property=\"og:description\" content=\"Jung von Matt Schweiz st\u00e4rkt die globale Vernetzung und bietet Kund:innen direkten Zugang zu internationaler Kreativexpertise.\" \/>\n<meta property=\"og:url\" content=\"https:\/\/www.organisator.ch\/en\/marketing\/2025-03-04\/jung-von-matt-schweiz-verstaerkt-internationale-vernetzung\/\" \/>\n<meta property=\"og:site_name\" content=\"Organisator\" \/>\n<meta property=\"article:publisher\" content=\"https:\/\/www.facebook.com\/OrganisatorFachmagazin\" \/>\n<meta property=\"article:published_time\" content=\"2025-03-04T06:26:21+00:00\" \/>\n<meta property=\"article:modified_time\" content=\"2025-03-04T06:34:42+00:00\" \/>\n<meta name=\"author\" content=\"galledia\" \/>\n<meta name=\"twitter:card\" content=\"summary_large_image\" \/>\n<meta name=\"twitter:creator\" content=\"@admin\" \/>\n<script type=\"application\/ld+json\" class=\"yoast-schema-graph\">{\"@context\":\"https:\\\/\\\/schema.org\",\"@graph\":[{\"@type\":\"Article\",\"@id\":\"https:\\\/\\\/www.organisator.ch\\\/marketing\\\/2025-03-04\\\/jung-von-matt-schweiz-verstaerkt-internationale-vernetzung\\\/#article\",\"isPartOf\":{\"@id\":\"https:\\\/\\\/www.organisator.ch\\\/marketing\\\/2025-03-04\\\/jung-von-matt-schweiz-verstaerkt-internationale-vernetzung\\\/\"},\"author\":{\"name\":\"galledia\",\"@id\":\"https:\\\/\\\/www.organisator.ch\\\/#\\\/schema\\\/person\\\/4e51799071cd2dd1232ac003643ef5f0\"},\"headline\":\"Jung von Matt Schweiz verst\u00e4rkt internationale Vernetzung\",\"datePublished\":\"2025-03-04T06:26:21+00:00\",\"dateModified\":\"2025-03-04T06:34:42+00:00\",\"mainEntityOfPage\":{\"@id\":\"https:\\\/\\\/www.organisator.ch\\\/marketing\\\/2025-03-04\\\/jung-von-matt-schweiz-verstaerkt-internationale-vernetzung\\\/\"},\"wordCount\":420,\"publisher\":{\"@id\":\"https:\\\/\\\/www.organisator.ch\\\/#organization\"},\"image\":{\"@id\":\"https:\\\/\\\/www.organisator.ch\\\/marketing\\\/2025-03-04\\\/jung-von-matt-schweiz-verstaerkt-internationale-vernetzung\\\/#primaryimage\"},\"thumbnailUrl\":\"https:\\\/\\\/www.markt-kom.com\\\/wp-content\\\/uploads\\\/2025\\\/03\\\/Jung-von-Matt-internationalisiert.jpg\",\"keywords\":[\"Business\",\"Jung von Matt\",\"von Matt\\\/Second Opinion\"],\"articleSection\":[\"MARKETING\"],\"inLanguage\":\"en-US\"},{\"@type\":\"WebPage\",\"@id\":\"https:\\\/\\\/www.organisator.ch\\\/marketing\\\/2025-03-04\\\/jung-von-matt-schweiz-verstaerkt-internationale-vernetzung\\\/\",\"url\":\"https:\\\/\\\/www.organisator.ch\\\/marketing\\\/2025-03-04\\\/jung-von-matt-schweiz-verstaerkt-internationale-vernetzung\\\/\",\"name\":\"Jung von Matt Schweiz verst\u00e4rkt internationale Vernetzung - Organisator\",\"isPartOf\":{\"@id\":\"https:\\\/\\\/www.organisator.ch\\\/#website\"},\"primaryImageOfPage\":{\"@id\":\"https:\\\/\\\/www.organisator.ch\\\/marketing\\\/2025-03-04\\\/jung-von-matt-schweiz-verstaerkt-internationale-vernetzung\\\/#primaryimage\"},\"image\":{\"@id\":\"https:\\\/\\\/www.organisator.ch\\\/marketing\\\/2025-03-04\\\/jung-von-matt-schweiz-verstaerkt-internationale-vernetzung\\\/#primaryimage\"},\"thumbnailUrl\":\"https:\\\/\\\/www.markt-kom.com\\\/wp-content\\\/uploads\\\/2025\\\/03\\\/Jung-von-Matt-internationalisiert.jpg\",\"datePublished\":\"2025-03-04T06:26:21+00:00\",\"dateModified\":\"2025-03-04T06:34:42+00:00\",\"description\":\"Jung von Matt Schweiz st\u00e4rkt die globale Vernetzung und bietet Kund:innen direkten Zugang zu internationaler Kreativexpertise.\",\"breadcrumb\":{\"@id\":\"https:\\\/\\\/www.organisator.ch\\\/marketing\\\/2025-03-04\\\/jung-von-matt-schweiz-verstaerkt-internationale-vernetzung\\\/#breadcrumb\"},\"inLanguage\":\"en-US\",\"potentialAction\":[{\"@type\":\"ReadAction\",\"target\":[\"https:\\\/\\\/www.organisator.ch\\\/marketing\\\/2025-03-04\\\/jung-von-matt-schweiz-verstaerkt-internationale-vernetzung\\\/\"]}]},{\"@type\":\"ImageObject\",\"inLanguage\":\"en-US\",\"@id\":\"https:\\\/\\\/www.organisator.ch\\\/marketing\\\/2025-03-04\\\/jung-von-matt-schweiz-verstaerkt-internationale-vernetzung\\\/#primaryimage\",\"url\":\"https:\\\/\\\/www.markt-kom.com\\\/wp-content\\\/uploads\\\/2025\\\/03\\\/Jung-von-Matt-internationalisiert.jpg\",\"contentUrl\":\"https:\\\/\\\/www.markt-kom.com\\\/wp-content\\\/uploads\\\/2025\\\/03\\\/Jung-von-Matt-internationalisiert.jpg\"},{\"@type\":\"BreadcrumbList\",\"@id\":\"https:\\\/\\\/www.organisator.ch\\\/marketing\\\/2025-03-04\\\/jung-von-matt-schweiz-verstaerkt-internationale-vernetzung\\\/#breadcrumb\",\"itemListElement\":[{\"@type\":\"ListItem\",\"position\":1,\"name\":\"Home\",\"item\":\"https:\\\/\\\/www.organisator.ch\\\/\"},{\"@type\":\"ListItem\",\"position\":2,\"name\":\"Jung von Matt Schweiz verst\u00e4rkt internationale Vernetzung\"}]},{\"@type\":\"WebSite\",\"@id\":\"https:\\\/\\\/www.organisator.ch\\\/#website\",\"url\":\"https:\\\/\\\/www.organisator.ch\\\/\",\"name\":\"Organisator\",\"description\":\"Kompetent. Praxisnah. Der ORGANISATOR bereitet in 10 Ausgaben pro Jahr die wesentlichen Themen f\u00fcr F\u00fchrungskr\u00e4fte von KMU auf.\",\"publisher\":{\"@id\":\"https:\\\/\\\/www.organisator.ch\\\/#organization\"},\"potentialAction\":[{\"@type\":\"SearchAction\",\"target\":{\"@type\":\"EntryPoint\",\"urlTemplate\":\"https:\\\/\\\/www.organisator.ch\\\/?s={search_term_string}\"},\"query-input\":{\"@type\":\"PropertyValueSpecification\",\"valueRequired\":true,\"valueName\":\"search_term_string\"}}],\"inLanguage\":\"en-US\"},{\"@type\":\"Organization\",\"@id\":\"https:\\\/\\\/www.organisator.ch\\\/#organization\",\"name\":\"Organisator\",\"url\":\"https:\\\/\\\/www.organisator.ch\\\/\",\"logo\":{\"@type\":\"ImageObject\",\"inLanguage\":\"en-US\",\"@id\":\"https:\\\/\\\/www.organisator.ch\\\/#\\\/schema\\\/logo\\\/image\\\/\",\"url\":\"https:\\\/\\\/www.organisator.ch\\\/wp-content\\\/uploads\\\/2022\\\/01\\\/Logo_Organisator_Website.png\",\"contentUrl\":\"https:\\\/\\\/www.organisator.ch\\\/wp-content\\\/uploads\\\/2022\\\/01\\\/Logo_Organisator_Website.png\",\"width\":800,\"height\":77,\"caption\":\"Organisator\"},\"image\":{\"@id\":\"https:\\\/\\\/www.organisator.ch\\\/#\\\/schema\\\/logo\\\/image\\\/\"},\"sameAs\":[\"https:\\\/\\\/www.facebook.com\\\/OrganisatorFachmagazin\",\"https:\\\/\\\/www.linkedin.com\\\/showcase\\\/organisator-das-magazin-fr-kmu\",\"https:\\\/\\\/www.xing.com\\\/news\\\/pages\\\/organisator-ch-695\",\"https:\\\/\\\/www.youtube.com\\\/channel\\\/UCGP2Sq0iWaZwT3BdIAQFYpw\"]},{\"@type\":\"Person\",\"@id\":\"https:\\\/\\\/www.organisator.ch\\\/#\\\/schema\\\/person\\\/4e51799071cd2dd1232ac003643ef5f0\",\"name\":\"galledia\",\"image\":{\"@type\":\"ImageObject\",\"inLanguage\":\"en-US\",\"@id\":\"https:\\\/\\\/secure.gravatar.com\\\/avatar\\\/78a7f90c01fc2bfc875782a0d4922b37cde2cf184ce347b91316d23cd7f69a36?s=96&d=mm&r=g\",\"url\":\"https:\\\/\\\/secure.gravatar.com\\\/avatar\\\/78a7f90c01fc2bfc875782a0d4922b37cde2cf184ce347b91316d23cd7f69a36?s=96&d=mm&r=g\",\"contentUrl\":\"https:\\\/\\\/secure.gravatar.com\\\/avatar\\\/78a7f90c01fc2bfc875782a0d4922b37cde2cf184ce347b91316d23cd7f69a36?s=96&d=mm&r=g\",\"caption\":\"galledia\"},\"sameAs\":[\"https:\\\/\\\/x.com\\\/admin\"],\"url\":\"https:\\\/\\\/www.organisator.ch\\\/en\\\/author\\\/galledia\\\/\"}]}<\/script>\n<!-- \/ Yoast SEO plugin. -->","yoast_head_json":{"title":"Jung von Matt Switzerland strengthens international networking - Organizer","description":"Jung von Matt Switzerland strengthens its global network and offers clients direct access to international creative expertise.","robots":{"index":"index","follow":"follow","max-snippet":"max-snippet:-1","max-image-preview":"max-image-preview:large","max-video-preview":"max-video-preview:-1"},"canonical":"https:\/\/www.organisator.ch\/en\/marketing\/2025-03-04\/jung-von-matt-schweiz-verstaerkt-internationale-vernetzung\/","og_locale":"en_US","og_type":"article","og_title":"Jung von Matt Schweiz verst\u00e4rkt internationale Vernetzung - Organisator","og_description":"Jung von Matt Schweiz st\u00e4rkt die globale Vernetzung und bietet Kund:innen direkten Zugang zu internationaler Kreativexpertise.","og_url":"https:\/\/www.organisator.ch\/en\/marketing\/2025-03-04\/jung-von-matt-schweiz-verstaerkt-internationale-vernetzung\/","og_site_name":"Organisator","article_publisher":"https:\/\/www.facebook.com\/OrganisatorFachmagazin","article_published_time":"2025-03-04T06:26:21+00:00","article_modified_time":"2025-03-04T06:34:42+00:00","author":"galledia","twitter_card":"summary_large_image","twitter_creator":"@admin","schema":{"@context":"https:\/\/schema.org","@graph":[{"@type":"Article","@id":"https:\/\/www.organisator.ch\/marketing\/2025-03-04\/jung-von-matt-schweiz-verstaerkt-internationale-vernetzung\/#article","isPartOf":{"@id":"https:\/\/www.organisator.ch\/marketing\/2025-03-04\/jung-von-matt-schweiz-verstaerkt-internationale-vernetzung\/"},"author":{"name":"galledia","@id":"https:\/\/www.organisator.ch\/#\/schema\/person\/4e51799071cd2dd1232ac003643ef5f0"},"headline":"Jung von Matt Schweiz verst\u00e4rkt internationale Vernetzung","datePublished":"2025-03-04T06:26:21+00:00","dateModified":"2025-03-04T06:34:42+00:00","mainEntityOfPage":{"@id":"https:\/\/www.organisator.ch\/marketing\/2025-03-04\/jung-von-matt-schweiz-verstaerkt-internationale-vernetzung\/"},"wordCount":420,"publisher":{"@id":"https:\/\/www.organisator.ch\/#organization"},"image":{"@id":"https:\/\/www.organisator.ch\/marketing\/2025-03-04\/jung-von-matt-schweiz-verstaerkt-internationale-vernetzung\/#primaryimage"},"thumbnailUrl":"https:\/\/www.markt-kom.com\/wp-content\/uploads\/2025\/03\/Jung-von-Matt-internationalisiert.jpg","keywords":["Business","Jung von Matt","von Matt\/Second Opinion"],"articleSection":["MARKETING"],"inLanguage":"en-US"},{"@type":"WebPage","@id":"https:\/\/www.organisator.ch\/marketing\/2025-03-04\/jung-von-matt-schweiz-verstaerkt-internationale-vernetzung\/","url":"https:\/\/www.organisator.ch\/marketing\/2025-03-04\/jung-von-matt-schweiz-verstaerkt-internationale-vernetzung\/","name":"Jung von Matt Switzerland strengthens international networking - Organizer","isPartOf":{"@id":"https:\/\/www.organisator.ch\/#website"},"primaryImageOfPage":{"@id":"https:\/\/www.organisator.ch\/marketing\/2025-03-04\/jung-von-matt-schweiz-verstaerkt-internationale-vernetzung\/#primaryimage"},"image":{"@id":"https:\/\/www.organisator.ch\/marketing\/2025-03-04\/jung-von-matt-schweiz-verstaerkt-internationale-vernetzung\/#primaryimage"},"thumbnailUrl":"https:\/\/www.markt-kom.com\/wp-content\/uploads\/2025\/03\/Jung-von-Matt-internationalisiert.jpg","datePublished":"2025-03-04T06:26:21+00:00","dateModified":"2025-03-04T06:34:42+00:00","description":"Jung von Matt Switzerland strengthens its global network and offers clients direct access to international creative expertise.","breadcrumb":{"@id":"https:\/\/www.organisator.ch\/marketing\/2025-03-04\/jung-von-matt-schweiz-verstaerkt-internationale-vernetzung\/#breadcrumb"},"inLanguage":"en-US","potentialAction":[{"@type":"ReadAction","target":["https:\/\/www.organisator.ch\/marketing\/2025-03-04\/jung-von-matt-schweiz-verstaerkt-internationale-vernetzung\/"]}]},{"@type":"ImageObject","inLanguage":"en-US","@id":"https:\/\/www.organisator.ch\/marketing\/2025-03-04\/jung-von-matt-schweiz-verstaerkt-internationale-vernetzung\/#primaryimage","url":"https:\/\/www.markt-kom.com\/wp-content\/uploads\/2025\/03\/Jung-von-Matt-internationalisiert.jpg","contentUrl":"https:\/\/www.markt-kom.com\/wp-content\/uploads\/2025\/03\/Jung-von-Matt-internationalisiert.jpg"},{"@type":"BreadcrumbList","@id":"https:\/\/www.organisator.ch\/marketing\/2025-03-04\/jung-von-matt-schweiz-verstaerkt-internationale-vernetzung\/#breadcrumb","itemListElement":[{"@type":"ListItem","position":1,"name":"Home","item":"https:\/\/www.organisator.ch\/"},{"@type":"ListItem","position":2,"name":"Jung von Matt Schweiz verst\u00e4rkt internationale Vernetzung"}]},{"@type":"WebSite","@id":"https:\/\/www.organisator.ch\/#website","url":"https:\/\/www.organisator.ch\/","name":"Organizer","description":"Competent. Practical. In 10 issues per year, ORGANISATOR presents the essential topics for managers of SMEs.","publisher":{"@id":"https:\/\/www.organisator.ch\/#organization"},"potentialAction":[{"@type":"SearchAction","target":{"@type":"EntryPoint","urlTemplate":"https:\/\/www.organisator.ch\/?s={search_term_string}"},"query-input":{"@type":"PropertyValueSpecification","valueRequired":true,"valueName":"search_term_string"}}],"inLanguage":"en-US"},{"@type":"Organization","@id":"https:\/\/www.organisator.ch\/#organization","name":"Organizer","url":"https:\/\/www.organisator.ch\/","logo":{"@type":"ImageObject","inLanguage":"en-US","@id":"https:\/\/www.organisator.ch\/#\/schema\/logo\/image\/","url":"https:\/\/www.organisator.ch\/wp-content\/uploads\/2022\/01\/Logo_Organisator_Website.png","contentUrl":"https:\/\/www.organisator.ch\/wp-content\/uploads\/2022\/01\/Logo_Organisator_Website.png","width":800,"height":77,"caption":"Organisator"},"image":{"@id":"https:\/\/www.organisator.ch\/#\/schema\/logo\/image\/"},"sameAs":["https:\/\/www.facebook.com\/OrganisatorFachmagazin","https:\/\/www.linkedin.com\/showcase\/organisator-das-magazin-fr-kmu","https:\/\/www.xing.com\/news\/pages\/organisator-ch-695","https:\/\/www.youtube.com\/channel\/UCGP2Sq0iWaZwT3BdIAQFYpw"]},{"@type":"Person","@id":"https:\/\/www.organisator.ch\/#\/schema\/person\/4e51799071cd2dd1232ac003643ef5f0","name":"galledia","image":{"@type":"ImageObject","inLanguage":"en-US","@id":"https:\/\/secure.gravatar.com\/avatar\/78a7f90c01fc2bfc875782a0d4922b37cde2cf184ce347b91316d23cd7f69a36?s=96&d=mm&r=g","url":"https:\/\/secure.gravatar.com\/avatar\/78a7f90c01fc2bfc875782a0d4922b37cde2cf184ce347b91316d23cd7f69a36?s=96&d=mm&r=g","contentUrl":"https:\/\/secure.gravatar.com\/avatar\/78a7f90c01fc2bfc875782a0d4922b37cde2cf184ce347b91316d23cd7f69a36?s=96&d=mm&r=g","caption":"galledia"},"sameAs":["https:\/\/x.com\/admin"],"url":"https:\/\/www.organisator.ch\/en\/author\/galledia\/"}]}},"_links":{"self":[{"href":"https:\/\/www.organisator.ch\/en\/wp-json\/wp\/v2\/posts\/36581","targetHints":{"allow":["GET"]}}],"collection":[{"href":"https:\/\/www.organisator.ch\/en\/wp-json\/wp\/v2\/posts"}],"about":[{"href":"https:\/\/www.organisator.ch\/en\/wp-json\/wp\/v2\/types\/post"}],"author":[{"embeddable":true,"href":"https:\/\/www.organisator.ch\/en\/wp-json\/wp\/v2\/users\/8"}],"replies":[{"embeddable":true,"href":"https:\/\/www.organisator.ch\/en\/wp-json\/wp\/v2\/comments?post=36581"}],"version-history":[{"count":3,"href":"https:\/\/www.organisator.ch\/en\/wp-json\/wp\/v2\/posts\/36581\/revisions"}],"predecessor-version":[{"id":36591,"href":"https:\/\/www.organisator.ch\/en\/wp-json\/wp\/v2\/posts\/36581\/revisions\/36591"}],"wp:attachment":[{"href":"https:\/\/www.organisator.ch\/en\/wp-json\/wp\/v2\/media?parent=36581"}],"wp:term":[{"taxonomy":"category","embeddable":true,"href":"https:\/\/www.organisator.ch\/en\/wp-json\/wp\/v2\/categories?post=36581"},{"taxonomy":"post_tag","embeddable":true,"href":"https:\/\/www.organisator.ch\/en\/wp-json\/wp\/v2\/tags?post=36581"}],"curies":[{"name":"wp","href":"https:\/\/api.w.org\/{rel}","templated":true}]}}