{"id":3666,"date":"2018-05-25T09:13:22","date_gmt":"2018-05-25T07:13:22","guid":{"rendered":"https:\/\/www.organisator.ch\/?p=3666"},"modified":"2018-05-25T09:13:22","modified_gmt":"2018-05-25T07:13:22","slug":"lasst-uns-lernen-besser-zu-verkaufen","status":"publish","type":"post","link":"https:\/\/www.organisator.ch\/en\/management\/2018-05-25\/lasst-uns-lernen-besser-zu-verkaufen\/","title":{"rendered":"Let's learn to sell better!"},"content":{"rendered":"<figure id=\"attachment_3667\" aria-describedby=\"caption-attachment-3667\" style=\"width: 640px\" class=\"wp-caption alignnone\"><img loading=\"lazy\" decoding=\"async\" class=\"size-full wp-image-3667\" src=\"https:\/\/www.organisator.ch\/wp-content\/uploads\/2018\/05\/Lasst-uns-lernen-besser-zu-verkaufen_Organisator.jpg\" alt=\"\" width=\"640\" height=\"409\" srcset=\"https:\/\/www.organisator.ch\/wp-content\/uploads\/2018\/05\/Lasst-uns-lernen-besser-zu-verkaufen_Organisator.jpg 640w, https:\/\/www.organisator.ch\/wp-content\/uploads\/2018\/05\/Lasst-uns-lernen-besser-zu-verkaufen_Organisator-16x10.jpg 16w, https:\/\/www.organisator.ch\/wp-content\/uploads\/2018\/05\/Lasst-uns-lernen-besser-zu-verkaufen_Organisator-274x175.jpg 274w, https:\/\/www.organisator.ch\/wp-content\/uploads\/2018\/05\/Lasst-uns-lernen-besser-zu-verkaufen_Organisator-548x350.jpg 548w, https:\/\/www.organisator.ch\/wp-content\/uploads\/2018\/05\/Lasst-uns-lernen-besser-zu-verkaufen_Organisator-300x192.jpg 300w\" sizes=\"auto, (max-width: 640px) 100vw, 640px\" \/><figcaption id=\"caption-attachment-3667\" class=\"wp-caption-text\">If you have to sell, you learn to persuade. (Image: Fotolia.com)<\/figcaption><\/figure>\n<p>In many people's minds, an old myth persists, namely that selling is something that (a) we have no talent for, (b) is somewhat disreputable, or (c) we don't need. Some also believe all of these at the same time. I had discussed the topic of (a) talent in the <a href=\"https:\/\/www.organisator.ch\/fuenf-glaubenssaetze-die-ihren-erfolg-verhindern\/\">last impulse for success<\/a> refuted (as one of the five most obstructive beliefs for success). The point (c) usually testifies to arrogance and point (b) often to a lack of self-confidence.<\/p>\n<p>I'll give you the key reason here why the ability to sell is so critical to your success: Only those who have to sell learn to convince. Because you can only sell something (ethically correct) if you offer added value to others, objectively and subjectively.<\/p>\n<h2>Convince - the most difficult thing in life<\/h2>\n<p>I can tell you this from my own experience: after almost 20 years as an \"employee\" in large companies, as the owner of my own company I had to learn to convince customers of the value of my services. And I tell you: this is the most difficult thing in professional life! Not because there is no clear benefit, but because potential customers do not see it if it is not explained to them in an emotionally convincing way.<\/p>\n<p>Imagine that EVERYONE in your company would have to sell something starting tomorrow. Everyone would have to have an online store where he or she offers his or her services. In doing so, they would then have to explain why someone else should \"buy\" their idea, plan or work.<\/p>\n<h2>Three tips to learn to sell<\/h2>\n<p>Let's get \"real\"! <strong>Here are three concrete ideas to get your team producing real value for others (instead of just processing tasks):<\/strong><\/p>\n<ol>\n<li><strong>Knowledge<\/strong>. Train every member of your organization to understand that a service only makes sense if there are recipients for it. These alone judge the benefit and \"price\" of the service. A great many processes and projects would be discontinued immediately if this principle were applied consistently.<\/li>\n<li><strong>Lead<\/strong>. As a manager, you make it a habit to ask your people about the value of their work to internal and external customers. What price would they pay for it? This question is unusual for most people, but it encourages them to think about the added value of their own work.<\/li>\n<li><strong>Learning<\/strong>. Set up learning platforms with the best books, audio courses, and video trainings on selling and persuading. This will incidentally boost your team's self-confidence (an extremely important issue for most companies).<\/li>\n<\/ol>\n<p>These are just three of many ideas on how to make your team and your company more \"salesy\" in a positive sense, namely to focus on persuasiveness and customer value. And I'll let you in on another secret: When you start to see selling in this light, it becomes really fun, especially for those who supposedly have no \"talent\" for selling.<\/p>\n<p><em>To the author:<br \/>\n<\/em><em>Volkmar V\u00f6lzke is a success maximizer. Book author. Consultant. Coach. Speaker. <a href=\"http:\/\/www.volkmarvoelzke.ch\/\">www.volkmarvoelzke.ch<\/a><\/em><\/p>","protected":false},"excerpt":{"rendered":"<p>In vielen K\u00f6pfen h\u00e4lt sich ein alter Mythos, n\u00e4mlich dass Verkaufen etwas w\u00e4re, zu dem man (a) kein Talent hat, das (b) etwas anr\u00fcchig ist oder (c) das wir nicht n\u00f6tig haben. Manche glauben auch alles zugleich. Das Thema (a) Talent hatte ich im letzten Erfolgs-Impuls widerlegt (als einen der f\u00fcnf hinderlichsten Glaubenss\u00e4tze f\u00fcr Erfolg). [&hellip;]<\/p>\n","protected":false},"author":4,"featured_media":3667,"comment_status":"open","ping_status":"open","sticky":false,"template":"","format":"standard","meta":{"_acf_changed":false,"_yoast_wpseo_focuskw":"verkaufen","_yoast_wpseo_metadesc":"Ein weiterer Erfolgs-Impuls unseres Gast-Kolumnisten Volkmar V\u00f6lzke, dieses Mal zum Thema \"Verkaufen\" - inklusive drei Tipps f\u00fcr die Praxis.","articlekey":"","footnotes":""},"categories":[28],"tags":[306,320,335,339],"class_list":["post-3666","post","type-post","status-publish","format-standard","has-post-thumbnail","hentry","category-management","tag-kolumne","tag-leadership","tag-management-und-unternehmensfuehrung","tag-marketing"],"acf":[],"yoast_head":"<!-- This site is optimized with the Yoast SEO plugin v27.5 - https:\/\/yoast.com\/product\/yoast-seo-wordpress\/ -->\n<title>Lasst uns lernen, besser zu verkaufen! - Organisator<\/title>\n<meta name=\"description\" content=\"Ein weiterer Erfolgs-Impuls unseres Gast-Kolumnisten Volkmar V\u00f6lzke, dieses Mal zum Thema &quot;Verkaufen&quot; - inklusive drei Tipps f\u00fcr die Praxis.\" \/>\n<meta name=\"robots\" content=\"index, follow, max-snippet:-1, max-image-preview:large, max-video-preview:-1\" \/>\n<link rel=\"canonical\" href=\"https:\/\/www.organisator.ch\/en\/management\/2018-05-25\/lasst-uns-lernen-besser-zu-verkaufen\/\" \/>\n<meta property=\"og:locale\" content=\"en_US\" \/>\n<meta property=\"og:type\" content=\"article\" \/>\n<meta property=\"og:title\" content=\"Lasst uns lernen, besser zu verkaufen!\" \/>\n<meta property=\"og:description\" content=\"Ein weiterer #Erfolgs-Impuls unseres Gast-Kolumnisten Volkmar #V\u00f6lzke, dieses Mal zum Thema &quot;#Verkaufen&quot; - inklusive drei Tipps f\u00fcr die Praxis.\" \/>\n<meta property=\"og:url\" content=\"https:\/\/www.organisator.ch\/en\/management\/2018-05-25\/lasst-uns-lernen-besser-zu-verkaufen\/\" \/>\n<meta property=\"og:site_name\" content=\"Organisator\" \/>\n<meta property=\"article:publisher\" content=\"https:\/\/www.facebook.com\/OrganisatorFachmagazin\" \/>\n<meta property=\"article:published_time\" content=\"2018-05-25T07:13:22+00:00\" \/>\n<meta property=\"og:image\" content=\"https:\/\/www.organisator.ch\/wp-content\/uploads\/2018\/05\/Lasst-uns-lernen-besser-zu-verkaufen_Organisator.jpg\" \/>\n\t<meta property=\"og:image:width\" content=\"640\" \/>\n\t<meta property=\"og:image:height\" content=\"409\" \/>\n\t<meta property=\"og:image:type\" content=\"image\/jpeg\" \/>\n<meta name=\"author\" content=\"thomas.berner\" \/>\n<meta name=\"twitter:card\" content=\"summary_large_image\" \/>\n<meta name=\"twitter:title\" content=\"Lasst uns #lernen, besser zu #verkaufen!\" \/>\n<meta name=\"twitter:description\" content=\"Ein weiterer #Erfolgs-Impuls unseres Gast-Kolumnisten Volkmar #V\u00f6lzke, dieses Mal zum Thema #&quot;Verkaufen&quot; - inklusive drei Tipps f\u00fcr die Praxis.\" \/>\n<meta name=\"twitter:image\" content=\"https:\/\/www.organisator.ch\/wp-content\/uploads\/2018\/05\/Lasst-uns-lernen-besser-zu-verkaufen_Organisator.jpg\" \/>\n<script type=\"application\/ld+json\" class=\"yoast-schema-graph\">{\"@context\":\"https:\\\/\\\/schema.org\",\"@graph\":[{\"@type\":\"Article\",\"@id\":\"https:\\\/\\\/www.organisator.ch\\\/management\\\/2018-05-25\\\/lasst-uns-lernen-besser-zu-verkaufen\\\/#article\",\"isPartOf\":{\"@id\":\"https:\\\/\\\/www.organisator.ch\\\/management\\\/2018-05-25\\\/lasst-uns-lernen-besser-zu-verkaufen\\\/\"},\"author\":{\"name\":\"thomas.berner\",\"@id\":\"https:\\\/\\\/www.organisator.ch\\\/#\\\/schema\\\/person\\\/6f650f90b2842cd4c0cc334b4e36f67e\"},\"headline\":\"Lasst uns lernen, besser zu verkaufen!\",\"datePublished\":\"2018-05-25T07:13:22+00:00\",\"mainEntityOfPage\":{\"@id\":\"https:\\\/\\\/www.organisator.ch\\\/management\\\/2018-05-25\\\/lasst-uns-lernen-besser-zu-verkaufen\\\/\"},\"wordCount\":513,\"commentCount\":0,\"publisher\":{\"@id\":\"https:\\\/\\\/www.organisator.ch\\\/#organization\"},\"image\":{\"@id\":\"https:\\\/\\\/www.organisator.ch\\\/management\\\/2018-05-25\\\/lasst-uns-lernen-besser-zu-verkaufen\\\/#primaryimage\"},\"thumbnailUrl\":\"https:\\\/\\\/www.organisator.ch\\\/wp-content\\\/uploads\\\/2018\\\/05\\\/Lasst-uns-lernen-besser-zu-verkaufen_Organisator.jpg\",\"keywords\":[\"Kolumne\",\"Leadership\",\"Management und Unternehmensf\u00fchrung\",\"Marketing\"],\"articleSection\":[\"MANAGEMENT\"],\"inLanguage\":\"en-US\"},{\"@type\":\"WebPage\",\"@id\":\"https:\\\/\\\/www.organisator.ch\\\/management\\\/2018-05-25\\\/lasst-uns-lernen-besser-zu-verkaufen\\\/\",\"url\":\"https:\\\/\\\/www.organisator.ch\\\/management\\\/2018-05-25\\\/lasst-uns-lernen-besser-zu-verkaufen\\\/\",\"name\":\"Lasst uns lernen, besser zu verkaufen! - Organisator\",\"isPartOf\":{\"@id\":\"https:\\\/\\\/www.organisator.ch\\\/#website\"},\"primaryImageOfPage\":{\"@id\":\"https:\\\/\\\/www.organisator.ch\\\/management\\\/2018-05-25\\\/lasst-uns-lernen-besser-zu-verkaufen\\\/#primaryimage\"},\"image\":{\"@id\":\"https:\\\/\\\/www.organisator.ch\\\/management\\\/2018-05-25\\\/lasst-uns-lernen-besser-zu-verkaufen\\\/#primaryimage\"},\"thumbnailUrl\":\"https:\\\/\\\/www.organisator.ch\\\/wp-content\\\/uploads\\\/2018\\\/05\\\/Lasst-uns-lernen-besser-zu-verkaufen_Organisator.jpg\",\"datePublished\":\"2018-05-25T07:13:22+00:00\",\"description\":\"Ein weiterer Erfolgs-Impuls unseres Gast-Kolumnisten Volkmar V\u00f6lzke, dieses Mal zum Thema \\\"Verkaufen\\\" - inklusive drei Tipps f\u00fcr die Praxis.\",\"breadcrumb\":{\"@id\":\"https:\\\/\\\/www.organisator.ch\\\/management\\\/2018-05-25\\\/lasst-uns-lernen-besser-zu-verkaufen\\\/#breadcrumb\"},\"inLanguage\":\"en-US\",\"potentialAction\":[{\"@type\":\"ReadAction\",\"target\":[\"https:\\\/\\\/www.organisator.ch\\\/management\\\/2018-05-25\\\/lasst-uns-lernen-besser-zu-verkaufen\\\/\"]}]},{\"@type\":\"ImageObject\",\"inLanguage\":\"en-US\",\"@id\":\"https:\\\/\\\/www.organisator.ch\\\/management\\\/2018-05-25\\\/lasst-uns-lernen-besser-zu-verkaufen\\\/#primaryimage\",\"url\":\"https:\\\/\\\/www.organisator.ch\\\/wp-content\\\/uploads\\\/2018\\\/05\\\/Lasst-uns-lernen-besser-zu-verkaufen_Organisator.jpg\",\"contentUrl\":\"https:\\\/\\\/www.organisator.ch\\\/wp-content\\\/uploads\\\/2018\\\/05\\\/Lasst-uns-lernen-besser-zu-verkaufen_Organisator.jpg\",\"width\":640,\"height\":409,\"caption\":\"Wer verkaufen muss, lernt zu \u00fcberzeugen. (Bild: Fotolia.com)\"},{\"@type\":\"BreadcrumbList\",\"@id\":\"https:\\\/\\\/www.organisator.ch\\\/management\\\/2018-05-25\\\/lasst-uns-lernen-besser-zu-verkaufen\\\/#breadcrumb\",\"itemListElement\":[{\"@type\":\"ListItem\",\"position\":1,\"name\":\"Home\",\"item\":\"https:\\\/\\\/www.organisator.ch\\\/\"},{\"@type\":\"ListItem\",\"position\":2,\"name\":\"Lasst uns lernen, besser zu verkaufen!\"}]},{\"@type\":\"WebSite\",\"@id\":\"https:\\\/\\\/www.organisator.ch\\\/#website\",\"url\":\"https:\\\/\\\/www.organisator.ch\\\/\",\"name\":\"Organisator\",\"description\":\"Kompetent. Praxisnah. Der ORGANISATOR bereitet in 10 Ausgaben pro Jahr die wesentlichen Themen f\u00fcr F\u00fchrungskr\u00e4fte von KMU auf.\",\"publisher\":{\"@id\":\"https:\\\/\\\/www.organisator.ch\\\/#organization\"},\"potentialAction\":[{\"@type\":\"SearchAction\",\"target\":{\"@type\":\"EntryPoint\",\"urlTemplate\":\"https:\\\/\\\/www.organisator.ch\\\/?s={search_term_string}\"},\"query-input\":{\"@type\":\"PropertyValueSpecification\",\"valueRequired\":true,\"valueName\":\"search_term_string\"}}],\"inLanguage\":\"en-US\"},{\"@type\":\"Organization\",\"@id\":\"https:\\\/\\\/www.organisator.ch\\\/#organization\",\"name\":\"Organisator\",\"url\":\"https:\\\/\\\/www.organisator.ch\\\/\",\"logo\":{\"@type\":\"ImageObject\",\"inLanguage\":\"en-US\",\"@id\":\"https:\\\/\\\/www.organisator.ch\\\/#\\\/schema\\\/logo\\\/image\\\/\",\"url\":\"https:\\\/\\\/www.organisator.ch\\\/wp-content\\\/uploads\\\/2022\\\/01\\\/Logo_Organisator_Website.png\",\"contentUrl\":\"https:\\\/\\\/www.organisator.ch\\\/wp-content\\\/uploads\\\/2022\\\/01\\\/Logo_Organisator_Website.png\",\"width\":800,\"height\":77,\"caption\":\"Organisator\"},\"image\":{\"@id\":\"https:\\\/\\\/www.organisator.ch\\\/#\\\/schema\\\/logo\\\/image\\\/\"},\"sameAs\":[\"https:\\\/\\\/www.facebook.com\\\/OrganisatorFachmagazin\",\"https:\\\/\\\/www.linkedin.com\\\/showcase\\\/organisator-das-magazin-fr-kmu\",\"https:\\\/\\\/www.xing.com\\\/news\\\/pages\\\/organisator-ch-695\",\"https:\\\/\\\/www.youtube.com\\\/channel\\\/UCGP2Sq0iWaZwT3BdIAQFYpw\"]},{\"@type\":\"Person\",\"@id\":\"https:\\\/\\\/www.organisator.ch\\\/#\\\/schema\\\/person\\\/6f650f90b2842cd4c0cc334b4e36f67e\",\"name\":\"thomas.berner\",\"image\":{\"@type\":\"ImageObject\",\"inLanguage\":\"en-US\",\"@id\":\"https:\\\/\\\/secure.gravatar.com\\\/avatar\\\/ac5001d2a36cb6c6cd3e50789007ffca834b477b74a2144564522e944eabff61?s=96&d=mm&r=g\",\"url\":\"https:\\\/\\\/secure.gravatar.com\\\/avatar\\\/ac5001d2a36cb6c6cd3e50789007ffca834b477b74a2144564522e944eabff61?s=96&d=mm&r=g\",\"contentUrl\":\"https:\\\/\\\/secure.gravatar.com\\\/avatar\\\/ac5001d2a36cb6c6cd3e50789007ffca834b477b74a2144564522e944eabff61?s=96&d=mm&r=g\",\"caption\":\"thomas.berner\"},\"url\":\"https:\\\/\\\/www.organisator.ch\\\/en\\\/author\\\/thomas-berner\\\/\"}]}<\/script>\n<!-- \/ Yoast SEO plugin. -->","yoast_head_json":{"title":"Let's learn to sell better! - Organizer","description":"Another success impulse from our guest columnist Volkmar V\u00f6lzke, this time on the topic of \"Selling\" - including three tips for practice.","robots":{"index":"index","follow":"follow","max-snippet":"max-snippet:-1","max-image-preview":"max-image-preview:large","max-video-preview":"max-video-preview:-1"},"canonical":"https:\/\/www.organisator.ch\/en\/management\/2018-05-25\/lasst-uns-lernen-besser-zu-verkaufen\/","og_locale":"en_US","og_type":"article","og_title":"Lasst uns lernen, besser zu verkaufen!","og_description":"Ein weiterer #Erfolgs-Impuls unseres Gast-Kolumnisten Volkmar #V\u00f6lzke, dieses Mal zum Thema \"#Verkaufen\" - inklusive drei Tipps f\u00fcr die Praxis.","og_url":"https:\/\/www.organisator.ch\/en\/management\/2018-05-25\/lasst-uns-lernen-besser-zu-verkaufen\/","og_site_name":"Organisator","article_publisher":"https:\/\/www.facebook.com\/OrganisatorFachmagazin","article_published_time":"2018-05-25T07:13:22+00:00","og_image":[{"width":640,"height":409,"url":"https:\/\/www.organisator.ch\/wp-content\/uploads\/2018\/05\/Lasst-uns-lernen-besser-zu-verkaufen_Organisator.jpg","type":"image\/jpeg"}],"author":"thomas.berner","twitter_card":"summary_large_image","twitter_title":"Lasst uns #lernen, besser zu #verkaufen!","twitter_description":"Ein weiterer #Erfolgs-Impuls unseres Gast-Kolumnisten Volkmar #V\u00f6lzke, dieses Mal zum Thema #\"Verkaufen\" - inklusive drei Tipps f\u00fcr die Praxis.","twitter_image":"https:\/\/www.organisator.ch\/wp-content\/uploads\/2018\/05\/Lasst-uns-lernen-besser-zu-verkaufen_Organisator.jpg","schema":{"@context":"https:\/\/schema.org","@graph":[{"@type":"Article","@id":"https:\/\/www.organisator.ch\/management\/2018-05-25\/lasst-uns-lernen-besser-zu-verkaufen\/#article","isPartOf":{"@id":"https:\/\/www.organisator.ch\/management\/2018-05-25\/lasst-uns-lernen-besser-zu-verkaufen\/"},"author":{"name":"thomas.berner","@id":"https:\/\/www.organisator.ch\/#\/schema\/person\/6f650f90b2842cd4c0cc334b4e36f67e"},"headline":"Lasst uns lernen, besser zu verkaufen!","datePublished":"2018-05-25T07:13:22+00:00","mainEntityOfPage":{"@id":"https:\/\/www.organisator.ch\/management\/2018-05-25\/lasst-uns-lernen-besser-zu-verkaufen\/"},"wordCount":513,"commentCount":0,"publisher":{"@id":"https:\/\/www.organisator.ch\/#organization"},"image":{"@id":"https:\/\/www.organisator.ch\/management\/2018-05-25\/lasst-uns-lernen-besser-zu-verkaufen\/#primaryimage"},"thumbnailUrl":"https:\/\/www.organisator.ch\/wp-content\/uploads\/2018\/05\/Lasst-uns-lernen-besser-zu-verkaufen_Organisator.jpg","keywords":["Kolumne","Leadership","Management und Unternehmensf\u00fchrung","Marketing"],"articleSection":["MANAGEMENT"],"inLanguage":"en-US"},{"@type":"WebPage","@id":"https:\/\/www.organisator.ch\/management\/2018-05-25\/lasst-uns-lernen-besser-zu-verkaufen\/","url":"https:\/\/www.organisator.ch\/management\/2018-05-25\/lasst-uns-lernen-besser-zu-verkaufen\/","name":"Let's learn to sell better! - Organizer","isPartOf":{"@id":"https:\/\/www.organisator.ch\/#website"},"primaryImageOfPage":{"@id":"https:\/\/www.organisator.ch\/management\/2018-05-25\/lasst-uns-lernen-besser-zu-verkaufen\/#primaryimage"},"image":{"@id":"https:\/\/www.organisator.ch\/management\/2018-05-25\/lasst-uns-lernen-besser-zu-verkaufen\/#primaryimage"},"thumbnailUrl":"https:\/\/www.organisator.ch\/wp-content\/uploads\/2018\/05\/Lasst-uns-lernen-besser-zu-verkaufen_Organisator.jpg","datePublished":"2018-05-25T07:13:22+00:00","description":"Another success impulse from our guest columnist Volkmar V\u00f6lzke, this time on the topic of \"Selling\" - including three tips for practice.","breadcrumb":{"@id":"https:\/\/www.organisator.ch\/management\/2018-05-25\/lasst-uns-lernen-besser-zu-verkaufen\/#breadcrumb"},"inLanguage":"en-US","potentialAction":[{"@type":"ReadAction","target":["https:\/\/www.organisator.ch\/management\/2018-05-25\/lasst-uns-lernen-besser-zu-verkaufen\/"]}]},{"@type":"ImageObject","inLanguage":"en-US","@id":"https:\/\/www.organisator.ch\/management\/2018-05-25\/lasst-uns-lernen-besser-zu-verkaufen\/#primaryimage","url":"https:\/\/www.organisator.ch\/wp-content\/uploads\/2018\/05\/Lasst-uns-lernen-besser-zu-verkaufen_Organisator.jpg","contentUrl":"https:\/\/www.organisator.ch\/wp-content\/uploads\/2018\/05\/Lasst-uns-lernen-besser-zu-verkaufen_Organisator.jpg","width":640,"height":409,"caption":"Wer verkaufen muss, lernt zu \u00fcberzeugen. (Bild: Fotolia.com)"},{"@type":"BreadcrumbList","@id":"https:\/\/www.organisator.ch\/management\/2018-05-25\/lasst-uns-lernen-besser-zu-verkaufen\/#breadcrumb","itemListElement":[{"@type":"ListItem","position":1,"name":"Home","item":"https:\/\/www.organisator.ch\/"},{"@type":"ListItem","position":2,"name":"Lasst uns lernen, besser zu verkaufen!"}]},{"@type":"WebSite","@id":"https:\/\/www.organisator.ch\/#website","url":"https:\/\/www.organisator.ch\/","name":"Organizer","description":"Competent. Practical. In 10 issues per year, ORGANISATOR presents the essential topics for managers of SMEs.","publisher":{"@id":"https:\/\/www.organisator.ch\/#organization"},"potentialAction":[{"@type":"SearchAction","target":{"@type":"EntryPoint","urlTemplate":"https:\/\/www.organisator.ch\/?s={search_term_string}"},"query-input":{"@type":"PropertyValueSpecification","valueRequired":true,"valueName":"search_term_string"}}],"inLanguage":"en-US"},{"@type":"Organization","@id":"https:\/\/www.organisator.ch\/#organization","name":"Organizer","url":"https:\/\/www.organisator.ch\/","logo":{"@type":"ImageObject","inLanguage":"en-US","@id":"https:\/\/www.organisator.ch\/#\/schema\/logo\/image\/","url":"https:\/\/www.organisator.ch\/wp-content\/uploads\/2022\/01\/Logo_Organisator_Website.png","contentUrl":"https:\/\/www.organisator.ch\/wp-content\/uploads\/2022\/01\/Logo_Organisator_Website.png","width":800,"height":77,"caption":"Organisator"},"image":{"@id":"https:\/\/www.organisator.ch\/#\/schema\/logo\/image\/"},"sameAs":["https:\/\/www.facebook.com\/OrganisatorFachmagazin","https:\/\/www.linkedin.com\/showcase\/organisator-das-magazin-fr-kmu","https:\/\/www.xing.com\/news\/pages\/organisator-ch-695","https:\/\/www.youtube.com\/channel\/UCGP2Sq0iWaZwT3BdIAQFYpw"]},{"@type":"Person","@id":"https:\/\/www.organisator.ch\/#\/schema\/person\/6f650f90b2842cd4c0cc334b4e36f67e","name":"thomas.berner","image":{"@type":"ImageObject","inLanguage":"en-US","@id":"https:\/\/secure.gravatar.com\/avatar\/ac5001d2a36cb6c6cd3e50789007ffca834b477b74a2144564522e944eabff61?s=96&d=mm&r=g","url":"https:\/\/secure.gravatar.com\/avatar\/ac5001d2a36cb6c6cd3e50789007ffca834b477b74a2144564522e944eabff61?s=96&d=mm&r=g","contentUrl":"https:\/\/secure.gravatar.com\/avatar\/ac5001d2a36cb6c6cd3e50789007ffca834b477b74a2144564522e944eabff61?s=96&d=mm&r=g","caption":"thomas.berner"},"url":"https:\/\/www.organisator.ch\/en\/author\/thomas-berner\/"}]}},"_links":{"self":[{"href":"https:\/\/www.organisator.ch\/en\/wp-json\/wp\/v2\/posts\/3666","targetHints":{"allow":["GET"]}}],"collection":[{"href":"https:\/\/www.organisator.ch\/en\/wp-json\/wp\/v2\/posts"}],"about":[{"href":"https:\/\/www.organisator.ch\/en\/wp-json\/wp\/v2\/types\/post"}],"author":[{"embeddable":true,"href":"https:\/\/www.organisator.ch\/en\/wp-json\/wp\/v2\/users\/4"}],"replies":[{"embeddable":true,"href":"https:\/\/www.organisator.ch\/en\/wp-json\/wp\/v2\/comments?post=3666"}],"version-history":[{"count":0,"href":"https:\/\/www.organisator.ch\/en\/wp-json\/wp\/v2\/posts\/3666\/revisions"}],"wp:featuredmedia":[{"embeddable":true,"href":"https:\/\/www.organisator.ch\/en\/wp-json\/wp\/v2\/media\/3667"}],"wp:attachment":[{"href":"https:\/\/www.organisator.ch\/en\/wp-json\/wp\/v2\/media?parent=3666"}],"wp:term":[{"taxonomy":"category","embeddable":true,"href":"https:\/\/www.organisator.ch\/en\/wp-json\/wp\/v2\/categories?post=3666"},{"taxonomy":"post_tag","embeddable":true,"href":"https:\/\/www.organisator.ch\/en\/wp-json\/wp\/v2\/tags?post=3666"}],"curies":[{"name":"wp","href":"https:\/\/api.w.org\/{rel}","templated":true}]}}