{"id":36682,"date":"2025-03-06T08:45:58","date_gmt":"2025-03-06T07:45:58","guid":{"rendered":"https:\/\/www.organisator.ch\/?p=36682"},"modified":"2025-03-06T08:35:30","modified_gmt":"2025-03-06T07:35:30","slug":"auf-der-suche-nach-der-schweizer-hacking-nationalmannschaft","status":"publish","type":"post","link":"https:\/\/www.organisator.ch\/en\/weiterbildung\/2025-03-06\/auf-der-suche-nach-der-schweizer-hacking-nationalmannschaft\/","title":{"rendered":"In search of the Swiss national hacking team"},"content":{"rendered":"<figure id=\"attachment_36683\" aria-describedby=\"caption-attachment-36683\" style=\"width: 680px\" class=\"wp-caption alignnone\"><img loading=\"lazy\" decoding=\"async\" class=\"size-full wp-image-36683\" src=\"https:\/\/www.organisator.ch\/wp-content\/uploads\/2025\/03\/SGC_Bild_ps.jpg\" alt=\"\" width=\"680\" height=\"453\" srcset=\"https:\/\/www.organisator.ch\/wp-content\/uploads\/2025\/03\/SGC_Bild_ps.jpg 680w, https:\/\/www.organisator.ch\/wp-content\/uploads\/2025\/03\/SGC_Bild_ps-18x12.jpg 18w, https:\/\/www.organisator.ch\/wp-content\/uploads\/2025\/03\/SGC_Bild_ps-375x250.jpg 375w, https:\/\/www.organisator.ch\/wp-content\/uploads\/2025\/03\/SGC_Bild_ps-525x350.jpg 525w\" sizes=\"auto, (max-width: 680px) 100vw, 680px\" \/><figcaption id=\"caption-attachment-36683\" class=\"wp-caption-text\">The national team at the European Championships in Turin last year. (Image: Science Communications)<\/figcaption><\/figure>\n<p>The 2025 qualification phase will run from March 1 to May 1 and will take place online. The best of these will then compete at an on-site meeting on July 12 and 13 - the location has not yet been determined. This year's Swiss national hacking team will then be recruited from the most successful participants in the final round. Among other things, this team will represent Switzerland at the European Cyber Security Challenge (ECSC) 2025. This European hacking championship will take place in Warsaw from October 6 to 10.<\/p>\n<p>Anyone wishing to join the Swiss hacking team must be between 14 and 25 years old and a Swiss citizen. However, anyone can take part in the qualification.<\/p>\n<p><a href=\"https:\/\/www.swiss-hacking-challenge.ch\/\"><em>You can find more information on the SHC website.<\/em><\/a><\/p>","protected":false},"excerpt":{"rendered":"<p>The Swiss Hacking Challenge (SHC) 2025, the national championship for young Swiss cybersecurity talents, was launched on March 1st. The SHC is organized by the Swiss Cyber Storm association and is the official partner of ICT vocational training Switzerland for cybersecurity qualifications for participation in SwissSkills and WorldSkills.<\/p>","protected":false},"author":80,"featured_media":36683,"comment_status":"closed","ping_status":"closed","sticky":false,"template":"","format":"standard","meta":{"_acf_changed":false,"_yoast_wpseo_focuskw":"Swiss Hacking Challenge 2025","_yoast_wpseo_metadesc":"Die Swiss Hacking Challenge 2025 sucht junge Cybersecurity-Talente. Die besten qualifizieren sich f\u00fcr die European Cyber Security Challenge.","articlekey":"","footnotes":""},"categories":[30],"tags":[3047,4428,5156,2699,2709],"class_list":["post-36682","post","type-post","status-publish","format-standard","has-post-thumbnail","hentry","category-weiterbildung","tag-cybersecurity","tag-ict-berufsbildung","tag-swiss-hacking-challenge","tag-swissskills","tag-worldskills"],"acf":[],"yoast_head":"<!-- This site is optimized with the Yoast SEO plugin v27.5 - https:\/\/yoast.com\/product\/yoast-seo-wordpress\/ -->\n<title>Auf der Suche nach der Schweizer Hacking Nationalmannschaft - Organisator<\/title>\n<meta name=\"description\" content=\"Die Swiss Hacking Challenge 2025 sucht junge Cybersecurity-Talente. Die besten qualifizieren sich f\u00fcr die European Cyber Security Challenge.\" \/>\n<meta name=\"robots\" content=\"index, follow, max-snippet:-1, max-image-preview:large, max-video-preview:-1\" \/>\n<link rel=\"canonical\" href=\"https:\/\/www.organisator.ch\/en\/further-education\/2025-03-06\/auf-der-suche-nach-der-schweizer-hacking-nationalmannschaft\/\" \/>\n<meta property=\"og:locale\" content=\"en_US\" \/>\n<meta property=\"og:type\" content=\"article\" \/>\n<meta property=\"og:title\" content=\"Die Swiss Hacking Challenge 2025 ist gestartet\" \/>\n<meta property=\"og:description\" content=\"Die Swiss Hacking Challenge 2025 sucht junge Cybersecurity-Talente. Die besten qualifizieren sich f\u00fcr die European Cyber Security Challenge.\" \/>\n<meta property=\"og:url\" content=\"https:\/\/www.organisator.ch\/en\/further-education\/2025-03-06\/auf-der-suche-nach-der-schweizer-hacking-nationalmannschaft\/\" \/>\n<meta property=\"og:site_name\" content=\"Organisator\" \/>\n<meta property=\"article:publisher\" content=\"https:\/\/www.facebook.com\/OrganisatorFachmagazin\" \/>\n<meta property=\"article:published_time\" content=\"2025-03-06T07:45:58+00:00\" \/>\n<meta property=\"og:image\" content=\"https:\/\/www.organisator.ch\/wp-content\/uploads\/2025\/03\/SGC_Bild_ps.jpg\" \/>\n\t<meta property=\"og:image:width\" content=\"680\" \/>\n\t<meta property=\"og:image:height\" content=\"453\" \/>\n\t<meta property=\"og:image:type\" content=\"image\/jpeg\" \/>\n<meta name=\"author\" content=\"Dzana Muminovic\" \/>\n<meta name=\"twitter:card\" content=\"summary_large_image\" \/>\n<meta name=\"twitter:title\" content=\"Die Swiss Hacking Challenge 2025 ist gestartet\" \/>\n<meta name=\"twitter:description\" content=\"Die #Swiss #Hacking #Challenge 2025 sucht junge #Cybersecurity-#Talente. Die besten qualifizieren sich f\u00fcr die #European #Cyber #Security #Challenge.\" \/>\n<meta name=\"twitter:image\" content=\"https:\/\/www.organisator.ch\/wp-content\/uploads\/2025\/03\/SGC_Bild_ps.jpg\" \/>\n<script type=\"application\/ld+json\" class=\"yoast-schema-graph\">{\"@context\":\"https:\\\/\\\/schema.org\",\"@graph\":[{\"@type\":\"Article\",\"@id\":\"https:\\\/\\\/www.organisator.ch\\\/weiterbildung\\\/2025-03-06\\\/auf-der-suche-nach-der-schweizer-hacking-nationalmannschaft\\\/#article\",\"isPartOf\":{\"@id\":\"https:\\\/\\\/www.organisator.ch\\\/weiterbildung\\\/2025-03-06\\\/auf-der-suche-nach-der-schweizer-hacking-nationalmannschaft\\\/\"},\"author\":{\"name\":\"Dzana Muminovic\",\"@id\":\"https:\\\/\\\/www.organisator.ch\\\/#\\\/schema\\\/person\\\/afccda3a71c06d4be2ed9100dd163db7\"},\"headline\":\"Auf der Suche nach der Schweizer Hacking Nationalmannschaft\",\"datePublished\":\"2025-03-06T07:45:58+00:00\",\"mainEntityOfPage\":{\"@id\":\"https:\\\/\\\/www.organisator.ch\\\/weiterbildung\\\/2025-03-06\\\/auf-der-suche-nach-der-schweizer-hacking-nationalmannschaft\\\/\"},\"wordCount\":139,\"publisher\":{\"@id\":\"https:\\\/\\\/www.organisator.ch\\\/#organization\"},\"image\":{\"@id\":\"https:\\\/\\\/www.organisator.ch\\\/weiterbildung\\\/2025-03-06\\\/auf-der-suche-nach-der-schweizer-hacking-nationalmannschaft\\\/#primaryimage\"},\"thumbnailUrl\":\"https:\\\/\\\/www.organisator.ch\\\/wp-content\\\/uploads\\\/2025\\\/03\\\/SGC_Bild_ps.jpg\",\"keywords\":[\"Cybersecurity\",\"ICT-Berufsbildung\",\"Swiss Hacking Challenge\",\"SwissSkills\",\"WorldSkills\"],\"articleSection\":[\"WEITERBILDUNG\"],\"inLanguage\":\"en-US\"},{\"@type\":\"WebPage\",\"@id\":\"https:\\\/\\\/www.organisator.ch\\\/weiterbildung\\\/2025-03-06\\\/auf-der-suche-nach-der-schweizer-hacking-nationalmannschaft\\\/\",\"url\":\"https:\\\/\\\/www.organisator.ch\\\/weiterbildung\\\/2025-03-06\\\/auf-der-suche-nach-der-schweizer-hacking-nationalmannschaft\\\/\",\"name\":\"Auf der Suche nach der Schweizer Hacking Nationalmannschaft - Organisator\",\"isPartOf\":{\"@id\":\"https:\\\/\\\/www.organisator.ch\\\/#website\"},\"primaryImageOfPage\":{\"@id\":\"https:\\\/\\\/www.organisator.ch\\\/weiterbildung\\\/2025-03-06\\\/auf-der-suche-nach-der-schweizer-hacking-nationalmannschaft\\\/#primaryimage\"},\"image\":{\"@id\":\"https:\\\/\\\/www.organisator.ch\\\/weiterbildung\\\/2025-03-06\\\/auf-der-suche-nach-der-schweizer-hacking-nationalmannschaft\\\/#primaryimage\"},\"thumbnailUrl\":\"https:\\\/\\\/www.organisator.ch\\\/wp-content\\\/uploads\\\/2025\\\/03\\\/SGC_Bild_ps.jpg\",\"datePublished\":\"2025-03-06T07:45:58+00:00\",\"description\":\"Die Swiss Hacking Challenge 2025 sucht junge Cybersecurity-Talente. Die besten qualifizieren sich f\u00fcr die European Cyber Security Challenge.\",\"breadcrumb\":{\"@id\":\"https:\\\/\\\/www.organisator.ch\\\/weiterbildung\\\/2025-03-06\\\/auf-der-suche-nach-der-schweizer-hacking-nationalmannschaft\\\/#breadcrumb\"},\"inLanguage\":\"en-US\",\"potentialAction\":[{\"@type\":\"ReadAction\",\"target\":[\"https:\\\/\\\/www.organisator.ch\\\/weiterbildung\\\/2025-03-06\\\/auf-der-suche-nach-der-schweizer-hacking-nationalmannschaft\\\/\"]}]},{\"@type\":\"ImageObject\",\"inLanguage\":\"en-US\",\"@id\":\"https:\\\/\\\/www.organisator.ch\\\/weiterbildung\\\/2025-03-06\\\/auf-der-suche-nach-der-schweizer-hacking-nationalmannschaft\\\/#primaryimage\",\"url\":\"https:\\\/\\\/www.organisator.ch\\\/wp-content\\\/uploads\\\/2025\\\/03\\\/SGC_Bild_ps.jpg\",\"contentUrl\":\"https:\\\/\\\/www.organisator.ch\\\/wp-content\\\/uploads\\\/2025\\\/03\\\/SGC_Bild_ps.jpg\",\"width\":680,\"height\":453,\"caption\":\"Die Nationalmannschaft bei der Europameisterschaft in Turin im vergangenen Jahr. (Bild: Science Communications)\"},{\"@type\":\"BreadcrumbList\",\"@id\":\"https:\\\/\\\/www.organisator.ch\\\/weiterbildung\\\/2025-03-06\\\/auf-der-suche-nach-der-schweizer-hacking-nationalmannschaft\\\/#breadcrumb\",\"itemListElement\":[{\"@type\":\"ListItem\",\"position\":1,\"name\":\"Home\",\"item\":\"https:\\\/\\\/www.organisator.ch\\\/\"},{\"@type\":\"ListItem\",\"position\":2,\"name\":\"Auf der Suche nach der Schweizer Hacking Nationalmannschaft\"}]},{\"@type\":\"WebSite\",\"@id\":\"https:\\\/\\\/www.organisator.ch\\\/#website\",\"url\":\"https:\\\/\\\/www.organisator.ch\\\/\",\"name\":\"Organisator\",\"description\":\"Kompetent. Praxisnah. Der ORGANISATOR bereitet in 10 Ausgaben pro Jahr die wesentlichen Themen f\u00fcr F\u00fchrungskr\u00e4fte von KMU auf.\",\"publisher\":{\"@id\":\"https:\\\/\\\/www.organisator.ch\\\/#organization\"},\"potentialAction\":[{\"@type\":\"SearchAction\",\"target\":{\"@type\":\"EntryPoint\",\"urlTemplate\":\"https:\\\/\\\/www.organisator.ch\\\/?s={search_term_string}\"},\"query-input\":{\"@type\":\"PropertyValueSpecification\",\"valueRequired\":true,\"valueName\":\"search_term_string\"}}],\"inLanguage\":\"en-US\"},{\"@type\":\"Organization\",\"@id\":\"https:\\\/\\\/www.organisator.ch\\\/#organization\",\"name\":\"Organisator\",\"url\":\"https:\\\/\\\/www.organisator.ch\\\/\",\"logo\":{\"@type\":\"ImageObject\",\"inLanguage\":\"en-US\",\"@id\":\"https:\\\/\\\/www.organisator.ch\\\/#\\\/schema\\\/logo\\\/image\\\/\",\"url\":\"https:\\\/\\\/www.organisator.ch\\\/wp-content\\\/uploads\\\/2022\\\/01\\\/Logo_Organisator_Website.png\",\"contentUrl\":\"https:\\\/\\\/www.organisator.ch\\\/wp-content\\\/uploads\\\/2022\\\/01\\\/Logo_Organisator_Website.png\",\"width\":800,\"height\":77,\"caption\":\"Organisator\"},\"image\":{\"@id\":\"https:\\\/\\\/www.organisator.ch\\\/#\\\/schema\\\/logo\\\/image\\\/\"},\"sameAs\":[\"https:\\\/\\\/www.facebook.com\\\/OrganisatorFachmagazin\",\"https:\\\/\\\/www.linkedin.com\\\/showcase\\\/organisator-das-magazin-fr-kmu\",\"https:\\\/\\\/www.xing.com\\\/news\\\/pages\\\/organisator-ch-695\",\"https:\\\/\\\/www.youtube.com\\\/channel\\\/UCGP2Sq0iWaZwT3BdIAQFYpw\"]},{\"@type\":\"Person\",\"@id\":\"https:\\\/\\\/www.organisator.ch\\\/#\\\/schema\\\/person\\\/afccda3a71c06d4be2ed9100dd163db7\",\"name\":\"Dzana Muminovic\",\"image\":{\"@type\":\"ImageObject\",\"inLanguage\":\"en-US\",\"@id\":\"https:\\\/\\\/secure.gravatar.com\\\/avatar\\\/909c5c71aff4b38e88686f2ab2f1ba152571f394f41ed8bae431ea56ced93050?s=96&d=mm&r=g\",\"url\":\"https:\\\/\\\/secure.gravatar.com\\\/avatar\\\/909c5c71aff4b38e88686f2ab2f1ba152571f394f41ed8bae431ea56ced93050?s=96&d=mm&r=g\",\"contentUrl\":\"https:\\\/\\\/secure.gravatar.com\\\/avatar\\\/909c5c71aff4b38e88686f2ab2f1ba152571f394f41ed8bae431ea56ced93050?s=96&d=mm&r=g\",\"caption\":\"Dzana Muminovic\"},\"url\":\"https:\\\/\\\/www.organisator.ch\\\/en\\\/author\\\/dzana-muminovic\\\/\"}]}<\/script>\n<!-- \/ Yoast SEO plugin. -->","yoast_head_json":{"title":"In search of the Swiss national hacking team - Organizer","description":"The Swiss Hacking Challenge 2025 is looking for young cybersecurity talents. The best will qualify for the European Cyber Security Challenge.","robots":{"index":"index","follow":"follow","max-snippet":"max-snippet:-1","max-image-preview":"max-image-preview:large","max-video-preview":"max-video-preview:-1"},"canonical":"https:\/\/www.organisator.ch\/en\/further-education\/2025-03-06\/auf-der-suche-nach-der-schweizer-hacking-nationalmannschaft\/","og_locale":"en_US","og_type":"article","og_title":"Die Swiss Hacking Challenge 2025 ist gestartet","og_description":"Die Swiss Hacking Challenge 2025 sucht junge Cybersecurity-Talente. Die besten qualifizieren sich f\u00fcr die European Cyber Security Challenge.","og_url":"https:\/\/www.organisator.ch\/en\/further-education\/2025-03-06\/auf-der-suche-nach-der-schweizer-hacking-nationalmannschaft\/","og_site_name":"Organisator","article_publisher":"https:\/\/www.facebook.com\/OrganisatorFachmagazin","article_published_time":"2025-03-06T07:45:58+00:00","og_image":[{"width":680,"height":453,"url":"https:\/\/www.organisator.ch\/wp-content\/uploads\/2025\/03\/SGC_Bild_ps.jpg","type":"image\/jpeg"}],"author":"Dzana Muminovic","twitter_card":"summary_large_image","twitter_title":"Die Swiss Hacking Challenge 2025 ist gestartet","twitter_description":"Die #Swiss #Hacking #Challenge 2025 sucht junge #Cybersecurity-#Talente. Die besten qualifizieren sich f\u00fcr die #European #Cyber #Security #Challenge.","twitter_image":"https:\/\/www.organisator.ch\/wp-content\/uploads\/2025\/03\/SGC_Bild_ps.jpg","schema":{"@context":"https:\/\/schema.org","@graph":[{"@type":"Article","@id":"https:\/\/www.organisator.ch\/weiterbildung\/2025-03-06\/auf-der-suche-nach-der-schweizer-hacking-nationalmannschaft\/#article","isPartOf":{"@id":"https:\/\/www.organisator.ch\/weiterbildung\/2025-03-06\/auf-der-suche-nach-der-schweizer-hacking-nationalmannschaft\/"},"author":{"name":"Dzana Muminovic","@id":"https:\/\/www.organisator.ch\/#\/schema\/person\/afccda3a71c06d4be2ed9100dd163db7"},"headline":"Auf der Suche nach der Schweizer Hacking Nationalmannschaft","datePublished":"2025-03-06T07:45:58+00:00","mainEntityOfPage":{"@id":"https:\/\/www.organisator.ch\/weiterbildung\/2025-03-06\/auf-der-suche-nach-der-schweizer-hacking-nationalmannschaft\/"},"wordCount":139,"publisher":{"@id":"https:\/\/www.organisator.ch\/#organization"},"image":{"@id":"https:\/\/www.organisator.ch\/weiterbildung\/2025-03-06\/auf-der-suche-nach-der-schweizer-hacking-nationalmannschaft\/#primaryimage"},"thumbnailUrl":"https:\/\/www.organisator.ch\/wp-content\/uploads\/2025\/03\/SGC_Bild_ps.jpg","keywords":["Cybersecurity","ICT-Berufsbildung","Swiss Hacking Challenge","SwissSkills","WorldSkills"],"articleSection":["WEITERBILDUNG"],"inLanguage":"en-US"},{"@type":"WebPage","@id":"https:\/\/www.organisator.ch\/weiterbildung\/2025-03-06\/auf-der-suche-nach-der-schweizer-hacking-nationalmannschaft\/","url":"https:\/\/www.organisator.ch\/weiterbildung\/2025-03-06\/auf-der-suche-nach-der-schweizer-hacking-nationalmannschaft\/","name":"In search of the Swiss national hacking team - Organizer","isPartOf":{"@id":"https:\/\/www.organisator.ch\/#website"},"primaryImageOfPage":{"@id":"https:\/\/www.organisator.ch\/weiterbildung\/2025-03-06\/auf-der-suche-nach-der-schweizer-hacking-nationalmannschaft\/#primaryimage"},"image":{"@id":"https:\/\/www.organisator.ch\/weiterbildung\/2025-03-06\/auf-der-suche-nach-der-schweizer-hacking-nationalmannschaft\/#primaryimage"},"thumbnailUrl":"https:\/\/www.organisator.ch\/wp-content\/uploads\/2025\/03\/SGC_Bild_ps.jpg","datePublished":"2025-03-06T07:45:58+00:00","description":"The Swiss Hacking Challenge 2025 is looking for young cybersecurity talents. The best will qualify for the European Cyber Security Challenge.","breadcrumb":{"@id":"https:\/\/www.organisator.ch\/weiterbildung\/2025-03-06\/auf-der-suche-nach-der-schweizer-hacking-nationalmannschaft\/#breadcrumb"},"inLanguage":"en-US","potentialAction":[{"@type":"ReadAction","target":["https:\/\/www.organisator.ch\/weiterbildung\/2025-03-06\/auf-der-suche-nach-der-schweizer-hacking-nationalmannschaft\/"]}]},{"@type":"ImageObject","inLanguage":"en-US","@id":"https:\/\/www.organisator.ch\/weiterbildung\/2025-03-06\/auf-der-suche-nach-der-schweizer-hacking-nationalmannschaft\/#primaryimage","url":"https:\/\/www.organisator.ch\/wp-content\/uploads\/2025\/03\/SGC_Bild_ps.jpg","contentUrl":"https:\/\/www.organisator.ch\/wp-content\/uploads\/2025\/03\/SGC_Bild_ps.jpg","width":680,"height":453,"caption":"Die Nationalmannschaft bei der Europameisterschaft in Turin im vergangenen Jahr. (Bild: Science Communications)"},{"@type":"BreadcrumbList","@id":"https:\/\/www.organisator.ch\/weiterbildung\/2025-03-06\/auf-der-suche-nach-der-schweizer-hacking-nationalmannschaft\/#breadcrumb","itemListElement":[{"@type":"ListItem","position":1,"name":"Home","item":"https:\/\/www.organisator.ch\/"},{"@type":"ListItem","position":2,"name":"Auf der Suche nach der Schweizer Hacking Nationalmannschaft"}]},{"@type":"WebSite","@id":"https:\/\/www.organisator.ch\/#website","url":"https:\/\/www.organisator.ch\/","name":"Organizer","description":"Competent. Practical. In 10 issues per year, ORGANISATOR presents the essential topics for managers of SMEs.","publisher":{"@id":"https:\/\/www.organisator.ch\/#organization"},"potentialAction":[{"@type":"SearchAction","target":{"@type":"EntryPoint","urlTemplate":"https:\/\/www.organisator.ch\/?s={search_term_string}"},"query-input":{"@type":"PropertyValueSpecification","valueRequired":true,"valueName":"search_term_string"}}],"inLanguage":"en-US"},{"@type":"Organization","@id":"https:\/\/www.organisator.ch\/#organization","name":"Organizer","url":"https:\/\/www.organisator.ch\/","logo":{"@type":"ImageObject","inLanguage":"en-US","@id":"https:\/\/www.organisator.ch\/#\/schema\/logo\/image\/","url":"https:\/\/www.organisator.ch\/wp-content\/uploads\/2022\/01\/Logo_Organisator_Website.png","contentUrl":"https:\/\/www.organisator.ch\/wp-content\/uploads\/2022\/01\/Logo_Organisator_Website.png","width":800,"height":77,"caption":"Organisator"},"image":{"@id":"https:\/\/www.organisator.ch\/#\/schema\/logo\/image\/"},"sameAs":["https:\/\/www.facebook.com\/OrganisatorFachmagazin","https:\/\/www.linkedin.com\/showcase\/organisator-das-magazin-fr-kmu","https:\/\/www.xing.com\/news\/pages\/organisator-ch-695","https:\/\/www.youtube.com\/channel\/UCGP2Sq0iWaZwT3BdIAQFYpw"]},{"@type":"Person","@id":"https:\/\/www.organisator.ch\/#\/schema\/person\/afccda3a71c06d4be2ed9100dd163db7","name":"Dzana Muminovic","image":{"@type":"ImageObject","inLanguage":"en-US","@id":"https:\/\/secure.gravatar.com\/avatar\/909c5c71aff4b38e88686f2ab2f1ba152571f394f41ed8bae431ea56ced93050?s=96&d=mm&r=g","url":"https:\/\/secure.gravatar.com\/avatar\/909c5c71aff4b38e88686f2ab2f1ba152571f394f41ed8bae431ea56ced93050?s=96&d=mm&r=g","contentUrl":"https:\/\/secure.gravatar.com\/avatar\/909c5c71aff4b38e88686f2ab2f1ba152571f394f41ed8bae431ea56ced93050?s=96&d=mm&r=g","caption":"Dzana Muminovic"},"url":"https:\/\/www.organisator.ch\/en\/author\/dzana-muminovic\/"}]}},"_links":{"self":[{"href":"https:\/\/www.organisator.ch\/en\/wp-json\/wp\/v2\/posts\/36682","targetHints":{"allow":["GET"]}}],"collection":[{"href":"https:\/\/www.organisator.ch\/en\/wp-json\/wp\/v2\/posts"}],"about":[{"href":"https:\/\/www.organisator.ch\/en\/wp-json\/wp\/v2\/types\/post"}],"author":[{"embeddable":true,"href":"https:\/\/www.organisator.ch\/en\/wp-json\/wp\/v2\/users\/80"}],"replies":[{"embeddable":true,"href":"https:\/\/www.organisator.ch\/en\/wp-json\/wp\/v2\/comments?post=36682"}],"version-history":[{"count":4,"href":"https:\/\/www.organisator.ch\/en\/wp-json\/wp\/v2\/posts\/36682\/revisions"}],"predecessor-version":[{"id":36730,"href":"https:\/\/www.organisator.ch\/en\/wp-json\/wp\/v2\/posts\/36682\/revisions\/36730"}],"wp:featuredmedia":[{"embeddable":true,"href":"https:\/\/www.organisator.ch\/en\/wp-json\/wp\/v2\/media\/36683"}],"wp:attachment":[{"href":"https:\/\/www.organisator.ch\/en\/wp-json\/wp\/v2\/media?parent=36682"}],"wp:term":[{"taxonomy":"category","embeddable":true,"href":"https:\/\/www.organisator.ch\/en\/wp-json\/wp\/v2\/categories?post=36682"},{"taxonomy":"post_tag","embeddable":true,"href":"https:\/\/www.organisator.ch\/en\/wp-json\/wp\/v2\/tags?post=36682"}],"curies":[{"name":"wp","href":"https:\/\/api.w.org\/{rel}","templated":true}]}}