{"id":36686,"date":"2025-03-07T14:11:07","date_gmt":"2025-03-07T13:11:07","guid":{"rendered":"https:\/\/www.organisator.ch\/?p=36686"},"modified":"2025-03-07T14:11:07","modified_gmt":"2025-03-07T13:11:07","slug":"prix-svc-espace-mittelland-platit-ag","status":"publish","type":"post","link":"https:\/\/www.organisator.ch\/en\/management\/2025-03-07\/prix-svc-espace-mittelland-platit-ag\/","title":{"rendered":"Prix SVC Espace Mittelland: Platit AG"},"content":{"rendered":"<figure id=\"attachment_36688\" aria-describedby=\"caption-attachment-36688\" style=\"width: 680px\" class=\"wp-caption alignnone\"><img loading=\"lazy\" decoding=\"async\" class=\"size-full wp-image-36688\" src=\"https:\/\/www.organisator.ch\/wp-content\/uploads\/2025\/03\/Platit_Bild_ps.jpg\" alt=\"\" width=\"680\" height=\"510\" srcset=\"https:\/\/www.organisator.ch\/wp-content\/uploads\/2025\/03\/Platit_Bild_ps.jpg 680w, https:\/\/www.organisator.ch\/wp-content\/uploads\/2025\/03\/Platit_Bild_ps-16x12.jpg 16w, https:\/\/www.organisator.ch\/wp-content\/uploads\/2025\/03\/Platit_Bild_ps-375x281.jpg 375w, https:\/\/www.organisator.ch\/wp-content\/uploads\/2025\/03\/Platit_Bild_ps-467x350.jpg 467w\" sizes=\"auto, (max-width: 680px) 100vw, 680px\" \/><figcaption id=\"caption-attachment-36688\" class=\"wp-caption-text\">Platit AG sets global standards with innovative PVD coatings and optimizes the performance of tools and components. (Image: Platit AG \/ www.platit.com)<\/figcaption><\/figure>\n<p>Platit AG is a leading manufacturer of PVD coating systems. These technologies increase the service life, efficiency and performance of tools and components. Headquartered in Selzach SO, the independent family-owned company employs 150 people and has installed over 650 coating systems worldwide. With service, support and sales offices in Europe, North America and Asia, the coating specialist maintains a close partnership with its customers and offers solutions that can be seamlessly integrated into existing manufacturing processes. Platit AG has established itself as the global market leader for coatings in the micro and nano range and develops the corresponding technology entirely in-house.<\/p>\n<h3><strong>Flexible coating solutions for the highest demands<\/strong><\/h3>\n<p>The company offers a wide range of high-tech coating systems that are characterized by their modular design, high flexibility and maximum user-friendliness. Customers benefit from Platit's many years of experience in cathodic arc coating, sputter coating and HiPIMS technology. These processes are used in various applications and can be integrated into hybrid processes.<\/p>\n<p>In addition to the coating systems, Platit AG also develops complete turnkey systems that cover all upstream and downstream process steps of hard material coating - from decoating and edge pre-treatment to cleaning and post-treatment through to quality control. This allows the systems to be seamlessly integrated into existing tool manufacturing and regrinding processes. A key feature of Platit technology is the open source philosophy: customers can adapt the PVD coatings to their specific requirements and individual needs and drive forward their own developments. This results in tailor-made solutions with maximum coating performance that provide a decisive competitive advantage.<\/p>\n<h3><strong>Increase efficiency, extend service life<\/strong><\/h3>\n<p>Platit attaches great importance to the long-term use of its coating systems. Targeted upgrades and retrofit measures are used to modernize existing systems and significantly extend their service life. Replacing drives, pumps or control systems improves energy efficiency and contributes to economical production. As a result, customers not only benefit from high-performance coating solutions, but also from low operating costs in the long term.<\/p>\n<h3><strong>Comprehensive service for maximum performance<\/strong><\/h3>\n<p>In addition to high-quality coating systems, Platit AG offers a comprehensive service that supports customers throughout the entire product life cycle. From training and technical advice to regular maintenance and fast delivery of spare parts, the company ensures that the systems can be operated with maximum efficiency over the long term. Through close cooperation with customers and a global service network, Platit guarantees high availability and continuous performance enhancement of the systems.<\/p>\n<p><em>More information:\u00a0<a href=\"https:\/\/www.platit.com\/de\/\">www.platit.com<\/a>\u00a0\/\u00a0<a href=\"https:\/\/svc.swiss\/de\/event\/prix-svc-espace-mittelland-2025\">www.svc.swiss<\/a><\/em><\/p>\n<blockquote>\n<h3>Prix SVC Espace Mittelland 2025<\/h3>\n<p>The award ceremony will take place on Wednesday, March 12, 2025, in the Kursaal Bern. Around 1,300 guests from the worlds of business, science, politics and culture are expected to attend. The Prix SVC Espace Mittelland was first awarded in 2003 and will be held for the fifteenth time in 2025.\u00a0<a href=\"https:\/\/svc.swiss\/sites\/default\/files\/2025-01\/online_svc_leporello_a5_espacemittelland.pdf\">Further information.<\/a><\/p>\n<\/blockquote>","protected":false},"excerpt":{"rendered":"<p>On March 12, 2025, the Prix SVC Espace Mittelland will be awarded for the 15th time. Platit AG, based in Selzach SO, is among the finalists. A brief portrait of this family business, which sets global standards with innovative PVD coating technologies.<\/p>","protected":false},"author":80,"featured_media":36688,"comment_status":"closed","ping_status":"closed","sticky":false,"template":"","format":"standard","meta":{"_acf_changed":false,"_yoast_wpseo_focuskw":"Platit AG","_yoast_wpseo_metadesc":"Die Platit AG ist Finalistin beim Prix SVC Espace Mittelland 2025. Ein Kurzportr\u00e4t des Familienunternehmens f\u00fcr PVD-Beschichtungstechnologie.","articlekey":"","footnotes":""},"categories":[28],"tags":[65,391,5157,424],"class_list":["post-36686","post","type-post","status-publish","format-standard","has-post-thumbnail","hentry","category-management","tag-award","tag-prix-svc-espace-mittelland","tag-pvd-beschichtungen","tag-schweiz"],"acf":[],"yoast_head":"<!-- This site is optimized with the Yoast SEO plugin v27.5 - https:\/\/yoast.com\/product\/yoast-seo-wordpress\/ -->\n<title>Prix SVC Espace Mittelland: Platit AG - Organisator<\/title>\n<meta name=\"description\" content=\"Die Platit AG ist Finalistin beim Prix SVC Espace Mittelland 2025. Ein Kurzportr\u00e4t des Familienunternehmens f\u00fcr PVD-Beschichtungstechnologie.\" \/>\n<meta name=\"robots\" content=\"index, follow, max-snippet:-1, max-image-preview:large, max-video-preview:-1\" \/>\n<link rel=\"canonical\" href=\"https:\/\/www.organisator.ch\/en\/management\/2025-03-07\/prix-svc-espace-mittelland-platit-ag\/\" \/>\n<meta property=\"og:locale\" content=\"en_US\" \/>\n<meta property=\"og:type\" content=\"article\" \/>\n<meta property=\"og:title\" content=\"Prix SVC Espace Mittelland: Platit AG\" \/>\n<meta property=\"og:description\" content=\"Die Platit AG ist Finalistin beim Prix SVC Espace Mittelland 2025. Ein Kurzportr\u00e4t des Familienunternehmens f\u00fcr PVD-Beschichtungstechnologie.\" \/>\n<meta property=\"og:url\" content=\"https:\/\/www.organisator.ch\/en\/management\/2025-03-07\/prix-svc-espace-mittelland-platit-ag\/\" \/>\n<meta property=\"og:site_name\" content=\"Organisator\" \/>\n<meta property=\"article:publisher\" content=\"https:\/\/www.facebook.com\/OrganisatorFachmagazin\" \/>\n<meta property=\"article:published_time\" content=\"2025-03-07T13:11:07+00:00\" \/>\n<meta property=\"og:image\" content=\"https:\/\/www.organisator.ch\/wp-content\/uploads\/2025\/03\/Platit_Bild_ps.jpg\" \/>\n\t<meta property=\"og:image:width\" content=\"680\" \/>\n\t<meta property=\"og:image:height\" content=\"510\" \/>\n\t<meta property=\"og:image:type\" content=\"image\/jpeg\" \/>\n<meta name=\"author\" content=\"Dzana Muminovic\" \/>\n<meta name=\"twitter:card\" content=\"summary_large_image\" \/>\n<meta name=\"twitter:title\" content=\"Prix SVC Espace Mittelland: Platit AG\" \/>\n<meta name=\"twitter:description\" content=\"Die #Platit AG ist #Finalistin beim #Prix #SVC #Espace #Mittelland 2025. Ein Kurzportr\u00e4t des #Familienunternehmens f\u00fcr #PVD-#Beschichtungstechnologie.\" \/>\n<meta name=\"twitter:image\" content=\"https:\/\/www.organisator.ch\/wp-content\/uploads\/2025\/03\/Platit_Bild_ps.jpg\" \/>\n<script type=\"application\/ld+json\" class=\"yoast-schema-graph\">{\"@context\":\"https:\\\/\\\/schema.org\",\"@graph\":[{\"@type\":\"Article\",\"@id\":\"https:\\\/\\\/www.organisator.ch\\\/management\\\/2025-03-07\\\/prix-svc-espace-mittelland-platit-ag\\\/#article\",\"isPartOf\":{\"@id\":\"https:\\\/\\\/www.organisator.ch\\\/management\\\/2025-03-07\\\/prix-svc-espace-mittelland-platit-ag\\\/\"},\"author\":{\"name\":\"Dzana Muminovic\",\"@id\":\"https:\\\/\\\/www.organisator.ch\\\/#\\\/schema\\\/person\\\/afccda3a71c06d4be2ed9100dd163db7\"},\"headline\":\"Prix SVC Espace Mittelland: Platit AG\",\"datePublished\":\"2025-03-07T13:11:07+00:00\",\"mainEntityOfPage\":{\"@id\":\"https:\\\/\\\/www.organisator.ch\\\/management\\\/2025-03-07\\\/prix-svc-espace-mittelland-platit-ag\\\/\"},\"wordCount\":474,\"publisher\":{\"@id\":\"https:\\\/\\\/www.organisator.ch\\\/#organization\"},\"image\":{\"@id\":\"https:\\\/\\\/www.organisator.ch\\\/management\\\/2025-03-07\\\/prix-svc-espace-mittelland-platit-ag\\\/#primaryimage\"},\"thumbnailUrl\":\"https:\\\/\\\/www.organisator.ch\\\/wp-content\\\/uploads\\\/2025\\\/03\\\/Platit_Bild_ps.jpg\",\"keywords\":[\"Award\",\"Prix SVC Espace Mittelland\",\"PVD-Beschichtungen\",\"Schweiz\"],\"articleSection\":[\"MANAGEMENT\"],\"inLanguage\":\"en-US\"},{\"@type\":\"WebPage\",\"@id\":\"https:\\\/\\\/www.organisator.ch\\\/management\\\/2025-03-07\\\/prix-svc-espace-mittelland-platit-ag\\\/\",\"url\":\"https:\\\/\\\/www.organisator.ch\\\/management\\\/2025-03-07\\\/prix-svc-espace-mittelland-platit-ag\\\/\",\"name\":\"Prix SVC Espace Mittelland: Platit AG - Organisator\",\"isPartOf\":{\"@id\":\"https:\\\/\\\/www.organisator.ch\\\/#website\"},\"primaryImageOfPage\":{\"@id\":\"https:\\\/\\\/www.organisator.ch\\\/management\\\/2025-03-07\\\/prix-svc-espace-mittelland-platit-ag\\\/#primaryimage\"},\"image\":{\"@id\":\"https:\\\/\\\/www.organisator.ch\\\/management\\\/2025-03-07\\\/prix-svc-espace-mittelland-platit-ag\\\/#primaryimage\"},\"thumbnailUrl\":\"https:\\\/\\\/www.organisator.ch\\\/wp-content\\\/uploads\\\/2025\\\/03\\\/Platit_Bild_ps.jpg\",\"datePublished\":\"2025-03-07T13:11:07+00:00\",\"description\":\"Die Platit AG ist Finalistin beim Prix SVC Espace Mittelland 2025. Ein Kurzportr\u00e4t des Familienunternehmens f\u00fcr PVD-Beschichtungstechnologie.\",\"breadcrumb\":{\"@id\":\"https:\\\/\\\/www.organisator.ch\\\/management\\\/2025-03-07\\\/prix-svc-espace-mittelland-platit-ag\\\/#breadcrumb\"},\"inLanguage\":\"en-US\",\"potentialAction\":[{\"@type\":\"ReadAction\",\"target\":[\"https:\\\/\\\/www.organisator.ch\\\/management\\\/2025-03-07\\\/prix-svc-espace-mittelland-platit-ag\\\/\"]}]},{\"@type\":\"ImageObject\",\"inLanguage\":\"en-US\",\"@id\":\"https:\\\/\\\/www.organisator.ch\\\/management\\\/2025-03-07\\\/prix-svc-espace-mittelland-platit-ag\\\/#primaryimage\",\"url\":\"https:\\\/\\\/www.organisator.ch\\\/wp-content\\\/uploads\\\/2025\\\/03\\\/Platit_Bild_ps.jpg\",\"contentUrl\":\"https:\\\/\\\/www.organisator.ch\\\/wp-content\\\/uploads\\\/2025\\\/03\\\/Platit_Bild_ps.jpg\",\"width\":680,\"height\":510,\"caption\":\"Platit AG setzt mit innovativen PVD-Beschichtungen weltweit Standards und optimiert die Leistung von Werkzeugen und Bauteilen. (Bild: Platit AG \\\/ www.platit.com)\"},{\"@type\":\"BreadcrumbList\",\"@id\":\"https:\\\/\\\/www.organisator.ch\\\/management\\\/2025-03-07\\\/prix-svc-espace-mittelland-platit-ag\\\/#breadcrumb\",\"itemListElement\":[{\"@type\":\"ListItem\",\"position\":1,\"name\":\"Home\",\"item\":\"https:\\\/\\\/www.organisator.ch\\\/\"},{\"@type\":\"ListItem\",\"position\":2,\"name\":\"Prix SVC Espace Mittelland: Platit AG\"}]},{\"@type\":\"WebSite\",\"@id\":\"https:\\\/\\\/www.organisator.ch\\\/#website\",\"url\":\"https:\\\/\\\/www.organisator.ch\\\/\",\"name\":\"Organisator\",\"description\":\"Kompetent. Praxisnah. Der ORGANISATOR bereitet in 10 Ausgaben pro Jahr die wesentlichen Themen f\u00fcr F\u00fchrungskr\u00e4fte von KMU auf.\",\"publisher\":{\"@id\":\"https:\\\/\\\/www.organisator.ch\\\/#organization\"},\"potentialAction\":[{\"@type\":\"SearchAction\",\"target\":{\"@type\":\"EntryPoint\",\"urlTemplate\":\"https:\\\/\\\/www.organisator.ch\\\/?s={search_term_string}\"},\"query-input\":{\"@type\":\"PropertyValueSpecification\",\"valueRequired\":true,\"valueName\":\"search_term_string\"}}],\"inLanguage\":\"en-US\"},{\"@type\":\"Organization\",\"@id\":\"https:\\\/\\\/www.organisator.ch\\\/#organization\",\"name\":\"Organisator\",\"url\":\"https:\\\/\\\/www.organisator.ch\\\/\",\"logo\":{\"@type\":\"ImageObject\",\"inLanguage\":\"en-US\",\"@id\":\"https:\\\/\\\/www.organisator.ch\\\/#\\\/schema\\\/logo\\\/image\\\/\",\"url\":\"https:\\\/\\\/www.organisator.ch\\\/wp-content\\\/uploads\\\/2022\\\/01\\\/Logo_Organisator_Website.png\",\"contentUrl\":\"https:\\\/\\\/www.organisator.ch\\\/wp-content\\\/uploads\\\/2022\\\/01\\\/Logo_Organisator_Website.png\",\"width\":800,\"height\":77,\"caption\":\"Organisator\"},\"image\":{\"@id\":\"https:\\\/\\\/www.organisator.ch\\\/#\\\/schema\\\/logo\\\/image\\\/\"},\"sameAs\":[\"https:\\\/\\\/www.facebook.com\\\/OrganisatorFachmagazin\",\"https:\\\/\\\/www.linkedin.com\\\/showcase\\\/organisator-das-magazin-fr-kmu\",\"https:\\\/\\\/www.xing.com\\\/news\\\/pages\\\/organisator-ch-695\",\"https:\\\/\\\/www.youtube.com\\\/channel\\\/UCGP2Sq0iWaZwT3BdIAQFYpw\"]},{\"@type\":\"Person\",\"@id\":\"https:\\\/\\\/www.organisator.ch\\\/#\\\/schema\\\/person\\\/afccda3a71c06d4be2ed9100dd163db7\",\"name\":\"Dzana Muminovic\",\"image\":{\"@type\":\"ImageObject\",\"inLanguage\":\"en-US\",\"@id\":\"https:\\\/\\\/secure.gravatar.com\\\/avatar\\\/909c5c71aff4b38e88686f2ab2f1ba152571f394f41ed8bae431ea56ced93050?s=96&d=mm&r=g\",\"url\":\"https:\\\/\\\/secure.gravatar.com\\\/avatar\\\/909c5c71aff4b38e88686f2ab2f1ba152571f394f41ed8bae431ea56ced93050?s=96&d=mm&r=g\",\"contentUrl\":\"https:\\\/\\\/secure.gravatar.com\\\/avatar\\\/909c5c71aff4b38e88686f2ab2f1ba152571f394f41ed8bae431ea56ced93050?s=96&d=mm&r=g\",\"caption\":\"Dzana Muminovic\"},\"url\":\"https:\\\/\\\/www.organisator.ch\\\/en\\\/author\\\/dzana-muminovic\\\/\"}]}<\/script>\n<!-- \/ Yoast SEO plugin. -->","yoast_head_json":{"title":"Prix SVC Espace Mittelland: Platit AG - Organizer","description":"Platit AG is a finalist in the Prix SVC Espace Mittelland 2025. A brief portrait of the family-owned company for PVD coating technology.","robots":{"index":"index","follow":"follow","max-snippet":"max-snippet:-1","max-image-preview":"max-image-preview:large","max-video-preview":"max-video-preview:-1"},"canonical":"https:\/\/www.organisator.ch\/en\/management\/2025-03-07\/prix-svc-espace-mittelland-platit-ag\/","og_locale":"en_US","og_type":"article","og_title":"Prix SVC Espace Mittelland: Platit AG","og_description":"Die Platit AG ist Finalistin beim Prix SVC Espace Mittelland 2025. Ein Kurzportr\u00e4t des Familienunternehmens f\u00fcr PVD-Beschichtungstechnologie.","og_url":"https:\/\/www.organisator.ch\/en\/management\/2025-03-07\/prix-svc-espace-mittelland-platit-ag\/","og_site_name":"Organisator","article_publisher":"https:\/\/www.facebook.com\/OrganisatorFachmagazin","article_published_time":"2025-03-07T13:11:07+00:00","og_image":[{"width":680,"height":510,"url":"https:\/\/www.organisator.ch\/wp-content\/uploads\/2025\/03\/Platit_Bild_ps.jpg","type":"image\/jpeg"}],"author":"Dzana Muminovic","twitter_card":"summary_large_image","twitter_title":"Prix SVC Espace Mittelland: Platit AG","twitter_description":"Die #Platit AG ist #Finalistin beim #Prix #SVC #Espace #Mittelland 2025. Ein Kurzportr\u00e4t des #Familienunternehmens f\u00fcr #PVD-#Beschichtungstechnologie.","twitter_image":"https:\/\/www.organisator.ch\/wp-content\/uploads\/2025\/03\/Platit_Bild_ps.jpg","schema":{"@context":"https:\/\/schema.org","@graph":[{"@type":"Article","@id":"https:\/\/www.organisator.ch\/management\/2025-03-07\/prix-svc-espace-mittelland-platit-ag\/#article","isPartOf":{"@id":"https:\/\/www.organisator.ch\/management\/2025-03-07\/prix-svc-espace-mittelland-platit-ag\/"},"author":{"name":"Dzana Muminovic","@id":"https:\/\/www.organisator.ch\/#\/schema\/person\/afccda3a71c06d4be2ed9100dd163db7"},"headline":"Prix SVC Espace Mittelland: Platit AG","datePublished":"2025-03-07T13:11:07+00:00","mainEntityOfPage":{"@id":"https:\/\/www.organisator.ch\/management\/2025-03-07\/prix-svc-espace-mittelland-platit-ag\/"},"wordCount":474,"publisher":{"@id":"https:\/\/www.organisator.ch\/#organization"},"image":{"@id":"https:\/\/www.organisator.ch\/management\/2025-03-07\/prix-svc-espace-mittelland-platit-ag\/#primaryimage"},"thumbnailUrl":"https:\/\/www.organisator.ch\/wp-content\/uploads\/2025\/03\/Platit_Bild_ps.jpg","keywords":["Award","Prix SVC Espace Mittelland","PVD-Beschichtungen","Schweiz"],"articleSection":["MANAGEMENT"],"inLanguage":"en-US"},{"@type":"WebPage","@id":"https:\/\/www.organisator.ch\/management\/2025-03-07\/prix-svc-espace-mittelland-platit-ag\/","url":"https:\/\/www.organisator.ch\/management\/2025-03-07\/prix-svc-espace-mittelland-platit-ag\/","name":"Prix SVC Espace Mittelland: Platit AG - Organizer","isPartOf":{"@id":"https:\/\/www.organisator.ch\/#website"},"primaryImageOfPage":{"@id":"https:\/\/www.organisator.ch\/management\/2025-03-07\/prix-svc-espace-mittelland-platit-ag\/#primaryimage"},"image":{"@id":"https:\/\/www.organisator.ch\/management\/2025-03-07\/prix-svc-espace-mittelland-platit-ag\/#primaryimage"},"thumbnailUrl":"https:\/\/www.organisator.ch\/wp-content\/uploads\/2025\/03\/Platit_Bild_ps.jpg","datePublished":"2025-03-07T13:11:07+00:00","description":"Platit AG is a finalist in the Prix SVC Espace Mittelland 2025. A brief portrait of the family-owned company for PVD coating technology.","breadcrumb":{"@id":"https:\/\/www.organisator.ch\/management\/2025-03-07\/prix-svc-espace-mittelland-platit-ag\/#breadcrumb"},"inLanguage":"en-US","potentialAction":[{"@type":"ReadAction","target":["https:\/\/www.organisator.ch\/management\/2025-03-07\/prix-svc-espace-mittelland-platit-ag\/"]}]},{"@type":"ImageObject","inLanguage":"en-US","@id":"https:\/\/www.organisator.ch\/management\/2025-03-07\/prix-svc-espace-mittelland-platit-ag\/#primaryimage","url":"https:\/\/www.organisator.ch\/wp-content\/uploads\/2025\/03\/Platit_Bild_ps.jpg","contentUrl":"https:\/\/www.organisator.ch\/wp-content\/uploads\/2025\/03\/Platit_Bild_ps.jpg","width":680,"height":510,"caption":"Platit AG setzt mit innovativen PVD-Beschichtungen weltweit Standards und optimiert die Leistung von Werkzeugen und Bauteilen. (Bild: Platit AG \/ www.platit.com)"},{"@type":"BreadcrumbList","@id":"https:\/\/www.organisator.ch\/management\/2025-03-07\/prix-svc-espace-mittelland-platit-ag\/#breadcrumb","itemListElement":[{"@type":"ListItem","position":1,"name":"Home","item":"https:\/\/www.organisator.ch\/"},{"@type":"ListItem","position":2,"name":"Prix SVC Espace Mittelland: Platit AG"}]},{"@type":"WebSite","@id":"https:\/\/www.organisator.ch\/#website","url":"https:\/\/www.organisator.ch\/","name":"Organizer","description":"Competent. Practical. In 10 issues per year, ORGANISATOR presents the essential topics for managers of SMEs.","publisher":{"@id":"https:\/\/www.organisator.ch\/#organization"},"potentialAction":[{"@type":"SearchAction","target":{"@type":"EntryPoint","urlTemplate":"https:\/\/www.organisator.ch\/?s={search_term_string}"},"query-input":{"@type":"PropertyValueSpecification","valueRequired":true,"valueName":"search_term_string"}}],"inLanguage":"en-US"},{"@type":"Organization","@id":"https:\/\/www.organisator.ch\/#organization","name":"Organizer","url":"https:\/\/www.organisator.ch\/","logo":{"@type":"ImageObject","inLanguage":"en-US","@id":"https:\/\/www.organisator.ch\/#\/schema\/logo\/image\/","url":"https:\/\/www.organisator.ch\/wp-content\/uploads\/2022\/01\/Logo_Organisator_Website.png","contentUrl":"https:\/\/www.organisator.ch\/wp-content\/uploads\/2022\/01\/Logo_Organisator_Website.png","width":800,"height":77,"caption":"Organisator"},"image":{"@id":"https:\/\/www.organisator.ch\/#\/schema\/logo\/image\/"},"sameAs":["https:\/\/www.facebook.com\/OrganisatorFachmagazin","https:\/\/www.linkedin.com\/showcase\/organisator-das-magazin-fr-kmu","https:\/\/www.xing.com\/news\/pages\/organisator-ch-695","https:\/\/www.youtube.com\/channel\/UCGP2Sq0iWaZwT3BdIAQFYpw"]},{"@type":"Person","@id":"https:\/\/www.organisator.ch\/#\/schema\/person\/afccda3a71c06d4be2ed9100dd163db7","name":"Dzana Muminovic","image":{"@type":"ImageObject","inLanguage":"en-US","@id":"https:\/\/secure.gravatar.com\/avatar\/909c5c71aff4b38e88686f2ab2f1ba152571f394f41ed8bae431ea56ced93050?s=96&d=mm&r=g","url":"https:\/\/secure.gravatar.com\/avatar\/909c5c71aff4b38e88686f2ab2f1ba152571f394f41ed8bae431ea56ced93050?s=96&d=mm&r=g","contentUrl":"https:\/\/secure.gravatar.com\/avatar\/909c5c71aff4b38e88686f2ab2f1ba152571f394f41ed8bae431ea56ced93050?s=96&d=mm&r=g","caption":"Dzana Muminovic"},"url":"https:\/\/www.organisator.ch\/en\/author\/dzana-muminovic\/"}]}},"_links":{"self":[{"href":"https:\/\/www.organisator.ch\/en\/wp-json\/wp\/v2\/posts\/36686","targetHints":{"allow":["GET"]}}],"collection":[{"href":"https:\/\/www.organisator.ch\/en\/wp-json\/wp\/v2\/posts"}],"about":[{"href":"https:\/\/www.organisator.ch\/en\/wp-json\/wp\/v2\/types\/post"}],"author":[{"embeddable":true,"href":"https:\/\/www.organisator.ch\/en\/wp-json\/wp\/v2\/users\/80"}],"replies":[{"embeddable":true,"href":"https:\/\/www.organisator.ch\/en\/wp-json\/wp\/v2\/comments?post=36686"}],"version-history":[{"count":5,"href":"https:\/\/www.organisator.ch\/en\/wp-json\/wp\/v2\/posts\/36686\/revisions"}],"predecessor-version":[{"id":36751,"href":"https:\/\/www.organisator.ch\/en\/wp-json\/wp\/v2\/posts\/36686\/revisions\/36751"}],"wp:featuredmedia":[{"embeddable":true,"href":"https:\/\/www.organisator.ch\/en\/wp-json\/wp\/v2\/media\/36688"}],"wp:attachment":[{"href":"https:\/\/www.organisator.ch\/en\/wp-json\/wp\/v2\/media?parent=36686"}],"wp:term":[{"taxonomy":"category","embeddable":true,"href":"https:\/\/www.organisator.ch\/en\/wp-json\/wp\/v2\/categories?post=36686"},{"taxonomy":"post_tag","embeddable":true,"href":"https:\/\/www.organisator.ch\/en\/wp-json\/wp\/v2\/tags?post=36686"}],"curies":[{"name":"wp","href":"https:\/\/api.w.org\/{rel}","templated":true}]}}