{"id":3669,"date":"2018-05-25T10:43:13","date_gmt":"2018-05-25T08:43:13","guid":{"rendered":"https:\/\/www.organisator.ch\/?p=3669"},"modified":"2018-05-25T10:43:13","modified_gmt":"2018-05-25T08:43:13","slug":"teilzeitarbeit-das-muessen-sie-wissen","status":"publish","type":"post","link":"https:\/\/www.organisator.ch\/en\/management\/finanzen_recht\/2018-05-25\/teilzeitarbeit-das-muessen-sie-wissen\/","title":{"rendered":"Part-time work: What you need to know"},"content":{"rendered":"<figure id=\"attachment_3670\" aria-describedby=\"caption-attachment-3670\" style=\"width: 640px\" class=\"wp-caption alignnone\"><img loading=\"lazy\" decoding=\"async\" class=\"size-full wp-image-3670\" src=\"https:\/\/www.organisator.ch\/wp-content\/uploads\/2018\/05\/Teilzeitarbeit-Das-muessen-Sie-wissen_Organisator.jpg\" alt=\"\" width=\"640\" height=\"427\" srcset=\"https:\/\/www.organisator.ch\/wp-content\/uploads\/2018\/05\/Teilzeitarbeit-Das-muessen-Sie-wissen_Organisator.jpg 640w, https:\/\/www.organisator.ch\/wp-content\/uploads\/2018\/05\/Teilzeitarbeit-Das-muessen-Sie-wissen_Organisator-16x12.jpg 16w, https:\/\/www.organisator.ch\/wp-content\/uploads\/2018\/05\/Teilzeitarbeit-Das-muessen-Sie-wissen_Organisator-262x175.jpg 262w, https:\/\/www.organisator.ch\/wp-content\/uploads\/2018\/05\/Teilzeitarbeit-Das-muessen-Sie-wissen_Organisator-525x350.jpg 525w, https:\/\/www.organisator.ch\/wp-content\/uploads\/2018\/05\/Teilzeitarbeit-Das-muessen-Sie-wissen_Organisator-300x200.jpg 300w\" sizes=\"auto, (max-width: 640px) 100vw, 640px\" \/><figcaption id=\"caption-attachment-3670\" class=\"wp-caption-text\">Part-time work: This is what you need to know to ensure that your occupational pension plan still works. (Image: zVg Tellco)<\/figcaption><\/figure>\n<h2><strong>As a part-time employee, do I have to arrange my own occupational benefits?<\/strong><\/h2>\n<p>As a part-time employee, it is important to always keep an eye on your overall pension provision in general. Because depending on how much you work and where, large gaps can arise.<br \/>\nThis is especially true for occupational pension plans. Because if someone has several jobs, then a distinction is made between main and sideline employment. And the sideline does not have to be insured in the pension fund. This is a disadvantage for the employee.<\/p>\n<h2><strong>What is my main job, what is my secondary job? <\/strong><\/h2>\n<p>The difference between main and secondary employment is not always clear. A higher workload does not automatically mean that this is the main occupation. The decision here is made by the AHV based on various factors. One thing is clear: Secondary employment is not subject to BVG, which means that income from secondary employment does not have to be insured in the pension fund.<\/p>\n<p>Those who are employed by several employers on a small scale must be careful. It is possible that the individual salary is below the BVG entry threshold of around CHF 21,000 and is not insured. This person then has no occupational pension at all.<\/p>\n<h2><strong>Why does it make a difference for my occupational pension plan whether I work part-time or full-time?<\/strong><\/h2>\n<p>The main issue here is the so-called coordination deduction in accordance with the BVG compulsory scheme. This is a fixed amount that the pension fund deducts from your salary, what remains is insured. This amount remains the same whether you work 40% or 100%. If you have two or more part-time jobs and therefore two or more pension funds, the coordination deduction is subtracted from your salary each time. This means that you have a smaller insured salary overall, and you and your employer pay fewer contributions. For many part-time employees, this means that they suffer large losses in their pensions.<\/p>\n<h2><strong>How can I respond to these disadvantages in the 2nd pillar if I work part-time?<\/strong><\/h2>\n<p>There are options, but you have to take them yourself:<\/p>\n<ol>\n<li>Ask your employer to adjust the coordination deduction at the pension fund to your degree of employment.<br \/>\nIn principle, many pension funds offer the option of adjusting the coordination deduction to the degree of employment - also the <a href=\"http:\/\/pkpro.ch\/de\/Home\">pension fund pro<\/a>. The adjustment must apply in each case to all part-time employees in the same line of business (e.g., all in the office or all in production). Some employers do not make the adjustment automatically because they have to pay fewer contributions that way: If the insured wage is lower, this also costs the employer less in contributions. Others, however, take their social responsibility seriously when they are made aware of it. There are also employees who explicitly do not want the coordination deduction to be adjusted because they depend on having a few francs more on their salary account at the end of the month.<\/li>\n<li>If you have several part-time jobs: Try to insure your salary cumulatively with a single pension fund.<br \/>\nAsk your pension fund whether it is possible for you to have your entire salary insured. This will prevent a double or triple coordination deduction on your insured salary.<\/li>\n<li>Insure your salary yourself with the Stiftung Auffangeinrichtung.<br \/>\nMany people are not aware of this possibility: If you have a second job and your earnings are not insured with any pension fund (e.g. because they are also below the entry threshold), you can apply to the <a href=\"http:\/\/www.chaeis.net\/\">Foundation reception facility<\/a> be insured. Your employer must also contribute at least 50% to the cost of contributions.<\/li>\n<\/ol>\n<p>Do you have any further questions about your occupational pension plan? Our pension specialists <a href=\"https:\/\/pkpro.ch\/de\/Forms\/Inquiry\">gladly advise you<\/a>.<\/p>","protected":false},"excerpt":{"rendered":"<p>Muss ich als Teilzeitangestellter meine berufliche Vorsorge selber regeln? Es ist wichtig, als Teilzeitangestellter stets seine gesamte Vorsorge generell im Auge zu behalten. Denn je nachdem, wie viel Sie wo arbeiten, k\u00f6nnen grosse L\u00fccken entstehen. Das gilt besonders f\u00fcr die berufliche Vorsorge. Denn wenn jemand mehrere Jobs hat, dann wird unterschieden zwischen Haupt- und Nebenerwerb. [&hellip;]<\/p>\n","protected":false},"author":4,"featured_media":3670,"comment_status":"open","ping_status":"open","sticky":false,"template":"","format":"standard","meta":{"_acf_changed":false,"_yoast_wpseo_focuskw":"Teilzeitarbeit","_yoast_wpseo_metadesc":"Die wenigsten wissen dar\u00fcber Bescheid, doch wer Teilzeit arbeitet hat in der beruflichen Vorsorge unter Umst\u00e4nden grosse Nachteile. Auf was m\u00fcssen Sie achten und was haben Sie f\u00fcr M\u00f6glichkeiten?","articlekey":"","footnotes":""},"categories":[24],"tags":[115,377,476,516],"class_list":["post-3669","post","type-post","status-publish","format-standard","has-post-thumbnail","hentry","category-finanzen_recht","tag-checklisten","tag-pensionskassen","tag-teilzeitarbeit","tag-vorsorge"],"acf":[],"yoast_head":"<!-- This site is optimized with the Yoast SEO plugin v27.5 - https:\/\/yoast.com\/product\/yoast-seo-wordpress\/ -->\n<title>Teilzeitarbeit: Das m\u00fcssen Sie wissen - Organisator<\/title>\n<meta name=\"description\" content=\"Die wenigsten wissen dar\u00fcber Bescheid, doch wer Teilzeit arbeitet hat in der beruflichen Vorsorge unter Umst\u00e4nden grosse Nachteile. Auf was m\u00fcssen Sie achten und was haben Sie f\u00fcr M\u00f6glichkeiten?\" \/>\n<meta name=\"robots\" content=\"index, follow, max-snippet:-1, max-image-preview:large, max-video-preview:-1\" \/>\n<link rel=\"canonical\" href=\"https:\/\/www.organisator.ch\/en\/management\/finanzen_recht\/2018-05-25\/teilzeitarbeit-das-muessen-sie-wissen\/\" \/>\n<meta property=\"og:locale\" content=\"en_US\" \/>\n<meta property=\"og:type\" content=\"article\" \/>\n<meta property=\"og:title\" content=\"Teilzeitarbeit: Das m\u00fcssen Sie wissen\" \/>\n<meta property=\"og:description\" content=\"Die wenigsten wissen dar\u00fcber Bescheid, doch wer #Teilzeit arbeitet hat in der beruflichen #Vorsorge unter Umst\u00e4nden grosse Nachteile. Auf was m\u00fcssen Sie achten und was haben Sie f\u00fcr M\u00f6glichkeiten?\" \/>\n<meta property=\"og:url\" content=\"https:\/\/www.organisator.ch\/en\/management\/finanzen_recht\/2018-05-25\/teilzeitarbeit-das-muessen-sie-wissen\/\" \/>\n<meta property=\"og:site_name\" content=\"Organisator\" \/>\n<meta property=\"article:publisher\" content=\"https:\/\/www.facebook.com\/OrganisatorFachmagazin\" \/>\n<meta property=\"article:published_time\" content=\"2018-05-25T08:43:13+00:00\" \/>\n<meta property=\"og:image\" content=\"https:\/\/www.organisator.ch\/wp-content\/uploads\/2018\/05\/Teilzeitarbeit-Das-muessen-Sie-wissen_Organisator.jpg\" \/>\n\t<meta property=\"og:image:width\" content=\"640\" \/>\n\t<meta property=\"og:image:height\" content=\"427\" \/>\n\t<meta property=\"og:image:type\" content=\"image\/jpeg\" \/>\n<meta name=\"author\" content=\"thomas.berner\" \/>\n<meta name=\"twitter:card\" content=\"summary_large_image\" \/>\n<meta name=\"twitter:title\" content=\"#Teilzeitarbeit: Das m\u00fcssen Sie wissen\" \/>\n<meta name=\"twitter:description\" content=\"Die wenigsten wissen dar\u00fcber Bescheid, doch wer #Teilzeit arbeitet hat in der beruflichen #Vorsorge unter Umst\u00e4nden grosse Nachteile. Auf was m\u00fcssen Sie achten und was haben Sie f\u00fcr M\u00f6glichkeiten?\" \/>\n<meta name=\"twitter:image\" content=\"https:\/\/www.organisator.ch\/wp-content\/uploads\/2018\/05\/Teilzeitarbeit-Das-m\u00fcssen-Sie-wissen_Organisator.jpg\" \/>\n<script type=\"application\/ld+json\" class=\"yoast-schema-graph\">{\"@context\":\"https:\\\/\\\/schema.org\",\"@graph\":[{\"@type\":\"Article\",\"@id\":\"https:\\\/\\\/www.organisator.ch\\\/management\\\/finanzen_recht\\\/2018-05-25\\\/teilzeitarbeit-das-muessen-sie-wissen\\\/#article\",\"isPartOf\":{\"@id\":\"https:\\\/\\\/www.organisator.ch\\\/management\\\/finanzen_recht\\\/2018-05-25\\\/teilzeitarbeit-das-muessen-sie-wissen\\\/\"},\"author\":{\"name\":\"thomas.berner\",\"@id\":\"https:\\\/\\\/www.organisator.ch\\\/#\\\/schema\\\/person\\\/6f650f90b2842cd4c0cc334b4e36f67e\"},\"headline\":\"Teilzeitarbeit: Das m\u00fcssen Sie wissen\",\"datePublished\":\"2018-05-25T08:43:13+00:00\",\"mainEntityOfPage\":{\"@id\":\"https:\\\/\\\/www.organisator.ch\\\/management\\\/finanzen_recht\\\/2018-05-25\\\/teilzeitarbeit-das-muessen-sie-wissen\\\/\"},\"wordCount\":605,\"commentCount\":1,\"publisher\":{\"@id\":\"https:\\\/\\\/www.organisator.ch\\\/#organization\"},\"image\":{\"@id\":\"https:\\\/\\\/www.organisator.ch\\\/management\\\/finanzen_recht\\\/2018-05-25\\\/teilzeitarbeit-das-muessen-sie-wissen\\\/#primaryimage\"},\"thumbnailUrl\":\"https:\\\/\\\/www.organisator.ch\\\/wp-content\\\/uploads\\\/2018\\\/05\\\/Teilzeitarbeit-Das-muessen-Sie-wissen_Organisator.jpg\",\"keywords\":[\"Checklisten\",\"Pensionskassen\",\"Teilzeitarbeit\",\"Vorsorge\"],\"articleSection\":[\"FINANZEN\\\/RECHT\"],\"inLanguage\":\"en-US\"},{\"@type\":\"WebPage\",\"@id\":\"https:\\\/\\\/www.organisator.ch\\\/management\\\/finanzen_recht\\\/2018-05-25\\\/teilzeitarbeit-das-muessen-sie-wissen\\\/\",\"url\":\"https:\\\/\\\/www.organisator.ch\\\/management\\\/finanzen_recht\\\/2018-05-25\\\/teilzeitarbeit-das-muessen-sie-wissen\\\/\",\"name\":\"Teilzeitarbeit: Das m\u00fcssen Sie wissen - Organisator\",\"isPartOf\":{\"@id\":\"https:\\\/\\\/www.organisator.ch\\\/#website\"},\"primaryImageOfPage\":{\"@id\":\"https:\\\/\\\/www.organisator.ch\\\/management\\\/finanzen_recht\\\/2018-05-25\\\/teilzeitarbeit-das-muessen-sie-wissen\\\/#primaryimage\"},\"image\":{\"@id\":\"https:\\\/\\\/www.organisator.ch\\\/management\\\/finanzen_recht\\\/2018-05-25\\\/teilzeitarbeit-das-muessen-sie-wissen\\\/#primaryimage\"},\"thumbnailUrl\":\"https:\\\/\\\/www.organisator.ch\\\/wp-content\\\/uploads\\\/2018\\\/05\\\/Teilzeitarbeit-Das-muessen-Sie-wissen_Organisator.jpg\",\"datePublished\":\"2018-05-25T08:43:13+00:00\",\"description\":\"Die wenigsten wissen dar\u00fcber Bescheid, doch wer Teilzeit arbeitet hat in der beruflichen Vorsorge unter Umst\u00e4nden grosse Nachteile. Auf was m\u00fcssen Sie achten und was haben Sie f\u00fcr M\u00f6glichkeiten?\",\"breadcrumb\":{\"@id\":\"https:\\\/\\\/www.organisator.ch\\\/management\\\/finanzen_recht\\\/2018-05-25\\\/teilzeitarbeit-das-muessen-sie-wissen\\\/#breadcrumb\"},\"inLanguage\":\"en-US\",\"potentialAction\":[{\"@type\":\"ReadAction\",\"target\":[\"https:\\\/\\\/www.organisator.ch\\\/management\\\/finanzen_recht\\\/2018-05-25\\\/teilzeitarbeit-das-muessen-sie-wissen\\\/\"]}]},{\"@type\":\"ImageObject\",\"inLanguage\":\"en-US\",\"@id\":\"https:\\\/\\\/www.organisator.ch\\\/management\\\/finanzen_recht\\\/2018-05-25\\\/teilzeitarbeit-das-muessen-sie-wissen\\\/#primaryimage\",\"url\":\"https:\\\/\\\/www.organisator.ch\\\/wp-content\\\/uploads\\\/2018\\\/05\\\/Teilzeitarbeit-Das-muessen-Sie-wissen_Organisator.jpg\",\"contentUrl\":\"https:\\\/\\\/www.organisator.ch\\\/wp-content\\\/uploads\\\/2018\\\/05\\\/Teilzeitarbeit-Das-muessen-Sie-wissen_Organisator.jpg\",\"width\":640,\"height\":427,\"caption\":\"Teilzeitarbeit: Das m\u00fcssen Sie wissen, damit ihre berufliche Vorsorge trotzdem funktioniert. (Bild: zVg Tellco)\"},{\"@type\":\"BreadcrumbList\",\"@id\":\"https:\\\/\\\/www.organisator.ch\\\/management\\\/finanzen_recht\\\/2018-05-25\\\/teilzeitarbeit-das-muessen-sie-wissen\\\/#breadcrumb\",\"itemListElement\":[{\"@type\":\"ListItem\",\"position\":1,\"name\":\"Home\",\"item\":\"https:\\\/\\\/www.organisator.ch\\\/\"},{\"@type\":\"ListItem\",\"position\":2,\"name\":\"Teilzeitarbeit: Das m\u00fcssen Sie wissen\"}]},{\"@type\":\"WebSite\",\"@id\":\"https:\\\/\\\/www.organisator.ch\\\/#website\",\"url\":\"https:\\\/\\\/www.organisator.ch\\\/\",\"name\":\"Organisator\",\"description\":\"Kompetent. Praxisnah. Der ORGANISATOR bereitet in 10 Ausgaben pro Jahr die wesentlichen Themen f\u00fcr F\u00fchrungskr\u00e4fte von KMU auf.\",\"publisher\":{\"@id\":\"https:\\\/\\\/www.organisator.ch\\\/#organization\"},\"potentialAction\":[{\"@type\":\"SearchAction\",\"target\":{\"@type\":\"EntryPoint\",\"urlTemplate\":\"https:\\\/\\\/www.organisator.ch\\\/?s={search_term_string}\"},\"query-input\":{\"@type\":\"PropertyValueSpecification\",\"valueRequired\":true,\"valueName\":\"search_term_string\"}}],\"inLanguage\":\"en-US\"},{\"@type\":\"Organization\",\"@id\":\"https:\\\/\\\/www.organisator.ch\\\/#organization\",\"name\":\"Organisator\",\"url\":\"https:\\\/\\\/www.organisator.ch\\\/\",\"logo\":{\"@type\":\"ImageObject\",\"inLanguage\":\"en-US\",\"@id\":\"https:\\\/\\\/www.organisator.ch\\\/#\\\/schema\\\/logo\\\/image\\\/\",\"url\":\"https:\\\/\\\/www.organisator.ch\\\/wp-content\\\/uploads\\\/2022\\\/01\\\/Logo_Organisator_Website.png\",\"contentUrl\":\"https:\\\/\\\/www.organisator.ch\\\/wp-content\\\/uploads\\\/2022\\\/01\\\/Logo_Organisator_Website.png\",\"width\":800,\"height\":77,\"caption\":\"Organisator\"},\"image\":{\"@id\":\"https:\\\/\\\/www.organisator.ch\\\/#\\\/schema\\\/logo\\\/image\\\/\"},\"sameAs\":[\"https:\\\/\\\/www.facebook.com\\\/OrganisatorFachmagazin\",\"https:\\\/\\\/www.linkedin.com\\\/showcase\\\/organisator-das-magazin-fr-kmu\",\"https:\\\/\\\/www.xing.com\\\/news\\\/pages\\\/organisator-ch-695\",\"https:\\\/\\\/www.youtube.com\\\/channel\\\/UCGP2Sq0iWaZwT3BdIAQFYpw\"]},{\"@type\":\"Person\",\"@id\":\"https:\\\/\\\/www.organisator.ch\\\/#\\\/schema\\\/person\\\/6f650f90b2842cd4c0cc334b4e36f67e\",\"name\":\"thomas.berner\",\"image\":{\"@type\":\"ImageObject\",\"inLanguage\":\"en-US\",\"@id\":\"https:\\\/\\\/secure.gravatar.com\\\/avatar\\\/ac5001d2a36cb6c6cd3e50789007ffca834b477b74a2144564522e944eabff61?s=96&d=mm&r=g\",\"url\":\"https:\\\/\\\/secure.gravatar.com\\\/avatar\\\/ac5001d2a36cb6c6cd3e50789007ffca834b477b74a2144564522e944eabff61?s=96&d=mm&r=g\",\"contentUrl\":\"https:\\\/\\\/secure.gravatar.com\\\/avatar\\\/ac5001d2a36cb6c6cd3e50789007ffca834b477b74a2144564522e944eabff61?s=96&d=mm&r=g\",\"caption\":\"thomas.berner\"},\"url\":\"https:\\\/\\\/www.organisator.ch\\\/en\\\/author\\\/thomas-berner\\\/\"}]}<\/script>\n<!-- \/ Yoast SEO plugin. -->","yoast_head_json":{"title":"Part-time work: what you need to know - Organizer","description":"Very few people know about this, but those who work part-time may be at a great disadvantage when it comes to occupational benefits. What do you have to pay attention to and what are your options?","robots":{"index":"index","follow":"follow","max-snippet":"max-snippet:-1","max-image-preview":"max-image-preview:large","max-video-preview":"max-video-preview:-1"},"canonical":"https:\/\/www.organisator.ch\/en\/management\/finanzen_recht\/2018-05-25\/teilzeitarbeit-das-muessen-sie-wissen\/","og_locale":"en_US","og_type":"article","og_title":"Teilzeitarbeit: Das m\u00fcssen Sie wissen","og_description":"Die wenigsten wissen dar\u00fcber Bescheid, doch wer #Teilzeit arbeitet hat in der beruflichen #Vorsorge unter Umst\u00e4nden grosse Nachteile. Auf was m\u00fcssen Sie achten und was haben Sie f\u00fcr M\u00f6glichkeiten?","og_url":"https:\/\/www.organisator.ch\/en\/management\/finanzen_recht\/2018-05-25\/teilzeitarbeit-das-muessen-sie-wissen\/","og_site_name":"Organisator","article_publisher":"https:\/\/www.facebook.com\/OrganisatorFachmagazin","article_published_time":"2018-05-25T08:43:13+00:00","og_image":[{"width":640,"height":427,"url":"https:\/\/www.organisator.ch\/wp-content\/uploads\/2018\/05\/Teilzeitarbeit-Das-muessen-Sie-wissen_Organisator.jpg","type":"image\/jpeg"}],"author":"thomas.berner","twitter_card":"summary_large_image","twitter_title":"#Teilzeitarbeit: Das m\u00fcssen Sie wissen","twitter_description":"Die wenigsten wissen dar\u00fcber Bescheid, doch wer #Teilzeit arbeitet hat in der beruflichen #Vorsorge unter Umst\u00e4nden grosse Nachteile. Auf was m\u00fcssen Sie achten und was haben Sie f\u00fcr M\u00f6glichkeiten?","twitter_image":"https:\/\/www.organisator.ch\/wp-content\/uploads\/2018\/05\/Teilzeitarbeit-Das-m\u00fcssen-Sie-wissen_Organisator.jpg","schema":{"@context":"https:\/\/schema.org","@graph":[{"@type":"Article","@id":"https:\/\/www.organisator.ch\/management\/finanzen_recht\/2018-05-25\/teilzeitarbeit-das-muessen-sie-wissen\/#article","isPartOf":{"@id":"https:\/\/www.organisator.ch\/management\/finanzen_recht\/2018-05-25\/teilzeitarbeit-das-muessen-sie-wissen\/"},"author":{"name":"thomas.berner","@id":"https:\/\/www.organisator.ch\/#\/schema\/person\/6f650f90b2842cd4c0cc334b4e36f67e"},"headline":"Teilzeitarbeit: Das m\u00fcssen Sie wissen","datePublished":"2018-05-25T08:43:13+00:00","mainEntityOfPage":{"@id":"https:\/\/www.organisator.ch\/management\/finanzen_recht\/2018-05-25\/teilzeitarbeit-das-muessen-sie-wissen\/"},"wordCount":605,"commentCount":1,"publisher":{"@id":"https:\/\/www.organisator.ch\/#organization"},"image":{"@id":"https:\/\/www.organisator.ch\/management\/finanzen_recht\/2018-05-25\/teilzeitarbeit-das-muessen-sie-wissen\/#primaryimage"},"thumbnailUrl":"https:\/\/www.organisator.ch\/wp-content\/uploads\/2018\/05\/Teilzeitarbeit-Das-muessen-Sie-wissen_Organisator.jpg","keywords":["Checklisten","Pensionskassen","Teilzeitarbeit","Vorsorge"],"articleSection":["FINANZEN\/RECHT"],"inLanguage":"en-US"},{"@type":"WebPage","@id":"https:\/\/www.organisator.ch\/management\/finanzen_recht\/2018-05-25\/teilzeitarbeit-das-muessen-sie-wissen\/","url":"https:\/\/www.organisator.ch\/management\/finanzen_recht\/2018-05-25\/teilzeitarbeit-das-muessen-sie-wissen\/","name":"Part-time work: what you need to know - Organizer","isPartOf":{"@id":"https:\/\/www.organisator.ch\/#website"},"primaryImageOfPage":{"@id":"https:\/\/www.organisator.ch\/management\/finanzen_recht\/2018-05-25\/teilzeitarbeit-das-muessen-sie-wissen\/#primaryimage"},"image":{"@id":"https:\/\/www.organisator.ch\/management\/finanzen_recht\/2018-05-25\/teilzeitarbeit-das-muessen-sie-wissen\/#primaryimage"},"thumbnailUrl":"https:\/\/www.organisator.ch\/wp-content\/uploads\/2018\/05\/Teilzeitarbeit-Das-muessen-Sie-wissen_Organisator.jpg","datePublished":"2018-05-25T08:43:13+00:00","description":"Very few people know about this, but those who work part-time may be at a great disadvantage when it comes to occupational benefits. What do you have to pay attention to and what are your options?","breadcrumb":{"@id":"https:\/\/www.organisator.ch\/management\/finanzen_recht\/2018-05-25\/teilzeitarbeit-das-muessen-sie-wissen\/#breadcrumb"},"inLanguage":"en-US","potentialAction":[{"@type":"ReadAction","target":["https:\/\/www.organisator.ch\/management\/finanzen_recht\/2018-05-25\/teilzeitarbeit-das-muessen-sie-wissen\/"]}]},{"@type":"ImageObject","inLanguage":"en-US","@id":"https:\/\/www.organisator.ch\/management\/finanzen_recht\/2018-05-25\/teilzeitarbeit-das-muessen-sie-wissen\/#primaryimage","url":"https:\/\/www.organisator.ch\/wp-content\/uploads\/2018\/05\/Teilzeitarbeit-Das-muessen-Sie-wissen_Organisator.jpg","contentUrl":"https:\/\/www.organisator.ch\/wp-content\/uploads\/2018\/05\/Teilzeitarbeit-Das-muessen-Sie-wissen_Organisator.jpg","width":640,"height":427,"caption":"Teilzeitarbeit: Das m\u00fcssen Sie wissen, damit ihre berufliche Vorsorge trotzdem funktioniert. (Bild: zVg Tellco)"},{"@type":"BreadcrumbList","@id":"https:\/\/www.organisator.ch\/management\/finanzen_recht\/2018-05-25\/teilzeitarbeit-das-muessen-sie-wissen\/#breadcrumb","itemListElement":[{"@type":"ListItem","position":1,"name":"Home","item":"https:\/\/www.organisator.ch\/"},{"@type":"ListItem","position":2,"name":"Teilzeitarbeit: Das m\u00fcssen Sie wissen"}]},{"@type":"WebSite","@id":"https:\/\/www.organisator.ch\/#website","url":"https:\/\/www.organisator.ch\/","name":"Organizer","description":"Competent. Practical. In 10 issues per year, ORGANISATOR presents the essential topics for managers of SMEs.","publisher":{"@id":"https:\/\/www.organisator.ch\/#organization"},"potentialAction":[{"@type":"SearchAction","target":{"@type":"EntryPoint","urlTemplate":"https:\/\/www.organisator.ch\/?s={search_term_string}"},"query-input":{"@type":"PropertyValueSpecification","valueRequired":true,"valueName":"search_term_string"}}],"inLanguage":"en-US"},{"@type":"Organization","@id":"https:\/\/www.organisator.ch\/#organization","name":"Organizer","url":"https:\/\/www.organisator.ch\/","logo":{"@type":"ImageObject","inLanguage":"en-US","@id":"https:\/\/www.organisator.ch\/#\/schema\/logo\/image\/","url":"https:\/\/www.organisator.ch\/wp-content\/uploads\/2022\/01\/Logo_Organisator_Website.png","contentUrl":"https:\/\/www.organisator.ch\/wp-content\/uploads\/2022\/01\/Logo_Organisator_Website.png","width":800,"height":77,"caption":"Organisator"},"image":{"@id":"https:\/\/www.organisator.ch\/#\/schema\/logo\/image\/"},"sameAs":["https:\/\/www.facebook.com\/OrganisatorFachmagazin","https:\/\/www.linkedin.com\/showcase\/organisator-das-magazin-fr-kmu","https:\/\/www.xing.com\/news\/pages\/organisator-ch-695","https:\/\/www.youtube.com\/channel\/UCGP2Sq0iWaZwT3BdIAQFYpw"]},{"@type":"Person","@id":"https:\/\/www.organisator.ch\/#\/schema\/person\/6f650f90b2842cd4c0cc334b4e36f67e","name":"thomas.berner","image":{"@type":"ImageObject","inLanguage":"en-US","@id":"https:\/\/secure.gravatar.com\/avatar\/ac5001d2a36cb6c6cd3e50789007ffca834b477b74a2144564522e944eabff61?s=96&d=mm&r=g","url":"https:\/\/secure.gravatar.com\/avatar\/ac5001d2a36cb6c6cd3e50789007ffca834b477b74a2144564522e944eabff61?s=96&d=mm&r=g","contentUrl":"https:\/\/secure.gravatar.com\/avatar\/ac5001d2a36cb6c6cd3e50789007ffca834b477b74a2144564522e944eabff61?s=96&d=mm&r=g","caption":"thomas.berner"},"url":"https:\/\/www.organisator.ch\/en\/author\/thomas-berner\/"}]}},"_links":{"self":[{"href":"https:\/\/www.organisator.ch\/en\/wp-json\/wp\/v2\/posts\/3669","targetHints":{"allow":["GET"]}}],"collection":[{"href":"https:\/\/www.organisator.ch\/en\/wp-json\/wp\/v2\/posts"}],"about":[{"href":"https:\/\/www.organisator.ch\/en\/wp-json\/wp\/v2\/types\/post"}],"author":[{"embeddable":true,"href":"https:\/\/www.organisator.ch\/en\/wp-json\/wp\/v2\/users\/4"}],"replies":[{"embeddable":true,"href":"https:\/\/www.organisator.ch\/en\/wp-json\/wp\/v2\/comments?post=3669"}],"version-history":[{"count":0,"href":"https:\/\/www.organisator.ch\/en\/wp-json\/wp\/v2\/posts\/3669\/revisions"}],"wp:featuredmedia":[{"embeddable":true,"href":"https:\/\/www.organisator.ch\/en\/wp-json\/wp\/v2\/media\/3670"}],"wp:attachment":[{"href":"https:\/\/www.organisator.ch\/en\/wp-json\/wp\/v2\/media?parent=3669"}],"wp:term":[{"taxonomy":"category","embeddable":true,"href":"https:\/\/www.organisator.ch\/en\/wp-json\/wp\/v2\/categories?post=3669"},{"taxonomy":"post_tag","embeddable":true,"href":"https:\/\/www.organisator.ch\/en\/wp-json\/wp\/v2\/tags?post=3669"}],"curies":[{"name":"wp","href":"https:\/\/api.w.org\/{rel}","templated":true}]}}