{"id":36777,"date":"2025-03-12T07:47:40","date_gmt":"2025-03-12T06:47:40","guid":{"rendered":"https:\/\/www.markt-kom.com\/?p=231672"},"modified":"2025-03-12T07:37:16","modified_gmt":"2025-03-12T06:37:16","slug":"neues-unternehmen-fuer-strategische-kommunikation-pace-communication-gestartet","status":"publish","type":"post","link":"https:\/\/www.organisator.ch\/en\/marketing\/2025-03-12\/neues-unternehmen-fuer-strategische-kommunikation-pace-communication-gestartet\/","title":{"rendered":"New company for strategic communication \"Pace Communication\" launched"},"content":{"rendered":"<figure id=\"attachment_231673\" class=\"wp-caption aligncenter\" style=\"width: 1200px;\" aria-describedby=\"caption-attachment-231673\"><a href=\"https:\/\/www.markt-kom.com\/wp-content\/uploads\/2025\/03\/PACE-Maya-Grollimund.jpg\"><img class=\"size-full wp-image-231673\" src=\"https:\/\/www.markt-kom.com\/wp-content\/uploads\/2025\/03\/PACE-Maya-Grollimund.jpg\" sizes=\"(max-width: 1200px) 100vw, 1200px\" srcset=\"https:\/\/www.markt-kom.com\/wp-content\/uploads\/2025\/03\/PACE-Maya-Grollimund.jpg 1200w, https:\/\/www.markt-kom.com\/wp-content\/uploads\/2025\/03\/PACE-Maya-Grollimund-600x450.jpg 600w, https:\/\/www.markt-kom.com\/wp-content\/uploads\/2025\/03\/PACE-Maya-Grollimund-1024x768.jpg 1024w, https:\/\/www.markt-kom.com\/wp-content\/uploads\/2025\/03\/PACE-Maya-Grollimund-768x576.jpg 768w, https:\/\/www.markt-kom.com\/wp-content\/uploads\/2025\/03\/PACE-Maya-Grollimund-16x12.jpg 16w, https:\/\/www.markt-kom.com\/wp-content\/uploads\/2025\/03\/PACE-Maya-Grollimund-233x175.jpg 233w, https:\/\/www.markt-kom.com\/wp-content\/uploads\/2025\/03\/PACE-Maya-Grollimund-467x350.jpg 467w, https:\/\/www.markt-kom.com\/wp-content\/uploads\/2025\/03\/PACE-Maya-Grollimund-1000x750.jpg 1000w\" alt=\"\" width=\"1200\" height=\"900\" \/><\/a>\r\n<figcaption id=\"caption-attachment-231673\" class=\"wp-caption-text\">Maya Grollimund (left) and Isabel Schorer founded Pace Communication. (Pictures: zVg.)<\/figcaption>\r\n<\/figure>\r\n<p>The St. Gallen-based company serves clients from all over German-speaking Switzerland and the Lake Constance region. The two founders focus on effective communication that goes beyond visibility. \"Communication must reach the right people, have an impact and create trust,\" explains Isabel Schorer. \"We support our clients in getting their messages across clearly and sustainably - whether in day-to-day business, in crisis situations, in location marketing or as part of political communication.\"<\/p>\r\n<p>Maya Grollimund adds: \"The increasing flood of information makes it ever more difficult for companies and institutions to get their message across. Our job is to create clarity and reach relevant target groups with precise, strategic communication.\"<\/p>\r\n<p>The company focuses on the areas of expertise \"Strategic Communication &amp; Crisis Management\", \"Public Affairs &amp; Political Communication\", \"Location Marketing &amp; Site and Real Estate Communication\" and \"Corporate Communication &amp; Stakeholder Management\".<\/p>\r\n<h3>Experienced team with a strong network<\/h3>\r\n<p>The two Pace founders have many years of experience in strategic communication. Isabel Schorer has extensive expertise in public affairs, stakeholder management and location promotion, while Maya Grollimund specializes in corporate and crisis communications. Together with her team and in collaboration with specialized partner companies, individual communication strategies will be developed and implemented in a targeted manner.<\/p>","protected":false},"excerpt":{"rendered":"<p>Founded at the beginning of March, Pace Communication supports companies, municipalities and other public and private institutions in positioning themselves strategically and professionally. Isabel Schorer and Maya Grollimund rely on well thought-out communication to place positions and messages with the right target groups. The focus is on the areas of business, politics and society, their interaction and stakeholder management.<\/p>","protected":false},"author":8,"featured_media":0,"comment_status":"closed","ping_status":"closed","sticky":false,"template":"","format":"standard","meta":{"_acf_changed":false,"_yoast_wpseo_focuskw":"Strategische Kommunikation","_yoast_wpseo_metadesc":"Pace Communication bietet strategische Kommunikation in St. Gallen \u2013 f\u00fcr Unternehmen, Politik und Gesellschaft mit klarem Fokus und Wirkung.","articlekey":"","footnotes":""},"categories":[29],"tags":[4345,5165],"class_list":["post-36777","post","type-post","status-publish","format-standard","hentry","category-marketing","tag-business","tag-pace-communication"],"acf":[],"yoast_head":"<!-- This site is optimized with the Yoast SEO plugin v27.4 - https:\/\/yoast.com\/product\/yoast-seo-wordpress\/ -->\n<title>Neues Unternehmen f\u00fcr strategische Kommunikation \u00abPace Communication\u00bb gestartet - Organisator<\/title>\n<meta name=\"description\" content=\"Pace Communication bietet strategische Kommunikation in St. Gallen \u2013 f\u00fcr Unternehmen, Politik und Gesellschaft mit klarem Fokus und Wirkung.\" \/>\n<meta name=\"robots\" content=\"index, follow, max-snippet:-1, max-image-preview:large, max-video-preview:-1\" \/>\n<link rel=\"canonical\" href=\"https:\/\/www.organisator.ch\/en\/marketing\/2025-03-12\/neues-unternehmen-fuer-strategische-kommunikation-pace-communication-gestartet\/\" \/>\n<meta property=\"og:locale\" content=\"en_US\" \/>\n<meta property=\"og:type\" content=\"article\" \/>\n<meta property=\"og:title\" content=\"Neues Unternehmen f\u00fcr strategische Kommunikation \u00abPace Communication\u00bb gestartet - Organisator\" \/>\n<meta property=\"og:description\" content=\"Pace Communication bietet strategische Kommunikation in St. Gallen \u2013 f\u00fcr Unternehmen, Politik und Gesellschaft mit klarem Fokus und Wirkung.\" \/>\n<meta property=\"og:url\" content=\"https:\/\/www.organisator.ch\/en\/marketing\/2025-03-12\/neues-unternehmen-fuer-strategische-kommunikation-pace-communication-gestartet\/\" \/>\n<meta property=\"og:site_name\" content=\"Organisator\" \/>\n<meta property=\"article:publisher\" content=\"https:\/\/www.facebook.com\/OrganisatorFachmagazin\" \/>\n<meta property=\"article:published_time\" content=\"2025-03-12T06:47:40+00:00\" \/>\n<meta name=\"author\" content=\"galledia\" \/>\n<meta name=\"twitter:card\" content=\"summary_large_image\" \/>\n<meta name=\"twitter:creator\" content=\"@admin\" \/>\n<script type=\"application\/ld+json\" class=\"yoast-schema-graph\">{\"@context\":\"https:\\\/\\\/schema.org\",\"@graph\":[{\"@type\":\"Article\",\"@id\":\"https:\\\/\\\/www.organisator.ch\\\/marketing\\\/2025-03-12\\\/neues-unternehmen-fuer-strategische-kommunikation-pace-communication-gestartet\\\/#article\",\"isPartOf\":{\"@id\":\"https:\\\/\\\/www.organisator.ch\\\/marketing\\\/2025-03-12\\\/neues-unternehmen-fuer-strategische-kommunikation-pace-communication-gestartet\\\/\"},\"author\":{\"name\":\"galledia\",\"@id\":\"https:\\\/\\\/www.organisator.ch\\\/#\\\/schema\\\/person\\\/4e51799071cd2dd1232ac003643ef5f0\"},\"headline\":\"Neues Unternehmen f\u00fcr strategische Kommunikation \u00abPace Communication\u00bb gestartet\",\"datePublished\":\"2025-03-12T06:47:40+00:00\",\"mainEntityOfPage\":{\"@id\":\"https:\\\/\\\/www.organisator.ch\\\/marketing\\\/2025-03-12\\\/neues-unternehmen-fuer-strategische-kommunikation-pace-communication-gestartet\\\/\"},\"wordCount\":215,\"publisher\":{\"@id\":\"https:\\\/\\\/www.organisator.ch\\\/#organization\"},\"image\":{\"@id\":\"https:\\\/\\\/www.organisator.ch\\\/marketing\\\/2025-03-12\\\/neues-unternehmen-fuer-strategische-kommunikation-pace-communication-gestartet\\\/#primaryimage\"},\"thumbnailUrl\":\"https:\\\/\\\/www.markt-kom.com\\\/wp-content\\\/uploads\\\/2025\\\/03\\\/PACE-Maya-Grollimund.jpg\",\"keywords\":[\"Business\",\"Pace Communication\"],\"articleSection\":[\"MARKETING\"],\"inLanguage\":\"en-US\"},{\"@type\":\"WebPage\",\"@id\":\"https:\\\/\\\/www.organisator.ch\\\/marketing\\\/2025-03-12\\\/neues-unternehmen-fuer-strategische-kommunikation-pace-communication-gestartet\\\/\",\"url\":\"https:\\\/\\\/www.organisator.ch\\\/marketing\\\/2025-03-12\\\/neues-unternehmen-fuer-strategische-kommunikation-pace-communication-gestartet\\\/\",\"name\":\"Neues Unternehmen f\u00fcr strategische Kommunikation \u00abPace Communication\u00bb gestartet - Organisator\",\"isPartOf\":{\"@id\":\"https:\\\/\\\/www.organisator.ch\\\/#website\"},\"primaryImageOfPage\":{\"@id\":\"https:\\\/\\\/www.organisator.ch\\\/marketing\\\/2025-03-12\\\/neues-unternehmen-fuer-strategische-kommunikation-pace-communication-gestartet\\\/#primaryimage\"},\"image\":{\"@id\":\"https:\\\/\\\/www.organisator.ch\\\/marketing\\\/2025-03-12\\\/neues-unternehmen-fuer-strategische-kommunikation-pace-communication-gestartet\\\/#primaryimage\"},\"thumbnailUrl\":\"https:\\\/\\\/www.markt-kom.com\\\/wp-content\\\/uploads\\\/2025\\\/03\\\/PACE-Maya-Grollimund.jpg\",\"datePublished\":\"2025-03-12T06:47:40+00:00\",\"description\":\"Pace Communication bietet strategische Kommunikation in St. Gallen \u2013 f\u00fcr Unternehmen, Politik und Gesellschaft mit klarem Fokus und Wirkung.\",\"breadcrumb\":{\"@id\":\"https:\\\/\\\/www.organisator.ch\\\/marketing\\\/2025-03-12\\\/neues-unternehmen-fuer-strategische-kommunikation-pace-communication-gestartet\\\/#breadcrumb\"},\"inLanguage\":\"en-US\",\"potentialAction\":[{\"@type\":\"ReadAction\",\"target\":[\"https:\\\/\\\/www.organisator.ch\\\/marketing\\\/2025-03-12\\\/neues-unternehmen-fuer-strategische-kommunikation-pace-communication-gestartet\\\/\"]}]},{\"@type\":\"ImageObject\",\"inLanguage\":\"en-US\",\"@id\":\"https:\\\/\\\/www.organisator.ch\\\/marketing\\\/2025-03-12\\\/neues-unternehmen-fuer-strategische-kommunikation-pace-communication-gestartet\\\/#primaryimage\",\"url\":\"https:\\\/\\\/www.markt-kom.com\\\/wp-content\\\/uploads\\\/2025\\\/03\\\/PACE-Maya-Grollimund.jpg\",\"contentUrl\":\"https:\\\/\\\/www.markt-kom.com\\\/wp-content\\\/uploads\\\/2025\\\/03\\\/PACE-Maya-Grollimund.jpg\"},{\"@type\":\"BreadcrumbList\",\"@id\":\"https:\\\/\\\/www.organisator.ch\\\/marketing\\\/2025-03-12\\\/neues-unternehmen-fuer-strategische-kommunikation-pace-communication-gestartet\\\/#breadcrumb\",\"itemListElement\":[{\"@type\":\"ListItem\",\"position\":1,\"name\":\"Home\",\"item\":\"https:\\\/\\\/www.organisator.ch\\\/\"},{\"@type\":\"ListItem\",\"position\":2,\"name\":\"Neues Unternehmen f\u00fcr strategische Kommunikation \u00abPace Communication\u00bb gestartet\"}]},{\"@type\":\"WebSite\",\"@id\":\"https:\\\/\\\/www.organisator.ch\\\/#website\",\"url\":\"https:\\\/\\\/www.organisator.ch\\\/\",\"name\":\"Organisator\",\"description\":\"Kompetent. Praxisnah. Der ORGANISATOR bereitet in 10 Ausgaben pro Jahr die wesentlichen Themen f\u00fcr F\u00fchrungskr\u00e4fte von KMU auf.\",\"publisher\":{\"@id\":\"https:\\\/\\\/www.organisator.ch\\\/#organization\"},\"potentialAction\":[{\"@type\":\"SearchAction\",\"target\":{\"@type\":\"EntryPoint\",\"urlTemplate\":\"https:\\\/\\\/www.organisator.ch\\\/?s={search_term_string}\"},\"query-input\":{\"@type\":\"PropertyValueSpecification\",\"valueRequired\":true,\"valueName\":\"search_term_string\"}}],\"inLanguage\":\"en-US\"},{\"@type\":\"Organization\",\"@id\":\"https:\\\/\\\/www.organisator.ch\\\/#organization\",\"name\":\"Organisator\",\"url\":\"https:\\\/\\\/www.organisator.ch\\\/\",\"logo\":{\"@type\":\"ImageObject\",\"inLanguage\":\"en-US\",\"@id\":\"https:\\\/\\\/www.organisator.ch\\\/#\\\/schema\\\/logo\\\/image\\\/\",\"url\":\"https:\\\/\\\/www.organisator.ch\\\/wp-content\\\/uploads\\\/2022\\\/01\\\/Logo_Organisator_Website.png\",\"contentUrl\":\"https:\\\/\\\/www.organisator.ch\\\/wp-content\\\/uploads\\\/2022\\\/01\\\/Logo_Organisator_Website.png\",\"width\":800,\"height\":77,\"caption\":\"Organisator\"},\"image\":{\"@id\":\"https:\\\/\\\/www.organisator.ch\\\/#\\\/schema\\\/logo\\\/image\\\/\"},\"sameAs\":[\"https:\\\/\\\/www.facebook.com\\\/OrganisatorFachmagazin\",\"https:\\\/\\\/www.linkedin.com\\\/showcase\\\/organisator-das-magazin-fr-kmu\",\"https:\\\/\\\/www.xing.com\\\/news\\\/pages\\\/organisator-ch-695\",\"https:\\\/\\\/www.youtube.com\\\/channel\\\/UCGP2Sq0iWaZwT3BdIAQFYpw\"]},{\"@type\":\"Person\",\"@id\":\"https:\\\/\\\/www.organisator.ch\\\/#\\\/schema\\\/person\\\/4e51799071cd2dd1232ac003643ef5f0\",\"name\":\"galledia\",\"image\":{\"@type\":\"ImageObject\",\"inLanguage\":\"en-US\",\"@id\":\"https:\\\/\\\/secure.gravatar.com\\\/avatar\\\/78a7f90c01fc2bfc875782a0d4922b37cde2cf184ce347b91316d23cd7f69a36?s=96&d=mm&r=g\",\"url\":\"https:\\\/\\\/secure.gravatar.com\\\/avatar\\\/78a7f90c01fc2bfc875782a0d4922b37cde2cf184ce347b91316d23cd7f69a36?s=96&d=mm&r=g\",\"contentUrl\":\"https:\\\/\\\/secure.gravatar.com\\\/avatar\\\/78a7f90c01fc2bfc875782a0d4922b37cde2cf184ce347b91316d23cd7f69a36?s=96&d=mm&r=g\",\"caption\":\"galledia\"},\"sameAs\":[\"https:\\\/\\\/x.com\\\/admin\"],\"url\":\"https:\\\/\\\/www.organisator.ch\\\/en\\\/author\\\/galledia\\\/\"}]}<\/script>\n<!-- \/ Yoast SEO plugin. -->","yoast_head_json":{"title":"New company for strategic communication \"Pace Communication\" launched - organizer","description":"Pace Communication offers strategic communication in St. Gallen - for companies, politics and society with a clear focus and impact.","robots":{"index":"index","follow":"follow","max-snippet":"max-snippet:-1","max-image-preview":"max-image-preview:large","max-video-preview":"max-video-preview:-1"},"canonical":"https:\/\/www.organisator.ch\/en\/marketing\/2025-03-12\/neues-unternehmen-fuer-strategische-kommunikation-pace-communication-gestartet\/","og_locale":"en_US","og_type":"article","og_title":"Neues Unternehmen f\u00fcr strategische Kommunikation \u00abPace Communication\u00bb gestartet - Organisator","og_description":"Pace Communication bietet strategische Kommunikation in St. Gallen \u2013 f\u00fcr Unternehmen, Politik und Gesellschaft mit klarem Fokus und Wirkung.","og_url":"https:\/\/www.organisator.ch\/en\/marketing\/2025-03-12\/neues-unternehmen-fuer-strategische-kommunikation-pace-communication-gestartet\/","og_site_name":"Organisator","article_publisher":"https:\/\/www.facebook.com\/OrganisatorFachmagazin","article_published_time":"2025-03-12T06:47:40+00:00","author":"galledia","twitter_card":"summary_large_image","twitter_creator":"@admin","schema":{"@context":"https:\/\/schema.org","@graph":[{"@type":"Article","@id":"https:\/\/www.organisator.ch\/marketing\/2025-03-12\/neues-unternehmen-fuer-strategische-kommunikation-pace-communication-gestartet\/#article","isPartOf":{"@id":"https:\/\/www.organisator.ch\/marketing\/2025-03-12\/neues-unternehmen-fuer-strategische-kommunikation-pace-communication-gestartet\/"},"author":{"name":"galledia","@id":"https:\/\/www.organisator.ch\/#\/schema\/person\/4e51799071cd2dd1232ac003643ef5f0"},"headline":"Neues Unternehmen f\u00fcr strategische Kommunikation \u00abPace Communication\u00bb gestartet","datePublished":"2025-03-12T06:47:40+00:00","mainEntityOfPage":{"@id":"https:\/\/www.organisator.ch\/marketing\/2025-03-12\/neues-unternehmen-fuer-strategische-kommunikation-pace-communication-gestartet\/"},"wordCount":215,"publisher":{"@id":"https:\/\/www.organisator.ch\/#organization"},"image":{"@id":"https:\/\/www.organisator.ch\/marketing\/2025-03-12\/neues-unternehmen-fuer-strategische-kommunikation-pace-communication-gestartet\/#primaryimage"},"thumbnailUrl":"https:\/\/www.markt-kom.com\/wp-content\/uploads\/2025\/03\/PACE-Maya-Grollimund.jpg","keywords":["Business","Pace Communication"],"articleSection":["MARKETING"],"inLanguage":"en-US"},{"@type":"WebPage","@id":"https:\/\/www.organisator.ch\/marketing\/2025-03-12\/neues-unternehmen-fuer-strategische-kommunikation-pace-communication-gestartet\/","url":"https:\/\/www.organisator.ch\/marketing\/2025-03-12\/neues-unternehmen-fuer-strategische-kommunikation-pace-communication-gestartet\/","name":"New company for strategic communication \"Pace Communication\" launched - organizer","isPartOf":{"@id":"https:\/\/www.organisator.ch\/#website"},"primaryImageOfPage":{"@id":"https:\/\/www.organisator.ch\/marketing\/2025-03-12\/neues-unternehmen-fuer-strategische-kommunikation-pace-communication-gestartet\/#primaryimage"},"image":{"@id":"https:\/\/www.organisator.ch\/marketing\/2025-03-12\/neues-unternehmen-fuer-strategische-kommunikation-pace-communication-gestartet\/#primaryimage"},"thumbnailUrl":"https:\/\/www.markt-kom.com\/wp-content\/uploads\/2025\/03\/PACE-Maya-Grollimund.jpg","datePublished":"2025-03-12T06:47:40+00:00","description":"Pace Communication offers strategic communication in St. Gallen - for companies, politics and society with a clear focus and impact.","breadcrumb":{"@id":"https:\/\/www.organisator.ch\/marketing\/2025-03-12\/neues-unternehmen-fuer-strategische-kommunikation-pace-communication-gestartet\/#breadcrumb"},"inLanguage":"en-US","potentialAction":[{"@type":"ReadAction","target":["https:\/\/www.organisator.ch\/marketing\/2025-03-12\/neues-unternehmen-fuer-strategische-kommunikation-pace-communication-gestartet\/"]}]},{"@type":"ImageObject","inLanguage":"en-US","@id":"https:\/\/www.organisator.ch\/marketing\/2025-03-12\/neues-unternehmen-fuer-strategische-kommunikation-pace-communication-gestartet\/#primaryimage","url":"https:\/\/www.markt-kom.com\/wp-content\/uploads\/2025\/03\/PACE-Maya-Grollimund.jpg","contentUrl":"https:\/\/www.markt-kom.com\/wp-content\/uploads\/2025\/03\/PACE-Maya-Grollimund.jpg"},{"@type":"BreadcrumbList","@id":"https:\/\/www.organisator.ch\/marketing\/2025-03-12\/neues-unternehmen-fuer-strategische-kommunikation-pace-communication-gestartet\/#breadcrumb","itemListElement":[{"@type":"ListItem","position":1,"name":"Home","item":"https:\/\/www.organisator.ch\/"},{"@type":"ListItem","position":2,"name":"Neues Unternehmen f\u00fcr strategische Kommunikation \u00abPace Communication\u00bb gestartet"}]},{"@type":"WebSite","@id":"https:\/\/www.organisator.ch\/#website","url":"https:\/\/www.organisator.ch\/","name":"Organizer","description":"Competent. Practical. In 10 issues per year, ORGANISATOR presents the essential topics for managers of SMEs.","publisher":{"@id":"https:\/\/www.organisator.ch\/#organization"},"potentialAction":[{"@type":"SearchAction","target":{"@type":"EntryPoint","urlTemplate":"https:\/\/www.organisator.ch\/?s={search_term_string}"},"query-input":{"@type":"PropertyValueSpecification","valueRequired":true,"valueName":"search_term_string"}}],"inLanguage":"en-US"},{"@type":"Organization","@id":"https:\/\/www.organisator.ch\/#organization","name":"Organizer","url":"https:\/\/www.organisator.ch\/","logo":{"@type":"ImageObject","inLanguage":"en-US","@id":"https:\/\/www.organisator.ch\/#\/schema\/logo\/image\/","url":"https:\/\/www.organisator.ch\/wp-content\/uploads\/2022\/01\/Logo_Organisator_Website.png","contentUrl":"https:\/\/www.organisator.ch\/wp-content\/uploads\/2022\/01\/Logo_Organisator_Website.png","width":800,"height":77,"caption":"Organisator"},"image":{"@id":"https:\/\/www.organisator.ch\/#\/schema\/logo\/image\/"},"sameAs":["https:\/\/www.facebook.com\/OrganisatorFachmagazin","https:\/\/www.linkedin.com\/showcase\/organisator-das-magazin-fr-kmu","https:\/\/www.xing.com\/news\/pages\/organisator-ch-695","https:\/\/www.youtube.com\/channel\/UCGP2Sq0iWaZwT3BdIAQFYpw"]},{"@type":"Person","@id":"https:\/\/www.organisator.ch\/#\/schema\/person\/4e51799071cd2dd1232ac003643ef5f0","name":"galledia","image":{"@type":"ImageObject","inLanguage":"en-US","@id":"https:\/\/secure.gravatar.com\/avatar\/78a7f90c01fc2bfc875782a0d4922b37cde2cf184ce347b91316d23cd7f69a36?s=96&d=mm&r=g","url":"https:\/\/secure.gravatar.com\/avatar\/78a7f90c01fc2bfc875782a0d4922b37cde2cf184ce347b91316d23cd7f69a36?s=96&d=mm&r=g","contentUrl":"https:\/\/secure.gravatar.com\/avatar\/78a7f90c01fc2bfc875782a0d4922b37cde2cf184ce347b91316d23cd7f69a36?s=96&d=mm&r=g","caption":"galledia"},"sameAs":["https:\/\/x.com\/admin"],"url":"https:\/\/www.organisator.ch\/en\/author\/galledia\/"}]}},"_links":{"self":[{"href":"https:\/\/www.organisator.ch\/en\/wp-json\/wp\/v2\/posts\/36777","targetHints":{"allow":["GET"]}}],"collection":[{"href":"https:\/\/www.organisator.ch\/en\/wp-json\/wp\/v2\/posts"}],"about":[{"href":"https:\/\/www.organisator.ch\/en\/wp-json\/wp\/v2\/types\/post"}],"author":[{"embeddable":true,"href":"https:\/\/www.organisator.ch\/en\/wp-json\/wp\/v2\/users\/8"}],"replies":[{"embeddable":true,"href":"https:\/\/www.organisator.ch\/en\/wp-json\/wp\/v2\/comments?post=36777"}],"version-history":[{"count":5,"href":"https:\/\/www.organisator.ch\/en\/wp-json\/wp\/v2\/posts\/36777\/revisions"}],"predecessor-version":[{"id":36834,"href":"https:\/\/www.organisator.ch\/en\/wp-json\/wp\/v2\/posts\/36777\/revisions\/36834"}],"wp:attachment":[{"href":"https:\/\/www.organisator.ch\/en\/wp-json\/wp\/v2\/media?parent=36777"}],"wp:term":[{"taxonomy":"category","embeddable":true,"href":"https:\/\/www.organisator.ch\/en\/wp-json\/wp\/v2\/categories?post=36777"},{"taxonomy":"post_tag","embeddable":true,"href":"https:\/\/www.organisator.ch\/en\/wp-json\/wp\/v2\/tags?post=36777"}],"curies":[{"name":"wp","href":"https:\/\/api.w.org\/{rel}","templated":true}]}}