{"id":3679,"date":"2018-05-29T08:46:04","date_gmt":"2018-05-29T06:46:04","guid":{"rendered":"https:\/\/www.organisator.ch\/?p=3679"},"modified":"2018-05-29T08:46:04","modified_gmt":"2018-05-29T06:46:04","slug":"schweizer-kmu-blicken-deutlich-positiver-nach-vorne-als-der-europaeische-durchschnitt","status":"publish","type":"post","link":"https:\/\/www.organisator.ch\/en\/management\/finanzen_recht\/2018-05-29\/schweizer-kmu-blicken-deutlich-positiver-nach-vorne-als-der-europaeische-durchschnitt\/","title":{"rendered":"Swiss SMEs are significantly more positive about the future than the European average"},"content":{"rendered":"<figure id=\"attachment_3682\" aria-describedby=\"caption-attachment-3682\" style=\"width: 640px\" class=\"wp-caption alignnone\"><img loading=\"lazy\" decoding=\"async\" class=\"size-full wp-image-3682\" src=\"https:\/\/www.organisator.ch\/wp-content\/uploads\/2018\/05\/Schweizer-KMU-blicken-deutlich-positiver-nach-vorne-als-der-europaeische-Durchschnitt_Organisator.jpg\" alt=\"\" width=\"640\" height=\"427\" srcset=\"https:\/\/www.organisator.ch\/wp-content\/uploads\/2018\/05\/Schweizer-KMU-blicken-deutlich-positiver-nach-vorne-als-der-europaeische-Durchschnitt_Organisator.jpg 640w, https:\/\/www.organisator.ch\/wp-content\/uploads\/2018\/05\/Schweizer-KMU-blicken-deutlich-positiver-nach-vorne-als-der-europaeische-Durchschnitt_Organisator-16x12.jpg 16w, https:\/\/www.organisator.ch\/wp-content\/uploads\/2018\/05\/Schweizer-KMU-blicken-deutlich-positiver-nach-vorne-als-der-europaeische-Durchschnitt_Organisator-262x175.jpg 262w, https:\/\/www.organisator.ch\/wp-content\/uploads\/2018\/05\/Schweizer-KMU-blicken-deutlich-positiver-nach-vorne-als-der-europaeische-Durchschnitt_Organisator-525x350.jpg 525w, https:\/\/www.organisator.ch\/wp-content\/uploads\/2018\/05\/Schweizer-KMU-blicken-deutlich-positiver-nach-vorne-als-der-europaeische-Durchschnitt_Organisator-300x200.jpg 300w\" sizes=\"auto, (max-width: 640px) 100vw, 640px\" \/><figcaption id=\"caption-attachment-3682\" class=\"wp-caption-text\">When it comes to payment morale, Swiss SMEs are more optimistic than their European counterparts. (Image: Fotolia.com)<\/figcaption><\/figure>\n<p>Falling debtor risks and no fear of Brexit: this is how positively Swiss SMEs view the near future. Swiss companies are also well ahead of the rest of Europe in terms of risk mitigation: more than half of all Swiss companies surveyed (55 percent) say they use some form of credit assessment - compared with only one in four companies in the rest of Europe that resort to this hedging tool. These are - in brief - the key findings of Intrum's European Payment Report, which describes the impact of late payments on the development and growth of European companies.<\/p>\n<h2><strong>Financial shortages, carelessness and intent - as reasons for late payment.<\/strong><\/h2>\n<p>The Swiss companies surveyed still see financial difficulties as the main reason for late payment by their customers (81%, -4%), but carelessness or general administrative challenges have again increased as a risk factor since last year: by 4 to 74%. Companies also continue to see deliberate delay as one of the main reasons for unpunctual payment (68%, +\/-0%). When it comes to payment, Swiss companies have tended to catch up with the European average - after an upswing in the previous year. Last year, Switzerland had paid even faster than the EU average with comparatively long average payment periods. However, both values have now risen again compared with the previous year - in other words, Swiss companies are granting longer payment periods and are actually also being paid more slowly again.<\/p>\n<p>&nbsp;<\/p>\n<table>\n<tbody>\n<tr>\n<td width=\"140\"><\/td>\n<td colspan=\"2\" width=\"249\"><strong>Payment term in days (2017)<\/strong><\/td>\n<td colspan=\"2\" width=\"249\"><strong>Payment by days (2017)<\/strong><\/td>\n<\/tr>\n<tr>\n<td width=\"140\"><\/td>\n<td width=\"123\">CH<\/td>\n<td width=\"126\">Europe<\/td>\n<td width=\"129\">CH<\/td>\n<td width=\"120\">Europe<\/td>\n<\/tr>\n<tr>\n<td width=\"140\"><strong>B2C<\/strong><\/td>\n<td width=\"123\">27 (26)<\/td>\n<td width=\"126\">23 (24)<\/td>\n<td width=\"129\">30 (30)<\/td>\n<td width=\"120\">22 (24)<\/td>\n<\/tr>\n<tr>\n<td width=\"140\"><strong>B2B<\/strong><\/td>\n<td width=\"123\">28 (27)<\/td>\n<td width=\"126\">32 (32)<\/td>\n<td width=\"129\">34 (34)<\/td>\n<td width=\"120\">34 (37)<\/td>\n<\/tr>\n<tr>\n<td width=\"140\"><strong>Public sector<\/strong><\/td>\n<td width=\"123\">33 (31)<\/td>\n<td width=\"126\">34 (33)<\/td>\n<td width=\"129\">44 (39)<\/td>\n<td width=\"120\">40 (41)<\/td>\n<\/tr>\n<\/tbody>\n<\/table>\n<p>&nbsp;<\/p>\n<h2><strong>Liquidity, losses and high interest costs - as risks after late payment<\/strong><\/h2>\n<p>One in three companies is facing liquidity bottlenecks due to late payment of receivables, and a quarter of the companies surveyed in Switzerland say they will have to accept a drop in sales. And while the fear of higher interest costs has almost doubled, one in five companies continues to fear weaker growth as well.<\/p>\n<h2><strong>Swiss SMEs are more optimistic about the coming year<\/strong><\/h2>\n<p>One in five SMEs in this country expects their customers to pay with better payment behavior in the next twelve months than at the time of the survey. This is an optimistic view shared by only one in ten companies in our neighboring European countries - half as many as in Switzerland. 7 out of 10 of the Swiss companies surveyed have already accepted payment terms that were longer than they would have liked. The public sector in particular seems to have increasingly asked for longer payment periods over the past year (27%, +8%) and, according to the study, received them (29%, +9%). \"Late payment and non-payment lead to a negative spiral - sales losses, liquidity bottlenecks and thus growth blockades can be the result. Especially for SMEs - the backbone of our economy - which are hit hardest. This is where Intrum comes in and supports the willingness of consumers to pay SMEs,\" says Thomas Hutter, Managing Director Intrum AG. Companies still try to protect themselves from these increasing risks of late payments and defaults mainly through credit checks and debt collection measures.<\/p>\n<h2><strong>And the European GDPR?<\/strong><\/h2>\n<p>The EU General Data Protection Regulation (GDPR) represents the most important change in data protection regulations in the past 20 years and aims to harmonize data protection laws in Europe. In Switzerland, the responsible committee of the National Council has split the total revision of Swiss data protection rules in two. Against this background, it is understandable that only 8% of the companies surveyed in this country see any impact at all on payment processes. Companies in this country also see both the impact on their business as very low - both the rather positive impact (4%) and the rather negative impact (6%).<\/p>\n<h2><strong>The Weakening EU and Brexit - Impact on Swiss SMEs<\/strong><\/h2>\n<p>Most Swiss companies are relaxed about the challenges in the EU. However, almost one in eight companies (13%) still sees a weakening EU as an opportunity rather than a threat - and is thus right at the front of the pack in a European comparison (5%), directly behind the UK (25%).<\/p>\n<p><em>Source: <a href=\"http:\/\/www.intrum.ch\">Intrum AG<\/a><\/em><\/p>","protected":false},"excerpt":{"rendered":"<p>Sinkende Debitorenrisiken und keine Angst vor dem Brexit: So positiv sehen Schweizer KMU die n\u00e4here Zukunft.\u00a0Schweizer Unternehmen sind zudem auch hinsichtlich der Risikominimierung weit vorne im europ\u00e4ischen Vergleich: Mehr als die H\u00e4lfte aller befragten Schweizer Unternehmen (55 Prozent) sagen, dass sie eine Art von Bonit\u00e4tspr\u00fcfung einsetzen \u2013 verglichen mit nur jedem vierten Unternehmen im sonstigen [&hellip;]<\/p>\n","protected":false},"author":4,"featured_media":3682,"comment_status":"open","ping_status":"open","sticky":false,"template":"","format":"standard","meta":{"_acf_changed":false,"_yoast_wpseo_focuskw":"Schweizer KMU","_yoast_wpseo_metadesc":"Am 29. Mai hat Intrum den European Payment Report 2018 (EPR2018) ver\u00f6ffentlicht. Als repr\u00e4sentative Studie bei rund 10\u2018000 Unternehmen in 29 L\u00e4ndern veranschaulicht sie auch den Schweizer Blick auf die Zahlungsmoral.","articlekey":"","footnotes":""},"categories":[24],"tags":[202,272,459,496,531],"class_list":["post-3679","post","type-post","status-publish","format-standard","has-post-thumbnail","hentry","category-finanzen_recht","tag-finanzenrecht","tag-inkasso","tag-studie","tag-unternehmensfuehrung","tag-wirtschaftspolitik"],"acf":[],"yoast_head":"<!-- This site is optimized with the Yoast SEO plugin v27.5 - https:\/\/yoast.com\/product\/yoast-seo-wordpress\/ -->\n<title>Schweizer KMU blicken deutlich positiver nach vorne als der europ\u00e4ische Durchschnitt - Organisator<\/title>\n<meta name=\"description\" content=\"Am 29. Mai hat Intrum den European Payment Report 2018 (EPR2018) ver\u00f6ffentlicht. Als repr\u00e4sentative Studie bei rund 10\u2018000 Unternehmen in 29 L\u00e4ndern veranschaulicht sie auch den Schweizer Blick auf die Zahlungsmoral.\" \/>\n<meta name=\"robots\" content=\"index, follow, max-snippet:-1, max-image-preview:large, max-video-preview:-1\" \/>\n<link rel=\"canonical\" href=\"https:\/\/www.organisator.ch\/en\/management\/finanzen_recht\/2018-05-29\/schweizer-kmu-blicken-deutlich-positiver-nach-vorne-als-der-europaeische-durchschnitt\/\" \/>\n<meta property=\"og:locale\" content=\"en_US\" \/>\n<meta property=\"og:type\" content=\"article\" \/>\n<meta property=\"og:title\" content=\"Schweizer KMU blicken deutlich positiver nach vorne als der europ\u00e4ische Durchschnitt\" \/>\n<meta property=\"og:description\" content=\"Am 29. Mai hat #Intrum den European Payment Report 2018 (#EPR2018) ver\u00f6ffentlicht. Als repr\u00e4sentative Studie bei rund 10\u2018000 Unternehmen in 29 L\u00e4ndern veranschaulicht sie auch den Schweizer Blick auf die #Zahlungsmoral.\" \/>\n<meta property=\"og:url\" content=\"https:\/\/www.organisator.ch\/en\/management\/finanzen_recht\/2018-05-29\/schweizer-kmu-blicken-deutlich-positiver-nach-vorne-als-der-europaeische-durchschnitt\/\" \/>\n<meta property=\"og:site_name\" content=\"Organisator\" \/>\n<meta property=\"article:publisher\" content=\"https:\/\/www.facebook.com\/OrganisatorFachmagazin\" \/>\n<meta property=\"article:published_time\" content=\"2018-05-29T06:46:04+00:00\" \/>\n<meta property=\"og:image\" content=\"https:\/\/www.organisator.ch\/wp-content\/uploads\/2018\/05\/Schweizer-KMU-blicken-deutlich-positiver-nach-vorne-als-der-europaeische-Durchschnitt_Organisator.jpg\" \/>\n\t<meta property=\"og:image:width\" content=\"640\" \/>\n\t<meta property=\"og:image:height\" content=\"427\" \/>\n\t<meta property=\"og:image:type\" content=\"image\/jpeg\" \/>\n<meta name=\"author\" content=\"thomas.berner\" \/>\n<meta name=\"twitter:card\" content=\"summary_large_image\" \/>\n<meta name=\"twitter:title\" content=\"Schweizer #KMU blicken deutlich positiver nach vorne als der europ\u00e4ische Durchschnitt\" \/>\n<meta name=\"twitter:description\" content=\"Am 29. Mai hat #Intrum den European Payment Report 2018 (#EPR2018) ver\u00f6ffentlicht. Als repr\u00e4sentative Studie bei rund 10\u2018000 Unternehmen in 29 L\u00e4ndern veranschaulicht sie auch den Schweizer Blick auf die #Zahlungsmoral.\" \/>\n<meta name=\"twitter:image\" content=\"https:\/\/www.organisator.ch\/wp-content\/uploads\/2018\/05\/Schweizer-KMU-blicken-deutlich-positiver-nach-vorne-als-der-europ\u00e4ische-Durchschnitt_Organisator.jpg\" \/>\n<script type=\"application\/ld+json\" class=\"yoast-schema-graph\">{\"@context\":\"https:\\\/\\\/schema.org\",\"@graph\":[{\"@type\":\"Article\",\"@id\":\"https:\\\/\\\/www.organisator.ch\\\/management\\\/finanzen_recht\\\/2018-05-29\\\/schweizer-kmu-blicken-deutlich-positiver-nach-vorne-als-der-europaeische-durchschnitt\\\/#article\",\"isPartOf\":{\"@id\":\"https:\\\/\\\/www.organisator.ch\\\/management\\\/finanzen_recht\\\/2018-05-29\\\/schweizer-kmu-blicken-deutlich-positiver-nach-vorne-als-der-europaeische-durchschnitt\\\/\"},\"author\":{\"name\":\"thomas.berner\",\"@id\":\"https:\\\/\\\/www.organisator.ch\\\/#\\\/schema\\\/person\\\/6f650f90b2842cd4c0cc334b4e36f67e\"},\"headline\":\"Schweizer KMU blicken deutlich positiver nach vorne als der europ\u00e4ische Durchschnitt\",\"datePublished\":\"2018-05-29T06:46:04+00:00\",\"mainEntityOfPage\":{\"@id\":\"https:\\\/\\\/www.organisator.ch\\\/management\\\/finanzen_recht\\\/2018-05-29\\\/schweizer-kmu-blicken-deutlich-positiver-nach-vorne-als-der-europaeische-durchschnitt\\\/\"},\"wordCount\":685,\"commentCount\":0,\"publisher\":{\"@id\":\"https:\\\/\\\/www.organisator.ch\\\/#organization\"},\"image\":{\"@id\":\"https:\\\/\\\/www.organisator.ch\\\/management\\\/finanzen_recht\\\/2018-05-29\\\/schweizer-kmu-blicken-deutlich-positiver-nach-vorne-als-der-europaeische-durchschnitt\\\/#primaryimage\"},\"thumbnailUrl\":\"https:\\\/\\\/www.organisator.ch\\\/wp-content\\\/uploads\\\/2018\\\/05\\\/Schweizer-KMU-blicken-deutlich-positiver-nach-vorne-als-der-europaeische-Durchschnitt_Organisator.jpg\",\"keywords\":[\"Finanzen\\\/Recht\",\"Inkasso\",\"Studie\",\"Unternehmensf\u00fchrung\",\"Wirtschaftspolitik\"],\"articleSection\":[\"FINANZEN\\\/RECHT\"],\"inLanguage\":\"en-US\"},{\"@type\":\"WebPage\",\"@id\":\"https:\\\/\\\/www.organisator.ch\\\/management\\\/finanzen_recht\\\/2018-05-29\\\/schweizer-kmu-blicken-deutlich-positiver-nach-vorne-als-der-europaeische-durchschnitt\\\/\",\"url\":\"https:\\\/\\\/www.organisator.ch\\\/management\\\/finanzen_recht\\\/2018-05-29\\\/schweizer-kmu-blicken-deutlich-positiver-nach-vorne-als-der-europaeische-durchschnitt\\\/\",\"name\":\"Schweizer KMU blicken deutlich positiver nach vorne als der europ\u00e4ische Durchschnitt - Organisator\",\"isPartOf\":{\"@id\":\"https:\\\/\\\/www.organisator.ch\\\/#website\"},\"primaryImageOfPage\":{\"@id\":\"https:\\\/\\\/www.organisator.ch\\\/management\\\/finanzen_recht\\\/2018-05-29\\\/schweizer-kmu-blicken-deutlich-positiver-nach-vorne-als-der-europaeische-durchschnitt\\\/#primaryimage\"},\"image\":{\"@id\":\"https:\\\/\\\/www.organisator.ch\\\/management\\\/finanzen_recht\\\/2018-05-29\\\/schweizer-kmu-blicken-deutlich-positiver-nach-vorne-als-der-europaeische-durchschnitt\\\/#primaryimage\"},\"thumbnailUrl\":\"https:\\\/\\\/www.organisator.ch\\\/wp-content\\\/uploads\\\/2018\\\/05\\\/Schweizer-KMU-blicken-deutlich-positiver-nach-vorne-als-der-europaeische-Durchschnitt_Organisator.jpg\",\"datePublished\":\"2018-05-29T06:46:04+00:00\",\"description\":\"Am 29. Mai hat Intrum den European Payment Report 2018 (EPR2018) ver\u00f6ffentlicht. Als repr\u00e4sentative Studie bei rund 10\u2018000 Unternehmen in 29 L\u00e4ndern veranschaulicht sie auch den Schweizer Blick auf die Zahlungsmoral.\",\"breadcrumb\":{\"@id\":\"https:\\\/\\\/www.organisator.ch\\\/management\\\/finanzen_recht\\\/2018-05-29\\\/schweizer-kmu-blicken-deutlich-positiver-nach-vorne-als-der-europaeische-durchschnitt\\\/#breadcrumb\"},\"inLanguage\":\"en-US\",\"potentialAction\":[{\"@type\":\"ReadAction\",\"target\":[\"https:\\\/\\\/www.organisator.ch\\\/management\\\/finanzen_recht\\\/2018-05-29\\\/schweizer-kmu-blicken-deutlich-positiver-nach-vorne-als-der-europaeische-durchschnitt\\\/\"]}]},{\"@type\":\"ImageObject\",\"inLanguage\":\"en-US\",\"@id\":\"https:\\\/\\\/www.organisator.ch\\\/management\\\/finanzen_recht\\\/2018-05-29\\\/schweizer-kmu-blicken-deutlich-positiver-nach-vorne-als-der-europaeische-durchschnitt\\\/#primaryimage\",\"url\":\"https:\\\/\\\/www.organisator.ch\\\/wp-content\\\/uploads\\\/2018\\\/05\\\/Schweizer-KMU-blicken-deutlich-positiver-nach-vorne-als-der-europaeische-Durchschnitt_Organisator.jpg\",\"contentUrl\":\"https:\\\/\\\/www.organisator.ch\\\/wp-content\\\/uploads\\\/2018\\\/05\\\/Schweizer-KMU-blicken-deutlich-positiver-nach-vorne-als-der-europaeische-Durchschnitt_Organisator.jpg\",\"width\":640,\"height\":427,\"caption\":\"In Sachen Zahlungsmoral zeigen sich Schweizer KMU optimistischer als ihre europ\u00e4ischen Kollegen. (Bild: Fotolia.com)\"},{\"@type\":\"BreadcrumbList\",\"@id\":\"https:\\\/\\\/www.organisator.ch\\\/management\\\/finanzen_recht\\\/2018-05-29\\\/schweizer-kmu-blicken-deutlich-positiver-nach-vorne-als-der-europaeische-durchschnitt\\\/#breadcrumb\",\"itemListElement\":[{\"@type\":\"ListItem\",\"position\":1,\"name\":\"Home\",\"item\":\"https:\\\/\\\/www.organisator.ch\\\/\"},{\"@type\":\"ListItem\",\"position\":2,\"name\":\"Schweizer KMU blicken deutlich positiver nach vorne als der europ\u00e4ische Durchschnitt\"}]},{\"@type\":\"WebSite\",\"@id\":\"https:\\\/\\\/www.organisator.ch\\\/#website\",\"url\":\"https:\\\/\\\/www.organisator.ch\\\/\",\"name\":\"Organisator\",\"description\":\"Kompetent. Praxisnah. Der ORGANISATOR bereitet in 10 Ausgaben pro Jahr die wesentlichen Themen f\u00fcr F\u00fchrungskr\u00e4fte von KMU auf.\",\"publisher\":{\"@id\":\"https:\\\/\\\/www.organisator.ch\\\/#organization\"},\"potentialAction\":[{\"@type\":\"SearchAction\",\"target\":{\"@type\":\"EntryPoint\",\"urlTemplate\":\"https:\\\/\\\/www.organisator.ch\\\/?s={search_term_string}\"},\"query-input\":{\"@type\":\"PropertyValueSpecification\",\"valueRequired\":true,\"valueName\":\"search_term_string\"}}],\"inLanguage\":\"en-US\"},{\"@type\":\"Organization\",\"@id\":\"https:\\\/\\\/www.organisator.ch\\\/#organization\",\"name\":\"Organisator\",\"url\":\"https:\\\/\\\/www.organisator.ch\\\/\",\"logo\":{\"@type\":\"ImageObject\",\"inLanguage\":\"en-US\",\"@id\":\"https:\\\/\\\/www.organisator.ch\\\/#\\\/schema\\\/logo\\\/image\\\/\",\"url\":\"https:\\\/\\\/www.organisator.ch\\\/wp-content\\\/uploads\\\/2022\\\/01\\\/Logo_Organisator_Website.png\",\"contentUrl\":\"https:\\\/\\\/www.organisator.ch\\\/wp-content\\\/uploads\\\/2022\\\/01\\\/Logo_Organisator_Website.png\",\"width\":800,\"height\":77,\"caption\":\"Organisator\"},\"image\":{\"@id\":\"https:\\\/\\\/www.organisator.ch\\\/#\\\/schema\\\/logo\\\/image\\\/\"},\"sameAs\":[\"https:\\\/\\\/www.facebook.com\\\/OrganisatorFachmagazin\",\"https:\\\/\\\/www.linkedin.com\\\/showcase\\\/organisator-das-magazin-fr-kmu\",\"https:\\\/\\\/www.xing.com\\\/news\\\/pages\\\/organisator-ch-695\",\"https:\\\/\\\/www.youtube.com\\\/channel\\\/UCGP2Sq0iWaZwT3BdIAQFYpw\"]},{\"@type\":\"Person\",\"@id\":\"https:\\\/\\\/www.organisator.ch\\\/#\\\/schema\\\/person\\\/6f650f90b2842cd4c0cc334b4e36f67e\",\"name\":\"thomas.berner\",\"image\":{\"@type\":\"ImageObject\",\"inLanguage\":\"en-US\",\"@id\":\"https:\\\/\\\/secure.gravatar.com\\\/avatar\\\/ac5001d2a36cb6c6cd3e50789007ffca834b477b74a2144564522e944eabff61?s=96&d=mm&r=g\",\"url\":\"https:\\\/\\\/secure.gravatar.com\\\/avatar\\\/ac5001d2a36cb6c6cd3e50789007ffca834b477b74a2144564522e944eabff61?s=96&d=mm&r=g\",\"contentUrl\":\"https:\\\/\\\/secure.gravatar.com\\\/avatar\\\/ac5001d2a36cb6c6cd3e50789007ffca834b477b74a2144564522e944eabff61?s=96&d=mm&r=g\",\"caption\":\"thomas.berner\"},\"url\":\"https:\\\/\\\/www.organisator.ch\\\/en\\\/author\\\/thomas-berner\\\/\"}]}<\/script>\n<!-- \/ Yoast SEO plugin. -->","yoast_head_json":{"title":"Swiss SMEs look ahead much more positively than the European average - Organizer","description":"On May 29, Intrum published the European Payment Report 2018 (EPR2018). As a representative study of around 10,000 companies in 29 countries, it also illustrates the Swiss view of payment practices.","robots":{"index":"index","follow":"follow","max-snippet":"max-snippet:-1","max-image-preview":"max-image-preview:large","max-video-preview":"max-video-preview:-1"},"canonical":"https:\/\/www.organisator.ch\/en\/management\/finanzen_recht\/2018-05-29\/schweizer-kmu-blicken-deutlich-positiver-nach-vorne-als-der-europaeische-durchschnitt\/","og_locale":"en_US","og_type":"article","og_title":"Schweizer KMU blicken deutlich positiver nach vorne als der europ\u00e4ische Durchschnitt","og_description":"Am 29. Mai hat #Intrum den European Payment Report 2018 (#EPR2018) ver\u00f6ffentlicht. Als repr\u00e4sentative Studie bei rund 10\u2018000 Unternehmen in 29 L\u00e4ndern veranschaulicht sie auch den Schweizer Blick auf die #Zahlungsmoral.","og_url":"https:\/\/www.organisator.ch\/en\/management\/finanzen_recht\/2018-05-29\/schweizer-kmu-blicken-deutlich-positiver-nach-vorne-als-der-europaeische-durchschnitt\/","og_site_name":"Organisator","article_publisher":"https:\/\/www.facebook.com\/OrganisatorFachmagazin","article_published_time":"2018-05-29T06:46:04+00:00","og_image":[{"width":640,"height":427,"url":"https:\/\/www.organisator.ch\/wp-content\/uploads\/2018\/05\/Schweizer-KMU-blicken-deutlich-positiver-nach-vorne-als-der-europaeische-Durchschnitt_Organisator.jpg","type":"image\/jpeg"}],"author":"thomas.berner","twitter_card":"summary_large_image","twitter_title":"Schweizer #KMU blicken deutlich positiver nach vorne als der europ\u00e4ische Durchschnitt","twitter_description":"Am 29. Mai hat #Intrum den European Payment Report 2018 (#EPR2018) ver\u00f6ffentlicht. Als repr\u00e4sentative Studie bei rund 10\u2018000 Unternehmen in 29 L\u00e4ndern veranschaulicht sie auch den Schweizer Blick auf die #Zahlungsmoral.","twitter_image":"https:\/\/www.organisator.ch\/wp-content\/uploads\/2018\/05\/Schweizer-KMU-blicken-deutlich-positiver-nach-vorne-als-der-europ\u00e4ische-Durchschnitt_Organisator.jpg","schema":{"@context":"https:\/\/schema.org","@graph":[{"@type":"Article","@id":"https:\/\/www.organisator.ch\/management\/finanzen_recht\/2018-05-29\/schweizer-kmu-blicken-deutlich-positiver-nach-vorne-als-der-europaeische-durchschnitt\/#article","isPartOf":{"@id":"https:\/\/www.organisator.ch\/management\/finanzen_recht\/2018-05-29\/schweizer-kmu-blicken-deutlich-positiver-nach-vorne-als-der-europaeische-durchschnitt\/"},"author":{"name":"thomas.berner","@id":"https:\/\/www.organisator.ch\/#\/schema\/person\/6f650f90b2842cd4c0cc334b4e36f67e"},"headline":"Schweizer KMU blicken deutlich positiver nach vorne als der europ\u00e4ische Durchschnitt","datePublished":"2018-05-29T06:46:04+00:00","mainEntityOfPage":{"@id":"https:\/\/www.organisator.ch\/management\/finanzen_recht\/2018-05-29\/schweizer-kmu-blicken-deutlich-positiver-nach-vorne-als-der-europaeische-durchschnitt\/"},"wordCount":685,"commentCount":0,"publisher":{"@id":"https:\/\/www.organisator.ch\/#organization"},"image":{"@id":"https:\/\/www.organisator.ch\/management\/finanzen_recht\/2018-05-29\/schweizer-kmu-blicken-deutlich-positiver-nach-vorne-als-der-europaeische-durchschnitt\/#primaryimage"},"thumbnailUrl":"https:\/\/www.organisator.ch\/wp-content\/uploads\/2018\/05\/Schweizer-KMU-blicken-deutlich-positiver-nach-vorne-als-der-europaeische-Durchschnitt_Organisator.jpg","keywords":["Finanzen\/Recht","Inkasso","Studie","Unternehmensf\u00fchrung","Wirtschaftspolitik"],"articleSection":["FINANZEN\/RECHT"],"inLanguage":"en-US"},{"@type":"WebPage","@id":"https:\/\/www.organisator.ch\/management\/finanzen_recht\/2018-05-29\/schweizer-kmu-blicken-deutlich-positiver-nach-vorne-als-der-europaeische-durchschnitt\/","url":"https:\/\/www.organisator.ch\/management\/finanzen_recht\/2018-05-29\/schweizer-kmu-blicken-deutlich-positiver-nach-vorne-als-der-europaeische-durchschnitt\/","name":"Swiss SMEs look ahead much more positively than the European average - Organizer","isPartOf":{"@id":"https:\/\/www.organisator.ch\/#website"},"primaryImageOfPage":{"@id":"https:\/\/www.organisator.ch\/management\/finanzen_recht\/2018-05-29\/schweizer-kmu-blicken-deutlich-positiver-nach-vorne-als-der-europaeische-durchschnitt\/#primaryimage"},"image":{"@id":"https:\/\/www.organisator.ch\/management\/finanzen_recht\/2018-05-29\/schweizer-kmu-blicken-deutlich-positiver-nach-vorne-als-der-europaeische-durchschnitt\/#primaryimage"},"thumbnailUrl":"https:\/\/www.organisator.ch\/wp-content\/uploads\/2018\/05\/Schweizer-KMU-blicken-deutlich-positiver-nach-vorne-als-der-europaeische-Durchschnitt_Organisator.jpg","datePublished":"2018-05-29T06:46:04+00:00","description":"On May 29, Intrum published the European Payment Report 2018 (EPR2018). As a representative study of around 10,000 companies in 29 countries, it also illustrates the Swiss view of payment practices.","breadcrumb":{"@id":"https:\/\/www.organisator.ch\/management\/finanzen_recht\/2018-05-29\/schweizer-kmu-blicken-deutlich-positiver-nach-vorne-als-der-europaeische-durchschnitt\/#breadcrumb"},"inLanguage":"en-US","potentialAction":[{"@type":"ReadAction","target":["https:\/\/www.organisator.ch\/management\/finanzen_recht\/2018-05-29\/schweizer-kmu-blicken-deutlich-positiver-nach-vorne-als-der-europaeische-durchschnitt\/"]}]},{"@type":"ImageObject","inLanguage":"en-US","@id":"https:\/\/www.organisator.ch\/management\/finanzen_recht\/2018-05-29\/schweizer-kmu-blicken-deutlich-positiver-nach-vorne-als-der-europaeische-durchschnitt\/#primaryimage","url":"https:\/\/www.organisator.ch\/wp-content\/uploads\/2018\/05\/Schweizer-KMU-blicken-deutlich-positiver-nach-vorne-als-der-europaeische-Durchschnitt_Organisator.jpg","contentUrl":"https:\/\/www.organisator.ch\/wp-content\/uploads\/2018\/05\/Schweizer-KMU-blicken-deutlich-positiver-nach-vorne-als-der-europaeische-Durchschnitt_Organisator.jpg","width":640,"height":427,"caption":"In Sachen Zahlungsmoral zeigen sich Schweizer KMU optimistischer als ihre europ\u00e4ischen Kollegen. (Bild: Fotolia.com)"},{"@type":"BreadcrumbList","@id":"https:\/\/www.organisator.ch\/management\/finanzen_recht\/2018-05-29\/schweizer-kmu-blicken-deutlich-positiver-nach-vorne-als-der-europaeische-durchschnitt\/#breadcrumb","itemListElement":[{"@type":"ListItem","position":1,"name":"Home","item":"https:\/\/www.organisator.ch\/"},{"@type":"ListItem","position":2,"name":"Schweizer KMU blicken deutlich positiver nach vorne als der europ\u00e4ische Durchschnitt"}]},{"@type":"WebSite","@id":"https:\/\/www.organisator.ch\/#website","url":"https:\/\/www.organisator.ch\/","name":"Organizer","description":"Competent. Practical. In 10 issues per year, ORGANISATOR presents the essential topics for managers of SMEs.","publisher":{"@id":"https:\/\/www.organisator.ch\/#organization"},"potentialAction":[{"@type":"SearchAction","target":{"@type":"EntryPoint","urlTemplate":"https:\/\/www.organisator.ch\/?s={search_term_string}"},"query-input":{"@type":"PropertyValueSpecification","valueRequired":true,"valueName":"search_term_string"}}],"inLanguage":"en-US"},{"@type":"Organization","@id":"https:\/\/www.organisator.ch\/#organization","name":"Organizer","url":"https:\/\/www.organisator.ch\/","logo":{"@type":"ImageObject","inLanguage":"en-US","@id":"https:\/\/www.organisator.ch\/#\/schema\/logo\/image\/","url":"https:\/\/www.organisator.ch\/wp-content\/uploads\/2022\/01\/Logo_Organisator_Website.png","contentUrl":"https:\/\/www.organisator.ch\/wp-content\/uploads\/2022\/01\/Logo_Organisator_Website.png","width":800,"height":77,"caption":"Organisator"},"image":{"@id":"https:\/\/www.organisator.ch\/#\/schema\/logo\/image\/"},"sameAs":["https:\/\/www.facebook.com\/OrganisatorFachmagazin","https:\/\/www.linkedin.com\/showcase\/organisator-das-magazin-fr-kmu","https:\/\/www.xing.com\/news\/pages\/organisator-ch-695","https:\/\/www.youtube.com\/channel\/UCGP2Sq0iWaZwT3BdIAQFYpw"]},{"@type":"Person","@id":"https:\/\/www.organisator.ch\/#\/schema\/person\/6f650f90b2842cd4c0cc334b4e36f67e","name":"thomas.berner","image":{"@type":"ImageObject","inLanguage":"en-US","@id":"https:\/\/secure.gravatar.com\/avatar\/ac5001d2a36cb6c6cd3e50789007ffca834b477b74a2144564522e944eabff61?s=96&d=mm&r=g","url":"https:\/\/secure.gravatar.com\/avatar\/ac5001d2a36cb6c6cd3e50789007ffca834b477b74a2144564522e944eabff61?s=96&d=mm&r=g","contentUrl":"https:\/\/secure.gravatar.com\/avatar\/ac5001d2a36cb6c6cd3e50789007ffca834b477b74a2144564522e944eabff61?s=96&d=mm&r=g","caption":"thomas.berner"},"url":"https:\/\/www.organisator.ch\/en\/author\/thomas-berner\/"}]}},"_links":{"self":[{"href":"https:\/\/www.organisator.ch\/en\/wp-json\/wp\/v2\/posts\/3679","targetHints":{"allow":["GET"]}}],"collection":[{"href":"https:\/\/www.organisator.ch\/en\/wp-json\/wp\/v2\/posts"}],"about":[{"href":"https:\/\/www.organisator.ch\/en\/wp-json\/wp\/v2\/types\/post"}],"author":[{"embeddable":true,"href":"https:\/\/www.organisator.ch\/en\/wp-json\/wp\/v2\/users\/4"}],"replies":[{"embeddable":true,"href":"https:\/\/www.organisator.ch\/en\/wp-json\/wp\/v2\/comments?post=3679"}],"version-history":[{"count":0,"href":"https:\/\/www.organisator.ch\/en\/wp-json\/wp\/v2\/posts\/3679\/revisions"}],"wp:featuredmedia":[{"embeddable":true,"href":"https:\/\/www.organisator.ch\/en\/wp-json\/wp\/v2\/media\/3682"}],"wp:attachment":[{"href":"https:\/\/www.organisator.ch\/en\/wp-json\/wp\/v2\/media?parent=3679"}],"wp:term":[{"taxonomy":"category","embeddable":true,"href":"https:\/\/www.organisator.ch\/en\/wp-json\/wp\/v2\/categories?post=3679"},{"taxonomy":"post_tag","embeddable":true,"href":"https:\/\/www.organisator.ch\/en\/wp-json\/wp\/v2\/tags?post=3679"}],"curies":[{"name":"wp","href":"https:\/\/api.w.org\/{rel}","templated":true}]}}