{"id":36795,"date":"2025-03-12T09:21:37","date_gmt":"2025-03-12T08:21:37","guid":{"rendered":"https:\/\/www.organisator.ch\/?p=36795"},"modified":"2025-03-12T09:21:37","modified_gmt":"2025-03-12T08:21:37","slug":"mit-alixio-group-zum-fuehrenden-hr-dienstleister-der-schweiz","status":"publish","type":"post","link":"https:\/\/www.organisator.ch\/en\/management\/2025-03-12\/mit-alixio-group-zum-fuehrenden-hr-dienstleister-der-schweiz\/","title":{"rendered":"With Alixio Group to the leading HR service provider in Switzerland"},"content":{"rendered":"<figure id=\"attachment_36796\" aria-describedby=\"caption-attachment-36796\" style=\"width: 680px\" class=\"wp-caption alignnone\"><img loading=\"lazy\" decoding=\"async\" class=\"size-full wp-image-36796\" src=\"https:\/\/www.organisator.ch\/wp-content\/uploads\/2025\/03\/von-Rundstedt-alixio_Bild_ps.jpg\" alt=\"\" width=\"680\" height=\"454\" srcset=\"https:\/\/www.organisator.ch\/wp-content\/uploads\/2025\/03\/von-Rundstedt-alixio_Bild_ps.jpg 680w, https:\/\/www.organisator.ch\/wp-content\/uploads\/2025\/03\/von-Rundstedt-alixio_Bild_ps-18x12.jpg 18w, https:\/\/www.organisator.ch\/wp-content\/uploads\/2025\/03\/von-Rundstedt-alixio_Bild_ps-375x250.jpg 375w, https:\/\/www.organisator.ch\/wp-content\/uploads\/2025\/03\/von-Rundstedt-alixio_Bild_ps-524x350.jpg 524w\" sizes=\"auto, (max-width: 680px) 100vw, 680px\" \/><figcaption id=\"caption-attachment-36796\" class=\"wp-caption-text\">Von Rundstedt Switzerland is repositioning itself with Alixio and expanding its offering to include HR consulting, interim management and new placement. (Image: www.depositphotos.com)<\/figcaption><\/figure>\n<p>The Swiss company has set a new course for the future as part of its 10th anniversary celebrations. Dr. Pascal Scheiwiller, CEO of the Swiss von Rundstedt: \"We want to position ourselves more broadly and invest more in new business areas in addition to outplacement\". To this end, von Rundstedt Switzerland has found a new suitable and financially strong partner and investor in the Alixio Group. The German company v. Rundstedt &amp; Partner GmbH has transferred all of its shares to the Alixio Group. Sophia von Rundstedt, CEO of the German company, comments: \"We have fulfilled our mission and have written a success story together with our Swiss colleagues. We are delighted that the Swiss company can now position itself even more broadly and develop further together with the Alixio Group.<\/p>\n<p>The Alixio Group is the leading HR service provider in France. With targeted investments and partners, it aims to become the market leader throughout Europe. Guillaume Allais, Group CEO of Alixio, comments: \"We want to implement our successful model throughout Europe. Switzerland is a key market for Europe. We are delighted to have found the best possible partner for this in von Rundstedt Switzerland\". Pascal Scheiwiller, head of von Rundstedt Switzerland, will also take over the overall management of the Alixio Group in Switzerland. In addition to the von Rundstedt outplacement business, this includes three other business areas.<\/p>\n<p>With the acquisition of the OTP Group, Alixio is taking over an experienced provider of assessment, coaching, new placement and labor market measures. With its own X-PM brand, Alixio is also bringing an internationally established and leading business in the field of interim management to Switzerland. And with Alixio Consulting, various HR consulting services will be provided for companies in the future.<\/p>\n<p>\"This investment is not primarily about growth, but rather about increasing customer benefit. More and more companies are undergoing far-reaching transformation processes. The four areas are highly synergetic and enable us to support our customers in their changes in a much more holistic way,\" says Pascal Scheiwiller.<\/p>\n<p><em>Source: <a href=\"http:\/\/www.rundstedt.ch\">www.rundstedt.ch<\/a><\/em><\/p>","protected":false},"excerpt":{"rendered":"<p>von Rundstedt &amp; Partner Schweiz AG was founded in 2014 to change the outplacement market in Switzerland with innovative, market-oriented solutions. Within just a few years, the company has established itself as a quality and market leader in all parts of the country.<\/p>","protected":false},"author":80,"featured_media":36796,"comment_status":"closed","ping_status":"closed","sticky":false,"template":"","format":"standard","meta":{"_acf_changed":false,"_yoast_wpseo_focuskw":"von Rundstedt Schweiz Alixio","_yoast_wpseo_metadesc":"Von Rundstedt Schweiz stellt sich mit Alixio neu auf und erweitert das Angebot um HR-Consulting, Interim Management und Newplacement.","articlekey":"","footnotes":""},"categories":[28],"tags":[253,277,1888,424,492],"class_list":["post-36795","post","type-post","status-publish","format-standard","has-post-thumbnail","hentry","category-management","tag-hr","tag-interimmanagement","tag-partnerschaft","tag-schweiz","tag-unternehmen"],"acf":[],"yoast_head":"<!-- This site is optimized with the Yoast SEO plugin v27.4 - https:\/\/yoast.com\/product\/yoast-seo-wordpress\/ -->\n<title>Mit Alixio Group zum f\u00fchrenden HR Dienstleister der Schweiz - Organisator<\/title>\n<meta name=\"description\" content=\"Von Rundstedt Schweiz stellt sich mit Alixio neu auf und erweitert das Angebot um HR-Consulting, Interim Management und Newplacement.\" \/>\n<meta name=\"robots\" content=\"index, follow, max-snippet:-1, max-image-preview:large, max-video-preview:-1\" \/>\n<link rel=\"canonical\" href=\"https:\/\/www.organisator.ch\/en\/management\/2025-03-12\/mit-alixio-group-zum-fuehrenden-hr-dienstleister-der-schweiz\/\" \/>\n<meta property=\"og:locale\" content=\"en_US\" \/>\n<meta property=\"og:type\" content=\"article\" \/>\n<meta property=\"og:title\" content=\"Mit Alixio Group zum f\u00fchrenden HR Dienstleister der Schweiz\" \/>\n<meta property=\"og:description\" content=\"Von Rundstedt Schweiz stellt sich mit Alixio neu auf und erweitert das Angebot um HR-Consulting, Interim Management und Newplacement.\" \/>\n<meta property=\"og:url\" content=\"https:\/\/www.organisator.ch\/en\/management\/2025-03-12\/mit-alixio-group-zum-fuehrenden-hr-dienstleister-der-schweiz\/\" \/>\n<meta property=\"og:site_name\" content=\"Organisator\" \/>\n<meta property=\"article:publisher\" content=\"https:\/\/www.facebook.com\/OrganisatorFachmagazin\" \/>\n<meta property=\"article:published_time\" content=\"2025-03-12T08:21:37+00:00\" \/>\n<meta property=\"og:image\" content=\"https:\/\/www.organisator.ch\/wp-content\/uploads\/2025\/03\/von-Rundstedt-alixio_Bild_ps.jpg\" \/>\n\t<meta property=\"og:image:width\" content=\"680\" \/>\n\t<meta property=\"og:image:height\" content=\"454\" \/>\n\t<meta property=\"og:image:type\" content=\"image\/jpeg\" \/>\n<meta name=\"author\" content=\"Dzana Muminovic\" \/>\n<meta name=\"twitter:card\" content=\"summary_large_image\" \/>\n<meta name=\"twitter:title\" content=\"Mit Alixio Group zum f\u00fchrenden HR Dienstleister der Schweiz\" \/>\n<meta name=\"twitter:description\" content=\"Von Rundstedt Schweiz stellt sich mit Alixio neu auf und erweitert das Angebot um HR-Consulting, Interim Management und Newplacement.\" \/>\n<meta name=\"twitter:image\" content=\"https:\/\/www.organisator.ch\/wp-content\/uploads\/2025\/03\/von-Rundstedt-alixio_Bild_ps.jpg\" \/>\n<script type=\"application\/ld+json\" class=\"yoast-schema-graph\">{\"@context\":\"https:\\\/\\\/schema.org\",\"@graph\":[{\"@type\":\"Article\",\"@id\":\"https:\\\/\\\/www.organisator.ch\\\/management\\\/2025-03-12\\\/mit-alixio-group-zum-fuehrenden-hr-dienstleister-der-schweiz\\\/#article\",\"isPartOf\":{\"@id\":\"https:\\\/\\\/www.organisator.ch\\\/management\\\/2025-03-12\\\/mit-alixio-group-zum-fuehrenden-hr-dienstleister-der-schweiz\\\/\"},\"author\":{\"name\":\"Dzana Muminovic\",\"@id\":\"https:\\\/\\\/www.organisator.ch\\\/#\\\/schema\\\/person\\\/afccda3a71c06d4be2ed9100dd163db7\"},\"headline\":\"Mit Alixio Group zum f\u00fchrenden HR Dienstleister der Schweiz\",\"datePublished\":\"2025-03-12T08:21:37+00:00\",\"mainEntityOfPage\":{\"@id\":\"https:\\\/\\\/www.organisator.ch\\\/management\\\/2025-03-12\\\/mit-alixio-group-zum-fuehrenden-hr-dienstleister-der-schweiz\\\/\"},\"wordCount\":374,\"publisher\":{\"@id\":\"https:\\\/\\\/www.organisator.ch\\\/#organization\"},\"image\":{\"@id\":\"https:\\\/\\\/www.organisator.ch\\\/management\\\/2025-03-12\\\/mit-alixio-group-zum-fuehrenden-hr-dienstleister-der-schweiz\\\/#primaryimage\"},\"thumbnailUrl\":\"https:\\\/\\\/www.organisator.ch\\\/wp-content\\\/uploads\\\/2025\\\/03\\\/von-Rundstedt-alixio_Bild_ps.jpg\",\"keywords\":[\"HR\",\"Interimmanagement\",\"Partnerschaft\",\"Schweiz\",\"Unternehmen\"],\"articleSection\":[\"MANAGEMENT\"],\"inLanguage\":\"en-US\"},{\"@type\":\"WebPage\",\"@id\":\"https:\\\/\\\/www.organisator.ch\\\/management\\\/2025-03-12\\\/mit-alixio-group-zum-fuehrenden-hr-dienstleister-der-schweiz\\\/\",\"url\":\"https:\\\/\\\/www.organisator.ch\\\/management\\\/2025-03-12\\\/mit-alixio-group-zum-fuehrenden-hr-dienstleister-der-schweiz\\\/\",\"name\":\"Mit Alixio Group zum f\u00fchrenden HR Dienstleister der Schweiz - Organisator\",\"isPartOf\":{\"@id\":\"https:\\\/\\\/www.organisator.ch\\\/#website\"},\"primaryImageOfPage\":{\"@id\":\"https:\\\/\\\/www.organisator.ch\\\/management\\\/2025-03-12\\\/mit-alixio-group-zum-fuehrenden-hr-dienstleister-der-schweiz\\\/#primaryimage\"},\"image\":{\"@id\":\"https:\\\/\\\/www.organisator.ch\\\/management\\\/2025-03-12\\\/mit-alixio-group-zum-fuehrenden-hr-dienstleister-der-schweiz\\\/#primaryimage\"},\"thumbnailUrl\":\"https:\\\/\\\/www.organisator.ch\\\/wp-content\\\/uploads\\\/2025\\\/03\\\/von-Rundstedt-alixio_Bild_ps.jpg\",\"datePublished\":\"2025-03-12T08:21:37+00:00\",\"description\":\"Von Rundstedt Schweiz stellt sich mit Alixio neu auf und erweitert das Angebot um HR-Consulting, Interim Management und Newplacement.\",\"breadcrumb\":{\"@id\":\"https:\\\/\\\/www.organisator.ch\\\/management\\\/2025-03-12\\\/mit-alixio-group-zum-fuehrenden-hr-dienstleister-der-schweiz\\\/#breadcrumb\"},\"inLanguage\":\"en-US\",\"potentialAction\":[{\"@type\":\"ReadAction\",\"target\":[\"https:\\\/\\\/www.organisator.ch\\\/management\\\/2025-03-12\\\/mit-alixio-group-zum-fuehrenden-hr-dienstleister-der-schweiz\\\/\"]}]},{\"@type\":\"ImageObject\",\"inLanguage\":\"en-US\",\"@id\":\"https:\\\/\\\/www.organisator.ch\\\/management\\\/2025-03-12\\\/mit-alixio-group-zum-fuehrenden-hr-dienstleister-der-schweiz\\\/#primaryimage\",\"url\":\"https:\\\/\\\/www.organisator.ch\\\/wp-content\\\/uploads\\\/2025\\\/03\\\/von-Rundstedt-alixio_Bild_ps.jpg\",\"contentUrl\":\"https:\\\/\\\/www.organisator.ch\\\/wp-content\\\/uploads\\\/2025\\\/03\\\/von-Rundstedt-alixio_Bild_ps.jpg\",\"width\":680,\"height\":454,\"caption\":\"Von Rundstedt Schweiz stellt sich mit Alixio neu auf und erweitert das Angebot um HR-Consulting, Interim Management und Newplacement. (Bild: www.depositphotos.com)\"},{\"@type\":\"BreadcrumbList\",\"@id\":\"https:\\\/\\\/www.organisator.ch\\\/management\\\/2025-03-12\\\/mit-alixio-group-zum-fuehrenden-hr-dienstleister-der-schweiz\\\/#breadcrumb\",\"itemListElement\":[{\"@type\":\"ListItem\",\"position\":1,\"name\":\"Home\",\"item\":\"https:\\\/\\\/www.organisator.ch\\\/\"},{\"@type\":\"ListItem\",\"position\":2,\"name\":\"Mit Alixio Group zum f\u00fchrenden HR Dienstleister der Schweiz\"}]},{\"@type\":\"WebSite\",\"@id\":\"https:\\\/\\\/www.organisator.ch\\\/#website\",\"url\":\"https:\\\/\\\/www.organisator.ch\\\/\",\"name\":\"Organisator\",\"description\":\"Kompetent. Praxisnah. Der ORGANISATOR bereitet in 10 Ausgaben pro Jahr die wesentlichen Themen f\u00fcr F\u00fchrungskr\u00e4fte von KMU auf.\",\"publisher\":{\"@id\":\"https:\\\/\\\/www.organisator.ch\\\/#organization\"},\"potentialAction\":[{\"@type\":\"SearchAction\",\"target\":{\"@type\":\"EntryPoint\",\"urlTemplate\":\"https:\\\/\\\/www.organisator.ch\\\/?s={search_term_string}\"},\"query-input\":{\"@type\":\"PropertyValueSpecification\",\"valueRequired\":true,\"valueName\":\"search_term_string\"}}],\"inLanguage\":\"en-US\"},{\"@type\":\"Organization\",\"@id\":\"https:\\\/\\\/www.organisator.ch\\\/#organization\",\"name\":\"Organisator\",\"url\":\"https:\\\/\\\/www.organisator.ch\\\/\",\"logo\":{\"@type\":\"ImageObject\",\"inLanguage\":\"en-US\",\"@id\":\"https:\\\/\\\/www.organisator.ch\\\/#\\\/schema\\\/logo\\\/image\\\/\",\"url\":\"https:\\\/\\\/www.organisator.ch\\\/wp-content\\\/uploads\\\/2022\\\/01\\\/Logo_Organisator_Website.png\",\"contentUrl\":\"https:\\\/\\\/www.organisator.ch\\\/wp-content\\\/uploads\\\/2022\\\/01\\\/Logo_Organisator_Website.png\",\"width\":800,\"height\":77,\"caption\":\"Organisator\"},\"image\":{\"@id\":\"https:\\\/\\\/www.organisator.ch\\\/#\\\/schema\\\/logo\\\/image\\\/\"},\"sameAs\":[\"https:\\\/\\\/www.facebook.com\\\/OrganisatorFachmagazin\",\"https:\\\/\\\/www.linkedin.com\\\/showcase\\\/organisator-das-magazin-fr-kmu\",\"https:\\\/\\\/www.xing.com\\\/news\\\/pages\\\/organisator-ch-695\",\"https:\\\/\\\/www.youtube.com\\\/channel\\\/UCGP2Sq0iWaZwT3BdIAQFYpw\"]},{\"@type\":\"Person\",\"@id\":\"https:\\\/\\\/www.organisator.ch\\\/#\\\/schema\\\/person\\\/afccda3a71c06d4be2ed9100dd163db7\",\"name\":\"Dzana Muminovic\",\"image\":{\"@type\":\"ImageObject\",\"inLanguage\":\"en-US\",\"@id\":\"https:\\\/\\\/secure.gravatar.com\\\/avatar\\\/909c5c71aff4b38e88686f2ab2f1ba152571f394f41ed8bae431ea56ced93050?s=96&d=mm&r=g\",\"url\":\"https:\\\/\\\/secure.gravatar.com\\\/avatar\\\/909c5c71aff4b38e88686f2ab2f1ba152571f394f41ed8bae431ea56ced93050?s=96&d=mm&r=g\",\"contentUrl\":\"https:\\\/\\\/secure.gravatar.com\\\/avatar\\\/909c5c71aff4b38e88686f2ab2f1ba152571f394f41ed8bae431ea56ced93050?s=96&d=mm&r=g\",\"caption\":\"Dzana Muminovic\"},\"url\":\"https:\\\/\\\/www.organisator.ch\\\/en\\\/author\\\/dzana-muminovic\\\/\"}]}<\/script>\n<!-- \/ Yoast SEO plugin. -->","yoast_head_json":{"title":"With Alixio Group to the leading HR service provider in Switzerland - Organizer","description":"Von Rundstedt Switzerland is repositioning itself with Alixio and expanding its offering to include HR consulting, interim management and new placement.","robots":{"index":"index","follow":"follow","max-snippet":"max-snippet:-1","max-image-preview":"max-image-preview:large","max-video-preview":"max-video-preview:-1"},"canonical":"https:\/\/www.organisator.ch\/en\/management\/2025-03-12\/mit-alixio-group-zum-fuehrenden-hr-dienstleister-der-schweiz\/","og_locale":"en_US","og_type":"article","og_title":"Mit Alixio Group zum f\u00fchrenden HR Dienstleister der Schweiz","og_description":"Von Rundstedt Schweiz stellt sich mit Alixio neu auf und erweitert das Angebot um HR-Consulting, Interim Management und Newplacement.","og_url":"https:\/\/www.organisator.ch\/en\/management\/2025-03-12\/mit-alixio-group-zum-fuehrenden-hr-dienstleister-der-schweiz\/","og_site_name":"Organisator","article_publisher":"https:\/\/www.facebook.com\/OrganisatorFachmagazin","article_published_time":"2025-03-12T08:21:37+00:00","og_image":[{"width":680,"height":454,"url":"https:\/\/www.organisator.ch\/wp-content\/uploads\/2025\/03\/von-Rundstedt-alixio_Bild_ps.jpg","type":"image\/jpeg"}],"author":"Dzana Muminovic","twitter_card":"summary_large_image","twitter_title":"Mit Alixio Group zum f\u00fchrenden HR Dienstleister der Schweiz","twitter_description":"Von Rundstedt Schweiz stellt sich mit Alixio neu auf und erweitert das Angebot um HR-Consulting, Interim Management und Newplacement.","twitter_image":"https:\/\/www.organisator.ch\/wp-content\/uploads\/2025\/03\/von-Rundstedt-alixio_Bild_ps.jpg","schema":{"@context":"https:\/\/schema.org","@graph":[{"@type":"Article","@id":"https:\/\/www.organisator.ch\/management\/2025-03-12\/mit-alixio-group-zum-fuehrenden-hr-dienstleister-der-schweiz\/#article","isPartOf":{"@id":"https:\/\/www.organisator.ch\/management\/2025-03-12\/mit-alixio-group-zum-fuehrenden-hr-dienstleister-der-schweiz\/"},"author":{"name":"Dzana Muminovic","@id":"https:\/\/www.organisator.ch\/#\/schema\/person\/afccda3a71c06d4be2ed9100dd163db7"},"headline":"Mit Alixio Group zum f\u00fchrenden HR Dienstleister der Schweiz","datePublished":"2025-03-12T08:21:37+00:00","mainEntityOfPage":{"@id":"https:\/\/www.organisator.ch\/management\/2025-03-12\/mit-alixio-group-zum-fuehrenden-hr-dienstleister-der-schweiz\/"},"wordCount":374,"publisher":{"@id":"https:\/\/www.organisator.ch\/#organization"},"image":{"@id":"https:\/\/www.organisator.ch\/management\/2025-03-12\/mit-alixio-group-zum-fuehrenden-hr-dienstleister-der-schweiz\/#primaryimage"},"thumbnailUrl":"https:\/\/www.organisator.ch\/wp-content\/uploads\/2025\/03\/von-Rundstedt-alixio_Bild_ps.jpg","keywords":["HR","Interimmanagement","Partnerschaft","Schweiz","Unternehmen"],"articleSection":["MANAGEMENT"],"inLanguage":"en-US"},{"@type":"WebPage","@id":"https:\/\/www.organisator.ch\/management\/2025-03-12\/mit-alixio-group-zum-fuehrenden-hr-dienstleister-der-schweiz\/","url":"https:\/\/www.organisator.ch\/management\/2025-03-12\/mit-alixio-group-zum-fuehrenden-hr-dienstleister-der-schweiz\/","name":"With Alixio Group to the leading HR service provider in Switzerland - Organizer","isPartOf":{"@id":"https:\/\/www.organisator.ch\/#website"},"primaryImageOfPage":{"@id":"https:\/\/www.organisator.ch\/management\/2025-03-12\/mit-alixio-group-zum-fuehrenden-hr-dienstleister-der-schweiz\/#primaryimage"},"image":{"@id":"https:\/\/www.organisator.ch\/management\/2025-03-12\/mit-alixio-group-zum-fuehrenden-hr-dienstleister-der-schweiz\/#primaryimage"},"thumbnailUrl":"https:\/\/www.organisator.ch\/wp-content\/uploads\/2025\/03\/von-Rundstedt-alixio_Bild_ps.jpg","datePublished":"2025-03-12T08:21:37+00:00","description":"Von Rundstedt Switzerland is repositioning itself with Alixio and expanding its offering to include HR consulting, interim management and new placement.","breadcrumb":{"@id":"https:\/\/www.organisator.ch\/management\/2025-03-12\/mit-alixio-group-zum-fuehrenden-hr-dienstleister-der-schweiz\/#breadcrumb"},"inLanguage":"en-US","potentialAction":[{"@type":"ReadAction","target":["https:\/\/www.organisator.ch\/management\/2025-03-12\/mit-alixio-group-zum-fuehrenden-hr-dienstleister-der-schweiz\/"]}]},{"@type":"ImageObject","inLanguage":"en-US","@id":"https:\/\/www.organisator.ch\/management\/2025-03-12\/mit-alixio-group-zum-fuehrenden-hr-dienstleister-der-schweiz\/#primaryimage","url":"https:\/\/www.organisator.ch\/wp-content\/uploads\/2025\/03\/von-Rundstedt-alixio_Bild_ps.jpg","contentUrl":"https:\/\/www.organisator.ch\/wp-content\/uploads\/2025\/03\/von-Rundstedt-alixio_Bild_ps.jpg","width":680,"height":454,"caption":"Von Rundstedt Schweiz stellt sich mit Alixio neu auf und erweitert das Angebot um HR-Consulting, Interim Management und Newplacement. (Bild: www.depositphotos.com)"},{"@type":"BreadcrumbList","@id":"https:\/\/www.organisator.ch\/management\/2025-03-12\/mit-alixio-group-zum-fuehrenden-hr-dienstleister-der-schweiz\/#breadcrumb","itemListElement":[{"@type":"ListItem","position":1,"name":"Home","item":"https:\/\/www.organisator.ch\/"},{"@type":"ListItem","position":2,"name":"Mit Alixio Group zum f\u00fchrenden HR Dienstleister der Schweiz"}]},{"@type":"WebSite","@id":"https:\/\/www.organisator.ch\/#website","url":"https:\/\/www.organisator.ch\/","name":"Organizer","description":"Competent. Practical. In 10 issues per year, ORGANISATOR presents the essential topics for managers of SMEs.","publisher":{"@id":"https:\/\/www.organisator.ch\/#organization"},"potentialAction":[{"@type":"SearchAction","target":{"@type":"EntryPoint","urlTemplate":"https:\/\/www.organisator.ch\/?s={search_term_string}"},"query-input":{"@type":"PropertyValueSpecification","valueRequired":true,"valueName":"search_term_string"}}],"inLanguage":"en-US"},{"@type":"Organization","@id":"https:\/\/www.organisator.ch\/#organization","name":"Organizer","url":"https:\/\/www.organisator.ch\/","logo":{"@type":"ImageObject","inLanguage":"en-US","@id":"https:\/\/www.organisator.ch\/#\/schema\/logo\/image\/","url":"https:\/\/www.organisator.ch\/wp-content\/uploads\/2022\/01\/Logo_Organisator_Website.png","contentUrl":"https:\/\/www.organisator.ch\/wp-content\/uploads\/2022\/01\/Logo_Organisator_Website.png","width":800,"height":77,"caption":"Organisator"},"image":{"@id":"https:\/\/www.organisator.ch\/#\/schema\/logo\/image\/"},"sameAs":["https:\/\/www.facebook.com\/OrganisatorFachmagazin","https:\/\/www.linkedin.com\/showcase\/organisator-das-magazin-fr-kmu","https:\/\/www.xing.com\/news\/pages\/organisator-ch-695","https:\/\/www.youtube.com\/channel\/UCGP2Sq0iWaZwT3BdIAQFYpw"]},{"@type":"Person","@id":"https:\/\/www.organisator.ch\/#\/schema\/person\/afccda3a71c06d4be2ed9100dd163db7","name":"Dzana Muminovic","image":{"@type":"ImageObject","inLanguage":"en-US","@id":"https:\/\/secure.gravatar.com\/avatar\/909c5c71aff4b38e88686f2ab2f1ba152571f394f41ed8bae431ea56ced93050?s=96&d=mm&r=g","url":"https:\/\/secure.gravatar.com\/avatar\/909c5c71aff4b38e88686f2ab2f1ba152571f394f41ed8bae431ea56ced93050?s=96&d=mm&r=g","contentUrl":"https:\/\/secure.gravatar.com\/avatar\/909c5c71aff4b38e88686f2ab2f1ba152571f394f41ed8bae431ea56ced93050?s=96&d=mm&r=g","caption":"Dzana Muminovic"},"url":"https:\/\/www.organisator.ch\/en\/author\/dzana-muminovic\/"}]}},"_links":{"self":[{"href":"https:\/\/www.organisator.ch\/en\/wp-json\/wp\/v2\/posts\/36795","targetHints":{"allow":["GET"]}}],"collection":[{"href":"https:\/\/www.organisator.ch\/en\/wp-json\/wp\/v2\/posts"}],"about":[{"href":"https:\/\/www.organisator.ch\/en\/wp-json\/wp\/v2\/types\/post"}],"author":[{"embeddable":true,"href":"https:\/\/www.organisator.ch\/en\/wp-json\/wp\/v2\/users\/80"}],"replies":[{"embeddable":true,"href":"https:\/\/www.organisator.ch\/en\/wp-json\/wp\/v2\/comments?post=36795"}],"version-history":[{"count":5,"href":"https:\/\/www.organisator.ch\/en\/wp-json\/wp\/v2\/posts\/36795\/revisions"}],"predecessor-version":[{"id":36881,"href":"https:\/\/www.organisator.ch\/en\/wp-json\/wp\/v2\/posts\/36795\/revisions\/36881"}],"wp:featuredmedia":[{"embeddable":true,"href":"https:\/\/www.organisator.ch\/en\/wp-json\/wp\/v2\/media\/36796"}],"wp:attachment":[{"href":"https:\/\/www.organisator.ch\/en\/wp-json\/wp\/v2\/media?parent=36795"}],"wp:term":[{"taxonomy":"category","embeddable":true,"href":"https:\/\/www.organisator.ch\/en\/wp-json\/wp\/v2\/categories?post=36795"},{"taxonomy":"post_tag","embeddable":true,"href":"https:\/\/www.organisator.ch\/en\/wp-json\/wp\/v2\/tags?post=36795"}],"curies":[{"name":"wp","href":"https:\/\/api.w.org\/{rel}","templated":true}]}}