{"id":3686,"date":"2021-01-15T15:14:27","date_gmt":"2021-01-15T14:14:27","guid":{"rendered":"https:\/\/www.umweltperspektiven.ch\/?p=3686"},"modified":"2022-02-09T11:06:47","modified_gmt":"2022-02-09T10:06:47","slug":"nachhaltigkeitsvorbild-2021-gesucht","status":"publish","type":"post","link":"https:\/\/www.organisator.ch\/en\/sustainability\/2021-01-15\/nachhaltigkeitsvorbild-2021-gesucht\/","title":{"rendered":"Sustainability role model sought in 2021"},"content":{"rendered":"<figure id=\"attachment_3687\" aria-describedby=\"caption-attachment-3687\" style=\"width: 680px\" class=\"wp-caption aligncenter\"><img loading=\"lazy\" decoding=\"async\" class=\"size-medium wp-image-3687\" src=\"\/\/www.umweltperspektiven.ch\/wp-content\/uploads\/2021\/01\/CO2CompensationCampaign.jpg\" alt=\"\" width=\"680\" height=\"434\" \/><figcaption id=\"caption-attachment-3687\" class=\"wp-caption-text\">Photo: zVg<\/figcaption><\/figure>\n<p>\"While it's good to produce less CO2 emissions, of course it's always better to not produce any in the first place! That's why we will regularly ask our sustainability role model about everyday life, share progress on our social media channels and write articles to help the sustainability role model as well as the Yova community reduce their own carbon footprint each month,\" explains Katinka Oppeck, Communication and Content Manager at Yova.<\/p>\n<p><strong>CO2 compensation projects<\/strong><\/p>\n<p>But there are also situations in life whose generated emissions cannot be completely reduced. In order to compensate for these values, there are now numerous ways to financially offset the CO2 emissions caused by car trips or air travel. For example, at the organization MyClimate.ch, you can choose which CO2 offsetting project you want to use. In this way, you not only help the environment, but also, for example, women in Kenya, who thereby receive efficient stoves for their community.<\/p>\n<p>Participants can apply by January 25, 2021* at this <a href=\"\/\/yova-investing.typeform.com\/to\/JNuAafxI\">Link<\/a> apply.<\/p>\n<p>Thanks to the CO2 calculator from <a href=\"\/\/www.myclimate.org\/\">MyClimate.ch<\/a> the carbon footprint of the participants is tracked and at the end of the year 2021 the amount for the own compensation is calculated. These costs are covered by Yova.<\/p>\n<p><strong>\u00a0<\/strong><em>* The closing date is January 25, 2021. The competition is open to all residents of Switzerland with a minimum age of 18 years. Participation confirms the transfer of all intellectual property rights to Yova, more specifically copyrights, photos, video footage and the like, created in the context of the planned collaboration within the period of one year (2021). Yova is authorized to use and publish the carbon offset content created during the year on social media, the Yova website, and generally on the Internet. The selection of the Yova sustainability role model is the sole responsibility of Yova. The company will offset the CO2 emissions of an entire year up to a maximum of 20 tons, equivalent to 600 Swiss francs, based on the calculator of myclimate. The legal process is excluded.<\/em><\/p>\n<p>&nbsp;<\/p>","protected":false},"excerpt":{"rendered":"<p>\u00abW\u00e4hrend es gut ist, weniger CO2-Emissionen zu produzieren, ist es nat\u00fcrlich immer besser, erst gar keine entstehen zu lassen! Darum werden wir unser Nachhaltigkeitsvorbild regelm\u00e4ssig nach dem Alltag befragen, den Fortschritt auf unseren Social-Media-Kan\u00e4len teilen und Artikel schreiben, um so dem Nachhaltigkeitsvorbild sowie der Yova Community dabei zu helfen, den eigenen CO2-Fussabdruck jeden Monat zu [&hellip;]<\/p>\n","protected":false},"author":6,"featured_media":9754,"comment_status":"closed","ping_status":"closed","sticky":false,"template":"","format":"standard","meta":{"_acf_changed":false,"_yoast_wpseo_focuskw":"Nachhaltigkeitsvorbild","_yoast_wpseo_metadesc":"Reduktion der CO2-Emissionen: \u00abImpact Investment\u00bb-Plattform Yova sucht mit einem Wettbewerb das Schweizer Nachhaltigkeitsvorbild 2021.","articlekey":"","footnotes":""},"categories":[580],"tags":[1748,1793,522,2589],"class_list":["post-3686","post","type-post","status-publish","format-standard","has-post-thumbnail","hentry","category-sustainability","tag-myclilmate","tag-nachhaltigkeitsvorbild","tag-wettbewerb","tag-yova"],"acf":[],"yoast_head":"<!-- This site is optimized with the Yoast SEO plugin v27.5 - https:\/\/yoast.com\/product\/yoast-seo-wordpress\/ -->\n<title>Nachhaltigkeitsvorbild 2021 gesucht - Organisator<\/title>\n<meta name=\"description\" content=\"Reduktion der CO2-Emissionen: \u00abImpact Investment\u00bb-Plattform Yova sucht mit einem Wettbewerb das Schweizer Nachhaltigkeitsvorbild 2021.\" \/>\n<meta name=\"robots\" content=\"index, follow, max-snippet:-1, max-image-preview:large, max-video-preview:-1\" \/>\n<link rel=\"canonical\" href=\"https:\/\/www.organisator.ch\/en\/sustainability\/2021-01-15\/nachhaltigkeitsvorbild-2021-gesucht\/\" \/>\n<meta property=\"og:locale\" content=\"en_US\" \/>\n<meta property=\"og:type\" content=\"article\" \/>\n<meta property=\"og:title\" content=\"Nachhaltigkeitsvorbild 2021 gesucht - Organisator\" \/>\n<meta property=\"og:description\" content=\"Reduktion der CO2-Emissionen: \u00abImpact Investment\u00bb-Plattform Yova sucht mit einem Wettbewerb das Schweizer Nachhaltigkeitsvorbild 2021.\" \/>\n<meta property=\"og:url\" content=\"https:\/\/www.organisator.ch\/en\/sustainability\/2021-01-15\/nachhaltigkeitsvorbild-2021-gesucht\/\" \/>\n<meta property=\"og:site_name\" content=\"Organisator\" \/>\n<meta property=\"article:publisher\" content=\"https:\/\/www.facebook.com\/OrganisatorFachmagazin\" \/>\n<meta property=\"article:published_time\" content=\"2021-01-15T14:14:27+00:00\" \/>\n<meta property=\"article:modified_time\" content=\"2022-02-09T10:06:47+00:00\" \/>\n<meta property=\"og:image\" content=\"https:\/\/www.organisator.ch\/wp-content\/uploads\/2021\/01\/CO2CompensationCampaign.jpg\" \/>\n\t<meta property=\"og:image:width\" content=\"2000\" \/>\n\t<meta property=\"og:image:height\" content=\"1277\" \/>\n\t<meta property=\"og:image:type\" content=\"image\/jpeg\" \/>\n<meta name=\"author\" content=\"roger.straessle\" \/>\n<meta name=\"twitter:card\" content=\"summary_large_image\" \/>\n<script type=\"application\/ld+json\" class=\"yoast-schema-graph\">{\"@context\":\"https:\\\/\\\/schema.org\",\"@graph\":[{\"@type\":\"Article\",\"@id\":\"https:\\\/\\\/www.organisator.ch\\\/sustainability\\\/2021-01-15\\\/nachhaltigkeitsvorbild-2021-gesucht\\\/#article\",\"isPartOf\":{\"@id\":\"https:\\\/\\\/www.organisator.ch\\\/sustainability\\\/2021-01-15\\\/nachhaltigkeitsvorbild-2021-gesucht\\\/\"},\"author\":{\"name\":\"roger.straessle\",\"@id\":\"https:\\\/\\\/www.organisator.ch\\\/#\\\/schema\\\/person\\\/a800b8c54e208b160517a7dcc323161d\"},\"headline\":\"Nachhaltigkeitsvorbild 2021 gesucht\",\"datePublished\":\"2021-01-15T14:14:27+00:00\",\"dateModified\":\"2022-02-09T10:06:47+00:00\",\"mainEntityOfPage\":{\"@id\":\"https:\\\/\\\/www.organisator.ch\\\/sustainability\\\/2021-01-15\\\/nachhaltigkeitsvorbild-2021-gesucht\\\/\"},\"wordCount\":325,\"publisher\":{\"@id\":\"https:\\\/\\\/www.organisator.ch\\\/#organization\"},\"image\":{\"@id\":\"https:\\\/\\\/www.organisator.ch\\\/sustainability\\\/2021-01-15\\\/nachhaltigkeitsvorbild-2021-gesucht\\\/#primaryimage\"},\"thumbnailUrl\":\"https:\\\/\\\/www.organisator.ch\\\/wp-content\\\/uploads\\\/2021\\\/01\\\/CO2CompensationCampaign.jpg\",\"keywords\":[\"MyClilmate\",\"Nachhaltigkeitsvorbild\",\"Wettbewerb\",\"Yova\"],\"articleSection\":[\"SUSTAINABILITY\"],\"inLanguage\":\"en-US\"},{\"@type\":\"WebPage\",\"@id\":\"https:\\\/\\\/www.organisator.ch\\\/sustainability\\\/2021-01-15\\\/nachhaltigkeitsvorbild-2021-gesucht\\\/\",\"url\":\"https:\\\/\\\/www.organisator.ch\\\/sustainability\\\/2021-01-15\\\/nachhaltigkeitsvorbild-2021-gesucht\\\/\",\"name\":\"Nachhaltigkeitsvorbild 2021 gesucht - Organisator\",\"isPartOf\":{\"@id\":\"https:\\\/\\\/www.organisator.ch\\\/#website\"},\"primaryImageOfPage\":{\"@id\":\"https:\\\/\\\/www.organisator.ch\\\/sustainability\\\/2021-01-15\\\/nachhaltigkeitsvorbild-2021-gesucht\\\/#primaryimage\"},\"image\":{\"@id\":\"https:\\\/\\\/www.organisator.ch\\\/sustainability\\\/2021-01-15\\\/nachhaltigkeitsvorbild-2021-gesucht\\\/#primaryimage\"},\"thumbnailUrl\":\"https:\\\/\\\/www.organisator.ch\\\/wp-content\\\/uploads\\\/2021\\\/01\\\/CO2CompensationCampaign.jpg\",\"datePublished\":\"2021-01-15T14:14:27+00:00\",\"dateModified\":\"2022-02-09T10:06:47+00:00\",\"description\":\"Reduktion der CO2-Emissionen: \u00abImpact Investment\u00bb-Plattform Yova sucht mit einem Wettbewerb das Schweizer Nachhaltigkeitsvorbild 2021.\",\"breadcrumb\":{\"@id\":\"https:\\\/\\\/www.organisator.ch\\\/sustainability\\\/2021-01-15\\\/nachhaltigkeitsvorbild-2021-gesucht\\\/#breadcrumb\"},\"inLanguage\":\"en-US\",\"potentialAction\":[{\"@type\":\"ReadAction\",\"target\":[\"https:\\\/\\\/www.organisator.ch\\\/sustainability\\\/2021-01-15\\\/nachhaltigkeitsvorbild-2021-gesucht\\\/\"]}]},{\"@type\":\"ImageObject\",\"inLanguage\":\"en-US\",\"@id\":\"https:\\\/\\\/www.organisator.ch\\\/sustainability\\\/2021-01-15\\\/nachhaltigkeitsvorbild-2021-gesucht\\\/#primaryimage\",\"url\":\"https:\\\/\\\/www.organisator.ch\\\/wp-content\\\/uploads\\\/2021\\\/01\\\/CO2CompensationCampaign.jpg\",\"contentUrl\":\"https:\\\/\\\/www.organisator.ch\\\/wp-content\\\/uploads\\\/2021\\\/01\\\/CO2CompensationCampaign.jpg\",\"width\":2000,\"height\":1277,\"caption\":\"Foto: zVg\"},{\"@type\":\"BreadcrumbList\",\"@id\":\"https:\\\/\\\/www.organisator.ch\\\/sustainability\\\/2021-01-15\\\/nachhaltigkeitsvorbild-2021-gesucht\\\/#breadcrumb\",\"itemListElement\":[{\"@type\":\"ListItem\",\"position\":1,\"name\":\"Home\",\"item\":\"https:\\\/\\\/www.organisator.ch\\\/\"},{\"@type\":\"ListItem\",\"position\":2,\"name\":\"Nachhaltigkeitsvorbild 2021 gesucht\"}]},{\"@type\":\"WebSite\",\"@id\":\"https:\\\/\\\/www.organisator.ch\\\/#website\",\"url\":\"https:\\\/\\\/www.organisator.ch\\\/\",\"name\":\"Organisator\",\"description\":\"Kompetent. Praxisnah. Der ORGANISATOR bereitet in 10 Ausgaben pro Jahr die wesentlichen Themen f\u00fcr F\u00fchrungskr\u00e4fte von KMU auf.\",\"publisher\":{\"@id\":\"https:\\\/\\\/www.organisator.ch\\\/#organization\"},\"potentialAction\":[{\"@type\":\"SearchAction\",\"target\":{\"@type\":\"EntryPoint\",\"urlTemplate\":\"https:\\\/\\\/www.organisator.ch\\\/?s={search_term_string}\"},\"query-input\":{\"@type\":\"PropertyValueSpecification\",\"valueRequired\":true,\"valueName\":\"search_term_string\"}}],\"inLanguage\":\"en-US\"},{\"@type\":\"Organization\",\"@id\":\"https:\\\/\\\/www.organisator.ch\\\/#organization\",\"name\":\"Organisator\",\"url\":\"https:\\\/\\\/www.organisator.ch\\\/\",\"logo\":{\"@type\":\"ImageObject\",\"inLanguage\":\"en-US\",\"@id\":\"https:\\\/\\\/www.organisator.ch\\\/#\\\/schema\\\/logo\\\/image\\\/\",\"url\":\"https:\\\/\\\/www.organisator.ch\\\/wp-content\\\/uploads\\\/2022\\\/01\\\/Logo_Organisator_Website.png\",\"contentUrl\":\"https:\\\/\\\/www.organisator.ch\\\/wp-content\\\/uploads\\\/2022\\\/01\\\/Logo_Organisator_Website.png\",\"width\":800,\"height\":77,\"caption\":\"Organisator\"},\"image\":{\"@id\":\"https:\\\/\\\/www.organisator.ch\\\/#\\\/schema\\\/logo\\\/image\\\/\"},\"sameAs\":[\"https:\\\/\\\/www.facebook.com\\\/OrganisatorFachmagazin\",\"https:\\\/\\\/www.linkedin.com\\\/showcase\\\/organisator-das-magazin-fr-kmu\",\"https:\\\/\\\/www.xing.com\\\/news\\\/pages\\\/organisator-ch-695\",\"https:\\\/\\\/www.youtube.com\\\/channel\\\/UCGP2Sq0iWaZwT3BdIAQFYpw\"]},{\"@type\":\"Person\",\"@id\":\"https:\\\/\\\/www.organisator.ch\\\/#\\\/schema\\\/person\\\/a800b8c54e208b160517a7dcc323161d\",\"name\":\"roger.straessle\",\"image\":{\"@type\":\"ImageObject\",\"inLanguage\":\"en-US\",\"@id\":\"https:\\\/\\\/secure.gravatar.com\\\/avatar\\\/?s=96&d=mm&r=g\",\"url\":\"https:\\\/\\\/secure.gravatar.com\\\/avatar\\\/?s=96&d=mm&r=g\",\"contentUrl\":\"https:\\\/\\\/secure.gravatar.com\\\/avatar\\\/?s=96&d=mm&r=g\",\"caption\":\"roger.straessle\"},\"url\":\"https:\\\/\\\/www.organisator.ch\\\/en\\\/author\\\/roger-straessle\\\/\"}]}<\/script>\n<!-- \/ Yoast SEO plugin. -->","yoast_head_json":{"title":"Sustainability role model 2021 wanted - organizer","description":"Reduction of CO2 emissions: \"Impact Investment\" platform Yova is looking for the Swiss sustainability role model 2021 with a competition.","robots":{"index":"index","follow":"follow","max-snippet":"max-snippet:-1","max-image-preview":"max-image-preview:large","max-video-preview":"max-video-preview:-1"},"canonical":"https:\/\/www.organisator.ch\/en\/sustainability\/2021-01-15\/nachhaltigkeitsvorbild-2021-gesucht\/","og_locale":"en_US","og_type":"article","og_title":"Nachhaltigkeitsvorbild 2021 gesucht - Organisator","og_description":"Reduktion der CO2-Emissionen: \u00abImpact Investment\u00bb-Plattform Yova sucht mit einem Wettbewerb das Schweizer Nachhaltigkeitsvorbild 2021.","og_url":"https:\/\/www.organisator.ch\/en\/sustainability\/2021-01-15\/nachhaltigkeitsvorbild-2021-gesucht\/","og_site_name":"Organisator","article_publisher":"https:\/\/www.facebook.com\/OrganisatorFachmagazin","article_published_time":"2021-01-15T14:14:27+00:00","article_modified_time":"2022-02-09T10:06:47+00:00","og_image":[{"width":2000,"height":1277,"url":"https:\/\/www.organisator.ch\/wp-content\/uploads\/2021\/01\/CO2CompensationCampaign.jpg","type":"image\/jpeg"}],"author":"roger.straessle","twitter_card":"summary_large_image","schema":{"@context":"https:\/\/schema.org","@graph":[{"@type":"Article","@id":"https:\/\/www.organisator.ch\/sustainability\/2021-01-15\/nachhaltigkeitsvorbild-2021-gesucht\/#article","isPartOf":{"@id":"https:\/\/www.organisator.ch\/sustainability\/2021-01-15\/nachhaltigkeitsvorbild-2021-gesucht\/"},"author":{"name":"roger.straessle","@id":"https:\/\/www.organisator.ch\/#\/schema\/person\/a800b8c54e208b160517a7dcc323161d"},"headline":"Nachhaltigkeitsvorbild 2021 gesucht","datePublished":"2021-01-15T14:14:27+00:00","dateModified":"2022-02-09T10:06:47+00:00","mainEntityOfPage":{"@id":"https:\/\/www.organisator.ch\/sustainability\/2021-01-15\/nachhaltigkeitsvorbild-2021-gesucht\/"},"wordCount":325,"publisher":{"@id":"https:\/\/www.organisator.ch\/#organization"},"image":{"@id":"https:\/\/www.organisator.ch\/sustainability\/2021-01-15\/nachhaltigkeitsvorbild-2021-gesucht\/#primaryimage"},"thumbnailUrl":"https:\/\/www.organisator.ch\/wp-content\/uploads\/2021\/01\/CO2CompensationCampaign.jpg","keywords":["MyClilmate","Nachhaltigkeitsvorbild","Wettbewerb","Yova"],"articleSection":["SUSTAINABILITY"],"inLanguage":"en-US"},{"@type":"WebPage","@id":"https:\/\/www.organisator.ch\/sustainability\/2021-01-15\/nachhaltigkeitsvorbild-2021-gesucht\/","url":"https:\/\/www.organisator.ch\/sustainability\/2021-01-15\/nachhaltigkeitsvorbild-2021-gesucht\/","name":"Sustainability role model 2021 wanted - organizer","isPartOf":{"@id":"https:\/\/www.organisator.ch\/#website"},"primaryImageOfPage":{"@id":"https:\/\/www.organisator.ch\/sustainability\/2021-01-15\/nachhaltigkeitsvorbild-2021-gesucht\/#primaryimage"},"image":{"@id":"https:\/\/www.organisator.ch\/sustainability\/2021-01-15\/nachhaltigkeitsvorbild-2021-gesucht\/#primaryimage"},"thumbnailUrl":"https:\/\/www.organisator.ch\/wp-content\/uploads\/2021\/01\/CO2CompensationCampaign.jpg","datePublished":"2021-01-15T14:14:27+00:00","dateModified":"2022-02-09T10:06:47+00:00","description":"Reduction of CO2 emissions: \"Impact Investment\" platform Yova is looking for the Swiss sustainability role model 2021 with a competition.","breadcrumb":{"@id":"https:\/\/www.organisator.ch\/sustainability\/2021-01-15\/nachhaltigkeitsvorbild-2021-gesucht\/#breadcrumb"},"inLanguage":"en-US","potentialAction":[{"@type":"ReadAction","target":["https:\/\/www.organisator.ch\/sustainability\/2021-01-15\/nachhaltigkeitsvorbild-2021-gesucht\/"]}]},{"@type":"ImageObject","inLanguage":"en-US","@id":"https:\/\/www.organisator.ch\/sustainability\/2021-01-15\/nachhaltigkeitsvorbild-2021-gesucht\/#primaryimage","url":"https:\/\/www.organisator.ch\/wp-content\/uploads\/2021\/01\/CO2CompensationCampaign.jpg","contentUrl":"https:\/\/www.organisator.ch\/wp-content\/uploads\/2021\/01\/CO2CompensationCampaign.jpg","width":2000,"height":1277,"caption":"Foto: zVg"},{"@type":"BreadcrumbList","@id":"https:\/\/www.organisator.ch\/sustainability\/2021-01-15\/nachhaltigkeitsvorbild-2021-gesucht\/#breadcrumb","itemListElement":[{"@type":"ListItem","position":1,"name":"Home","item":"https:\/\/www.organisator.ch\/"},{"@type":"ListItem","position":2,"name":"Nachhaltigkeitsvorbild 2021 gesucht"}]},{"@type":"WebSite","@id":"https:\/\/www.organisator.ch\/#website","url":"https:\/\/www.organisator.ch\/","name":"Organizer","description":"Competent. Practical. In 10 issues per year, ORGANISATOR presents the essential topics for managers of SMEs.","publisher":{"@id":"https:\/\/www.organisator.ch\/#organization"},"potentialAction":[{"@type":"SearchAction","target":{"@type":"EntryPoint","urlTemplate":"https:\/\/www.organisator.ch\/?s={search_term_string}"},"query-input":{"@type":"PropertyValueSpecification","valueRequired":true,"valueName":"search_term_string"}}],"inLanguage":"en-US"},{"@type":"Organization","@id":"https:\/\/www.organisator.ch\/#organization","name":"Organizer","url":"https:\/\/www.organisator.ch\/","logo":{"@type":"ImageObject","inLanguage":"en-US","@id":"https:\/\/www.organisator.ch\/#\/schema\/logo\/image\/","url":"https:\/\/www.organisator.ch\/wp-content\/uploads\/2022\/01\/Logo_Organisator_Website.png","contentUrl":"https:\/\/www.organisator.ch\/wp-content\/uploads\/2022\/01\/Logo_Organisator_Website.png","width":800,"height":77,"caption":"Organisator"},"image":{"@id":"https:\/\/www.organisator.ch\/#\/schema\/logo\/image\/"},"sameAs":["https:\/\/www.facebook.com\/OrganisatorFachmagazin","https:\/\/www.linkedin.com\/showcase\/organisator-das-magazin-fr-kmu","https:\/\/www.xing.com\/news\/pages\/organisator-ch-695","https:\/\/www.youtube.com\/channel\/UCGP2Sq0iWaZwT3BdIAQFYpw"]},{"@type":"Person","@id":"https:\/\/www.organisator.ch\/#\/schema\/person\/a800b8c54e208b160517a7dcc323161d","name":"roger.straessle","image":{"@type":"ImageObject","inLanguage":"en-US","@id":"https:\/\/secure.gravatar.com\/avatar\/?s=96&d=mm&r=g","url":"https:\/\/secure.gravatar.com\/avatar\/?s=96&d=mm&r=g","contentUrl":"https:\/\/secure.gravatar.com\/avatar\/?s=96&d=mm&r=g","caption":"roger.straessle"},"url":"https:\/\/www.organisator.ch\/en\/author\/roger-straessle\/"}]}},"_links":{"self":[{"href":"https:\/\/www.organisator.ch\/en\/wp-json\/wp\/v2\/posts\/3686","targetHints":{"allow":["GET"]}}],"collection":[{"href":"https:\/\/www.organisator.ch\/en\/wp-json\/wp\/v2\/posts"}],"about":[{"href":"https:\/\/www.organisator.ch\/en\/wp-json\/wp\/v2\/types\/post"}],"author":[{"embeddable":true,"href":"https:\/\/www.organisator.ch\/en\/wp-json\/wp\/v2\/users\/6"}],"replies":[{"embeddable":true,"href":"https:\/\/www.organisator.ch\/en\/wp-json\/wp\/v2\/comments?post=3686"}],"version-history":[{"count":1,"href":"https:\/\/www.organisator.ch\/en\/wp-json\/wp\/v2\/posts\/3686\/revisions"}],"predecessor-version":[{"id":10659,"href":"https:\/\/www.organisator.ch\/en\/wp-json\/wp\/v2\/posts\/3686\/revisions\/10659"}],"wp:featuredmedia":[{"embeddable":true,"href":"https:\/\/www.organisator.ch\/en\/wp-json\/wp\/v2\/media\/9754"}],"wp:attachment":[{"href":"https:\/\/www.organisator.ch\/en\/wp-json\/wp\/v2\/media?parent=3686"}],"wp:term":[{"taxonomy":"category","embeddable":true,"href":"https:\/\/www.organisator.ch\/en\/wp-json\/wp\/v2\/categories?post=3686"},{"taxonomy":"post_tag","embeddable":true,"href":"https:\/\/www.organisator.ch\/en\/wp-json\/wp\/v2\/tags?post=3686"}],"curies":[{"name":"wp","href":"https:\/\/api.w.org\/{rel}","templated":true}]}}