{"id":36870,"date":"2025-03-13T15:08:38","date_gmt":"2025-03-13T14:08:38","guid":{"rendered":"https:\/\/www.markt-kom.com\/?p=231839"},"modified":"2025-03-13T15:30:55","modified_gmt":"2025-03-13T14:30:55","slug":"hwz-andrea-bison-wird-co-studiengangsleiterin-des-cas-marketing-communications","status":"publish","type":"post","link":"https:\/\/www.organisator.ch\/en\/marketing\/2025-03-13\/hwz-andrea-bison-wird-co-studiengangsleiterin-des-cas-marketing-communications\/","title":{"rendered":"HWZ: Andrea Bison becomes co-director of the CAS Marketing Communications program"},"content":{"rendered":"<figure id=\"attachment_231840\" class=\"wp-caption aligncenter\" style=\"width: 1200px;\" aria-describedby=\"caption-attachment-231840\"><a href=\"https:\/\/www.markt-kom.com\/wp-content\/uploads\/2025\/03\/Stefan-Vogler-Andrea-Bison-Studiengangsleitung-CAS-Marketing-Communications.jpg\"><img class=\"wp-image-231840 size-full\" src=\"https:\/\/www.markt-kom.com\/wp-content\/uploads\/2025\/03\/Stefan-Vogler-Andrea-Bison-Studiengangsleitung-CAS-Marketing-Communications.jpg\" sizes=\"(max-width: 1200px) 100vw, 1200px\" srcset=\"https:\/\/www.markt-kom.com\/wp-content\/uploads\/2025\/03\/Stefan-Vogler-Andrea-Bison-Studiengangsleitung-CAS-Marketing-Communications.jpg 1200w, https:\/\/www.markt-kom.com\/wp-content\/uploads\/2025\/03\/Stefan-Vogler-Andrea-Bison-Studiengangsleitung-CAS-Marketing-Communications-600x450.jpg 600w, https:\/\/www.markt-kom.com\/wp-content\/uploads\/2025\/03\/Stefan-Vogler-Andrea-Bison-Studiengangsleitung-CAS-Marketing-Communications-1024x768.jpg 1024w, https:\/\/www.markt-kom.com\/wp-content\/uploads\/2025\/03\/Stefan-Vogler-Andrea-Bison-Studiengangsleitung-CAS-Marketing-Communications-768x576.jpg 768w, https:\/\/www.markt-kom.com\/wp-content\/uploads\/2025\/03\/Stefan-Vogler-Andrea-Bison-Studiengangsleitung-CAS-Marketing-Communications-16x12.jpg 16w, https:\/\/www.markt-kom.com\/wp-content\/uploads\/2025\/03\/Stefan-Vogler-Andrea-Bison-Studiengangsleitung-CAS-Marketing-Communications-233x175.jpg 233w, https:\/\/www.markt-kom.com\/wp-content\/uploads\/2025\/03\/Stefan-Vogler-Andrea-Bison-Studiengangsleitung-CAS-Marketing-Communications-467x350.jpg 467w, https:\/\/www.markt-kom.com\/wp-content\/uploads\/2025\/03\/Stefan-Vogler-Andrea-Bison-Studiengangsleitung-CAS-Marketing-Communications-1000x750.jpg 1000w\" alt=\"\" width=\"1200\" height=\"900\" \/><\/a>\r\n<figcaption id=\"caption-attachment-231840\" class=\"wp-caption-text\">(Image: zVg.)<\/figcaption>\r\n<\/figure>\r\n<p>Andrea Bison, Co-Founder and Co-CEO of the agency Thjnk, \"Advertiser of the Year\" 2024 and ADC Board Member, is the new head of the enhanced CAS Marketing Communications at the HWZ Zurich University of Applied Sciences together with long-time course director Stefan Vogler. \"Our tasks and requirements in the field of marketing communications today are so demanding and varied that we need highly trained people who are familiar with all subject areas in order to achieve excellent results,\" says Andrea Bison about her commitment.<\/p>\r\n<h3><strong>Promarca becomes new patronage partner<\/strong><\/h3>\r\n<p>In addition to established patronage partners such as Igem, Leading Swiss Agencies, Marcom Suisse, SWA, Swiss Marketing and the Swiss Media Publishers Association VSM, Promarca is now also supporting the course. Barbara Castegnaro, Managing Director of the Swiss Branded Goods Association, emphasizes the importance of further education: \"Effective brand communication is constantly presenting the MarCom community with new challenges and is constantly setting higher standards. To really stand out here, continuous training is essential.\"<\/p>\r\n<p>The CAS is aimed at marketing and communication professionals from companies, SMEs, start-ups, NGOs and NPOs as well as consultants from agencies and the self-employed. In the MarKom field of tension of the 4M - people, brands, markets, media - as well as technology (GenAI), the practice-oriented further education imparts the relevant skills for the future. The <a href=\"https:\/\/fh-hwz.ch\/bildungsangebot\/weiterbildung\/cas-das\/cas-marketing-communications-hwz\" rel=\"noopener\">Next implementation starts in September<\/a>.<\/p>","protected":false},"excerpt":{"rendered":"<p>Thjnk co-founder and \"Advertiser of the Year\" 2024 Andrea Bison takes over as co-director of the enhanced CAS Marketing Communications. Together with long-time director Stefan Vogler, she will lead the practice-oriented continuing education program into a new era.<\/p>","protected":false},"author":8,"featured_media":0,"comment_status":"closed","ping_status":"closed","sticky":false,"template":"","format":"standard","meta":{"_acf_changed":false,"_yoast_wpseo_focuskw":"CAS Marketing Communications","_yoast_wpseo_metadesc":"Andrea Bison \u00fcbernimmt die Co-Leitung des CAS Marketing Communications an der HWZ. Praxisnahe Weiterbildung f\u00fcr die Zukunft!","articlekey":"","footnotes":""},"categories":[29],"tags":[5184,1382,4343,518,4922,5183],"class_list":["post-36870","post","type-post","status-publish","format-standard","hentry","category-marketing","tag-andrea-bison","tag-hwz","tag-markom","tag-weiterbildung","tag-werberin-des-jahres","tag-worklife"],"acf":[],"yoast_head":"<!-- This site is optimized with the Yoast SEO plugin v27.5 - https:\/\/yoast.com\/product\/yoast-seo-wordpress\/ -->\n<title>HWZ: Andrea Bison wird Co-Studiengangsleiterin des CAS Marketing Communications - Organisator<\/title>\n<meta name=\"description\" content=\"Andrea Bison \u00fcbernimmt die Co-Leitung des CAS Marketing Communications an der HWZ. Praxisnahe Weiterbildung f\u00fcr die Zukunft!\" \/>\n<meta name=\"robots\" content=\"index, follow, max-snippet:-1, max-image-preview:large, max-video-preview:-1\" \/>\n<link rel=\"canonical\" href=\"https:\/\/www.organisator.ch\/en\/marketing\/2025-03-13\/hwz-andrea-bison-wird-co-studiengangsleiterin-des-cas-marketing-communications\/\" \/>\n<meta property=\"og:locale\" content=\"en_US\" \/>\n<meta property=\"og:type\" content=\"article\" \/>\n<meta property=\"og:title\" content=\"HWZ: Andrea Bison wird Co-Studiengangsleiterin des CAS Marketing Communications - Organisator\" \/>\n<meta property=\"og:description\" content=\"Andrea Bison \u00fcbernimmt die Co-Leitung des CAS Marketing Communications an der HWZ. Praxisnahe Weiterbildung f\u00fcr die Zukunft!\" \/>\n<meta property=\"og:url\" content=\"https:\/\/www.organisator.ch\/en\/marketing\/2025-03-13\/hwz-andrea-bison-wird-co-studiengangsleiterin-des-cas-marketing-communications\/\" \/>\n<meta property=\"og:site_name\" content=\"Organisator\" \/>\n<meta property=\"article:publisher\" content=\"https:\/\/www.facebook.com\/OrganisatorFachmagazin\" \/>\n<meta property=\"article:published_time\" content=\"2025-03-13T14:08:38+00:00\" \/>\n<meta property=\"article:modified_time\" content=\"2025-03-13T14:30:55+00:00\" \/>\n<meta name=\"author\" content=\"galledia\" \/>\n<meta name=\"twitter:card\" content=\"summary_large_image\" \/>\n<meta name=\"twitter:creator\" content=\"@admin\" \/>\n<script type=\"application\/ld+json\" class=\"yoast-schema-graph\">{\"@context\":\"https:\\\/\\\/schema.org\",\"@graph\":[{\"@type\":\"Article\",\"@id\":\"https:\\\/\\\/www.organisator.ch\\\/marketing\\\/2025-03-13\\\/hwz-andrea-bison-wird-co-studiengangsleiterin-des-cas-marketing-communications\\\/#article\",\"isPartOf\":{\"@id\":\"https:\\\/\\\/www.organisator.ch\\\/marketing\\\/2025-03-13\\\/hwz-andrea-bison-wird-co-studiengangsleiterin-des-cas-marketing-communications\\\/\"},\"author\":{\"name\":\"galledia\",\"@id\":\"https:\\\/\\\/www.organisator.ch\\\/#\\\/schema\\\/person\\\/4e51799071cd2dd1232ac003643ef5f0\"},\"headline\":\"HWZ: Andrea Bison wird Co-Studiengangsleiterin des CAS Marketing Communications\",\"datePublished\":\"2025-03-13T14:08:38+00:00\",\"dateModified\":\"2025-03-13T14:30:55+00:00\",\"mainEntityOfPage\":{\"@id\":\"https:\\\/\\\/www.organisator.ch\\\/marketing\\\/2025-03-13\\\/hwz-andrea-bison-wird-co-studiengangsleiterin-des-cas-marketing-communications\\\/\"},\"wordCount\":210,\"publisher\":{\"@id\":\"https:\\\/\\\/www.organisator.ch\\\/#organization\"},\"image\":{\"@id\":\"https:\\\/\\\/www.organisator.ch\\\/marketing\\\/2025-03-13\\\/hwz-andrea-bison-wird-co-studiengangsleiterin-des-cas-marketing-communications\\\/#primaryimage\"},\"thumbnailUrl\":\"https:\\\/\\\/www.markt-kom.com\\\/wp-content\\\/uploads\\\/2025\\\/03\\\/Stefan-Vogler-Andrea-Bison-Studiengangsleitung-CAS-Marketing-Communications.jpg\",\"keywords\":[\"Andrea Bison\",\"HWZ\",\"MarKom\",\"Weiterbildung\",\"Werber:in des Jahres\",\"Work&amp;Life\"],\"articleSection\":[\"MARKETING\"],\"inLanguage\":\"en-US\"},{\"@type\":\"WebPage\",\"@id\":\"https:\\\/\\\/www.organisator.ch\\\/marketing\\\/2025-03-13\\\/hwz-andrea-bison-wird-co-studiengangsleiterin-des-cas-marketing-communications\\\/\",\"url\":\"https:\\\/\\\/www.organisator.ch\\\/marketing\\\/2025-03-13\\\/hwz-andrea-bison-wird-co-studiengangsleiterin-des-cas-marketing-communications\\\/\",\"name\":\"HWZ: Andrea Bison wird Co-Studiengangsleiterin des CAS Marketing Communications - Organisator\",\"isPartOf\":{\"@id\":\"https:\\\/\\\/www.organisator.ch\\\/#website\"},\"primaryImageOfPage\":{\"@id\":\"https:\\\/\\\/www.organisator.ch\\\/marketing\\\/2025-03-13\\\/hwz-andrea-bison-wird-co-studiengangsleiterin-des-cas-marketing-communications\\\/#primaryimage\"},\"image\":{\"@id\":\"https:\\\/\\\/www.organisator.ch\\\/marketing\\\/2025-03-13\\\/hwz-andrea-bison-wird-co-studiengangsleiterin-des-cas-marketing-communications\\\/#primaryimage\"},\"thumbnailUrl\":\"https:\\\/\\\/www.markt-kom.com\\\/wp-content\\\/uploads\\\/2025\\\/03\\\/Stefan-Vogler-Andrea-Bison-Studiengangsleitung-CAS-Marketing-Communications.jpg\",\"datePublished\":\"2025-03-13T14:08:38+00:00\",\"dateModified\":\"2025-03-13T14:30:55+00:00\",\"description\":\"Andrea Bison \u00fcbernimmt die Co-Leitung des CAS Marketing Communications an der HWZ. Praxisnahe Weiterbildung f\u00fcr die Zukunft!\",\"breadcrumb\":{\"@id\":\"https:\\\/\\\/www.organisator.ch\\\/marketing\\\/2025-03-13\\\/hwz-andrea-bison-wird-co-studiengangsleiterin-des-cas-marketing-communications\\\/#breadcrumb\"},\"inLanguage\":\"en-US\",\"potentialAction\":[{\"@type\":\"ReadAction\",\"target\":[\"https:\\\/\\\/www.organisator.ch\\\/marketing\\\/2025-03-13\\\/hwz-andrea-bison-wird-co-studiengangsleiterin-des-cas-marketing-communications\\\/\"]}]},{\"@type\":\"ImageObject\",\"inLanguage\":\"en-US\",\"@id\":\"https:\\\/\\\/www.organisator.ch\\\/marketing\\\/2025-03-13\\\/hwz-andrea-bison-wird-co-studiengangsleiterin-des-cas-marketing-communications\\\/#primaryimage\",\"url\":\"https:\\\/\\\/www.markt-kom.com\\\/wp-content\\\/uploads\\\/2025\\\/03\\\/Stefan-Vogler-Andrea-Bison-Studiengangsleitung-CAS-Marketing-Communications.jpg\",\"contentUrl\":\"https:\\\/\\\/www.markt-kom.com\\\/wp-content\\\/uploads\\\/2025\\\/03\\\/Stefan-Vogler-Andrea-Bison-Studiengangsleitung-CAS-Marketing-Communications.jpg\"},{\"@type\":\"BreadcrumbList\",\"@id\":\"https:\\\/\\\/www.organisator.ch\\\/marketing\\\/2025-03-13\\\/hwz-andrea-bison-wird-co-studiengangsleiterin-des-cas-marketing-communications\\\/#breadcrumb\",\"itemListElement\":[{\"@type\":\"ListItem\",\"position\":1,\"name\":\"Home\",\"item\":\"https:\\\/\\\/www.organisator.ch\\\/\"},{\"@type\":\"ListItem\",\"position\":2,\"name\":\"HWZ: Andrea Bison wird Co-Studiengangsleiterin des CAS Marketing Communications\"}]},{\"@type\":\"WebSite\",\"@id\":\"https:\\\/\\\/www.organisator.ch\\\/#website\",\"url\":\"https:\\\/\\\/www.organisator.ch\\\/\",\"name\":\"Organisator\",\"description\":\"Kompetent. Praxisnah. Der ORGANISATOR bereitet in 10 Ausgaben pro Jahr die wesentlichen Themen f\u00fcr F\u00fchrungskr\u00e4fte von KMU auf.\",\"publisher\":{\"@id\":\"https:\\\/\\\/www.organisator.ch\\\/#organization\"},\"potentialAction\":[{\"@type\":\"SearchAction\",\"target\":{\"@type\":\"EntryPoint\",\"urlTemplate\":\"https:\\\/\\\/www.organisator.ch\\\/?s={search_term_string}\"},\"query-input\":{\"@type\":\"PropertyValueSpecification\",\"valueRequired\":true,\"valueName\":\"search_term_string\"}}],\"inLanguage\":\"en-US\"},{\"@type\":\"Organization\",\"@id\":\"https:\\\/\\\/www.organisator.ch\\\/#organization\",\"name\":\"Organisator\",\"url\":\"https:\\\/\\\/www.organisator.ch\\\/\",\"logo\":{\"@type\":\"ImageObject\",\"inLanguage\":\"en-US\",\"@id\":\"https:\\\/\\\/www.organisator.ch\\\/#\\\/schema\\\/logo\\\/image\\\/\",\"url\":\"https:\\\/\\\/www.organisator.ch\\\/wp-content\\\/uploads\\\/2022\\\/01\\\/Logo_Organisator_Website.png\",\"contentUrl\":\"https:\\\/\\\/www.organisator.ch\\\/wp-content\\\/uploads\\\/2022\\\/01\\\/Logo_Organisator_Website.png\",\"width\":800,\"height\":77,\"caption\":\"Organisator\"},\"image\":{\"@id\":\"https:\\\/\\\/www.organisator.ch\\\/#\\\/schema\\\/logo\\\/image\\\/\"},\"sameAs\":[\"https:\\\/\\\/www.facebook.com\\\/OrganisatorFachmagazin\",\"https:\\\/\\\/www.linkedin.com\\\/showcase\\\/organisator-das-magazin-fr-kmu\",\"https:\\\/\\\/www.xing.com\\\/news\\\/pages\\\/organisator-ch-695\",\"https:\\\/\\\/www.youtube.com\\\/channel\\\/UCGP2Sq0iWaZwT3BdIAQFYpw\"]},{\"@type\":\"Person\",\"@id\":\"https:\\\/\\\/www.organisator.ch\\\/#\\\/schema\\\/person\\\/4e51799071cd2dd1232ac003643ef5f0\",\"name\":\"galledia\",\"image\":{\"@type\":\"ImageObject\",\"inLanguage\":\"en-US\",\"@id\":\"https:\\\/\\\/secure.gravatar.com\\\/avatar\\\/78a7f90c01fc2bfc875782a0d4922b37cde2cf184ce347b91316d23cd7f69a36?s=96&d=mm&r=g\",\"url\":\"https:\\\/\\\/secure.gravatar.com\\\/avatar\\\/78a7f90c01fc2bfc875782a0d4922b37cde2cf184ce347b91316d23cd7f69a36?s=96&d=mm&r=g\",\"contentUrl\":\"https:\\\/\\\/secure.gravatar.com\\\/avatar\\\/78a7f90c01fc2bfc875782a0d4922b37cde2cf184ce347b91316d23cd7f69a36?s=96&d=mm&r=g\",\"caption\":\"galledia\"},\"sameAs\":[\"https:\\\/\\\/x.com\\\/admin\"],\"url\":\"https:\\\/\\\/www.organisator.ch\\\/en\\\/author\\\/galledia\\\/\"}]}<\/script>\n<!-- \/ Yoast SEO plugin. -->","yoast_head_json":{"title":"HWZ: Andrea Bison becomes co-director of the CAS Marketing Communications - Organizer","description":"Andrea Bison takes over as co-head of the CAS Marketing Communications at the HWZ. Practical training for the future!","robots":{"index":"index","follow":"follow","max-snippet":"max-snippet:-1","max-image-preview":"max-image-preview:large","max-video-preview":"max-video-preview:-1"},"canonical":"https:\/\/www.organisator.ch\/en\/marketing\/2025-03-13\/hwz-andrea-bison-wird-co-studiengangsleiterin-des-cas-marketing-communications\/","og_locale":"en_US","og_type":"article","og_title":"HWZ: Andrea Bison wird Co-Studiengangsleiterin des CAS Marketing Communications - Organisator","og_description":"Andrea Bison \u00fcbernimmt die Co-Leitung des CAS Marketing Communications an der HWZ. Praxisnahe Weiterbildung f\u00fcr die Zukunft!","og_url":"https:\/\/www.organisator.ch\/en\/marketing\/2025-03-13\/hwz-andrea-bison-wird-co-studiengangsleiterin-des-cas-marketing-communications\/","og_site_name":"Organisator","article_publisher":"https:\/\/www.facebook.com\/OrganisatorFachmagazin","article_published_time":"2025-03-13T14:08:38+00:00","article_modified_time":"2025-03-13T14:30:55+00:00","author":"galledia","twitter_card":"summary_large_image","twitter_creator":"@admin","schema":{"@context":"https:\/\/schema.org","@graph":[{"@type":"Article","@id":"https:\/\/www.organisator.ch\/marketing\/2025-03-13\/hwz-andrea-bison-wird-co-studiengangsleiterin-des-cas-marketing-communications\/#article","isPartOf":{"@id":"https:\/\/www.organisator.ch\/marketing\/2025-03-13\/hwz-andrea-bison-wird-co-studiengangsleiterin-des-cas-marketing-communications\/"},"author":{"name":"galledia","@id":"https:\/\/www.organisator.ch\/#\/schema\/person\/4e51799071cd2dd1232ac003643ef5f0"},"headline":"HWZ: Andrea Bison wird Co-Studiengangsleiterin des CAS Marketing Communications","datePublished":"2025-03-13T14:08:38+00:00","dateModified":"2025-03-13T14:30:55+00:00","mainEntityOfPage":{"@id":"https:\/\/www.organisator.ch\/marketing\/2025-03-13\/hwz-andrea-bison-wird-co-studiengangsleiterin-des-cas-marketing-communications\/"},"wordCount":210,"publisher":{"@id":"https:\/\/www.organisator.ch\/#organization"},"image":{"@id":"https:\/\/www.organisator.ch\/marketing\/2025-03-13\/hwz-andrea-bison-wird-co-studiengangsleiterin-des-cas-marketing-communications\/#primaryimage"},"thumbnailUrl":"https:\/\/www.markt-kom.com\/wp-content\/uploads\/2025\/03\/Stefan-Vogler-Andrea-Bison-Studiengangsleitung-CAS-Marketing-Communications.jpg","keywords":["Andrea Bison","HWZ","MarKom","Weiterbildung","Werber:in des Jahres","Work&amp;Life"],"articleSection":["MARKETING"],"inLanguage":"en-US"},{"@type":"WebPage","@id":"https:\/\/www.organisator.ch\/marketing\/2025-03-13\/hwz-andrea-bison-wird-co-studiengangsleiterin-des-cas-marketing-communications\/","url":"https:\/\/www.organisator.ch\/marketing\/2025-03-13\/hwz-andrea-bison-wird-co-studiengangsleiterin-des-cas-marketing-communications\/","name":"HWZ: Andrea Bison becomes co-director of the CAS Marketing Communications - Organizer","isPartOf":{"@id":"https:\/\/www.organisator.ch\/#website"},"primaryImageOfPage":{"@id":"https:\/\/www.organisator.ch\/marketing\/2025-03-13\/hwz-andrea-bison-wird-co-studiengangsleiterin-des-cas-marketing-communications\/#primaryimage"},"image":{"@id":"https:\/\/www.organisator.ch\/marketing\/2025-03-13\/hwz-andrea-bison-wird-co-studiengangsleiterin-des-cas-marketing-communications\/#primaryimage"},"thumbnailUrl":"https:\/\/www.markt-kom.com\/wp-content\/uploads\/2025\/03\/Stefan-Vogler-Andrea-Bison-Studiengangsleitung-CAS-Marketing-Communications.jpg","datePublished":"2025-03-13T14:08:38+00:00","dateModified":"2025-03-13T14:30:55+00:00","description":"Andrea Bison takes over as co-head of the CAS Marketing Communications at the HWZ. Practical training for the future!","breadcrumb":{"@id":"https:\/\/www.organisator.ch\/marketing\/2025-03-13\/hwz-andrea-bison-wird-co-studiengangsleiterin-des-cas-marketing-communications\/#breadcrumb"},"inLanguage":"en-US","potentialAction":[{"@type":"ReadAction","target":["https:\/\/www.organisator.ch\/marketing\/2025-03-13\/hwz-andrea-bison-wird-co-studiengangsleiterin-des-cas-marketing-communications\/"]}]},{"@type":"ImageObject","inLanguage":"en-US","@id":"https:\/\/www.organisator.ch\/marketing\/2025-03-13\/hwz-andrea-bison-wird-co-studiengangsleiterin-des-cas-marketing-communications\/#primaryimage","url":"https:\/\/www.markt-kom.com\/wp-content\/uploads\/2025\/03\/Stefan-Vogler-Andrea-Bison-Studiengangsleitung-CAS-Marketing-Communications.jpg","contentUrl":"https:\/\/www.markt-kom.com\/wp-content\/uploads\/2025\/03\/Stefan-Vogler-Andrea-Bison-Studiengangsleitung-CAS-Marketing-Communications.jpg"},{"@type":"BreadcrumbList","@id":"https:\/\/www.organisator.ch\/marketing\/2025-03-13\/hwz-andrea-bison-wird-co-studiengangsleiterin-des-cas-marketing-communications\/#breadcrumb","itemListElement":[{"@type":"ListItem","position":1,"name":"Home","item":"https:\/\/www.organisator.ch\/"},{"@type":"ListItem","position":2,"name":"HWZ: Andrea Bison wird Co-Studiengangsleiterin des CAS Marketing Communications"}]},{"@type":"WebSite","@id":"https:\/\/www.organisator.ch\/#website","url":"https:\/\/www.organisator.ch\/","name":"Organizer","description":"Competent. Practical. In 10 issues per year, ORGANISATOR presents the essential topics for managers of SMEs.","publisher":{"@id":"https:\/\/www.organisator.ch\/#organization"},"potentialAction":[{"@type":"SearchAction","target":{"@type":"EntryPoint","urlTemplate":"https:\/\/www.organisator.ch\/?s={search_term_string}"},"query-input":{"@type":"PropertyValueSpecification","valueRequired":true,"valueName":"search_term_string"}}],"inLanguage":"en-US"},{"@type":"Organization","@id":"https:\/\/www.organisator.ch\/#organization","name":"Organizer","url":"https:\/\/www.organisator.ch\/","logo":{"@type":"ImageObject","inLanguage":"en-US","@id":"https:\/\/www.organisator.ch\/#\/schema\/logo\/image\/","url":"https:\/\/www.organisator.ch\/wp-content\/uploads\/2022\/01\/Logo_Organisator_Website.png","contentUrl":"https:\/\/www.organisator.ch\/wp-content\/uploads\/2022\/01\/Logo_Organisator_Website.png","width":800,"height":77,"caption":"Organisator"},"image":{"@id":"https:\/\/www.organisator.ch\/#\/schema\/logo\/image\/"},"sameAs":["https:\/\/www.facebook.com\/OrganisatorFachmagazin","https:\/\/www.linkedin.com\/showcase\/organisator-das-magazin-fr-kmu","https:\/\/www.xing.com\/news\/pages\/organisator-ch-695","https:\/\/www.youtube.com\/channel\/UCGP2Sq0iWaZwT3BdIAQFYpw"]},{"@type":"Person","@id":"https:\/\/www.organisator.ch\/#\/schema\/person\/4e51799071cd2dd1232ac003643ef5f0","name":"galledia","image":{"@type":"ImageObject","inLanguage":"en-US","@id":"https:\/\/secure.gravatar.com\/avatar\/78a7f90c01fc2bfc875782a0d4922b37cde2cf184ce347b91316d23cd7f69a36?s=96&d=mm&r=g","url":"https:\/\/secure.gravatar.com\/avatar\/78a7f90c01fc2bfc875782a0d4922b37cde2cf184ce347b91316d23cd7f69a36?s=96&d=mm&r=g","contentUrl":"https:\/\/secure.gravatar.com\/avatar\/78a7f90c01fc2bfc875782a0d4922b37cde2cf184ce347b91316d23cd7f69a36?s=96&d=mm&r=g","caption":"galledia"},"sameAs":["https:\/\/x.com\/admin"],"url":"https:\/\/www.organisator.ch\/en\/author\/galledia\/"}]}},"_links":{"self":[{"href":"https:\/\/www.organisator.ch\/en\/wp-json\/wp\/v2\/posts\/36870","targetHints":{"allow":["GET"]}}],"collection":[{"href":"https:\/\/www.organisator.ch\/en\/wp-json\/wp\/v2\/posts"}],"about":[{"href":"https:\/\/www.organisator.ch\/en\/wp-json\/wp\/v2\/types\/post"}],"author":[{"embeddable":true,"href":"https:\/\/www.organisator.ch\/en\/wp-json\/wp\/v2\/users\/8"}],"replies":[{"embeddable":true,"href":"https:\/\/www.organisator.ch\/en\/wp-json\/wp\/v2\/comments?post=36870"}],"version-history":[{"count":5,"href":"https:\/\/www.organisator.ch\/en\/wp-json\/wp\/v2\/posts\/36870\/revisions"}],"predecessor-version":[{"id":36873,"href":"https:\/\/www.organisator.ch\/en\/wp-json\/wp\/v2\/posts\/36870\/revisions\/36873"}],"wp:attachment":[{"href":"https:\/\/www.organisator.ch\/en\/wp-json\/wp\/v2\/media?parent=36870"}],"wp:term":[{"taxonomy":"category","embeddable":true,"href":"https:\/\/www.organisator.ch\/en\/wp-json\/wp\/v2\/categories?post=36870"},{"taxonomy":"post_tag","embeddable":true,"href":"https:\/\/www.organisator.ch\/en\/wp-json\/wp\/v2\/tags?post=36870"}],"curies":[{"name":"wp","href":"https:\/\/api.w.org\/{rel}","templated":true}]}}