{"id":36979,"date":"2025-03-18T13:36:49","date_gmt":"2025-03-18T12:36:49","guid":{"rendered":"https:\/\/www.markt-kom.com\/?p=232045"},"modified":"2025-03-18T12:54:31","modified_gmt":"2025-03-18T11:54:31","slug":"ursula-noetzli-wird-partnerin-bei-hirzel-neef-schmid-konsulenten","status":"publish","type":"post","link":"https:\/\/www.organisator.ch\/en\/marketing\/2025-03-18\/ursula-noetzli-wird-partnerin-bei-hirzel-neef-schmid-konsulenten\/","title":{"rendered":"Ursula N\u00f6tzli becomes a partner at Hirzel.Neef.Schmid.Konsulenten"},"content":{"rendered":"<p><a href=\"https:\/\/www.markt-kom.com\/wp-content\/uploads\/2021\/02\/2021-01\/Noetzli_Ursula.jpg\"><img class=\"aligncenter size-full wp-image-126881\" src=\"https:\/\/www.markt-kom.com\/wp-content\/uploads\/2021\/02\/2021-01\/Noetzli_Ursula.jpg\" alt=\"TX Group\" \/><\/a><\/p>\r\n<p>Hirzel.Neef.Schmid.Konsulenten has gained an experienced communications strategist in Ursula N\u00f6tzli as a new partner. The long-standing Head of Communications at TX Group will take up her new role on September 1, 2025 and will focus on positioning leaders and supporting companies during transformation phases. She will also bring her expertise in financial communications, capital market transactions and ESG reporting to the communications consultancy.<\/p>\r\n<p>N\u00f6tzli, who announced her departure from the TX Group at the end of last year, had been Chief Communications &amp; Sustainability Officer there since 2021 and a member of Group Management since 2022. She was responsible for corporate communications, investor relations and the media group's sustainability strategy. During her time in office, she oversaw the founding of the SMG Swiss Marketplace Group joint venture and the acquisition of Clear Channel Switzerland, among other things.<\/p>\r\n<p>N\u00f6tzli began her professional career as a business and stock market editor at the <em>NZZ<\/em> and the <em>Finance and economy<\/em>. She later headed up communications at ABB Switzerland and was Director of Communications and Strategy at Credit Suisse. With a doctorate in economics from the University of St. Gallen, she also completed the Advanced Management Program (AMP) at the MIT Sloan School of Management.<\/p>\r\n<p>Her move to strategic consulting is a logical continuation of her previous career. At Hirzel.Neef.Schmid.Konsulenten, she will advise companies and their managers on strategic and communication issues - particularly in challenging market phases and transformation processes.<\/p>","protected":false},"excerpt":{"rendered":"<p>Ursula N\u00f6tzli will become a partner at the communications consultancy Hirzel.Neef.Schmid.Konsulenten from September 2025. Her focus will be on the strategic positioning of leaders and financial market communications - topics that have shaped her career to date.<\/p>","protected":false},"author":8,"featured_media":0,"comment_status":"closed","ping_status":"closed","sticky":false,"template":"","format":"standard","meta":{"_acf_changed":false,"_yoast_wpseo_focuskw":"Ursula N\u00f6tzli Hirzel.Neef.Schmid.Konsulenten","_yoast_wpseo_metadesc":"Ursula N\u00f6tzli wird ab September 2025 Partnerin bei Hirzel.Neef.Schmid.Konsulenten. Ihr Fokus: Strategie, Finanzkommunikation & ESG.","articlekey":"","footnotes":""},"categories":[29],"tags":[4345,5210,2853],"class_list":["post-36979","post","type-post","status-publish","format-standard","hentry","category-marketing","tag-business","tag-hirzel-neef-schmid-konsulenten","tag-jobchange"],"acf":[],"yoast_head":"<!-- This site is optimized with the Yoast SEO plugin v27.5 - https:\/\/yoast.com\/product\/yoast-seo-wordpress\/ -->\n<title>Ursula N\u00f6tzli wird Partnerin bei Hirzel.Neef.Schmid.Konsulenten - Organisator<\/title>\n<meta name=\"description\" content=\"Ursula N\u00f6tzli wird ab September 2025 Partnerin bei Hirzel.Neef.Schmid.Konsulenten. Ihr Fokus: Strategie, Finanzkommunikation &amp; ESG.\" \/>\n<meta name=\"robots\" content=\"index, follow, max-snippet:-1, max-image-preview:large, max-video-preview:-1\" \/>\n<link rel=\"canonical\" href=\"https:\/\/www.organisator.ch\/en\/marketing\/2025-03-18\/ursula-noetzli-wird-partnerin-bei-hirzel-neef-schmid-konsulenten\/\" \/>\n<meta property=\"og:locale\" content=\"en_US\" \/>\n<meta property=\"og:type\" content=\"article\" \/>\n<meta property=\"og:title\" content=\"Ursula N\u00f6tzli wird Partnerin bei Hirzel.Neef.Schmid.Konsulenten - Organisator\" \/>\n<meta property=\"og:description\" content=\"Ursula N\u00f6tzli wird ab September 2025 Partnerin bei Hirzel.Neef.Schmid.Konsulenten. Ihr Fokus: Strategie, Finanzkommunikation &amp; ESG.\" \/>\n<meta property=\"og:url\" content=\"https:\/\/www.organisator.ch\/en\/marketing\/2025-03-18\/ursula-noetzli-wird-partnerin-bei-hirzel-neef-schmid-konsulenten\/\" \/>\n<meta property=\"og:site_name\" content=\"Organisator\" \/>\n<meta property=\"article:publisher\" content=\"https:\/\/www.facebook.com\/OrganisatorFachmagazin\" \/>\n<meta property=\"article:published_time\" content=\"2025-03-18T12:36:49+00:00\" \/>\n<meta name=\"author\" content=\"galledia\" \/>\n<meta name=\"twitter:card\" content=\"summary_large_image\" \/>\n<meta name=\"twitter:creator\" content=\"@admin\" \/>\n<script type=\"application\/ld+json\" class=\"yoast-schema-graph\">{\"@context\":\"https:\\\/\\\/schema.org\",\"@graph\":[{\"@type\":\"Article\",\"@id\":\"https:\\\/\\\/www.organisator.ch\\\/marketing\\\/2025-03-18\\\/ursula-noetzli-wird-partnerin-bei-hirzel-neef-schmid-konsulenten\\\/#article\",\"isPartOf\":{\"@id\":\"https:\\\/\\\/www.organisator.ch\\\/marketing\\\/2025-03-18\\\/ursula-noetzli-wird-partnerin-bei-hirzel-neef-schmid-konsulenten\\\/\"},\"author\":{\"name\":\"galledia\",\"@id\":\"https:\\\/\\\/www.organisator.ch\\\/#\\\/schema\\\/person\\\/4e51799071cd2dd1232ac003643ef5f0\"},\"headline\":\"Ursula N\u00f6tzli wird Partnerin bei Hirzel.Neef.Schmid.Konsulenten\",\"datePublished\":\"2025-03-18T12:36:49+00:00\",\"mainEntityOfPage\":{\"@id\":\"https:\\\/\\\/www.organisator.ch\\\/marketing\\\/2025-03-18\\\/ursula-noetzli-wird-partnerin-bei-hirzel-neef-schmid-konsulenten\\\/\"},\"wordCount\":240,\"publisher\":{\"@id\":\"https:\\\/\\\/www.organisator.ch\\\/#organization\"},\"image\":{\"@id\":\"https:\\\/\\\/www.organisator.ch\\\/marketing\\\/2025-03-18\\\/ursula-noetzli-wird-partnerin-bei-hirzel-neef-schmid-konsulenten\\\/#primaryimage\"},\"thumbnailUrl\":\"https:\\\/\\\/www.markt-kom.com\\\/wp-content\\\/uploads\\\/2021\\\/02\\\/2021-01\\\/Noetzli_Ursula.jpg\",\"keywords\":[\"Business\",\"Hirzel.Neef.Schmid.Konsulenten\",\"Jobchange\"],\"articleSection\":[\"MARKETING\"],\"inLanguage\":\"en-US\"},{\"@type\":\"WebPage\",\"@id\":\"https:\\\/\\\/www.organisator.ch\\\/marketing\\\/2025-03-18\\\/ursula-noetzli-wird-partnerin-bei-hirzel-neef-schmid-konsulenten\\\/\",\"url\":\"https:\\\/\\\/www.organisator.ch\\\/marketing\\\/2025-03-18\\\/ursula-noetzli-wird-partnerin-bei-hirzel-neef-schmid-konsulenten\\\/\",\"name\":\"Ursula N\u00f6tzli wird Partnerin bei Hirzel.Neef.Schmid.Konsulenten - Organisator\",\"isPartOf\":{\"@id\":\"https:\\\/\\\/www.organisator.ch\\\/#website\"},\"primaryImageOfPage\":{\"@id\":\"https:\\\/\\\/www.organisator.ch\\\/marketing\\\/2025-03-18\\\/ursula-noetzli-wird-partnerin-bei-hirzel-neef-schmid-konsulenten\\\/#primaryimage\"},\"image\":{\"@id\":\"https:\\\/\\\/www.organisator.ch\\\/marketing\\\/2025-03-18\\\/ursula-noetzli-wird-partnerin-bei-hirzel-neef-schmid-konsulenten\\\/#primaryimage\"},\"thumbnailUrl\":\"https:\\\/\\\/www.markt-kom.com\\\/wp-content\\\/uploads\\\/2021\\\/02\\\/2021-01\\\/Noetzli_Ursula.jpg\",\"datePublished\":\"2025-03-18T12:36:49+00:00\",\"description\":\"Ursula N\u00f6tzli wird ab September 2025 Partnerin bei Hirzel.Neef.Schmid.Konsulenten. Ihr Fokus: Strategie, Finanzkommunikation & ESG.\",\"breadcrumb\":{\"@id\":\"https:\\\/\\\/www.organisator.ch\\\/marketing\\\/2025-03-18\\\/ursula-noetzli-wird-partnerin-bei-hirzel-neef-schmid-konsulenten\\\/#breadcrumb\"},\"inLanguage\":\"en-US\",\"potentialAction\":[{\"@type\":\"ReadAction\",\"target\":[\"https:\\\/\\\/www.organisator.ch\\\/marketing\\\/2025-03-18\\\/ursula-noetzli-wird-partnerin-bei-hirzel-neef-schmid-konsulenten\\\/\"]}]},{\"@type\":\"ImageObject\",\"inLanguage\":\"en-US\",\"@id\":\"https:\\\/\\\/www.organisator.ch\\\/marketing\\\/2025-03-18\\\/ursula-noetzli-wird-partnerin-bei-hirzel-neef-schmid-konsulenten\\\/#primaryimage\",\"url\":\"https:\\\/\\\/www.markt-kom.com\\\/wp-content\\\/uploads\\\/2021\\\/02\\\/2021-01\\\/Noetzli_Ursula.jpg\",\"contentUrl\":\"https:\\\/\\\/www.markt-kom.com\\\/wp-content\\\/uploads\\\/2021\\\/02\\\/2021-01\\\/Noetzli_Ursula.jpg\"},{\"@type\":\"BreadcrumbList\",\"@id\":\"https:\\\/\\\/www.organisator.ch\\\/marketing\\\/2025-03-18\\\/ursula-noetzli-wird-partnerin-bei-hirzel-neef-schmid-konsulenten\\\/#breadcrumb\",\"itemListElement\":[{\"@type\":\"ListItem\",\"position\":1,\"name\":\"Home\",\"item\":\"https:\\\/\\\/www.organisator.ch\\\/\"},{\"@type\":\"ListItem\",\"position\":2,\"name\":\"Ursula N\u00f6tzli wird Partnerin bei Hirzel.Neef.Schmid.Konsulenten\"}]},{\"@type\":\"WebSite\",\"@id\":\"https:\\\/\\\/www.organisator.ch\\\/#website\",\"url\":\"https:\\\/\\\/www.organisator.ch\\\/\",\"name\":\"Organisator\",\"description\":\"Kompetent. Praxisnah. Der ORGANISATOR bereitet in 10 Ausgaben pro Jahr die wesentlichen Themen f\u00fcr F\u00fchrungskr\u00e4fte von KMU auf.\",\"publisher\":{\"@id\":\"https:\\\/\\\/www.organisator.ch\\\/#organization\"},\"potentialAction\":[{\"@type\":\"SearchAction\",\"target\":{\"@type\":\"EntryPoint\",\"urlTemplate\":\"https:\\\/\\\/www.organisator.ch\\\/?s={search_term_string}\"},\"query-input\":{\"@type\":\"PropertyValueSpecification\",\"valueRequired\":true,\"valueName\":\"search_term_string\"}}],\"inLanguage\":\"en-US\"},{\"@type\":\"Organization\",\"@id\":\"https:\\\/\\\/www.organisator.ch\\\/#organization\",\"name\":\"Organisator\",\"url\":\"https:\\\/\\\/www.organisator.ch\\\/\",\"logo\":{\"@type\":\"ImageObject\",\"inLanguage\":\"en-US\",\"@id\":\"https:\\\/\\\/www.organisator.ch\\\/#\\\/schema\\\/logo\\\/image\\\/\",\"url\":\"https:\\\/\\\/www.organisator.ch\\\/wp-content\\\/uploads\\\/2022\\\/01\\\/Logo_Organisator_Website.png\",\"contentUrl\":\"https:\\\/\\\/www.organisator.ch\\\/wp-content\\\/uploads\\\/2022\\\/01\\\/Logo_Organisator_Website.png\",\"width\":800,\"height\":77,\"caption\":\"Organisator\"},\"image\":{\"@id\":\"https:\\\/\\\/www.organisator.ch\\\/#\\\/schema\\\/logo\\\/image\\\/\"},\"sameAs\":[\"https:\\\/\\\/www.facebook.com\\\/OrganisatorFachmagazin\",\"https:\\\/\\\/www.linkedin.com\\\/showcase\\\/organisator-das-magazin-fr-kmu\",\"https:\\\/\\\/www.xing.com\\\/news\\\/pages\\\/organisator-ch-695\",\"https:\\\/\\\/www.youtube.com\\\/channel\\\/UCGP2Sq0iWaZwT3BdIAQFYpw\"]},{\"@type\":\"Person\",\"@id\":\"https:\\\/\\\/www.organisator.ch\\\/#\\\/schema\\\/person\\\/4e51799071cd2dd1232ac003643ef5f0\",\"name\":\"galledia\",\"image\":{\"@type\":\"ImageObject\",\"inLanguage\":\"en-US\",\"@id\":\"https:\\\/\\\/secure.gravatar.com\\\/avatar\\\/78a7f90c01fc2bfc875782a0d4922b37cde2cf184ce347b91316d23cd7f69a36?s=96&d=mm&r=g\",\"url\":\"https:\\\/\\\/secure.gravatar.com\\\/avatar\\\/78a7f90c01fc2bfc875782a0d4922b37cde2cf184ce347b91316d23cd7f69a36?s=96&d=mm&r=g\",\"contentUrl\":\"https:\\\/\\\/secure.gravatar.com\\\/avatar\\\/78a7f90c01fc2bfc875782a0d4922b37cde2cf184ce347b91316d23cd7f69a36?s=96&d=mm&r=g\",\"caption\":\"galledia\"},\"sameAs\":[\"https:\\\/\\\/x.com\\\/admin\"],\"url\":\"https:\\\/\\\/www.organisator.ch\\\/en\\\/author\\\/galledia\\\/\"}]}<\/script>\n<!-- \/ Yoast SEO plugin. -->","yoast_head_json":{"title":"Ursula N\u00f6tzli becomes a partner at Hirzel.Neef.Schmid.Konsulenten - Organizer","description":"Ursula N\u00f6tzli will be a partner at Hirzel.Neef.Schmid.Konsulenten from September 2025. Her focus: strategy, financial communication &amp; ESG.","robots":{"index":"index","follow":"follow","max-snippet":"max-snippet:-1","max-image-preview":"max-image-preview:large","max-video-preview":"max-video-preview:-1"},"canonical":"https:\/\/www.organisator.ch\/en\/marketing\/2025-03-18\/ursula-noetzli-wird-partnerin-bei-hirzel-neef-schmid-konsulenten\/","og_locale":"en_US","og_type":"article","og_title":"Ursula N\u00f6tzli wird Partnerin bei Hirzel.Neef.Schmid.Konsulenten - Organisator","og_description":"Ursula N\u00f6tzli wird ab September 2025 Partnerin bei Hirzel.Neef.Schmid.Konsulenten. Ihr Fokus: Strategie, Finanzkommunikation & ESG.","og_url":"https:\/\/www.organisator.ch\/en\/marketing\/2025-03-18\/ursula-noetzli-wird-partnerin-bei-hirzel-neef-schmid-konsulenten\/","og_site_name":"Organisator","article_publisher":"https:\/\/www.facebook.com\/OrganisatorFachmagazin","article_published_time":"2025-03-18T12:36:49+00:00","author":"galledia","twitter_card":"summary_large_image","twitter_creator":"@admin","schema":{"@context":"https:\/\/schema.org","@graph":[{"@type":"Article","@id":"https:\/\/www.organisator.ch\/marketing\/2025-03-18\/ursula-noetzli-wird-partnerin-bei-hirzel-neef-schmid-konsulenten\/#article","isPartOf":{"@id":"https:\/\/www.organisator.ch\/marketing\/2025-03-18\/ursula-noetzli-wird-partnerin-bei-hirzel-neef-schmid-konsulenten\/"},"author":{"name":"galledia","@id":"https:\/\/www.organisator.ch\/#\/schema\/person\/4e51799071cd2dd1232ac003643ef5f0"},"headline":"Ursula N\u00f6tzli wird Partnerin bei Hirzel.Neef.Schmid.Konsulenten","datePublished":"2025-03-18T12:36:49+00:00","mainEntityOfPage":{"@id":"https:\/\/www.organisator.ch\/marketing\/2025-03-18\/ursula-noetzli-wird-partnerin-bei-hirzel-neef-schmid-konsulenten\/"},"wordCount":240,"publisher":{"@id":"https:\/\/www.organisator.ch\/#organization"},"image":{"@id":"https:\/\/www.organisator.ch\/marketing\/2025-03-18\/ursula-noetzli-wird-partnerin-bei-hirzel-neef-schmid-konsulenten\/#primaryimage"},"thumbnailUrl":"https:\/\/www.markt-kom.com\/wp-content\/uploads\/2021\/02\/2021-01\/Noetzli_Ursula.jpg","keywords":["Business","Hirzel.Neef.Schmid.Konsulenten","Jobchange"],"articleSection":["MARKETING"],"inLanguage":"en-US"},{"@type":"WebPage","@id":"https:\/\/www.organisator.ch\/marketing\/2025-03-18\/ursula-noetzli-wird-partnerin-bei-hirzel-neef-schmid-konsulenten\/","url":"https:\/\/www.organisator.ch\/marketing\/2025-03-18\/ursula-noetzli-wird-partnerin-bei-hirzel-neef-schmid-konsulenten\/","name":"Ursula N\u00f6tzli becomes a partner at Hirzel.Neef.Schmid.Konsulenten - Organizer","isPartOf":{"@id":"https:\/\/www.organisator.ch\/#website"},"primaryImageOfPage":{"@id":"https:\/\/www.organisator.ch\/marketing\/2025-03-18\/ursula-noetzli-wird-partnerin-bei-hirzel-neef-schmid-konsulenten\/#primaryimage"},"image":{"@id":"https:\/\/www.organisator.ch\/marketing\/2025-03-18\/ursula-noetzli-wird-partnerin-bei-hirzel-neef-schmid-konsulenten\/#primaryimage"},"thumbnailUrl":"https:\/\/www.markt-kom.com\/wp-content\/uploads\/2021\/02\/2021-01\/Noetzli_Ursula.jpg","datePublished":"2025-03-18T12:36:49+00:00","description":"Ursula N\u00f6tzli will be a partner at Hirzel.Neef.Schmid.Konsulenten from September 2025. Her focus: strategy, financial communication &amp; ESG.","breadcrumb":{"@id":"https:\/\/www.organisator.ch\/marketing\/2025-03-18\/ursula-noetzli-wird-partnerin-bei-hirzel-neef-schmid-konsulenten\/#breadcrumb"},"inLanguage":"en-US","potentialAction":[{"@type":"ReadAction","target":["https:\/\/www.organisator.ch\/marketing\/2025-03-18\/ursula-noetzli-wird-partnerin-bei-hirzel-neef-schmid-konsulenten\/"]}]},{"@type":"ImageObject","inLanguage":"en-US","@id":"https:\/\/www.organisator.ch\/marketing\/2025-03-18\/ursula-noetzli-wird-partnerin-bei-hirzel-neef-schmid-konsulenten\/#primaryimage","url":"https:\/\/www.markt-kom.com\/wp-content\/uploads\/2021\/02\/2021-01\/Noetzli_Ursula.jpg","contentUrl":"https:\/\/www.markt-kom.com\/wp-content\/uploads\/2021\/02\/2021-01\/Noetzli_Ursula.jpg"},{"@type":"BreadcrumbList","@id":"https:\/\/www.organisator.ch\/marketing\/2025-03-18\/ursula-noetzli-wird-partnerin-bei-hirzel-neef-schmid-konsulenten\/#breadcrumb","itemListElement":[{"@type":"ListItem","position":1,"name":"Home","item":"https:\/\/www.organisator.ch\/"},{"@type":"ListItem","position":2,"name":"Ursula N\u00f6tzli wird Partnerin bei Hirzel.Neef.Schmid.Konsulenten"}]},{"@type":"WebSite","@id":"https:\/\/www.organisator.ch\/#website","url":"https:\/\/www.organisator.ch\/","name":"Organizer","description":"Competent. Practical. In 10 issues per year, ORGANISATOR presents the essential topics for managers of SMEs.","publisher":{"@id":"https:\/\/www.organisator.ch\/#organization"},"potentialAction":[{"@type":"SearchAction","target":{"@type":"EntryPoint","urlTemplate":"https:\/\/www.organisator.ch\/?s={search_term_string}"},"query-input":{"@type":"PropertyValueSpecification","valueRequired":true,"valueName":"search_term_string"}}],"inLanguage":"en-US"},{"@type":"Organization","@id":"https:\/\/www.organisator.ch\/#organization","name":"Organizer","url":"https:\/\/www.organisator.ch\/","logo":{"@type":"ImageObject","inLanguage":"en-US","@id":"https:\/\/www.organisator.ch\/#\/schema\/logo\/image\/","url":"https:\/\/www.organisator.ch\/wp-content\/uploads\/2022\/01\/Logo_Organisator_Website.png","contentUrl":"https:\/\/www.organisator.ch\/wp-content\/uploads\/2022\/01\/Logo_Organisator_Website.png","width":800,"height":77,"caption":"Organisator"},"image":{"@id":"https:\/\/www.organisator.ch\/#\/schema\/logo\/image\/"},"sameAs":["https:\/\/www.facebook.com\/OrganisatorFachmagazin","https:\/\/www.linkedin.com\/showcase\/organisator-das-magazin-fr-kmu","https:\/\/www.xing.com\/news\/pages\/organisator-ch-695","https:\/\/www.youtube.com\/channel\/UCGP2Sq0iWaZwT3BdIAQFYpw"]},{"@type":"Person","@id":"https:\/\/www.organisator.ch\/#\/schema\/person\/4e51799071cd2dd1232ac003643ef5f0","name":"galledia","image":{"@type":"ImageObject","inLanguage":"en-US","@id":"https:\/\/secure.gravatar.com\/avatar\/78a7f90c01fc2bfc875782a0d4922b37cde2cf184ce347b91316d23cd7f69a36?s=96&d=mm&r=g","url":"https:\/\/secure.gravatar.com\/avatar\/78a7f90c01fc2bfc875782a0d4922b37cde2cf184ce347b91316d23cd7f69a36?s=96&d=mm&r=g","contentUrl":"https:\/\/secure.gravatar.com\/avatar\/78a7f90c01fc2bfc875782a0d4922b37cde2cf184ce347b91316d23cd7f69a36?s=96&d=mm&r=g","caption":"galledia"},"sameAs":["https:\/\/x.com\/admin"],"url":"https:\/\/www.organisator.ch\/en\/author\/galledia\/"}]}},"_links":{"self":[{"href":"https:\/\/www.organisator.ch\/en\/wp-json\/wp\/v2\/posts\/36979","targetHints":{"allow":["GET"]}}],"collection":[{"href":"https:\/\/www.organisator.ch\/en\/wp-json\/wp\/v2\/posts"}],"about":[{"href":"https:\/\/www.organisator.ch\/en\/wp-json\/wp\/v2\/types\/post"}],"author":[{"embeddable":true,"href":"https:\/\/www.organisator.ch\/en\/wp-json\/wp\/v2\/users\/8"}],"replies":[{"embeddable":true,"href":"https:\/\/www.organisator.ch\/en\/wp-json\/wp\/v2\/comments?post=36979"}],"version-history":[{"count":3,"href":"https:\/\/www.organisator.ch\/en\/wp-json\/wp\/v2\/posts\/36979\/revisions"}],"predecessor-version":[{"id":36982,"href":"https:\/\/www.organisator.ch\/en\/wp-json\/wp\/v2\/posts\/36979\/revisions\/36982"}],"wp:attachment":[{"href":"https:\/\/www.organisator.ch\/en\/wp-json\/wp\/v2\/media?parent=36979"}],"wp:term":[{"taxonomy":"category","embeddable":true,"href":"https:\/\/www.organisator.ch\/en\/wp-json\/wp\/v2\/categories?post=36979"},{"taxonomy":"post_tag","embeddable":true,"href":"https:\/\/www.organisator.ch\/en\/wp-json\/wp\/v2\/tags?post=36979"}],"curies":[{"name":"wp","href":"https:\/\/api.w.org\/{rel}","templated":true}]}}