{"id":37056,"date":"2025-03-21T07:34:45","date_gmt":"2025-03-21T06:34:45","guid":{"rendered":"https:\/\/www.markt-kom.com\/?p=232103"},"modified":"2025-03-21T07:33:22","modified_gmt":"2025-03-21T06:33:22","slug":"philipp-skrabal-ist-werber-des-jahres-2025","status":"publish","type":"post","link":"https:\/\/www.organisator.ch\/en\/marketing\/2025-03-21\/philipp-skrabal-ist-werber-des-jahres-2025\/","title":{"rendered":"Philipp Skrabal is \"Advertiser of the Year\" 2025"},"content":{"rendered":"<p><a href=\"https:\/\/www.markt-kom.com\/wp-content\/uploads\/2025\/03\/IMG_4491.jpg\"><img class=\"aligncenter size-full wp-image-232254\" src=\"https:\/\/www.markt-kom.com\/wp-content\/uploads\/2025\/03\/IMG_4491.jpg\" sizes=\"(max-width: 1200px) 100vw, 1200px\" srcset=\"https:\/\/www.markt-kom.com\/wp-content\/uploads\/2025\/03\/IMG_4491.jpg 1200w, https:\/\/www.markt-kom.com\/wp-content\/uploads\/2025\/03\/IMG_4491-600x450.jpg 600w, https:\/\/www.markt-kom.com\/wp-content\/uploads\/2025\/03\/IMG_4491-1024x768.jpg 1024w, https:\/\/www.markt-kom.com\/wp-content\/uploads\/2025\/03\/IMG_4491-768x576.jpg 768w, https:\/\/www.markt-kom.com\/wp-content\/uploads\/2025\/03\/IMG_4491-16x12.jpg 16w, https:\/\/www.markt-kom.com\/wp-content\/uploads\/2025\/03\/IMG_4491-233x175.jpg 233w, https:\/\/www.markt-kom.com\/wp-content\/uploads\/2025\/03\/IMG_4491-467x350.jpg 467w, https:\/\/www.markt-kom.com\/wp-content\/uploads\/2025\/03\/IMG_4491-1000x750.jpg 1000w\" alt=\"\" width=\"1200\" height=\"900\" \/><\/a><\/p>\r\n<p>Philipp Skrabal beat fellow nominees Gordon Nemitz, Chief Strategy Officer at Thjnk Zurich, and Lorenz Clormann, Executive Creative Director at Wirz, in the race for the title of \"Advertiser of the Year\" 2025. This is his fourth nomination for the most prestigious personal award in the Swiss communications industry. Andrea Bison, founder and co-CEO of Thjnk Zurich and \"Advertiser of the Year\" 2024, presented Skrabal with the \"Egon\" at the award night on Thursday evening at the Razzia restaurant in Zurich.<\/p>\r\n<p>In her laudatory speech, Bison emphasized that the title \"Advertiser:in of the Year\" is more than just an award - it is also a promise. \"To creativity, to the courage to break new ground and to the responsibility we all bear when we tell the stories that shape our world,\" said the \"Advertiser of the Year\" 2024 to the more than 100 invited guests on stage at the Razzia. \"Philipp Skrabal has proven over the years that creativity is not a question of budget, but of attitude,\" continued Bison. \"Good advertising doesn't just sell, it also has something to say.\"<\/p>\r\n<p>Skrabal started his career as a graffiti artist. After working for agencies such as Publicis, Advico Young &amp; Rubicam and Wirz, he has been shaping the creative direction of Farner for over a decade. As Chief Creative Officer, he has shaped Farner into one of the most creative communications agencies in Switzerland, which recently won the Swiss Creative Ranking 2024.<\/p>\r\n<p>His creative signature has shaped numerous campaigns for companies such as SBB, Arosa Tourism, Greenpeace and National Councillor Islam Alijaj. Winner of several awards - including two Cannes Lions - his work has also sparked debates and set new standards. Philipp Skrabal is also strongly committed to promoting young talent in the industry: he is Vice President of the Art Directors Club Switzerland, a member of the Ad School Board and a member of ADC Europe and the Creative Club Austria CCA.<\/p>\r\n<hr \/>\r\n<p><a href=\"https:\/\/www.markt-kom.com\/de\/markom\/awards\/nominiert-zum-werber-des-jahres-2025-philipp-skrabal\/\" rel=\"noopener\"><em>Read the interview on Philipp Skrabal's nomination here.<\/em><\/a><\/p>","protected":false},"excerpt":{"rendered":"<p>The jury and the community vote have decided: Philipp Skrabal, Chief Creative Officer, Partner and Team Member of the Management Board at Team Farner, is \"Advertiser of the Year\" 2025, following Andrea Bison from Thjnk Zurich.<\/p>","protected":false},"author":8,"featured_media":0,"comment_status":"closed","ping_status":"closed","sticky":false,"template":"","format":"standard","meta":{"_acf_changed":false,"_yoast_wpseo_focuskw":"Philipp Skrabal","_yoast_wpseo_metadesc":"Philipp Skrabal ist \u00abWerber des Jahres\u00bb 2025. Er folgt auf Andrea Bison und setzt sich gegen zwei Mitbewerber durch.","articlekey":"","footnotes":""},"categories":[29],"tags":[66,4922],"class_list":["post-37056","post","type-post","status-publish","format-standard","hentry","category-marketing","tag-awards","tag-werberin-des-jahres"],"acf":[],"yoast_head":"<!-- This site is optimized with the Yoast SEO plugin v27.5 - https:\/\/yoast.com\/product\/yoast-seo-wordpress\/ -->\n<title>Philipp Skrabal ist \u00abWerber des Jahres\u00bb 2025 - Organisator<\/title>\n<meta name=\"description\" content=\"Philipp Skrabal ist \u00abWerber des Jahres\u00bb 2025. Er folgt auf Andrea Bison und setzt sich gegen zwei Mitbewerber durch.\" \/>\n<meta name=\"robots\" content=\"index, follow, max-snippet:-1, max-image-preview:large, max-video-preview:-1\" \/>\n<link rel=\"canonical\" href=\"https:\/\/www.organisator.ch\/en\/marketing\/2025-03-21\/philipp-skrabal-ist-werber-des-jahres-2025\/\" \/>\n<meta property=\"og:locale\" content=\"en_US\" \/>\n<meta property=\"og:type\" content=\"article\" \/>\n<meta property=\"og:title\" content=\"Philipp Skrabal ist \u00abWerber des Jahres\u00bb 2025 - Organisator\" \/>\n<meta property=\"og:description\" content=\"Philipp Skrabal ist \u00abWerber des Jahres\u00bb 2025. Er folgt auf Andrea Bison und setzt sich gegen zwei Mitbewerber durch.\" \/>\n<meta property=\"og:url\" content=\"https:\/\/www.organisator.ch\/en\/marketing\/2025-03-21\/philipp-skrabal-ist-werber-des-jahres-2025\/\" \/>\n<meta property=\"og:site_name\" content=\"Organisator\" \/>\n<meta property=\"article:publisher\" content=\"https:\/\/www.facebook.com\/OrganisatorFachmagazin\" \/>\n<meta property=\"article:published_time\" content=\"2025-03-21T06:34:45+00:00\" \/>\n<meta name=\"author\" content=\"galledia\" \/>\n<meta name=\"twitter:card\" content=\"summary_large_image\" \/>\n<meta name=\"twitter:creator\" content=\"@admin\" \/>\n<script type=\"application\/ld+json\" class=\"yoast-schema-graph\">{\"@context\":\"https:\\\/\\\/schema.org\",\"@graph\":[{\"@type\":\"Article\",\"@id\":\"https:\\\/\\\/www.organisator.ch\\\/marketing\\\/2025-03-21\\\/philipp-skrabal-ist-werber-des-jahres-2025\\\/#article\",\"isPartOf\":{\"@id\":\"https:\\\/\\\/www.organisator.ch\\\/marketing\\\/2025-03-21\\\/philipp-skrabal-ist-werber-des-jahres-2025\\\/\"},\"author\":{\"name\":\"galledia\",\"@id\":\"https:\\\/\\\/www.organisator.ch\\\/#\\\/schema\\\/person\\\/4e51799071cd2dd1232ac003643ef5f0\"},\"headline\":\"Philipp Skrabal ist \u00abWerber des Jahres\u00bb 2025\",\"datePublished\":\"2025-03-21T06:34:45+00:00\",\"mainEntityOfPage\":{\"@id\":\"https:\\\/\\\/www.organisator.ch\\\/marketing\\\/2025-03-21\\\/philipp-skrabal-ist-werber-des-jahres-2025\\\/\"},\"wordCount\":323,\"publisher\":{\"@id\":\"https:\\\/\\\/www.organisator.ch\\\/#organization\"},\"image\":{\"@id\":\"https:\\\/\\\/www.organisator.ch\\\/marketing\\\/2025-03-21\\\/philipp-skrabal-ist-werber-des-jahres-2025\\\/#primaryimage\"},\"thumbnailUrl\":\"https:\\\/\\\/www.markt-kom.com\\\/wp-content\\\/uploads\\\/2025\\\/03\\\/IMG_4491.jpg\",\"keywords\":[\"Awards\",\"Werber:in des Jahres\"],\"articleSection\":[\"MARKETING\"],\"inLanguage\":\"en-US\"},{\"@type\":\"WebPage\",\"@id\":\"https:\\\/\\\/www.organisator.ch\\\/marketing\\\/2025-03-21\\\/philipp-skrabal-ist-werber-des-jahres-2025\\\/\",\"url\":\"https:\\\/\\\/www.organisator.ch\\\/marketing\\\/2025-03-21\\\/philipp-skrabal-ist-werber-des-jahres-2025\\\/\",\"name\":\"Philipp Skrabal ist \u00abWerber des Jahres\u00bb 2025 - Organisator\",\"isPartOf\":{\"@id\":\"https:\\\/\\\/www.organisator.ch\\\/#website\"},\"primaryImageOfPage\":{\"@id\":\"https:\\\/\\\/www.organisator.ch\\\/marketing\\\/2025-03-21\\\/philipp-skrabal-ist-werber-des-jahres-2025\\\/#primaryimage\"},\"image\":{\"@id\":\"https:\\\/\\\/www.organisator.ch\\\/marketing\\\/2025-03-21\\\/philipp-skrabal-ist-werber-des-jahres-2025\\\/#primaryimage\"},\"thumbnailUrl\":\"https:\\\/\\\/www.markt-kom.com\\\/wp-content\\\/uploads\\\/2025\\\/03\\\/IMG_4491.jpg\",\"datePublished\":\"2025-03-21T06:34:45+00:00\",\"description\":\"Philipp Skrabal ist \u00abWerber des Jahres\u00bb 2025. Er folgt auf Andrea Bison und setzt sich gegen zwei Mitbewerber durch.\",\"breadcrumb\":{\"@id\":\"https:\\\/\\\/www.organisator.ch\\\/marketing\\\/2025-03-21\\\/philipp-skrabal-ist-werber-des-jahres-2025\\\/#breadcrumb\"},\"inLanguage\":\"en-US\",\"potentialAction\":[{\"@type\":\"ReadAction\",\"target\":[\"https:\\\/\\\/www.organisator.ch\\\/marketing\\\/2025-03-21\\\/philipp-skrabal-ist-werber-des-jahres-2025\\\/\"]}]},{\"@type\":\"ImageObject\",\"inLanguage\":\"en-US\",\"@id\":\"https:\\\/\\\/www.organisator.ch\\\/marketing\\\/2025-03-21\\\/philipp-skrabal-ist-werber-des-jahres-2025\\\/#primaryimage\",\"url\":\"https:\\\/\\\/www.markt-kom.com\\\/wp-content\\\/uploads\\\/2025\\\/03\\\/IMG_4491.jpg\",\"contentUrl\":\"https:\\\/\\\/www.markt-kom.com\\\/wp-content\\\/uploads\\\/2025\\\/03\\\/IMG_4491.jpg\"},{\"@type\":\"BreadcrumbList\",\"@id\":\"https:\\\/\\\/www.organisator.ch\\\/marketing\\\/2025-03-21\\\/philipp-skrabal-ist-werber-des-jahres-2025\\\/#breadcrumb\",\"itemListElement\":[{\"@type\":\"ListItem\",\"position\":1,\"name\":\"Home\",\"item\":\"https:\\\/\\\/www.organisator.ch\\\/\"},{\"@type\":\"ListItem\",\"position\":2,\"name\":\"Philipp Skrabal ist \u00abWerber des Jahres\u00bb 2025\"}]},{\"@type\":\"WebSite\",\"@id\":\"https:\\\/\\\/www.organisator.ch\\\/#website\",\"url\":\"https:\\\/\\\/www.organisator.ch\\\/\",\"name\":\"Organisator\",\"description\":\"Kompetent. Praxisnah. Der ORGANISATOR bereitet in 10 Ausgaben pro Jahr die wesentlichen Themen f\u00fcr F\u00fchrungskr\u00e4fte von KMU auf.\",\"publisher\":{\"@id\":\"https:\\\/\\\/www.organisator.ch\\\/#organization\"},\"potentialAction\":[{\"@type\":\"SearchAction\",\"target\":{\"@type\":\"EntryPoint\",\"urlTemplate\":\"https:\\\/\\\/www.organisator.ch\\\/?s={search_term_string}\"},\"query-input\":{\"@type\":\"PropertyValueSpecification\",\"valueRequired\":true,\"valueName\":\"search_term_string\"}}],\"inLanguage\":\"en-US\"},{\"@type\":\"Organization\",\"@id\":\"https:\\\/\\\/www.organisator.ch\\\/#organization\",\"name\":\"Organisator\",\"url\":\"https:\\\/\\\/www.organisator.ch\\\/\",\"logo\":{\"@type\":\"ImageObject\",\"inLanguage\":\"en-US\",\"@id\":\"https:\\\/\\\/www.organisator.ch\\\/#\\\/schema\\\/logo\\\/image\\\/\",\"url\":\"https:\\\/\\\/www.organisator.ch\\\/wp-content\\\/uploads\\\/2022\\\/01\\\/Logo_Organisator_Website.png\",\"contentUrl\":\"https:\\\/\\\/www.organisator.ch\\\/wp-content\\\/uploads\\\/2022\\\/01\\\/Logo_Organisator_Website.png\",\"width\":800,\"height\":77,\"caption\":\"Organisator\"},\"image\":{\"@id\":\"https:\\\/\\\/www.organisator.ch\\\/#\\\/schema\\\/logo\\\/image\\\/\"},\"sameAs\":[\"https:\\\/\\\/www.facebook.com\\\/OrganisatorFachmagazin\",\"https:\\\/\\\/www.linkedin.com\\\/showcase\\\/organisator-das-magazin-fr-kmu\",\"https:\\\/\\\/www.xing.com\\\/news\\\/pages\\\/organisator-ch-695\",\"https:\\\/\\\/www.youtube.com\\\/channel\\\/UCGP2Sq0iWaZwT3BdIAQFYpw\"]},{\"@type\":\"Person\",\"@id\":\"https:\\\/\\\/www.organisator.ch\\\/#\\\/schema\\\/person\\\/4e51799071cd2dd1232ac003643ef5f0\",\"name\":\"galledia\",\"image\":{\"@type\":\"ImageObject\",\"inLanguage\":\"en-US\",\"@id\":\"https:\\\/\\\/secure.gravatar.com\\\/avatar\\\/78a7f90c01fc2bfc875782a0d4922b37cde2cf184ce347b91316d23cd7f69a36?s=96&d=mm&r=g\",\"url\":\"https:\\\/\\\/secure.gravatar.com\\\/avatar\\\/78a7f90c01fc2bfc875782a0d4922b37cde2cf184ce347b91316d23cd7f69a36?s=96&d=mm&r=g\",\"contentUrl\":\"https:\\\/\\\/secure.gravatar.com\\\/avatar\\\/78a7f90c01fc2bfc875782a0d4922b37cde2cf184ce347b91316d23cd7f69a36?s=96&d=mm&r=g\",\"caption\":\"galledia\"},\"sameAs\":[\"https:\\\/\\\/x.com\\\/admin\"],\"url\":\"https:\\\/\\\/www.organisator.ch\\\/en\\\/author\\\/galledia\\\/\"}]}<\/script>\n<!-- \/ Yoast SEO plugin. -->","yoast_head_json":{"title":"Philipp Skrabal is \"Advertiser of the Year\" 2025 - Organizer","description":"Philipp Skrabal is \"Advertiser of the Year\" 2025, succeeding Andrea Bison and beating two competitors.","robots":{"index":"index","follow":"follow","max-snippet":"max-snippet:-1","max-image-preview":"max-image-preview:large","max-video-preview":"max-video-preview:-1"},"canonical":"https:\/\/www.organisator.ch\/en\/marketing\/2025-03-21\/philipp-skrabal-ist-werber-des-jahres-2025\/","og_locale":"en_US","og_type":"article","og_title":"Philipp Skrabal ist \u00abWerber des Jahres\u00bb 2025 - Organisator","og_description":"Philipp Skrabal ist \u00abWerber des Jahres\u00bb 2025. Er folgt auf Andrea Bison und setzt sich gegen zwei Mitbewerber durch.","og_url":"https:\/\/www.organisator.ch\/en\/marketing\/2025-03-21\/philipp-skrabal-ist-werber-des-jahres-2025\/","og_site_name":"Organisator","article_publisher":"https:\/\/www.facebook.com\/OrganisatorFachmagazin","article_published_time":"2025-03-21T06:34:45+00:00","author":"galledia","twitter_card":"summary_large_image","twitter_creator":"@admin","schema":{"@context":"https:\/\/schema.org","@graph":[{"@type":"Article","@id":"https:\/\/www.organisator.ch\/marketing\/2025-03-21\/philipp-skrabal-ist-werber-des-jahres-2025\/#article","isPartOf":{"@id":"https:\/\/www.organisator.ch\/marketing\/2025-03-21\/philipp-skrabal-ist-werber-des-jahres-2025\/"},"author":{"name":"galledia","@id":"https:\/\/www.organisator.ch\/#\/schema\/person\/4e51799071cd2dd1232ac003643ef5f0"},"headline":"Philipp Skrabal ist \u00abWerber des Jahres\u00bb 2025","datePublished":"2025-03-21T06:34:45+00:00","mainEntityOfPage":{"@id":"https:\/\/www.organisator.ch\/marketing\/2025-03-21\/philipp-skrabal-ist-werber-des-jahres-2025\/"},"wordCount":323,"publisher":{"@id":"https:\/\/www.organisator.ch\/#organization"},"image":{"@id":"https:\/\/www.organisator.ch\/marketing\/2025-03-21\/philipp-skrabal-ist-werber-des-jahres-2025\/#primaryimage"},"thumbnailUrl":"https:\/\/www.markt-kom.com\/wp-content\/uploads\/2025\/03\/IMG_4491.jpg","keywords":["Awards","Werber:in des Jahres"],"articleSection":["MARKETING"],"inLanguage":"en-US"},{"@type":"WebPage","@id":"https:\/\/www.organisator.ch\/marketing\/2025-03-21\/philipp-skrabal-ist-werber-des-jahres-2025\/","url":"https:\/\/www.organisator.ch\/marketing\/2025-03-21\/philipp-skrabal-ist-werber-des-jahres-2025\/","name":"Philipp Skrabal is \"Advertiser of the Year\" 2025 - Organizer","isPartOf":{"@id":"https:\/\/www.organisator.ch\/#website"},"primaryImageOfPage":{"@id":"https:\/\/www.organisator.ch\/marketing\/2025-03-21\/philipp-skrabal-ist-werber-des-jahres-2025\/#primaryimage"},"image":{"@id":"https:\/\/www.organisator.ch\/marketing\/2025-03-21\/philipp-skrabal-ist-werber-des-jahres-2025\/#primaryimage"},"thumbnailUrl":"https:\/\/www.markt-kom.com\/wp-content\/uploads\/2025\/03\/IMG_4491.jpg","datePublished":"2025-03-21T06:34:45+00:00","description":"Philipp Skrabal is \"Advertiser of the Year\" 2025, succeeding Andrea Bison and beating two competitors.","breadcrumb":{"@id":"https:\/\/www.organisator.ch\/marketing\/2025-03-21\/philipp-skrabal-ist-werber-des-jahres-2025\/#breadcrumb"},"inLanguage":"en-US","potentialAction":[{"@type":"ReadAction","target":["https:\/\/www.organisator.ch\/marketing\/2025-03-21\/philipp-skrabal-ist-werber-des-jahres-2025\/"]}]},{"@type":"ImageObject","inLanguage":"en-US","@id":"https:\/\/www.organisator.ch\/marketing\/2025-03-21\/philipp-skrabal-ist-werber-des-jahres-2025\/#primaryimage","url":"https:\/\/www.markt-kom.com\/wp-content\/uploads\/2025\/03\/IMG_4491.jpg","contentUrl":"https:\/\/www.markt-kom.com\/wp-content\/uploads\/2025\/03\/IMG_4491.jpg"},{"@type":"BreadcrumbList","@id":"https:\/\/www.organisator.ch\/marketing\/2025-03-21\/philipp-skrabal-ist-werber-des-jahres-2025\/#breadcrumb","itemListElement":[{"@type":"ListItem","position":1,"name":"Home","item":"https:\/\/www.organisator.ch\/"},{"@type":"ListItem","position":2,"name":"Philipp Skrabal ist \u00abWerber des Jahres\u00bb 2025"}]},{"@type":"WebSite","@id":"https:\/\/www.organisator.ch\/#website","url":"https:\/\/www.organisator.ch\/","name":"Organizer","description":"Competent. Practical. In 10 issues per year, ORGANISATOR presents the essential topics for managers of SMEs.","publisher":{"@id":"https:\/\/www.organisator.ch\/#organization"},"potentialAction":[{"@type":"SearchAction","target":{"@type":"EntryPoint","urlTemplate":"https:\/\/www.organisator.ch\/?s={search_term_string}"},"query-input":{"@type":"PropertyValueSpecification","valueRequired":true,"valueName":"search_term_string"}}],"inLanguage":"en-US"},{"@type":"Organization","@id":"https:\/\/www.organisator.ch\/#organization","name":"Organizer","url":"https:\/\/www.organisator.ch\/","logo":{"@type":"ImageObject","inLanguage":"en-US","@id":"https:\/\/www.organisator.ch\/#\/schema\/logo\/image\/","url":"https:\/\/www.organisator.ch\/wp-content\/uploads\/2022\/01\/Logo_Organisator_Website.png","contentUrl":"https:\/\/www.organisator.ch\/wp-content\/uploads\/2022\/01\/Logo_Organisator_Website.png","width":800,"height":77,"caption":"Organisator"},"image":{"@id":"https:\/\/www.organisator.ch\/#\/schema\/logo\/image\/"},"sameAs":["https:\/\/www.facebook.com\/OrganisatorFachmagazin","https:\/\/www.linkedin.com\/showcase\/organisator-das-magazin-fr-kmu","https:\/\/www.xing.com\/news\/pages\/organisator-ch-695","https:\/\/www.youtube.com\/channel\/UCGP2Sq0iWaZwT3BdIAQFYpw"]},{"@type":"Person","@id":"https:\/\/www.organisator.ch\/#\/schema\/person\/4e51799071cd2dd1232ac003643ef5f0","name":"galledia","image":{"@type":"ImageObject","inLanguage":"en-US","@id":"https:\/\/secure.gravatar.com\/avatar\/78a7f90c01fc2bfc875782a0d4922b37cde2cf184ce347b91316d23cd7f69a36?s=96&d=mm&r=g","url":"https:\/\/secure.gravatar.com\/avatar\/78a7f90c01fc2bfc875782a0d4922b37cde2cf184ce347b91316d23cd7f69a36?s=96&d=mm&r=g","contentUrl":"https:\/\/secure.gravatar.com\/avatar\/78a7f90c01fc2bfc875782a0d4922b37cde2cf184ce347b91316d23cd7f69a36?s=96&d=mm&r=g","caption":"galledia"},"sameAs":["https:\/\/x.com\/admin"],"url":"https:\/\/www.organisator.ch\/en\/author\/galledia\/"}]}},"_links":{"self":[{"href":"https:\/\/www.organisator.ch\/en\/wp-json\/wp\/v2\/posts\/37056","targetHints":{"allow":["GET"]}}],"collection":[{"href":"https:\/\/www.organisator.ch\/en\/wp-json\/wp\/v2\/posts"}],"about":[{"href":"https:\/\/www.organisator.ch\/en\/wp-json\/wp\/v2\/types\/post"}],"author":[{"embeddable":true,"href":"https:\/\/www.organisator.ch\/en\/wp-json\/wp\/v2\/users\/8"}],"replies":[{"embeddable":true,"href":"https:\/\/www.organisator.ch\/en\/wp-json\/wp\/v2\/comments?post=37056"}],"version-history":[{"count":10,"href":"https:\/\/www.organisator.ch\/en\/wp-json\/wp\/v2\/posts\/37056\/revisions"}],"predecessor-version":[{"id":37107,"href":"https:\/\/www.organisator.ch\/en\/wp-json\/wp\/v2\/posts\/37056\/revisions\/37107"}],"wp:attachment":[{"href":"https:\/\/www.organisator.ch\/en\/wp-json\/wp\/v2\/media?parent=37056"}],"wp:term":[{"taxonomy":"category","embeddable":true,"href":"https:\/\/www.organisator.ch\/en\/wp-json\/wp\/v2\/categories?post=37056"},{"taxonomy":"post_tag","embeddable":true,"href":"https:\/\/www.organisator.ch\/en\/wp-json\/wp\/v2\/tags?post=37056"}],"curies":[{"name":"wp","href":"https:\/\/api.w.org\/{rel}","templated":true}]}}