{"id":371,"date":"2016-11-17T14:46:24","date_gmt":"2016-11-17T13:46:24","guid":{"rendered":"http:\/\/dev.organisator.ch\/?p=371"},"modified":"2016-11-17T14:46:24","modified_gmt":"2016-11-17T13:46:24","slug":"trotz-unsicherheiten-geben-sich-cfos-optimistisch","status":"publish","type":"post","link":"https:\/\/www.organisator.ch\/en\/management\/2016-11-17\/trotz-unsicherheiten-geben-sich-cfos-optimistisch\/","title":{"rendered":"Despite uncertainties, CFOs are optimistic"},"content":{"rendered":"<figure id=\"attachment_372\" aria-describedby=\"caption-attachment-372\" style=\"width: 640px\" class=\"wp-caption alignnone\"><img loading=\"lazy\" decoding=\"async\" class=\"size-full wp-image-372\" src=\"https:\/\/www.organisator.ch\/wp-content\/uploads\/2016\/12\/Trotz-Unsicherheiten-geben-sich-CFOs-optimistisch-organisator.jpg\" alt=\"\" width=\"640\" height=\"427\" srcset=\"https:\/\/www.organisator.ch\/wp-content\/uploads\/2016\/12\/Trotz-Unsicherheiten-geben-sich-CFOs-optimistisch-organisator.jpg 640w, https:\/\/www.organisator.ch\/wp-content\/uploads\/2016\/12\/Trotz-Unsicherheiten-geben-sich-CFOs-optimistisch-organisator-16x12.jpg 16w, https:\/\/www.organisator.ch\/wp-content\/uploads\/2016\/12\/Trotz-Unsicherheiten-geben-sich-CFOs-optimistisch-organisator-262x175.jpg 262w, https:\/\/www.organisator.ch\/wp-content\/uploads\/2016\/12\/Trotz-Unsicherheiten-geben-sich-CFOs-optimistisch-organisator-525x350.jpg 525w, https:\/\/www.organisator.ch\/wp-content\/uploads\/2016\/12\/Trotz-Unsicherheiten-geben-sich-CFOs-optimistisch-organisator-300x200.jpg 300w\" sizes=\"auto, (max-width: 640px) 100vw, 640px\" \/><figcaption id=\"caption-attachment-372\" class=\"wp-caption-text\">Despite uncertainties, many Swiss CFOs are more optimistic about the future than their European colleagues (Photo: Marko Greitschus \/ pixelio.de)<\/figcaption><\/figure>\n<p>Despite continued uncertainty given the economic and business environment, European CFOs remain optimistic about their companies' growth potential in the coming year, according to the latest Deloitte European CFO Survey. The third quarter 2016 survey polled 1,148 CFOs in 17 European countries, including 111 in Switzerland, from Deloitte member firms.<\/p>\n<p>Two-thirds (67%) of European CFOs said their companies face great financial and economic uncertainty, although the proportion of this group is slightly lower than in the first quarter (66%). In the UK and Germany, this perception is strongest at 88%, and weakest in Finland at 36%. In Switzerland, the percentage of CFOs registering high uncertainty is slightly lower than the European average at 63%. This figure has fallen by six percentage points since the first quarter as the exchange rate shock subsides peu \u00e0 peu.<\/p>\n<p><strong>CFOs remain optimistic about sales growth<\/strong><\/p>\n<p>26% of CFOs are more optimistic about the financial outlook for their company than they were three to six months ago, a slight increase from 25% in the first quarter. In the UK, optimism is lowest following the Brexit referendum, at just 16%. The situation is assessed most positively by Swedish CFOs - 44% expressed confidence. In Switzerland, optimism is slightly above average at 27%.<\/p>\n<p>Despite high uncertainty and low risk appetite, 65% of CFOs expect their companies' revenues to increase next year, up from 63% in Q1 2016 (Switzerland in Q3: 64%). 46% of UK CFOs expect revenue to increase, the lowest percentage of all countries. Polish CFOs were the most optimistic, with 83% expecting revenue growth.<\/p>\n<p>Michael Grampp, Chief Economist at Deloitte in Switzerland: \"Despite the difficult economic environment, CFOs are confident that their companies will weather the uncertainty and grow over the next twelve months. This is partly because companies have adapted better to the uncertain environment in which they have now been operating for some time. However, it also shows the resilience of the European corporate sector, which has faced sluggish growth and several shocks in recent years but is showing signs of a more sustained recovery this year. European GDP growth is expected to be 1.6% this year. While this is the third consecutive year of low growth for Europe, it is also the highest figure to date since the financial crisis.\"<\/p>\n<p><strong>Brexit and political risks<\/strong><\/p>\n<p>37% of CFOs said the negotiations over the British leaving the European Union will hurt their business, while 50% expect no impact. 5% believe the exit will have a positive impact. Negative sentiment is strongest in the U.K., with 65% believing that Brexit will hurt economic development. However, the impending Brexit is also causing concern among CFOs in Portugal (52%), the Netherlands and Ireland (48% each). In Switzerland, the mood is somewhat more optimistic, but 23% still express concern.<\/p>\n<p>CFOs were also asked which aspects of a potential Brexit would most impact their companies. In response to this question, participants from 14 countries said that increasing complexity and regulatory costs would have the most serious impact. Restrictions on labor mobility and reduced export opportunities due to non-tariff trade barriers were also cited.<\/p>\n<p>Overall, geopolitical and economic uncertainty was ranked by respondents in nine countries as the biggest risk factor for businesses in the year ahead, while weak domestic demand was cited as the biggest risk in four countries. Both factors are also seen with concern in Switzerland, while currency risk is mentioned most frequently and monetary risks and regulatory issues are also high on the list.<\/p>\n<p>Michael Grampp comments: \"Companies across Europe had to contend with various political shocks over the summer, which translated into a high level of uncertainty. Brexit is foremost among them. Over a third of European CFOs said that the negotiations for the British to leave the EU will have a negative impact on their company. Concerns around regulatory changes weigh the heaviest, but restrictions on labor mobility and export opportunities are also cited as risks for European companies.\"<\/p>\n<p>\"However, Brexit is not the only concern for Europeans. The political uncertainty felt to varying degrees in countries from Spain to Turkey, the upcoming elections in France and Germany, and now, of course, the outcome of the U.S. election are causing concern on corporate boardrooms.\"<\/p>\n<p><em>Source: <a href=\"http:\/\/www.deloitte.ch\" data-cke-saved-href=\"http:\/\/www.deloitte.ch\">www.deloitte.ch<\/a><\/em><\/p>","protected":false},"excerpt":{"rendered":"<p>Trotz der anhaltenden Unsicherheit angesichts des wirtschaftlichen und gesch\u00e4ftlichen Umfelds bleiben europ\u00e4ische CFOs weiterhin optimistisch, was das Wachstumspotenzial ihrer Unternehmen im kommenden Jahr anbelangt, so die j\u00fcngste Deloitte European CFO Survey. Bei der Umfrage zum dritten Quartal 2016 befragten Mitgliedsunternehmen von Deloitte 1\u2018148 CFOs in 17 europ\u00e4ischen L\u00e4ndern, darunter 111 in der Schweiz. Zwei Drittel [&hellip;]<\/p>\n","protected":false},"author":1,"featured_media":372,"comment_status":"open","ping_status":"open","sticky":false,"template":"","format":"standard","meta":{"_acf_changed":false,"_yoast_wpseo_focuskw":"CFOs","_yoast_wpseo_metadesc":"Unter den Finanzchefs in Europa bleibt die Stimmung ged\u00e4mpft und die Unsicherheit gross, w\u00e4hrend der Optimismus in der Schweiz eher zunimmt.","articlekey":"","footnotes":""},"categories":[28],"tags":[335],"class_list":["post-371","post","type-post","status-publish","format-standard","has-post-thumbnail","hentry","category-management","tag-management-und-unternehmensfuehrung"],"acf":[],"yoast_head":"<!-- This site is optimized with the Yoast SEO plugin v27.5 - https:\/\/yoast.com\/product\/yoast-seo-wordpress\/ -->\n<title>Trotz Unsicherheiten geben sich CFOs optimistisch - Organisator<\/title>\n<meta name=\"description\" content=\"Unter den Finanzchefs in Europa bleibt die Stimmung ged\u00e4mpft und die Unsicherheit gross, w\u00e4hrend der Optimismus in der Schweiz eher zunimmt.\" \/>\n<meta name=\"robots\" content=\"index, follow, max-snippet:-1, max-image-preview:large, max-video-preview:-1\" \/>\n<link rel=\"canonical\" href=\"https:\/\/www.organisator.ch\/en\/management\/2016-11-17\/trotz-unsicherheiten-geben-sich-cfos-optimistisch\/\" \/>\n<meta property=\"og:locale\" content=\"en_US\" \/>\n<meta property=\"og:type\" content=\"article\" \/>\n<meta property=\"og:title\" content=\"Trotz Unsicherheiten geben sich CFOs optimistisch\" \/>\n<meta property=\"og:description\" content=\"Unter den Finanzchefs in Europa bleibt die Stimmung ged\u00e4mpft und die Unsicherheit gross, w\u00e4hrend der Optimismus in der Schweiz eher zunimmt. Dies ergab der j\u00fcngste European CFO Survey des Beratungsunternehmens Deloitte. Die befragten CFOs sind jedoch weiterhin zuversichtlich, dass ihre Unternehmen die Unsicherheit \u00fcberstehen und wachsen werden.\" \/>\n<meta property=\"og:url\" content=\"https:\/\/www.organisator.ch\/en\/management\/2016-11-17\/trotz-unsicherheiten-geben-sich-cfos-optimistisch\/\" \/>\n<meta property=\"og:site_name\" content=\"Organisator\" \/>\n<meta property=\"article:publisher\" content=\"https:\/\/www.facebook.com\/OrganisatorFachmagazin\" \/>\n<meta property=\"article:published_time\" content=\"2016-11-17T13:46:24+00:00\" \/>\n<meta name=\"author\" content=\"admin\" \/>\n<meta name=\"twitter:card\" content=\"summary_large_image\" \/>\n<meta name=\"twitter:image\" content=\"https:\/\/www.organisator.ch\/wp-content\/uploads\/2016\/12\/Trotz-Unsicherheiten-geben-sich-CFOs-optimistisch-organisator.jpg\" \/>\n<script type=\"application\/ld+json\" class=\"yoast-schema-graph\">{\"@context\":\"https:\\\/\\\/schema.org\",\"@graph\":[{\"@type\":\"Article\",\"@id\":\"https:\\\/\\\/www.organisator.ch\\\/management\\\/2016-11-17\\\/trotz-unsicherheiten-geben-sich-cfos-optimistisch\\\/#article\",\"isPartOf\":{\"@id\":\"https:\\\/\\\/www.organisator.ch\\\/management\\\/2016-11-17\\\/trotz-unsicherheiten-geben-sich-cfos-optimistisch\\\/\"},\"author\":{\"name\":\"admin\",\"@id\":\"https:\\\/\\\/www.organisator.ch\\\/#\\\/schema\\\/person\\\/aa2bace6c5c5aad60102004a50c4eb1c\"},\"headline\":\"Trotz Unsicherheiten geben sich CFOs optimistisch\",\"datePublished\":\"2016-11-17T13:46:24+00:00\",\"mainEntityOfPage\":{\"@id\":\"https:\\\/\\\/www.organisator.ch\\\/management\\\/2016-11-17\\\/trotz-unsicherheiten-geben-sich-cfos-optimistisch\\\/\"},\"wordCount\":814,\"commentCount\":0,\"publisher\":{\"@id\":\"https:\\\/\\\/www.organisator.ch\\\/#organization\"},\"image\":{\"@id\":\"https:\\\/\\\/www.organisator.ch\\\/management\\\/2016-11-17\\\/trotz-unsicherheiten-geben-sich-cfos-optimistisch\\\/#primaryimage\"},\"thumbnailUrl\":\"https:\\\/\\\/www.organisator.ch\\\/wp-content\\\/uploads\\\/2016\\\/12\\\/Trotz-Unsicherheiten-geben-sich-CFOs-optimistisch-organisator.jpg\",\"keywords\":[\"Management und Unternehmensf\u00fchrung\"],\"articleSection\":[\"MANAGEMENT\"],\"inLanguage\":\"en-US\"},{\"@type\":\"WebPage\",\"@id\":\"https:\\\/\\\/www.organisator.ch\\\/management\\\/2016-11-17\\\/trotz-unsicherheiten-geben-sich-cfos-optimistisch\\\/\",\"url\":\"https:\\\/\\\/www.organisator.ch\\\/management\\\/2016-11-17\\\/trotz-unsicherheiten-geben-sich-cfos-optimistisch\\\/\",\"name\":\"Trotz Unsicherheiten geben sich CFOs optimistisch - Organisator\",\"isPartOf\":{\"@id\":\"https:\\\/\\\/www.organisator.ch\\\/#website\"},\"primaryImageOfPage\":{\"@id\":\"https:\\\/\\\/www.organisator.ch\\\/management\\\/2016-11-17\\\/trotz-unsicherheiten-geben-sich-cfos-optimistisch\\\/#primaryimage\"},\"image\":{\"@id\":\"https:\\\/\\\/www.organisator.ch\\\/management\\\/2016-11-17\\\/trotz-unsicherheiten-geben-sich-cfos-optimistisch\\\/#primaryimage\"},\"thumbnailUrl\":\"https:\\\/\\\/www.organisator.ch\\\/wp-content\\\/uploads\\\/2016\\\/12\\\/Trotz-Unsicherheiten-geben-sich-CFOs-optimistisch-organisator.jpg\",\"datePublished\":\"2016-11-17T13:46:24+00:00\",\"description\":\"Unter den Finanzchefs in Europa bleibt die Stimmung ged\u00e4mpft und die Unsicherheit gross, w\u00e4hrend der Optimismus in der Schweiz eher zunimmt.\",\"breadcrumb\":{\"@id\":\"https:\\\/\\\/www.organisator.ch\\\/management\\\/2016-11-17\\\/trotz-unsicherheiten-geben-sich-cfos-optimistisch\\\/#breadcrumb\"},\"inLanguage\":\"en-US\",\"potentialAction\":[{\"@type\":\"ReadAction\",\"target\":[\"https:\\\/\\\/www.organisator.ch\\\/management\\\/2016-11-17\\\/trotz-unsicherheiten-geben-sich-cfos-optimistisch\\\/\"]}]},{\"@type\":\"ImageObject\",\"inLanguage\":\"en-US\",\"@id\":\"https:\\\/\\\/www.organisator.ch\\\/management\\\/2016-11-17\\\/trotz-unsicherheiten-geben-sich-cfos-optimistisch\\\/#primaryimage\",\"url\":\"https:\\\/\\\/www.organisator.ch\\\/wp-content\\\/uploads\\\/2016\\\/12\\\/Trotz-Unsicherheiten-geben-sich-CFOs-optimistisch-organisator.jpg\",\"contentUrl\":\"https:\\\/\\\/www.organisator.ch\\\/wp-content\\\/uploads\\\/2016\\\/12\\\/Trotz-Unsicherheiten-geben-sich-CFOs-optimistisch-organisator.jpg\",\"width\":640,\"height\":427,\"caption\":\"Viele Schweizer CFOs sehen trotz Unsicherheiten optimistischer in die Zukunft als ihre europ\u00e4ischen Kollegen (Foto: Marko Greitschus \\\/ pixelio.de)\"},{\"@type\":\"BreadcrumbList\",\"@id\":\"https:\\\/\\\/www.organisator.ch\\\/management\\\/2016-11-17\\\/trotz-unsicherheiten-geben-sich-cfos-optimistisch\\\/#breadcrumb\",\"itemListElement\":[{\"@type\":\"ListItem\",\"position\":1,\"name\":\"Home\",\"item\":\"https:\\\/\\\/www.organisator.ch\\\/\"},{\"@type\":\"ListItem\",\"position\":2,\"name\":\"Trotz Unsicherheiten geben sich CFOs optimistisch\"}]},{\"@type\":\"WebSite\",\"@id\":\"https:\\\/\\\/www.organisator.ch\\\/#website\",\"url\":\"https:\\\/\\\/www.organisator.ch\\\/\",\"name\":\"Organisator\",\"description\":\"Kompetent. Praxisnah. Der ORGANISATOR bereitet in 10 Ausgaben pro Jahr die wesentlichen Themen f\u00fcr F\u00fchrungskr\u00e4fte von KMU auf.\",\"publisher\":{\"@id\":\"https:\\\/\\\/www.organisator.ch\\\/#organization\"},\"potentialAction\":[{\"@type\":\"SearchAction\",\"target\":{\"@type\":\"EntryPoint\",\"urlTemplate\":\"https:\\\/\\\/www.organisator.ch\\\/?s={search_term_string}\"},\"query-input\":{\"@type\":\"PropertyValueSpecification\",\"valueRequired\":true,\"valueName\":\"search_term_string\"}}],\"inLanguage\":\"en-US\"},{\"@type\":\"Organization\",\"@id\":\"https:\\\/\\\/www.organisator.ch\\\/#organization\",\"name\":\"Organisator\",\"url\":\"https:\\\/\\\/www.organisator.ch\\\/\",\"logo\":{\"@type\":\"ImageObject\",\"inLanguage\":\"en-US\",\"@id\":\"https:\\\/\\\/www.organisator.ch\\\/#\\\/schema\\\/logo\\\/image\\\/\",\"url\":\"https:\\\/\\\/www.organisator.ch\\\/wp-content\\\/uploads\\\/2022\\\/01\\\/Logo_Organisator_Website.png\",\"contentUrl\":\"https:\\\/\\\/www.organisator.ch\\\/wp-content\\\/uploads\\\/2022\\\/01\\\/Logo_Organisator_Website.png\",\"width\":800,\"height\":77,\"caption\":\"Organisator\"},\"image\":{\"@id\":\"https:\\\/\\\/www.organisator.ch\\\/#\\\/schema\\\/logo\\\/image\\\/\"},\"sameAs\":[\"https:\\\/\\\/www.facebook.com\\\/OrganisatorFachmagazin\",\"https:\\\/\\\/www.linkedin.com\\\/showcase\\\/organisator-das-magazin-fr-kmu\",\"https:\\\/\\\/www.xing.com\\\/news\\\/pages\\\/organisator-ch-695\",\"https:\\\/\\\/www.youtube.com\\\/channel\\\/UCGP2Sq0iWaZwT3BdIAQFYpw\"]},{\"@type\":\"Person\",\"@id\":\"https:\\\/\\\/www.organisator.ch\\\/#\\\/schema\\\/person\\\/aa2bace6c5c5aad60102004a50c4eb1c\",\"name\":\"admin\",\"image\":{\"@type\":\"ImageObject\",\"inLanguage\":\"en-US\",\"@id\":\"https:\\\/\\\/secure.gravatar.com\\\/avatar\\\/ae2f4d718e6c49043e314ce431e7e645d646302a24a5ef5a8bc8e3f5a032e319?s=96&d=mm&r=g\",\"url\":\"https:\\\/\\\/secure.gravatar.com\\\/avatar\\\/ae2f4d718e6c49043e314ce431e7e645d646302a24a5ef5a8bc8e3f5a032e319?s=96&d=mm&r=g\",\"contentUrl\":\"https:\\\/\\\/secure.gravatar.com\\\/avatar\\\/ae2f4d718e6c49043e314ce431e7e645d646302a24a5ef5a8bc8e3f5a032e319?s=96&d=mm&r=g\",\"caption\":\"admin\"},\"sameAs\":[\"https:\\\/\\\/www.organisator.ch\"],\"url\":\"https:\\\/\\\/www.organisator.ch\\\/en\\\/author\\\/admin\\\/\"}]}<\/script>\n<!-- \/ Yoast SEO plugin. -->","yoast_head_json":{"title":"Despite uncertainties, CFOs are optimistic - Organizer","description":"Among finance chiefs in Europe, the mood remains subdued and uncertainty high, while optimism tends to increase in Switzerland.","robots":{"index":"index","follow":"follow","max-snippet":"max-snippet:-1","max-image-preview":"max-image-preview:large","max-video-preview":"max-video-preview:-1"},"canonical":"https:\/\/www.organisator.ch\/en\/management\/2016-11-17\/trotz-unsicherheiten-geben-sich-cfos-optimistisch\/","og_locale":"en_US","og_type":"article","og_title":"Trotz Unsicherheiten geben sich CFOs optimistisch","og_description":"Unter den Finanzchefs in Europa bleibt die Stimmung ged\u00e4mpft und die Unsicherheit gross, w\u00e4hrend der Optimismus in der Schweiz eher zunimmt. Dies ergab der j\u00fcngste European CFO Survey des Beratungsunternehmens Deloitte. Die befragten CFOs sind jedoch weiterhin zuversichtlich, dass ihre Unternehmen die Unsicherheit \u00fcberstehen und wachsen werden.","og_url":"https:\/\/www.organisator.ch\/en\/management\/2016-11-17\/trotz-unsicherheiten-geben-sich-cfos-optimistisch\/","og_site_name":"Organisator","article_publisher":"https:\/\/www.facebook.com\/OrganisatorFachmagazin","article_published_time":"2016-11-17T13:46:24+00:00","author":"admin","twitter_card":"summary_large_image","twitter_image":"https:\/\/www.organisator.ch\/wp-content\/uploads\/2016\/12\/Trotz-Unsicherheiten-geben-sich-CFOs-optimistisch-organisator.jpg","schema":{"@context":"https:\/\/schema.org","@graph":[{"@type":"Article","@id":"https:\/\/www.organisator.ch\/management\/2016-11-17\/trotz-unsicherheiten-geben-sich-cfos-optimistisch\/#article","isPartOf":{"@id":"https:\/\/www.organisator.ch\/management\/2016-11-17\/trotz-unsicherheiten-geben-sich-cfos-optimistisch\/"},"author":{"name":"admin","@id":"https:\/\/www.organisator.ch\/#\/schema\/person\/aa2bace6c5c5aad60102004a50c4eb1c"},"headline":"Trotz Unsicherheiten geben sich CFOs optimistisch","datePublished":"2016-11-17T13:46:24+00:00","mainEntityOfPage":{"@id":"https:\/\/www.organisator.ch\/management\/2016-11-17\/trotz-unsicherheiten-geben-sich-cfos-optimistisch\/"},"wordCount":814,"commentCount":0,"publisher":{"@id":"https:\/\/www.organisator.ch\/#organization"},"image":{"@id":"https:\/\/www.organisator.ch\/management\/2016-11-17\/trotz-unsicherheiten-geben-sich-cfos-optimistisch\/#primaryimage"},"thumbnailUrl":"https:\/\/www.organisator.ch\/wp-content\/uploads\/2016\/12\/Trotz-Unsicherheiten-geben-sich-CFOs-optimistisch-organisator.jpg","keywords":["Management und Unternehmensf\u00fchrung"],"articleSection":["MANAGEMENT"],"inLanguage":"en-US"},{"@type":"WebPage","@id":"https:\/\/www.organisator.ch\/management\/2016-11-17\/trotz-unsicherheiten-geben-sich-cfos-optimistisch\/","url":"https:\/\/www.organisator.ch\/management\/2016-11-17\/trotz-unsicherheiten-geben-sich-cfos-optimistisch\/","name":"Despite uncertainties, CFOs are optimistic - Organizer","isPartOf":{"@id":"https:\/\/www.organisator.ch\/#website"},"primaryImageOfPage":{"@id":"https:\/\/www.organisator.ch\/management\/2016-11-17\/trotz-unsicherheiten-geben-sich-cfos-optimistisch\/#primaryimage"},"image":{"@id":"https:\/\/www.organisator.ch\/management\/2016-11-17\/trotz-unsicherheiten-geben-sich-cfos-optimistisch\/#primaryimage"},"thumbnailUrl":"https:\/\/www.organisator.ch\/wp-content\/uploads\/2016\/12\/Trotz-Unsicherheiten-geben-sich-CFOs-optimistisch-organisator.jpg","datePublished":"2016-11-17T13:46:24+00:00","description":"Among finance chiefs in Europe, the mood remains subdued and uncertainty high, while optimism tends to increase in Switzerland.","breadcrumb":{"@id":"https:\/\/www.organisator.ch\/management\/2016-11-17\/trotz-unsicherheiten-geben-sich-cfos-optimistisch\/#breadcrumb"},"inLanguage":"en-US","potentialAction":[{"@type":"ReadAction","target":["https:\/\/www.organisator.ch\/management\/2016-11-17\/trotz-unsicherheiten-geben-sich-cfos-optimistisch\/"]}]},{"@type":"ImageObject","inLanguage":"en-US","@id":"https:\/\/www.organisator.ch\/management\/2016-11-17\/trotz-unsicherheiten-geben-sich-cfos-optimistisch\/#primaryimage","url":"https:\/\/www.organisator.ch\/wp-content\/uploads\/2016\/12\/Trotz-Unsicherheiten-geben-sich-CFOs-optimistisch-organisator.jpg","contentUrl":"https:\/\/www.organisator.ch\/wp-content\/uploads\/2016\/12\/Trotz-Unsicherheiten-geben-sich-CFOs-optimistisch-organisator.jpg","width":640,"height":427,"caption":"Viele Schweizer CFOs sehen trotz Unsicherheiten optimistischer in die Zukunft als ihre europ\u00e4ischen Kollegen (Foto: Marko Greitschus \/ pixelio.de)"},{"@type":"BreadcrumbList","@id":"https:\/\/www.organisator.ch\/management\/2016-11-17\/trotz-unsicherheiten-geben-sich-cfos-optimistisch\/#breadcrumb","itemListElement":[{"@type":"ListItem","position":1,"name":"Home","item":"https:\/\/www.organisator.ch\/"},{"@type":"ListItem","position":2,"name":"Trotz Unsicherheiten geben sich CFOs optimistisch"}]},{"@type":"WebSite","@id":"https:\/\/www.organisator.ch\/#website","url":"https:\/\/www.organisator.ch\/","name":"Organizer","description":"Competent. Practical. In 10 issues per year, ORGANISATOR presents the essential topics for managers of SMEs.","publisher":{"@id":"https:\/\/www.organisator.ch\/#organization"},"potentialAction":[{"@type":"SearchAction","target":{"@type":"EntryPoint","urlTemplate":"https:\/\/www.organisator.ch\/?s={search_term_string}"},"query-input":{"@type":"PropertyValueSpecification","valueRequired":true,"valueName":"search_term_string"}}],"inLanguage":"en-US"},{"@type":"Organization","@id":"https:\/\/www.organisator.ch\/#organization","name":"Organizer","url":"https:\/\/www.organisator.ch\/","logo":{"@type":"ImageObject","inLanguage":"en-US","@id":"https:\/\/www.organisator.ch\/#\/schema\/logo\/image\/","url":"https:\/\/www.organisator.ch\/wp-content\/uploads\/2022\/01\/Logo_Organisator_Website.png","contentUrl":"https:\/\/www.organisator.ch\/wp-content\/uploads\/2022\/01\/Logo_Organisator_Website.png","width":800,"height":77,"caption":"Organisator"},"image":{"@id":"https:\/\/www.organisator.ch\/#\/schema\/logo\/image\/"},"sameAs":["https:\/\/www.facebook.com\/OrganisatorFachmagazin","https:\/\/www.linkedin.com\/showcase\/organisator-das-magazin-fr-kmu","https:\/\/www.xing.com\/news\/pages\/organisator-ch-695","https:\/\/www.youtube.com\/channel\/UCGP2Sq0iWaZwT3BdIAQFYpw"]},{"@type":"Person","@id":"https:\/\/www.organisator.ch\/#\/schema\/person\/aa2bace6c5c5aad60102004a50c4eb1c","name":"admin","image":{"@type":"ImageObject","inLanguage":"en-US","@id":"https:\/\/secure.gravatar.com\/avatar\/ae2f4d718e6c49043e314ce431e7e645d646302a24a5ef5a8bc8e3f5a032e319?s=96&d=mm&r=g","url":"https:\/\/secure.gravatar.com\/avatar\/ae2f4d718e6c49043e314ce431e7e645d646302a24a5ef5a8bc8e3f5a032e319?s=96&d=mm&r=g","contentUrl":"https:\/\/secure.gravatar.com\/avatar\/ae2f4d718e6c49043e314ce431e7e645d646302a24a5ef5a8bc8e3f5a032e319?s=96&d=mm&r=g","caption":"admin"},"sameAs":["https:\/\/www.organisator.ch"],"url":"https:\/\/www.organisator.ch\/en\/author\/admin\/"}]}},"_links":{"self":[{"href":"https:\/\/www.organisator.ch\/en\/wp-json\/wp\/v2\/posts\/371","targetHints":{"allow":["GET"]}}],"collection":[{"href":"https:\/\/www.organisator.ch\/en\/wp-json\/wp\/v2\/posts"}],"about":[{"href":"https:\/\/www.organisator.ch\/en\/wp-json\/wp\/v2\/types\/post"}],"author":[{"embeddable":true,"href":"https:\/\/www.organisator.ch\/en\/wp-json\/wp\/v2\/users\/1"}],"replies":[{"embeddable":true,"href":"https:\/\/www.organisator.ch\/en\/wp-json\/wp\/v2\/comments?post=371"}],"version-history":[{"count":0,"href":"https:\/\/www.organisator.ch\/en\/wp-json\/wp\/v2\/posts\/371\/revisions"}],"wp:featuredmedia":[{"embeddable":true,"href":"https:\/\/www.organisator.ch\/en\/wp-json\/wp\/v2\/media\/372"}],"wp:attachment":[{"href":"https:\/\/www.organisator.ch\/en\/wp-json\/wp\/v2\/media?parent=371"}],"wp:term":[{"taxonomy":"category","embeddable":true,"href":"https:\/\/www.organisator.ch\/en\/wp-json\/wp\/v2\/categories?post=371"},{"taxonomy":"post_tag","embeddable":true,"href":"https:\/\/www.organisator.ch\/en\/wp-json\/wp\/v2\/tags?post=371"}],"curies":[{"name":"wp","href":"https:\/\/api.w.org\/{rel}","templated":true}]}}