{"id":37146,"date":"2025-03-25T07:50:31","date_gmt":"2025-03-25T06:50:31","guid":{"rendered":"https:\/\/www.markt-kom.com\/?p=232380"},"modified":"2025-03-25T07:53:09","modified_gmt":"2025-03-25T06:53:09","slug":"june-unterstuetzt-die-hwz-in-der-strategischen-kommunikation","status":"publish","type":"post","link":"https:\/\/www.organisator.ch\/en\/marketing\/2025-03-25\/june-unterstuetzt-die-hwz-in-der-strategischen-kommunikation\/","title":{"rendered":"June supports the HWZ in strategic communication"},"content":{"rendered":"<figure id=\"attachment_232381\" class=\"wp-caption aligncenter\" style=\"width: 1200px;\" aria-describedby=\"caption-attachment-232381\"><a href=\"https:\/\/www.markt-kom.com\/wp-content\/uploads\/2025\/03\/JUNExHWZ.jpg\"><img class=\"size-full wp-image-232381\" src=\"https:\/\/www.markt-kom.com\/wp-content\/uploads\/2025\/03\/JUNExHWZ.jpg\" sizes=\"(max-width: 1200px) 100vw, 1200px\" srcset=\"https:\/\/www.markt-kom.com\/wp-content\/uploads\/2025\/03\/JUNExHWZ.jpg 1200w, https:\/\/www.markt-kom.com\/wp-content\/uploads\/2025\/03\/JUNExHWZ-600x450.jpg 600w, https:\/\/www.markt-kom.com\/wp-content\/uploads\/2025\/03\/JUNExHWZ-1024x768.jpg 1024w, https:\/\/www.markt-kom.com\/wp-content\/uploads\/2025\/03\/JUNExHWZ-768x576.jpg 768w, https:\/\/www.markt-kom.com\/wp-content\/uploads\/2025\/03\/JUNExHWZ-16x12.jpg 16w, https:\/\/www.markt-kom.com\/wp-content\/uploads\/2025\/03\/JUNExHWZ-233x175.jpg 233w, https:\/\/www.markt-kom.com\/wp-content\/uploads\/2025\/03\/JUNExHWZ-467x350.jpg 467w, https:\/\/www.markt-kom.com\/wp-content\/uploads\/2025\/03\/JUNExHWZ-1000x750.jpg 1000w\" alt=\"\" width=\"1200\" height=\"900\" \/><\/a>\r\n<figcaption id=\"caption-attachment-232381\" class=\"wp-caption-text\">Working together on the public positioning of the HWZ: Sandra Bornand, Leana Aeschbach and Laura Oderbolz from the HWZ, Melanie K\u00e4lin and Martina Meyer from June (from left to right). (Picture: zVg.)<\/figcaption>\r\n<\/figure>\r\n<p>The HWZ exclusively offers part-time degree programs in the field of business. In order to sharpen its positioning, the Zurich agency June is supporting the HWZ as a sparring partner in strategic communication. In addition to media work, media screening, monitoring of relevant topics and content planning, the university management, department heads and other experts will be positioned in the coming months.<\/p>\r\n<h3><strong>Focus on expert:inside positioning and visibility<\/strong><\/h3>\r\n<p>A particular focus is on the positioning of the new Rector Prof. Dr. Brian P. R\u00fceger, who has headed the HWZ since October 2024. June accompanies the targeted positioning of his vision for the university and the associated further development of the HWZ.<\/p>\r\n<p>\"June has a deep understanding of strategic corporate communications. You know how to identify relevant topics and position the university management and our other experts in a targeted manner in order to strengthen the HWZ as a leading business school in the long term,\" Laura Oderbolz, Head of Communications at HWZ, is convinced.<\/p>","protected":false},"excerpt":{"rendered":"<p>The HWZ Zurich University of Applied Sciences relies on the expertise of the June Corporate Communications agency. By means of targeted expert positioning and media work, the HWZ is to be anchored even more firmly in the public eye as a leading institution for practical business education.<\/p>","protected":false},"author":8,"featured_media":0,"comment_status":"closed","ping_status":"closed","sticky":false,"template":"","format":"standard","meta":{"_acf_changed":false,"_yoast_wpseo_focuskw":"Strategische Kommunikation HWZ","_yoast_wpseo_metadesc":"Die HWZ st\u00e4rkt mit June ihre Position als f\u00fchrende Wirtschaftshochschule durch gezielte Kommunikation und Expert:innen-Positionierung.","articlekey":"","footnotes":""},"categories":[29],"tags":[2855,1382,5146],"class_list":["post-37146","post","type-post","status-publish","format-standard","hentry","category-marketing","tag-etats","tag-hwz","tag-jung-von-matt-june"],"acf":[],"yoast_head":"<!-- This site is optimized with the Yoast SEO plugin v27.5 - https:\/\/yoast.com\/product\/yoast-seo-wordpress\/ -->\n<title>June unterst\u00fctzt die HWZ in der strategischen Kommunikation - Organisator<\/title>\n<meta name=\"description\" content=\"Die HWZ st\u00e4rkt mit June ihre Position als f\u00fchrende Wirtschaftshochschule durch gezielte Kommunikation und Expert:innen-Positionierung.\" \/>\n<meta name=\"robots\" content=\"index, follow, max-snippet:-1, max-image-preview:large, max-video-preview:-1\" \/>\n<link rel=\"canonical\" href=\"https:\/\/www.organisator.ch\/en\/marketing\/2025-03-25\/june-unterstuetzt-die-hwz-in-der-strategischen-kommunikation\/\" \/>\n<meta property=\"og:locale\" content=\"en_US\" \/>\n<meta property=\"og:type\" content=\"article\" \/>\n<meta property=\"og:title\" content=\"June unterst\u00fctzt die HWZ in der strategischen Kommunikation - Organisator\" \/>\n<meta property=\"og:description\" content=\"Die HWZ st\u00e4rkt mit June ihre Position als f\u00fchrende Wirtschaftshochschule durch gezielte Kommunikation und Expert:innen-Positionierung.\" \/>\n<meta property=\"og:url\" content=\"https:\/\/www.organisator.ch\/en\/marketing\/2025-03-25\/june-unterstuetzt-die-hwz-in-der-strategischen-kommunikation\/\" \/>\n<meta property=\"og:site_name\" content=\"Organisator\" \/>\n<meta property=\"article:publisher\" content=\"https:\/\/www.facebook.com\/OrganisatorFachmagazin\" \/>\n<meta property=\"article:published_time\" content=\"2025-03-25T06:50:31+00:00\" \/>\n<meta property=\"article:modified_time\" content=\"2025-03-25T06:53:09+00:00\" \/>\n<meta name=\"author\" content=\"galledia\" \/>\n<meta name=\"twitter:card\" content=\"summary_large_image\" \/>\n<meta name=\"twitter:creator\" content=\"@admin\" \/>\n<script type=\"application\/ld+json\" class=\"yoast-schema-graph\">{\"@context\":\"https:\\\/\\\/schema.org\",\"@graph\":[{\"@type\":\"Article\",\"@id\":\"https:\\\/\\\/www.organisator.ch\\\/marketing\\\/2025-03-25\\\/june-unterstuetzt-die-hwz-in-der-strategischen-kommunikation\\\/#article\",\"isPartOf\":{\"@id\":\"https:\\\/\\\/www.organisator.ch\\\/marketing\\\/2025-03-25\\\/june-unterstuetzt-die-hwz-in-der-strategischen-kommunikation\\\/\"},\"author\":{\"name\":\"galledia\",\"@id\":\"https:\\\/\\\/www.organisator.ch\\\/#\\\/schema\\\/person\\\/4e51799071cd2dd1232ac003643ef5f0\"},\"headline\":\"June unterst\u00fctzt die HWZ in der strategischen Kommunikation\",\"datePublished\":\"2025-03-25T06:50:31+00:00\",\"dateModified\":\"2025-03-25T06:53:09+00:00\",\"mainEntityOfPage\":{\"@id\":\"https:\\\/\\\/www.organisator.ch\\\/marketing\\\/2025-03-25\\\/june-unterstuetzt-die-hwz-in-der-strategischen-kommunikation\\\/\"},\"wordCount\":192,\"publisher\":{\"@id\":\"https:\\\/\\\/www.organisator.ch\\\/#organization\"},\"image\":{\"@id\":\"https:\\\/\\\/www.organisator.ch\\\/marketing\\\/2025-03-25\\\/june-unterstuetzt-die-hwz-in-der-strategischen-kommunikation\\\/#primaryimage\"},\"thumbnailUrl\":\"https:\\\/\\\/www.markt-kom.com\\\/wp-content\\\/uploads\\\/2025\\\/03\\\/JUNExHWZ.jpg\",\"keywords\":[\"Etats\",\"HWZ\",\"Jung von Matt June\"],\"articleSection\":[\"MARKETING\"],\"inLanguage\":\"en-US\"},{\"@type\":\"WebPage\",\"@id\":\"https:\\\/\\\/www.organisator.ch\\\/marketing\\\/2025-03-25\\\/june-unterstuetzt-die-hwz-in-der-strategischen-kommunikation\\\/\",\"url\":\"https:\\\/\\\/www.organisator.ch\\\/marketing\\\/2025-03-25\\\/june-unterstuetzt-die-hwz-in-der-strategischen-kommunikation\\\/\",\"name\":\"June unterst\u00fctzt die HWZ in der strategischen Kommunikation - Organisator\",\"isPartOf\":{\"@id\":\"https:\\\/\\\/www.organisator.ch\\\/#website\"},\"primaryImageOfPage\":{\"@id\":\"https:\\\/\\\/www.organisator.ch\\\/marketing\\\/2025-03-25\\\/june-unterstuetzt-die-hwz-in-der-strategischen-kommunikation\\\/#primaryimage\"},\"image\":{\"@id\":\"https:\\\/\\\/www.organisator.ch\\\/marketing\\\/2025-03-25\\\/june-unterstuetzt-die-hwz-in-der-strategischen-kommunikation\\\/#primaryimage\"},\"thumbnailUrl\":\"https:\\\/\\\/www.markt-kom.com\\\/wp-content\\\/uploads\\\/2025\\\/03\\\/JUNExHWZ.jpg\",\"datePublished\":\"2025-03-25T06:50:31+00:00\",\"dateModified\":\"2025-03-25T06:53:09+00:00\",\"description\":\"Die HWZ st\u00e4rkt mit June ihre Position als f\u00fchrende Wirtschaftshochschule durch gezielte Kommunikation und Expert:innen-Positionierung.\",\"breadcrumb\":{\"@id\":\"https:\\\/\\\/www.organisator.ch\\\/marketing\\\/2025-03-25\\\/june-unterstuetzt-die-hwz-in-der-strategischen-kommunikation\\\/#breadcrumb\"},\"inLanguage\":\"en-US\",\"potentialAction\":[{\"@type\":\"ReadAction\",\"target\":[\"https:\\\/\\\/www.organisator.ch\\\/marketing\\\/2025-03-25\\\/june-unterstuetzt-die-hwz-in-der-strategischen-kommunikation\\\/\"]}]},{\"@type\":\"ImageObject\",\"inLanguage\":\"en-US\",\"@id\":\"https:\\\/\\\/www.organisator.ch\\\/marketing\\\/2025-03-25\\\/june-unterstuetzt-die-hwz-in-der-strategischen-kommunikation\\\/#primaryimage\",\"url\":\"https:\\\/\\\/www.markt-kom.com\\\/wp-content\\\/uploads\\\/2025\\\/03\\\/JUNExHWZ.jpg\",\"contentUrl\":\"https:\\\/\\\/www.markt-kom.com\\\/wp-content\\\/uploads\\\/2025\\\/03\\\/JUNExHWZ.jpg\"},{\"@type\":\"BreadcrumbList\",\"@id\":\"https:\\\/\\\/www.organisator.ch\\\/marketing\\\/2025-03-25\\\/june-unterstuetzt-die-hwz-in-der-strategischen-kommunikation\\\/#breadcrumb\",\"itemListElement\":[{\"@type\":\"ListItem\",\"position\":1,\"name\":\"Home\",\"item\":\"https:\\\/\\\/www.organisator.ch\\\/\"},{\"@type\":\"ListItem\",\"position\":2,\"name\":\"June unterst\u00fctzt die HWZ in der strategischen Kommunikation\"}]},{\"@type\":\"WebSite\",\"@id\":\"https:\\\/\\\/www.organisator.ch\\\/#website\",\"url\":\"https:\\\/\\\/www.organisator.ch\\\/\",\"name\":\"Organisator\",\"description\":\"Kompetent. Praxisnah. Der ORGANISATOR bereitet in 10 Ausgaben pro Jahr die wesentlichen Themen f\u00fcr F\u00fchrungskr\u00e4fte von KMU auf.\",\"publisher\":{\"@id\":\"https:\\\/\\\/www.organisator.ch\\\/#organization\"},\"potentialAction\":[{\"@type\":\"SearchAction\",\"target\":{\"@type\":\"EntryPoint\",\"urlTemplate\":\"https:\\\/\\\/www.organisator.ch\\\/?s={search_term_string}\"},\"query-input\":{\"@type\":\"PropertyValueSpecification\",\"valueRequired\":true,\"valueName\":\"search_term_string\"}}],\"inLanguage\":\"en-US\"},{\"@type\":\"Organization\",\"@id\":\"https:\\\/\\\/www.organisator.ch\\\/#organization\",\"name\":\"Organisator\",\"url\":\"https:\\\/\\\/www.organisator.ch\\\/\",\"logo\":{\"@type\":\"ImageObject\",\"inLanguage\":\"en-US\",\"@id\":\"https:\\\/\\\/www.organisator.ch\\\/#\\\/schema\\\/logo\\\/image\\\/\",\"url\":\"https:\\\/\\\/www.organisator.ch\\\/wp-content\\\/uploads\\\/2022\\\/01\\\/Logo_Organisator_Website.png\",\"contentUrl\":\"https:\\\/\\\/www.organisator.ch\\\/wp-content\\\/uploads\\\/2022\\\/01\\\/Logo_Organisator_Website.png\",\"width\":800,\"height\":77,\"caption\":\"Organisator\"},\"image\":{\"@id\":\"https:\\\/\\\/www.organisator.ch\\\/#\\\/schema\\\/logo\\\/image\\\/\"},\"sameAs\":[\"https:\\\/\\\/www.facebook.com\\\/OrganisatorFachmagazin\",\"https:\\\/\\\/www.linkedin.com\\\/showcase\\\/organisator-das-magazin-fr-kmu\",\"https:\\\/\\\/www.xing.com\\\/news\\\/pages\\\/organisator-ch-695\",\"https:\\\/\\\/www.youtube.com\\\/channel\\\/UCGP2Sq0iWaZwT3BdIAQFYpw\"]},{\"@type\":\"Person\",\"@id\":\"https:\\\/\\\/www.organisator.ch\\\/#\\\/schema\\\/person\\\/4e51799071cd2dd1232ac003643ef5f0\",\"name\":\"galledia\",\"image\":{\"@type\":\"ImageObject\",\"inLanguage\":\"en-US\",\"@id\":\"https:\\\/\\\/secure.gravatar.com\\\/avatar\\\/78a7f90c01fc2bfc875782a0d4922b37cde2cf184ce347b91316d23cd7f69a36?s=96&d=mm&r=g\",\"url\":\"https:\\\/\\\/secure.gravatar.com\\\/avatar\\\/78a7f90c01fc2bfc875782a0d4922b37cde2cf184ce347b91316d23cd7f69a36?s=96&d=mm&r=g\",\"contentUrl\":\"https:\\\/\\\/secure.gravatar.com\\\/avatar\\\/78a7f90c01fc2bfc875782a0d4922b37cde2cf184ce347b91316d23cd7f69a36?s=96&d=mm&r=g\",\"caption\":\"galledia\"},\"sameAs\":[\"https:\\\/\\\/x.com\\\/admin\"],\"url\":\"https:\\\/\\\/www.organisator.ch\\\/en\\\/author\\\/galledia\\\/\"}]}<\/script>\n<!-- \/ Yoast SEO plugin. -->","yoast_head_json":{"title":"June supports the HWZ in strategic communication - Organizer","description":"With June, the HWZ strengthens its position as a leading business school through targeted communication and expert positioning.","robots":{"index":"index","follow":"follow","max-snippet":"max-snippet:-1","max-image-preview":"max-image-preview:large","max-video-preview":"max-video-preview:-1"},"canonical":"https:\/\/www.organisator.ch\/en\/marketing\/2025-03-25\/june-unterstuetzt-die-hwz-in-der-strategischen-kommunikation\/","og_locale":"en_US","og_type":"article","og_title":"June unterst\u00fctzt die HWZ in der strategischen Kommunikation - Organisator","og_description":"Die HWZ st\u00e4rkt mit June ihre Position als f\u00fchrende Wirtschaftshochschule durch gezielte Kommunikation und Expert:innen-Positionierung.","og_url":"https:\/\/www.organisator.ch\/en\/marketing\/2025-03-25\/june-unterstuetzt-die-hwz-in-der-strategischen-kommunikation\/","og_site_name":"Organisator","article_publisher":"https:\/\/www.facebook.com\/OrganisatorFachmagazin","article_published_time":"2025-03-25T06:50:31+00:00","article_modified_time":"2025-03-25T06:53:09+00:00","author":"galledia","twitter_card":"summary_large_image","twitter_creator":"@admin","schema":{"@context":"https:\/\/schema.org","@graph":[{"@type":"Article","@id":"https:\/\/www.organisator.ch\/marketing\/2025-03-25\/june-unterstuetzt-die-hwz-in-der-strategischen-kommunikation\/#article","isPartOf":{"@id":"https:\/\/www.organisator.ch\/marketing\/2025-03-25\/june-unterstuetzt-die-hwz-in-der-strategischen-kommunikation\/"},"author":{"name":"galledia","@id":"https:\/\/www.organisator.ch\/#\/schema\/person\/4e51799071cd2dd1232ac003643ef5f0"},"headline":"June unterst\u00fctzt die HWZ in der strategischen Kommunikation","datePublished":"2025-03-25T06:50:31+00:00","dateModified":"2025-03-25T06:53:09+00:00","mainEntityOfPage":{"@id":"https:\/\/www.organisator.ch\/marketing\/2025-03-25\/june-unterstuetzt-die-hwz-in-der-strategischen-kommunikation\/"},"wordCount":192,"publisher":{"@id":"https:\/\/www.organisator.ch\/#organization"},"image":{"@id":"https:\/\/www.organisator.ch\/marketing\/2025-03-25\/june-unterstuetzt-die-hwz-in-der-strategischen-kommunikation\/#primaryimage"},"thumbnailUrl":"https:\/\/www.markt-kom.com\/wp-content\/uploads\/2025\/03\/JUNExHWZ.jpg","keywords":["Etats","HWZ","Jung von Matt June"],"articleSection":["MARKETING"],"inLanguage":"en-US"},{"@type":"WebPage","@id":"https:\/\/www.organisator.ch\/marketing\/2025-03-25\/june-unterstuetzt-die-hwz-in-der-strategischen-kommunikation\/","url":"https:\/\/www.organisator.ch\/marketing\/2025-03-25\/june-unterstuetzt-die-hwz-in-der-strategischen-kommunikation\/","name":"June supports the HWZ in strategic communication - Organizer","isPartOf":{"@id":"https:\/\/www.organisator.ch\/#website"},"primaryImageOfPage":{"@id":"https:\/\/www.organisator.ch\/marketing\/2025-03-25\/june-unterstuetzt-die-hwz-in-der-strategischen-kommunikation\/#primaryimage"},"image":{"@id":"https:\/\/www.organisator.ch\/marketing\/2025-03-25\/june-unterstuetzt-die-hwz-in-der-strategischen-kommunikation\/#primaryimage"},"thumbnailUrl":"https:\/\/www.markt-kom.com\/wp-content\/uploads\/2025\/03\/JUNExHWZ.jpg","datePublished":"2025-03-25T06:50:31+00:00","dateModified":"2025-03-25T06:53:09+00:00","description":"With June, the HWZ strengthens its position as a leading business school through targeted communication and expert positioning.","breadcrumb":{"@id":"https:\/\/www.organisator.ch\/marketing\/2025-03-25\/june-unterstuetzt-die-hwz-in-der-strategischen-kommunikation\/#breadcrumb"},"inLanguage":"en-US","potentialAction":[{"@type":"ReadAction","target":["https:\/\/www.organisator.ch\/marketing\/2025-03-25\/june-unterstuetzt-die-hwz-in-der-strategischen-kommunikation\/"]}]},{"@type":"ImageObject","inLanguage":"en-US","@id":"https:\/\/www.organisator.ch\/marketing\/2025-03-25\/june-unterstuetzt-die-hwz-in-der-strategischen-kommunikation\/#primaryimage","url":"https:\/\/www.markt-kom.com\/wp-content\/uploads\/2025\/03\/JUNExHWZ.jpg","contentUrl":"https:\/\/www.markt-kom.com\/wp-content\/uploads\/2025\/03\/JUNExHWZ.jpg"},{"@type":"BreadcrumbList","@id":"https:\/\/www.organisator.ch\/marketing\/2025-03-25\/june-unterstuetzt-die-hwz-in-der-strategischen-kommunikation\/#breadcrumb","itemListElement":[{"@type":"ListItem","position":1,"name":"Home","item":"https:\/\/www.organisator.ch\/"},{"@type":"ListItem","position":2,"name":"June unterst\u00fctzt die HWZ in der strategischen Kommunikation"}]},{"@type":"WebSite","@id":"https:\/\/www.organisator.ch\/#website","url":"https:\/\/www.organisator.ch\/","name":"Organizer","description":"Competent. Practical. In 10 issues per year, ORGANISATOR presents the essential topics for managers of SMEs.","publisher":{"@id":"https:\/\/www.organisator.ch\/#organization"},"potentialAction":[{"@type":"SearchAction","target":{"@type":"EntryPoint","urlTemplate":"https:\/\/www.organisator.ch\/?s={search_term_string}"},"query-input":{"@type":"PropertyValueSpecification","valueRequired":true,"valueName":"search_term_string"}}],"inLanguage":"en-US"},{"@type":"Organization","@id":"https:\/\/www.organisator.ch\/#organization","name":"Organizer","url":"https:\/\/www.organisator.ch\/","logo":{"@type":"ImageObject","inLanguage":"en-US","@id":"https:\/\/www.organisator.ch\/#\/schema\/logo\/image\/","url":"https:\/\/www.organisator.ch\/wp-content\/uploads\/2022\/01\/Logo_Organisator_Website.png","contentUrl":"https:\/\/www.organisator.ch\/wp-content\/uploads\/2022\/01\/Logo_Organisator_Website.png","width":800,"height":77,"caption":"Organisator"},"image":{"@id":"https:\/\/www.organisator.ch\/#\/schema\/logo\/image\/"},"sameAs":["https:\/\/www.facebook.com\/OrganisatorFachmagazin","https:\/\/www.linkedin.com\/showcase\/organisator-das-magazin-fr-kmu","https:\/\/www.xing.com\/news\/pages\/organisator-ch-695","https:\/\/www.youtube.com\/channel\/UCGP2Sq0iWaZwT3BdIAQFYpw"]},{"@type":"Person","@id":"https:\/\/www.organisator.ch\/#\/schema\/person\/4e51799071cd2dd1232ac003643ef5f0","name":"galledia","image":{"@type":"ImageObject","inLanguage":"en-US","@id":"https:\/\/secure.gravatar.com\/avatar\/78a7f90c01fc2bfc875782a0d4922b37cde2cf184ce347b91316d23cd7f69a36?s=96&d=mm&r=g","url":"https:\/\/secure.gravatar.com\/avatar\/78a7f90c01fc2bfc875782a0d4922b37cde2cf184ce347b91316d23cd7f69a36?s=96&d=mm&r=g","contentUrl":"https:\/\/secure.gravatar.com\/avatar\/78a7f90c01fc2bfc875782a0d4922b37cde2cf184ce347b91316d23cd7f69a36?s=96&d=mm&r=g","caption":"galledia"},"sameAs":["https:\/\/x.com\/admin"],"url":"https:\/\/www.organisator.ch\/en\/author\/galledia\/"}]}},"_links":{"self":[{"href":"https:\/\/www.organisator.ch\/en\/wp-json\/wp\/v2\/posts\/37146","targetHints":{"allow":["GET"]}}],"collection":[{"href":"https:\/\/www.organisator.ch\/en\/wp-json\/wp\/v2\/posts"}],"about":[{"href":"https:\/\/www.organisator.ch\/en\/wp-json\/wp\/v2\/types\/post"}],"author":[{"embeddable":true,"href":"https:\/\/www.organisator.ch\/en\/wp-json\/wp\/v2\/users\/8"}],"replies":[{"embeddable":true,"href":"https:\/\/www.organisator.ch\/en\/wp-json\/wp\/v2\/comments?post=37146"}],"version-history":[{"count":4,"href":"https:\/\/www.organisator.ch\/en\/wp-json\/wp\/v2\/posts\/37146\/revisions"}],"predecessor-version":[{"id":37172,"href":"https:\/\/www.organisator.ch\/en\/wp-json\/wp\/v2\/posts\/37146\/revisions\/37172"}],"wp:attachment":[{"href":"https:\/\/www.organisator.ch\/en\/wp-json\/wp\/v2\/media?parent=37146"}],"wp:term":[{"taxonomy":"category","embeddable":true,"href":"https:\/\/www.organisator.ch\/en\/wp-json\/wp\/v2\/categories?post=37146"},{"taxonomy":"post_tag","embeddable":true,"href":"https:\/\/www.organisator.ch\/en\/wp-json\/wp\/v2\/tags?post=37146"}],"curies":[{"name":"wp","href":"https:\/\/api.w.org\/{rel}","templated":true}]}}