{"id":37176,"date":"2025-03-25T11:00:31","date_gmt":"2025-03-25T10:00:31","guid":{"rendered":"https:\/\/www.organisator.ch\/?p=37176"},"modified":"2025-03-25T10:27:57","modified_gmt":"2025-03-25T09:27:57","slug":"neuer-direktor-der-hochschule-fuer-wirtschaft-fhnw","status":"publish","type":"post","link":"https:\/\/www.organisator.ch\/en\/management\/2025-03-25\/neuer-direktor-der-hochschule-fuer-wirtschaft-fhnw\/","title":{"rendered":"New Director of the FHNW School of Business"},"content":{"rendered":"<figure id=\"attachment_37177\" aria-describedby=\"caption-attachment-37177\" style=\"width: 680px\" class=\"wp-caption alignnone\"><img loading=\"lazy\" decoding=\"async\" class=\"size-full wp-image-37177\" src=\"https:\/\/www.organisator.ch\/wp-content\/uploads\/2025\/03\/FHNW_Bild_ps-1.jpg\" alt=\"\" width=\"680\" height=\"452\" srcset=\"https:\/\/www.organisator.ch\/wp-content\/uploads\/2025\/03\/FHNW_Bild_ps-1.jpg 680w, https:\/\/www.organisator.ch\/wp-content\/uploads\/2025\/03\/FHNW_Bild_ps-1-18x12.jpg 18w, https:\/\/www.organisator.ch\/wp-content\/uploads\/2025\/03\/FHNW_Bild_ps-1-375x249.jpg 375w, https:\/\/www.organisator.ch\/wp-content\/uploads\/2025\/03\/FHNW_Bild_ps-1-527x350.jpg 527w\" sizes=\"auto, (max-width: 680px) 100vw, 680px\" \/><figcaption id=\"caption-attachment-37177\" class=\"wp-caption-text\">Dr. Rico Travella, new Director of the FHNW School of Business. (Image: FHNW)<\/figcaption><\/figure>\n<p>Dr. Rico Travella (58) graduated in business administration from the University of St. Gallen in 1990 and obtained his doctorate in business administration and marketing in 2003, also from the University of St. Gallen. Due to his professional career in the areas of management consulting, marketing and communication, he has many years of broad management experience in various private companies. Since 2020, Dr. Rico Travella has worked at Alternative Bank Switzerland, first as Head of Marketing and Communications and since 2022 as a member of the Executive Board and Head of Services (Marketing &amp; Communications, Sustainability, HR, Projects, IT, Infrastructure, Finance, Legal &amp; Compliance).<\/p>\n<p>On 1 September 2025, Dr. Rico Travella will take over the strategic and operational management as well as the future-oriented further development of the FHNW School of Business with over 400 employees and around 3,000 students. In his role as Director, he will strategically expand and strengthen the regional, national and international network as well as the positioning of the FHNW School of Business, promote the further development of a contemporary, practice-oriented and science-based educational offering and, as a member of the Board of Directors of the University of Applied Sciences and Arts Northwestern Switzerland FHNW, share responsibility for the development of the FHNW.<\/p>\n<p>Markus Jordi, President of the FHNW University of Applied Sciences Council, is delighted with the choice of the new Director. \"The new Director of the FHNW School of Business must meet an extremely demanding profile and have the skills to master future challenges in a goal-oriented and sustainable manner. We are convinced that we have found the right person in Rico Travella,\" says Markus Jordi.<\/p>\n<p>Prof. Dr. Crispino Bergamaschi, President of the Board of Directors of the University of Applied Sciences and Arts Northwestern Switzerland FHNW and Head of the Appointment Process, sums up the election of the new Director as follows: \"I am very pleased with the election of Rico Travella. The new Director has the experience, the network and the personality that are central to this role\".<\/p>\n<p><em>Source: <a href=\"http:\/\/www.fhnw.ch\">www.fhnw.ch<\/a><\/em><\/p>","protected":false},"excerpt":{"rendered":"<p>The Board of the University of Applied Sciences and Arts Northwestern Switzerland FHNW elected Dr. Rico Travella as the new Director of the FHNW School of Business on 24 March 2025.<\/p>","protected":false},"author":80,"featured_media":37177,"comment_status":"closed","ping_status":"closed","sticky":false,"template":"","format":"standard","meta":{"_acf_changed":false,"_yoast_wpseo_focuskw":"Rico Travella FHNW","_yoast_wpseo_metadesc":"Dr. Rico Travella wird ab September 2025 Direktor der Hochschule f\u00fcr Wirtschaft FHNW mit rund 3\u2019000 Studierenden.","articlekey":"","footnotes":""},"categories":[28],"tags":[987,1168,424,4301,2576],"class_list":["post-37176","post","type-post","status-publish","format-standard","has-post-thumbnail","hentry","category-management","tag-direktor","tag-fhnw","tag-schweiz","tag-wechsel","tag-wirtschaft"],"acf":[],"yoast_head":"<!-- This site is optimized with the Yoast SEO plugin v27.5 - https:\/\/yoast.com\/product\/yoast-seo-wordpress\/ -->\n<title>Neuer Direktor der Hochschule f\u00fcr Wirtschaft FHNW - Organisator<\/title>\n<meta name=\"description\" content=\"Dr. Rico Travella wird ab September 2025 Direktor der Hochschule f\u00fcr Wirtschaft FHNW mit rund 3\u2019000 Studierenden.\" \/>\n<meta name=\"robots\" content=\"index, follow, max-snippet:-1, max-image-preview:large, max-video-preview:-1\" \/>\n<link rel=\"canonical\" href=\"https:\/\/www.organisator.ch\/en\/management\/2025-03-25\/neuer-direktor-der-hochschule-fuer-wirtschaft-fhnw\/\" \/>\n<meta property=\"og:locale\" content=\"en_US\" \/>\n<meta property=\"og:type\" content=\"article\" \/>\n<meta property=\"og:title\" content=\"Neuer Direktor der Hochschule f\u00fcr Wirtschaft FHNW\" \/>\n<meta property=\"og:description\" content=\"Dr. Rico Travella wird ab September 2025 Direktor der Hochschule f\u00fcr Wirtschaft FHNW mit rund 3\u2019000 Studierenden.\" \/>\n<meta property=\"og:url\" content=\"https:\/\/www.organisator.ch\/en\/management\/2025-03-25\/neuer-direktor-der-hochschule-fuer-wirtschaft-fhnw\/\" \/>\n<meta property=\"og:site_name\" content=\"Organisator\" \/>\n<meta property=\"article:publisher\" content=\"https:\/\/www.facebook.com\/OrganisatorFachmagazin\" \/>\n<meta property=\"article:published_time\" content=\"2025-03-25T10:00:31+00:00\" \/>\n<meta property=\"og:image\" content=\"https:\/\/www.organisator.ch\/wp-content\/uploads\/2025\/03\/FHNW_Bild_ps-1.jpg\" \/>\n\t<meta property=\"og:image:width\" content=\"680\" \/>\n\t<meta property=\"og:image:height\" content=\"452\" \/>\n\t<meta property=\"og:image:type\" content=\"image\/jpeg\" \/>\n<meta name=\"author\" content=\"Dzana Muminovic\" \/>\n<meta name=\"twitter:card\" content=\"summary_large_image\" \/>\n<meta name=\"twitter:title\" content=\"Neuer Direktor der Hochschule f\u00fcr Wirtschaft FHNW\" \/>\n<meta name=\"twitter:description\" content=\"Dr. #Rico #Travella wird ab September 2025 #Direktor der #Hochschule f\u00fcr #Wirtschaft #FHNW mit rund 3\u2019000 Studierenden.\" \/>\n<meta name=\"twitter:image\" content=\"https:\/\/www.organisator.ch\/wp-content\/uploads\/2025\/03\/FHNW_Bild_ps-1.jpg\" \/>\n<script type=\"application\/ld+json\" class=\"yoast-schema-graph\">{\"@context\":\"https:\\\/\\\/schema.org\",\"@graph\":[{\"@type\":\"Article\",\"@id\":\"https:\\\/\\\/www.organisator.ch\\\/management\\\/2025-03-25\\\/neuer-direktor-der-hochschule-fuer-wirtschaft-fhnw\\\/#article\",\"isPartOf\":{\"@id\":\"https:\\\/\\\/www.organisator.ch\\\/management\\\/2025-03-25\\\/neuer-direktor-der-hochschule-fuer-wirtschaft-fhnw\\\/\"},\"author\":{\"name\":\"Dzana Muminovic\",\"@id\":\"https:\\\/\\\/www.organisator.ch\\\/#\\\/schema\\\/person\\\/afccda3a71c06d4be2ed9100dd163db7\"},\"headline\":\"Neuer Direktor der Hochschule f\u00fcr Wirtschaft FHNW\",\"datePublished\":\"2025-03-25T10:00:31+00:00\",\"mainEntityOfPage\":{\"@id\":\"https:\\\/\\\/www.organisator.ch\\\/management\\\/2025-03-25\\\/neuer-direktor-der-hochschule-fuer-wirtschaft-fhnw\\\/\"},\"wordCount\":318,\"publisher\":{\"@id\":\"https:\\\/\\\/www.organisator.ch\\\/#organization\"},\"image\":{\"@id\":\"https:\\\/\\\/www.organisator.ch\\\/management\\\/2025-03-25\\\/neuer-direktor-der-hochschule-fuer-wirtschaft-fhnw\\\/#primaryimage\"},\"thumbnailUrl\":\"https:\\\/\\\/www.organisator.ch\\\/wp-content\\\/uploads\\\/2025\\\/03\\\/FHNW_Bild_ps-1.jpg\",\"keywords\":[\"Direktor\",\"FHNW\",\"Schweiz\",\"Wechsel\",\"Wirtschaft\"],\"articleSection\":[\"MANAGEMENT\"],\"inLanguage\":\"en-US\"},{\"@type\":\"WebPage\",\"@id\":\"https:\\\/\\\/www.organisator.ch\\\/management\\\/2025-03-25\\\/neuer-direktor-der-hochschule-fuer-wirtschaft-fhnw\\\/\",\"url\":\"https:\\\/\\\/www.organisator.ch\\\/management\\\/2025-03-25\\\/neuer-direktor-der-hochschule-fuer-wirtschaft-fhnw\\\/\",\"name\":\"Neuer Direktor der Hochschule f\u00fcr Wirtschaft FHNW - Organisator\",\"isPartOf\":{\"@id\":\"https:\\\/\\\/www.organisator.ch\\\/#website\"},\"primaryImageOfPage\":{\"@id\":\"https:\\\/\\\/www.organisator.ch\\\/management\\\/2025-03-25\\\/neuer-direktor-der-hochschule-fuer-wirtschaft-fhnw\\\/#primaryimage\"},\"image\":{\"@id\":\"https:\\\/\\\/www.organisator.ch\\\/management\\\/2025-03-25\\\/neuer-direktor-der-hochschule-fuer-wirtschaft-fhnw\\\/#primaryimage\"},\"thumbnailUrl\":\"https:\\\/\\\/www.organisator.ch\\\/wp-content\\\/uploads\\\/2025\\\/03\\\/FHNW_Bild_ps-1.jpg\",\"datePublished\":\"2025-03-25T10:00:31+00:00\",\"description\":\"Dr. Rico Travella wird ab September 2025 Direktor der Hochschule f\u00fcr Wirtschaft FHNW mit rund 3\u2019000 Studierenden.\",\"breadcrumb\":{\"@id\":\"https:\\\/\\\/www.organisator.ch\\\/management\\\/2025-03-25\\\/neuer-direktor-der-hochschule-fuer-wirtschaft-fhnw\\\/#breadcrumb\"},\"inLanguage\":\"en-US\",\"potentialAction\":[{\"@type\":\"ReadAction\",\"target\":[\"https:\\\/\\\/www.organisator.ch\\\/management\\\/2025-03-25\\\/neuer-direktor-der-hochschule-fuer-wirtschaft-fhnw\\\/\"]}]},{\"@type\":\"ImageObject\",\"inLanguage\":\"en-US\",\"@id\":\"https:\\\/\\\/www.organisator.ch\\\/management\\\/2025-03-25\\\/neuer-direktor-der-hochschule-fuer-wirtschaft-fhnw\\\/#primaryimage\",\"url\":\"https:\\\/\\\/www.organisator.ch\\\/wp-content\\\/uploads\\\/2025\\\/03\\\/FHNW_Bild_ps-1.jpg\",\"contentUrl\":\"https:\\\/\\\/www.organisator.ch\\\/wp-content\\\/uploads\\\/2025\\\/03\\\/FHNW_Bild_ps-1.jpg\",\"width\":680,\"height\":452,\"caption\":\"Dr. Rico Travella, neuer Direktor der Hochschule f\u00fcr Wirtschaft FHNW. (Bild: FHNW)\"},{\"@type\":\"BreadcrumbList\",\"@id\":\"https:\\\/\\\/www.organisator.ch\\\/management\\\/2025-03-25\\\/neuer-direktor-der-hochschule-fuer-wirtschaft-fhnw\\\/#breadcrumb\",\"itemListElement\":[{\"@type\":\"ListItem\",\"position\":1,\"name\":\"Home\",\"item\":\"https:\\\/\\\/www.organisator.ch\\\/\"},{\"@type\":\"ListItem\",\"position\":2,\"name\":\"Neuer Direktor der Hochschule f\u00fcr Wirtschaft FHNW\"}]},{\"@type\":\"WebSite\",\"@id\":\"https:\\\/\\\/www.organisator.ch\\\/#website\",\"url\":\"https:\\\/\\\/www.organisator.ch\\\/\",\"name\":\"Organisator\",\"description\":\"Kompetent. Praxisnah. Der ORGANISATOR bereitet in 10 Ausgaben pro Jahr die wesentlichen Themen f\u00fcr F\u00fchrungskr\u00e4fte von KMU auf.\",\"publisher\":{\"@id\":\"https:\\\/\\\/www.organisator.ch\\\/#organization\"},\"potentialAction\":[{\"@type\":\"SearchAction\",\"target\":{\"@type\":\"EntryPoint\",\"urlTemplate\":\"https:\\\/\\\/www.organisator.ch\\\/?s={search_term_string}\"},\"query-input\":{\"@type\":\"PropertyValueSpecification\",\"valueRequired\":true,\"valueName\":\"search_term_string\"}}],\"inLanguage\":\"en-US\"},{\"@type\":\"Organization\",\"@id\":\"https:\\\/\\\/www.organisator.ch\\\/#organization\",\"name\":\"Organisator\",\"url\":\"https:\\\/\\\/www.organisator.ch\\\/\",\"logo\":{\"@type\":\"ImageObject\",\"inLanguage\":\"en-US\",\"@id\":\"https:\\\/\\\/www.organisator.ch\\\/#\\\/schema\\\/logo\\\/image\\\/\",\"url\":\"https:\\\/\\\/www.organisator.ch\\\/wp-content\\\/uploads\\\/2022\\\/01\\\/Logo_Organisator_Website.png\",\"contentUrl\":\"https:\\\/\\\/www.organisator.ch\\\/wp-content\\\/uploads\\\/2022\\\/01\\\/Logo_Organisator_Website.png\",\"width\":800,\"height\":77,\"caption\":\"Organisator\"},\"image\":{\"@id\":\"https:\\\/\\\/www.organisator.ch\\\/#\\\/schema\\\/logo\\\/image\\\/\"},\"sameAs\":[\"https:\\\/\\\/www.facebook.com\\\/OrganisatorFachmagazin\",\"https:\\\/\\\/www.linkedin.com\\\/showcase\\\/organisator-das-magazin-fr-kmu\",\"https:\\\/\\\/www.xing.com\\\/news\\\/pages\\\/organisator-ch-695\",\"https:\\\/\\\/www.youtube.com\\\/channel\\\/UCGP2Sq0iWaZwT3BdIAQFYpw\"]},{\"@type\":\"Person\",\"@id\":\"https:\\\/\\\/www.organisator.ch\\\/#\\\/schema\\\/person\\\/afccda3a71c06d4be2ed9100dd163db7\",\"name\":\"Dzana Muminovic\",\"image\":{\"@type\":\"ImageObject\",\"inLanguage\":\"en-US\",\"@id\":\"https:\\\/\\\/secure.gravatar.com\\\/avatar\\\/909c5c71aff4b38e88686f2ab2f1ba152571f394f41ed8bae431ea56ced93050?s=96&d=mm&r=g\",\"url\":\"https:\\\/\\\/secure.gravatar.com\\\/avatar\\\/909c5c71aff4b38e88686f2ab2f1ba152571f394f41ed8bae431ea56ced93050?s=96&d=mm&r=g\",\"contentUrl\":\"https:\\\/\\\/secure.gravatar.com\\\/avatar\\\/909c5c71aff4b38e88686f2ab2f1ba152571f394f41ed8bae431ea56ced93050?s=96&d=mm&r=g\",\"caption\":\"Dzana Muminovic\"},\"url\":\"https:\\\/\\\/www.organisator.ch\\\/en\\\/author\\\/dzana-muminovic\\\/\"}]}<\/script>\n<!-- \/ Yoast SEO plugin. -->","yoast_head_json":{"title":"New Director of the FHNW School of Business - Organizer","description":"Dr. Rico Travella will become Director of the FHNW School of Business with around 3,000 students from September 2025.","robots":{"index":"index","follow":"follow","max-snippet":"max-snippet:-1","max-image-preview":"max-image-preview:large","max-video-preview":"max-video-preview:-1"},"canonical":"https:\/\/www.organisator.ch\/en\/management\/2025-03-25\/neuer-direktor-der-hochschule-fuer-wirtschaft-fhnw\/","og_locale":"en_US","og_type":"article","og_title":"Neuer Direktor der Hochschule f\u00fcr Wirtschaft FHNW","og_description":"Dr. Rico Travella wird ab September 2025 Direktor der Hochschule f\u00fcr Wirtschaft FHNW mit rund 3\u2019000 Studierenden.","og_url":"https:\/\/www.organisator.ch\/en\/management\/2025-03-25\/neuer-direktor-der-hochschule-fuer-wirtschaft-fhnw\/","og_site_name":"Organisator","article_publisher":"https:\/\/www.facebook.com\/OrganisatorFachmagazin","article_published_time":"2025-03-25T10:00:31+00:00","og_image":[{"width":680,"height":452,"url":"https:\/\/www.organisator.ch\/wp-content\/uploads\/2025\/03\/FHNW_Bild_ps-1.jpg","type":"image\/jpeg"}],"author":"Dzana Muminovic","twitter_card":"summary_large_image","twitter_title":"Neuer Direktor der Hochschule f\u00fcr Wirtschaft FHNW","twitter_description":"Dr. #Rico #Travella wird ab September 2025 #Direktor der #Hochschule f\u00fcr #Wirtschaft #FHNW mit rund 3\u2019000 Studierenden.","twitter_image":"https:\/\/www.organisator.ch\/wp-content\/uploads\/2025\/03\/FHNW_Bild_ps-1.jpg","schema":{"@context":"https:\/\/schema.org","@graph":[{"@type":"Article","@id":"https:\/\/www.organisator.ch\/management\/2025-03-25\/neuer-direktor-der-hochschule-fuer-wirtschaft-fhnw\/#article","isPartOf":{"@id":"https:\/\/www.organisator.ch\/management\/2025-03-25\/neuer-direktor-der-hochschule-fuer-wirtschaft-fhnw\/"},"author":{"name":"Dzana Muminovic","@id":"https:\/\/www.organisator.ch\/#\/schema\/person\/afccda3a71c06d4be2ed9100dd163db7"},"headline":"Neuer Direktor der Hochschule f\u00fcr Wirtschaft FHNW","datePublished":"2025-03-25T10:00:31+00:00","mainEntityOfPage":{"@id":"https:\/\/www.organisator.ch\/management\/2025-03-25\/neuer-direktor-der-hochschule-fuer-wirtschaft-fhnw\/"},"wordCount":318,"publisher":{"@id":"https:\/\/www.organisator.ch\/#organization"},"image":{"@id":"https:\/\/www.organisator.ch\/management\/2025-03-25\/neuer-direktor-der-hochschule-fuer-wirtschaft-fhnw\/#primaryimage"},"thumbnailUrl":"https:\/\/www.organisator.ch\/wp-content\/uploads\/2025\/03\/FHNW_Bild_ps-1.jpg","keywords":["Direktor","FHNW","Schweiz","Wechsel","Wirtschaft"],"articleSection":["MANAGEMENT"],"inLanguage":"en-US"},{"@type":"WebPage","@id":"https:\/\/www.organisator.ch\/management\/2025-03-25\/neuer-direktor-der-hochschule-fuer-wirtschaft-fhnw\/","url":"https:\/\/www.organisator.ch\/management\/2025-03-25\/neuer-direktor-der-hochschule-fuer-wirtschaft-fhnw\/","name":"New Director of the FHNW School of Business - Organizer","isPartOf":{"@id":"https:\/\/www.organisator.ch\/#website"},"primaryImageOfPage":{"@id":"https:\/\/www.organisator.ch\/management\/2025-03-25\/neuer-direktor-der-hochschule-fuer-wirtschaft-fhnw\/#primaryimage"},"image":{"@id":"https:\/\/www.organisator.ch\/management\/2025-03-25\/neuer-direktor-der-hochschule-fuer-wirtschaft-fhnw\/#primaryimage"},"thumbnailUrl":"https:\/\/www.organisator.ch\/wp-content\/uploads\/2025\/03\/FHNW_Bild_ps-1.jpg","datePublished":"2025-03-25T10:00:31+00:00","description":"Dr. Rico Travella will become Director of the FHNW School of Business with around 3,000 students from September 2025.","breadcrumb":{"@id":"https:\/\/www.organisator.ch\/management\/2025-03-25\/neuer-direktor-der-hochschule-fuer-wirtschaft-fhnw\/#breadcrumb"},"inLanguage":"en-US","potentialAction":[{"@type":"ReadAction","target":["https:\/\/www.organisator.ch\/management\/2025-03-25\/neuer-direktor-der-hochschule-fuer-wirtschaft-fhnw\/"]}]},{"@type":"ImageObject","inLanguage":"en-US","@id":"https:\/\/www.organisator.ch\/management\/2025-03-25\/neuer-direktor-der-hochschule-fuer-wirtschaft-fhnw\/#primaryimage","url":"https:\/\/www.organisator.ch\/wp-content\/uploads\/2025\/03\/FHNW_Bild_ps-1.jpg","contentUrl":"https:\/\/www.organisator.ch\/wp-content\/uploads\/2025\/03\/FHNW_Bild_ps-1.jpg","width":680,"height":452,"caption":"Dr. Rico Travella, neuer Direktor der Hochschule f\u00fcr Wirtschaft FHNW. (Bild: FHNW)"},{"@type":"BreadcrumbList","@id":"https:\/\/www.organisator.ch\/management\/2025-03-25\/neuer-direktor-der-hochschule-fuer-wirtschaft-fhnw\/#breadcrumb","itemListElement":[{"@type":"ListItem","position":1,"name":"Home","item":"https:\/\/www.organisator.ch\/"},{"@type":"ListItem","position":2,"name":"Neuer Direktor der Hochschule f\u00fcr Wirtschaft FHNW"}]},{"@type":"WebSite","@id":"https:\/\/www.organisator.ch\/#website","url":"https:\/\/www.organisator.ch\/","name":"Organizer","description":"Competent. Practical. In 10 issues per year, ORGANISATOR presents the essential topics for managers of SMEs.","publisher":{"@id":"https:\/\/www.organisator.ch\/#organization"},"potentialAction":[{"@type":"SearchAction","target":{"@type":"EntryPoint","urlTemplate":"https:\/\/www.organisator.ch\/?s={search_term_string}"},"query-input":{"@type":"PropertyValueSpecification","valueRequired":true,"valueName":"search_term_string"}}],"inLanguage":"en-US"},{"@type":"Organization","@id":"https:\/\/www.organisator.ch\/#organization","name":"Organizer","url":"https:\/\/www.organisator.ch\/","logo":{"@type":"ImageObject","inLanguage":"en-US","@id":"https:\/\/www.organisator.ch\/#\/schema\/logo\/image\/","url":"https:\/\/www.organisator.ch\/wp-content\/uploads\/2022\/01\/Logo_Organisator_Website.png","contentUrl":"https:\/\/www.organisator.ch\/wp-content\/uploads\/2022\/01\/Logo_Organisator_Website.png","width":800,"height":77,"caption":"Organisator"},"image":{"@id":"https:\/\/www.organisator.ch\/#\/schema\/logo\/image\/"},"sameAs":["https:\/\/www.facebook.com\/OrganisatorFachmagazin","https:\/\/www.linkedin.com\/showcase\/organisator-das-magazin-fr-kmu","https:\/\/www.xing.com\/news\/pages\/organisator-ch-695","https:\/\/www.youtube.com\/channel\/UCGP2Sq0iWaZwT3BdIAQFYpw"]},{"@type":"Person","@id":"https:\/\/www.organisator.ch\/#\/schema\/person\/afccda3a71c06d4be2ed9100dd163db7","name":"Dzana Muminovic","image":{"@type":"ImageObject","inLanguage":"en-US","@id":"https:\/\/secure.gravatar.com\/avatar\/909c5c71aff4b38e88686f2ab2f1ba152571f394f41ed8bae431ea56ced93050?s=96&d=mm&r=g","url":"https:\/\/secure.gravatar.com\/avatar\/909c5c71aff4b38e88686f2ab2f1ba152571f394f41ed8bae431ea56ced93050?s=96&d=mm&r=g","contentUrl":"https:\/\/secure.gravatar.com\/avatar\/909c5c71aff4b38e88686f2ab2f1ba152571f394f41ed8bae431ea56ced93050?s=96&d=mm&r=g","caption":"Dzana Muminovic"},"url":"https:\/\/www.organisator.ch\/en\/author\/dzana-muminovic\/"}]}},"_links":{"self":[{"href":"https:\/\/www.organisator.ch\/en\/wp-json\/wp\/v2\/posts\/37176","targetHints":{"allow":["GET"]}}],"collection":[{"href":"https:\/\/www.organisator.ch\/en\/wp-json\/wp\/v2\/posts"}],"about":[{"href":"https:\/\/www.organisator.ch\/en\/wp-json\/wp\/v2\/types\/post"}],"author":[{"embeddable":true,"href":"https:\/\/www.organisator.ch\/en\/wp-json\/wp\/v2\/users\/80"}],"replies":[{"embeddable":true,"href":"https:\/\/www.organisator.ch\/en\/wp-json\/wp\/v2\/comments?post=37176"}],"version-history":[{"count":5,"href":"https:\/\/www.organisator.ch\/en\/wp-json\/wp\/v2\/posts\/37176\/revisions"}],"predecessor-version":[{"id":37226,"href":"https:\/\/www.organisator.ch\/en\/wp-json\/wp\/v2\/posts\/37176\/revisions\/37226"}],"wp:featuredmedia":[{"embeddable":true,"href":"https:\/\/www.organisator.ch\/en\/wp-json\/wp\/v2\/media\/37177"}],"wp:attachment":[{"href":"https:\/\/www.organisator.ch\/en\/wp-json\/wp\/v2\/media?parent=37176"}],"wp:term":[{"taxonomy":"category","embeddable":true,"href":"https:\/\/www.organisator.ch\/en\/wp-json\/wp\/v2\/categories?post=37176"},{"taxonomy":"post_tag","embeddable":true,"href":"https:\/\/www.organisator.ch\/en\/wp-json\/wp\/v2\/tags?post=37176"}],"curies":[{"name":"wp","href":"https:\/\/api.w.org\/{rel}","templated":true}]}}