{"id":37193,"date":"2025-03-25T13:42:54","date_gmt":"2025-03-25T12:42:54","guid":{"rendered":"https:\/\/www.markt-kom.com\/?p=232432"},"modified":"2025-03-25T13:35:25","modified_gmt":"2025-03-25T12:35:25","slug":"dmexco-2025-setzt-auf-mut-und-fortschritt","status":"publish","type":"post","link":"https:\/\/www.organisator.ch\/en\/marketing\/2025-03-25\/dmexco-2025-setzt-auf-mut-und-fortschritt\/","title":{"rendered":"Dmexco 2025 focuses on courage and progress"},"content":{"rendered":"<p><a href=\"https:\/\/www.markt-kom.com\/wp-content\/uploads\/2025\/03\/Dmexco-Keyvisual-2025.jpg\"><img class=\"aligncenter size-full wp-image-232434\" src=\"https:\/\/www.markt-kom.com\/wp-content\/uploads\/2025\/03\/Dmexco-Keyvisual-2025.jpg\" sizes=\"(max-width: 1200px) 100vw, 1200px\" srcset=\"https:\/\/www.markt-kom.com\/wp-content\/uploads\/2025\/03\/Dmexco-Keyvisual-2025.jpg 1200w, https:\/\/www.markt-kom.com\/wp-content\/uploads\/2025\/03\/Dmexco-Keyvisual-2025-600x343.jpg 600w, https:\/\/www.markt-kom.com\/wp-content\/uploads\/2025\/03\/Dmexco-Keyvisual-2025-1024x585.jpg 1024w, https:\/\/www.markt-kom.com\/wp-content\/uploads\/2025\/03\/Dmexco-Keyvisual-2025-768x439.jpg 768w, https:\/\/www.markt-kom.com\/wp-content\/uploads\/2025\/03\/Dmexco-Keyvisual-2025-18x10.jpg 18w, https:\/\/www.markt-kom.com\/wp-content\/uploads\/2025\/03\/Dmexco-Keyvisual-2025-306x175.jpg 306w, https:\/\/www.markt-kom.com\/wp-content\/uploads\/2025\/03\/Dmexco-Keyvisual-2025-612x350.jpg 612w, https:\/\/www.markt-kom.com\/wp-content\/uploads\/2025\/03\/Dmexco-Keyvisual-2025-1000x572.jpg 1000w\" alt=\"\" width=\"1200\" height=\"686\" \/><\/a><\/p>\r\n<p>The digital economy is undergoing a process of transformation - characterized by artificial intelligence, geopolitical uncertainties and changing market conditions. With this year's guiding theme, Dmexco 2025 aims to encourage companies to invest in innovation and actively shape the future. The trade fair will take place in Cologne on September 17 and 18, 2025.<\/p>\r\n<p>\"Be Bold. Move Forward. is more than a motto. It's an attitude and a challenge,\" says Verena Gr\u00fcndel, Brand &amp; Communications Director at Dmexco. \"Studies show that companies that invest decisively and drive innovation during economic downturns grow faster than their competitors in the long term.\" Dmexco wants to bring these movers and shakers together to set trends and develop forward-looking solutions, Gr\u00fcndel continues.<\/p>\r\n<p>The German Digital Industry Association (BVDW), the conceptual sponsor of the trade fair, also emphasizes the importance of a willingness to take risks: \"New technologies offer groundbreaking opportunities. The digital economy has always been an industry of creators and bridge builders,\" says President Dirk Freytag.<\/p>\r\n<h3>First speakers and exhibitors confirmed<\/h3>\r\n<p>In Cologne, the trade audience can look forward to presentations by international experts, including Carsten Maschmeyer (Maschmeyer Group), Jean-Remy von Matt (Jung von Matt), Vanessa St\u00fctzle (Luqom), Alma Lipa (L'Or\u00e9al DACH), Sir Martin Sorrell (S4 Capital), Rezo (Nindo) and Dora Osinde (Ogilvy Group Germany).<\/p>\r\n<p>Numerous companies have also already confirmed their participation. These include Shopware, Otto Advertising, Disney, Criteo, HubSpot, Douglas Marketing Solutions, United Internet Media, Media Impact and IQ Digital.<\/p>\r\n<h3>Expansion into Asia<\/h3>\r\n<p>Dmexco will also be present on the Asian market for the first time this year. On October 8 and 9, 2025, the eCommerce Expo | Dmexco Asia will celebrate its premiere in Singapore and aims to provide new impetus for the digital economy in the Southeast Asian region.<\/p>","protected":false},"excerpt":{"rendered":"<p>Under the motto \"Be Bold. Move Forward.\" Dmexco 2025 focuses on the need for bold action. The European trade fair for digital marketing &amp; tech brings together thought leaders and decision-makers in Cologne to drive innovation and develop solutions for an increasingly AI-driven economy.<\/p>","protected":false},"author":8,"featured_media":0,"comment_status":"closed","ping_status":"closed","sticky":false,"template":"","format":"standard","meta":{"_acf_changed":false,"_yoast_wpseo_focuskw":"Dmexco 2025","_yoast_wpseo_metadesc":"Dmexco 2025 in K\u00f6ln: Mutiges Handeln f\u00fcr die digitale Zukunft. Jetzt f\u00fcr Innovationen und KI-L\u00f6sungen in der Wirtschaft investieren.","articlekey":"","footnotes":""},"categories":[29],"tags":[4351,4083,4343,2799],"class_list":["post-37193","post","type-post","status-publish","format-standard","hentry","category-marketing","tag-dexat","tag-dmexco","tag-markom","tag-messen-und-events"],"acf":[],"yoast_head":"<!-- This site is optimized with the Yoast SEO plugin v27.4 - https:\/\/yoast.com\/product\/yoast-seo-wordpress\/ -->\n<title>Dmexco 2025 setzt auf Mut und Fortschritt - Organisator<\/title>\n<meta name=\"description\" content=\"Dmexco 2025 in K\u00f6ln: Mutiges Handeln f\u00fcr die digitale Zukunft. Jetzt f\u00fcr Innovationen und KI-L\u00f6sungen in der Wirtschaft investieren.\" \/>\n<meta name=\"robots\" content=\"index, follow, max-snippet:-1, max-image-preview:large, max-video-preview:-1\" \/>\n<link rel=\"canonical\" href=\"https:\/\/www.organisator.ch\/en\/marketing\/2025-03-25\/dmexco-2025-setzt-auf-mut-und-fortschritt\/\" \/>\n<meta property=\"og:locale\" content=\"en_US\" \/>\n<meta property=\"og:type\" content=\"article\" \/>\n<meta property=\"og:title\" content=\"Dmexco 2025 setzt auf Mut und Fortschritt - Organisator\" \/>\n<meta property=\"og:description\" content=\"Dmexco 2025 in K\u00f6ln: Mutiges Handeln f\u00fcr die digitale Zukunft. Jetzt f\u00fcr Innovationen und KI-L\u00f6sungen in der Wirtschaft investieren.\" \/>\n<meta property=\"og:url\" content=\"https:\/\/www.organisator.ch\/en\/marketing\/2025-03-25\/dmexco-2025-setzt-auf-mut-und-fortschritt\/\" \/>\n<meta property=\"og:site_name\" content=\"Organisator\" \/>\n<meta property=\"article:publisher\" content=\"https:\/\/www.facebook.com\/OrganisatorFachmagazin\" \/>\n<meta property=\"article:published_time\" content=\"2025-03-25T12:42:54+00:00\" \/>\n<meta name=\"author\" content=\"galledia\" \/>\n<meta name=\"twitter:card\" content=\"summary_large_image\" \/>\n<meta name=\"twitter:creator\" content=\"@admin\" \/>\n<script type=\"application\/ld+json\" class=\"yoast-schema-graph\">{\"@context\":\"https:\\\/\\\/schema.org\",\"@graph\":[{\"@type\":\"Article\",\"@id\":\"https:\\\/\\\/www.organisator.ch\\\/marketing\\\/2025-03-25\\\/dmexco-2025-setzt-auf-mut-und-fortschritt\\\/#article\",\"isPartOf\":{\"@id\":\"https:\\\/\\\/www.organisator.ch\\\/marketing\\\/2025-03-25\\\/dmexco-2025-setzt-auf-mut-und-fortschritt\\\/\"},\"author\":{\"name\":\"galledia\",\"@id\":\"https:\\\/\\\/www.organisator.ch\\\/#\\\/schema\\\/person\\\/4e51799071cd2dd1232ac003643ef5f0\"},\"headline\":\"Dmexco 2025 setzt auf Mut und Fortschritt\",\"datePublished\":\"2025-03-25T12:42:54+00:00\",\"mainEntityOfPage\":{\"@id\":\"https:\\\/\\\/www.organisator.ch\\\/marketing\\\/2025-03-25\\\/dmexco-2025-setzt-auf-mut-und-fortschritt\\\/\"},\"wordCount\":289,\"publisher\":{\"@id\":\"https:\\\/\\\/www.organisator.ch\\\/#organization\"},\"image\":{\"@id\":\"https:\\\/\\\/www.organisator.ch\\\/marketing\\\/2025-03-25\\\/dmexco-2025-setzt-auf-mut-und-fortschritt\\\/#primaryimage\"},\"thumbnailUrl\":\"https:\\\/\\\/www.markt-kom.com\\\/wp-content\\\/uploads\\\/2025\\\/03\\\/Dmexco-Keyvisual-2025.jpg\",\"keywords\":[\"DExAT\",\"Dmexco\",\"MarKom\",\"Messen und Events\"],\"articleSection\":[\"MARKETING\"],\"inLanguage\":\"en-US\"},{\"@type\":\"WebPage\",\"@id\":\"https:\\\/\\\/www.organisator.ch\\\/marketing\\\/2025-03-25\\\/dmexco-2025-setzt-auf-mut-und-fortschritt\\\/\",\"url\":\"https:\\\/\\\/www.organisator.ch\\\/marketing\\\/2025-03-25\\\/dmexco-2025-setzt-auf-mut-und-fortschritt\\\/\",\"name\":\"Dmexco 2025 setzt auf Mut und Fortschritt - Organisator\",\"isPartOf\":{\"@id\":\"https:\\\/\\\/www.organisator.ch\\\/#website\"},\"primaryImageOfPage\":{\"@id\":\"https:\\\/\\\/www.organisator.ch\\\/marketing\\\/2025-03-25\\\/dmexco-2025-setzt-auf-mut-und-fortschritt\\\/#primaryimage\"},\"image\":{\"@id\":\"https:\\\/\\\/www.organisator.ch\\\/marketing\\\/2025-03-25\\\/dmexco-2025-setzt-auf-mut-und-fortschritt\\\/#primaryimage\"},\"thumbnailUrl\":\"https:\\\/\\\/www.markt-kom.com\\\/wp-content\\\/uploads\\\/2025\\\/03\\\/Dmexco-Keyvisual-2025.jpg\",\"datePublished\":\"2025-03-25T12:42:54+00:00\",\"description\":\"Dmexco 2025 in K\u00f6ln: Mutiges Handeln f\u00fcr die digitale Zukunft. Jetzt f\u00fcr Innovationen und KI-L\u00f6sungen in der Wirtschaft investieren.\",\"breadcrumb\":{\"@id\":\"https:\\\/\\\/www.organisator.ch\\\/marketing\\\/2025-03-25\\\/dmexco-2025-setzt-auf-mut-und-fortschritt\\\/#breadcrumb\"},\"inLanguage\":\"en-US\",\"potentialAction\":[{\"@type\":\"ReadAction\",\"target\":[\"https:\\\/\\\/www.organisator.ch\\\/marketing\\\/2025-03-25\\\/dmexco-2025-setzt-auf-mut-und-fortschritt\\\/\"]}]},{\"@type\":\"ImageObject\",\"inLanguage\":\"en-US\",\"@id\":\"https:\\\/\\\/www.organisator.ch\\\/marketing\\\/2025-03-25\\\/dmexco-2025-setzt-auf-mut-und-fortschritt\\\/#primaryimage\",\"url\":\"https:\\\/\\\/www.markt-kom.com\\\/wp-content\\\/uploads\\\/2025\\\/03\\\/Dmexco-Keyvisual-2025.jpg\",\"contentUrl\":\"https:\\\/\\\/www.markt-kom.com\\\/wp-content\\\/uploads\\\/2025\\\/03\\\/Dmexco-Keyvisual-2025.jpg\"},{\"@type\":\"BreadcrumbList\",\"@id\":\"https:\\\/\\\/www.organisator.ch\\\/marketing\\\/2025-03-25\\\/dmexco-2025-setzt-auf-mut-und-fortschritt\\\/#breadcrumb\",\"itemListElement\":[{\"@type\":\"ListItem\",\"position\":1,\"name\":\"Home\",\"item\":\"https:\\\/\\\/www.organisator.ch\\\/\"},{\"@type\":\"ListItem\",\"position\":2,\"name\":\"Dmexco 2025 setzt auf Mut und Fortschritt\"}]},{\"@type\":\"WebSite\",\"@id\":\"https:\\\/\\\/www.organisator.ch\\\/#website\",\"url\":\"https:\\\/\\\/www.organisator.ch\\\/\",\"name\":\"Organisator\",\"description\":\"Kompetent. Praxisnah. Der ORGANISATOR bereitet in 10 Ausgaben pro Jahr die wesentlichen Themen f\u00fcr F\u00fchrungskr\u00e4fte von KMU auf.\",\"publisher\":{\"@id\":\"https:\\\/\\\/www.organisator.ch\\\/#organization\"},\"potentialAction\":[{\"@type\":\"SearchAction\",\"target\":{\"@type\":\"EntryPoint\",\"urlTemplate\":\"https:\\\/\\\/www.organisator.ch\\\/?s={search_term_string}\"},\"query-input\":{\"@type\":\"PropertyValueSpecification\",\"valueRequired\":true,\"valueName\":\"search_term_string\"}}],\"inLanguage\":\"en-US\"},{\"@type\":\"Organization\",\"@id\":\"https:\\\/\\\/www.organisator.ch\\\/#organization\",\"name\":\"Organisator\",\"url\":\"https:\\\/\\\/www.organisator.ch\\\/\",\"logo\":{\"@type\":\"ImageObject\",\"inLanguage\":\"en-US\",\"@id\":\"https:\\\/\\\/www.organisator.ch\\\/#\\\/schema\\\/logo\\\/image\\\/\",\"url\":\"https:\\\/\\\/www.organisator.ch\\\/wp-content\\\/uploads\\\/2022\\\/01\\\/Logo_Organisator_Website.png\",\"contentUrl\":\"https:\\\/\\\/www.organisator.ch\\\/wp-content\\\/uploads\\\/2022\\\/01\\\/Logo_Organisator_Website.png\",\"width\":800,\"height\":77,\"caption\":\"Organisator\"},\"image\":{\"@id\":\"https:\\\/\\\/www.organisator.ch\\\/#\\\/schema\\\/logo\\\/image\\\/\"},\"sameAs\":[\"https:\\\/\\\/www.facebook.com\\\/OrganisatorFachmagazin\",\"https:\\\/\\\/www.linkedin.com\\\/showcase\\\/organisator-das-magazin-fr-kmu\",\"https:\\\/\\\/www.xing.com\\\/news\\\/pages\\\/organisator-ch-695\",\"https:\\\/\\\/www.youtube.com\\\/channel\\\/UCGP2Sq0iWaZwT3BdIAQFYpw\"]},{\"@type\":\"Person\",\"@id\":\"https:\\\/\\\/www.organisator.ch\\\/#\\\/schema\\\/person\\\/4e51799071cd2dd1232ac003643ef5f0\",\"name\":\"galledia\",\"image\":{\"@type\":\"ImageObject\",\"inLanguage\":\"en-US\",\"@id\":\"https:\\\/\\\/secure.gravatar.com\\\/avatar\\\/78a7f90c01fc2bfc875782a0d4922b37cde2cf184ce347b91316d23cd7f69a36?s=96&d=mm&r=g\",\"url\":\"https:\\\/\\\/secure.gravatar.com\\\/avatar\\\/78a7f90c01fc2bfc875782a0d4922b37cde2cf184ce347b91316d23cd7f69a36?s=96&d=mm&r=g\",\"contentUrl\":\"https:\\\/\\\/secure.gravatar.com\\\/avatar\\\/78a7f90c01fc2bfc875782a0d4922b37cde2cf184ce347b91316d23cd7f69a36?s=96&d=mm&r=g\",\"caption\":\"galledia\"},\"sameAs\":[\"https:\\\/\\\/x.com\\\/admin\"],\"url\":\"https:\\\/\\\/www.organisator.ch\\\/en\\\/author\\\/galledia\\\/\"}]}<\/script>\n<!-- \/ Yoast SEO plugin. -->","yoast_head_json":{"title":"Dmexco 2025 focuses on courage and progress - Organizer","description":"Dmexco 2025 in Cologne: Bold action for the digital future. Invest now for innovations and AI solutions in the economy.","robots":{"index":"index","follow":"follow","max-snippet":"max-snippet:-1","max-image-preview":"max-image-preview:large","max-video-preview":"max-video-preview:-1"},"canonical":"https:\/\/www.organisator.ch\/en\/marketing\/2025-03-25\/dmexco-2025-setzt-auf-mut-und-fortschritt\/","og_locale":"en_US","og_type":"article","og_title":"Dmexco 2025 setzt auf Mut und Fortschritt - Organisator","og_description":"Dmexco 2025 in K\u00f6ln: Mutiges Handeln f\u00fcr die digitale Zukunft. Jetzt f\u00fcr Innovationen und KI-L\u00f6sungen in der Wirtschaft investieren.","og_url":"https:\/\/www.organisator.ch\/en\/marketing\/2025-03-25\/dmexco-2025-setzt-auf-mut-und-fortschritt\/","og_site_name":"Organisator","article_publisher":"https:\/\/www.facebook.com\/OrganisatorFachmagazin","article_published_time":"2025-03-25T12:42:54+00:00","author":"galledia","twitter_card":"summary_large_image","twitter_creator":"@admin","schema":{"@context":"https:\/\/schema.org","@graph":[{"@type":"Article","@id":"https:\/\/www.organisator.ch\/marketing\/2025-03-25\/dmexco-2025-setzt-auf-mut-und-fortschritt\/#article","isPartOf":{"@id":"https:\/\/www.organisator.ch\/marketing\/2025-03-25\/dmexco-2025-setzt-auf-mut-und-fortschritt\/"},"author":{"name":"galledia","@id":"https:\/\/www.organisator.ch\/#\/schema\/person\/4e51799071cd2dd1232ac003643ef5f0"},"headline":"Dmexco 2025 setzt auf Mut und Fortschritt","datePublished":"2025-03-25T12:42:54+00:00","mainEntityOfPage":{"@id":"https:\/\/www.organisator.ch\/marketing\/2025-03-25\/dmexco-2025-setzt-auf-mut-und-fortschritt\/"},"wordCount":289,"publisher":{"@id":"https:\/\/www.organisator.ch\/#organization"},"image":{"@id":"https:\/\/www.organisator.ch\/marketing\/2025-03-25\/dmexco-2025-setzt-auf-mut-und-fortschritt\/#primaryimage"},"thumbnailUrl":"https:\/\/www.markt-kom.com\/wp-content\/uploads\/2025\/03\/Dmexco-Keyvisual-2025.jpg","keywords":["DExAT","Dmexco","MarKom","Messen und Events"],"articleSection":["MARKETING"],"inLanguage":"en-US"},{"@type":"WebPage","@id":"https:\/\/www.organisator.ch\/marketing\/2025-03-25\/dmexco-2025-setzt-auf-mut-und-fortschritt\/","url":"https:\/\/www.organisator.ch\/marketing\/2025-03-25\/dmexco-2025-setzt-auf-mut-und-fortschritt\/","name":"Dmexco 2025 focuses on courage and progress - Organizer","isPartOf":{"@id":"https:\/\/www.organisator.ch\/#website"},"primaryImageOfPage":{"@id":"https:\/\/www.organisator.ch\/marketing\/2025-03-25\/dmexco-2025-setzt-auf-mut-und-fortschritt\/#primaryimage"},"image":{"@id":"https:\/\/www.organisator.ch\/marketing\/2025-03-25\/dmexco-2025-setzt-auf-mut-und-fortschritt\/#primaryimage"},"thumbnailUrl":"https:\/\/www.markt-kom.com\/wp-content\/uploads\/2025\/03\/Dmexco-Keyvisual-2025.jpg","datePublished":"2025-03-25T12:42:54+00:00","description":"Dmexco 2025 in Cologne: Bold action for the digital future. Invest now for innovations and AI solutions in the economy.","breadcrumb":{"@id":"https:\/\/www.organisator.ch\/marketing\/2025-03-25\/dmexco-2025-setzt-auf-mut-und-fortschritt\/#breadcrumb"},"inLanguage":"en-US","potentialAction":[{"@type":"ReadAction","target":["https:\/\/www.organisator.ch\/marketing\/2025-03-25\/dmexco-2025-setzt-auf-mut-und-fortschritt\/"]}]},{"@type":"ImageObject","inLanguage":"en-US","@id":"https:\/\/www.organisator.ch\/marketing\/2025-03-25\/dmexco-2025-setzt-auf-mut-und-fortschritt\/#primaryimage","url":"https:\/\/www.markt-kom.com\/wp-content\/uploads\/2025\/03\/Dmexco-Keyvisual-2025.jpg","contentUrl":"https:\/\/www.markt-kom.com\/wp-content\/uploads\/2025\/03\/Dmexco-Keyvisual-2025.jpg"},{"@type":"BreadcrumbList","@id":"https:\/\/www.organisator.ch\/marketing\/2025-03-25\/dmexco-2025-setzt-auf-mut-und-fortschritt\/#breadcrumb","itemListElement":[{"@type":"ListItem","position":1,"name":"Home","item":"https:\/\/www.organisator.ch\/"},{"@type":"ListItem","position":2,"name":"Dmexco 2025 setzt auf Mut und Fortschritt"}]},{"@type":"WebSite","@id":"https:\/\/www.organisator.ch\/#website","url":"https:\/\/www.organisator.ch\/","name":"Organizer","description":"Competent. Practical. In 10 issues per year, ORGANISATOR presents the essential topics for managers of SMEs.","publisher":{"@id":"https:\/\/www.organisator.ch\/#organization"},"potentialAction":[{"@type":"SearchAction","target":{"@type":"EntryPoint","urlTemplate":"https:\/\/www.organisator.ch\/?s={search_term_string}"},"query-input":{"@type":"PropertyValueSpecification","valueRequired":true,"valueName":"search_term_string"}}],"inLanguage":"en-US"},{"@type":"Organization","@id":"https:\/\/www.organisator.ch\/#organization","name":"Organizer","url":"https:\/\/www.organisator.ch\/","logo":{"@type":"ImageObject","inLanguage":"en-US","@id":"https:\/\/www.organisator.ch\/#\/schema\/logo\/image\/","url":"https:\/\/www.organisator.ch\/wp-content\/uploads\/2022\/01\/Logo_Organisator_Website.png","contentUrl":"https:\/\/www.organisator.ch\/wp-content\/uploads\/2022\/01\/Logo_Organisator_Website.png","width":800,"height":77,"caption":"Organisator"},"image":{"@id":"https:\/\/www.organisator.ch\/#\/schema\/logo\/image\/"},"sameAs":["https:\/\/www.facebook.com\/OrganisatorFachmagazin","https:\/\/www.linkedin.com\/showcase\/organisator-das-magazin-fr-kmu","https:\/\/www.xing.com\/news\/pages\/organisator-ch-695","https:\/\/www.youtube.com\/channel\/UCGP2Sq0iWaZwT3BdIAQFYpw"]},{"@type":"Person","@id":"https:\/\/www.organisator.ch\/#\/schema\/person\/4e51799071cd2dd1232ac003643ef5f0","name":"galledia","image":{"@type":"ImageObject","inLanguage":"en-US","@id":"https:\/\/secure.gravatar.com\/avatar\/78a7f90c01fc2bfc875782a0d4922b37cde2cf184ce347b91316d23cd7f69a36?s=96&d=mm&r=g","url":"https:\/\/secure.gravatar.com\/avatar\/78a7f90c01fc2bfc875782a0d4922b37cde2cf184ce347b91316d23cd7f69a36?s=96&d=mm&r=g","contentUrl":"https:\/\/secure.gravatar.com\/avatar\/78a7f90c01fc2bfc875782a0d4922b37cde2cf184ce347b91316d23cd7f69a36?s=96&d=mm&r=g","caption":"galledia"},"sameAs":["https:\/\/x.com\/admin"],"url":"https:\/\/www.organisator.ch\/en\/author\/galledia\/"}]}},"_links":{"self":[{"href":"https:\/\/www.organisator.ch\/en\/wp-json\/wp\/v2\/posts\/37193","targetHints":{"allow":["GET"]}}],"collection":[{"href":"https:\/\/www.organisator.ch\/en\/wp-json\/wp\/v2\/posts"}],"about":[{"href":"https:\/\/www.organisator.ch\/en\/wp-json\/wp\/v2\/types\/post"}],"author":[{"embeddable":true,"href":"https:\/\/www.organisator.ch\/en\/wp-json\/wp\/v2\/users\/8"}],"replies":[{"embeddable":true,"href":"https:\/\/www.organisator.ch\/en\/wp-json\/wp\/v2\/comments?post=37193"}],"version-history":[{"count":4,"href":"https:\/\/www.organisator.ch\/en\/wp-json\/wp\/v2\/posts\/37193\/revisions"}],"predecessor-version":[{"id":37197,"href":"https:\/\/www.organisator.ch\/en\/wp-json\/wp\/v2\/posts\/37193\/revisions\/37197"}],"wp:attachment":[{"href":"https:\/\/www.organisator.ch\/en\/wp-json\/wp\/v2\/media?parent=37193"}],"wp:term":[{"taxonomy":"category","embeddable":true,"href":"https:\/\/www.organisator.ch\/en\/wp-json\/wp\/v2\/categories?post=37193"},{"taxonomy":"post_tag","embeddable":true,"href":"https:\/\/www.organisator.ch\/en\/wp-json\/wp\/v2\/tags?post=37193"}],"curies":[{"name":"wp","href":"https:\/\/api.w.org\/{rel}","templated":true}]}}