{"id":37205,"date":"2025-03-26T08:10:19","date_gmt":"2025-03-26T07:10:19","guid":{"rendered":"https:\/\/www.m-q.ch\/?p=21242"},"modified":"2025-03-26T09:22:18","modified_gmt":"2025-03-26T08:22:18","slug":"leuchtturmprojekte-mehrwert-durch-logistik","status":"publish","type":"post","link":"https:\/\/www.organisator.ch\/en\/operational-excellence\/2025-03-26\/leuchtturmprojekte-mehrwert-durch-logistik\/","title":{"rendered":"Lighthouse projects: Added value through logistics"},"content":{"rendered":"<p><img class=\"alignnone size-full wp-image-21244\" src=\"https:\/\/www.m-q.ch\/wp-content\/uploads\/2025\/03\/Leuchtturmprojekte-Mehrwert-durch-Logistik_MQ.png\" sizes=\"(max-width: 680px) 100vw, 680px\" srcset=\"https:\/\/www.m-q.ch\/wp-content\/uploads\/2025\/03\/Leuchtturmprojekte-Mehrwert-durch-Logistik_MQ.png 680w, https:\/\/www.m-q.ch\/wp-content\/uploads\/2025\/03\/Leuchtturmprojekte-Mehrwert-durch-Logistik_MQ-14x12.png 14w, https:\/\/www.m-q.ch\/wp-content\/uploads\/2025\/03\/Leuchtturmprojekte-Mehrwert-durch-Logistik_MQ-356x300.png 356w, https:\/\/www.m-q.ch\/wp-content\/uploads\/2025\/03\/Leuchtturmprojekte-Mehrwert-durch-Logistik_MQ-415x350.png 415w\" alt=\"\" width=\"680\" height=\"573\" \/><\/p>\r\n<p>The traditional Zurich Logistics Colloquium is celebrating its 40th edition: on May 8, 2025, three leading personalities will present the creative solutions and skilful use of individual potential that have led their companies to new successes. Participants will benefit from innovative impulses and pioneering ideas from these lighthouse projects.<\/p>\r\n<p>This year, the experts will be speaking under the motto <strong>\"<\/strong><strong>Added value through logistics<\/strong><strong>\". <\/strong>The topics in detail:<\/p>\r\n<table width=\"671\">\r\n<tbody>\r\n<tr>\r\n<td width=\"378\">\r\n<p><strong>Highly complex, expensive, indispensable<\/strong><\/p>\r\n<p>Smart logistics for the machine tool industry, high pressure to innovate and perform<\/p>\r\n<\/td>\r\n<td width=\"293\">\r\n<p><strong>Dr. Fabian Stoop<\/strong><\/p>\r\n<p>Technical Manager<\/p>\r\n<p>Lestoprex AG, St. Gallenkappel<\/p>\r\n<\/td>\r\n<\/tr>\r\n<tr>\r\n<td width=\"378\">\r\n<p><strong>Circular economy in action<\/strong><\/p>\r\n<p>CH-wide collection of electrical and electronic appliances, success factors<\/p>\r\n<\/td>\r\n<td width=\"293\">\r\n<p><strong>Pasqual Zopp<\/strong><\/p>\r\n<p>Managing Director<br \/>\r\nSENS eRecycling, Zurich<\/p>\r\n<\/td>\r\n<\/tr>\r\n<tr>\r\n<td width=\"378\">\r\n<p><strong>Recycling starts at the source<\/strong><\/p>\r\n<p>Information and logistics are key,<\/p>\r\n<p>Practical example of unmixed steel scrap<\/p>\r\n<\/td>\r\n<td width=\"293\">\r\n<p><strong>Nicolai Solenthaler<\/strong><\/p>\r\n<p>COO<\/p>\r\n<p>soRec AG, Gossau SG<\/p>\r\n<\/td>\r\n<\/tr>\r\n<\/tbody>\r\n<\/table>\r\n<p>The presentations will provide new food for thought, potential and ideas. The subsequent aperitif riche will provide an opportunity for a lively exchange with the speakers, other experts and guests.<\/p>\r\n<p><em>More information: <a href=\"http:\/\/www.acel.ch\/\">www.acel.ch<\/a><\/em><\/p>\r\n<p>&nbsp;<\/p>\r\n<blockquote>\r\n<h3><strong>The most important in a nutshell<\/strong><\/h3>\r\n<p>Date: <strong>Thursday, May 8, 2025, 5:15 p.m.<\/strong><\/p>\r\n<p>Location: <strong>Lecturers' Foyer of ETH Zurich, R\u00e4mistrasse 101, 8092 Zurich<\/strong><\/p>\r\n<p>Participation: CHF 120.-<\/p>\r\n<p>Your registration - quick, easy and convenient via QR code, at <a href=\"http:\/\/www.acel.ch\/aktuelles\/veranstaltungen\/\">www.acel.ch\/aktuelles\/veranstaltungen\/<\/a> or by e-mail to info@acel.ch<\/p>\r\n<p>Registration deadline: Thursday, May 1, 2025<\/p>\r\n<p>The number of participants is limited.<\/p>\r\n<\/blockquote>\n<p class=\"syndicated-attribution\">This article originally appeared on m-q.ch - <a href=\"https:\/\/www.m-q.ch\/de\/leuchtturmprojekte-mehrwert-durch-logistik\/\" target=\"_blank\">https:\/\/www.m-q.ch\/de\/leuchtturmprojekte-mehrwert-durch-logistik\/<\/a><\/p>","protected":false},"excerpt":{"rendered":"<p>The 40th Zurich Logistics Colloquium will take place on Thursday, May 8, 2025, and will once again present various logistics lighthouse projects. The organizer, Dr. Ac\u00e9l &amp; Partner AG, is once again counting on the collaboration of ETH Zurich for the anniversary edition.<\/p>","protected":false},"author":8,"featured_media":0,"comment_status":"closed","ping_status":"closed","sticky":false,"template":"","format":"standard","meta":{"_acf_changed":false,"_yoast_wpseo_focuskw":"Leuchtturmprojekte","_yoast_wpseo_metadesc":"Am 8. Mai 2025 findet zum 40. Mal das Z\u00fcrcher Logistik-Kolloquium statt. Pr\u00e4sentiert werden verschiedene Logistik-Leuchtturmprojekte.","articlekey":"","footnotes":""},"categories":[582],"tags":[103,193,274,328],"class_list":["post-37205","post","type-post","status-publish","format-standard","hentry","category-operational-excellence","tag-business-excellence","tag-fachkongressfachmesse","tag-innovation","tag-logistik"],"acf":[],"yoast_head":"<!-- This site is optimized with the Yoast SEO plugin v27.5 - https:\/\/yoast.com\/product\/yoast-seo-wordpress\/ -->\n<title>Leuchtturmprojekte: Mehrwert durch Logistik - Organisator<\/title>\n<meta name=\"description\" content=\"Am 8. Mai 2025 findet zum 40. Mal das Z\u00fcrcher Logistik-Kolloquium statt. Pr\u00e4sentiert werden verschiedene Logistik-Leuchtturmprojekte.\" \/>\n<meta name=\"robots\" content=\"index, follow, max-snippet:-1, max-image-preview:large, max-video-preview:-1\" \/>\n<link rel=\"canonical\" href=\"https:\/\/www.organisator.ch\/en\/operational-excellence\/2025-03-26\/leuchtturmprojekte-mehrwert-durch-logistik\/\" \/>\n<meta property=\"og:locale\" content=\"en_US\" \/>\n<meta property=\"og:type\" content=\"article\" \/>\n<meta property=\"og:title\" content=\"Leuchtturmprojekte: Mehrwert durch Logistik - Organisator\" \/>\n<meta property=\"og:description\" content=\"Am 8. Mai 2025 findet zum 40. Mal das Z\u00fcrcher Logistik-Kolloquium statt. Pr\u00e4sentiert werden verschiedene Logistik-Leuchtturmprojekte.\" \/>\n<meta property=\"og:url\" content=\"https:\/\/www.organisator.ch\/en\/operational-excellence\/2025-03-26\/leuchtturmprojekte-mehrwert-durch-logistik\/\" \/>\n<meta property=\"og:site_name\" content=\"Organisator\" \/>\n<meta property=\"article:publisher\" content=\"https:\/\/www.facebook.com\/OrganisatorFachmagazin\" \/>\n<meta property=\"article:published_time\" content=\"2025-03-26T07:10:19+00:00\" \/>\n<meta property=\"article:modified_time\" content=\"2025-03-26T08:22:18+00:00\" \/>\n<meta property=\"og:image\" content=\"https:\/\/www.organisator.ch\/wp-content\/uploads\/2023\/08\/Weiterbildung_Getabstract_Bild_organisator_56283.jpg\" \/>\n\t<meta property=\"og:image:width\" content=\"1240\" \/>\n\t<meta property=\"og:image:height\" content=\"876\" \/>\n\t<meta property=\"og:image:type\" content=\"image\/jpeg\" \/>\n<meta name=\"author\" content=\"galledia\" \/>\n<meta name=\"twitter:card\" content=\"summary_large_image\" \/>\n<meta name=\"twitter:creator\" content=\"@admin\" \/>\n<script type=\"application\/ld+json\" class=\"yoast-schema-graph\">{\"@context\":\"https:\\\/\\\/schema.org\",\"@graph\":[{\"@type\":\"Article\",\"@id\":\"https:\\\/\\\/www.organisator.ch\\\/operational-excellence\\\/2025-03-26\\\/leuchtturmprojekte-mehrwert-durch-logistik\\\/#article\",\"isPartOf\":{\"@id\":\"https:\\\/\\\/www.organisator.ch\\\/operational-excellence\\\/2025-03-26\\\/leuchtturmprojekte-mehrwert-durch-logistik\\\/\"},\"author\":{\"name\":\"galledia\",\"@id\":\"https:\\\/\\\/www.organisator.ch\\\/#\\\/schema\\\/person\\\/4e51799071cd2dd1232ac003643ef5f0\"},\"headline\":\"Leuchtturmprojekte: Mehrwert durch Logistik\",\"datePublished\":\"2025-03-26T07:10:19+00:00\",\"dateModified\":\"2025-03-26T08:22:18+00:00\",\"mainEntityOfPage\":{\"@id\":\"https:\\\/\\\/www.organisator.ch\\\/operational-excellence\\\/2025-03-26\\\/leuchtturmprojekte-mehrwert-durch-logistik\\\/\"},\"wordCount\":224,\"publisher\":{\"@id\":\"https:\\\/\\\/www.organisator.ch\\\/#organization\"},\"image\":{\"@id\":\"https:\\\/\\\/www.organisator.ch\\\/operational-excellence\\\/2025-03-26\\\/leuchtturmprojekte-mehrwert-durch-logistik\\\/#primaryimage\"},\"thumbnailUrl\":\"https:\\\/\\\/www.m-q.ch\\\/wp-content\\\/uploads\\\/2025\\\/03\\\/Leuchtturmprojekte-Mehrwert-durch-Logistik_MQ.png\",\"keywords\":[\"Business Excellence\",\"Fachkongress\\\/Fachmesse\",\"Innovation\",\"Logistik\"],\"articleSection\":[\"OPERATIONAL EXCELLENCE\"],\"inLanguage\":\"en-US\"},{\"@type\":\"WebPage\",\"@id\":\"https:\\\/\\\/www.organisator.ch\\\/operational-excellence\\\/2025-03-26\\\/leuchtturmprojekte-mehrwert-durch-logistik\\\/\",\"url\":\"https:\\\/\\\/www.organisator.ch\\\/operational-excellence\\\/2025-03-26\\\/leuchtturmprojekte-mehrwert-durch-logistik\\\/\",\"name\":\"Leuchtturmprojekte: Mehrwert durch Logistik - Organisator\",\"isPartOf\":{\"@id\":\"https:\\\/\\\/www.organisator.ch\\\/#website\"},\"primaryImageOfPage\":{\"@id\":\"https:\\\/\\\/www.organisator.ch\\\/operational-excellence\\\/2025-03-26\\\/leuchtturmprojekte-mehrwert-durch-logistik\\\/#primaryimage\"},\"image\":{\"@id\":\"https:\\\/\\\/www.organisator.ch\\\/operational-excellence\\\/2025-03-26\\\/leuchtturmprojekte-mehrwert-durch-logistik\\\/#primaryimage\"},\"thumbnailUrl\":\"https:\\\/\\\/www.m-q.ch\\\/wp-content\\\/uploads\\\/2025\\\/03\\\/Leuchtturmprojekte-Mehrwert-durch-Logistik_MQ.png\",\"datePublished\":\"2025-03-26T07:10:19+00:00\",\"dateModified\":\"2025-03-26T08:22:18+00:00\",\"description\":\"Am 8. Mai 2025 findet zum 40. Mal das Z\u00fcrcher Logistik-Kolloquium statt. Pr\u00e4sentiert werden verschiedene Logistik-Leuchtturmprojekte.\",\"breadcrumb\":{\"@id\":\"https:\\\/\\\/www.organisator.ch\\\/operational-excellence\\\/2025-03-26\\\/leuchtturmprojekte-mehrwert-durch-logistik\\\/#breadcrumb\"},\"inLanguage\":\"en-US\",\"potentialAction\":[{\"@type\":\"ReadAction\",\"target\":[\"https:\\\/\\\/www.organisator.ch\\\/operational-excellence\\\/2025-03-26\\\/leuchtturmprojekte-mehrwert-durch-logistik\\\/\"]}]},{\"@type\":\"ImageObject\",\"inLanguage\":\"en-US\",\"@id\":\"https:\\\/\\\/www.organisator.ch\\\/operational-excellence\\\/2025-03-26\\\/leuchtturmprojekte-mehrwert-durch-logistik\\\/#primaryimage\",\"url\":\"https:\\\/\\\/www.m-q.ch\\\/wp-content\\\/uploads\\\/2025\\\/03\\\/Leuchtturmprojekte-Mehrwert-durch-Logistik_MQ.png\",\"contentUrl\":\"https:\\\/\\\/www.m-q.ch\\\/wp-content\\\/uploads\\\/2025\\\/03\\\/Leuchtturmprojekte-Mehrwert-durch-Logistik_MQ.png\"},{\"@type\":\"BreadcrumbList\",\"@id\":\"https:\\\/\\\/www.organisator.ch\\\/operational-excellence\\\/2025-03-26\\\/leuchtturmprojekte-mehrwert-durch-logistik\\\/#breadcrumb\",\"itemListElement\":[{\"@type\":\"ListItem\",\"position\":1,\"name\":\"Home\",\"item\":\"https:\\\/\\\/www.organisator.ch\\\/\"},{\"@type\":\"ListItem\",\"position\":2,\"name\":\"Leuchtturmprojekte: Mehrwert durch Logistik\"}]},{\"@type\":\"WebSite\",\"@id\":\"https:\\\/\\\/www.organisator.ch\\\/#website\",\"url\":\"https:\\\/\\\/www.organisator.ch\\\/\",\"name\":\"Organisator\",\"description\":\"Kompetent. Praxisnah. Der ORGANISATOR bereitet in 10 Ausgaben pro Jahr die wesentlichen Themen f\u00fcr F\u00fchrungskr\u00e4fte von KMU auf.\",\"publisher\":{\"@id\":\"https:\\\/\\\/www.organisator.ch\\\/#organization\"},\"potentialAction\":[{\"@type\":\"SearchAction\",\"target\":{\"@type\":\"EntryPoint\",\"urlTemplate\":\"https:\\\/\\\/www.organisator.ch\\\/?s={search_term_string}\"},\"query-input\":{\"@type\":\"PropertyValueSpecification\",\"valueRequired\":true,\"valueName\":\"search_term_string\"}}],\"inLanguage\":\"en-US\"},{\"@type\":\"Organization\",\"@id\":\"https:\\\/\\\/www.organisator.ch\\\/#organization\",\"name\":\"Organisator\",\"url\":\"https:\\\/\\\/www.organisator.ch\\\/\",\"logo\":{\"@type\":\"ImageObject\",\"inLanguage\":\"en-US\",\"@id\":\"https:\\\/\\\/www.organisator.ch\\\/#\\\/schema\\\/logo\\\/image\\\/\",\"url\":\"https:\\\/\\\/www.organisator.ch\\\/wp-content\\\/uploads\\\/2022\\\/01\\\/Logo_Organisator_Website.png\",\"contentUrl\":\"https:\\\/\\\/www.organisator.ch\\\/wp-content\\\/uploads\\\/2022\\\/01\\\/Logo_Organisator_Website.png\",\"width\":800,\"height\":77,\"caption\":\"Organisator\"},\"image\":{\"@id\":\"https:\\\/\\\/www.organisator.ch\\\/#\\\/schema\\\/logo\\\/image\\\/\"},\"sameAs\":[\"https:\\\/\\\/www.facebook.com\\\/OrganisatorFachmagazin\",\"https:\\\/\\\/www.linkedin.com\\\/showcase\\\/organisator-das-magazin-fr-kmu\",\"https:\\\/\\\/www.xing.com\\\/news\\\/pages\\\/organisator-ch-695\",\"https:\\\/\\\/www.youtube.com\\\/channel\\\/UCGP2Sq0iWaZwT3BdIAQFYpw\"]},{\"@type\":\"Person\",\"@id\":\"https:\\\/\\\/www.organisator.ch\\\/#\\\/schema\\\/person\\\/4e51799071cd2dd1232ac003643ef5f0\",\"name\":\"galledia\",\"image\":{\"@type\":\"ImageObject\",\"inLanguage\":\"en-US\",\"@id\":\"https:\\\/\\\/secure.gravatar.com\\\/avatar\\\/78a7f90c01fc2bfc875782a0d4922b37cde2cf184ce347b91316d23cd7f69a36?s=96&d=mm&r=g\",\"url\":\"https:\\\/\\\/secure.gravatar.com\\\/avatar\\\/78a7f90c01fc2bfc875782a0d4922b37cde2cf184ce347b91316d23cd7f69a36?s=96&d=mm&r=g\",\"contentUrl\":\"https:\\\/\\\/secure.gravatar.com\\\/avatar\\\/78a7f90c01fc2bfc875782a0d4922b37cde2cf184ce347b91316d23cd7f69a36?s=96&d=mm&r=g\",\"caption\":\"galledia\"},\"sameAs\":[\"https:\\\/\\\/x.com\\\/admin\"],\"url\":\"https:\\\/\\\/www.organisator.ch\\\/en\\\/author\\\/galledia\\\/\"}]}<\/script>\n<!-- \/ Yoast SEO plugin. -->","yoast_head_json":{"title":"Lighthouse projects: Added value through logistics - Organizer","description":"The Zurich Logistics Colloquium will take place for the 40th time on May 8, 2025. Various logistics lighthouse projects will be presented.","robots":{"index":"index","follow":"follow","max-snippet":"max-snippet:-1","max-image-preview":"max-image-preview:large","max-video-preview":"max-video-preview:-1"},"canonical":"https:\/\/www.organisator.ch\/en\/operational-excellence\/2025-03-26\/leuchtturmprojekte-mehrwert-durch-logistik\/","og_locale":"en_US","og_type":"article","og_title":"Leuchtturmprojekte: Mehrwert durch Logistik - Organisator","og_description":"Am 8. Mai 2025 findet zum 40. Mal das Z\u00fcrcher Logistik-Kolloquium statt. Pr\u00e4sentiert werden verschiedene Logistik-Leuchtturmprojekte.","og_url":"https:\/\/www.organisator.ch\/en\/operational-excellence\/2025-03-26\/leuchtturmprojekte-mehrwert-durch-logistik\/","og_site_name":"Organisator","article_publisher":"https:\/\/www.facebook.com\/OrganisatorFachmagazin","article_published_time":"2025-03-26T07:10:19+00:00","article_modified_time":"2025-03-26T08:22:18+00:00","og_image":[{"width":1240,"height":876,"url":"https:\/\/www.organisator.ch\/wp-content\/uploads\/2023\/08\/Weiterbildung_Getabstract_Bild_organisator_56283.jpg","type":"image\/jpeg"}],"author":"galledia","twitter_card":"summary_large_image","twitter_creator":"@admin","schema":{"@context":"https:\/\/schema.org","@graph":[{"@type":"Article","@id":"https:\/\/www.organisator.ch\/operational-excellence\/2025-03-26\/leuchtturmprojekte-mehrwert-durch-logistik\/#article","isPartOf":{"@id":"https:\/\/www.organisator.ch\/operational-excellence\/2025-03-26\/leuchtturmprojekte-mehrwert-durch-logistik\/"},"author":{"name":"galledia","@id":"https:\/\/www.organisator.ch\/#\/schema\/person\/4e51799071cd2dd1232ac003643ef5f0"},"headline":"Leuchtturmprojekte: Mehrwert durch Logistik","datePublished":"2025-03-26T07:10:19+00:00","dateModified":"2025-03-26T08:22:18+00:00","mainEntityOfPage":{"@id":"https:\/\/www.organisator.ch\/operational-excellence\/2025-03-26\/leuchtturmprojekte-mehrwert-durch-logistik\/"},"wordCount":224,"publisher":{"@id":"https:\/\/www.organisator.ch\/#organization"},"image":{"@id":"https:\/\/www.organisator.ch\/operational-excellence\/2025-03-26\/leuchtturmprojekte-mehrwert-durch-logistik\/#primaryimage"},"thumbnailUrl":"https:\/\/www.m-q.ch\/wp-content\/uploads\/2025\/03\/Leuchtturmprojekte-Mehrwert-durch-Logistik_MQ.png","keywords":["Business Excellence","Fachkongress\/Fachmesse","Innovation","Logistik"],"articleSection":["OPERATIONAL EXCELLENCE"],"inLanguage":"en-US"},{"@type":"WebPage","@id":"https:\/\/www.organisator.ch\/operational-excellence\/2025-03-26\/leuchtturmprojekte-mehrwert-durch-logistik\/","url":"https:\/\/www.organisator.ch\/operational-excellence\/2025-03-26\/leuchtturmprojekte-mehrwert-durch-logistik\/","name":"Lighthouse projects: Added value through logistics - Organizer","isPartOf":{"@id":"https:\/\/www.organisator.ch\/#website"},"primaryImageOfPage":{"@id":"https:\/\/www.organisator.ch\/operational-excellence\/2025-03-26\/leuchtturmprojekte-mehrwert-durch-logistik\/#primaryimage"},"image":{"@id":"https:\/\/www.organisator.ch\/operational-excellence\/2025-03-26\/leuchtturmprojekte-mehrwert-durch-logistik\/#primaryimage"},"thumbnailUrl":"https:\/\/www.m-q.ch\/wp-content\/uploads\/2025\/03\/Leuchtturmprojekte-Mehrwert-durch-Logistik_MQ.png","datePublished":"2025-03-26T07:10:19+00:00","dateModified":"2025-03-26T08:22:18+00:00","description":"The Zurich Logistics Colloquium will take place for the 40th time on May 8, 2025. Various logistics lighthouse projects will be presented.","breadcrumb":{"@id":"https:\/\/www.organisator.ch\/operational-excellence\/2025-03-26\/leuchtturmprojekte-mehrwert-durch-logistik\/#breadcrumb"},"inLanguage":"en-US","potentialAction":[{"@type":"ReadAction","target":["https:\/\/www.organisator.ch\/operational-excellence\/2025-03-26\/leuchtturmprojekte-mehrwert-durch-logistik\/"]}]},{"@type":"ImageObject","inLanguage":"en-US","@id":"https:\/\/www.organisator.ch\/operational-excellence\/2025-03-26\/leuchtturmprojekte-mehrwert-durch-logistik\/#primaryimage","url":"https:\/\/www.m-q.ch\/wp-content\/uploads\/2025\/03\/Leuchtturmprojekte-Mehrwert-durch-Logistik_MQ.png","contentUrl":"https:\/\/www.m-q.ch\/wp-content\/uploads\/2025\/03\/Leuchtturmprojekte-Mehrwert-durch-Logistik_MQ.png"},{"@type":"BreadcrumbList","@id":"https:\/\/www.organisator.ch\/operational-excellence\/2025-03-26\/leuchtturmprojekte-mehrwert-durch-logistik\/#breadcrumb","itemListElement":[{"@type":"ListItem","position":1,"name":"Home","item":"https:\/\/www.organisator.ch\/"},{"@type":"ListItem","position":2,"name":"Leuchtturmprojekte: Mehrwert durch Logistik"}]},{"@type":"WebSite","@id":"https:\/\/www.organisator.ch\/#website","url":"https:\/\/www.organisator.ch\/","name":"Organizer","description":"Competent. Practical. In 10 issues per year, ORGANISATOR presents the essential topics for managers of SMEs.","publisher":{"@id":"https:\/\/www.organisator.ch\/#organization"},"potentialAction":[{"@type":"SearchAction","target":{"@type":"EntryPoint","urlTemplate":"https:\/\/www.organisator.ch\/?s={search_term_string}"},"query-input":{"@type":"PropertyValueSpecification","valueRequired":true,"valueName":"search_term_string"}}],"inLanguage":"en-US"},{"@type":"Organization","@id":"https:\/\/www.organisator.ch\/#organization","name":"Organizer","url":"https:\/\/www.organisator.ch\/","logo":{"@type":"ImageObject","inLanguage":"en-US","@id":"https:\/\/www.organisator.ch\/#\/schema\/logo\/image\/","url":"https:\/\/www.organisator.ch\/wp-content\/uploads\/2022\/01\/Logo_Organisator_Website.png","contentUrl":"https:\/\/www.organisator.ch\/wp-content\/uploads\/2022\/01\/Logo_Organisator_Website.png","width":800,"height":77,"caption":"Organisator"},"image":{"@id":"https:\/\/www.organisator.ch\/#\/schema\/logo\/image\/"},"sameAs":["https:\/\/www.facebook.com\/OrganisatorFachmagazin","https:\/\/www.linkedin.com\/showcase\/organisator-das-magazin-fr-kmu","https:\/\/www.xing.com\/news\/pages\/organisator-ch-695","https:\/\/www.youtube.com\/channel\/UCGP2Sq0iWaZwT3BdIAQFYpw"]},{"@type":"Person","@id":"https:\/\/www.organisator.ch\/#\/schema\/person\/4e51799071cd2dd1232ac003643ef5f0","name":"galledia","image":{"@type":"ImageObject","inLanguage":"en-US","@id":"https:\/\/secure.gravatar.com\/avatar\/78a7f90c01fc2bfc875782a0d4922b37cde2cf184ce347b91316d23cd7f69a36?s=96&d=mm&r=g","url":"https:\/\/secure.gravatar.com\/avatar\/78a7f90c01fc2bfc875782a0d4922b37cde2cf184ce347b91316d23cd7f69a36?s=96&d=mm&r=g","contentUrl":"https:\/\/secure.gravatar.com\/avatar\/78a7f90c01fc2bfc875782a0d4922b37cde2cf184ce347b91316d23cd7f69a36?s=96&d=mm&r=g","caption":"galledia"},"sameAs":["https:\/\/x.com\/admin"],"url":"https:\/\/www.organisator.ch\/en\/author\/galledia\/"}]}},"_links":{"self":[{"href":"https:\/\/www.organisator.ch\/en\/wp-json\/wp\/v2\/posts\/37205","targetHints":{"allow":["GET"]}}],"collection":[{"href":"https:\/\/www.organisator.ch\/en\/wp-json\/wp\/v2\/posts"}],"about":[{"href":"https:\/\/www.organisator.ch\/en\/wp-json\/wp\/v2\/types\/post"}],"author":[{"embeddable":true,"href":"https:\/\/www.organisator.ch\/en\/wp-json\/wp\/v2\/users\/8"}],"replies":[{"embeddable":true,"href":"https:\/\/www.organisator.ch\/en\/wp-json\/wp\/v2\/comments?post=37205"}],"version-history":[{"count":6,"href":"https:\/\/www.organisator.ch\/en\/wp-json\/wp\/v2\/posts\/37205\/revisions"}],"predecessor-version":[{"id":37210,"href":"https:\/\/www.organisator.ch\/en\/wp-json\/wp\/v2\/posts\/37205\/revisions\/37210"}],"wp:attachment":[{"href":"https:\/\/www.organisator.ch\/en\/wp-json\/wp\/v2\/media?parent=37205"}],"wp:term":[{"taxonomy":"category","embeddable":true,"href":"https:\/\/www.organisator.ch\/en\/wp-json\/wp\/v2\/categories?post=37205"},{"taxonomy":"post_tag","embeddable":true,"href":"https:\/\/www.organisator.ch\/en\/wp-json\/wp\/v2\/tags?post=37205"}],"curies":[{"name":"wp","href":"https:\/\/api.w.org\/{rel}","templated":true}]}}