{"id":37211,"date":"2025-03-26T13:41:26","date_gmt":"2025-03-26T12:41:26","guid":{"rendered":"https:\/\/www.organisator.ch\/?p=37211"},"modified":"2025-03-26T13:41:26","modified_gmt":"2025-03-26T12:41:26","slug":"jaehrlicher-rekordzuwachs-bei-erneuerbaren-energien","status":"publish","type":"post","link":"https:\/\/www.organisator.ch\/en\/sustainability\/2025-03-26\/jaehrlicher-rekordzuwachs-bei-erneuerbaren-energien\/","title":{"rendered":"Record annual growth in renewable energies"},"content":{"rendered":"<figure id=\"attachment_37212\" aria-describedby=\"caption-attachment-37212\" style=\"width: 680px\" class=\"wp-caption alignnone\"><img loading=\"lazy\" decoding=\"async\" class=\"size-full wp-image-37212\" src=\"https:\/\/www.organisator.ch\/wp-content\/uploads\/2025\/03\/Jaehrlicher-Rekordzuwachs-bei-erneuerbaren-Energien_Organisator.jpg\" alt=\"\" width=\"680\" height=\"453\" srcset=\"https:\/\/www.organisator.ch\/wp-content\/uploads\/2025\/03\/Jaehrlicher-Rekordzuwachs-bei-erneuerbaren-Energien_Organisator.jpg 680w, https:\/\/www.organisator.ch\/wp-content\/uploads\/2025\/03\/Jaehrlicher-Rekordzuwachs-bei-erneuerbaren-Energien_Organisator-18x12.jpg 18w, https:\/\/www.organisator.ch\/wp-content\/uploads\/2025\/03\/Jaehrlicher-Rekordzuwachs-bei-erneuerbaren-Energien_Organisator-375x250.jpg 375w, https:\/\/www.organisator.ch\/wp-content\/uploads\/2025\/03\/Jaehrlicher-Rekordzuwachs-bei-erneuerbaren-Energien_Organisator-525x350.jpg 525w\" sizes=\"auto, (max-width: 680px) 100vw, 680px\" \/><figcaption id=\"caption-attachment-37212\" class=\"wp-caption-text\">The expansion of renewable energies also recorded record growth in 2024. (Image: serts, iStock \/ Getty Images Plus)<\/figcaption><\/figure>\n<p>The Renewable Capacity Statistics 2025 report, which was published by the International Renewable Energy Agency (IRENA) on March 26, 2025, shows a massive increase in electricity generation from renewable energies in 2024 to an impressive 4,448 gigawatts (GW). The 585 GW added in the previous year corresponds to 92.5 % of total capacity expansion and a record annual increase of 15.1 %.<\/p>\n<h3>Still a long way to go despite record growth<\/h3>\n<p>Although 2024 has set another benchmark in terms of renewable energy capacity and growth, progress falls short of the 11.2 terawatts needed to meet the global target of tripling installed renewable energy capacity by 2030. To meet this target, annual renewable energy capacity additions must now increase by 16.6 % per year by 2030. In addition, progress is again characterized by considerable geographical disparities. As in previous years, Asia accounted for the majority of the increase, led by China, which contributed almost 64 % of global capacity growth, while Central America and the Caribbean made the smallest contribution with only 3.2 %. The G7 and G20 countries accounted for 14.3 % and 90.3 % of newly added capacity in 2024 respectively. Francesco La Camera, Director General of IRENA, commented: \"The steady growth of renewable energy that we are witnessing year after year is a testament to the economic viability and rapid deployment of renewable energy. Even though records are being broken year after year in the expansion of renewable energies, we still face the same challenges, namely the major regional inequalities and the ticking clock in view of the impending 2030 deadline.\"<\/p>\n<h3>More than three quarters is solar energy<\/h3>\n<p>Solar and wind energy continue to record the largest growth and together accounted for 96.6 % of the total net increase in renewable energy in 2024. Solar energy accounted for more than three quarters of the capacity expansion, increasing by 32.2 % to 1,865 GW, followed by wind energy with growth of 11.1 %.<\/p>\n<p>The extensive net decommissioning of power generation from non-renewable energies in a number of regions has contributed to the upward trend in renewable energies, IRENA reports. However, more needs to be done to achieve the goal of tripling renewable energy generation capacity by 2030 and the Paris Agreement, it adds. In recent years, IRENA has called for the establishment of clear, quantifiable targets for renewable electricity generation capacity in the NDC 3.0. To this end, the Agency provides support for the improvement and implementation of its members' NDCs with a focus on the energy sector through its engagement in individual countries.<\/p>\n<p><em>Source: <a href=\"https:\/\/www.irena.org\/\">IRENA<\/a> \/ <a href=\"https:\/\/u7061146.ct.sendgrid.net\/ls\/click?upn=u001.gqh-2BaxUzlo7XKIuSly0rC8fwCDvtdcWHsBQfu3uq8t6GtJIBNcrKtrtO-2FAdsb-2FCBMMG9xOmXZCDNJCac9d2IQbBOlrWCkcZvmZ6V0Mgaa44DUiUBhD-2B-2BTf-2FqAEMPNkHokikP_93BsojE-2BL5C-2BY5bA-2FpB2S5x4ASie2lf0OAH97LZOvRzt5D75qfMMOIGJGzLAWsXlpS4vHcXs09HRhtCLbmr3DcPgBzlJhIy-2BMR44gVmw5DTmYJv0sUGonvLxgv-2BYk2rwSHoSm5HwxyphPMGUTSjeA-2FxgkiJkW6xEBvN8FGv0zsXqeBJL8y-2FUs7FGomzJour7n6FvvdR-2FWFVWU5NuJ5sEVV58R6Dp9ZaxznsFN0ZZE-2FBLUgjUkSpLyegTzioZzH7U3VFC-2FtJgFoa-2F2TPRWubaD-2BkR40DgjrMwKD9CW5UuwQq-2B9opCIgxgZtTGBeBtmHqCgK8g9Mc0V8k5qKVRfsuGjlmItmni-2FztN8F7rjau-2FS8A-3D\">Renewable Capacity Statistics 2025<\/a><\/em><\/p>","protected":false},"excerpt":{"rendered":"<p>With an expansion of 585 GW, renewable energies accounted for over 90 % of the total global electricity expansion in 2024. This is shown by the recently published survey by the International Renewable Energy Agency IRENA.<\/p>","protected":false},"author":4,"featured_media":37212,"comment_status":"closed","ping_status":"closed","sticky":false,"template":"","format":"standard","meta":{"_acf_changed":false,"_yoast_wpseo_focuskw":"Rekordzuwachs","_yoast_wpseo_metadesc":"Rekordzuwachs: Mit einem Zubau von 585 GW machten erneuerbare Energien im Jahr 2024 \u00fcber 90 % des gesamten weltweiten Stromausbaus aus.","articlekey":"","footnotes":""},"categories":[580],"tags":[1098,358,452],"class_list":["post-37211","post","type-post","status-publish","format-standard","has-post-thumbnail","hentry","category-sustainability","tag-enerneuerbare-energie","tag-nachhaltige-wirtschaft","tag-statistik"],"acf":[],"yoast_head":"<!-- This site is optimized with the Yoast SEO plugin v27.4 - https:\/\/yoast.com\/product\/yoast-seo-wordpress\/ -->\n<title>J\u00e4hrlicher Rekordzuwachs bei erneuerbaren Energien - Organisator<\/title>\n<meta name=\"description\" content=\"Rekordzuwachs: Mit einem Zubau von 585 GW machten erneuerbare Energien im Jahr 2024 \u00fcber 90 % des gesamten weltweiten Stromausbaus aus.\" \/>\n<meta name=\"robots\" content=\"index, follow, max-snippet:-1, max-image-preview:large, max-video-preview:-1\" \/>\n<link rel=\"canonical\" href=\"https:\/\/www.organisator.ch\/en\/sustainability\/2025-03-26\/jaehrlicher-rekordzuwachs-bei-erneuerbaren-energien\/\" \/>\n<meta property=\"og:locale\" content=\"en_US\" \/>\n<meta property=\"og:type\" content=\"article\" \/>\n<meta property=\"og:title\" content=\"J\u00e4hrlicher Rekordzuwachs bei erneuerbaren Energien\" \/>\n<meta property=\"og:description\" content=\"Rekordzuwachs: Mit einem Zubau von 585 GW machten erneuerbare Energien im Jahr 2024 \u00fcber 90 % des gesamten weltweiten Stromausbaus aus.\" \/>\n<meta property=\"og:url\" content=\"https:\/\/www.organisator.ch\/en\/sustainability\/2025-03-26\/jaehrlicher-rekordzuwachs-bei-erneuerbaren-energien\/\" \/>\n<meta property=\"og:site_name\" content=\"Organisator\" \/>\n<meta property=\"article:publisher\" content=\"https:\/\/www.facebook.com\/OrganisatorFachmagazin\" \/>\n<meta property=\"article:published_time\" content=\"2025-03-26T12:41:26+00:00\" \/>\n<meta property=\"og:image\" content=\"https:\/\/www.organisator.ch\/wp-content\/uploads\/2025\/03\/Jaehrlicher-Rekordzuwachs-bei-erneuerbaren-Energien_Organisator.jpg\" \/>\n\t<meta property=\"og:image:width\" content=\"680\" \/>\n\t<meta property=\"og:image:height\" content=\"453\" \/>\n\t<meta property=\"og:image:type\" content=\"image\/jpeg\" \/>\n<meta name=\"author\" content=\"thomas.berner\" \/>\n<meta name=\"twitter:card\" content=\"summary_large_image\" \/>\n<meta name=\"twitter:title\" content=\"J\u00e4hrlicher #Rekordzuwachs bei erneuerbaren Energien\" \/>\n<meta name=\"twitter:description\" content=\"#Rekordzuwachs: Mit einem Zubau von 585 GW machten erneuerbare #Energien im Jahr 2024 \u00fcber 90 % des gesamten weltweiten Stromausbaus aus.\" \/>\n<meta name=\"twitter:image\" content=\"https:\/\/www.organisator.ch\/wp-content\/uploads\/2025\/03\/Jaehrlicher-Rekordzuwachs-bei-erneuerbaren-Energien_Organisator.jpg\" \/>\n<script type=\"application\/ld+json\" class=\"yoast-schema-graph\">{\"@context\":\"https:\\\/\\\/schema.org\",\"@graph\":[{\"@type\":\"Article\",\"@id\":\"https:\\\/\\\/www.organisator.ch\\\/sustainability\\\/2025-03-26\\\/jaehrlicher-rekordzuwachs-bei-erneuerbaren-energien\\\/#article\",\"isPartOf\":{\"@id\":\"https:\\\/\\\/www.organisator.ch\\\/sustainability\\\/2025-03-26\\\/jaehrlicher-rekordzuwachs-bei-erneuerbaren-energien\\\/\"},\"author\":{\"name\":\"thomas.berner\",\"@id\":\"https:\\\/\\\/www.organisator.ch\\\/#\\\/schema\\\/person\\\/6f650f90b2842cd4c0cc334b4e36f67e\"},\"headline\":\"J\u00e4hrlicher Rekordzuwachs bei erneuerbaren Energien\",\"datePublished\":\"2025-03-26T12:41:26+00:00\",\"mainEntityOfPage\":{\"@id\":\"https:\\\/\\\/www.organisator.ch\\\/sustainability\\\/2025-03-26\\\/jaehrlicher-rekordzuwachs-bei-erneuerbaren-energien\\\/\"},\"wordCount\":451,\"publisher\":{\"@id\":\"https:\\\/\\\/www.organisator.ch\\\/#organization\"},\"image\":{\"@id\":\"https:\\\/\\\/www.organisator.ch\\\/sustainability\\\/2025-03-26\\\/jaehrlicher-rekordzuwachs-bei-erneuerbaren-energien\\\/#primaryimage\"},\"thumbnailUrl\":\"https:\\\/\\\/www.organisator.ch\\\/wp-content\\\/uploads\\\/2025\\\/03\\\/Jaehrlicher-Rekordzuwachs-bei-erneuerbaren-Energien_Organisator.jpg\",\"keywords\":[\"Enerneuerbare Energie\",\"Nachhaltige Wirtschaft\",\"Statistik\"],\"articleSection\":[\"SUSTAINABILITY\"],\"inLanguage\":\"en-US\"},{\"@type\":\"WebPage\",\"@id\":\"https:\\\/\\\/www.organisator.ch\\\/sustainability\\\/2025-03-26\\\/jaehrlicher-rekordzuwachs-bei-erneuerbaren-energien\\\/\",\"url\":\"https:\\\/\\\/www.organisator.ch\\\/sustainability\\\/2025-03-26\\\/jaehrlicher-rekordzuwachs-bei-erneuerbaren-energien\\\/\",\"name\":\"J\u00e4hrlicher Rekordzuwachs bei erneuerbaren Energien - Organisator\",\"isPartOf\":{\"@id\":\"https:\\\/\\\/www.organisator.ch\\\/#website\"},\"primaryImageOfPage\":{\"@id\":\"https:\\\/\\\/www.organisator.ch\\\/sustainability\\\/2025-03-26\\\/jaehrlicher-rekordzuwachs-bei-erneuerbaren-energien\\\/#primaryimage\"},\"image\":{\"@id\":\"https:\\\/\\\/www.organisator.ch\\\/sustainability\\\/2025-03-26\\\/jaehrlicher-rekordzuwachs-bei-erneuerbaren-energien\\\/#primaryimage\"},\"thumbnailUrl\":\"https:\\\/\\\/www.organisator.ch\\\/wp-content\\\/uploads\\\/2025\\\/03\\\/Jaehrlicher-Rekordzuwachs-bei-erneuerbaren-Energien_Organisator.jpg\",\"datePublished\":\"2025-03-26T12:41:26+00:00\",\"description\":\"Rekordzuwachs: Mit einem Zubau von 585 GW machten erneuerbare Energien im Jahr 2024 \u00fcber 90 % des gesamten weltweiten Stromausbaus aus.\",\"breadcrumb\":{\"@id\":\"https:\\\/\\\/www.organisator.ch\\\/sustainability\\\/2025-03-26\\\/jaehrlicher-rekordzuwachs-bei-erneuerbaren-energien\\\/#breadcrumb\"},\"inLanguage\":\"en-US\",\"potentialAction\":[{\"@type\":\"ReadAction\",\"target\":[\"https:\\\/\\\/www.organisator.ch\\\/sustainability\\\/2025-03-26\\\/jaehrlicher-rekordzuwachs-bei-erneuerbaren-energien\\\/\"]}]},{\"@type\":\"ImageObject\",\"inLanguage\":\"en-US\",\"@id\":\"https:\\\/\\\/www.organisator.ch\\\/sustainability\\\/2025-03-26\\\/jaehrlicher-rekordzuwachs-bei-erneuerbaren-energien\\\/#primaryimage\",\"url\":\"https:\\\/\\\/www.organisator.ch\\\/wp-content\\\/uploads\\\/2025\\\/03\\\/Jaehrlicher-Rekordzuwachs-bei-erneuerbaren-Energien_Organisator.jpg\",\"contentUrl\":\"https:\\\/\\\/www.organisator.ch\\\/wp-content\\\/uploads\\\/2025\\\/03\\\/Jaehrlicher-Rekordzuwachs-bei-erneuerbaren-Energien_Organisator.jpg\",\"width\":680,\"height\":453,\"caption\":\"Der Zubau mit erneuerbaren Energien verzeichnete auch 2024 einen Rekordzuwachs. (Bild: iStock \\\/ Getty Images Plus)\"},{\"@type\":\"BreadcrumbList\",\"@id\":\"https:\\\/\\\/www.organisator.ch\\\/sustainability\\\/2025-03-26\\\/jaehrlicher-rekordzuwachs-bei-erneuerbaren-energien\\\/#breadcrumb\",\"itemListElement\":[{\"@type\":\"ListItem\",\"position\":1,\"name\":\"Home\",\"item\":\"https:\\\/\\\/www.organisator.ch\\\/\"},{\"@type\":\"ListItem\",\"position\":2,\"name\":\"J\u00e4hrlicher Rekordzuwachs bei erneuerbaren Energien\"}]},{\"@type\":\"WebSite\",\"@id\":\"https:\\\/\\\/www.organisator.ch\\\/#website\",\"url\":\"https:\\\/\\\/www.organisator.ch\\\/\",\"name\":\"Organisator\",\"description\":\"Kompetent. Praxisnah. Der ORGANISATOR bereitet in 10 Ausgaben pro Jahr die wesentlichen Themen f\u00fcr F\u00fchrungskr\u00e4fte von KMU auf.\",\"publisher\":{\"@id\":\"https:\\\/\\\/www.organisator.ch\\\/#organization\"},\"potentialAction\":[{\"@type\":\"SearchAction\",\"target\":{\"@type\":\"EntryPoint\",\"urlTemplate\":\"https:\\\/\\\/www.organisator.ch\\\/?s={search_term_string}\"},\"query-input\":{\"@type\":\"PropertyValueSpecification\",\"valueRequired\":true,\"valueName\":\"search_term_string\"}}],\"inLanguage\":\"en-US\"},{\"@type\":\"Organization\",\"@id\":\"https:\\\/\\\/www.organisator.ch\\\/#organization\",\"name\":\"Organisator\",\"url\":\"https:\\\/\\\/www.organisator.ch\\\/\",\"logo\":{\"@type\":\"ImageObject\",\"inLanguage\":\"en-US\",\"@id\":\"https:\\\/\\\/www.organisator.ch\\\/#\\\/schema\\\/logo\\\/image\\\/\",\"url\":\"https:\\\/\\\/www.organisator.ch\\\/wp-content\\\/uploads\\\/2022\\\/01\\\/Logo_Organisator_Website.png\",\"contentUrl\":\"https:\\\/\\\/www.organisator.ch\\\/wp-content\\\/uploads\\\/2022\\\/01\\\/Logo_Organisator_Website.png\",\"width\":800,\"height\":77,\"caption\":\"Organisator\"},\"image\":{\"@id\":\"https:\\\/\\\/www.organisator.ch\\\/#\\\/schema\\\/logo\\\/image\\\/\"},\"sameAs\":[\"https:\\\/\\\/www.facebook.com\\\/OrganisatorFachmagazin\",\"https:\\\/\\\/www.linkedin.com\\\/showcase\\\/organisator-das-magazin-fr-kmu\",\"https:\\\/\\\/www.xing.com\\\/news\\\/pages\\\/organisator-ch-695\",\"https:\\\/\\\/www.youtube.com\\\/channel\\\/UCGP2Sq0iWaZwT3BdIAQFYpw\"]},{\"@type\":\"Person\",\"@id\":\"https:\\\/\\\/www.organisator.ch\\\/#\\\/schema\\\/person\\\/6f650f90b2842cd4c0cc334b4e36f67e\",\"name\":\"thomas.berner\",\"image\":{\"@type\":\"ImageObject\",\"inLanguage\":\"en-US\",\"@id\":\"https:\\\/\\\/secure.gravatar.com\\\/avatar\\\/ac5001d2a36cb6c6cd3e50789007ffca834b477b74a2144564522e944eabff61?s=96&d=mm&r=g\",\"url\":\"https:\\\/\\\/secure.gravatar.com\\\/avatar\\\/ac5001d2a36cb6c6cd3e50789007ffca834b477b74a2144564522e944eabff61?s=96&d=mm&r=g\",\"contentUrl\":\"https:\\\/\\\/secure.gravatar.com\\\/avatar\\\/ac5001d2a36cb6c6cd3e50789007ffca834b477b74a2144564522e944eabff61?s=96&d=mm&r=g\",\"caption\":\"thomas.berner\"},\"url\":\"https:\\\/\\\/www.organisator.ch\\\/en\\\/author\\\/thomas-berner\\\/\"}]}<\/script>\n<!-- \/ Yoast SEO plugin. -->","yoast_head_json":{"title":"Record annual growth in renewable energies - organizer","description":"Record growth: With an expansion of 585 GW, renewable energies accounted for over 90 % of the total global electricity expansion in 2024.","robots":{"index":"index","follow":"follow","max-snippet":"max-snippet:-1","max-image-preview":"max-image-preview:large","max-video-preview":"max-video-preview:-1"},"canonical":"https:\/\/www.organisator.ch\/en\/sustainability\/2025-03-26\/jaehrlicher-rekordzuwachs-bei-erneuerbaren-energien\/","og_locale":"en_US","og_type":"article","og_title":"J\u00e4hrlicher Rekordzuwachs bei erneuerbaren Energien","og_description":"Rekordzuwachs: Mit einem Zubau von 585 GW machten erneuerbare Energien im Jahr 2024 \u00fcber 90 % des gesamten weltweiten Stromausbaus aus.","og_url":"https:\/\/www.organisator.ch\/en\/sustainability\/2025-03-26\/jaehrlicher-rekordzuwachs-bei-erneuerbaren-energien\/","og_site_name":"Organisator","article_publisher":"https:\/\/www.facebook.com\/OrganisatorFachmagazin","article_published_time":"2025-03-26T12:41:26+00:00","og_image":[{"width":680,"height":453,"url":"https:\/\/www.organisator.ch\/wp-content\/uploads\/2025\/03\/Jaehrlicher-Rekordzuwachs-bei-erneuerbaren-Energien_Organisator.jpg","type":"image\/jpeg"}],"author":"thomas.berner","twitter_card":"summary_large_image","twitter_title":"J\u00e4hrlicher #Rekordzuwachs bei erneuerbaren Energien","twitter_description":"#Rekordzuwachs: Mit einem Zubau von 585 GW machten erneuerbare #Energien im Jahr 2024 \u00fcber 90 % des gesamten weltweiten Stromausbaus aus.","twitter_image":"https:\/\/www.organisator.ch\/wp-content\/uploads\/2025\/03\/Jaehrlicher-Rekordzuwachs-bei-erneuerbaren-Energien_Organisator.jpg","schema":{"@context":"https:\/\/schema.org","@graph":[{"@type":"Article","@id":"https:\/\/www.organisator.ch\/sustainability\/2025-03-26\/jaehrlicher-rekordzuwachs-bei-erneuerbaren-energien\/#article","isPartOf":{"@id":"https:\/\/www.organisator.ch\/sustainability\/2025-03-26\/jaehrlicher-rekordzuwachs-bei-erneuerbaren-energien\/"},"author":{"name":"thomas.berner","@id":"https:\/\/www.organisator.ch\/#\/schema\/person\/6f650f90b2842cd4c0cc334b4e36f67e"},"headline":"J\u00e4hrlicher Rekordzuwachs bei erneuerbaren Energien","datePublished":"2025-03-26T12:41:26+00:00","mainEntityOfPage":{"@id":"https:\/\/www.organisator.ch\/sustainability\/2025-03-26\/jaehrlicher-rekordzuwachs-bei-erneuerbaren-energien\/"},"wordCount":451,"publisher":{"@id":"https:\/\/www.organisator.ch\/#organization"},"image":{"@id":"https:\/\/www.organisator.ch\/sustainability\/2025-03-26\/jaehrlicher-rekordzuwachs-bei-erneuerbaren-energien\/#primaryimage"},"thumbnailUrl":"https:\/\/www.organisator.ch\/wp-content\/uploads\/2025\/03\/Jaehrlicher-Rekordzuwachs-bei-erneuerbaren-Energien_Organisator.jpg","keywords":["Enerneuerbare Energie","Nachhaltige Wirtschaft","Statistik"],"articleSection":["SUSTAINABILITY"],"inLanguage":"en-US"},{"@type":"WebPage","@id":"https:\/\/www.organisator.ch\/sustainability\/2025-03-26\/jaehrlicher-rekordzuwachs-bei-erneuerbaren-energien\/","url":"https:\/\/www.organisator.ch\/sustainability\/2025-03-26\/jaehrlicher-rekordzuwachs-bei-erneuerbaren-energien\/","name":"Record annual growth in renewable energies - organizer","isPartOf":{"@id":"https:\/\/www.organisator.ch\/#website"},"primaryImageOfPage":{"@id":"https:\/\/www.organisator.ch\/sustainability\/2025-03-26\/jaehrlicher-rekordzuwachs-bei-erneuerbaren-energien\/#primaryimage"},"image":{"@id":"https:\/\/www.organisator.ch\/sustainability\/2025-03-26\/jaehrlicher-rekordzuwachs-bei-erneuerbaren-energien\/#primaryimage"},"thumbnailUrl":"https:\/\/www.organisator.ch\/wp-content\/uploads\/2025\/03\/Jaehrlicher-Rekordzuwachs-bei-erneuerbaren-Energien_Organisator.jpg","datePublished":"2025-03-26T12:41:26+00:00","description":"Record growth: With an expansion of 585 GW, renewable energies accounted for over 90 % of the total global electricity expansion in 2024.","breadcrumb":{"@id":"https:\/\/www.organisator.ch\/sustainability\/2025-03-26\/jaehrlicher-rekordzuwachs-bei-erneuerbaren-energien\/#breadcrumb"},"inLanguage":"en-US","potentialAction":[{"@type":"ReadAction","target":["https:\/\/www.organisator.ch\/sustainability\/2025-03-26\/jaehrlicher-rekordzuwachs-bei-erneuerbaren-energien\/"]}]},{"@type":"ImageObject","inLanguage":"en-US","@id":"https:\/\/www.organisator.ch\/sustainability\/2025-03-26\/jaehrlicher-rekordzuwachs-bei-erneuerbaren-energien\/#primaryimage","url":"https:\/\/www.organisator.ch\/wp-content\/uploads\/2025\/03\/Jaehrlicher-Rekordzuwachs-bei-erneuerbaren-Energien_Organisator.jpg","contentUrl":"https:\/\/www.organisator.ch\/wp-content\/uploads\/2025\/03\/Jaehrlicher-Rekordzuwachs-bei-erneuerbaren-Energien_Organisator.jpg","width":680,"height":453,"caption":"Der Zubau mit erneuerbaren Energien verzeichnete auch 2024 einen Rekordzuwachs. (Bild: iStock \/ Getty Images Plus)"},{"@type":"BreadcrumbList","@id":"https:\/\/www.organisator.ch\/sustainability\/2025-03-26\/jaehrlicher-rekordzuwachs-bei-erneuerbaren-energien\/#breadcrumb","itemListElement":[{"@type":"ListItem","position":1,"name":"Home","item":"https:\/\/www.organisator.ch\/"},{"@type":"ListItem","position":2,"name":"J\u00e4hrlicher Rekordzuwachs bei erneuerbaren Energien"}]},{"@type":"WebSite","@id":"https:\/\/www.organisator.ch\/#website","url":"https:\/\/www.organisator.ch\/","name":"Organizer","description":"Competent. Practical. In 10 issues per year, ORGANISATOR presents the essential topics for managers of SMEs.","publisher":{"@id":"https:\/\/www.organisator.ch\/#organization"},"potentialAction":[{"@type":"SearchAction","target":{"@type":"EntryPoint","urlTemplate":"https:\/\/www.organisator.ch\/?s={search_term_string}"},"query-input":{"@type":"PropertyValueSpecification","valueRequired":true,"valueName":"search_term_string"}}],"inLanguage":"en-US"},{"@type":"Organization","@id":"https:\/\/www.organisator.ch\/#organization","name":"Organizer","url":"https:\/\/www.organisator.ch\/","logo":{"@type":"ImageObject","inLanguage":"en-US","@id":"https:\/\/www.organisator.ch\/#\/schema\/logo\/image\/","url":"https:\/\/www.organisator.ch\/wp-content\/uploads\/2022\/01\/Logo_Organisator_Website.png","contentUrl":"https:\/\/www.organisator.ch\/wp-content\/uploads\/2022\/01\/Logo_Organisator_Website.png","width":800,"height":77,"caption":"Organisator"},"image":{"@id":"https:\/\/www.organisator.ch\/#\/schema\/logo\/image\/"},"sameAs":["https:\/\/www.facebook.com\/OrganisatorFachmagazin","https:\/\/www.linkedin.com\/showcase\/organisator-das-magazin-fr-kmu","https:\/\/www.xing.com\/news\/pages\/organisator-ch-695","https:\/\/www.youtube.com\/channel\/UCGP2Sq0iWaZwT3BdIAQFYpw"]},{"@type":"Person","@id":"https:\/\/www.organisator.ch\/#\/schema\/person\/6f650f90b2842cd4c0cc334b4e36f67e","name":"thomas.berner","image":{"@type":"ImageObject","inLanguage":"en-US","@id":"https:\/\/secure.gravatar.com\/avatar\/ac5001d2a36cb6c6cd3e50789007ffca834b477b74a2144564522e944eabff61?s=96&d=mm&r=g","url":"https:\/\/secure.gravatar.com\/avatar\/ac5001d2a36cb6c6cd3e50789007ffca834b477b74a2144564522e944eabff61?s=96&d=mm&r=g","contentUrl":"https:\/\/secure.gravatar.com\/avatar\/ac5001d2a36cb6c6cd3e50789007ffca834b477b74a2144564522e944eabff61?s=96&d=mm&r=g","caption":"thomas.berner"},"url":"https:\/\/www.organisator.ch\/en\/author\/thomas-berner\/"}]}},"_links":{"self":[{"href":"https:\/\/www.organisator.ch\/en\/wp-json\/wp\/v2\/posts\/37211","targetHints":{"allow":["GET"]}}],"collection":[{"href":"https:\/\/www.organisator.ch\/en\/wp-json\/wp\/v2\/posts"}],"about":[{"href":"https:\/\/www.organisator.ch\/en\/wp-json\/wp\/v2\/types\/post"}],"author":[{"embeddable":true,"href":"https:\/\/www.organisator.ch\/en\/wp-json\/wp\/v2\/users\/4"}],"replies":[{"embeddable":true,"href":"https:\/\/www.organisator.ch\/en\/wp-json\/wp\/v2\/comments?post=37211"}],"version-history":[{"count":3,"href":"https:\/\/www.organisator.ch\/en\/wp-json\/wp\/v2\/posts\/37211\/revisions"}],"predecessor-version":[{"id":37244,"href":"https:\/\/www.organisator.ch\/en\/wp-json\/wp\/v2\/posts\/37211\/revisions\/37244"}],"wp:featuredmedia":[{"embeddable":true,"href":"https:\/\/www.organisator.ch\/en\/wp-json\/wp\/v2\/media\/37212"}],"wp:attachment":[{"href":"https:\/\/www.organisator.ch\/en\/wp-json\/wp\/v2\/media?parent=37211"}],"wp:term":[{"taxonomy":"category","embeddable":true,"href":"https:\/\/www.organisator.ch\/en\/wp-json\/wp\/v2\/categories?post=37211"},{"taxonomy":"post_tag","embeddable":true,"href":"https:\/\/www.organisator.ch\/en\/wp-json\/wp\/v2\/tags?post=37211"}],"curies":[{"name":"wp","href":"https:\/\/api.w.org\/{rel}","templated":true}]}}