{"id":37230,"date":"2025-03-27T13:07:36","date_gmt":"2025-03-27T12:07:36","guid":{"rendered":"https:\/\/www.markt-kom.com\/?p=232568"},"modified":"2025-03-27T07:05:31","modified_gmt":"2025-03-27T06:05:31","slug":"ki-videos-maz-tagung-beleuchtet-chancen-herausforderungen-und-ethische-fragen","status":"publish","type":"post","link":"https:\/\/www.organisator.ch\/en\/marketing\/2025-03-27\/ki-videos-maz-tagung-beleuchtet-chancen-herausforderungen-und-ethische-fragen\/","title":{"rendered":"AI videos: Maz conference highlights opportunities, challenges and ethical issues"},"content":{"rendered":"<figure id=\"attachment_232570\" class=\"wp-caption aligncenter\" style=\"width: 1200px;\" aria-describedby=\"caption-attachment-232570\"><a href=\"https:\/\/www.markt-kom.com\/wp-content\/uploads\/2025\/03\/Video-Symbolbild-Unsplash.jpg\"><img class=\"size-full wp-image-232570\" src=\"https:\/\/www.markt-kom.com\/wp-content\/uploads\/2025\/03\/Video-Symbolbild-Unsplash.jpg\" sizes=\"(max-width: 1200px) 100vw, 1200px\" srcset=\"https:\/\/www.markt-kom.com\/wp-content\/uploads\/2025\/03\/Video-Symbolbild-Unsplash.jpg 1200w, https:\/\/www.markt-kom.com\/wp-content\/uploads\/2025\/03\/Video-Symbolbild-Unsplash-600x450.jpg 600w, https:\/\/www.markt-kom.com\/wp-content\/uploads\/2025\/03\/Video-Symbolbild-Unsplash-1024x768.jpg 1024w, https:\/\/www.markt-kom.com\/wp-content\/uploads\/2025\/03\/Video-Symbolbild-Unsplash-768x576.jpg 768w, https:\/\/www.markt-kom.com\/wp-content\/uploads\/2025\/03\/Video-Symbolbild-Unsplash-16x12.jpg 16w, https:\/\/www.markt-kom.com\/wp-content\/uploads\/2025\/03\/Video-Symbolbild-Unsplash-233x175.jpg 233w, https:\/\/www.markt-kom.com\/wp-content\/uploads\/2025\/03\/Video-Symbolbild-Unsplash-467x350.jpg 467w, https:\/\/www.markt-kom.com\/wp-content\/uploads\/2025\/03\/Video-Symbolbild-Unsplash-1000x750.jpg 1000w\" alt=\"\" width=\"1200\" height=\"900\" \/><\/a>\r\n<figcaption id=\"caption-attachment-232570\" class=\"wp-caption-text\">(Iconic image: Unsplash.com)<\/figcaption>\r\n<\/figure>\r\n<p>AI-supported videos open up new perspectives for media, companies and creatives. But as technological advances grow, so do the challenges: How is AI changing storytelling? What risks does automation entail? And how can quality, ethics and credibility be ensured in a media world increasingly shaped by AI?<\/p>\r\n<p>These questions are at the center of the <a href=\"https:\/\/www.maz.ch\/kurs\/maz-thementagung-ki-videos\" rel=\"noopener\">Themed conference \"AI videos - opportunities and risks\"<\/a>which Maz will be holding in Lucerne on May 21, 2025. The event is aimed at media and communication professionals, creatives, scientists and decision-makers who want to find out about the latest developments in the field of AI and video.<\/p>\r\n<h3>Use cases and overarching perspectives<\/h3>\r\n<p>To kick things off, satirist and director Patrick \"Karpi\" Karpiczenko will shed light on the impact of AI-generated videos on journalism - with a critical but also humorous look at the media landscape. Filmmaker Jan Janutin and communicator Antonia Zahner will then show the extent to which AI videos can already be found in film production, marketing and corporate communications.<\/p>\r\n<p>Prof. Touradj Ebrahimi from EPFL Lausanne and Dr. Patrick Raemy from the University of Fribourg will introduce the technical and scientific part of the conference. They will analyze the current possibilities and limitations of AI-supported videos and discuss the effects on credibility and media ethics.<\/p>\r\n<p>The event will conclude with a panel discussion in which all speakers will debate the potential and risks of AI videos for media houses and companies.<\/p>","protected":false},"excerpt":{"rendered":"<p>AI is fundamentally changing video production - from news clips and commercials to personalized content. A conference at the Maz in Lucerne is dedicated to the technological possibilities, the impact on journalism and the ethical issues surrounding AI-generated videos.<\/p>","protected":false},"author":8,"featured_media":0,"comment_status":"closed","ping_status":"closed","sticky":false,"template":"","format":"standard","meta":{"_acf_changed":false,"_yoast_wpseo_focuskw":"KI-Videos","_yoast_wpseo_metadesc":"Eine Tagung am Maz in Luzern widmet sich den technologischen M\u00f6glichkeiten von KI-Videos, aber auch ethischen Fragen.","articlekey":"","footnotes":""},"categories":[29],"tags":[319,4343,4008,2799],"class_list":["post-37230","post","type-post","status-publish","format-standard","hentry","category-marketing","tag-kuenstliche-intelligenz","tag-markom","tag-maz","tag-messen-und-events"],"acf":[],"yoast_head":"<!-- This site is optimized with the Yoast SEO plugin v27.5 - https:\/\/yoast.com\/product\/yoast-seo-wordpress\/ -->\n<title>KI-Videos: Maz-Tagung beleuchtet Chancen, Herausforderungen und ethische Fragen - Organisator<\/title>\n<meta name=\"description\" content=\"Eine Tagung am Maz in Luzern widmet sich den technologischen M\u00f6glichkeiten von KI-Videos, aber auch ethischen Fragen.\" \/>\n<meta name=\"robots\" content=\"index, follow, max-snippet:-1, max-image-preview:large, max-video-preview:-1\" \/>\n<link rel=\"canonical\" href=\"https:\/\/www.organisator.ch\/en\/marketing\/2025-03-27\/ki-videos-maz-tagung-beleuchtet-chancen-herausforderungen-und-ethische-fragen\/\" \/>\n<meta property=\"og:locale\" content=\"en_US\" \/>\n<meta property=\"og:type\" content=\"article\" \/>\n<meta property=\"og:title\" content=\"KI-Videos: Maz-Tagung beleuchtet Chancen, Herausforderungen und ethische Fragen - Organisator\" \/>\n<meta property=\"og:description\" content=\"Eine Tagung am Maz in Luzern widmet sich den technologischen M\u00f6glichkeiten von KI-Videos, aber auch ethischen Fragen.\" \/>\n<meta property=\"og:url\" content=\"https:\/\/www.organisator.ch\/en\/marketing\/2025-03-27\/ki-videos-maz-tagung-beleuchtet-chancen-herausforderungen-und-ethische-fragen\/\" \/>\n<meta property=\"og:site_name\" content=\"Organisator\" \/>\n<meta property=\"article:publisher\" content=\"https:\/\/www.facebook.com\/OrganisatorFachmagazin\" \/>\n<meta property=\"article:published_time\" content=\"2025-03-27T12:07:36+00:00\" \/>\n<meta name=\"author\" content=\"galledia\" \/>\n<meta name=\"twitter:card\" content=\"summary_large_image\" \/>\n<meta name=\"twitter:creator\" content=\"@admin\" \/>\n<script type=\"application\/ld+json\" class=\"yoast-schema-graph\">{\"@context\":\"https:\\\/\\\/schema.org\",\"@graph\":[{\"@type\":\"Article\",\"@id\":\"https:\\\/\\\/www.organisator.ch\\\/marketing\\\/2025-03-27\\\/ki-videos-maz-tagung-beleuchtet-chancen-herausforderungen-und-ethische-fragen\\\/#article\",\"isPartOf\":{\"@id\":\"https:\\\/\\\/www.organisator.ch\\\/marketing\\\/2025-03-27\\\/ki-videos-maz-tagung-beleuchtet-chancen-herausforderungen-und-ethische-fragen\\\/\"},\"author\":{\"name\":\"galledia\",\"@id\":\"https:\\\/\\\/www.organisator.ch\\\/#\\\/schema\\\/person\\\/4e51799071cd2dd1232ac003643ef5f0\"},\"headline\":\"KI-Videos: Maz-Tagung beleuchtet Chancen, Herausforderungen und ethische Fragen\",\"datePublished\":\"2025-03-27T12:07:36+00:00\",\"mainEntityOfPage\":{\"@id\":\"https:\\\/\\\/www.organisator.ch\\\/marketing\\\/2025-03-27\\\/ki-videos-maz-tagung-beleuchtet-chancen-herausforderungen-und-ethische-fragen\\\/\"},\"wordCount\":239,\"publisher\":{\"@id\":\"https:\\\/\\\/www.organisator.ch\\\/#organization\"},\"image\":{\"@id\":\"https:\\\/\\\/www.organisator.ch\\\/marketing\\\/2025-03-27\\\/ki-videos-maz-tagung-beleuchtet-chancen-herausforderungen-und-ethische-fragen\\\/#primaryimage\"},\"thumbnailUrl\":\"https:\\\/\\\/www.markt-kom.com\\\/wp-content\\\/uploads\\\/2025\\\/03\\\/Video-Symbolbild-Unsplash.jpg\",\"keywords\":[\"K\u00fcnstliche Intelligenz\",\"MarKom\",\"Maz\",\"Messen und Events\"],\"articleSection\":[\"MARKETING\"],\"inLanguage\":\"en-US\"},{\"@type\":\"WebPage\",\"@id\":\"https:\\\/\\\/www.organisator.ch\\\/marketing\\\/2025-03-27\\\/ki-videos-maz-tagung-beleuchtet-chancen-herausforderungen-und-ethische-fragen\\\/\",\"url\":\"https:\\\/\\\/www.organisator.ch\\\/marketing\\\/2025-03-27\\\/ki-videos-maz-tagung-beleuchtet-chancen-herausforderungen-und-ethische-fragen\\\/\",\"name\":\"KI-Videos: Maz-Tagung beleuchtet Chancen, Herausforderungen und ethische Fragen - Organisator\",\"isPartOf\":{\"@id\":\"https:\\\/\\\/www.organisator.ch\\\/#website\"},\"primaryImageOfPage\":{\"@id\":\"https:\\\/\\\/www.organisator.ch\\\/marketing\\\/2025-03-27\\\/ki-videos-maz-tagung-beleuchtet-chancen-herausforderungen-und-ethische-fragen\\\/#primaryimage\"},\"image\":{\"@id\":\"https:\\\/\\\/www.organisator.ch\\\/marketing\\\/2025-03-27\\\/ki-videos-maz-tagung-beleuchtet-chancen-herausforderungen-und-ethische-fragen\\\/#primaryimage\"},\"thumbnailUrl\":\"https:\\\/\\\/www.markt-kom.com\\\/wp-content\\\/uploads\\\/2025\\\/03\\\/Video-Symbolbild-Unsplash.jpg\",\"datePublished\":\"2025-03-27T12:07:36+00:00\",\"description\":\"Eine Tagung am Maz in Luzern widmet sich den technologischen M\u00f6glichkeiten von KI-Videos, aber auch ethischen Fragen.\",\"breadcrumb\":{\"@id\":\"https:\\\/\\\/www.organisator.ch\\\/marketing\\\/2025-03-27\\\/ki-videos-maz-tagung-beleuchtet-chancen-herausforderungen-und-ethische-fragen\\\/#breadcrumb\"},\"inLanguage\":\"en-US\",\"potentialAction\":[{\"@type\":\"ReadAction\",\"target\":[\"https:\\\/\\\/www.organisator.ch\\\/marketing\\\/2025-03-27\\\/ki-videos-maz-tagung-beleuchtet-chancen-herausforderungen-und-ethische-fragen\\\/\"]}]},{\"@type\":\"ImageObject\",\"inLanguage\":\"en-US\",\"@id\":\"https:\\\/\\\/www.organisator.ch\\\/marketing\\\/2025-03-27\\\/ki-videos-maz-tagung-beleuchtet-chancen-herausforderungen-und-ethische-fragen\\\/#primaryimage\",\"url\":\"https:\\\/\\\/www.markt-kom.com\\\/wp-content\\\/uploads\\\/2025\\\/03\\\/Video-Symbolbild-Unsplash.jpg\",\"contentUrl\":\"https:\\\/\\\/www.markt-kom.com\\\/wp-content\\\/uploads\\\/2025\\\/03\\\/Video-Symbolbild-Unsplash.jpg\"},{\"@type\":\"BreadcrumbList\",\"@id\":\"https:\\\/\\\/www.organisator.ch\\\/marketing\\\/2025-03-27\\\/ki-videos-maz-tagung-beleuchtet-chancen-herausforderungen-und-ethische-fragen\\\/#breadcrumb\",\"itemListElement\":[{\"@type\":\"ListItem\",\"position\":1,\"name\":\"Home\",\"item\":\"https:\\\/\\\/www.organisator.ch\\\/\"},{\"@type\":\"ListItem\",\"position\":2,\"name\":\"KI-Videos: Maz-Tagung beleuchtet Chancen, Herausforderungen und ethische Fragen\"}]},{\"@type\":\"WebSite\",\"@id\":\"https:\\\/\\\/www.organisator.ch\\\/#website\",\"url\":\"https:\\\/\\\/www.organisator.ch\\\/\",\"name\":\"Organisator\",\"description\":\"Kompetent. Praxisnah. Der ORGANISATOR bereitet in 10 Ausgaben pro Jahr die wesentlichen Themen f\u00fcr F\u00fchrungskr\u00e4fte von KMU auf.\",\"publisher\":{\"@id\":\"https:\\\/\\\/www.organisator.ch\\\/#organization\"},\"potentialAction\":[{\"@type\":\"SearchAction\",\"target\":{\"@type\":\"EntryPoint\",\"urlTemplate\":\"https:\\\/\\\/www.organisator.ch\\\/?s={search_term_string}\"},\"query-input\":{\"@type\":\"PropertyValueSpecification\",\"valueRequired\":true,\"valueName\":\"search_term_string\"}}],\"inLanguage\":\"en-US\"},{\"@type\":\"Organization\",\"@id\":\"https:\\\/\\\/www.organisator.ch\\\/#organization\",\"name\":\"Organisator\",\"url\":\"https:\\\/\\\/www.organisator.ch\\\/\",\"logo\":{\"@type\":\"ImageObject\",\"inLanguage\":\"en-US\",\"@id\":\"https:\\\/\\\/www.organisator.ch\\\/#\\\/schema\\\/logo\\\/image\\\/\",\"url\":\"https:\\\/\\\/www.organisator.ch\\\/wp-content\\\/uploads\\\/2022\\\/01\\\/Logo_Organisator_Website.png\",\"contentUrl\":\"https:\\\/\\\/www.organisator.ch\\\/wp-content\\\/uploads\\\/2022\\\/01\\\/Logo_Organisator_Website.png\",\"width\":800,\"height\":77,\"caption\":\"Organisator\"},\"image\":{\"@id\":\"https:\\\/\\\/www.organisator.ch\\\/#\\\/schema\\\/logo\\\/image\\\/\"},\"sameAs\":[\"https:\\\/\\\/www.facebook.com\\\/OrganisatorFachmagazin\",\"https:\\\/\\\/www.linkedin.com\\\/showcase\\\/organisator-das-magazin-fr-kmu\",\"https:\\\/\\\/www.xing.com\\\/news\\\/pages\\\/organisator-ch-695\",\"https:\\\/\\\/www.youtube.com\\\/channel\\\/UCGP2Sq0iWaZwT3BdIAQFYpw\"]},{\"@type\":\"Person\",\"@id\":\"https:\\\/\\\/www.organisator.ch\\\/#\\\/schema\\\/person\\\/4e51799071cd2dd1232ac003643ef5f0\",\"name\":\"galledia\",\"image\":{\"@type\":\"ImageObject\",\"inLanguage\":\"en-US\",\"@id\":\"https:\\\/\\\/secure.gravatar.com\\\/avatar\\\/78a7f90c01fc2bfc875782a0d4922b37cde2cf184ce347b91316d23cd7f69a36?s=96&d=mm&r=g\",\"url\":\"https:\\\/\\\/secure.gravatar.com\\\/avatar\\\/78a7f90c01fc2bfc875782a0d4922b37cde2cf184ce347b91316d23cd7f69a36?s=96&d=mm&r=g\",\"contentUrl\":\"https:\\\/\\\/secure.gravatar.com\\\/avatar\\\/78a7f90c01fc2bfc875782a0d4922b37cde2cf184ce347b91316d23cd7f69a36?s=96&d=mm&r=g\",\"caption\":\"galledia\"},\"sameAs\":[\"https:\\\/\\\/x.com\\\/admin\"],\"url\":\"https:\\\/\\\/www.organisator.ch\\\/en\\\/author\\\/galledia\\\/\"}]}<\/script>\n<!-- \/ Yoast SEO plugin. -->","yoast_head_json":{"title":"AI videos: Maz conference highlights opportunities, challenges and ethical issues - Organizer","description":"A conference in Lucerne on May is dedicated to the technological possibilities of AI videos, but also to ethical issues.","robots":{"index":"index","follow":"follow","max-snippet":"max-snippet:-1","max-image-preview":"max-image-preview:large","max-video-preview":"max-video-preview:-1"},"canonical":"https:\/\/www.organisator.ch\/en\/marketing\/2025-03-27\/ki-videos-maz-tagung-beleuchtet-chancen-herausforderungen-und-ethische-fragen\/","og_locale":"en_US","og_type":"article","og_title":"KI-Videos: Maz-Tagung beleuchtet Chancen, Herausforderungen und ethische Fragen - Organisator","og_description":"Eine Tagung am Maz in Luzern widmet sich den technologischen M\u00f6glichkeiten von KI-Videos, aber auch ethischen Fragen.","og_url":"https:\/\/www.organisator.ch\/en\/marketing\/2025-03-27\/ki-videos-maz-tagung-beleuchtet-chancen-herausforderungen-und-ethische-fragen\/","og_site_name":"Organisator","article_publisher":"https:\/\/www.facebook.com\/OrganisatorFachmagazin","article_published_time":"2025-03-27T12:07:36+00:00","author":"galledia","twitter_card":"summary_large_image","twitter_creator":"@admin","schema":{"@context":"https:\/\/schema.org","@graph":[{"@type":"Article","@id":"https:\/\/www.organisator.ch\/marketing\/2025-03-27\/ki-videos-maz-tagung-beleuchtet-chancen-herausforderungen-und-ethische-fragen\/#article","isPartOf":{"@id":"https:\/\/www.organisator.ch\/marketing\/2025-03-27\/ki-videos-maz-tagung-beleuchtet-chancen-herausforderungen-und-ethische-fragen\/"},"author":{"name":"galledia","@id":"https:\/\/www.organisator.ch\/#\/schema\/person\/4e51799071cd2dd1232ac003643ef5f0"},"headline":"KI-Videos: Maz-Tagung beleuchtet Chancen, Herausforderungen und ethische Fragen","datePublished":"2025-03-27T12:07:36+00:00","mainEntityOfPage":{"@id":"https:\/\/www.organisator.ch\/marketing\/2025-03-27\/ki-videos-maz-tagung-beleuchtet-chancen-herausforderungen-und-ethische-fragen\/"},"wordCount":239,"publisher":{"@id":"https:\/\/www.organisator.ch\/#organization"},"image":{"@id":"https:\/\/www.organisator.ch\/marketing\/2025-03-27\/ki-videos-maz-tagung-beleuchtet-chancen-herausforderungen-und-ethische-fragen\/#primaryimage"},"thumbnailUrl":"https:\/\/www.markt-kom.com\/wp-content\/uploads\/2025\/03\/Video-Symbolbild-Unsplash.jpg","keywords":["K\u00fcnstliche Intelligenz","MarKom","Maz","Messen und Events"],"articleSection":["MARKETING"],"inLanguage":"en-US"},{"@type":"WebPage","@id":"https:\/\/www.organisator.ch\/marketing\/2025-03-27\/ki-videos-maz-tagung-beleuchtet-chancen-herausforderungen-und-ethische-fragen\/","url":"https:\/\/www.organisator.ch\/marketing\/2025-03-27\/ki-videos-maz-tagung-beleuchtet-chancen-herausforderungen-und-ethische-fragen\/","name":"AI videos: Maz conference highlights opportunities, challenges and ethical issues - Organizer","isPartOf":{"@id":"https:\/\/www.organisator.ch\/#website"},"primaryImageOfPage":{"@id":"https:\/\/www.organisator.ch\/marketing\/2025-03-27\/ki-videos-maz-tagung-beleuchtet-chancen-herausforderungen-und-ethische-fragen\/#primaryimage"},"image":{"@id":"https:\/\/www.organisator.ch\/marketing\/2025-03-27\/ki-videos-maz-tagung-beleuchtet-chancen-herausforderungen-und-ethische-fragen\/#primaryimage"},"thumbnailUrl":"https:\/\/www.markt-kom.com\/wp-content\/uploads\/2025\/03\/Video-Symbolbild-Unsplash.jpg","datePublished":"2025-03-27T12:07:36+00:00","description":"A conference in Lucerne on May is dedicated to the technological possibilities of AI videos, but also to ethical issues.","breadcrumb":{"@id":"https:\/\/www.organisator.ch\/marketing\/2025-03-27\/ki-videos-maz-tagung-beleuchtet-chancen-herausforderungen-und-ethische-fragen\/#breadcrumb"},"inLanguage":"en-US","potentialAction":[{"@type":"ReadAction","target":["https:\/\/www.organisator.ch\/marketing\/2025-03-27\/ki-videos-maz-tagung-beleuchtet-chancen-herausforderungen-und-ethische-fragen\/"]}]},{"@type":"ImageObject","inLanguage":"en-US","@id":"https:\/\/www.organisator.ch\/marketing\/2025-03-27\/ki-videos-maz-tagung-beleuchtet-chancen-herausforderungen-und-ethische-fragen\/#primaryimage","url":"https:\/\/www.markt-kom.com\/wp-content\/uploads\/2025\/03\/Video-Symbolbild-Unsplash.jpg","contentUrl":"https:\/\/www.markt-kom.com\/wp-content\/uploads\/2025\/03\/Video-Symbolbild-Unsplash.jpg"},{"@type":"BreadcrumbList","@id":"https:\/\/www.organisator.ch\/marketing\/2025-03-27\/ki-videos-maz-tagung-beleuchtet-chancen-herausforderungen-und-ethische-fragen\/#breadcrumb","itemListElement":[{"@type":"ListItem","position":1,"name":"Home","item":"https:\/\/www.organisator.ch\/"},{"@type":"ListItem","position":2,"name":"KI-Videos: Maz-Tagung beleuchtet Chancen, Herausforderungen und ethische Fragen"}]},{"@type":"WebSite","@id":"https:\/\/www.organisator.ch\/#website","url":"https:\/\/www.organisator.ch\/","name":"Organizer","description":"Competent. Practical. In 10 issues per year, ORGANISATOR presents the essential topics for managers of SMEs.","publisher":{"@id":"https:\/\/www.organisator.ch\/#organization"},"potentialAction":[{"@type":"SearchAction","target":{"@type":"EntryPoint","urlTemplate":"https:\/\/www.organisator.ch\/?s={search_term_string}"},"query-input":{"@type":"PropertyValueSpecification","valueRequired":true,"valueName":"search_term_string"}}],"inLanguage":"en-US"},{"@type":"Organization","@id":"https:\/\/www.organisator.ch\/#organization","name":"Organizer","url":"https:\/\/www.organisator.ch\/","logo":{"@type":"ImageObject","inLanguage":"en-US","@id":"https:\/\/www.organisator.ch\/#\/schema\/logo\/image\/","url":"https:\/\/www.organisator.ch\/wp-content\/uploads\/2022\/01\/Logo_Organisator_Website.png","contentUrl":"https:\/\/www.organisator.ch\/wp-content\/uploads\/2022\/01\/Logo_Organisator_Website.png","width":800,"height":77,"caption":"Organisator"},"image":{"@id":"https:\/\/www.organisator.ch\/#\/schema\/logo\/image\/"},"sameAs":["https:\/\/www.facebook.com\/OrganisatorFachmagazin","https:\/\/www.linkedin.com\/showcase\/organisator-das-magazin-fr-kmu","https:\/\/www.xing.com\/news\/pages\/organisator-ch-695","https:\/\/www.youtube.com\/channel\/UCGP2Sq0iWaZwT3BdIAQFYpw"]},{"@type":"Person","@id":"https:\/\/www.organisator.ch\/#\/schema\/person\/4e51799071cd2dd1232ac003643ef5f0","name":"galledia","image":{"@type":"ImageObject","inLanguage":"en-US","@id":"https:\/\/secure.gravatar.com\/avatar\/78a7f90c01fc2bfc875782a0d4922b37cde2cf184ce347b91316d23cd7f69a36?s=96&d=mm&r=g","url":"https:\/\/secure.gravatar.com\/avatar\/78a7f90c01fc2bfc875782a0d4922b37cde2cf184ce347b91316d23cd7f69a36?s=96&d=mm&r=g","contentUrl":"https:\/\/secure.gravatar.com\/avatar\/78a7f90c01fc2bfc875782a0d4922b37cde2cf184ce347b91316d23cd7f69a36?s=96&d=mm&r=g","caption":"galledia"},"sameAs":["https:\/\/x.com\/admin"],"url":"https:\/\/www.organisator.ch\/en\/author\/galledia\/"}]}},"_links":{"self":[{"href":"https:\/\/www.organisator.ch\/en\/wp-json\/wp\/v2\/posts\/37230","targetHints":{"allow":["GET"]}}],"collection":[{"href":"https:\/\/www.organisator.ch\/en\/wp-json\/wp\/v2\/posts"}],"about":[{"href":"https:\/\/www.organisator.ch\/en\/wp-json\/wp\/v2\/types\/post"}],"author":[{"embeddable":true,"href":"https:\/\/www.organisator.ch\/en\/wp-json\/wp\/v2\/users\/8"}],"replies":[{"embeddable":true,"href":"https:\/\/www.organisator.ch\/en\/wp-json\/wp\/v2\/comments?post=37230"}],"version-history":[{"count":4,"href":"https:\/\/www.organisator.ch\/en\/wp-json\/wp\/v2\/posts\/37230\/revisions"}],"predecessor-version":[{"id":37282,"href":"https:\/\/www.organisator.ch\/en\/wp-json\/wp\/v2\/posts\/37230\/revisions\/37282"}],"wp:attachment":[{"href":"https:\/\/www.organisator.ch\/en\/wp-json\/wp\/v2\/media?parent=37230"}],"wp:term":[{"taxonomy":"category","embeddable":true,"href":"https:\/\/www.organisator.ch\/en\/wp-json\/wp\/v2\/categories?post=37230"},{"taxonomy":"post_tag","embeddable":true,"href":"https:\/\/www.organisator.ch\/en\/wp-json\/wp\/v2\/tags?post=37230"}],"curies":[{"name":"wp","href":"https:\/\/api.w.org\/{rel}","templated":true}]}}