{"id":37257,"date":"2025-03-28T12:53:38","date_gmt":"2025-03-28T11:53:38","guid":{"rendered":"https:\/\/www.markt-kom.com\/?p=232603"},"modified":"2025-03-28T07:24:01","modified_gmt":"2025-03-28T06:24:01","slug":"pilot-suisse-wird-mediaagentur-fuer-obi-schweiz","status":"publish","type":"post","link":"https:\/\/www.organisator.ch\/en\/marketing\/2025-03-28\/pilot-suisse-wird-mediaagentur-fuer-obi-schweiz\/","title":{"rendered":"Pilot Suisse becomes media agency for Obi Switzerland"},"content":{"rendered":"<figure id=\"attachment_232604\" class=\"wp-caption aligncenter\" style=\"width: 1200px;\" aria-describedby=\"caption-attachment-232604\"><a href=\"https:\/\/www.markt-kom.com\/wp-content\/uploads\/2025\/03\/25-Jahre_Markt-Schaffhausen.jpg\"><img class=\"size-full wp-image-232604\" src=\"https:\/\/www.markt-kom.com\/wp-content\/uploads\/2025\/03\/25-Jahre_Markt-Schaffhausen.jpg\" sizes=\"(max-width: 1200px) 100vw, 1200px\" srcset=\"https:\/\/www.markt-kom.com\/wp-content\/uploads\/2025\/03\/25-Jahre_Markt-Schaffhausen.jpg 1200w, https:\/\/www.markt-kom.com\/wp-content\/uploads\/2025\/03\/25-Jahre_Markt-Schaffhausen-600x450.jpg 600w, https:\/\/www.markt-kom.com\/wp-content\/uploads\/2025\/03\/25-Jahre_Markt-Schaffhausen-1024x768.jpg 1024w, https:\/\/www.markt-kom.com\/wp-content\/uploads\/2025\/03\/25-Jahre_Markt-Schaffhausen-768x576.jpg 768w, https:\/\/www.markt-kom.com\/wp-content\/uploads\/2025\/03\/25-Jahre_Markt-Schaffhausen-16x12.jpg 16w, https:\/\/www.markt-kom.com\/wp-content\/uploads\/2025\/03\/25-Jahre_Markt-Schaffhausen-233x175.jpg 233w, https:\/\/www.markt-kom.com\/wp-content\/uploads\/2025\/03\/25-Jahre_Markt-Schaffhausen-467x350.jpg 467w, https:\/\/www.markt-kom.com\/wp-content\/uploads\/2025\/03\/25-Jahre_Markt-Schaffhausen-1000x750.jpg 1000w\" alt=\"\" width=\"1200\" height=\"900\" \/><\/a>\r\n<figcaption id=\"caption-attachment-232604\" class=\"wp-caption-text\">(Image: zVg.)<\/figcaption>\r\n<\/figure>\r\n<p>\"The Pilot Suisse team impressed us from the very first meeting with their many years of detailed expertise in the Swiss market and their feel for the essentials,\" says Nicolas Bill, Head of Marketing at Obi Switzerland, explaining the decision. \"We deliberately chose Pilot Suisse for the Swiss market because we not only found an agency with excellent market knowledge, but also a partner that thinks beyond national borders. The Pilot agency group already successfully supports Obi Germany, which allows us to create valuable synergies and further develop our brand strategy in Switzerland in an even more targeted manner.\"<\/p>\r\n<p>Ahmad Hoteit, Managing Partner of Pilot Suisse, is delighted: \"Especially as a young media agency, we are delighted to have such a well-known client as Obi - especially because it is a very exciting task to quickly make such a challenger brand visible in the local market environment.\"<\/p>\r\n<p>\"It's great to see that the USPs with which we launched in Switzerland last year are being accepted and appreciated by clients and are working as a decision criterion for our agency,\" adds Ben Moser, Managing Partner of Pilot Suisse.<\/p>","protected":false},"excerpt":{"rendered":"<p>The Zurich-based agency Pilot Suisse is now in charge of media planning for the Swiss branch of the DIY chain Obi. The aim of the collaboration is to increase Obi's brand awareness in Switzerland and to drive growth and expansion in the market. The first campaign is already live and focuses on moving images and OOH.<\/p>","protected":false},"author":8,"featured_media":0,"comment_status":"closed","ping_status":"closed","sticky":false,"template":"","format":"standard","meta":{"_acf_changed":false,"_yoast_wpseo_focuskw":"Pilot Suisse","_yoast_wpseo_metadesc":"Die Z\u00fcrcher Agentur Pilot Suisse betreut ab sofort die Mediaplanung f\u00fcr die Schweizer Dependance der Baumarktkette Obi.","articlekey":"","footnotes":""},"categories":[29],"tags":[2850,2855,5240,5241,492],"class_list":["post-37257","post","type-post","status-publish","format-standard","hentry","category-marketing","tag-agenturen","tag-etats","tag-obi","tag-pilot-suisse","tag-unternehmen"],"acf":[],"yoast_head":"<!-- This site is optimized with the Yoast SEO plugin v27.4 - https:\/\/yoast.com\/product\/yoast-seo-wordpress\/ -->\n<title>Pilot Suisse wird Mediaagentur f\u00fcr Obi Schweiz - Organisator<\/title>\n<meta name=\"description\" content=\"Die Z\u00fcrcher Agentur Pilot Suisse betreut ab sofort die Mediaplanung f\u00fcr die Schweizer Dependance der Baumarktkette Obi.\" \/>\n<meta name=\"robots\" content=\"index, follow, max-snippet:-1, max-image-preview:large, max-video-preview:-1\" \/>\n<link rel=\"canonical\" href=\"https:\/\/www.organisator.ch\/en\/marketing\/2025-03-28\/pilot-suisse-wird-mediaagentur-fuer-obi-schweiz\/\" \/>\n<meta property=\"og:locale\" content=\"en_US\" \/>\n<meta property=\"og:type\" content=\"article\" \/>\n<meta property=\"og:title\" content=\"Pilot Suisse wird Mediaagentur f\u00fcr Obi Schweiz - Organisator\" \/>\n<meta property=\"og:description\" content=\"Die Z\u00fcrcher Agentur Pilot Suisse betreut ab sofort die Mediaplanung f\u00fcr die Schweizer Dependance der Baumarktkette Obi.\" \/>\n<meta property=\"og:url\" content=\"https:\/\/www.organisator.ch\/en\/marketing\/2025-03-28\/pilot-suisse-wird-mediaagentur-fuer-obi-schweiz\/\" \/>\n<meta property=\"og:site_name\" content=\"Organisator\" \/>\n<meta property=\"article:publisher\" content=\"https:\/\/www.facebook.com\/OrganisatorFachmagazin\" \/>\n<meta property=\"article:published_time\" content=\"2025-03-28T11:53:38+00:00\" \/>\n<meta name=\"author\" content=\"galledia\" \/>\n<meta name=\"twitter:card\" content=\"summary_large_image\" \/>\n<meta name=\"twitter:creator\" content=\"@admin\" \/>\n<script type=\"application\/ld+json\" class=\"yoast-schema-graph\">{\"@context\":\"https:\\\/\\\/schema.org\",\"@graph\":[{\"@type\":\"Article\",\"@id\":\"https:\\\/\\\/www.organisator.ch\\\/marketing\\\/2025-03-28\\\/pilot-suisse-wird-mediaagentur-fuer-obi-schweiz\\\/#article\",\"isPartOf\":{\"@id\":\"https:\\\/\\\/www.organisator.ch\\\/marketing\\\/2025-03-28\\\/pilot-suisse-wird-mediaagentur-fuer-obi-schweiz\\\/\"},\"author\":{\"name\":\"galledia\",\"@id\":\"https:\\\/\\\/www.organisator.ch\\\/#\\\/schema\\\/person\\\/4e51799071cd2dd1232ac003643ef5f0\"},\"headline\":\"Pilot Suisse wird Mediaagentur f\u00fcr Obi Schweiz\",\"datePublished\":\"2025-03-28T11:53:38+00:00\",\"mainEntityOfPage\":{\"@id\":\"https:\\\/\\\/www.organisator.ch\\\/marketing\\\/2025-03-28\\\/pilot-suisse-wird-mediaagentur-fuer-obi-schweiz\\\/\"},\"wordCount\":210,\"publisher\":{\"@id\":\"https:\\\/\\\/www.organisator.ch\\\/#organization\"},\"image\":{\"@id\":\"https:\\\/\\\/www.organisator.ch\\\/marketing\\\/2025-03-28\\\/pilot-suisse-wird-mediaagentur-fuer-obi-schweiz\\\/#primaryimage\"},\"thumbnailUrl\":\"https:\\\/\\\/www.markt-kom.com\\\/wp-content\\\/uploads\\\/2025\\\/03\\\/25-Jahre_Markt-Schaffhausen.jpg\",\"keywords\":[\"Agenturen\",\"Etats\",\"Obi\",\"Pilot Suisse\",\"Unternehmen\"],\"articleSection\":[\"MARKETING\"],\"inLanguage\":\"en-US\"},{\"@type\":\"WebPage\",\"@id\":\"https:\\\/\\\/www.organisator.ch\\\/marketing\\\/2025-03-28\\\/pilot-suisse-wird-mediaagentur-fuer-obi-schweiz\\\/\",\"url\":\"https:\\\/\\\/www.organisator.ch\\\/marketing\\\/2025-03-28\\\/pilot-suisse-wird-mediaagentur-fuer-obi-schweiz\\\/\",\"name\":\"Pilot Suisse wird Mediaagentur f\u00fcr Obi Schweiz - Organisator\",\"isPartOf\":{\"@id\":\"https:\\\/\\\/www.organisator.ch\\\/#website\"},\"primaryImageOfPage\":{\"@id\":\"https:\\\/\\\/www.organisator.ch\\\/marketing\\\/2025-03-28\\\/pilot-suisse-wird-mediaagentur-fuer-obi-schweiz\\\/#primaryimage\"},\"image\":{\"@id\":\"https:\\\/\\\/www.organisator.ch\\\/marketing\\\/2025-03-28\\\/pilot-suisse-wird-mediaagentur-fuer-obi-schweiz\\\/#primaryimage\"},\"thumbnailUrl\":\"https:\\\/\\\/www.markt-kom.com\\\/wp-content\\\/uploads\\\/2025\\\/03\\\/25-Jahre_Markt-Schaffhausen.jpg\",\"datePublished\":\"2025-03-28T11:53:38+00:00\",\"description\":\"Die Z\u00fcrcher Agentur Pilot Suisse betreut ab sofort die Mediaplanung f\u00fcr die Schweizer Dependance der Baumarktkette Obi.\",\"breadcrumb\":{\"@id\":\"https:\\\/\\\/www.organisator.ch\\\/marketing\\\/2025-03-28\\\/pilot-suisse-wird-mediaagentur-fuer-obi-schweiz\\\/#breadcrumb\"},\"inLanguage\":\"en-US\",\"potentialAction\":[{\"@type\":\"ReadAction\",\"target\":[\"https:\\\/\\\/www.organisator.ch\\\/marketing\\\/2025-03-28\\\/pilot-suisse-wird-mediaagentur-fuer-obi-schweiz\\\/\"]}]},{\"@type\":\"ImageObject\",\"inLanguage\":\"en-US\",\"@id\":\"https:\\\/\\\/www.organisator.ch\\\/marketing\\\/2025-03-28\\\/pilot-suisse-wird-mediaagentur-fuer-obi-schweiz\\\/#primaryimage\",\"url\":\"https:\\\/\\\/www.markt-kom.com\\\/wp-content\\\/uploads\\\/2025\\\/03\\\/25-Jahre_Markt-Schaffhausen.jpg\",\"contentUrl\":\"https:\\\/\\\/www.markt-kom.com\\\/wp-content\\\/uploads\\\/2025\\\/03\\\/25-Jahre_Markt-Schaffhausen.jpg\"},{\"@type\":\"BreadcrumbList\",\"@id\":\"https:\\\/\\\/www.organisator.ch\\\/marketing\\\/2025-03-28\\\/pilot-suisse-wird-mediaagentur-fuer-obi-schweiz\\\/#breadcrumb\",\"itemListElement\":[{\"@type\":\"ListItem\",\"position\":1,\"name\":\"Home\",\"item\":\"https:\\\/\\\/www.organisator.ch\\\/\"},{\"@type\":\"ListItem\",\"position\":2,\"name\":\"Pilot Suisse wird Mediaagentur f\u00fcr Obi Schweiz\"}]},{\"@type\":\"WebSite\",\"@id\":\"https:\\\/\\\/www.organisator.ch\\\/#website\",\"url\":\"https:\\\/\\\/www.organisator.ch\\\/\",\"name\":\"Organisator\",\"description\":\"Kompetent. Praxisnah. Der ORGANISATOR bereitet in 10 Ausgaben pro Jahr die wesentlichen Themen f\u00fcr F\u00fchrungskr\u00e4fte von KMU auf.\",\"publisher\":{\"@id\":\"https:\\\/\\\/www.organisator.ch\\\/#organization\"},\"potentialAction\":[{\"@type\":\"SearchAction\",\"target\":{\"@type\":\"EntryPoint\",\"urlTemplate\":\"https:\\\/\\\/www.organisator.ch\\\/?s={search_term_string}\"},\"query-input\":{\"@type\":\"PropertyValueSpecification\",\"valueRequired\":true,\"valueName\":\"search_term_string\"}}],\"inLanguage\":\"en-US\"},{\"@type\":\"Organization\",\"@id\":\"https:\\\/\\\/www.organisator.ch\\\/#organization\",\"name\":\"Organisator\",\"url\":\"https:\\\/\\\/www.organisator.ch\\\/\",\"logo\":{\"@type\":\"ImageObject\",\"inLanguage\":\"en-US\",\"@id\":\"https:\\\/\\\/www.organisator.ch\\\/#\\\/schema\\\/logo\\\/image\\\/\",\"url\":\"https:\\\/\\\/www.organisator.ch\\\/wp-content\\\/uploads\\\/2022\\\/01\\\/Logo_Organisator_Website.png\",\"contentUrl\":\"https:\\\/\\\/www.organisator.ch\\\/wp-content\\\/uploads\\\/2022\\\/01\\\/Logo_Organisator_Website.png\",\"width\":800,\"height\":77,\"caption\":\"Organisator\"},\"image\":{\"@id\":\"https:\\\/\\\/www.organisator.ch\\\/#\\\/schema\\\/logo\\\/image\\\/\"},\"sameAs\":[\"https:\\\/\\\/www.facebook.com\\\/OrganisatorFachmagazin\",\"https:\\\/\\\/www.linkedin.com\\\/showcase\\\/organisator-das-magazin-fr-kmu\",\"https:\\\/\\\/www.xing.com\\\/news\\\/pages\\\/organisator-ch-695\",\"https:\\\/\\\/www.youtube.com\\\/channel\\\/UCGP2Sq0iWaZwT3BdIAQFYpw\"]},{\"@type\":\"Person\",\"@id\":\"https:\\\/\\\/www.organisator.ch\\\/#\\\/schema\\\/person\\\/4e51799071cd2dd1232ac003643ef5f0\",\"name\":\"galledia\",\"image\":{\"@type\":\"ImageObject\",\"inLanguage\":\"en-US\",\"@id\":\"https:\\\/\\\/secure.gravatar.com\\\/avatar\\\/78a7f90c01fc2bfc875782a0d4922b37cde2cf184ce347b91316d23cd7f69a36?s=96&d=mm&r=g\",\"url\":\"https:\\\/\\\/secure.gravatar.com\\\/avatar\\\/78a7f90c01fc2bfc875782a0d4922b37cde2cf184ce347b91316d23cd7f69a36?s=96&d=mm&r=g\",\"contentUrl\":\"https:\\\/\\\/secure.gravatar.com\\\/avatar\\\/78a7f90c01fc2bfc875782a0d4922b37cde2cf184ce347b91316d23cd7f69a36?s=96&d=mm&r=g\",\"caption\":\"galledia\"},\"sameAs\":[\"https:\\\/\\\/x.com\\\/admin\"],\"url\":\"https:\\\/\\\/www.organisator.ch\\\/en\\\/author\\\/galledia\\\/\"}]}<\/script>\n<!-- \/ Yoast SEO plugin. -->","yoast_head_json":{"title":"Pilot Suisse becomes media agency for Obi Switzerland - Organizer","description":"The Zurich agency Pilot Suisse is now in charge of media planning for the Swiss branch of the DIY chain Obi.","robots":{"index":"index","follow":"follow","max-snippet":"max-snippet:-1","max-image-preview":"max-image-preview:large","max-video-preview":"max-video-preview:-1"},"canonical":"https:\/\/www.organisator.ch\/en\/marketing\/2025-03-28\/pilot-suisse-wird-mediaagentur-fuer-obi-schweiz\/","og_locale":"en_US","og_type":"article","og_title":"Pilot Suisse wird Mediaagentur f\u00fcr Obi Schweiz - Organisator","og_description":"Die Z\u00fcrcher Agentur Pilot Suisse betreut ab sofort die Mediaplanung f\u00fcr die Schweizer Dependance der Baumarktkette Obi.","og_url":"https:\/\/www.organisator.ch\/en\/marketing\/2025-03-28\/pilot-suisse-wird-mediaagentur-fuer-obi-schweiz\/","og_site_name":"Organisator","article_publisher":"https:\/\/www.facebook.com\/OrganisatorFachmagazin","article_published_time":"2025-03-28T11:53:38+00:00","author":"galledia","twitter_card":"summary_large_image","twitter_creator":"@admin","schema":{"@context":"https:\/\/schema.org","@graph":[{"@type":"Article","@id":"https:\/\/www.organisator.ch\/marketing\/2025-03-28\/pilot-suisse-wird-mediaagentur-fuer-obi-schweiz\/#article","isPartOf":{"@id":"https:\/\/www.organisator.ch\/marketing\/2025-03-28\/pilot-suisse-wird-mediaagentur-fuer-obi-schweiz\/"},"author":{"name":"galledia","@id":"https:\/\/www.organisator.ch\/#\/schema\/person\/4e51799071cd2dd1232ac003643ef5f0"},"headline":"Pilot Suisse wird Mediaagentur f\u00fcr Obi Schweiz","datePublished":"2025-03-28T11:53:38+00:00","mainEntityOfPage":{"@id":"https:\/\/www.organisator.ch\/marketing\/2025-03-28\/pilot-suisse-wird-mediaagentur-fuer-obi-schweiz\/"},"wordCount":210,"publisher":{"@id":"https:\/\/www.organisator.ch\/#organization"},"image":{"@id":"https:\/\/www.organisator.ch\/marketing\/2025-03-28\/pilot-suisse-wird-mediaagentur-fuer-obi-schweiz\/#primaryimage"},"thumbnailUrl":"https:\/\/www.markt-kom.com\/wp-content\/uploads\/2025\/03\/25-Jahre_Markt-Schaffhausen.jpg","keywords":["Agenturen","Etats","Obi","Pilot Suisse","Unternehmen"],"articleSection":["MARKETING"],"inLanguage":"en-US"},{"@type":"WebPage","@id":"https:\/\/www.organisator.ch\/marketing\/2025-03-28\/pilot-suisse-wird-mediaagentur-fuer-obi-schweiz\/","url":"https:\/\/www.organisator.ch\/marketing\/2025-03-28\/pilot-suisse-wird-mediaagentur-fuer-obi-schweiz\/","name":"Pilot Suisse becomes media agency for Obi Switzerland - Organizer","isPartOf":{"@id":"https:\/\/www.organisator.ch\/#website"},"primaryImageOfPage":{"@id":"https:\/\/www.organisator.ch\/marketing\/2025-03-28\/pilot-suisse-wird-mediaagentur-fuer-obi-schweiz\/#primaryimage"},"image":{"@id":"https:\/\/www.organisator.ch\/marketing\/2025-03-28\/pilot-suisse-wird-mediaagentur-fuer-obi-schweiz\/#primaryimage"},"thumbnailUrl":"https:\/\/www.markt-kom.com\/wp-content\/uploads\/2025\/03\/25-Jahre_Markt-Schaffhausen.jpg","datePublished":"2025-03-28T11:53:38+00:00","description":"The Zurich agency Pilot Suisse is now in charge of media planning for the Swiss branch of the DIY chain Obi.","breadcrumb":{"@id":"https:\/\/www.organisator.ch\/marketing\/2025-03-28\/pilot-suisse-wird-mediaagentur-fuer-obi-schweiz\/#breadcrumb"},"inLanguage":"en-US","potentialAction":[{"@type":"ReadAction","target":["https:\/\/www.organisator.ch\/marketing\/2025-03-28\/pilot-suisse-wird-mediaagentur-fuer-obi-schweiz\/"]}]},{"@type":"ImageObject","inLanguage":"en-US","@id":"https:\/\/www.organisator.ch\/marketing\/2025-03-28\/pilot-suisse-wird-mediaagentur-fuer-obi-schweiz\/#primaryimage","url":"https:\/\/www.markt-kom.com\/wp-content\/uploads\/2025\/03\/25-Jahre_Markt-Schaffhausen.jpg","contentUrl":"https:\/\/www.markt-kom.com\/wp-content\/uploads\/2025\/03\/25-Jahre_Markt-Schaffhausen.jpg"},{"@type":"BreadcrumbList","@id":"https:\/\/www.organisator.ch\/marketing\/2025-03-28\/pilot-suisse-wird-mediaagentur-fuer-obi-schweiz\/#breadcrumb","itemListElement":[{"@type":"ListItem","position":1,"name":"Home","item":"https:\/\/www.organisator.ch\/"},{"@type":"ListItem","position":2,"name":"Pilot Suisse wird Mediaagentur f\u00fcr Obi Schweiz"}]},{"@type":"WebSite","@id":"https:\/\/www.organisator.ch\/#website","url":"https:\/\/www.organisator.ch\/","name":"Organizer","description":"Competent. Practical. In 10 issues per year, ORGANISATOR presents the essential topics for managers of SMEs.","publisher":{"@id":"https:\/\/www.organisator.ch\/#organization"},"potentialAction":[{"@type":"SearchAction","target":{"@type":"EntryPoint","urlTemplate":"https:\/\/www.organisator.ch\/?s={search_term_string}"},"query-input":{"@type":"PropertyValueSpecification","valueRequired":true,"valueName":"search_term_string"}}],"inLanguage":"en-US"},{"@type":"Organization","@id":"https:\/\/www.organisator.ch\/#organization","name":"Organizer","url":"https:\/\/www.organisator.ch\/","logo":{"@type":"ImageObject","inLanguage":"en-US","@id":"https:\/\/www.organisator.ch\/#\/schema\/logo\/image\/","url":"https:\/\/www.organisator.ch\/wp-content\/uploads\/2022\/01\/Logo_Organisator_Website.png","contentUrl":"https:\/\/www.organisator.ch\/wp-content\/uploads\/2022\/01\/Logo_Organisator_Website.png","width":800,"height":77,"caption":"Organisator"},"image":{"@id":"https:\/\/www.organisator.ch\/#\/schema\/logo\/image\/"},"sameAs":["https:\/\/www.facebook.com\/OrganisatorFachmagazin","https:\/\/www.linkedin.com\/showcase\/organisator-das-magazin-fr-kmu","https:\/\/www.xing.com\/news\/pages\/organisator-ch-695","https:\/\/www.youtube.com\/channel\/UCGP2Sq0iWaZwT3BdIAQFYpw"]},{"@type":"Person","@id":"https:\/\/www.organisator.ch\/#\/schema\/person\/4e51799071cd2dd1232ac003643ef5f0","name":"galledia","image":{"@type":"ImageObject","inLanguage":"en-US","@id":"https:\/\/secure.gravatar.com\/avatar\/78a7f90c01fc2bfc875782a0d4922b37cde2cf184ce347b91316d23cd7f69a36?s=96&d=mm&r=g","url":"https:\/\/secure.gravatar.com\/avatar\/78a7f90c01fc2bfc875782a0d4922b37cde2cf184ce347b91316d23cd7f69a36?s=96&d=mm&r=g","contentUrl":"https:\/\/secure.gravatar.com\/avatar\/78a7f90c01fc2bfc875782a0d4922b37cde2cf184ce347b91316d23cd7f69a36?s=96&d=mm&r=g","caption":"galledia"},"sameAs":["https:\/\/x.com\/admin"],"url":"https:\/\/www.organisator.ch\/en\/author\/galledia\/"}]}},"_links":{"self":[{"href":"https:\/\/www.organisator.ch\/en\/wp-json\/wp\/v2\/posts\/37257","targetHints":{"allow":["GET"]}}],"collection":[{"href":"https:\/\/www.organisator.ch\/en\/wp-json\/wp\/v2\/posts"}],"about":[{"href":"https:\/\/www.organisator.ch\/en\/wp-json\/wp\/v2\/types\/post"}],"author":[{"embeddable":true,"href":"https:\/\/www.organisator.ch\/en\/wp-json\/wp\/v2\/users\/8"}],"replies":[{"embeddable":true,"href":"https:\/\/www.organisator.ch\/en\/wp-json\/wp\/v2\/comments?post=37257"}],"version-history":[{"count":5,"href":"https:\/\/www.organisator.ch\/en\/wp-json\/wp\/v2\/posts\/37257\/revisions"}],"predecessor-version":[{"id":37296,"href":"https:\/\/www.organisator.ch\/en\/wp-json\/wp\/v2\/posts\/37257\/revisions\/37296"}],"wp:attachment":[{"href":"https:\/\/www.organisator.ch\/en\/wp-json\/wp\/v2\/media?parent=37257"}],"wp:term":[{"taxonomy":"category","embeddable":true,"href":"https:\/\/www.organisator.ch\/en\/wp-json\/wp\/v2\/categories?post=37257"},{"taxonomy":"post_tag","embeddable":true,"href":"https:\/\/www.organisator.ch\/en\/wp-json\/wp\/v2\/tags?post=37257"}],"curies":[{"name":"wp","href":"https:\/\/api.w.org\/{rel}","templated":true}]}}