{"id":3726,"date":"2018-06-04T09:28:24","date_gmt":"2018-06-04T07:28:24","guid":{"rendered":"https:\/\/www.organisator.ch\/?p=3726"},"modified":"2018-06-04T09:28:24","modified_gmt":"2018-06-04T07:28:24","slug":"thema-firmennachfolge-wird-immer-noch-unterschaetzt","status":"publish","type":"post","link":"https:\/\/www.organisator.ch\/en\/management\/2018-06-04\/thema-firmennachfolge-wird-immer-noch-unterschaetzt\/","title":{"rendered":"Topic of company succession is still underestimated"},"content":{"rendered":"<figure id=\"attachment_3728\" aria-describedby=\"caption-attachment-3728\" style=\"width: 617px\" class=\"wp-caption alignnone\"><img loading=\"lazy\" decoding=\"async\" class=\"size-full wp-image-3728\" src=\"https:\/\/www.organisator.ch\/wp-content\/uploads\/2018\/06\/Thema-Firmennachfolge-wird-immer-noch-unterschaetzt_Organisator.jpg\" alt=\"\" width=\"617\" height=\"480\" srcset=\"https:\/\/www.organisator.ch\/wp-content\/uploads\/2018\/06\/Thema-Firmennachfolge-wird-immer-noch-unterschaetzt_Organisator.jpg 617w, https:\/\/www.organisator.ch\/wp-content\/uploads\/2018\/06\/Thema-Firmennachfolge-wird-immer-noch-unterschaetzt_Organisator-16x12.jpg 16w, https:\/\/www.organisator.ch\/wp-content\/uploads\/2018\/06\/Thema-Firmennachfolge-wird-immer-noch-unterschaetzt_Organisator-225x175.jpg 225w, https:\/\/www.organisator.ch\/wp-content\/uploads\/2018\/06\/Thema-Firmennachfolge-wird-immer-noch-unterschaetzt_Organisator-450x350.jpg 450w, https:\/\/www.organisator.ch\/wp-content\/uploads\/2018\/06\/Thema-Firmennachfolge-wird-immer-noch-unterschaetzt_Organisator-300x233.jpg 300w\" sizes=\"auto, (max-width: 617px) 100vw, 617px\" \/><figcaption id=\"caption-attachment-3728\" class=\"wp-caption-text\">Natalie Spross D\u00f6beli (left) in conversation with Richard Jauch (KMU Diamant AG) and Franziska M\u00fcller Tiberini on the topic of \"Company succession in families\". (Photo: Thomas Berner)<\/figcaption><\/figure>\n<p>With the roadshow \"succession bus\", the company placement portal companymarket draws attention to the topic of \"succession planning\". \"On board\" the succession bus are in each case different experts, who make themselves available at six stations as interlocutors and advisors. On May 31, the succession bus was a guest in Zurich.<\/p>\n<h2>Rather start a company than take one over?<\/h2>\n<p>The regulation of company succession is \"an important topic,\" said Zurich Cantonal Councilor Carmen Walker Sp\u00e4h in her opening address. Succession planning is of enormous economic importance. After all, it is always about preserving know-how and jobs. The regulation of a company succession deserves more attention. \"It's just cooler to say you founded a startup than: I have taken over a company,\" said Carmen Walker Sp\u00e4h. She pointed to interesting statistical facts: After five years, 50 percent of newly founded companies no longer exist, while the failure rate for company takeovers is only 5 percent...<\/p>\n<h2>Fewer and fewer family-internal company successions<\/h2>\n<p>Natalie Spross D\u00f6beli shared her experience of succession within the family (see our <a href=\"https:\/\/www.organisator.ch\/wp-content\/uploads\/2018\/06\/2017_09_08-10.pdf\">Interview with her in ORGANISATOR 9\/2017<\/a>). Today, she is CEO of Spross Holding AG and has taken on a not easy legacy, but always voluntarily and out of a sense of duty to the family. Today, she is already thinking about her own succession. This is also right, as Franziska M\u00fcller Tiberini, owner of Familienunternehmen.ch AG, confirms. Because people often wait too long before thinking about their own succession. In addition, succession within the family is on the decline. M\u00fcller Tiberini sees the reason for this in today's much broader educational palette, which offers children many more options. Taking over the parental company tends to stand in the way of flexible life plans.<\/p>\n<h2>De-industrialization due to unresolved company successions?<\/h2>\n<p>The topic of company succession is complex. It is about the valuation of a company when it has to be sold, about the financing of the company purchase and also about the role change from buyer to successor or from seller to \"retiree\". This sometimes requires a lot of psychology, as an expert in company sales confirmed. In any case, the role of a company successor should not be underestimated, also from a macroeconomic point of view. This was pointed out in the two presentations by Reto R\u00fcttimann (Head of SME Corporate Succession at the ZKB) and Hans-Ulrich Bigler, President of the Swiss Trade Association and Member of the National Council. They warned against the de-industrialization of Switzerland due to unresolved successions.<\/p>\n<p><em>The next follow-up bus event will be held in Basel on June 14. Information: <\/em><a href=\"http:\/\/www.nachfolgebus.ch\"><em>www.nachfolgebus.ch<\/em><\/a><\/p>\n<p>&nbsp;<\/p>","protected":false},"excerpt":{"rendered":"<p>Mit der Roadshow \u201eNachfolgebus\u201c macht das Firmen-Vermittlungsportal companymarket auf das Thema \u201eNachfolgeregelung\u201c aufmerksam. \u201eAn Bord\u201c des Nachfolgebusses sind jeweils verschiedene Experten, die an sechs Stationen sich als Gespr\u00e4chspartner und Berater zur Verf\u00fcgung stellen. Am 31. Mai war der Nachfolgebus in Z\u00fcrich zu Gast. Lieber eine Firma gr\u00fcnden, als eine \u00fcbernehmen? Die Regelung der Firmennachfolge sei [&hellip;]<\/p>\n","protected":false},"author":4,"featured_media":3728,"comment_status":"open","ping_status":"open","sticky":false,"template":"","format":"standard","meta":{"_acf_changed":false,"_yoast_wpseo_focuskw":"Firmennachfolge","_yoast_wpseo_metadesc":"Am 31. Mai machte der \u201eNachfolgebus\u201c, eine Initiative des Firmen-Vermittlungsportals companymarket.ch, in Z\u00fcrich Station. Verschiedene Experten machten auf das untersch\u00e4tzte Thema der Firmennachfolge aufmerksam.","articlekey":"","footnotes":""},"categories":[28],"tags":[207,335,357,492],"class_list":["post-3726","post","type-post","status-publish","format-standard","has-post-thumbnail","hentry","category-management","tag-firmennachfolge","tag-management-und-unternehmensfuehrung","tag-nachfolgeregelung","tag-unternehmen"],"acf":[],"yoast_head":"<!-- This site is optimized with the Yoast SEO plugin v27.5 - https:\/\/yoast.com\/product\/yoast-seo-wordpress\/ -->\n<title>Thema Firmennachfolge wird immer noch untersch\u00e4tzt - Organisator<\/title>\n<meta name=\"description\" content=\"Am 31. Mai machte der \u201eNachfolgebus\u201c, eine Initiative des Firmen-Vermittlungsportals companymarket.ch, in Z\u00fcrich Station. Verschiedene Experten machten auf das untersch\u00e4tzte Thema der Firmennachfolge aufmerksam.\" \/>\n<meta name=\"robots\" content=\"index, follow, max-snippet:-1, max-image-preview:large, max-video-preview:-1\" \/>\n<link rel=\"canonical\" href=\"https:\/\/www.organisator.ch\/en\/management\/2018-06-04\/thema-firmennachfolge-wird-immer-noch-unterschaetzt\/\" \/>\n<meta property=\"og:locale\" content=\"en_US\" \/>\n<meta property=\"og:type\" content=\"article\" \/>\n<meta property=\"og:title\" content=\"Thema Firmennachfolge wird immer noch untersch\u00e4tzt\" \/>\n<meta property=\"og:description\" content=\"Am 31. Mai machte der \u201e#Nachfolgebus\u201c, eine Initiative des Firmen-Vermittlungsportals #companymarket.ch, in Z\u00fcrich Station. Verschiedene Experten machten auf das untersch\u00e4tzte Thema der #Firmennachfolge aufmerksam.\" \/>\n<meta property=\"og:url\" content=\"https:\/\/www.organisator.ch\/en\/management\/2018-06-04\/thema-firmennachfolge-wird-immer-noch-unterschaetzt\/\" \/>\n<meta property=\"og:site_name\" content=\"Organisator\" \/>\n<meta property=\"article:publisher\" content=\"https:\/\/www.facebook.com\/OrganisatorFachmagazin\" \/>\n<meta property=\"article:published_time\" content=\"2018-06-04T07:28:24+00:00\" \/>\n<meta property=\"og:image\" content=\"https:\/\/www.organisator.ch\/wp-content\/uploads\/2018\/06\/Thema-Firmennachfolge-wird-immer-noch-unterschaetzt_Organisator.jpg\" \/>\n\t<meta property=\"og:image:width\" content=\"617\" \/>\n\t<meta property=\"og:image:height\" content=\"480\" \/>\n\t<meta property=\"og:image:type\" content=\"image\/jpeg\" \/>\n<meta name=\"author\" content=\"thomas.berner\" \/>\n<meta name=\"twitter:card\" content=\"summary_large_image\" \/>\n<meta name=\"twitter:title\" content=\"Thema #Firmennachfolge wird immer noch untersch\u00e4tzt\" \/>\n<meta name=\"twitter:description\" content=\"Am 31. Mai machte der \u201e#Nachfolgebus\u201c, eine Initiative des Firmen-Vermittlungsportals #companymarket.ch, in Z\u00fcrich Station. Verschiedene Experten machten auf das untersch\u00e4tzte Thema der #Firmennachfolge aufmerksam.\" \/>\n<meta name=\"twitter:image\" content=\"https:\/\/www.organisator.ch\/wp-content\/uploads\/2018\/06\/Thema-Firmennachfolge-wird-immer-noch-untersch\u00e4tzt_Organisator.jpg\" \/>\n<script type=\"application\/ld+json\" class=\"yoast-schema-graph\">{\"@context\":\"https:\\\/\\\/schema.org\",\"@graph\":[{\"@type\":\"Article\",\"@id\":\"https:\\\/\\\/www.organisator.ch\\\/management\\\/2018-06-04\\\/thema-firmennachfolge-wird-immer-noch-unterschaetzt\\\/#article\",\"isPartOf\":{\"@id\":\"https:\\\/\\\/www.organisator.ch\\\/management\\\/2018-06-04\\\/thema-firmennachfolge-wird-immer-noch-unterschaetzt\\\/\"},\"author\":{\"name\":\"thomas.berner\",\"@id\":\"https:\\\/\\\/www.organisator.ch\\\/#\\\/schema\\\/person\\\/6f650f90b2842cd4c0cc334b4e36f67e\"},\"headline\":\"Thema Firmennachfolge wird immer noch untersch\u00e4tzt\",\"datePublished\":\"2018-06-04T07:28:24+00:00\",\"mainEntityOfPage\":{\"@id\":\"https:\\\/\\\/www.organisator.ch\\\/management\\\/2018-06-04\\\/thema-firmennachfolge-wird-immer-noch-unterschaetzt\\\/\"},\"wordCount\":465,\"commentCount\":0,\"publisher\":{\"@id\":\"https:\\\/\\\/www.organisator.ch\\\/#organization\"},\"image\":{\"@id\":\"https:\\\/\\\/www.organisator.ch\\\/management\\\/2018-06-04\\\/thema-firmennachfolge-wird-immer-noch-unterschaetzt\\\/#primaryimage\"},\"thumbnailUrl\":\"https:\\\/\\\/www.organisator.ch\\\/wp-content\\\/uploads\\\/2018\\\/06\\\/Thema-Firmennachfolge-wird-immer-noch-unterschaetzt_Organisator.jpg\",\"keywords\":[\"Firmennachfolge\",\"Management und Unternehmensf\u00fchrung\",\"Nachfolgeregelung\",\"Unternehmen\"],\"articleSection\":[\"MANAGEMENT\"],\"inLanguage\":\"en-US\"},{\"@type\":\"WebPage\",\"@id\":\"https:\\\/\\\/www.organisator.ch\\\/management\\\/2018-06-04\\\/thema-firmennachfolge-wird-immer-noch-unterschaetzt\\\/\",\"url\":\"https:\\\/\\\/www.organisator.ch\\\/management\\\/2018-06-04\\\/thema-firmennachfolge-wird-immer-noch-unterschaetzt\\\/\",\"name\":\"Thema Firmennachfolge wird immer noch untersch\u00e4tzt - Organisator\",\"isPartOf\":{\"@id\":\"https:\\\/\\\/www.organisator.ch\\\/#website\"},\"primaryImageOfPage\":{\"@id\":\"https:\\\/\\\/www.organisator.ch\\\/management\\\/2018-06-04\\\/thema-firmennachfolge-wird-immer-noch-unterschaetzt\\\/#primaryimage\"},\"image\":{\"@id\":\"https:\\\/\\\/www.organisator.ch\\\/management\\\/2018-06-04\\\/thema-firmennachfolge-wird-immer-noch-unterschaetzt\\\/#primaryimage\"},\"thumbnailUrl\":\"https:\\\/\\\/www.organisator.ch\\\/wp-content\\\/uploads\\\/2018\\\/06\\\/Thema-Firmennachfolge-wird-immer-noch-unterschaetzt_Organisator.jpg\",\"datePublished\":\"2018-06-04T07:28:24+00:00\",\"description\":\"Am 31. Mai machte der \u201eNachfolgebus\u201c, eine Initiative des Firmen-Vermittlungsportals companymarket.ch, in Z\u00fcrich Station. Verschiedene Experten machten auf das untersch\u00e4tzte Thema der Firmennachfolge aufmerksam.\",\"breadcrumb\":{\"@id\":\"https:\\\/\\\/www.organisator.ch\\\/management\\\/2018-06-04\\\/thema-firmennachfolge-wird-immer-noch-unterschaetzt\\\/#breadcrumb\"},\"inLanguage\":\"en-US\",\"potentialAction\":[{\"@type\":\"ReadAction\",\"target\":[\"https:\\\/\\\/www.organisator.ch\\\/management\\\/2018-06-04\\\/thema-firmennachfolge-wird-immer-noch-unterschaetzt\\\/\"]}]},{\"@type\":\"ImageObject\",\"inLanguage\":\"en-US\",\"@id\":\"https:\\\/\\\/www.organisator.ch\\\/management\\\/2018-06-04\\\/thema-firmennachfolge-wird-immer-noch-unterschaetzt\\\/#primaryimage\",\"url\":\"https:\\\/\\\/www.organisator.ch\\\/wp-content\\\/uploads\\\/2018\\\/06\\\/Thema-Firmennachfolge-wird-immer-noch-unterschaetzt_Organisator.jpg\",\"contentUrl\":\"https:\\\/\\\/www.organisator.ch\\\/wp-content\\\/uploads\\\/2018\\\/06\\\/Thema-Firmennachfolge-wird-immer-noch-unterschaetzt_Organisator.jpg\",\"width\":617,\"height\":480,\"caption\":\"Natalie Spross D\u00f6beli (links) im Gespr\u00e4ch mit Richard Jauch (KMU Diamant AG) und Franziska M\u00fcller Tiburini zum Thema \\\"Firmennachfolge in Familien\\\". (Foto: Thomas Berner)\"},{\"@type\":\"BreadcrumbList\",\"@id\":\"https:\\\/\\\/www.organisator.ch\\\/management\\\/2018-06-04\\\/thema-firmennachfolge-wird-immer-noch-unterschaetzt\\\/#breadcrumb\",\"itemListElement\":[{\"@type\":\"ListItem\",\"position\":1,\"name\":\"Home\",\"item\":\"https:\\\/\\\/www.organisator.ch\\\/\"},{\"@type\":\"ListItem\",\"position\":2,\"name\":\"Thema Firmennachfolge wird immer noch untersch\u00e4tzt\"}]},{\"@type\":\"WebSite\",\"@id\":\"https:\\\/\\\/www.organisator.ch\\\/#website\",\"url\":\"https:\\\/\\\/www.organisator.ch\\\/\",\"name\":\"Organisator\",\"description\":\"Kompetent. Praxisnah. Der ORGANISATOR bereitet in 10 Ausgaben pro Jahr die wesentlichen Themen f\u00fcr F\u00fchrungskr\u00e4fte von KMU auf.\",\"publisher\":{\"@id\":\"https:\\\/\\\/www.organisator.ch\\\/#organization\"},\"potentialAction\":[{\"@type\":\"SearchAction\",\"target\":{\"@type\":\"EntryPoint\",\"urlTemplate\":\"https:\\\/\\\/www.organisator.ch\\\/?s={search_term_string}\"},\"query-input\":{\"@type\":\"PropertyValueSpecification\",\"valueRequired\":true,\"valueName\":\"search_term_string\"}}],\"inLanguage\":\"en-US\"},{\"@type\":\"Organization\",\"@id\":\"https:\\\/\\\/www.organisator.ch\\\/#organization\",\"name\":\"Organisator\",\"url\":\"https:\\\/\\\/www.organisator.ch\\\/\",\"logo\":{\"@type\":\"ImageObject\",\"inLanguage\":\"en-US\",\"@id\":\"https:\\\/\\\/www.organisator.ch\\\/#\\\/schema\\\/logo\\\/image\\\/\",\"url\":\"https:\\\/\\\/www.organisator.ch\\\/wp-content\\\/uploads\\\/2022\\\/01\\\/Logo_Organisator_Website.png\",\"contentUrl\":\"https:\\\/\\\/www.organisator.ch\\\/wp-content\\\/uploads\\\/2022\\\/01\\\/Logo_Organisator_Website.png\",\"width\":800,\"height\":77,\"caption\":\"Organisator\"},\"image\":{\"@id\":\"https:\\\/\\\/www.organisator.ch\\\/#\\\/schema\\\/logo\\\/image\\\/\"},\"sameAs\":[\"https:\\\/\\\/www.facebook.com\\\/OrganisatorFachmagazin\",\"https:\\\/\\\/www.linkedin.com\\\/showcase\\\/organisator-das-magazin-fr-kmu\",\"https:\\\/\\\/www.xing.com\\\/news\\\/pages\\\/organisator-ch-695\",\"https:\\\/\\\/www.youtube.com\\\/channel\\\/UCGP2Sq0iWaZwT3BdIAQFYpw\"]},{\"@type\":\"Person\",\"@id\":\"https:\\\/\\\/www.organisator.ch\\\/#\\\/schema\\\/person\\\/6f650f90b2842cd4c0cc334b4e36f67e\",\"name\":\"thomas.berner\",\"image\":{\"@type\":\"ImageObject\",\"inLanguage\":\"en-US\",\"@id\":\"https:\\\/\\\/secure.gravatar.com\\\/avatar\\\/ac5001d2a36cb6c6cd3e50789007ffca834b477b74a2144564522e944eabff61?s=96&d=mm&r=g\",\"url\":\"https:\\\/\\\/secure.gravatar.com\\\/avatar\\\/ac5001d2a36cb6c6cd3e50789007ffca834b477b74a2144564522e944eabff61?s=96&d=mm&r=g\",\"contentUrl\":\"https:\\\/\\\/secure.gravatar.com\\\/avatar\\\/ac5001d2a36cb6c6cd3e50789007ffca834b477b74a2144564522e944eabff61?s=96&d=mm&r=g\",\"caption\":\"thomas.berner\"},\"url\":\"https:\\\/\\\/www.organisator.ch\\\/en\\\/author\\\/thomas-berner\\\/\"}]}<\/script>\n<!-- \/ Yoast SEO plugin. -->","yoast_head_json":{"title":"Topic company succession is still underestimated - Organizer","description":"On May 31, the \"Succession Bus\", an initiative of the company placement portal companymarket.ch, made a stop in Zurich. Various experts drew attention to the underestimated topic of company succession.","robots":{"index":"index","follow":"follow","max-snippet":"max-snippet:-1","max-image-preview":"max-image-preview:large","max-video-preview":"max-video-preview:-1"},"canonical":"https:\/\/www.organisator.ch\/en\/management\/2018-06-04\/thema-firmennachfolge-wird-immer-noch-unterschaetzt\/","og_locale":"en_US","og_type":"article","og_title":"Thema Firmennachfolge wird immer noch untersch\u00e4tzt","og_description":"Am 31. Mai machte der \u201e#Nachfolgebus\u201c, eine Initiative des Firmen-Vermittlungsportals #companymarket.ch, in Z\u00fcrich Station. Verschiedene Experten machten auf das untersch\u00e4tzte Thema der #Firmennachfolge aufmerksam.","og_url":"https:\/\/www.organisator.ch\/en\/management\/2018-06-04\/thema-firmennachfolge-wird-immer-noch-unterschaetzt\/","og_site_name":"Organisator","article_publisher":"https:\/\/www.facebook.com\/OrganisatorFachmagazin","article_published_time":"2018-06-04T07:28:24+00:00","og_image":[{"width":617,"height":480,"url":"https:\/\/www.organisator.ch\/wp-content\/uploads\/2018\/06\/Thema-Firmennachfolge-wird-immer-noch-unterschaetzt_Organisator.jpg","type":"image\/jpeg"}],"author":"thomas.berner","twitter_card":"summary_large_image","twitter_title":"Thema #Firmennachfolge wird immer noch untersch\u00e4tzt","twitter_description":"Am 31. Mai machte der \u201e#Nachfolgebus\u201c, eine Initiative des Firmen-Vermittlungsportals #companymarket.ch, in Z\u00fcrich Station. Verschiedene Experten machten auf das untersch\u00e4tzte Thema der #Firmennachfolge aufmerksam.","twitter_image":"https:\/\/www.organisator.ch\/wp-content\/uploads\/2018\/06\/Thema-Firmennachfolge-wird-immer-noch-untersch\u00e4tzt_Organisator.jpg","schema":{"@context":"https:\/\/schema.org","@graph":[{"@type":"Article","@id":"https:\/\/www.organisator.ch\/management\/2018-06-04\/thema-firmennachfolge-wird-immer-noch-unterschaetzt\/#article","isPartOf":{"@id":"https:\/\/www.organisator.ch\/management\/2018-06-04\/thema-firmennachfolge-wird-immer-noch-unterschaetzt\/"},"author":{"name":"thomas.berner","@id":"https:\/\/www.organisator.ch\/#\/schema\/person\/6f650f90b2842cd4c0cc334b4e36f67e"},"headline":"Thema Firmennachfolge wird immer noch untersch\u00e4tzt","datePublished":"2018-06-04T07:28:24+00:00","mainEntityOfPage":{"@id":"https:\/\/www.organisator.ch\/management\/2018-06-04\/thema-firmennachfolge-wird-immer-noch-unterschaetzt\/"},"wordCount":465,"commentCount":0,"publisher":{"@id":"https:\/\/www.organisator.ch\/#organization"},"image":{"@id":"https:\/\/www.organisator.ch\/management\/2018-06-04\/thema-firmennachfolge-wird-immer-noch-unterschaetzt\/#primaryimage"},"thumbnailUrl":"https:\/\/www.organisator.ch\/wp-content\/uploads\/2018\/06\/Thema-Firmennachfolge-wird-immer-noch-unterschaetzt_Organisator.jpg","keywords":["Firmennachfolge","Management und Unternehmensf\u00fchrung","Nachfolgeregelung","Unternehmen"],"articleSection":["MANAGEMENT"],"inLanguage":"en-US"},{"@type":"WebPage","@id":"https:\/\/www.organisator.ch\/management\/2018-06-04\/thema-firmennachfolge-wird-immer-noch-unterschaetzt\/","url":"https:\/\/www.organisator.ch\/management\/2018-06-04\/thema-firmennachfolge-wird-immer-noch-unterschaetzt\/","name":"Topic company succession is still underestimated - Organizer","isPartOf":{"@id":"https:\/\/www.organisator.ch\/#website"},"primaryImageOfPage":{"@id":"https:\/\/www.organisator.ch\/management\/2018-06-04\/thema-firmennachfolge-wird-immer-noch-unterschaetzt\/#primaryimage"},"image":{"@id":"https:\/\/www.organisator.ch\/management\/2018-06-04\/thema-firmennachfolge-wird-immer-noch-unterschaetzt\/#primaryimage"},"thumbnailUrl":"https:\/\/www.organisator.ch\/wp-content\/uploads\/2018\/06\/Thema-Firmennachfolge-wird-immer-noch-unterschaetzt_Organisator.jpg","datePublished":"2018-06-04T07:28:24+00:00","description":"On May 31, the \"Succession Bus\", an initiative of the company placement portal companymarket.ch, made a stop in Zurich. Various experts drew attention to the underestimated topic of company succession.","breadcrumb":{"@id":"https:\/\/www.organisator.ch\/management\/2018-06-04\/thema-firmennachfolge-wird-immer-noch-unterschaetzt\/#breadcrumb"},"inLanguage":"en-US","potentialAction":[{"@type":"ReadAction","target":["https:\/\/www.organisator.ch\/management\/2018-06-04\/thema-firmennachfolge-wird-immer-noch-unterschaetzt\/"]}]},{"@type":"ImageObject","inLanguage":"en-US","@id":"https:\/\/www.organisator.ch\/management\/2018-06-04\/thema-firmennachfolge-wird-immer-noch-unterschaetzt\/#primaryimage","url":"https:\/\/www.organisator.ch\/wp-content\/uploads\/2018\/06\/Thema-Firmennachfolge-wird-immer-noch-unterschaetzt_Organisator.jpg","contentUrl":"https:\/\/www.organisator.ch\/wp-content\/uploads\/2018\/06\/Thema-Firmennachfolge-wird-immer-noch-unterschaetzt_Organisator.jpg","width":617,"height":480,"caption":"Natalie Spross D\u00f6beli (links) im Gespr\u00e4ch mit Richard Jauch (KMU Diamant AG) und Franziska M\u00fcller Tiburini zum Thema \"Firmennachfolge in Familien\". (Foto: Thomas Berner)"},{"@type":"BreadcrumbList","@id":"https:\/\/www.organisator.ch\/management\/2018-06-04\/thema-firmennachfolge-wird-immer-noch-unterschaetzt\/#breadcrumb","itemListElement":[{"@type":"ListItem","position":1,"name":"Home","item":"https:\/\/www.organisator.ch\/"},{"@type":"ListItem","position":2,"name":"Thema Firmennachfolge wird immer noch untersch\u00e4tzt"}]},{"@type":"WebSite","@id":"https:\/\/www.organisator.ch\/#website","url":"https:\/\/www.organisator.ch\/","name":"Organizer","description":"Competent. Practical. In 10 issues per year, ORGANISATOR presents the essential topics for managers of SMEs.","publisher":{"@id":"https:\/\/www.organisator.ch\/#organization"},"potentialAction":[{"@type":"SearchAction","target":{"@type":"EntryPoint","urlTemplate":"https:\/\/www.organisator.ch\/?s={search_term_string}"},"query-input":{"@type":"PropertyValueSpecification","valueRequired":true,"valueName":"search_term_string"}}],"inLanguage":"en-US"},{"@type":"Organization","@id":"https:\/\/www.organisator.ch\/#organization","name":"Organizer","url":"https:\/\/www.organisator.ch\/","logo":{"@type":"ImageObject","inLanguage":"en-US","@id":"https:\/\/www.organisator.ch\/#\/schema\/logo\/image\/","url":"https:\/\/www.organisator.ch\/wp-content\/uploads\/2022\/01\/Logo_Organisator_Website.png","contentUrl":"https:\/\/www.organisator.ch\/wp-content\/uploads\/2022\/01\/Logo_Organisator_Website.png","width":800,"height":77,"caption":"Organisator"},"image":{"@id":"https:\/\/www.organisator.ch\/#\/schema\/logo\/image\/"},"sameAs":["https:\/\/www.facebook.com\/OrganisatorFachmagazin","https:\/\/www.linkedin.com\/showcase\/organisator-das-magazin-fr-kmu","https:\/\/www.xing.com\/news\/pages\/organisator-ch-695","https:\/\/www.youtube.com\/channel\/UCGP2Sq0iWaZwT3BdIAQFYpw"]},{"@type":"Person","@id":"https:\/\/www.organisator.ch\/#\/schema\/person\/6f650f90b2842cd4c0cc334b4e36f67e","name":"thomas.berner","image":{"@type":"ImageObject","inLanguage":"en-US","@id":"https:\/\/secure.gravatar.com\/avatar\/ac5001d2a36cb6c6cd3e50789007ffca834b477b74a2144564522e944eabff61?s=96&d=mm&r=g","url":"https:\/\/secure.gravatar.com\/avatar\/ac5001d2a36cb6c6cd3e50789007ffca834b477b74a2144564522e944eabff61?s=96&d=mm&r=g","contentUrl":"https:\/\/secure.gravatar.com\/avatar\/ac5001d2a36cb6c6cd3e50789007ffca834b477b74a2144564522e944eabff61?s=96&d=mm&r=g","caption":"thomas.berner"},"url":"https:\/\/www.organisator.ch\/en\/author\/thomas-berner\/"}]}},"_links":{"self":[{"href":"https:\/\/www.organisator.ch\/en\/wp-json\/wp\/v2\/posts\/3726","targetHints":{"allow":["GET"]}}],"collection":[{"href":"https:\/\/www.organisator.ch\/en\/wp-json\/wp\/v2\/posts"}],"about":[{"href":"https:\/\/www.organisator.ch\/en\/wp-json\/wp\/v2\/types\/post"}],"author":[{"embeddable":true,"href":"https:\/\/www.organisator.ch\/en\/wp-json\/wp\/v2\/users\/4"}],"replies":[{"embeddable":true,"href":"https:\/\/www.organisator.ch\/en\/wp-json\/wp\/v2\/comments?post=3726"}],"version-history":[{"count":0,"href":"https:\/\/www.organisator.ch\/en\/wp-json\/wp\/v2\/posts\/3726\/revisions"}],"wp:featuredmedia":[{"embeddable":true,"href":"https:\/\/www.organisator.ch\/en\/wp-json\/wp\/v2\/media\/3728"}],"wp:attachment":[{"href":"https:\/\/www.organisator.ch\/en\/wp-json\/wp\/v2\/media?parent=3726"}],"wp:term":[{"taxonomy":"category","embeddable":true,"href":"https:\/\/www.organisator.ch\/en\/wp-json\/wp\/v2\/categories?post=3726"},{"taxonomy":"post_tag","embeddable":true,"href":"https:\/\/www.organisator.ch\/en\/wp-json\/wp\/v2\/tags?post=3726"}],"curies":[{"name":"wp","href":"https:\/\/api.w.org\/{rel}","templated":true}]}}