{"id":37272,"date":"2025-03-28T07:38:30","date_gmt":"2025-03-28T06:38:30","guid":{"rendered":"https:\/\/www.organisator.ch\/?p=37272"},"modified":"2025-03-28T07:38:30","modified_gmt":"2025-03-28T06:38:30","slug":"der-verwaltungsrat-von-obt-wird-diverser","status":"publish","type":"post","link":"https:\/\/www.organisator.ch\/en\/management\/2025-03-28\/der-verwaltungsrat-von-obt-wird-diverser\/","title":{"rendered":"The Board of Directors of OBT will"},"content":{"rendered":"<figure id=\"attachment_37273\" aria-describedby=\"caption-attachment-37273\" style=\"width: 680px\" class=\"wp-caption alignnone\"><img loading=\"lazy\" decoding=\"async\" class=\"size-full wp-image-37273\" src=\"https:\/\/www.organisator.ch\/wp-content\/uploads\/2025\/03\/Der-Verwaltungsrat-von-OBT-wird-diverser_Organisator.jpg\" alt=\"\" width=\"680\" height=\"339\" srcset=\"https:\/\/www.organisator.ch\/wp-content\/uploads\/2025\/03\/Der-Verwaltungsrat-von-OBT-wird-diverser_Organisator.jpg 680w, https:\/\/www.organisator.ch\/wp-content\/uploads\/2025\/03\/Der-Verwaltungsrat-von-OBT-wird-diverser_Organisator-18x9.jpg 18w, https:\/\/www.organisator.ch\/wp-content\/uploads\/2025\/03\/Der-Verwaltungsrat-von-OBT-wird-diverser_Organisator-375x187.jpg 375w\" sizes=\"auto, (max-width: 680px) 100vw, 680px\" \/><figcaption id=\"caption-attachment-37273\" class=\"wp-caption-text\">Nathalie Bolliger and Christoph Brunner are new members of the OBT Board of Directors. (Image: zVg \/ OBT AG)<\/figcaption><\/figure>\n<p>Two new members, Christoph Brunner and Nathalie Bolliger, have joined the Board of Directors of OBT AG. Together with the existing members Thomas Z\u00fcger, Roman Marty and Reto Schaffner as Chairman, the two new members have strengthened the company and want to continue to lead it prudently into the future. Stefan Traber will leave the board.<\/p>\n<h3>More diverse composition<\/h3>\n<p>In its new composition, the board is more diverse on the one hand, while on the other hand OBT is sending a strong signal to its employees with the election of Head of HR Business Partner Nathalie Bolliger. \"Her task will be to give employees a voice and represent them in the best possible way,\" said Chairman of the Board Reto Schaffner on the occasion of the election. A graduate in social and business psychology, she has been working at OBT since the beginning of 2020. She previously worked for many years in HR consulting and as Head of Talent and Associate Partner at various start-ups.<\/p>\n<h3>Experience and know-how<\/h3>\n<p>Having been with the company for around 25 years, Christoph Brunner is not only familiar with the practices of OBT AG, but as an active member of the board of directors of various SMEs, he also brings important board expertise to the strategic development of the OBT Group. As a long-standing member of the Executive Board, head of the St. Gallen branch with around 100 employees and Head of the Fiduciary Department, the qualified business economist and certified fiduciary expert has extensive specialist knowledge and sound management experience. He is also a member of the EXPERTsuisse Professional Ethics Committee.<\/p>\n<p>Stefan Traber, Partner and Senior Client Manager at OBT St.Gallen, has decided to leave the Board of Directors of OBT AG and devote more time to client work in the future.\u00a0<\/p>\n<p><em>Source: <a href=\"https:\/\/www.obt.ch\/\">OBT AG<\/a><\/em><\/p>","protected":false},"excerpt":{"rendered":"<p>At this year's Annual General Meeting of OBT AG on March 20, 2025, two new members were elected to the Board of Directors: Nathalie Bolliger, Head of HR Business Partner, and Christoph Brunner, Member of the Executive Board and Partner. <\/p>","protected":false},"author":4,"featured_media":0,"comment_status":"closed","ping_status":"closed","sticky":false,"template":"","format":"standard","meta":{"_acf_changed":false,"_yoast_wpseo_focuskw":"Verwaltungsrat von OBT","_yoast_wpseo_metadesc":"Nathalie Bolliger und Christoph Brunner wurden an der Generalversammlung neu in den Verwaltungsrat von OBT AG gew\u00e4hlt.","articlekey":"","footnotes":""},"categories":[28],"tags":[159,335,513],"class_list":["post-37272","post","type-post","status-publish","format-standard","hentry","category-management","tag-diversity","tag-management-und-unternehmensfuehrung","tag-verwaltungsraete"],"acf":[],"yoast_head":"<!-- This site is optimized with the Yoast SEO plugin v27.5 - https:\/\/yoast.com\/product\/yoast-seo-wordpress\/ -->\n<title>Der Verwaltungsrat von OBT wird diverser - Organisator<\/title>\n<meta name=\"description\" content=\"Nathalie Bolliger und Christoph Brunner wurden an der Generalversammlung neu in den Verwaltungsrat von OBT AG gew\u00e4hlt.\" \/>\n<meta name=\"robots\" content=\"index, follow, max-snippet:-1, max-image-preview:large, max-video-preview:-1\" \/>\n<link rel=\"canonical\" href=\"https:\/\/www.organisator.ch\/en\/management\/2025-03-28\/der-verwaltungsrat-von-obt-wird-diverser\/\" \/>\n<meta property=\"og:locale\" content=\"en_US\" \/>\n<meta property=\"og:type\" content=\"article\" \/>\n<meta property=\"og:title\" content=\"Der Verwaltungsrat von OBT wird diverser\" \/>\n<meta property=\"og:description\" content=\"Nathalie Bolliger und Christoph Brunner wurden an der Generalversammlung neu in den Verwaltungsrat von OBT AG gew\u00e4hlt.\" \/>\n<meta property=\"og:url\" content=\"https:\/\/www.organisator.ch\/en\/management\/2025-03-28\/der-verwaltungsrat-von-obt-wird-diverser\/\" \/>\n<meta property=\"og:site_name\" content=\"Organisator\" \/>\n<meta property=\"article:publisher\" content=\"https:\/\/www.facebook.com\/OrganisatorFachmagazin\" \/>\n<meta property=\"article:published_time\" content=\"2025-03-28T06:38:30+00:00\" \/>\n<meta property=\"og:image\" content=\"https:\/\/www.organisator.ch\/wp-content\/uploads\/2025\/03\/Der-Verwaltungsrat-von-OBT-wird-diverser_Organisator.jpg\" \/>\n\t<meta property=\"og:image:width\" content=\"680\" \/>\n\t<meta property=\"og:image:height\" content=\"339\" \/>\n\t<meta property=\"og:image:type\" content=\"image\/jpeg\" \/>\n<meta name=\"author\" content=\"thomas.berner\" \/>\n<meta name=\"twitter:card\" content=\"summary_large_image\" \/>\n<meta name=\"twitter:title\" content=\"Der #Verwaltungsrat von #OBT wird diverser\" \/>\n<meta name=\"twitter:description\" content=\"Nathalie Bolliger und Christoph Brunner wurden an der Generalversammlung neu in den Verwaltungsrat von #OBT AG gew\u00e4hlt.\" \/>\n<meta name=\"twitter:image\" content=\"https:\/\/www.organisator.ch\/wp-content\/uploads\/2025\/03\/Der-Verwaltungsrat-von-OBT-wird-diverser_Organisator.jpg\" \/>\n<script type=\"application\/ld+json\" class=\"yoast-schema-graph\">{\"@context\":\"https:\\\/\\\/schema.org\",\"@graph\":[{\"@type\":\"Article\",\"@id\":\"https:\\\/\\\/www.organisator.ch\\\/management\\\/2025-03-28\\\/der-verwaltungsrat-von-obt-wird-diverser\\\/#article\",\"isPartOf\":{\"@id\":\"https:\\\/\\\/www.organisator.ch\\\/management\\\/2025-03-28\\\/der-verwaltungsrat-von-obt-wird-diverser\\\/\"},\"author\":{\"name\":\"thomas.berner\",\"@id\":\"https:\\\/\\\/www.organisator.ch\\\/#\\\/schema\\\/person\\\/6f650f90b2842cd4c0cc334b4e36f67e\"},\"headline\":\"Der Verwaltungsrat von OBT wird diverser\",\"datePublished\":\"2025-03-28T06:38:30+00:00\",\"mainEntityOfPage\":{\"@id\":\"https:\\\/\\\/www.organisator.ch\\\/management\\\/2025-03-28\\\/der-verwaltungsrat-von-obt-wird-diverser\\\/\"},\"wordCount\":289,\"publisher\":{\"@id\":\"https:\\\/\\\/www.organisator.ch\\\/#organization\"},\"image\":{\"@id\":\"https:\\\/\\\/www.organisator.ch\\\/management\\\/2025-03-28\\\/der-verwaltungsrat-von-obt-wird-diverser\\\/#primaryimage\"},\"thumbnailUrl\":\"https:\\\/\\\/www.organisator.ch\\\/wp-content\\\/uploads\\\/2025\\\/03\\\/Der-Verwaltungsrat-von-OBT-wird-diverser_Organisator.jpg\",\"keywords\":[\"Diversity\",\"Management und Unternehmensf\u00fchrung\",\"Verwaltungsr\u00e4te\"],\"articleSection\":[\"MANAGEMENT\"],\"inLanguage\":\"en-US\"},{\"@type\":\"WebPage\",\"@id\":\"https:\\\/\\\/www.organisator.ch\\\/management\\\/2025-03-28\\\/der-verwaltungsrat-von-obt-wird-diverser\\\/\",\"url\":\"https:\\\/\\\/www.organisator.ch\\\/management\\\/2025-03-28\\\/der-verwaltungsrat-von-obt-wird-diverser\\\/\",\"name\":\"Der Verwaltungsrat von OBT wird diverser - Organisator\",\"isPartOf\":{\"@id\":\"https:\\\/\\\/www.organisator.ch\\\/#website\"},\"primaryImageOfPage\":{\"@id\":\"https:\\\/\\\/www.organisator.ch\\\/management\\\/2025-03-28\\\/der-verwaltungsrat-von-obt-wird-diverser\\\/#primaryimage\"},\"image\":{\"@id\":\"https:\\\/\\\/www.organisator.ch\\\/management\\\/2025-03-28\\\/der-verwaltungsrat-von-obt-wird-diverser\\\/#primaryimage\"},\"thumbnailUrl\":\"https:\\\/\\\/www.organisator.ch\\\/wp-content\\\/uploads\\\/2025\\\/03\\\/Der-Verwaltungsrat-von-OBT-wird-diverser_Organisator.jpg\",\"datePublished\":\"2025-03-28T06:38:30+00:00\",\"description\":\"Nathalie Bolliger und Christoph Brunner wurden an der Generalversammlung neu in den Verwaltungsrat von OBT AG gew\u00e4hlt.\",\"breadcrumb\":{\"@id\":\"https:\\\/\\\/www.organisator.ch\\\/management\\\/2025-03-28\\\/der-verwaltungsrat-von-obt-wird-diverser\\\/#breadcrumb\"},\"inLanguage\":\"en-US\",\"potentialAction\":[{\"@type\":\"ReadAction\",\"target\":[\"https:\\\/\\\/www.organisator.ch\\\/management\\\/2025-03-28\\\/der-verwaltungsrat-von-obt-wird-diverser\\\/\"]}]},{\"@type\":\"ImageObject\",\"inLanguage\":\"en-US\",\"@id\":\"https:\\\/\\\/www.organisator.ch\\\/management\\\/2025-03-28\\\/der-verwaltungsrat-von-obt-wird-diverser\\\/#primaryimage\",\"url\":\"https:\\\/\\\/www.organisator.ch\\\/wp-content\\\/uploads\\\/2025\\\/03\\\/Der-Verwaltungsrat-von-OBT-wird-diverser_Organisator.jpg\",\"contentUrl\":\"https:\\\/\\\/www.organisator.ch\\\/wp-content\\\/uploads\\\/2025\\\/03\\\/Der-Verwaltungsrat-von-OBT-wird-diverser_Organisator.jpg\"},{\"@type\":\"BreadcrumbList\",\"@id\":\"https:\\\/\\\/www.organisator.ch\\\/management\\\/2025-03-28\\\/der-verwaltungsrat-von-obt-wird-diverser\\\/#breadcrumb\",\"itemListElement\":[{\"@type\":\"ListItem\",\"position\":1,\"name\":\"Home\",\"item\":\"https:\\\/\\\/www.organisator.ch\\\/\"},{\"@type\":\"ListItem\",\"position\":2,\"name\":\"Der Verwaltungsrat von OBT wird diverser\"}]},{\"@type\":\"WebSite\",\"@id\":\"https:\\\/\\\/www.organisator.ch\\\/#website\",\"url\":\"https:\\\/\\\/www.organisator.ch\\\/\",\"name\":\"Organisator\",\"description\":\"Kompetent. Praxisnah. Der ORGANISATOR bereitet in 10 Ausgaben pro Jahr die wesentlichen Themen f\u00fcr F\u00fchrungskr\u00e4fte von KMU auf.\",\"publisher\":{\"@id\":\"https:\\\/\\\/www.organisator.ch\\\/#organization\"},\"potentialAction\":[{\"@type\":\"SearchAction\",\"target\":{\"@type\":\"EntryPoint\",\"urlTemplate\":\"https:\\\/\\\/www.organisator.ch\\\/?s={search_term_string}\"},\"query-input\":{\"@type\":\"PropertyValueSpecification\",\"valueRequired\":true,\"valueName\":\"search_term_string\"}}],\"inLanguage\":\"en-US\"},{\"@type\":\"Organization\",\"@id\":\"https:\\\/\\\/www.organisator.ch\\\/#organization\",\"name\":\"Organisator\",\"url\":\"https:\\\/\\\/www.organisator.ch\\\/\",\"logo\":{\"@type\":\"ImageObject\",\"inLanguage\":\"en-US\",\"@id\":\"https:\\\/\\\/www.organisator.ch\\\/#\\\/schema\\\/logo\\\/image\\\/\",\"url\":\"https:\\\/\\\/www.organisator.ch\\\/wp-content\\\/uploads\\\/2022\\\/01\\\/Logo_Organisator_Website.png\",\"contentUrl\":\"https:\\\/\\\/www.organisator.ch\\\/wp-content\\\/uploads\\\/2022\\\/01\\\/Logo_Organisator_Website.png\",\"width\":800,\"height\":77,\"caption\":\"Organisator\"},\"image\":{\"@id\":\"https:\\\/\\\/www.organisator.ch\\\/#\\\/schema\\\/logo\\\/image\\\/\"},\"sameAs\":[\"https:\\\/\\\/www.facebook.com\\\/OrganisatorFachmagazin\",\"https:\\\/\\\/www.linkedin.com\\\/showcase\\\/organisator-das-magazin-fr-kmu\",\"https:\\\/\\\/www.xing.com\\\/news\\\/pages\\\/organisator-ch-695\",\"https:\\\/\\\/www.youtube.com\\\/channel\\\/UCGP2Sq0iWaZwT3BdIAQFYpw\"]},{\"@type\":\"Person\",\"@id\":\"https:\\\/\\\/www.organisator.ch\\\/#\\\/schema\\\/person\\\/6f650f90b2842cd4c0cc334b4e36f67e\",\"name\":\"thomas.berner\",\"image\":{\"@type\":\"ImageObject\",\"inLanguage\":\"en-US\",\"@id\":\"https:\\\/\\\/secure.gravatar.com\\\/avatar\\\/ac5001d2a36cb6c6cd3e50789007ffca834b477b74a2144564522e944eabff61?s=96&d=mm&r=g\",\"url\":\"https:\\\/\\\/secure.gravatar.com\\\/avatar\\\/ac5001d2a36cb6c6cd3e50789007ffca834b477b74a2144564522e944eabff61?s=96&d=mm&r=g\",\"contentUrl\":\"https:\\\/\\\/secure.gravatar.com\\\/avatar\\\/ac5001d2a36cb6c6cd3e50789007ffca834b477b74a2144564522e944eabff61?s=96&d=mm&r=g\",\"caption\":\"thomas.berner\"},\"url\":\"https:\\\/\\\/www.organisator.ch\\\/en\\\/author\\\/thomas-berner\\\/\"}]}<\/script>\n<!-- \/ Yoast SEO plugin. -->","yoast_head_json":{"title":"The Board of Directors of OBT becomes more diverse - Organizer","description":"Nathalie Bolliger and Christoph Brunner were newly elected to the Board of Directors of OBT AG at the Annual General Meeting.","robots":{"index":"index","follow":"follow","max-snippet":"max-snippet:-1","max-image-preview":"max-image-preview:large","max-video-preview":"max-video-preview:-1"},"canonical":"https:\/\/www.organisator.ch\/en\/management\/2025-03-28\/der-verwaltungsrat-von-obt-wird-diverser\/","og_locale":"en_US","og_type":"article","og_title":"Der Verwaltungsrat von OBT wird diverser","og_description":"Nathalie Bolliger und Christoph Brunner wurden an der Generalversammlung neu in den Verwaltungsrat von OBT AG gew\u00e4hlt.","og_url":"https:\/\/www.organisator.ch\/en\/management\/2025-03-28\/der-verwaltungsrat-von-obt-wird-diverser\/","og_site_name":"Organisator","article_publisher":"https:\/\/www.facebook.com\/OrganisatorFachmagazin","article_published_time":"2025-03-28T06:38:30+00:00","og_image":[{"width":680,"height":339,"url":"https:\/\/www.organisator.ch\/wp-content\/uploads\/2025\/03\/Der-Verwaltungsrat-von-OBT-wird-diverser_Organisator.jpg","type":"image\/jpeg"}],"author":"thomas.berner","twitter_card":"summary_large_image","twitter_title":"Der #Verwaltungsrat von #OBT wird diverser","twitter_description":"Nathalie Bolliger und Christoph Brunner wurden an der Generalversammlung neu in den Verwaltungsrat von #OBT AG gew\u00e4hlt.","twitter_image":"https:\/\/www.organisator.ch\/wp-content\/uploads\/2025\/03\/Der-Verwaltungsrat-von-OBT-wird-diverser_Organisator.jpg","schema":{"@context":"https:\/\/schema.org","@graph":[{"@type":"Article","@id":"https:\/\/www.organisator.ch\/management\/2025-03-28\/der-verwaltungsrat-von-obt-wird-diverser\/#article","isPartOf":{"@id":"https:\/\/www.organisator.ch\/management\/2025-03-28\/der-verwaltungsrat-von-obt-wird-diverser\/"},"author":{"name":"thomas.berner","@id":"https:\/\/www.organisator.ch\/#\/schema\/person\/6f650f90b2842cd4c0cc334b4e36f67e"},"headline":"Der Verwaltungsrat von OBT wird diverser","datePublished":"2025-03-28T06:38:30+00:00","mainEntityOfPage":{"@id":"https:\/\/www.organisator.ch\/management\/2025-03-28\/der-verwaltungsrat-von-obt-wird-diverser\/"},"wordCount":289,"publisher":{"@id":"https:\/\/www.organisator.ch\/#organization"},"image":{"@id":"https:\/\/www.organisator.ch\/management\/2025-03-28\/der-verwaltungsrat-von-obt-wird-diverser\/#primaryimage"},"thumbnailUrl":"https:\/\/www.organisator.ch\/wp-content\/uploads\/2025\/03\/Der-Verwaltungsrat-von-OBT-wird-diverser_Organisator.jpg","keywords":["Diversity","Management und Unternehmensf\u00fchrung","Verwaltungsr\u00e4te"],"articleSection":["MANAGEMENT"],"inLanguage":"en-US"},{"@type":"WebPage","@id":"https:\/\/www.organisator.ch\/management\/2025-03-28\/der-verwaltungsrat-von-obt-wird-diverser\/","url":"https:\/\/www.organisator.ch\/management\/2025-03-28\/der-verwaltungsrat-von-obt-wird-diverser\/","name":"The Board of Directors of OBT becomes more diverse - Organizer","isPartOf":{"@id":"https:\/\/www.organisator.ch\/#website"},"primaryImageOfPage":{"@id":"https:\/\/www.organisator.ch\/management\/2025-03-28\/der-verwaltungsrat-von-obt-wird-diverser\/#primaryimage"},"image":{"@id":"https:\/\/www.organisator.ch\/management\/2025-03-28\/der-verwaltungsrat-von-obt-wird-diverser\/#primaryimage"},"thumbnailUrl":"https:\/\/www.organisator.ch\/wp-content\/uploads\/2025\/03\/Der-Verwaltungsrat-von-OBT-wird-diverser_Organisator.jpg","datePublished":"2025-03-28T06:38:30+00:00","description":"Nathalie Bolliger and Christoph Brunner were newly elected to the Board of Directors of OBT AG at the Annual General Meeting.","breadcrumb":{"@id":"https:\/\/www.organisator.ch\/management\/2025-03-28\/der-verwaltungsrat-von-obt-wird-diverser\/#breadcrumb"},"inLanguage":"en-US","potentialAction":[{"@type":"ReadAction","target":["https:\/\/www.organisator.ch\/management\/2025-03-28\/der-verwaltungsrat-von-obt-wird-diverser\/"]}]},{"@type":"ImageObject","inLanguage":"en-US","@id":"https:\/\/www.organisator.ch\/management\/2025-03-28\/der-verwaltungsrat-von-obt-wird-diverser\/#primaryimage","url":"https:\/\/www.organisator.ch\/wp-content\/uploads\/2025\/03\/Der-Verwaltungsrat-von-OBT-wird-diverser_Organisator.jpg","contentUrl":"https:\/\/www.organisator.ch\/wp-content\/uploads\/2025\/03\/Der-Verwaltungsrat-von-OBT-wird-diverser_Organisator.jpg"},{"@type":"BreadcrumbList","@id":"https:\/\/www.organisator.ch\/management\/2025-03-28\/der-verwaltungsrat-von-obt-wird-diverser\/#breadcrumb","itemListElement":[{"@type":"ListItem","position":1,"name":"Home","item":"https:\/\/www.organisator.ch\/"},{"@type":"ListItem","position":2,"name":"Der Verwaltungsrat von OBT wird diverser"}]},{"@type":"WebSite","@id":"https:\/\/www.organisator.ch\/#website","url":"https:\/\/www.organisator.ch\/","name":"Organizer","description":"Competent. Practical. In 10 issues per year, ORGANISATOR presents the essential topics for managers of SMEs.","publisher":{"@id":"https:\/\/www.organisator.ch\/#organization"},"potentialAction":[{"@type":"SearchAction","target":{"@type":"EntryPoint","urlTemplate":"https:\/\/www.organisator.ch\/?s={search_term_string}"},"query-input":{"@type":"PropertyValueSpecification","valueRequired":true,"valueName":"search_term_string"}}],"inLanguage":"en-US"},{"@type":"Organization","@id":"https:\/\/www.organisator.ch\/#organization","name":"Organizer","url":"https:\/\/www.organisator.ch\/","logo":{"@type":"ImageObject","inLanguage":"en-US","@id":"https:\/\/www.organisator.ch\/#\/schema\/logo\/image\/","url":"https:\/\/www.organisator.ch\/wp-content\/uploads\/2022\/01\/Logo_Organisator_Website.png","contentUrl":"https:\/\/www.organisator.ch\/wp-content\/uploads\/2022\/01\/Logo_Organisator_Website.png","width":800,"height":77,"caption":"Organisator"},"image":{"@id":"https:\/\/www.organisator.ch\/#\/schema\/logo\/image\/"},"sameAs":["https:\/\/www.facebook.com\/OrganisatorFachmagazin","https:\/\/www.linkedin.com\/showcase\/organisator-das-magazin-fr-kmu","https:\/\/www.xing.com\/news\/pages\/organisator-ch-695","https:\/\/www.youtube.com\/channel\/UCGP2Sq0iWaZwT3BdIAQFYpw"]},{"@type":"Person","@id":"https:\/\/www.organisator.ch\/#\/schema\/person\/6f650f90b2842cd4c0cc334b4e36f67e","name":"thomas.berner","image":{"@type":"ImageObject","inLanguage":"en-US","@id":"https:\/\/secure.gravatar.com\/avatar\/ac5001d2a36cb6c6cd3e50789007ffca834b477b74a2144564522e944eabff61?s=96&d=mm&r=g","url":"https:\/\/secure.gravatar.com\/avatar\/ac5001d2a36cb6c6cd3e50789007ffca834b477b74a2144564522e944eabff61?s=96&d=mm&r=g","contentUrl":"https:\/\/secure.gravatar.com\/avatar\/ac5001d2a36cb6c6cd3e50789007ffca834b477b74a2144564522e944eabff61?s=96&d=mm&r=g","caption":"thomas.berner"},"url":"https:\/\/www.organisator.ch\/en\/author\/thomas-berner\/"}]}},"_links":{"self":[{"href":"https:\/\/www.organisator.ch\/en\/wp-json\/wp\/v2\/posts\/37272","targetHints":{"allow":["GET"]}}],"collection":[{"href":"https:\/\/www.organisator.ch\/en\/wp-json\/wp\/v2\/posts"}],"about":[{"href":"https:\/\/www.organisator.ch\/en\/wp-json\/wp\/v2\/types\/post"}],"author":[{"embeddable":true,"href":"https:\/\/www.organisator.ch\/en\/wp-json\/wp\/v2\/users\/4"}],"replies":[{"embeddable":true,"href":"https:\/\/www.organisator.ch\/en\/wp-json\/wp\/v2\/comments?post=37272"}],"version-history":[{"count":3,"href":"https:\/\/www.organisator.ch\/en\/wp-json\/wp\/v2\/posts\/37272\/revisions"}],"predecessor-version":[{"id":37299,"href":"https:\/\/www.organisator.ch\/en\/wp-json\/wp\/v2\/posts\/37272\/revisions\/37299"}],"wp:attachment":[{"href":"https:\/\/www.organisator.ch\/en\/wp-json\/wp\/v2\/media?parent=37272"}],"wp:term":[{"taxonomy":"category","embeddable":true,"href":"https:\/\/www.organisator.ch\/en\/wp-json\/wp\/v2\/categories?post=37272"},{"taxonomy":"post_tag","embeddable":true,"href":"https:\/\/www.organisator.ch\/en\/wp-json\/wp\/v2\/tags?post=37272"}],"curies":[{"name":"wp","href":"https:\/\/api.w.org\/{rel}","templated":true}]}}