{"id":37275,"date":"2025-03-28T07:58:13","date_gmt":"2025-03-28T06:58:13","guid":{"rendered":"https:\/\/www.organisator.ch\/?p=37275"},"modified":"2025-03-28T07:58:13","modified_gmt":"2025-03-28T06:58:13","slug":"prix-svc-aargau-solothurn-feiert-2026-premiere","status":"publish","type":"post","link":"https:\/\/www.organisator.ch\/en\/management\/2025-03-28\/prix-svc-aargau-solothurn-feiert-2026-premiere\/","title":{"rendered":"Prix SVC Aargau Solothurn celebrates premiere in 2026"},"content":{"rendered":"<figure id=\"attachment_37276\" aria-describedby=\"caption-attachment-37276\" style=\"width: 680px\" class=\"wp-caption alignnone\"><img loading=\"lazy\" decoding=\"async\" class=\"size-full wp-image-37276\" src=\"https:\/\/www.organisator.ch\/wp-content\/uploads\/2025\/03\/Prix-SVC-Aargau-Solothurn-feiert-2026-Premiere_Organisator.png\" alt=\"\" width=\"680\" height=\"455\" srcset=\"https:\/\/www.organisator.ch\/wp-content\/uploads\/2025\/03\/Prix-SVC-Aargau-Solothurn-feiert-2026-Premiere_Organisator.png 680w, https:\/\/www.organisator.ch\/wp-content\/uploads\/2025\/03\/Prix-SVC-Aargau-Solothurn-feiert-2026-Premiere_Organisator-18x12.png 18w, https:\/\/www.organisator.ch\/wp-content\/uploads\/2025\/03\/Prix-SVC-Aargau-Solothurn-feiert-2026-Premiere_Organisator-375x251.png 375w, https:\/\/www.organisator.ch\/wp-content\/uploads\/2025\/03\/Prix-SVC-Aargau-Solothurn-feiert-2026-Premiere_Organisator-523x350.png 523w\" sizes=\"auto, (max-width: 680px) 100vw, 680px\" \/><figcaption id=\"caption-attachment-37276\" class=\"wp-caption-text\">The Prix SVC entrepreneurship prize will also be awarded in the Aargau Solothurn region from 2026. (Image: SVC)<\/figcaption><\/figure>\n<p>The Swiss Venture Club SVC, an independent, non-profit-oriented association of entrepreneurs for entrepreneurs, is further expanding its entrepreneur awards: With the newly created Prix SVC Aargau Solothurn, the SVC aims to make this important and diverse economic region even more visible. Until now, SMEs from these two cantons have been integrated into different award ceremonies - from Espace Mittelland to Northern Switzerland and the Zurich economic region.<\/p>\n<h3>Award in spring 2026<\/h3>\n<p>The first edition of the Prix SVC in the new, ninth region of the SME network will take place in spring 2026. The OC has started preparations in close cooperation with the SVC office. Robin Wasser, who is also Head of Regional Corporate &amp; Real Estate Banking at SVC Presenting Partner UBS, will act as host and OC President.<\/p>\n<p>Robin Wasser is looking forward to the Prix SVC Aargau Solothurn: \"Our region - with the energy canton of Aargau and the canton of Solothurn, which boasts successful companies in the precision engineering and watchmaking sectors, among others - is one of the strongest economic regions in Switzerland. Thanks to its strong industrial base, well-developed infrastructure and proximity to international markets, the region makes a significant contribution to the Swiss economy. It also offers attractive jobs and benefits from a well-trained skilled workforce. It is therefore high time that we offer the best SMEs from the two cantons their own showcase within the SVC in order to recognize their achievements and strengthen regional entrepreneurship.\"<\/p>\n<h3>Selection by a jury of experts<\/h3>\n<p>As with all Prix SVC awards, the companies nominated for the Prix SVC are selected by a jury of experts. Its members are independent, work in a practice-oriented manner and are strongly anchored in the respective region. More information on the composition of the jury in the Aargau Solothurn region and the location and date of the award ceremony will follow in the coming weeks.<\/p>\n<p>The five finalists of the 1st Prix SVC Aargau Solothurn will be announced by the end of the year.<\/p>\n<p><em>Source: <a href=\"http:\/\/www.svc.swiss\">Swiss Venture Club<\/a><\/em><\/p>","protected":false},"excerpt":{"rendered":"<p>The SVC (Swiss Venture Club) will be awarding its prestigious SME prize in a ninth region from next year. With the Prix SVC Aargau Solothurn, a new, important economic region will receive its own award ceremony. As OC President, Robin Wasser (Head of Corporate &amp; Real Estate Aargau\/Solothurn, UBS Switzerland) will be responsible for organizing the award ceremony. <\/p>","protected":false},"author":4,"featured_media":37276,"comment_status":"closed","ping_status":"closed","sticky":false,"template":"","format":"standard","meta":{"_acf_changed":false,"_yoast_wpseo_focuskw":"Prix SVC Aargau Solothurn","_yoast_wpseo_metadesc":"Mit dem Prix SVC Aargau Solothurn wird eine neue, wichtige Wirtschaftsregion ihre eigene Preisverleihung erhalten.","articlekey":"","footnotes":""},"categories":[28],"tags":[66,492,503],"class_list":["post-37275","post","type-post","status-publish","format-standard","has-post-thumbnail","hentry","category-management","tag-awards","tag-unternehmen","tag-verbaende"],"acf":[],"yoast_head":"<!-- This site is optimized with the Yoast SEO plugin v27.5 - https:\/\/yoast.com\/product\/yoast-seo-wordpress\/ -->\n<title>Prix SVC Aargau Solothurn feiert 2026 Premiere - Organisator<\/title>\n<meta name=\"description\" content=\"Mit dem Prix SVC Aargau Solothurn wird eine neue, wichtige Wirtschaftsregion ihre eigene Preisverleihung erhalten.\" \/>\n<meta name=\"robots\" content=\"index, follow, max-snippet:-1, max-image-preview:large, max-video-preview:-1\" \/>\n<link rel=\"canonical\" href=\"https:\/\/www.organisator.ch\/en\/management\/2025-03-28\/prix-svc-aargau-solothurn-feiert-2026-premiere\/\" \/>\n<meta property=\"og:locale\" content=\"en_US\" \/>\n<meta property=\"og:type\" content=\"article\" \/>\n<meta property=\"og:title\" content=\"Prix SVC Aargau Solothurn feiert 2026 Premiere\" \/>\n<meta property=\"og:description\" content=\"Mit dem Prix SVC Aargau Solothurn wird eine neue, wichtige Wirtschaftsregion ihre eigene Preisverleihung erhalten.\" \/>\n<meta property=\"og:url\" content=\"https:\/\/www.organisator.ch\/en\/management\/2025-03-28\/prix-svc-aargau-solothurn-feiert-2026-premiere\/\" \/>\n<meta property=\"og:site_name\" content=\"Organisator\" \/>\n<meta property=\"article:publisher\" content=\"https:\/\/www.facebook.com\/OrganisatorFachmagazin\" \/>\n<meta property=\"article:published_time\" content=\"2025-03-28T06:58:13+00:00\" \/>\n<meta property=\"og:image\" content=\"https:\/\/www.organisator.ch\/wp-content\/uploads\/2025\/03\/Prix-SVC-Aargau-Solothurn-feiert-2026-Premiere_Organisator.png\" \/>\n\t<meta property=\"og:image:width\" content=\"680\" \/>\n\t<meta property=\"og:image:height\" content=\"455\" \/>\n\t<meta property=\"og:image:type\" content=\"image\/png\" \/>\n<meta name=\"author\" content=\"thomas.berner\" \/>\n<meta name=\"twitter:card\" content=\"summary_large_image\" \/>\n<meta name=\"twitter:title\" content=\"Prix #SVC Aargau Solothurn feiert 2026 Premiere\" \/>\n<meta name=\"twitter:description\" content=\"Mit dem Prix #SVC #AargauSolothurn wird eine neue, wichtige #Wirtschaftsregion ihre eigene #Preisverleihung erhalten.\" \/>\n<meta name=\"twitter:image\" content=\"https:\/\/www.organisator.ch\/wp-content\/uploads\/2025\/03\/Prix-SVC-Aargau-Solothurn-feiert-2026-Premiere_Organisator.png\" \/>\n<script type=\"application\/ld+json\" class=\"yoast-schema-graph\">{\"@context\":\"https:\\\/\\\/schema.org\",\"@graph\":[{\"@type\":\"Article\",\"@id\":\"https:\\\/\\\/www.organisator.ch\\\/management\\\/2025-03-28\\\/prix-svc-aargau-solothurn-feiert-2026-premiere\\\/#article\",\"isPartOf\":{\"@id\":\"https:\\\/\\\/www.organisator.ch\\\/management\\\/2025-03-28\\\/prix-svc-aargau-solothurn-feiert-2026-premiere\\\/\"},\"author\":{\"name\":\"thomas.berner\",\"@id\":\"https:\\\/\\\/www.organisator.ch\\\/#\\\/schema\\\/person\\\/6f650f90b2842cd4c0cc334b4e36f67e\"},\"headline\":\"Prix SVC Aargau Solothurn feiert 2026 Premiere\",\"datePublished\":\"2025-03-28T06:58:13+00:00\",\"mainEntityOfPage\":{\"@id\":\"https:\\\/\\\/www.organisator.ch\\\/management\\\/2025-03-28\\\/prix-svc-aargau-solothurn-feiert-2026-premiere\\\/\"},\"wordCount\":356,\"publisher\":{\"@id\":\"https:\\\/\\\/www.organisator.ch\\\/#organization\"},\"image\":{\"@id\":\"https:\\\/\\\/www.organisator.ch\\\/management\\\/2025-03-28\\\/prix-svc-aargau-solothurn-feiert-2026-premiere\\\/#primaryimage\"},\"thumbnailUrl\":\"https:\\\/\\\/www.organisator.ch\\\/wp-content\\\/uploads\\\/2025\\\/03\\\/Prix-SVC-Aargau-Solothurn-feiert-2026-Premiere_Organisator.png\",\"keywords\":[\"Awards\",\"Unternehmen\",\"Verb\u00e4nde\"],\"articleSection\":[\"MANAGEMENT\"],\"inLanguage\":\"en-US\"},{\"@type\":\"WebPage\",\"@id\":\"https:\\\/\\\/www.organisator.ch\\\/management\\\/2025-03-28\\\/prix-svc-aargau-solothurn-feiert-2026-premiere\\\/\",\"url\":\"https:\\\/\\\/www.organisator.ch\\\/management\\\/2025-03-28\\\/prix-svc-aargau-solothurn-feiert-2026-premiere\\\/\",\"name\":\"Prix SVC Aargau Solothurn feiert 2026 Premiere - Organisator\",\"isPartOf\":{\"@id\":\"https:\\\/\\\/www.organisator.ch\\\/#website\"},\"primaryImageOfPage\":{\"@id\":\"https:\\\/\\\/www.organisator.ch\\\/management\\\/2025-03-28\\\/prix-svc-aargau-solothurn-feiert-2026-premiere\\\/#primaryimage\"},\"image\":{\"@id\":\"https:\\\/\\\/www.organisator.ch\\\/management\\\/2025-03-28\\\/prix-svc-aargau-solothurn-feiert-2026-premiere\\\/#primaryimage\"},\"thumbnailUrl\":\"https:\\\/\\\/www.organisator.ch\\\/wp-content\\\/uploads\\\/2025\\\/03\\\/Prix-SVC-Aargau-Solothurn-feiert-2026-Premiere_Organisator.png\",\"datePublished\":\"2025-03-28T06:58:13+00:00\",\"description\":\"Mit dem Prix SVC Aargau Solothurn wird eine neue, wichtige Wirtschaftsregion ihre eigene Preisverleihung erhalten.\",\"breadcrumb\":{\"@id\":\"https:\\\/\\\/www.organisator.ch\\\/management\\\/2025-03-28\\\/prix-svc-aargau-solothurn-feiert-2026-premiere\\\/#breadcrumb\"},\"inLanguage\":\"en-US\",\"potentialAction\":[{\"@type\":\"ReadAction\",\"target\":[\"https:\\\/\\\/www.organisator.ch\\\/management\\\/2025-03-28\\\/prix-svc-aargau-solothurn-feiert-2026-premiere\\\/\"]}]},{\"@type\":\"ImageObject\",\"inLanguage\":\"en-US\",\"@id\":\"https:\\\/\\\/www.organisator.ch\\\/management\\\/2025-03-28\\\/prix-svc-aargau-solothurn-feiert-2026-premiere\\\/#primaryimage\",\"url\":\"https:\\\/\\\/www.organisator.ch\\\/wp-content\\\/uploads\\\/2025\\\/03\\\/Prix-SVC-Aargau-Solothurn-feiert-2026-Premiere_Organisator.png\",\"contentUrl\":\"https:\\\/\\\/www.organisator.ch\\\/wp-content\\\/uploads\\\/2025\\\/03\\\/Prix-SVC-Aargau-Solothurn-feiert-2026-Premiere_Organisator.png\",\"width\":680,\"height\":455,\"caption\":\"Der Unternehmerpreis Prix SVC wird ab 2026 auch in der Region Aargau Solothurn verliehen. (Bild: SVC)\"},{\"@type\":\"BreadcrumbList\",\"@id\":\"https:\\\/\\\/www.organisator.ch\\\/management\\\/2025-03-28\\\/prix-svc-aargau-solothurn-feiert-2026-premiere\\\/#breadcrumb\",\"itemListElement\":[{\"@type\":\"ListItem\",\"position\":1,\"name\":\"Home\",\"item\":\"https:\\\/\\\/www.organisator.ch\\\/\"},{\"@type\":\"ListItem\",\"position\":2,\"name\":\"Prix SVC Aargau Solothurn feiert 2026 Premiere\"}]},{\"@type\":\"WebSite\",\"@id\":\"https:\\\/\\\/www.organisator.ch\\\/#website\",\"url\":\"https:\\\/\\\/www.organisator.ch\\\/\",\"name\":\"Organisator\",\"description\":\"Kompetent. Praxisnah. Der ORGANISATOR bereitet in 10 Ausgaben pro Jahr die wesentlichen Themen f\u00fcr F\u00fchrungskr\u00e4fte von KMU auf.\",\"publisher\":{\"@id\":\"https:\\\/\\\/www.organisator.ch\\\/#organization\"},\"potentialAction\":[{\"@type\":\"SearchAction\",\"target\":{\"@type\":\"EntryPoint\",\"urlTemplate\":\"https:\\\/\\\/www.organisator.ch\\\/?s={search_term_string}\"},\"query-input\":{\"@type\":\"PropertyValueSpecification\",\"valueRequired\":true,\"valueName\":\"search_term_string\"}}],\"inLanguage\":\"en-US\"},{\"@type\":\"Organization\",\"@id\":\"https:\\\/\\\/www.organisator.ch\\\/#organization\",\"name\":\"Organisator\",\"url\":\"https:\\\/\\\/www.organisator.ch\\\/\",\"logo\":{\"@type\":\"ImageObject\",\"inLanguage\":\"en-US\",\"@id\":\"https:\\\/\\\/www.organisator.ch\\\/#\\\/schema\\\/logo\\\/image\\\/\",\"url\":\"https:\\\/\\\/www.organisator.ch\\\/wp-content\\\/uploads\\\/2022\\\/01\\\/Logo_Organisator_Website.png\",\"contentUrl\":\"https:\\\/\\\/www.organisator.ch\\\/wp-content\\\/uploads\\\/2022\\\/01\\\/Logo_Organisator_Website.png\",\"width\":800,\"height\":77,\"caption\":\"Organisator\"},\"image\":{\"@id\":\"https:\\\/\\\/www.organisator.ch\\\/#\\\/schema\\\/logo\\\/image\\\/\"},\"sameAs\":[\"https:\\\/\\\/www.facebook.com\\\/OrganisatorFachmagazin\",\"https:\\\/\\\/www.linkedin.com\\\/showcase\\\/organisator-das-magazin-fr-kmu\",\"https:\\\/\\\/www.xing.com\\\/news\\\/pages\\\/organisator-ch-695\",\"https:\\\/\\\/www.youtube.com\\\/channel\\\/UCGP2Sq0iWaZwT3BdIAQFYpw\"]},{\"@type\":\"Person\",\"@id\":\"https:\\\/\\\/www.organisator.ch\\\/#\\\/schema\\\/person\\\/6f650f90b2842cd4c0cc334b4e36f67e\",\"name\":\"thomas.berner\",\"image\":{\"@type\":\"ImageObject\",\"inLanguage\":\"en-US\",\"@id\":\"https:\\\/\\\/secure.gravatar.com\\\/avatar\\\/ac5001d2a36cb6c6cd3e50789007ffca834b477b74a2144564522e944eabff61?s=96&d=mm&r=g\",\"url\":\"https:\\\/\\\/secure.gravatar.com\\\/avatar\\\/ac5001d2a36cb6c6cd3e50789007ffca834b477b74a2144564522e944eabff61?s=96&d=mm&r=g\",\"contentUrl\":\"https:\\\/\\\/secure.gravatar.com\\\/avatar\\\/ac5001d2a36cb6c6cd3e50789007ffca834b477b74a2144564522e944eabff61?s=96&d=mm&r=g\",\"caption\":\"thomas.berner\"},\"url\":\"https:\\\/\\\/www.organisator.ch\\\/en\\\/author\\\/thomas-berner\\\/\"}]}<\/script>\n<!-- \/ Yoast SEO plugin. -->","yoast_head_json":{"title":"Prix SVC Aargau Solothurn celebrates premiere in 2026 - Organizer","description":"With the Prix SVC Aargau Solothurn, a new, important economic region will receive its own award.","robots":{"index":"index","follow":"follow","max-snippet":"max-snippet:-1","max-image-preview":"max-image-preview:large","max-video-preview":"max-video-preview:-1"},"canonical":"https:\/\/www.organisator.ch\/en\/management\/2025-03-28\/prix-svc-aargau-solothurn-feiert-2026-premiere\/","og_locale":"en_US","og_type":"article","og_title":"Prix SVC Aargau Solothurn feiert 2026 Premiere","og_description":"Mit dem Prix SVC Aargau Solothurn wird eine neue, wichtige Wirtschaftsregion ihre eigene Preisverleihung erhalten.","og_url":"https:\/\/www.organisator.ch\/en\/management\/2025-03-28\/prix-svc-aargau-solothurn-feiert-2026-premiere\/","og_site_name":"Organisator","article_publisher":"https:\/\/www.facebook.com\/OrganisatorFachmagazin","article_published_time":"2025-03-28T06:58:13+00:00","og_image":[{"width":680,"height":455,"url":"https:\/\/www.organisator.ch\/wp-content\/uploads\/2025\/03\/Prix-SVC-Aargau-Solothurn-feiert-2026-Premiere_Organisator.png","type":"image\/png"}],"author":"thomas.berner","twitter_card":"summary_large_image","twitter_title":"Prix #SVC Aargau Solothurn feiert 2026 Premiere","twitter_description":"Mit dem Prix #SVC #AargauSolothurn wird eine neue, wichtige #Wirtschaftsregion ihre eigene #Preisverleihung erhalten.","twitter_image":"https:\/\/www.organisator.ch\/wp-content\/uploads\/2025\/03\/Prix-SVC-Aargau-Solothurn-feiert-2026-Premiere_Organisator.png","schema":{"@context":"https:\/\/schema.org","@graph":[{"@type":"Article","@id":"https:\/\/www.organisator.ch\/management\/2025-03-28\/prix-svc-aargau-solothurn-feiert-2026-premiere\/#article","isPartOf":{"@id":"https:\/\/www.organisator.ch\/management\/2025-03-28\/prix-svc-aargau-solothurn-feiert-2026-premiere\/"},"author":{"name":"thomas.berner","@id":"https:\/\/www.organisator.ch\/#\/schema\/person\/6f650f90b2842cd4c0cc334b4e36f67e"},"headline":"Prix SVC Aargau Solothurn feiert 2026 Premiere","datePublished":"2025-03-28T06:58:13+00:00","mainEntityOfPage":{"@id":"https:\/\/www.organisator.ch\/management\/2025-03-28\/prix-svc-aargau-solothurn-feiert-2026-premiere\/"},"wordCount":356,"publisher":{"@id":"https:\/\/www.organisator.ch\/#organization"},"image":{"@id":"https:\/\/www.organisator.ch\/management\/2025-03-28\/prix-svc-aargau-solothurn-feiert-2026-premiere\/#primaryimage"},"thumbnailUrl":"https:\/\/www.organisator.ch\/wp-content\/uploads\/2025\/03\/Prix-SVC-Aargau-Solothurn-feiert-2026-Premiere_Organisator.png","keywords":["Awards","Unternehmen","Verb\u00e4nde"],"articleSection":["MANAGEMENT"],"inLanguage":"en-US"},{"@type":"WebPage","@id":"https:\/\/www.organisator.ch\/management\/2025-03-28\/prix-svc-aargau-solothurn-feiert-2026-premiere\/","url":"https:\/\/www.organisator.ch\/management\/2025-03-28\/prix-svc-aargau-solothurn-feiert-2026-premiere\/","name":"Prix SVC Aargau Solothurn celebrates premiere in 2026 - Organizer","isPartOf":{"@id":"https:\/\/www.organisator.ch\/#website"},"primaryImageOfPage":{"@id":"https:\/\/www.organisator.ch\/management\/2025-03-28\/prix-svc-aargau-solothurn-feiert-2026-premiere\/#primaryimage"},"image":{"@id":"https:\/\/www.organisator.ch\/management\/2025-03-28\/prix-svc-aargau-solothurn-feiert-2026-premiere\/#primaryimage"},"thumbnailUrl":"https:\/\/www.organisator.ch\/wp-content\/uploads\/2025\/03\/Prix-SVC-Aargau-Solothurn-feiert-2026-Premiere_Organisator.png","datePublished":"2025-03-28T06:58:13+00:00","description":"With the Prix SVC Aargau Solothurn, a new, important economic region will receive its own award.","breadcrumb":{"@id":"https:\/\/www.organisator.ch\/management\/2025-03-28\/prix-svc-aargau-solothurn-feiert-2026-premiere\/#breadcrumb"},"inLanguage":"en-US","potentialAction":[{"@type":"ReadAction","target":["https:\/\/www.organisator.ch\/management\/2025-03-28\/prix-svc-aargau-solothurn-feiert-2026-premiere\/"]}]},{"@type":"ImageObject","inLanguage":"en-US","@id":"https:\/\/www.organisator.ch\/management\/2025-03-28\/prix-svc-aargau-solothurn-feiert-2026-premiere\/#primaryimage","url":"https:\/\/www.organisator.ch\/wp-content\/uploads\/2025\/03\/Prix-SVC-Aargau-Solothurn-feiert-2026-Premiere_Organisator.png","contentUrl":"https:\/\/www.organisator.ch\/wp-content\/uploads\/2025\/03\/Prix-SVC-Aargau-Solothurn-feiert-2026-Premiere_Organisator.png","width":680,"height":455,"caption":"Der Unternehmerpreis Prix SVC wird ab 2026 auch in der Region Aargau Solothurn verliehen. (Bild: SVC)"},{"@type":"BreadcrumbList","@id":"https:\/\/www.organisator.ch\/management\/2025-03-28\/prix-svc-aargau-solothurn-feiert-2026-premiere\/#breadcrumb","itemListElement":[{"@type":"ListItem","position":1,"name":"Home","item":"https:\/\/www.organisator.ch\/"},{"@type":"ListItem","position":2,"name":"Prix SVC Aargau Solothurn feiert 2026 Premiere"}]},{"@type":"WebSite","@id":"https:\/\/www.organisator.ch\/#website","url":"https:\/\/www.organisator.ch\/","name":"Organizer","description":"Competent. Practical. In 10 issues per year, ORGANISATOR presents the essential topics for managers of SMEs.","publisher":{"@id":"https:\/\/www.organisator.ch\/#organization"},"potentialAction":[{"@type":"SearchAction","target":{"@type":"EntryPoint","urlTemplate":"https:\/\/www.organisator.ch\/?s={search_term_string}"},"query-input":{"@type":"PropertyValueSpecification","valueRequired":true,"valueName":"search_term_string"}}],"inLanguage":"en-US"},{"@type":"Organization","@id":"https:\/\/www.organisator.ch\/#organization","name":"Organizer","url":"https:\/\/www.organisator.ch\/","logo":{"@type":"ImageObject","inLanguage":"en-US","@id":"https:\/\/www.organisator.ch\/#\/schema\/logo\/image\/","url":"https:\/\/www.organisator.ch\/wp-content\/uploads\/2022\/01\/Logo_Organisator_Website.png","contentUrl":"https:\/\/www.organisator.ch\/wp-content\/uploads\/2022\/01\/Logo_Organisator_Website.png","width":800,"height":77,"caption":"Organisator"},"image":{"@id":"https:\/\/www.organisator.ch\/#\/schema\/logo\/image\/"},"sameAs":["https:\/\/www.facebook.com\/OrganisatorFachmagazin","https:\/\/www.linkedin.com\/showcase\/organisator-das-magazin-fr-kmu","https:\/\/www.xing.com\/news\/pages\/organisator-ch-695","https:\/\/www.youtube.com\/channel\/UCGP2Sq0iWaZwT3BdIAQFYpw"]},{"@type":"Person","@id":"https:\/\/www.organisator.ch\/#\/schema\/person\/6f650f90b2842cd4c0cc334b4e36f67e","name":"thomas.berner","image":{"@type":"ImageObject","inLanguage":"en-US","@id":"https:\/\/secure.gravatar.com\/avatar\/ac5001d2a36cb6c6cd3e50789007ffca834b477b74a2144564522e944eabff61?s=96&d=mm&r=g","url":"https:\/\/secure.gravatar.com\/avatar\/ac5001d2a36cb6c6cd3e50789007ffca834b477b74a2144564522e944eabff61?s=96&d=mm&r=g","contentUrl":"https:\/\/secure.gravatar.com\/avatar\/ac5001d2a36cb6c6cd3e50789007ffca834b477b74a2144564522e944eabff61?s=96&d=mm&r=g","caption":"thomas.berner"},"url":"https:\/\/www.organisator.ch\/en\/author\/thomas-berner\/"}]}},"_links":{"self":[{"href":"https:\/\/www.organisator.ch\/en\/wp-json\/wp\/v2\/posts\/37275","targetHints":{"allow":["GET"]}}],"collection":[{"href":"https:\/\/www.organisator.ch\/en\/wp-json\/wp\/v2\/posts"}],"about":[{"href":"https:\/\/www.organisator.ch\/en\/wp-json\/wp\/v2\/types\/post"}],"author":[{"embeddable":true,"href":"https:\/\/www.organisator.ch\/en\/wp-json\/wp\/v2\/users\/4"}],"replies":[{"embeddable":true,"href":"https:\/\/www.organisator.ch\/en\/wp-json\/wp\/v2\/comments?post=37275"}],"version-history":[{"count":3,"href":"https:\/\/www.organisator.ch\/en\/wp-json\/wp\/v2\/posts\/37275\/revisions"}],"predecessor-version":[{"id":37298,"href":"https:\/\/www.organisator.ch\/en\/wp-json\/wp\/v2\/posts\/37275\/revisions\/37298"}],"wp:featuredmedia":[{"embeddable":true,"href":"https:\/\/www.organisator.ch\/en\/wp-json\/wp\/v2\/media\/37276"}],"wp:attachment":[{"href":"https:\/\/www.organisator.ch\/en\/wp-json\/wp\/v2\/media?parent=37275"}],"wp:term":[{"taxonomy":"category","embeddable":true,"href":"https:\/\/www.organisator.ch\/en\/wp-json\/wp\/v2\/categories?post=37275"},{"taxonomy":"post_tag","embeddable":true,"href":"https:\/\/www.organisator.ch\/en\/wp-json\/wp\/v2\/tags?post=37275"}],"curies":[{"name":"wp","href":"https:\/\/api.w.org\/{rel}","templated":true}]}}