{"id":37293,"date":"2025-03-28T12:54:26","date_gmt":"2025-03-28T11:54:26","guid":{"rendered":"https:\/\/www.markt-kom.com\/?p=232653"},"modified":"2025-03-31T07:53:51","modified_gmt":"2025-03-31T05:53:51","slug":"furrerhugi-eroeffnet-neues-buero-in-lausanne","status":"publish","type":"post","link":"https:\/\/www.organisator.ch\/en\/marketing\/2025-03-28\/furrerhugi-eroeffnet-neues-buero-in-lausanne\/","title":{"rendered":"Furrerhugi opens new office in Lausanne"},"content":{"rendered":"<figure id=\"attachment_232654\" class=\"wp-caption aligncenter\" style=\"width: 1200px;\" aria-describedby=\"caption-attachment-232654\"><a href=\"https:\/\/www.markt-kom.com\/wp-content\/uploads\/2025\/03\/Furrerhugi-Lausanne.jpg\"><img class=\"size-full wp-image-232654\" src=\"https:\/\/www.markt-kom.com\/wp-content\/uploads\/2025\/03\/Furrerhugi-Lausanne.jpg\" sizes=\"(max-width: 1200px) 100vw, 1200px\" srcset=\"https:\/\/www.markt-kom.com\/wp-content\/uploads\/2025\/03\/Furrerhugi-Lausanne.jpg 1200w, https:\/\/www.markt-kom.com\/wp-content\/uploads\/2025\/03\/Furrerhugi-Lausanne-600x450.jpg 600w, https:\/\/www.markt-kom.com\/wp-content\/uploads\/2025\/03\/Furrerhugi-Lausanne-1024x768.jpg 1024w, https:\/\/www.markt-kom.com\/wp-content\/uploads\/2025\/03\/Furrerhugi-Lausanne-768x576.jpg 768w, https:\/\/www.markt-kom.com\/wp-content\/uploads\/2025\/03\/Furrerhugi-Lausanne-16x12.jpg 16w, https:\/\/www.markt-kom.com\/wp-content\/uploads\/2025\/03\/Furrerhugi-Lausanne-233x175.jpg 233w, https:\/\/www.markt-kom.com\/wp-content\/uploads\/2025\/03\/Furrerhugi-Lausanne-467x350.jpg 467w, https:\/\/www.markt-kom.com\/wp-content\/uploads\/2025\/03\/Furrerhugi-Lausanne-1000x750.jpg 1000w\" alt=\"\" width=\"1200\" height=\"900\" \/><\/a>\r\n<figcaption id=\"caption-attachment-232654\" class=\"wp-caption-text\">(Image: zVg.)<\/figcaption>\r\n<\/figure>\r\n<p>French-speaking Switzerland is experiencing strong economic growth. As a strategically important region for the healthcare sector, finance and research, it is home to important national and international hubs. The new Furrerhugi site on Rue du Bourg is located in the immediate vicinity of the political institutions of the canton of Vaud. In this way, the agency aims to further expand its role as a bridge-builder between the linguistic regions and bring the perspectives of French-speaking Switzerland into the national discourse in a targeted manner.<\/p>\r\n<h3>Newsletter in French<\/h3>\r\n<p>The Furrerhugi newsletter is now also published in French with content from French-speaking Switzerland. Every month, \"Influence\" analyzes political, economic and social issues, provides in-depth background reports and stimulates public debate.<\/p>\r\n<p>\"We have been supporting companies from French-speaking Switzerland in their expansion into German-speaking Switzerland and Ticino for years. Now we are strengthening our presence in French-speaking Switzerland in order to better connect the economic players with each other - across language borders,\" explains Chrystel Domenjoz, Furrerhugi's partner for French-speaking Switzerland and former producer of the RTS program \"Forum\".<\/p>\r\n<p>\"As a national agency, we are convinced of the importance of local roots,\" adds CEO Andreas Hugi. \"Our employees are at home in all language regions. Our team in French-speaking Switzerland combines expert knowledge with a first-class network in the cantons of French-speaking Switzerland. This benefits both our customers in French-speaking Switzerland and those from other language regions who want to develop further in French-speaking Switzerland.\"<\/p>","protected":false},"excerpt":{"rendered":"<p>The Furrerhugi agency is strengthening its presence in French-speaking Switzerland with a new office in Lausanne. This underlines the agency's ambition to establish a long-term presence in the Lake Geneva region and build close relationships with local clients and partners.<\/p>","protected":false},"author":8,"featured_media":0,"comment_status":"closed","ping_status":"closed","sticky":false,"template":"","format":"standard","meta":{"_acf_changed":false,"_yoast_wpseo_focuskw":"Furrerhugi","_yoast_wpseo_metadesc":"Die Agentur Furrerhugi st\u00e4rkt ihre Pr\u00e4senz in der Westschweiz und er\u00f6ffnet zu diesem Zweck ein neues B\u00fcro in Lausanne.","articlekey":"","footnotes":""},"categories":[29],"tags":[2850,4345,3538,492],"class_list":["post-37293","post","type-post","status-publish","format-standard","hentry","category-marketing","tag-agenturen","tag-business","tag-furrerhugi","tag-unternehmen"],"acf":[],"yoast_head":"<!-- This site is optimized with the Yoast SEO plugin v27.4 - https:\/\/yoast.com\/product\/yoast-seo-wordpress\/ -->\n<title>Furrerhugi er\u00f6ffnet neues B\u00fcro in Lausanne - Organisator<\/title>\n<meta name=\"description\" content=\"Die Agentur Furrerhugi st\u00e4rkt ihre Pr\u00e4senz in der Westschweiz und er\u00f6ffnet zu diesem Zweck ein neues B\u00fcro in Lausanne.\" \/>\n<meta name=\"robots\" content=\"index, follow, max-snippet:-1, max-image-preview:large, max-video-preview:-1\" \/>\n<link rel=\"canonical\" href=\"https:\/\/www.organisator.ch\/en\/marketing\/2025-03-28\/furrerhugi-eroeffnet-neues-buero-in-lausanne\/\" \/>\n<meta property=\"og:locale\" content=\"en_US\" \/>\n<meta property=\"og:type\" content=\"article\" \/>\n<meta property=\"og:title\" content=\"Furrerhugi er\u00f6ffnet neues B\u00fcro in Lausanne - Organisator\" \/>\n<meta property=\"og:description\" content=\"Die Agentur Furrerhugi st\u00e4rkt ihre Pr\u00e4senz in der Westschweiz und er\u00f6ffnet zu diesem Zweck ein neues B\u00fcro in Lausanne.\" \/>\n<meta property=\"og:url\" content=\"https:\/\/www.organisator.ch\/en\/marketing\/2025-03-28\/furrerhugi-eroeffnet-neues-buero-in-lausanne\/\" \/>\n<meta property=\"og:site_name\" content=\"Organisator\" \/>\n<meta property=\"article:publisher\" content=\"https:\/\/www.facebook.com\/OrganisatorFachmagazin\" \/>\n<meta property=\"article:published_time\" content=\"2025-03-28T11:54:26+00:00\" \/>\n<meta property=\"article:modified_time\" content=\"2025-03-31T05:53:51+00:00\" \/>\n<meta name=\"author\" content=\"galledia\" \/>\n<meta name=\"twitter:card\" content=\"summary_large_image\" \/>\n<meta name=\"twitter:creator\" content=\"@admin\" \/>\n<script type=\"application\/ld+json\" class=\"yoast-schema-graph\">{\"@context\":\"https:\\\/\\\/schema.org\",\"@graph\":[{\"@type\":\"Article\",\"@id\":\"https:\\\/\\\/www.organisator.ch\\\/marketing\\\/2025-03-28\\\/furrerhugi-eroeffnet-neues-buero-in-lausanne\\\/#article\",\"isPartOf\":{\"@id\":\"https:\\\/\\\/www.organisator.ch\\\/marketing\\\/2025-03-28\\\/furrerhugi-eroeffnet-neues-buero-in-lausanne\\\/\"},\"author\":{\"name\":\"galledia\",\"@id\":\"https:\\\/\\\/www.organisator.ch\\\/#\\\/schema\\\/person\\\/4e51799071cd2dd1232ac003643ef5f0\"},\"headline\":\"Furrerhugi er\u00f6ffnet neues B\u00fcro in Lausanne\",\"datePublished\":\"2025-03-28T11:54:26+00:00\",\"dateModified\":\"2025-03-31T05:53:51+00:00\",\"mainEntityOfPage\":{\"@id\":\"https:\\\/\\\/www.organisator.ch\\\/marketing\\\/2025-03-28\\\/furrerhugi-eroeffnet-neues-buero-in-lausanne\\\/\"},\"wordCount\":222,\"publisher\":{\"@id\":\"https:\\\/\\\/www.organisator.ch\\\/#organization\"},\"image\":{\"@id\":\"https:\\\/\\\/www.organisator.ch\\\/marketing\\\/2025-03-28\\\/furrerhugi-eroeffnet-neues-buero-in-lausanne\\\/#primaryimage\"},\"thumbnailUrl\":\"https:\\\/\\\/www.markt-kom.com\\\/wp-content\\\/uploads\\\/2025\\\/03\\\/Furrerhugi-Lausanne.jpg\",\"keywords\":[\"Agenturen\",\"Business\",\"Furrerhugi\",\"Unternehmen\"],\"articleSection\":[\"MARKETING\"],\"inLanguage\":\"en-US\"},{\"@type\":\"WebPage\",\"@id\":\"https:\\\/\\\/www.organisator.ch\\\/marketing\\\/2025-03-28\\\/furrerhugi-eroeffnet-neues-buero-in-lausanne\\\/\",\"url\":\"https:\\\/\\\/www.organisator.ch\\\/marketing\\\/2025-03-28\\\/furrerhugi-eroeffnet-neues-buero-in-lausanne\\\/\",\"name\":\"Furrerhugi er\u00f6ffnet neues B\u00fcro in Lausanne - Organisator\",\"isPartOf\":{\"@id\":\"https:\\\/\\\/www.organisator.ch\\\/#website\"},\"primaryImageOfPage\":{\"@id\":\"https:\\\/\\\/www.organisator.ch\\\/marketing\\\/2025-03-28\\\/furrerhugi-eroeffnet-neues-buero-in-lausanne\\\/#primaryimage\"},\"image\":{\"@id\":\"https:\\\/\\\/www.organisator.ch\\\/marketing\\\/2025-03-28\\\/furrerhugi-eroeffnet-neues-buero-in-lausanne\\\/#primaryimage\"},\"thumbnailUrl\":\"https:\\\/\\\/www.markt-kom.com\\\/wp-content\\\/uploads\\\/2025\\\/03\\\/Furrerhugi-Lausanne.jpg\",\"datePublished\":\"2025-03-28T11:54:26+00:00\",\"dateModified\":\"2025-03-31T05:53:51+00:00\",\"description\":\"Die Agentur Furrerhugi st\u00e4rkt ihre Pr\u00e4senz in der Westschweiz und er\u00f6ffnet zu diesem Zweck ein neues B\u00fcro in Lausanne.\",\"breadcrumb\":{\"@id\":\"https:\\\/\\\/www.organisator.ch\\\/marketing\\\/2025-03-28\\\/furrerhugi-eroeffnet-neues-buero-in-lausanne\\\/#breadcrumb\"},\"inLanguage\":\"en-US\",\"potentialAction\":[{\"@type\":\"ReadAction\",\"target\":[\"https:\\\/\\\/www.organisator.ch\\\/marketing\\\/2025-03-28\\\/furrerhugi-eroeffnet-neues-buero-in-lausanne\\\/\"]}]},{\"@type\":\"ImageObject\",\"inLanguage\":\"en-US\",\"@id\":\"https:\\\/\\\/www.organisator.ch\\\/marketing\\\/2025-03-28\\\/furrerhugi-eroeffnet-neues-buero-in-lausanne\\\/#primaryimage\",\"url\":\"https:\\\/\\\/www.markt-kom.com\\\/wp-content\\\/uploads\\\/2025\\\/03\\\/Furrerhugi-Lausanne.jpg\",\"contentUrl\":\"https:\\\/\\\/www.markt-kom.com\\\/wp-content\\\/uploads\\\/2025\\\/03\\\/Furrerhugi-Lausanne.jpg\"},{\"@type\":\"BreadcrumbList\",\"@id\":\"https:\\\/\\\/www.organisator.ch\\\/marketing\\\/2025-03-28\\\/furrerhugi-eroeffnet-neues-buero-in-lausanne\\\/#breadcrumb\",\"itemListElement\":[{\"@type\":\"ListItem\",\"position\":1,\"name\":\"Home\",\"item\":\"https:\\\/\\\/www.organisator.ch\\\/\"},{\"@type\":\"ListItem\",\"position\":2,\"name\":\"Furrerhugi er\u00f6ffnet neues B\u00fcro in Lausanne\"}]},{\"@type\":\"WebSite\",\"@id\":\"https:\\\/\\\/www.organisator.ch\\\/#website\",\"url\":\"https:\\\/\\\/www.organisator.ch\\\/\",\"name\":\"Organisator\",\"description\":\"Kompetent. Praxisnah. Der ORGANISATOR bereitet in 10 Ausgaben pro Jahr die wesentlichen Themen f\u00fcr F\u00fchrungskr\u00e4fte von KMU auf.\",\"publisher\":{\"@id\":\"https:\\\/\\\/www.organisator.ch\\\/#organization\"},\"potentialAction\":[{\"@type\":\"SearchAction\",\"target\":{\"@type\":\"EntryPoint\",\"urlTemplate\":\"https:\\\/\\\/www.organisator.ch\\\/?s={search_term_string}\"},\"query-input\":{\"@type\":\"PropertyValueSpecification\",\"valueRequired\":true,\"valueName\":\"search_term_string\"}}],\"inLanguage\":\"en-US\"},{\"@type\":\"Organization\",\"@id\":\"https:\\\/\\\/www.organisator.ch\\\/#organization\",\"name\":\"Organisator\",\"url\":\"https:\\\/\\\/www.organisator.ch\\\/\",\"logo\":{\"@type\":\"ImageObject\",\"inLanguage\":\"en-US\",\"@id\":\"https:\\\/\\\/www.organisator.ch\\\/#\\\/schema\\\/logo\\\/image\\\/\",\"url\":\"https:\\\/\\\/www.organisator.ch\\\/wp-content\\\/uploads\\\/2022\\\/01\\\/Logo_Organisator_Website.png\",\"contentUrl\":\"https:\\\/\\\/www.organisator.ch\\\/wp-content\\\/uploads\\\/2022\\\/01\\\/Logo_Organisator_Website.png\",\"width\":800,\"height\":77,\"caption\":\"Organisator\"},\"image\":{\"@id\":\"https:\\\/\\\/www.organisator.ch\\\/#\\\/schema\\\/logo\\\/image\\\/\"},\"sameAs\":[\"https:\\\/\\\/www.facebook.com\\\/OrganisatorFachmagazin\",\"https:\\\/\\\/www.linkedin.com\\\/showcase\\\/organisator-das-magazin-fr-kmu\",\"https:\\\/\\\/www.xing.com\\\/news\\\/pages\\\/organisator-ch-695\",\"https:\\\/\\\/www.youtube.com\\\/channel\\\/UCGP2Sq0iWaZwT3BdIAQFYpw\"]},{\"@type\":\"Person\",\"@id\":\"https:\\\/\\\/www.organisator.ch\\\/#\\\/schema\\\/person\\\/4e51799071cd2dd1232ac003643ef5f0\",\"name\":\"galledia\",\"image\":{\"@type\":\"ImageObject\",\"inLanguage\":\"en-US\",\"@id\":\"https:\\\/\\\/secure.gravatar.com\\\/avatar\\\/78a7f90c01fc2bfc875782a0d4922b37cde2cf184ce347b91316d23cd7f69a36?s=96&d=mm&r=g\",\"url\":\"https:\\\/\\\/secure.gravatar.com\\\/avatar\\\/78a7f90c01fc2bfc875782a0d4922b37cde2cf184ce347b91316d23cd7f69a36?s=96&d=mm&r=g\",\"contentUrl\":\"https:\\\/\\\/secure.gravatar.com\\\/avatar\\\/78a7f90c01fc2bfc875782a0d4922b37cde2cf184ce347b91316d23cd7f69a36?s=96&d=mm&r=g\",\"caption\":\"galledia\"},\"sameAs\":[\"https:\\\/\\\/x.com\\\/admin\"],\"url\":\"https:\\\/\\\/www.organisator.ch\\\/en\\\/author\\\/galledia\\\/\"}]}<\/script>\n<!-- \/ Yoast SEO plugin. -->","yoast_head_json":{"title":"Furrerhugi opens new office in Lausanne - Organizer","description":"The Furrerhugi agency is strengthening its presence in French-speaking Switzerland by opening a new office in Lausanne.","robots":{"index":"index","follow":"follow","max-snippet":"max-snippet:-1","max-image-preview":"max-image-preview:large","max-video-preview":"max-video-preview:-1"},"canonical":"https:\/\/www.organisator.ch\/en\/marketing\/2025-03-28\/furrerhugi-eroeffnet-neues-buero-in-lausanne\/","og_locale":"en_US","og_type":"article","og_title":"Furrerhugi er\u00f6ffnet neues B\u00fcro in Lausanne - Organisator","og_description":"Die Agentur Furrerhugi st\u00e4rkt ihre Pr\u00e4senz in der Westschweiz und er\u00f6ffnet zu diesem Zweck ein neues B\u00fcro in Lausanne.","og_url":"https:\/\/www.organisator.ch\/en\/marketing\/2025-03-28\/furrerhugi-eroeffnet-neues-buero-in-lausanne\/","og_site_name":"Organisator","article_publisher":"https:\/\/www.facebook.com\/OrganisatorFachmagazin","article_published_time":"2025-03-28T11:54:26+00:00","article_modified_time":"2025-03-31T05:53:51+00:00","author":"galledia","twitter_card":"summary_large_image","twitter_creator":"@admin","schema":{"@context":"https:\/\/schema.org","@graph":[{"@type":"Article","@id":"https:\/\/www.organisator.ch\/marketing\/2025-03-28\/furrerhugi-eroeffnet-neues-buero-in-lausanne\/#article","isPartOf":{"@id":"https:\/\/www.organisator.ch\/marketing\/2025-03-28\/furrerhugi-eroeffnet-neues-buero-in-lausanne\/"},"author":{"name":"galledia","@id":"https:\/\/www.organisator.ch\/#\/schema\/person\/4e51799071cd2dd1232ac003643ef5f0"},"headline":"Furrerhugi er\u00f6ffnet neues B\u00fcro in Lausanne","datePublished":"2025-03-28T11:54:26+00:00","dateModified":"2025-03-31T05:53:51+00:00","mainEntityOfPage":{"@id":"https:\/\/www.organisator.ch\/marketing\/2025-03-28\/furrerhugi-eroeffnet-neues-buero-in-lausanne\/"},"wordCount":222,"publisher":{"@id":"https:\/\/www.organisator.ch\/#organization"},"image":{"@id":"https:\/\/www.organisator.ch\/marketing\/2025-03-28\/furrerhugi-eroeffnet-neues-buero-in-lausanne\/#primaryimage"},"thumbnailUrl":"https:\/\/www.markt-kom.com\/wp-content\/uploads\/2025\/03\/Furrerhugi-Lausanne.jpg","keywords":["Agenturen","Business","Furrerhugi","Unternehmen"],"articleSection":["MARKETING"],"inLanguage":"en-US"},{"@type":"WebPage","@id":"https:\/\/www.organisator.ch\/marketing\/2025-03-28\/furrerhugi-eroeffnet-neues-buero-in-lausanne\/","url":"https:\/\/www.organisator.ch\/marketing\/2025-03-28\/furrerhugi-eroeffnet-neues-buero-in-lausanne\/","name":"Furrerhugi opens new office in Lausanne - Organizer","isPartOf":{"@id":"https:\/\/www.organisator.ch\/#website"},"primaryImageOfPage":{"@id":"https:\/\/www.organisator.ch\/marketing\/2025-03-28\/furrerhugi-eroeffnet-neues-buero-in-lausanne\/#primaryimage"},"image":{"@id":"https:\/\/www.organisator.ch\/marketing\/2025-03-28\/furrerhugi-eroeffnet-neues-buero-in-lausanne\/#primaryimage"},"thumbnailUrl":"https:\/\/www.markt-kom.com\/wp-content\/uploads\/2025\/03\/Furrerhugi-Lausanne.jpg","datePublished":"2025-03-28T11:54:26+00:00","dateModified":"2025-03-31T05:53:51+00:00","description":"The Furrerhugi agency is strengthening its presence in French-speaking Switzerland by opening a new office in Lausanne.","breadcrumb":{"@id":"https:\/\/www.organisator.ch\/marketing\/2025-03-28\/furrerhugi-eroeffnet-neues-buero-in-lausanne\/#breadcrumb"},"inLanguage":"en-US","potentialAction":[{"@type":"ReadAction","target":["https:\/\/www.organisator.ch\/marketing\/2025-03-28\/furrerhugi-eroeffnet-neues-buero-in-lausanne\/"]}]},{"@type":"ImageObject","inLanguage":"en-US","@id":"https:\/\/www.organisator.ch\/marketing\/2025-03-28\/furrerhugi-eroeffnet-neues-buero-in-lausanne\/#primaryimage","url":"https:\/\/www.markt-kom.com\/wp-content\/uploads\/2025\/03\/Furrerhugi-Lausanne.jpg","contentUrl":"https:\/\/www.markt-kom.com\/wp-content\/uploads\/2025\/03\/Furrerhugi-Lausanne.jpg"},{"@type":"BreadcrumbList","@id":"https:\/\/www.organisator.ch\/marketing\/2025-03-28\/furrerhugi-eroeffnet-neues-buero-in-lausanne\/#breadcrumb","itemListElement":[{"@type":"ListItem","position":1,"name":"Home","item":"https:\/\/www.organisator.ch\/"},{"@type":"ListItem","position":2,"name":"Furrerhugi er\u00f6ffnet neues B\u00fcro in Lausanne"}]},{"@type":"WebSite","@id":"https:\/\/www.organisator.ch\/#website","url":"https:\/\/www.organisator.ch\/","name":"Organizer","description":"Competent. Practical. In 10 issues per year, ORGANISATOR presents the essential topics for managers of SMEs.","publisher":{"@id":"https:\/\/www.organisator.ch\/#organization"},"potentialAction":[{"@type":"SearchAction","target":{"@type":"EntryPoint","urlTemplate":"https:\/\/www.organisator.ch\/?s={search_term_string}"},"query-input":{"@type":"PropertyValueSpecification","valueRequired":true,"valueName":"search_term_string"}}],"inLanguage":"en-US"},{"@type":"Organization","@id":"https:\/\/www.organisator.ch\/#organization","name":"Organizer","url":"https:\/\/www.organisator.ch\/","logo":{"@type":"ImageObject","inLanguage":"en-US","@id":"https:\/\/www.organisator.ch\/#\/schema\/logo\/image\/","url":"https:\/\/www.organisator.ch\/wp-content\/uploads\/2022\/01\/Logo_Organisator_Website.png","contentUrl":"https:\/\/www.organisator.ch\/wp-content\/uploads\/2022\/01\/Logo_Organisator_Website.png","width":800,"height":77,"caption":"Organisator"},"image":{"@id":"https:\/\/www.organisator.ch\/#\/schema\/logo\/image\/"},"sameAs":["https:\/\/www.facebook.com\/OrganisatorFachmagazin","https:\/\/www.linkedin.com\/showcase\/organisator-das-magazin-fr-kmu","https:\/\/www.xing.com\/news\/pages\/organisator-ch-695","https:\/\/www.youtube.com\/channel\/UCGP2Sq0iWaZwT3BdIAQFYpw"]},{"@type":"Person","@id":"https:\/\/www.organisator.ch\/#\/schema\/person\/4e51799071cd2dd1232ac003643ef5f0","name":"galledia","image":{"@type":"ImageObject","inLanguage":"en-US","@id":"https:\/\/secure.gravatar.com\/avatar\/78a7f90c01fc2bfc875782a0d4922b37cde2cf184ce347b91316d23cd7f69a36?s=96&d=mm&r=g","url":"https:\/\/secure.gravatar.com\/avatar\/78a7f90c01fc2bfc875782a0d4922b37cde2cf184ce347b91316d23cd7f69a36?s=96&d=mm&r=g","contentUrl":"https:\/\/secure.gravatar.com\/avatar\/78a7f90c01fc2bfc875782a0d4922b37cde2cf184ce347b91316d23cd7f69a36?s=96&d=mm&r=g","caption":"galledia"},"sameAs":["https:\/\/x.com\/admin"],"url":"https:\/\/www.organisator.ch\/en\/author\/galledia\/"}]}},"_links":{"self":[{"href":"https:\/\/www.organisator.ch\/en\/wp-json\/wp\/v2\/posts\/37293","targetHints":{"allow":["GET"]}}],"collection":[{"href":"https:\/\/www.organisator.ch\/en\/wp-json\/wp\/v2\/posts"}],"about":[{"href":"https:\/\/www.organisator.ch\/en\/wp-json\/wp\/v2\/types\/post"}],"author":[{"embeddable":true,"href":"https:\/\/www.organisator.ch\/en\/wp-json\/wp\/v2\/users\/8"}],"replies":[{"embeddable":true,"href":"https:\/\/www.organisator.ch\/en\/wp-json\/wp\/v2\/comments?post=37293"}],"version-history":[{"count":3,"href":"https:\/\/www.organisator.ch\/en\/wp-json\/wp\/v2\/posts\/37293\/revisions"}],"predecessor-version":[{"id":37311,"href":"https:\/\/www.organisator.ch\/en\/wp-json\/wp\/v2\/posts\/37293\/revisions\/37311"}],"wp:attachment":[{"href":"https:\/\/www.organisator.ch\/en\/wp-json\/wp\/v2\/media?parent=37293"}],"wp:term":[{"taxonomy":"category","embeddable":true,"href":"https:\/\/www.organisator.ch\/en\/wp-json\/wp\/v2\/categories?post=37293"},{"taxonomy":"post_tag","embeddable":true,"href":"https:\/\/www.organisator.ch\/en\/wp-json\/wp\/v2\/tags?post=37293"}],"curies":[{"name":"wp","href":"https:\/\/api.w.org\/{rel}","templated":true}]}}