{"id":37349,"date":"2025-04-02T13:45:37","date_gmt":"2025-04-02T11:45:37","guid":{"rendered":"https:\/\/www.m-q.ch\/?p=21260"},"modified":"2025-04-02T13:20:58","modified_gmt":"2025-04-02T11:20:58","slug":"wo-visionaere-die-zukunft-gestalten","status":"publish","type":"post","link":"https:\/\/www.organisator.ch\/en\/management\/2025-04-02\/wo-visionaere-die-zukunft-gestalten\/","title":{"rendered":"Where visionaries shape the future"},"content":{"rendered":"<figure id=\"attachment_21261\" class=\"wp-caption alignnone\" style=\"width: 680px;\" aria-describedby=\"caption-attachment-21261\"><img class=\"size-full wp-image-21261\" src=\"https:\/\/www.m-q.ch\/wp-content\/uploads\/2025\/04\/Wo-Visionaere-die-Zukunft-gestalten_MQ.jpg\" sizes=\"(max-width: 680px) 100vw, 680px\" srcset=\"https:\/\/www.m-q.ch\/wp-content\/uploads\/2025\/04\/Wo-Visionaere-die-Zukunft-gestalten_MQ.jpg 680w, https:\/\/www.m-q.ch\/wp-content\/uploads\/2025\/04\/Wo-Visionaere-die-Zukunft-gestalten_MQ-18x8.jpg 18w, https:\/\/www.m-q.ch\/wp-content\/uploads\/2025\/04\/Wo-Visionaere-die-Zukunft-gestalten_MQ-375x164.jpg 375w\" alt=\"\" width=\"680\" height=\"297\" \/>\r\n<figcaption id=\"caption-attachment-21261\" class=\"wp-caption-text\">On May 7, 2025, the Swiss Excellence Forum will host the Future Leadership Forum with the presentation of the Swiss Ethics Award. (Image: zVg \/ Swiss Excellence Forum)<\/figcaption>\r\n<\/figure>\r\n<p>Ethical innovation is becoming increasingly important. Ethical innovation describes the ability of companies to integrate values and principles into their business models and at the same time further develop their competitiveness. It is not just about complying with legal requirements, but actively making a positive contribution to society. This is what Werner von Allmen, CEO of the Swiss Excellence Forum, writes in the introduction to the conference brochure. Ethical behavior can not only be understood as a moral duty, but also brings other tangible benefits, von Allmen continues. Companies that are aware of their responsibility and actively assume it also enjoy a higher level of trust and loyalty among customers, employees and investors, which leads to a competitive advantage in the long term.<\/p>\r\n<h3>Renowned speakers - and visionaries<\/h3>\r\n<p>This year's program of the Future Leadership Forum on 7 May 2025 is also to be understood in this sense. Thomas Schori, founder and CEO of Tide Ocean SA, will present his company's innovative 3-pillar ethics program. Philosopher and publicist Isolde Charim will speak via online link about the paradoxes of today's economy. Philipp von Michaelis, CEO Global Clearance Solutions AG, and his companies are committed to security and the restoration of habitats worldwide - including through the removal of landmines. In his presentation, he will introduce these activities and then talk about moral compasses and sustainable leadership in the subsequent panel discussion together with Mirjam Brach, Managing Director of Schweizer Paraplegiker Forschung AG and Prof. Dr. Michael Hengarter, President of the ETH Board.<\/p>\r\n<h3>Swiss Ethics Award 2025: The nominees<\/h3>\r\n<p>The Swiss Ethics Award will also be presented as part of the Future Leadership Forum. A jury has nominated five outstanding projects for the Swiss Ethics Award 2025 that stand out for their ethical responsibility and innovative strength:<\/p>\r\n<ul>\r\n\t<li>1001 Organic - The Honest Flavor. The company stands for first-class spices directly from Zanzibar and for ethical trade with local spice farmers.<\/li>\r\n\t<li>E. Schellenberg Textildruck AG: Innovative technologies for sustainable textile production<\/li>\r\n\t<li>Lonza Group AG: Responsible procurement<\/li>\r\n\t<li>Max Felchlin AG: Healthcare at the origin of cocoa<\/li>\r\n\t<li>mymyio GmbH: CircularOffice - Revolution through circular economy<\/li>\r\n<\/ul>\r\n<p>The Swiss Ethics Award recognizes ethical projects in business. All of these projects are examples of how companies assume responsibility in a special way and are committed to sustainable and value-oriented corporate management.<\/p>\r\n<p><em>Further information and registration for the event: <a href=\"https:\/\/www.swiss-excellence-forum.ch\/de\/events\/swiss-ethics-award-2025\">https:\/\/www.swiss-excellence-forum.ch\/de\/events\/swiss-ethics-award-2025<\/a><\/em><\/p>\n<p class=\"syndicated-attribution\">This article originally appeared on m-q.ch - <a href=\"https:\/\/www.m-q.ch\/de\/wo-visionaere-die-zukunft-gestalten\/\" target=\"_blank\">https:\/\/www.m-q.ch\/de\/wo-visionaere-die-zukunft-gestalten\/<\/a><\/p>","protected":false},"excerpt":{"rendered":"<p>On May 7, 2025, the Swiss Excellence Forum will hold the \"Future Leadership Forum\" at the KKL Lucerne, together with the presentation of the Swiss Ethics Award. With the motto \"Where visionaries shape the future\", the conference will focus on ethical innovation as a game changer.<\/p>","protected":false},"author":8,"featured_media":0,"comment_status":"closed","ping_status":"closed","sticky":false,"template":"","format":"standard","meta":{"_acf_changed":false,"_yoast_wpseo_focuskw":"Vision\u00e4re","_yoast_wpseo_metadesc":"Mit dem Motto \"Wo Vision\u00e4re die Zukunft gestalten\" stellt das Future Leadership Forum ethische Innovation als Game Changer in den Fokus.","articlekey":"","footnotes":""},"categories":[28],"tags":[66,103,1125,1129,274,320],"class_list":["post-37349","post","type-post","status-publish","format-standard","hentry","category-management","tag-awards","tag-business-excellence","tag-esg","tag-ethische-leistung","tag-innovation","tag-leadership"],"acf":[],"yoast_head":"<!-- This site is optimized with the Yoast SEO plugin v27.5 - https:\/\/yoast.com\/product\/yoast-seo-wordpress\/ -->\n<title>Wo Vision\u00e4re die Zukunft gestalten - Organisator<\/title>\n<meta name=\"description\" content=\"Mit dem Motto &quot;Wo Vision\u00e4re die Zukunft gestalten&quot; stellt das Future Leadership Forum ethische Innovation als Game Changer in den Fokus.\" \/>\n<meta name=\"robots\" content=\"index, follow, max-snippet:-1, max-image-preview:large, max-video-preview:-1\" \/>\n<link rel=\"canonical\" href=\"https:\/\/www.organisator.ch\/en\/management\/2025-04-02\/wo-visionaere-die-zukunft-gestalten\/\" \/>\n<meta property=\"og:locale\" content=\"en_US\" \/>\n<meta property=\"og:type\" content=\"article\" \/>\n<meta property=\"og:title\" content=\"Wo Vision\u00e4re die Zukunft gestalten - Organisator\" \/>\n<meta property=\"og:description\" content=\"Mit dem Motto &quot;Wo Vision\u00e4re die Zukunft gestalten&quot; stellt das Future Leadership Forum ethische Innovation als Game Changer in den Fokus.\" \/>\n<meta property=\"og:url\" content=\"https:\/\/www.organisator.ch\/en\/management\/2025-04-02\/wo-visionaere-die-zukunft-gestalten\/\" \/>\n<meta property=\"og:site_name\" content=\"Organisator\" \/>\n<meta property=\"article:publisher\" content=\"https:\/\/www.facebook.com\/OrganisatorFachmagazin\" \/>\n<meta property=\"article:published_time\" content=\"2025-04-02T11:45:37+00:00\" \/>\n<meta property=\"og:image\" content=\"https:\/\/www.organisator.ch\/wp-content\/uploads\/2023\/08\/Marketing_Auftakt_Bild2_organisator_54585.jpg\" \/>\n\t<meta property=\"og:image:width\" content=\"377\" \/>\n\t<meta property=\"og:image:height\" content=\"468\" \/>\n\t<meta property=\"og:image:type\" content=\"image\/jpeg\" \/>\n<meta name=\"author\" content=\"galledia\" \/>\n<meta name=\"twitter:card\" content=\"summary_large_image\" \/>\n<meta name=\"twitter:creator\" content=\"@admin\" \/>\n<script type=\"application\/ld+json\" class=\"yoast-schema-graph\">{\"@context\":\"https:\\\/\\\/schema.org\",\"@graph\":[{\"@type\":\"Article\",\"@id\":\"https:\\\/\\\/www.organisator.ch\\\/management\\\/2025-04-02\\\/wo-visionaere-die-zukunft-gestalten\\\/#article\",\"isPartOf\":{\"@id\":\"https:\\\/\\\/www.organisator.ch\\\/management\\\/2025-04-02\\\/wo-visionaere-die-zukunft-gestalten\\\/\"},\"author\":{\"name\":\"galledia\",\"@id\":\"https:\\\/\\\/www.organisator.ch\\\/#\\\/schema\\\/person\\\/4e51799071cd2dd1232ac003643ef5f0\"},\"headline\":\"Wo Vision\u00e4re die Zukunft gestalten\",\"datePublished\":\"2025-04-02T11:45:37+00:00\",\"mainEntityOfPage\":{\"@id\":\"https:\\\/\\\/www.organisator.ch\\\/management\\\/2025-04-02\\\/wo-visionaere-die-zukunft-gestalten\\\/\"},\"wordCount\":423,\"publisher\":{\"@id\":\"https:\\\/\\\/www.organisator.ch\\\/#organization\"},\"image\":{\"@id\":\"https:\\\/\\\/www.organisator.ch\\\/management\\\/2025-04-02\\\/wo-visionaere-die-zukunft-gestalten\\\/#primaryimage\"},\"thumbnailUrl\":\"https:\\\/\\\/www.m-q.ch\\\/wp-content\\\/uploads\\\/2025\\\/04\\\/Wo-Visionaere-die-Zukunft-gestalten_MQ.jpg\",\"keywords\":[\"Awards\",\"Business Excellence\",\"ESG\",\"ethische Leistung\",\"Innovation\",\"Leadership\"],\"articleSection\":[\"MANAGEMENT\"],\"inLanguage\":\"en-US\"},{\"@type\":\"WebPage\",\"@id\":\"https:\\\/\\\/www.organisator.ch\\\/management\\\/2025-04-02\\\/wo-visionaere-die-zukunft-gestalten\\\/\",\"url\":\"https:\\\/\\\/www.organisator.ch\\\/management\\\/2025-04-02\\\/wo-visionaere-die-zukunft-gestalten\\\/\",\"name\":\"Wo Vision\u00e4re die Zukunft gestalten - Organisator\",\"isPartOf\":{\"@id\":\"https:\\\/\\\/www.organisator.ch\\\/#website\"},\"primaryImageOfPage\":{\"@id\":\"https:\\\/\\\/www.organisator.ch\\\/management\\\/2025-04-02\\\/wo-visionaere-die-zukunft-gestalten\\\/#primaryimage\"},\"image\":{\"@id\":\"https:\\\/\\\/www.organisator.ch\\\/management\\\/2025-04-02\\\/wo-visionaere-die-zukunft-gestalten\\\/#primaryimage\"},\"thumbnailUrl\":\"https:\\\/\\\/www.m-q.ch\\\/wp-content\\\/uploads\\\/2025\\\/04\\\/Wo-Visionaere-die-Zukunft-gestalten_MQ.jpg\",\"datePublished\":\"2025-04-02T11:45:37+00:00\",\"description\":\"Mit dem Motto \\\"Wo Vision\u00e4re die Zukunft gestalten\\\" stellt das Future Leadership Forum ethische Innovation als Game Changer in den Fokus.\",\"breadcrumb\":{\"@id\":\"https:\\\/\\\/www.organisator.ch\\\/management\\\/2025-04-02\\\/wo-visionaere-die-zukunft-gestalten\\\/#breadcrumb\"},\"inLanguage\":\"en-US\",\"potentialAction\":[{\"@type\":\"ReadAction\",\"target\":[\"https:\\\/\\\/www.organisator.ch\\\/management\\\/2025-04-02\\\/wo-visionaere-die-zukunft-gestalten\\\/\"]}]},{\"@type\":\"ImageObject\",\"inLanguage\":\"en-US\",\"@id\":\"https:\\\/\\\/www.organisator.ch\\\/management\\\/2025-04-02\\\/wo-visionaere-die-zukunft-gestalten\\\/#primaryimage\",\"url\":\"https:\\\/\\\/www.m-q.ch\\\/wp-content\\\/uploads\\\/2025\\\/04\\\/Wo-Visionaere-die-Zukunft-gestalten_MQ.jpg\",\"contentUrl\":\"https:\\\/\\\/www.m-q.ch\\\/wp-content\\\/uploads\\\/2025\\\/04\\\/Wo-Visionaere-die-Zukunft-gestalten_MQ.jpg\"},{\"@type\":\"BreadcrumbList\",\"@id\":\"https:\\\/\\\/www.organisator.ch\\\/management\\\/2025-04-02\\\/wo-visionaere-die-zukunft-gestalten\\\/#breadcrumb\",\"itemListElement\":[{\"@type\":\"ListItem\",\"position\":1,\"name\":\"Home\",\"item\":\"https:\\\/\\\/www.organisator.ch\\\/\"},{\"@type\":\"ListItem\",\"position\":2,\"name\":\"Wo Vision\u00e4re die Zukunft gestalten\"}]},{\"@type\":\"WebSite\",\"@id\":\"https:\\\/\\\/www.organisator.ch\\\/#website\",\"url\":\"https:\\\/\\\/www.organisator.ch\\\/\",\"name\":\"Organisator\",\"description\":\"Kompetent. Praxisnah. Der ORGANISATOR bereitet in 10 Ausgaben pro Jahr die wesentlichen Themen f\u00fcr F\u00fchrungskr\u00e4fte von KMU auf.\",\"publisher\":{\"@id\":\"https:\\\/\\\/www.organisator.ch\\\/#organization\"},\"potentialAction\":[{\"@type\":\"SearchAction\",\"target\":{\"@type\":\"EntryPoint\",\"urlTemplate\":\"https:\\\/\\\/www.organisator.ch\\\/?s={search_term_string}\"},\"query-input\":{\"@type\":\"PropertyValueSpecification\",\"valueRequired\":true,\"valueName\":\"search_term_string\"}}],\"inLanguage\":\"en-US\"},{\"@type\":\"Organization\",\"@id\":\"https:\\\/\\\/www.organisator.ch\\\/#organization\",\"name\":\"Organisator\",\"url\":\"https:\\\/\\\/www.organisator.ch\\\/\",\"logo\":{\"@type\":\"ImageObject\",\"inLanguage\":\"en-US\",\"@id\":\"https:\\\/\\\/www.organisator.ch\\\/#\\\/schema\\\/logo\\\/image\\\/\",\"url\":\"https:\\\/\\\/www.organisator.ch\\\/wp-content\\\/uploads\\\/2022\\\/01\\\/Logo_Organisator_Website.png\",\"contentUrl\":\"https:\\\/\\\/www.organisator.ch\\\/wp-content\\\/uploads\\\/2022\\\/01\\\/Logo_Organisator_Website.png\",\"width\":800,\"height\":77,\"caption\":\"Organisator\"},\"image\":{\"@id\":\"https:\\\/\\\/www.organisator.ch\\\/#\\\/schema\\\/logo\\\/image\\\/\"},\"sameAs\":[\"https:\\\/\\\/www.facebook.com\\\/OrganisatorFachmagazin\",\"https:\\\/\\\/www.linkedin.com\\\/showcase\\\/organisator-das-magazin-fr-kmu\",\"https:\\\/\\\/www.xing.com\\\/news\\\/pages\\\/organisator-ch-695\",\"https:\\\/\\\/www.youtube.com\\\/channel\\\/UCGP2Sq0iWaZwT3BdIAQFYpw\"]},{\"@type\":\"Person\",\"@id\":\"https:\\\/\\\/www.organisator.ch\\\/#\\\/schema\\\/person\\\/4e51799071cd2dd1232ac003643ef5f0\",\"name\":\"galledia\",\"image\":{\"@type\":\"ImageObject\",\"inLanguage\":\"en-US\",\"@id\":\"https:\\\/\\\/secure.gravatar.com\\\/avatar\\\/78a7f90c01fc2bfc875782a0d4922b37cde2cf184ce347b91316d23cd7f69a36?s=96&d=mm&r=g\",\"url\":\"https:\\\/\\\/secure.gravatar.com\\\/avatar\\\/78a7f90c01fc2bfc875782a0d4922b37cde2cf184ce347b91316d23cd7f69a36?s=96&d=mm&r=g\",\"contentUrl\":\"https:\\\/\\\/secure.gravatar.com\\\/avatar\\\/78a7f90c01fc2bfc875782a0d4922b37cde2cf184ce347b91316d23cd7f69a36?s=96&d=mm&r=g\",\"caption\":\"galledia\"},\"sameAs\":[\"https:\\\/\\\/x.com\\\/admin\"],\"url\":\"https:\\\/\\\/www.organisator.ch\\\/en\\\/author\\\/galledia\\\/\"}]}<\/script>\n<!-- \/ Yoast SEO plugin. -->","yoast_head_json":{"title":"Where visionaries shape the future - Organizer","description":"With the motto \"Where visionaries shape the future\", the Future Leadership Forum focuses on ethical innovation as a game changer.","robots":{"index":"index","follow":"follow","max-snippet":"max-snippet:-1","max-image-preview":"max-image-preview:large","max-video-preview":"max-video-preview:-1"},"canonical":"https:\/\/www.organisator.ch\/en\/management\/2025-04-02\/wo-visionaere-die-zukunft-gestalten\/","og_locale":"en_US","og_type":"article","og_title":"Wo Vision\u00e4re die Zukunft gestalten - Organisator","og_description":"Mit dem Motto \"Wo Vision\u00e4re die Zukunft gestalten\" stellt das Future Leadership Forum ethische Innovation als Game Changer in den Fokus.","og_url":"https:\/\/www.organisator.ch\/en\/management\/2025-04-02\/wo-visionaere-die-zukunft-gestalten\/","og_site_name":"Organisator","article_publisher":"https:\/\/www.facebook.com\/OrganisatorFachmagazin","article_published_time":"2025-04-02T11:45:37+00:00","og_image":[{"width":377,"height":468,"url":"https:\/\/www.organisator.ch\/wp-content\/uploads\/2023\/08\/Marketing_Auftakt_Bild2_organisator_54585.jpg","type":"image\/jpeg"}],"author":"galledia","twitter_card":"summary_large_image","twitter_creator":"@admin","schema":{"@context":"https:\/\/schema.org","@graph":[{"@type":"Article","@id":"https:\/\/www.organisator.ch\/management\/2025-04-02\/wo-visionaere-die-zukunft-gestalten\/#article","isPartOf":{"@id":"https:\/\/www.organisator.ch\/management\/2025-04-02\/wo-visionaere-die-zukunft-gestalten\/"},"author":{"name":"galledia","@id":"https:\/\/www.organisator.ch\/#\/schema\/person\/4e51799071cd2dd1232ac003643ef5f0"},"headline":"Wo Vision\u00e4re die Zukunft gestalten","datePublished":"2025-04-02T11:45:37+00:00","mainEntityOfPage":{"@id":"https:\/\/www.organisator.ch\/management\/2025-04-02\/wo-visionaere-die-zukunft-gestalten\/"},"wordCount":423,"publisher":{"@id":"https:\/\/www.organisator.ch\/#organization"},"image":{"@id":"https:\/\/www.organisator.ch\/management\/2025-04-02\/wo-visionaere-die-zukunft-gestalten\/#primaryimage"},"thumbnailUrl":"https:\/\/www.m-q.ch\/wp-content\/uploads\/2025\/04\/Wo-Visionaere-die-Zukunft-gestalten_MQ.jpg","keywords":["Awards","Business Excellence","ESG","ethische Leistung","Innovation","Leadership"],"articleSection":["MANAGEMENT"],"inLanguage":"en-US"},{"@type":"WebPage","@id":"https:\/\/www.organisator.ch\/management\/2025-04-02\/wo-visionaere-die-zukunft-gestalten\/","url":"https:\/\/www.organisator.ch\/management\/2025-04-02\/wo-visionaere-die-zukunft-gestalten\/","name":"Where visionaries shape the future - Organizer","isPartOf":{"@id":"https:\/\/www.organisator.ch\/#website"},"primaryImageOfPage":{"@id":"https:\/\/www.organisator.ch\/management\/2025-04-02\/wo-visionaere-die-zukunft-gestalten\/#primaryimage"},"image":{"@id":"https:\/\/www.organisator.ch\/management\/2025-04-02\/wo-visionaere-die-zukunft-gestalten\/#primaryimage"},"thumbnailUrl":"https:\/\/www.m-q.ch\/wp-content\/uploads\/2025\/04\/Wo-Visionaere-die-Zukunft-gestalten_MQ.jpg","datePublished":"2025-04-02T11:45:37+00:00","description":"With the motto \"Where visionaries shape the future\", the Future Leadership Forum focuses on ethical innovation as a game changer.","breadcrumb":{"@id":"https:\/\/www.organisator.ch\/management\/2025-04-02\/wo-visionaere-die-zukunft-gestalten\/#breadcrumb"},"inLanguage":"en-US","potentialAction":[{"@type":"ReadAction","target":["https:\/\/www.organisator.ch\/management\/2025-04-02\/wo-visionaere-die-zukunft-gestalten\/"]}]},{"@type":"ImageObject","inLanguage":"en-US","@id":"https:\/\/www.organisator.ch\/management\/2025-04-02\/wo-visionaere-die-zukunft-gestalten\/#primaryimage","url":"https:\/\/www.m-q.ch\/wp-content\/uploads\/2025\/04\/Wo-Visionaere-die-Zukunft-gestalten_MQ.jpg","contentUrl":"https:\/\/www.m-q.ch\/wp-content\/uploads\/2025\/04\/Wo-Visionaere-die-Zukunft-gestalten_MQ.jpg"},{"@type":"BreadcrumbList","@id":"https:\/\/www.organisator.ch\/management\/2025-04-02\/wo-visionaere-die-zukunft-gestalten\/#breadcrumb","itemListElement":[{"@type":"ListItem","position":1,"name":"Home","item":"https:\/\/www.organisator.ch\/"},{"@type":"ListItem","position":2,"name":"Wo Vision\u00e4re die Zukunft gestalten"}]},{"@type":"WebSite","@id":"https:\/\/www.organisator.ch\/#website","url":"https:\/\/www.organisator.ch\/","name":"Organizer","description":"Competent. Practical. In 10 issues per year, ORGANISATOR presents the essential topics for managers of SMEs.","publisher":{"@id":"https:\/\/www.organisator.ch\/#organization"},"potentialAction":[{"@type":"SearchAction","target":{"@type":"EntryPoint","urlTemplate":"https:\/\/www.organisator.ch\/?s={search_term_string}"},"query-input":{"@type":"PropertyValueSpecification","valueRequired":true,"valueName":"search_term_string"}}],"inLanguage":"en-US"},{"@type":"Organization","@id":"https:\/\/www.organisator.ch\/#organization","name":"Organizer","url":"https:\/\/www.organisator.ch\/","logo":{"@type":"ImageObject","inLanguage":"en-US","@id":"https:\/\/www.organisator.ch\/#\/schema\/logo\/image\/","url":"https:\/\/www.organisator.ch\/wp-content\/uploads\/2022\/01\/Logo_Organisator_Website.png","contentUrl":"https:\/\/www.organisator.ch\/wp-content\/uploads\/2022\/01\/Logo_Organisator_Website.png","width":800,"height":77,"caption":"Organisator"},"image":{"@id":"https:\/\/www.organisator.ch\/#\/schema\/logo\/image\/"},"sameAs":["https:\/\/www.facebook.com\/OrganisatorFachmagazin","https:\/\/www.linkedin.com\/showcase\/organisator-das-magazin-fr-kmu","https:\/\/www.xing.com\/news\/pages\/organisator-ch-695","https:\/\/www.youtube.com\/channel\/UCGP2Sq0iWaZwT3BdIAQFYpw"]},{"@type":"Person","@id":"https:\/\/www.organisator.ch\/#\/schema\/person\/4e51799071cd2dd1232ac003643ef5f0","name":"galledia","image":{"@type":"ImageObject","inLanguage":"en-US","@id":"https:\/\/secure.gravatar.com\/avatar\/78a7f90c01fc2bfc875782a0d4922b37cde2cf184ce347b91316d23cd7f69a36?s=96&d=mm&r=g","url":"https:\/\/secure.gravatar.com\/avatar\/78a7f90c01fc2bfc875782a0d4922b37cde2cf184ce347b91316d23cd7f69a36?s=96&d=mm&r=g","contentUrl":"https:\/\/secure.gravatar.com\/avatar\/78a7f90c01fc2bfc875782a0d4922b37cde2cf184ce347b91316d23cd7f69a36?s=96&d=mm&r=g","caption":"galledia"},"sameAs":["https:\/\/x.com\/admin"],"url":"https:\/\/www.organisator.ch\/en\/author\/galledia\/"}]}},"_links":{"self":[{"href":"https:\/\/www.organisator.ch\/en\/wp-json\/wp\/v2\/posts\/37349","targetHints":{"allow":["GET"]}}],"collection":[{"href":"https:\/\/www.organisator.ch\/en\/wp-json\/wp\/v2\/posts"}],"about":[{"href":"https:\/\/www.organisator.ch\/en\/wp-json\/wp\/v2\/types\/post"}],"author":[{"embeddable":true,"href":"https:\/\/www.organisator.ch\/en\/wp-json\/wp\/v2\/users\/8"}],"replies":[{"embeddable":true,"href":"https:\/\/www.organisator.ch\/en\/wp-json\/wp\/v2\/comments?post=37349"}],"version-history":[{"count":6,"href":"https:\/\/www.organisator.ch\/en\/wp-json\/wp\/v2\/posts\/37349\/revisions"}],"predecessor-version":[{"id":37390,"href":"https:\/\/www.organisator.ch\/en\/wp-json\/wp\/v2\/posts\/37349\/revisions\/37390"}],"wp:attachment":[{"href":"https:\/\/www.organisator.ch\/en\/wp-json\/wp\/v2\/media?parent=37349"}],"wp:term":[{"taxonomy":"category","embeddable":true,"href":"https:\/\/www.organisator.ch\/en\/wp-json\/wp\/v2\/categories?post=37349"},{"taxonomy":"post_tag","embeddable":true,"href":"https:\/\/www.organisator.ch\/en\/wp-json\/wp\/v2\/tags?post=37349"}],"curies":[{"name":"wp","href":"https:\/\/api.w.org\/{rel}","templated":true}]}}