{"id":3742,"date":"2018-06-05T13:41:48","date_gmt":"2018-06-05T11:41:48","guid":{"rendered":"https:\/\/www.organisator.ch\/?p=3742"},"modified":"2018-06-05T13:41:48","modified_gmt":"2018-06-05T11:41:48","slug":"der-8-stunden-tag-war-gestern-flexibles-arbeiten-setzt-sich-immer-mehr-durch","status":"publish","type":"post","link":"https:\/\/www.organisator.ch\/en\/human-resources\/hrm\/2018-06-05\/der-8-stunden-tag-war-gestern-flexibles-arbeiten-setzt-sich-immer-mehr-durch\/","title":{"rendered":"The 8-hour day was yesterday - flexible working is becoming more and more prevalent"},"content":{"rendered":"<figure id=\"attachment_3743\" aria-describedby=\"caption-attachment-3743\" style=\"width: 640px\" class=\"wp-caption alignnone\"><img loading=\"lazy\" decoding=\"async\" class=\"size-full wp-image-3743\" src=\"https:\/\/www.organisator.ch\/wp-content\/uploads\/2018\/06\/Der-8-Stunden-Tag-war-gestern-flexibles-Arbeiten-setzt-sich-immer-mehr-durch-1_Organisator.jpg\" alt=\"\" width=\"640\" height=\"403\" srcset=\"https:\/\/www.organisator.ch\/wp-content\/uploads\/2018\/06\/Der-8-Stunden-Tag-war-gestern-flexibles-Arbeiten-setzt-sich-immer-mehr-durch-1_Organisator.jpg 640w, https:\/\/www.organisator.ch\/wp-content\/uploads\/2018\/06\/Der-8-Stunden-Tag-war-gestern-flexibles-Arbeiten-setzt-sich-immer-mehr-durch-1_Organisator-16x10.jpg 16w, https:\/\/www.organisator.ch\/wp-content\/uploads\/2018\/06\/Der-8-Stunden-Tag-war-gestern-flexibles-Arbeiten-setzt-sich-immer-mehr-durch-1_Organisator-278x175.jpg 278w, https:\/\/www.organisator.ch\/wp-content\/uploads\/2018\/06\/Der-8-Stunden-Tag-war-gestern-flexibles-Arbeiten-setzt-sich-immer-mehr-durch-1_Organisator-556x350.jpg 556w, https:\/\/www.organisator.ch\/wp-content\/uploads\/2018\/06\/Der-8-Stunden-Tag-war-gestern-flexibles-Arbeiten-setzt-sich-immer-mehr-durch-1_Organisator-300x189.jpg 300w\" sizes=\"auto, (max-width: 640px) 100vw, 640px\" \/><figcaption id=\"caption-attachment-3743\" class=\"wp-caption-text\">A global study shows that the traditional 8-hour day may soon be a thing of the past. (Graphic: IWG)<\/figcaption><\/figure>\n<p align=\"LEFT\">An end to the traditional 8-hour day? You have to ask yourself that after reading a recently published global study. People are working less and less in the office and more and more from somewhere else. According to IWG, the parent company of leading workspace providers such as Regus and Spaces, the emergence of this \"mobile workforce\" has been triggered by technological change, globalization and changing employee expectations. IWG published the aforementioned study on the subject, based on insights from more than 18,000 business professionals in 96 countries. According to this study, 70 % of employees work at least one day per week away from the office. More than one in two (53 %) work remotely at least half the week, and more than one in ten (11 %) work outside their company's main office five times a week.<\/p>\n<h2 align=\"LEFT\">Has the 8-hour day had its day?<\/h2>\n<p align=\"LEFT\">The survey also highlights how companies view the benefits of flexible working strategies on a global scale:<\/p>\n<ul>\n<li>Business growth (89% - 2016: 67%)<\/li>\n<li>Competitiveness (87% - 2014: only 59%)<\/li>\n<li>Productivity (82% - 2013: 75%)<\/li>\n<li>Attracting and retaining top talent (80% - 2016: 64%).<\/li>\n<li>Increase profitability (83%)<\/li>\n<\/ul>\n<figure id=\"attachment_3747\" aria-describedby=\"caption-attachment-3747\" style=\"width: 397px\" class=\"wp-caption alignnone\"><img loading=\"lazy\" decoding=\"async\" class=\"size-full wp-image-3747\" src=\"https:\/\/www.organisator.ch\/wp-content\/uploads\/2018\/06\/Der-8-Stunden-Tag-war-gestern-flexibles-Arbeiten-setzt-sich-immer-mehr-durch-3_Organisator.jpg\" alt=\"\" width=\"397\" height=\"800\" srcset=\"https:\/\/www.organisator.ch\/wp-content\/uploads\/2018\/06\/Der-8-Stunden-Tag-war-gestern-flexibles-Arbeiten-setzt-sich-immer-mehr-durch-3_Organisator.jpg 397w, https:\/\/www.organisator.ch\/wp-content\/uploads\/2018\/06\/Der-8-Stunden-Tag-war-gestern-flexibles-Arbeiten-setzt-sich-immer-mehr-durch-3_Organisator-6x12.jpg 6w, https:\/\/www.organisator.ch\/wp-content\/uploads\/2018\/06\/Der-8-Stunden-Tag-war-gestern-flexibles-Arbeiten-setzt-sich-immer-mehr-durch-3_Organisator-87x175.jpg 87w, https:\/\/www.organisator.ch\/wp-content\/uploads\/2018\/06\/Der-8-Stunden-Tag-war-gestern-flexibles-Arbeiten-setzt-sich-immer-mehr-durch-3_Organisator-174x350.jpg 174w, https:\/\/www.organisator.ch\/wp-content\/uploads\/2018\/06\/Der-8-Stunden-Tag-war-gestern-flexibles-Arbeiten-setzt-sich-immer-mehr-durch-3_Organisator-300x605.jpg 300w\" sizes=\"auto, (max-width: 397px) 100vw, 397px\" \/><figcaption id=\"caption-attachment-3747\" class=\"wp-caption-text\">This is how the Swiss view the topic of \"flexible working\". (Graphic: IWG)<\/figcaption><\/figure>\n<p align=\"LEFT\">For generations, office work around the world has been based on a fixed location and an 8-hour day. But more and more companies are now adopting a very different work model that benefits both them and their employees.<\/p>\n<h2 align=\"LEFT\">Happier and more productive workers<\/h2>\n<p align=\"LEFT\">More than half of the Swiss (56%) agreed that flexible working increases job satisfaction, showing that companies need to provide work environments that suit today's worker if they want to retain top-notch employees. The study also showed that it's no longer just startup companies that are embracing flexible working and shared workspaces. The world's most successful companies - including the likes of Etihad Airways, Diesel, GSK, Mastercard, Microsoft, Oracle and Uber - are already using flexible workplaces.<\/p>\n<h2 align=\"LEFT\">Cost efficiency as the most important reason for using flexible workplaces<\/h2>\n<p align=\"LEFT\">The shift to flexible workplaces reflects the changing demands and expectations of the workforce. At 84%, the majority of the Swiss find that fast and reliable Wi-Fi is the main feature of a productive work environment. Similarly, 69% of Swiss respondents appreciate that you only pay for the space you effectively use. Savings can also be made on real estate (49%) and office staff (59%). The advantages are obvious: an overwhelming 93% Swiss said that flexible workplaces lead to greater productivity.<\/p>\n<p align=\"LEFT\"><em>Source: <a href=\"http:\/\/www.iwgplc.com\">IWG<\/a><\/em><\/p>","protected":false},"excerpt":{"rendered":"<p>Schluss mit dem traditionellen 8-Stunden-Tag?\u00a0Das muss man sich nach der Lekt\u00fcre einer j\u00fcngst ver\u00f6ffentlichten globalen Studie fragen. Es wird immer weniger im B\u00fcro gearbeitet, sondern immer \u00f6fter von woanders aus. Die Entstehung dieser &#8222;mobilen Workforce&#8220; wurde laut IWG, dem Mutterkonzern f\u00fchrender Workspace Provider wie Regus und Spaces, durch den technologischen Wandel, die Globalisierung und ver\u00e4nderte [&hellip;]<\/p>\n","protected":false},"author":4,"featured_media":3743,"comment_status":"open","ping_status":"open","sticky":false,"template":"","format":"standard","meta":{"_acf_changed":false,"_yoast_wpseo_focuskw":"8-Stunden-Tag","_yoast_wpseo_metadesc":"Laut einer neuen globalen Studie arbeiten 2 von 3 (70%) Arbeitnehmer mindestens einen Tag pro Woche ausserhalb ihres B\u00fcros. 53% arbeiten sogar die H\u00e4lfte der Woche oder l\u00e4nger von woanders aus.","articlekey":"","footnotes":""},"categories":[26],"tags":[51,254,335,459],"class_list":["post-3742","post","type-post","status-publish","format-standard","has-post-thumbnail","hentry","category-hrm","tag-arbeitsplatzgestaltung","tag-hrm","tag-management-und-unternehmensfuehrung","tag-studie"],"acf":[],"yoast_head":"<!-- This site is optimized with the Yoast SEO plugin v27.4 - https:\/\/yoast.com\/product\/yoast-seo-wordpress\/ -->\n<title>Der 8-Stunden-Tag war gestern - flexibles Arbeiten setzt sich immer mehr durch - Organisator<\/title>\n<meta name=\"description\" content=\"Laut einer neuen globalen Studie arbeiten 2 von 3 (70%) Arbeitnehmer mindestens einen Tag pro Woche ausserhalb ihres B\u00fcros. 53% arbeiten sogar die H\u00e4lfte der Woche oder l\u00e4nger von woanders aus.\" \/>\n<meta name=\"robots\" content=\"index, follow, max-snippet:-1, max-image-preview:large, max-video-preview:-1\" \/>\n<link rel=\"canonical\" href=\"https:\/\/www.organisator.ch\/en\/human-resources\/hrm\/2018-06-05\/der-8-stunden-tag-war-gestern-flexibles-arbeiten-setzt-sich-immer-mehr-durch\/\" \/>\n<meta property=\"og:locale\" content=\"en_US\" \/>\n<meta property=\"og:type\" content=\"article\" \/>\n<meta property=\"og:title\" content=\"Der 8-Stunden-Tag war gestern - flexibles Arbeiten setzt sich immer mehr durch\" \/>\n<meta property=\"og:description\" content=\"Laut einer neuen globalen Studie arbeiten 2 von 3 (70%) Arbeitnehmer mindestens einen Tag pro Woche ausserhalb ihres B\u00fcros. 53% arbeiten sogar die H\u00e4lfte der Woche oder l\u00e4nger von woanders aus.\" \/>\n<meta property=\"og:url\" content=\"https:\/\/www.organisator.ch\/en\/human-resources\/hrm\/2018-06-05\/der-8-stunden-tag-war-gestern-flexibles-arbeiten-setzt-sich-immer-mehr-durch\/\" \/>\n<meta property=\"og:site_name\" content=\"Organisator\" \/>\n<meta property=\"article:publisher\" content=\"https:\/\/www.facebook.com\/OrganisatorFachmagazin\" \/>\n<meta property=\"article:published_time\" content=\"2018-06-05T11:41:48+00:00\" \/>\n<meta property=\"og:image\" content=\"https:\/\/www.organisator.ch\/wp-content\/uploads\/2018\/06\/Der-8-Stunden-Tag-war-gestern-flexibles-Arbeiten-setzt-sich-immer-mehr-durch-1_Organisator.jpg\" \/>\n\t<meta property=\"og:image:width\" content=\"640\" \/>\n\t<meta property=\"og:image:height\" content=\"403\" \/>\n\t<meta property=\"og:image:type\" content=\"image\/jpeg\" \/>\n<meta name=\"author\" content=\"thomas.berner\" \/>\n<meta name=\"twitter:card\" content=\"summary_large_image\" \/>\n<meta name=\"twitter:title\" content=\"Der #8-Stunden-Tag war gestern - flexibles Arbeiten setzt sich immer mehr durch\" \/>\n<meta name=\"twitter:description\" content=\"Laut einer neuen globalen Studie arbeiten 2 von 3 (70%) Arbeitnehmer mindestens einen Tag pro Woche ausserhalb ihres B\u00fcros. 53% arbeiten sogar die H\u00e4lfte der Woche oder l\u00e4nger von woanders aus.\" \/>\n<meta name=\"twitter:image\" content=\"https:\/\/www.organisator.ch\/wp-content\/uploads\/2018\/06\/Der-8-Stunden-Tag-war-gestern-flexibles-Arbeiten-setzt-sich-immer-mehr-durch-1_Organisator.jpg\" \/>\n<script type=\"application\/ld+json\" class=\"yoast-schema-graph\">{\"@context\":\"https:\\\/\\\/schema.org\",\"@graph\":[{\"@type\":\"Article\",\"@id\":\"https:\\\/\\\/www.organisator.ch\\\/human-resources\\\/hrm\\\/2018-06-05\\\/der-8-stunden-tag-war-gestern-flexibles-arbeiten-setzt-sich-immer-mehr-durch\\\/#article\",\"isPartOf\":{\"@id\":\"https:\\\/\\\/www.organisator.ch\\\/human-resources\\\/hrm\\\/2018-06-05\\\/der-8-stunden-tag-war-gestern-flexibles-arbeiten-setzt-sich-immer-mehr-durch\\\/\"},\"author\":{\"name\":\"thomas.berner\",\"@id\":\"https:\\\/\\\/www.organisator.ch\\\/#\\\/schema\\\/person\\\/6f650f90b2842cd4c0cc334b4e36f67e\"},\"headline\":\"Der 8-Stunden-Tag war gestern &#8211; flexibles Arbeiten setzt sich immer mehr durch\",\"datePublished\":\"2018-06-05T11:41:48+00:00\",\"mainEntityOfPage\":{\"@id\":\"https:\\\/\\\/www.organisator.ch\\\/human-resources\\\/hrm\\\/2018-06-05\\\/der-8-stunden-tag-war-gestern-flexibles-arbeiten-setzt-sich-immer-mehr-durch\\\/\"},\"wordCount\":443,\"commentCount\":0,\"publisher\":{\"@id\":\"https:\\\/\\\/www.organisator.ch\\\/#organization\"},\"image\":{\"@id\":\"https:\\\/\\\/www.organisator.ch\\\/human-resources\\\/hrm\\\/2018-06-05\\\/der-8-stunden-tag-war-gestern-flexibles-arbeiten-setzt-sich-immer-mehr-durch\\\/#primaryimage\"},\"thumbnailUrl\":\"https:\\\/\\\/www.organisator.ch\\\/wp-content\\\/uploads\\\/2018\\\/06\\\/Der-8-Stunden-Tag-war-gestern-flexibles-Arbeiten-setzt-sich-immer-mehr-durch-1_Organisator.jpg\",\"keywords\":[\"Arbeitsplatzgestaltung\",\"HRM\",\"Management und Unternehmensf\u00fchrung\",\"Studie\"],\"articleSection\":[\"HRM\"],\"inLanguage\":\"en-US\"},{\"@type\":\"WebPage\",\"@id\":\"https:\\\/\\\/www.organisator.ch\\\/human-resources\\\/hrm\\\/2018-06-05\\\/der-8-stunden-tag-war-gestern-flexibles-arbeiten-setzt-sich-immer-mehr-durch\\\/\",\"url\":\"https:\\\/\\\/www.organisator.ch\\\/human-resources\\\/hrm\\\/2018-06-05\\\/der-8-stunden-tag-war-gestern-flexibles-arbeiten-setzt-sich-immer-mehr-durch\\\/\",\"name\":\"Der 8-Stunden-Tag war gestern - flexibles Arbeiten setzt sich immer mehr durch - Organisator\",\"isPartOf\":{\"@id\":\"https:\\\/\\\/www.organisator.ch\\\/#website\"},\"primaryImageOfPage\":{\"@id\":\"https:\\\/\\\/www.organisator.ch\\\/human-resources\\\/hrm\\\/2018-06-05\\\/der-8-stunden-tag-war-gestern-flexibles-arbeiten-setzt-sich-immer-mehr-durch\\\/#primaryimage\"},\"image\":{\"@id\":\"https:\\\/\\\/www.organisator.ch\\\/human-resources\\\/hrm\\\/2018-06-05\\\/der-8-stunden-tag-war-gestern-flexibles-arbeiten-setzt-sich-immer-mehr-durch\\\/#primaryimage\"},\"thumbnailUrl\":\"https:\\\/\\\/www.organisator.ch\\\/wp-content\\\/uploads\\\/2018\\\/06\\\/Der-8-Stunden-Tag-war-gestern-flexibles-Arbeiten-setzt-sich-immer-mehr-durch-1_Organisator.jpg\",\"datePublished\":\"2018-06-05T11:41:48+00:00\",\"description\":\"Laut einer neuen globalen Studie arbeiten 2 von 3 (70%) Arbeitnehmer mindestens einen Tag pro Woche ausserhalb ihres B\u00fcros. 53% arbeiten sogar die H\u00e4lfte der Woche oder l\u00e4nger von woanders aus.\",\"breadcrumb\":{\"@id\":\"https:\\\/\\\/www.organisator.ch\\\/human-resources\\\/hrm\\\/2018-06-05\\\/der-8-stunden-tag-war-gestern-flexibles-arbeiten-setzt-sich-immer-mehr-durch\\\/#breadcrumb\"},\"inLanguage\":\"en-US\",\"potentialAction\":[{\"@type\":\"ReadAction\",\"target\":[\"https:\\\/\\\/www.organisator.ch\\\/human-resources\\\/hrm\\\/2018-06-05\\\/der-8-stunden-tag-war-gestern-flexibles-arbeiten-setzt-sich-immer-mehr-durch\\\/\"]}]},{\"@type\":\"ImageObject\",\"inLanguage\":\"en-US\",\"@id\":\"https:\\\/\\\/www.organisator.ch\\\/human-resources\\\/hrm\\\/2018-06-05\\\/der-8-stunden-tag-war-gestern-flexibles-arbeiten-setzt-sich-immer-mehr-durch\\\/#primaryimage\",\"url\":\"https:\\\/\\\/www.organisator.ch\\\/wp-content\\\/uploads\\\/2018\\\/06\\\/Der-8-Stunden-Tag-war-gestern-flexibles-Arbeiten-setzt-sich-immer-mehr-durch-1_Organisator.jpg\",\"contentUrl\":\"https:\\\/\\\/www.organisator.ch\\\/wp-content\\\/uploads\\\/2018\\\/06\\\/Der-8-Stunden-Tag-war-gestern-flexibles-Arbeiten-setzt-sich-immer-mehr-durch-1_Organisator.jpg\",\"width\":640,\"height\":403,\"caption\":\"Eine globale Studie zeigt auf, dass der traditionelle 8-Stunden-Tag wohl bald der Vergangenheit angeh\u00f6ren k\u00f6nnte. (Grafik: IWG)\"},{\"@type\":\"BreadcrumbList\",\"@id\":\"https:\\\/\\\/www.organisator.ch\\\/human-resources\\\/hrm\\\/2018-06-05\\\/der-8-stunden-tag-war-gestern-flexibles-arbeiten-setzt-sich-immer-mehr-durch\\\/#breadcrumb\",\"itemListElement\":[{\"@type\":\"ListItem\",\"position\":1,\"name\":\"Home\",\"item\":\"https:\\\/\\\/www.organisator.ch\\\/\"},{\"@type\":\"ListItem\",\"position\":2,\"name\":\"Der 8-Stunden-Tag war gestern &#8211; flexibles Arbeiten setzt sich immer mehr durch\"}]},{\"@type\":\"WebSite\",\"@id\":\"https:\\\/\\\/www.organisator.ch\\\/#website\",\"url\":\"https:\\\/\\\/www.organisator.ch\\\/\",\"name\":\"Organisator\",\"description\":\"Kompetent. Praxisnah. Der ORGANISATOR bereitet in 10 Ausgaben pro Jahr die wesentlichen Themen f\u00fcr F\u00fchrungskr\u00e4fte von KMU auf.\",\"publisher\":{\"@id\":\"https:\\\/\\\/www.organisator.ch\\\/#organization\"},\"potentialAction\":[{\"@type\":\"SearchAction\",\"target\":{\"@type\":\"EntryPoint\",\"urlTemplate\":\"https:\\\/\\\/www.organisator.ch\\\/?s={search_term_string}\"},\"query-input\":{\"@type\":\"PropertyValueSpecification\",\"valueRequired\":true,\"valueName\":\"search_term_string\"}}],\"inLanguage\":\"en-US\"},{\"@type\":\"Organization\",\"@id\":\"https:\\\/\\\/www.organisator.ch\\\/#organization\",\"name\":\"Organisator\",\"url\":\"https:\\\/\\\/www.organisator.ch\\\/\",\"logo\":{\"@type\":\"ImageObject\",\"inLanguage\":\"en-US\",\"@id\":\"https:\\\/\\\/www.organisator.ch\\\/#\\\/schema\\\/logo\\\/image\\\/\",\"url\":\"https:\\\/\\\/www.organisator.ch\\\/wp-content\\\/uploads\\\/2022\\\/01\\\/Logo_Organisator_Website.png\",\"contentUrl\":\"https:\\\/\\\/www.organisator.ch\\\/wp-content\\\/uploads\\\/2022\\\/01\\\/Logo_Organisator_Website.png\",\"width\":800,\"height\":77,\"caption\":\"Organisator\"},\"image\":{\"@id\":\"https:\\\/\\\/www.organisator.ch\\\/#\\\/schema\\\/logo\\\/image\\\/\"},\"sameAs\":[\"https:\\\/\\\/www.facebook.com\\\/OrganisatorFachmagazin\",\"https:\\\/\\\/www.linkedin.com\\\/showcase\\\/organisator-das-magazin-fr-kmu\",\"https:\\\/\\\/www.xing.com\\\/news\\\/pages\\\/organisator-ch-695\",\"https:\\\/\\\/www.youtube.com\\\/channel\\\/UCGP2Sq0iWaZwT3BdIAQFYpw\"]},{\"@type\":\"Person\",\"@id\":\"https:\\\/\\\/www.organisator.ch\\\/#\\\/schema\\\/person\\\/6f650f90b2842cd4c0cc334b4e36f67e\",\"name\":\"thomas.berner\",\"image\":{\"@type\":\"ImageObject\",\"inLanguage\":\"en-US\",\"@id\":\"https:\\\/\\\/secure.gravatar.com\\\/avatar\\\/ac5001d2a36cb6c6cd3e50789007ffca834b477b74a2144564522e944eabff61?s=96&d=mm&r=g\",\"url\":\"https:\\\/\\\/secure.gravatar.com\\\/avatar\\\/ac5001d2a36cb6c6cd3e50789007ffca834b477b74a2144564522e944eabff61?s=96&d=mm&r=g\",\"contentUrl\":\"https:\\\/\\\/secure.gravatar.com\\\/avatar\\\/ac5001d2a36cb6c6cd3e50789007ffca834b477b74a2144564522e944eabff61?s=96&d=mm&r=g\",\"caption\":\"thomas.berner\"},\"url\":\"https:\\\/\\\/www.organisator.ch\\\/en\\\/author\\\/thomas-berner\\\/\"}]}<\/script>\n<!-- \/ Yoast SEO plugin. -->","yoast_head_json":{"title":"The 8-hour day was yesterday - flexible working is becoming more and more popular - Organizer","description":"According to a new global study, 2 in 3 (70%) workers work at least one day a week outside their office. 53% even work from somewhere else for half the week or more.","robots":{"index":"index","follow":"follow","max-snippet":"max-snippet:-1","max-image-preview":"max-image-preview:large","max-video-preview":"max-video-preview:-1"},"canonical":"https:\/\/www.organisator.ch\/en\/human-resources\/hrm\/2018-06-05\/der-8-stunden-tag-war-gestern-flexibles-arbeiten-setzt-sich-immer-mehr-durch\/","og_locale":"en_US","og_type":"article","og_title":"Der 8-Stunden-Tag war gestern - flexibles Arbeiten setzt sich immer mehr durch","og_description":"Laut einer neuen globalen Studie arbeiten 2 von 3 (70%) Arbeitnehmer mindestens einen Tag pro Woche ausserhalb ihres B\u00fcros. 53% arbeiten sogar die H\u00e4lfte der Woche oder l\u00e4nger von woanders aus.","og_url":"https:\/\/www.organisator.ch\/en\/human-resources\/hrm\/2018-06-05\/der-8-stunden-tag-war-gestern-flexibles-arbeiten-setzt-sich-immer-mehr-durch\/","og_site_name":"Organisator","article_publisher":"https:\/\/www.facebook.com\/OrganisatorFachmagazin","article_published_time":"2018-06-05T11:41:48+00:00","og_image":[{"width":640,"height":403,"url":"https:\/\/www.organisator.ch\/wp-content\/uploads\/2018\/06\/Der-8-Stunden-Tag-war-gestern-flexibles-Arbeiten-setzt-sich-immer-mehr-durch-1_Organisator.jpg","type":"image\/jpeg"}],"author":"thomas.berner","twitter_card":"summary_large_image","twitter_title":"Der #8-Stunden-Tag war gestern - flexibles Arbeiten setzt sich immer mehr durch","twitter_description":"Laut einer neuen globalen Studie arbeiten 2 von 3 (70%) Arbeitnehmer mindestens einen Tag pro Woche ausserhalb ihres B\u00fcros. 53% arbeiten sogar die H\u00e4lfte der Woche oder l\u00e4nger von woanders aus.","twitter_image":"https:\/\/www.organisator.ch\/wp-content\/uploads\/2018\/06\/Der-8-Stunden-Tag-war-gestern-flexibles-Arbeiten-setzt-sich-immer-mehr-durch-1_Organisator.jpg","schema":{"@context":"https:\/\/schema.org","@graph":[{"@type":"Article","@id":"https:\/\/www.organisator.ch\/human-resources\/hrm\/2018-06-05\/der-8-stunden-tag-war-gestern-flexibles-arbeiten-setzt-sich-immer-mehr-durch\/#article","isPartOf":{"@id":"https:\/\/www.organisator.ch\/human-resources\/hrm\/2018-06-05\/der-8-stunden-tag-war-gestern-flexibles-arbeiten-setzt-sich-immer-mehr-durch\/"},"author":{"name":"thomas.berner","@id":"https:\/\/www.organisator.ch\/#\/schema\/person\/6f650f90b2842cd4c0cc334b4e36f67e"},"headline":"Der 8-Stunden-Tag war gestern &#8211; flexibles Arbeiten setzt sich immer mehr durch","datePublished":"2018-06-05T11:41:48+00:00","mainEntityOfPage":{"@id":"https:\/\/www.organisator.ch\/human-resources\/hrm\/2018-06-05\/der-8-stunden-tag-war-gestern-flexibles-arbeiten-setzt-sich-immer-mehr-durch\/"},"wordCount":443,"commentCount":0,"publisher":{"@id":"https:\/\/www.organisator.ch\/#organization"},"image":{"@id":"https:\/\/www.organisator.ch\/human-resources\/hrm\/2018-06-05\/der-8-stunden-tag-war-gestern-flexibles-arbeiten-setzt-sich-immer-mehr-durch\/#primaryimage"},"thumbnailUrl":"https:\/\/www.organisator.ch\/wp-content\/uploads\/2018\/06\/Der-8-Stunden-Tag-war-gestern-flexibles-Arbeiten-setzt-sich-immer-mehr-durch-1_Organisator.jpg","keywords":["Arbeitsplatzgestaltung","HRM","Management und Unternehmensf\u00fchrung","Studie"],"articleSection":["HRM"],"inLanguage":"en-US"},{"@type":"WebPage","@id":"https:\/\/www.organisator.ch\/human-resources\/hrm\/2018-06-05\/der-8-stunden-tag-war-gestern-flexibles-arbeiten-setzt-sich-immer-mehr-durch\/","url":"https:\/\/www.organisator.ch\/human-resources\/hrm\/2018-06-05\/der-8-stunden-tag-war-gestern-flexibles-arbeiten-setzt-sich-immer-mehr-durch\/","name":"The 8-hour day was yesterday - flexible working is becoming more and more popular - Organizer","isPartOf":{"@id":"https:\/\/www.organisator.ch\/#website"},"primaryImageOfPage":{"@id":"https:\/\/www.organisator.ch\/human-resources\/hrm\/2018-06-05\/der-8-stunden-tag-war-gestern-flexibles-arbeiten-setzt-sich-immer-mehr-durch\/#primaryimage"},"image":{"@id":"https:\/\/www.organisator.ch\/human-resources\/hrm\/2018-06-05\/der-8-stunden-tag-war-gestern-flexibles-arbeiten-setzt-sich-immer-mehr-durch\/#primaryimage"},"thumbnailUrl":"https:\/\/www.organisator.ch\/wp-content\/uploads\/2018\/06\/Der-8-Stunden-Tag-war-gestern-flexibles-Arbeiten-setzt-sich-immer-mehr-durch-1_Organisator.jpg","datePublished":"2018-06-05T11:41:48+00:00","description":"According to a new global study, 2 in 3 (70%) workers work at least one day a week outside their office. 53% even work from somewhere else for half the week or more.","breadcrumb":{"@id":"https:\/\/www.organisator.ch\/human-resources\/hrm\/2018-06-05\/der-8-stunden-tag-war-gestern-flexibles-arbeiten-setzt-sich-immer-mehr-durch\/#breadcrumb"},"inLanguage":"en-US","potentialAction":[{"@type":"ReadAction","target":["https:\/\/www.organisator.ch\/human-resources\/hrm\/2018-06-05\/der-8-stunden-tag-war-gestern-flexibles-arbeiten-setzt-sich-immer-mehr-durch\/"]}]},{"@type":"ImageObject","inLanguage":"en-US","@id":"https:\/\/www.organisator.ch\/human-resources\/hrm\/2018-06-05\/der-8-stunden-tag-war-gestern-flexibles-arbeiten-setzt-sich-immer-mehr-durch\/#primaryimage","url":"https:\/\/www.organisator.ch\/wp-content\/uploads\/2018\/06\/Der-8-Stunden-Tag-war-gestern-flexibles-Arbeiten-setzt-sich-immer-mehr-durch-1_Organisator.jpg","contentUrl":"https:\/\/www.organisator.ch\/wp-content\/uploads\/2018\/06\/Der-8-Stunden-Tag-war-gestern-flexibles-Arbeiten-setzt-sich-immer-mehr-durch-1_Organisator.jpg","width":640,"height":403,"caption":"Eine globale Studie zeigt auf, dass der traditionelle 8-Stunden-Tag wohl bald der Vergangenheit angeh\u00f6ren k\u00f6nnte. (Grafik: IWG)"},{"@type":"BreadcrumbList","@id":"https:\/\/www.organisator.ch\/human-resources\/hrm\/2018-06-05\/der-8-stunden-tag-war-gestern-flexibles-arbeiten-setzt-sich-immer-mehr-durch\/#breadcrumb","itemListElement":[{"@type":"ListItem","position":1,"name":"Home","item":"https:\/\/www.organisator.ch\/"},{"@type":"ListItem","position":2,"name":"Der 8-Stunden-Tag war gestern &#8211; flexibles Arbeiten setzt sich immer mehr durch"}]},{"@type":"WebSite","@id":"https:\/\/www.organisator.ch\/#website","url":"https:\/\/www.organisator.ch\/","name":"Organizer","description":"Competent. Practical. In 10 issues per year, ORGANISATOR presents the essential topics for managers of SMEs.","publisher":{"@id":"https:\/\/www.organisator.ch\/#organization"},"potentialAction":[{"@type":"SearchAction","target":{"@type":"EntryPoint","urlTemplate":"https:\/\/www.organisator.ch\/?s={search_term_string}"},"query-input":{"@type":"PropertyValueSpecification","valueRequired":true,"valueName":"search_term_string"}}],"inLanguage":"en-US"},{"@type":"Organization","@id":"https:\/\/www.organisator.ch\/#organization","name":"Organizer","url":"https:\/\/www.organisator.ch\/","logo":{"@type":"ImageObject","inLanguage":"en-US","@id":"https:\/\/www.organisator.ch\/#\/schema\/logo\/image\/","url":"https:\/\/www.organisator.ch\/wp-content\/uploads\/2022\/01\/Logo_Organisator_Website.png","contentUrl":"https:\/\/www.organisator.ch\/wp-content\/uploads\/2022\/01\/Logo_Organisator_Website.png","width":800,"height":77,"caption":"Organisator"},"image":{"@id":"https:\/\/www.organisator.ch\/#\/schema\/logo\/image\/"},"sameAs":["https:\/\/www.facebook.com\/OrganisatorFachmagazin","https:\/\/www.linkedin.com\/showcase\/organisator-das-magazin-fr-kmu","https:\/\/www.xing.com\/news\/pages\/organisator-ch-695","https:\/\/www.youtube.com\/channel\/UCGP2Sq0iWaZwT3BdIAQFYpw"]},{"@type":"Person","@id":"https:\/\/www.organisator.ch\/#\/schema\/person\/6f650f90b2842cd4c0cc334b4e36f67e","name":"thomas.berner","image":{"@type":"ImageObject","inLanguage":"en-US","@id":"https:\/\/secure.gravatar.com\/avatar\/ac5001d2a36cb6c6cd3e50789007ffca834b477b74a2144564522e944eabff61?s=96&d=mm&r=g","url":"https:\/\/secure.gravatar.com\/avatar\/ac5001d2a36cb6c6cd3e50789007ffca834b477b74a2144564522e944eabff61?s=96&d=mm&r=g","contentUrl":"https:\/\/secure.gravatar.com\/avatar\/ac5001d2a36cb6c6cd3e50789007ffca834b477b74a2144564522e944eabff61?s=96&d=mm&r=g","caption":"thomas.berner"},"url":"https:\/\/www.organisator.ch\/en\/author\/thomas-berner\/"}]}},"_links":{"self":[{"href":"https:\/\/www.organisator.ch\/en\/wp-json\/wp\/v2\/posts\/3742","targetHints":{"allow":["GET"]}}],"collection":[{"href":"https:\/\/www.organisator.ch\/en\/wp-json\/wp\/v2\/posts"}],"about":[{"href":"https:\/\/www.organisator.ch\/en\/wp-json\/wp\/v2\/types\/post"}],"author":[{"embeddable":true,"href":"https:\/\/www.organisator.ch\/en\/wp-json\/wp\/v2\/users\/4"}],"replies":[{"embeddable":true,"href":"https:\/\/www.organisator.ch\/en\/wp-json\/wp\/v2\/comments?post=3742"}],"version-history":[{"count":0,"href":"https:\/\/www.organisator.ch\/en\/wp-json\/wp\/v2\/posts\/3742\/revisions"}],"wp:featuredmedia":[{"embeddable":true,"href":"https:\/\/www.organisator.ch\/en\/wp-json\/wp\/v2\/media\/3743"}],"wp:attachment":[{"href":"https:\/\/www.organisator.ch\/en\/wp-json\/wp\/v2\/media?parent=3742"}],"wp:term":[{"taxonomy":"category","embeddable":true,"href":"https:\/\/www.organisator.ch\/en\/wp-json\/wp\/v2\/categories?post=3742"},{"taxonomy":"post_tag","embeddable":true,"href":"https:\/\/www.organisator.ch\/en\/wp-json\/wp\/v2\/tags?post=3742"}],"curies":[{"name":"wp","href":"https:\/\/api.w.org\/{rel}","templated":true}]}}