{"id":37466,"date":"2025-04-07T08:10:47","date_gmt":"2025-04-07T06:10:47","guid":{"rendered":"https:\/\/www.markt-kom.com\/?p=232984"},"modified":"2025-04-07T08:06:18","modified_gmt":"2025-04-07T06:06:18","slug":"the-winner-takes-it-all","status":"publish","type":"post","link":"https:\/\/www.organisator.ch\/en\/marketing\/2025-04-07\/the-winner-takes-it-all\/","title":{"rendered":"\"The Winner takes it All\""},"content":{"rendered":"<p><iframe title=\"&quot;The Winner takes it All&quot; - After Movie with Winner Case of the &quot;Best of Swiss Web&quot; Awards 2025\" src=\"https:\/\/www.youtube.com\/embed\/v8S4qle9fxE?feature=oembed\" width=\"768\" height=\"432\" frameborder=\"0\" allowfullscreen=\"allowfullscreen\"><\/iframe><\/p>\r\n<p class=\"\" data-start=\"641\" data-end=\"1250\">With the project <a href=\"https:\/\/www.buchermunicipal.com\/ch\/de\/service\/bucher-connect\" rel=\"noopener\">\"Bucher Connect service platform\"<\/a> Bucher Municipal pulled off a coup that caused quite a stir. The team won over the expert juries three times - in the \"Marketing\", \"Productivity\" and \"Technology\" categories. The reward: three gold medals. But it got even better. In the final vote, the project, together with its implementation partners Eyekon and Intelliact, also won over the public - and secured the main prize. <a href=\"https:\/\/www.organisator.ch\/de\/marketing\/2025-04-03\/bucher-ist-master-of-swiss-web-crossmedia-award-fuer-arosa-tourismus\/\">The title \"Master of Swiss Web 2025\" went to Bucher Municipal.<\/a> The jury, the community and the audience agreed: this performance is outstanding.<\/p>\r\n<h3 data-start=\"641\" data-end=\"1250\">\"Benchmark for digital fleet management\"<\/h3>\r\n<p class=\"\" data-start=\"1252\" data-end=\"1920\">The \"Bucher Connect Service Platform\" offers local authorities a precise overview of the use, condition and location of their vehicles - whether for cleaning, winter maintenance or waste disposal. Daniel Liebhart, jury president of the \"Technology\" category, spoke of a \"benchmark for digital fleet management\" and a \"prime example of 'the Internet of Things as we want it'\". The marketing jury saw the platform as a \"beacon project for pioneering marketing\". And Rafael Perez S\u00fcess, jury president of the \"Productivity\" category, highlighted the IoT-supported control of the vehicles as particularly beneficial in his laudatory speech.<\/p>\r\n<figure id=\"attachment_232988\" class=\"wp-caption alignnone\" style=\"width: 1024px;\" aria-describedby=\"caption-attachment-232988\"><a href=\"https:\/\/www.markt-kom.com\/wp-content\/uploads\/2025\/04\/Bucher-Connect-iOT-Loesung.jpg\"><img class=\"size-full wp-image-232988\" src=\"https:\/\/www.markt-kom.com\/wp-content\/uploads\/2025\/04\/Bucher-Connect-iOT-Loesung.jpg\" sizes=\"(max-width: 1024px) 100vw, 1024px\" srcset=\"https:\/\/www.markt-kom.com\/wp-content\/uploads\/2025\/04\/Bucher-Connect-iOT-Loesung.jpg 1024w, https:\/\/www.markt-kom.com\/wp-content\/uploads\/2025\/04\/Bucher-Connect-iOT-Loesung-600x316.jpg 600w, https:\/\/www.markt-kom.com\/wp-content\/uploads\/2025\/04\/Bucher-Connect-iOT-Loesung-768x404.jpg 768w, https:\/\/www.markt-kom.com\/wp-content\/uploads\/2025\/04\/Bucher-Connect-iOT-Loesung-18x9.jpg 18w, https:\/\/www.markt-kom.com\/wp-content\/uploads\/2025\/04\/Bucher-Connect-iOT-Loesung-332x175.jpg 332w, https:\/\/www.markt-kom.com\/wp-content\/uploads\/2025\/04\/Bucher-Connect-iOT-Loesung-665x350.jpg 665w, https:\/\/www.markt-kom.com\/wp-content\/uploads\/2025\/04\/Bucher-Connect-iOT-Loesung-1000x526.jpg 1000w\" alt=\"\" width=\"1024\" height=\"539\" \/><\/a>\r\n<figcaption id=\"caption-attachment-232988\" class=\"wp-caption-text\">Bucher Connect iOT solution<\/figcaption>\r\n<\/figure>\r\n<h3 data-start=\"1252\" data-end=\"1920\">IoT real-time data<\/h3>\r\n<p class=\"\" data-start=\"1922\" data-end=\"2238\">The \"Best of Swiss Web\" award honors digital excellence - and that is exactly what the \"Bucher Connect Service Platform\" is. It helps cities and municipalities to use smart IoT real-time data to fulfill their public mandate efficiently, sustainably and economically - for clean and safe cities.<\/p>\r\n<figure id=\"attachment_232989\" class=\"wp-caption alignnone\" style=\"width: 1024px;\" aria-describedby=\"caption-attachment-232989\"><a href=\"https:\/\/www.markt-kom.com\/wp-content\/uploads\/2025\/04\/2.png\"><img class=\"size-full wp-image-232989\" src=\"https:\/\/www.markt-kom.com\/wp-content\/uploads\/2025\/04\/2.png\" sizes=\"(max-width: 1024px) 100vw, 1024px\" srcset=\"https:\/\/www.markt-kom.com\/wp-content\/uploads\/2025\/04\/2.png 1024w, https:\/\/www.markt-kom.com\/wp-content\/uploads\/2025\/04\/2-600x450.png 600w, https:\/\/www.markt-kom.com\/wp-content\/uploads\/2025\/04\/2-768x576.png 768w, https:\/\/www.markt-kom.com\/wp-content\/uploads\/2025\/04\/2-16x12.png 16w, https:\/\/www.markt-kom.com\/wp-content\/uploads\/2025\/04\/2-233x175.png 233w, https:\/\/www.markt-kom.com\/wp-content\/uploads\/2025\/04\/2-467x350.png 467w, https:\/\/www.markt-kom.com\/wp-content\/uploads\/2025\/04\/2-1000x750.png 1000w\" alt=\"\" width=\"1024\" height=\"768\" \/><\/a>\r\n<figcaption id=\"caption-attachment-232989\" class=\"wp-caption-text\">Roland Fr\u00f6hlich, Bucher Municipal with presenter Marco Fritsche during the winner interview<\/figcaption>\r\n<\/figure>\r\n<p class=\"\" data-start=\"2240\" data-end=\"2784\">In the video, Roland Schuler, Director IoT &amp; Digital Services Platform at Bucher Municipal, explains what the project is all about: measurably increasing the productivity of municipal vehicle fleets with digital support. The platform shows how intelligent technology can help to optimize processes and use resources wisely. Bucher Municipal sees itself not just as a provider, but as a partner at eye level - together with its customers, for a smarter future in urban areas.<\/p>\r\n<p class=\"\" data-start=\"2786\" data-end=\"3061\">Three gold medals and the title \"Master of Swiss Web\": This award is emblematic of the innovative strength and quality with which Bucher Municipal sets standards in the field of digital fleet management. A well-deserved triumph - and a strong signal to the industry.<\/p>","protected":false},"excerpt":{"rendered":"<p>The \"Best of Swiss Web\" awards ceremony in D\u00fcbendorf produced a big winner: Bucher Municipal. A video captures the atmosphere and the triple gold triumph of their \"Bucher Connect Service Platform\" project - crowned \"Master of Swiss Web 2025\".<\/p>","protected":false},"author":8,"featured_media":0,"comment_status":"closed","ping_status":"closed","sticky":false,"template":"","format":"standard","meta":{"_acf_changed":false,"_yoast_wpseo_focuskw":"The Winner","_yoast_wpseo_metadesc":"Die feierliche Verleihung der \u00abBest of Swiss Web\u00bb-Awards in D\u00fcbendorf hat geliefert: Bucher Municipal ist \"The Winner\".","articlekey":"","footnotes":""},"categories":[29],"tags":[66,4215],"class_list":["post-37466","post","type-post","status-publish","format-standard","hentry","category-marketing","tag-awards","tag-best-of-swiss-web"],"acf":[],"yoast_head":"<!-- This site is optimized with the Yoast SEO plugin v27.5 - https:\/\/yoast.com\/product\/yoast-seo-wordpress\/ -->\n<title>\u00abThe Winner takes it All\u00bb - Organisator<\/title>\n<meta name=\"description\" content=\"Die feierliche Verleihung der \u00abBest of Swiss Web\u00bb-Awards in D\u00fcbendorf hat geliefert: Bucher Municipal ist &quot;The Winner&quot;.\" \/>\n<meta name=\"robots\" content=\"index, follow, max-snippet:-1, max-image-preview:large, max-video-preview:-1\" \/>\n<link rel=\"canonical\" href=\"https:\/\/www.organisator.ch\/en\/marketing\/2025-04-07\/the-winner-takes-it-all\/\" \/>\n<meta property=\"og:locale\" content=\"en_US\" \/>\n<meta property=\"og:type\" content=\"article\" \/>\n<meta property=\"og:title\" content=\"\u00abThe Winner takes it All\u00bb - Organisator\" \/>\n<meta property=\"og:description\" content=\"Die feierliche Verleihung der \u00abBest of Swiss Web\u00bb-Awards in D\u00fcbendorf hat geliefert: Bucher Municipal ist &quot;The Winner&quot;.\" \/>\n<meta property=\"og:url\" content=\"https:\/\/www.organisator.ch\/en\/marketing\/2025-04-07\/the-winner-takes-it-all\/\" \/>\n<meta property=\"og:site_name\" content=\"Organisator\" \/>\n<meta property=\"article:publisher\" content=\"https:\/\/www.facebook.com\/OrganisatorFachmagazin\" \/>\n<meta property=\"article:published_time\" content=\"2025-04-07T06:10:47+00:00\" \/>\n<meta name=\"author\" content=\"galledia\" \/>\n<meta name=\"twitter:card\" content=\"summary_large_image\" \/>\n<meta name=\"twitter:creator\" content=\"@admin\" \/>\n<script type=\"application\/ld+json\" class=\"yoast-schema-graph\">{\"@context\":\"https:\\\/\\\/schema.org\",\"@graph\":[{\"@type\":\"Article\",\"@id\":\"https:\\\/\\\/www.organisator.ch\\\/marketing\\\/2025-04-07\\\/the-winner-takes-it-all\\\/#article\",\"isPartOf\":{\"@id\":\"https:\\\/\\\/www.organisator.ch\\\/marketing\\\/2025-04-07\\\/the-winner-takes-it-all\\\/\"},\"author\":{\"name\":\"galledia\",\"@id\":\"https:\\\/\\\/www.organisator.ch\\\/#\\\/schema\\\/person\\\/4e51799071cd2dd1232ac003643ef5f0\"},\"headline\":\"\u00abThe Winner takes it All\u00bb\",\"datePublished\":\"2025-04-07T06:10:47+00:00\",\"mainEntityOfPage\":{\"@id\":\"https:\\\/\\\/www.organisator.ch\\\/marketing\\\/2025-04-07\\\/the-winner-takes-it-all\\\/\"},\"wordCount\":363,\"publisher\":{\"@id\":\"https:\\\/\\\/www.organisator.ch\\\/#organization\"},\"image\":{\"@id\":\"https:\\\/\\\/www.organisator.ch\\\/marketing\\\/2025-04-07\\\/the-winner-takes-it-all\\\/#primaryimage\"},\"thumbnailUrl\":\"https:\\\/\\\/www.markt-kom.com\\\/wp-content\\\/uploads\\\/2025\\\/04\\\/Bucher-Connect-iOT-Loesung.jpg\",\"keywords\":[\"Awards\",\"Best of Swiss Web\"],\"articleSection\":[\"MARKETING\"],\"inLanguage\":\"en-US\"},{\"@type\":\"WebPage\",\"@id\":\"https:\\\/\\\/www.organisator.ch\\\/marketing\\\/2025-04-07\\\/the-winner-takes-it-all\\\/\",\"url\":\"https:\\\/\\\/www.organisator.ch\\\/marketing\\\/2025-04-07\\\/the-winner-takes-it-all\\\/\",\"name\":\"\u00abThe Winner takes it All\u00bb - Organisator\",\"isPartOf\":{\"@id\":\"https:\\\/\\\/www.organisator.ch\\\/#website\"},\"primaryImageOfPage\":{\"@id\":\"https:\\\/\\\/www.organisator.ch\\\/marketing\\\/2025-04-07\\\/the-winner-takes-it-all\\\/#primaryimage\"},\"image\":{\"@id\":\"https:\\\/\\\/www.organisator.ch\\\/marketing\\\/2025-04-07\\\/the-winner-takes-it-all\\\/#primaryimage\"},\"thumbnailUrl\":\"https:\\\/\\\/www.markt-kom.com\\\/wp-content\\\/uploads\\\/2025\\\/04\\\/Bucher-Connect-iOT-Loesung.jpg\",\"datePublished\":\"2025-04-07T06:10:47+00:00\",\"description\":\"Die feierliche Verleihung der \u00abBest of Swiss Web\u00bb-Awards in D\u00fcbendorf hat geliefert: Bucher Municipal ist \\\"The Winner\\\".\",\"breadcrumb\":{\"@id\":\"https:\\\/\\\/www.organisator.ch\\\/marketing\\\/2025-04-07\\\/the-winner-takes-it-all\\\/#breadcrumb\"},\"inLanguage\":\"en-US\",\"potentialAction\":[{\"@type\":\"ReadAction\",\"target\":[\"https:\\\/\\\/www.organisator.ch\\\/marketing\\\/2025-04-07\\\/the-winner-takes-it-all\\\/\"]}]},{\"@type\":\"ImageObject\",\"inLanguage\":\"en-US\",\"@id\":\"https:\\\/\\\/www.organisator.ch\\\/marketing\\\/2025-04-07\\\/the-winner-takes-it-all\\\/#primaryimage\",\"url\":\"https:\\\/\\\/www.markt-kom.com\\\/wp-content\\\/uploads\\\/2025\\\/04\\\/Bucher-Connect-iOT-Loesung.jpg\",\"contentUrl\":\"https:\\\/\\\/www.markt-kom.com\\\/wp-content\\\/uploads\\\/2025\\\/04\\\/Bucher-Connect-iOT-Loesung.jpg\"},{\"@type\":\"BreadcrumbList\",\"@id\":\"https:\\\/\\\/www.organisator.ch\\\/marketing\\\/2025-04-07\\\/the-winner-takes-it-all\\\/#breadcrumb\",\"itemListElement\":[{\"@type\":\"ListItem\",\"position\":1,\"name\":\"Home\",\"item\":\"https:\\\/\\\/www.organisator.ch\\\/\"},{\"@type\":\"ListItem\",\"position\":2,\"name\":\"\u00abThe Winner takes it All\u00bb\"}]},{\"@type\":\"WebSite\",\"@id\":\"https:\\\/\\\/www.organisator.ch\\\/#website\",\"url\":\"https:\\\/\\\/www.organisator.ch\\\/\",\"name\":\"Organisator\",\"description\":\"Kompetent. Praxisnah. Der ORGANISATOR bereitet in 10 Ausgaben pro Jahr die wesentlichen Themen f\u00fcr F\u00fchrungskr\u00e4fte von KMU auf.\",\"publisher\":{\"@id\":\"https:\\\/\\\/www.organisator.ch\\\/#organization\"},\"potentialAction\":[{\"@type\":\"SearchAction\",\"target\":{\"@type\":\"EntryPoint\",\"urlTemplate\":\"https:\\\/\\\/www.organisator.ch\\\/?s={search_term_string}\"},\"query-input\":{\"@type\":\"PropertyValueSpecification\",\"valueRequired\":true,\"valueName\":\"search_term_string\"}}],\"inLanguage\":\"en-US\"},{\"@type\":\"Organization\",\"@id\":\"https:\\\/\\\/www.organisator.ch\\\/#organization\",\"name\":\"Organisator\",\"url\":\"https:\\\/\\\/www.organisator.ch\\\/\",\"logo\":{\"@type\":\"ImageObject\",\"inLanguage\":\"en-US\",\"@id\":\"https:\\\/\\\/www.organisator.ch\\\/#\\\/schema\\\/logo\\\/image\\\/\",\"url\":\"https:\\\/\\\/www.organisator.ch\\\/wp-content\\\/uploads\\\/2022\\\/01\\\/Logo_Organisator_Website.png\",\"contentUrl\":\"https:\\\/\\\/www.organisator.ch\\\/wp-content\\\/uploads\\\/2022\\\/01\\\/Logo_Organisator_Website.png\",\"width\":800,\"height\":77,\"caption\":\"Organisator\"},\"image\":{\"@id\":\"https:\\\/\\\/www.organisator.ch\\\/#\\\/schema\\\/logo\\\/image\\\/\"},\"sameAs\":[\"https:\\\/\\\/www.facebook.com\\\/OrganisatorFachmagazin\",\"https:\\\/\\\/www.linkedin.com\\\/showcase\\\/organisator-das-magazin-fr-kmu\",\"https:\\\/\\\/www.xing.com\\\/news\\\/pages\\\/organisator-ch-695\",\"https:\\\/\\\/www.youtube.com\\\/channel\\\/UCGP2Sq0iWaZwT3BdIAQFYpw\"]},{\"@type\":\"Person\",\"@id\":\"https:\\\/\\\/www.organisator.ch\\\/#\\\/schema\\\/person\\\/4e51799071cd2dd1232ac003643ef5f0\",\"name\":\"galledia\",\"image\":{\"@type\":\"ImageObject\",\"inLanguage\":\"en-US\",\"@id\":\"https:\\\/\\\/secure.gravatar.com\\\/avatar\\\/78a7f90c01fc2bfc875782a0d4922b37cde2cf184ce347b91316d23cd7f69a36?s=96&d=mm&r=g\",\"url\":\"https:\\\/\\\/secure.gravatar.com\\\/avatar\\\/78a7f90c01fc2bfc875782a0d4922b37cde2cf184ce347b91316d23cd7f69a36?s=96&d=mm&r=g\",\"contentUrl\":\"https:\\\/\\\/secure.gravatar.com\\\/avatar\\\/78a7f90c01fc2bfc875782a0d4922b37cde2cf184ce347b91316d23cd7f69a36?s=96&d=mm&r=g\",\"caption\":\"galledia\"},\"sameAs\":[\"https:\\\/\\\/x.com\\\/admin\"],\"url\":\"https:\\\/\\\/www.organisator.ch\\\/en\\\/author\\\/galledia\\\/\"}]}<\/script>\n<!-- \/ Yoast SEO plugin. -->","yoast_head_json":{"title":"\"The Winner takes it All\" - Organizer","description":"The \"Best of Swiss Web\" awards ceremony in D\u00fcbendorf has delivered: Bucher Municipal is \"The Winner\".","robots":{"index":"index","follow":"follow","max-snippet":"max-snippet:-1","max-image-preview":"max-image-preview:large","max-video-preview":"max-video-preview:-1"},"canonical":"https:\/\/www.organisator.ch\/en\/marketing\/2025-04-07\/the-winner-takes-it-all\/","og_locale":"en_US","og_type":"article","og_title":"\u00abThe Winner takes it All\u00bb - Organisator","og_description":"Die feierliche Verleihung der \u00abBest of Swiss Web\u00bb-Awards in D\u00fcbendorf hat geliefert: Bucher Municipal ist \"The Winner\".","og_url":"https:\/\/www.organisator.ch\/en\/marketing\/2025-04-07\/the-winner-takes-it-all\/","og_site_name":"Organisator","article_publisher":"https:\/\/www.facebook.com\/OrganisatorFachmagazin","article_published_time":"2025-04-07T06:10:47+00:00","author":"galledia","twitter_card":"summary_large_image","twitter_creator":"@admin","schema":{"@context":"https:\/\/schema.org","@graph":[{"@type":"Article","@id":"https:\/\/www.organisator.ch\/marketing\/2025-04-07\/the-winner-takes-it-all\/#article","isPartOf":{"@id":"https:\/\/www.organisator.ch\/marketing\/2025-04-07\/the-winner-takes-it-all\/"},"author":{"name":"galledia","@id":"https:\/\/www.organisator.ch\/#\/schema\/person\/4e51799071cd2dd1232ac003643ef5f0"},"headline":"\u00abThe Winner takes it All\u00bb","datePublished":"2025-04-07T06:10:47+00:00","mainEntityOfPage":{"@id":"https:\/\/www.organisator.ch\/marketing\/2025-04-07\/the-winner-takes-it-all\/"},"wordCount":363,"publisher":{"@id":"https:\/\/www.organisator.ch\/#organization"},"image":{"@id":"https:\/\/www.organisator.ch\/marketing\/2025-04-07\/the-winner-takes-it-all\/#primaryimage"},"thumbnailUrl":"https:\/\/www.markt-kom.com\/wp-content\/uploads\/2025\/04\/Bucher-Connect-iOT-Loesung.jpg","keywords":["Awards","Best of Swiss Web"],"articleSection":["MARKETING"],"inLanguage":"en-US"},{"@type":"WebPage","@id":"https:\/\/www.organisator.ch\/marketing\/2025-04-07\/the-winner-takes-it-all\/","url":"https:\/\/www.organisator.ch\/marketing\/2025-04-07\/the-winner-takes-it-all\/","name":"\"The Winner takes it All\" - Organizer","isPartOf":{"@id":"https:\/\/www.organisator.ch\/#website"},"primaryImageOfPage":{"@id":"https:\/\/www.organisator.ch\/marketing\/2025-04-07\/the-winner-takes-it-all\/#primaryimage"},"image":{"@id":"https:\/\/www.organisator.ch\/marketing\/2025-04-07\/the-winner-takes-it-all\/#primaryimage"},"thumbnailUrl":"https:\/\/www.markt-kom.com\/wp-content\/uploads\/2025\/04\/Bucher-Connect-iOT-Loesung.jpg","datePublished":"2025-04-07T06:10:47+00:00","description":"The \"Best of Swiss Web\" awards ceremony in D\u00fcbendorf has delivered: Bucher Municipal is \"The Winner\".","breadcrumb":{"@id":"https:\/\/www.organisator.ch\/marketing\/2025-04-07\/the-winner-takes-it-all\/#breadcrumb"},"inLanguage":"en-US","potentialAction":[{"@type":"ReadAction","target":["https:\/\/www.organisator.ch\/marketing\/2025-04-07\/the-winner-takes-it-all\/"]}]},{"@type":"ImageObject","inLanguage":"en-US","@id":"https:\/\/www.organisator.ch\/marketing\/2025-04-07\/the-winner-takes-it-all\/#primaryimage","url":"https:\/\/www.markt-kom.com\/wp-content\/uploads\/2025\/04\/Bucher-Connect-iOT-Loesung.jpg","contentUrl":"https:\/\/www.markt-kom.com\/wp-content\/uploads\/2025\/04\/Bucher-Connect-iOT-Loesung.jpg"},{"@type":"BreadcrumbList","@id":"https:\/\/www.organisator.ch\/marketing\/2025-04-07\/the-winner-takes-it-all\/#breadcrumb","itemListElement":[{"@type":"ListItem","position":1,"name":"Home","item":"https:\/\/www.organisator.ch\/"},{"@type":"ListItem","position":2,"name":"\u00abThe Winner takes it All\u00bb"}]},{"@type":"WebSite","@id":"https:\/\/www.organisator.ch\/#website","url":"https:\/\/www.organisator.ch\/","name":"Organizer","description":"Competent. Practical. In 10 issues per year, ORGANISATOR presents the essential topics for managers of SMEs.","publisher":{"@id":"https:\/\/www.organisator.ch\/#organization"},"potentialAction":[{"@type":"SearchAction","target":{"@type":"EntryPoint","urlTemplate":"https:\/\/www.organisator.ch\/?s={search_term_string}"},"query-input":{"@type":"PropertyValueSpecification","valueRequired":true,"valueName":"search_term_string"}}],"inLanguage":"en-US"},{"@type":"Organization","@id":"https:\/\/www.organisator.ch\/#organization","name":"Organizer","url":"https:\/\/www.organisator.ch\/","logo":{"@type":"ImageObject","inLanguage":"en-US","@id":"https:\/\/www.organisator.ch\/#\/schema\/logo\/image\/","url":"https:\/\/www.organisator.ch\/wp-content\/uploads\/2022\/01\/Logo_Organisator_Website.png","contentUrl":"https:\/\/www.organisator.ch\/wp-content\/uploads\/2022\/01\/Logo_Organisator_Website.png","width":800,"height":77,"caption":"Organisator"},"image":{"@id":"https:\/\/www.organisator.ch\/#\/schema\/logo\/image\/"},"sameAs":["https:\/\/www.facebook.com\/OrganisatorFachmagazin","https:\/\/www.linkedin.com\/showcase\/organisator-das-magazin-fr-kmu","https:\/\/www.xing.com\/news\/pages\/organisator-ch-695","https:\/\/www.youtube.com\/channel\/UCGP2Sq0iWaZwT3BdIAQFYpw"]},{"@type":"Person","@id":"https:\/\/www.organisator.ch\/#\/schema\/person\/4e51799071cd2dd1232ac003643ef5f0","name":"galledia","image":{"@type":"ImageObject","inLanguage":"en-US","@id":"https:\/\/secure.gravatar.com\/avatar\/78a7f90c01fc2bfc875782a0d4922b37cde2cf184ce347b91316d23cd7f69a36?s=96&d=mm&r=g","url":"https:\/\/secure.gravatar.com\/avatar\/78a7f90c01fc2bfc875782a0d4922b37cde2cf184ce347b91316d23cd7f69a36?s=96&d=mm&r=g","contentUrl":"https:\/\/secure.gravatar.com\/avatar\/78a7f90c01fc2bfc875782a0d4922b37cde2cf184ce347b91316d23cd7f69a36?s=96&d=mm&r=g","caption":"galledia"},"sameAs":["https:\/\/x.com\/admin"],"url":"https:\/\/www.organisator.ch\/en\/author\/galledia\/"}]}},"_links":{"self":[{"href":"https:\/\/www.organisator.ch\/en\/wp-json\/wp\/v2\/posts\/37466","targetHints":{"allow":["GET"]}}],"collection":[{"href":"https:\/\/www.organisator.ch\/en\/wp-json\/wp\/v2\/posts"}],"about":[{"href":"https:\/\/www.organisator.ch\/en\/wp-json\/wp\/v2\/types\/post"}],"author":[{"embeddable":true,"href":"https:\/\/www.organisator.ch\/en\/wp-json\/wp\/v2\/users\/8"}],"replies":[{"embeddable":true,"href":"https:\/\/www.organisator.ch\/en\/wp-json\/wp\/v2\/comments?post=37466"}],"version-history":[{"count":6,"href":"https:\/\/www.organisator.ch\/en\/wp-json\/wp\/v2\/posts\/37466\/revisions"}],"predecessor-version":[{"id":37480,"href":"https:\/\/www.organisator.ch\/en\/wp-json\/wp\/v2\/posts\/37466\/revisions\/37480"}],"wp:attachment":[{"href":"https:\/\/www.organisator.ch\/en\/wp-json\/wp\/v2\/media?parent=37466"}],"wp:term":[{"taxonomy":"category","embeddable":true,"href":"https:\/\/www.organisator.ch\/en\/wp-json\/wp\/v2\/categories?post=37466"},{"taxonomy":"post_tag","embeddable":true,"href":"https:\/\/www.organisator.ch\/en\/wp-json\/wp\/v2\/tags?post=37466"}],"curies":[{"name":"wp","href":"https:\/\/api.w.org\/{rel}","templated":true}]}}