{"id":37522,"date":"2025-04-08T09:27:44","date_gmt":"2025-04-08T07:27:44","guid":{"rendered":"https:\/\/www.m-q.ch\/?p=21283"},"modified":"2025-04-08T10:46:50","modified_gmt":"2025-04-08T08:46:50","slug":"cyber-resilience-act-fordert-produktanpassungen","status":"publish","type":"post","link":"https:\/\/www.organisator.ch\/en\/operational-excellence\/2025-04-08\/cyber-resilience-act-fordert-produktanpassungen\/","title":{"rendered":"Cyber Resilience Act requires product adaptations"},"content":{"rendered":"<figure id=\"attachment_21284\" class=\"wp-caption alignnone\" style=\"width: 680px;\" aria-describedby=\"caption-attachment-21284\"><img class=\"size-full wp-image-21284\" src=\"https:\/\/www.m-q.ch\/wp-content\/uploads\/2025\/04\/Cyber-Resilience-Act-fordert-Produktanpassungen_MQ.png\" sizes=\"(max-width: 680px) 100vw, 680px\" srcset=\"https:\/\/www.m-q.ch\/wp-content\/uploads\/2025\/04\/Cyber-Resilience-Act-fordert-Produktanpassungen_MQ.png 680w, https:\/\/www.m-q.ch\/wp-content\/uploads\/2025\/04\/Cyber-Resilience-Act-fordert-Produktanpassungen_MQ-14x12.png 14w, https:\/\/www.m-q.ch\/wp-content\/uploads\/2025\/04\/Cyber-Resilience-Act-fordert-Produktanpassungen_MQ-362x300.png 362w, https:\/\/www.m-q.ch\/wp-content\/uploads\/2025\/04\/Cyber-Resilience-Act-fordert-Produktanpassungen_MQ-422x350.png 422w\" alt=\"\" width=\"680\" height=\"564\" \/>\r\n<figcaption id=\"caption-attachment-21284\" class=\"wp-caption-text\">Der Cyber Resilience Act der EU fordert auch von Schweizer Herstellern von digitalen Produkten neue Pflichten ein. (Bild: erstellt durch KI \/ ChatGPT 4o)<\/figcaption>\r\n<\/figure>\r\n<p>Am 10.\u2009Dezember 2024 trat der Cyber Resilience Act der EU in Kraft. Auf Hersteller von \u201eProdukten mit digitalen Elementen\u201c kommen damit neue Verpflichtungen zu.\u201eUnternehmen, die dem EU Cyber Resilience Act (CRA) unterliegen, sollten sich beeilen, ihre Produkte den Anforderungen des CRA anzupassen\u201c, sagt Jan Wendenburg, CEO des D\u00fcsseldorfer Cybersicherheitsunternehmens Onekey. Er weist darauf hin, dass die ersten Vorschriften des CRA bereits ab September 2026 und alle weiteren ab dem 11. Dezember 2027 Anwendung finden. \u201eAb diesem Zeitpunkt m\u00fcssen alle vernetzten Produkte die Cybersicherheitsanforderungen des Cyber Resilience Act vollst\u00e4ndig erf\u00fcllen\u201c, stellt Jan Wendenburg klar. Hersteller, Importeure und H\u00e4ndler seien gleichermassen gefordert: Ohne CRA-Konformit\u00e4t darf das CE-Kennzeichen nicht vergeben, und so die betroffenen Produkte nicht mehr in der EU verkauft werden.<\/p>\r\n<p>Der am 10. Dezember 2024 verabschiedete Cyber Resilience Act der Europ\u00e4ischen Kommission stellt die bisher umfassendste Regelung zur Cybersicherheit vernetzter Produkte in Europa dar. F\u00fcr alle Hersteller von Ger\u00e4ten \u201emit digitalen Elementen\u201c, d.h. alle smarten Produkte, egal ob f\u00fcr Industrie, Consumer oder Unternehmen, dr\u00e4ngt die Zeit, denn die neuen Sicherheitsvorgaben m\u00fcssen bereits innerhalb der Produktentwicklung ber\u00fccksichtigt werden. \u201eAngesichts der Produktlebens\u00adzyklen, die in der Regel viele Jahre umfassen, sollte dem Thema CRA also h\u00f6chste Priorit\u00e4t einger\u00e4umt werden, um auch k\u00fcnftig auf dem EU-Markt verkaufen zu k\u00f6nnen\u201c, r\u00e4t Jan Wendenburg.<\/p>\r\n<h3>\u201eSecurity by Design\u201c f\u00fcr CRA-Compliance<\/h3>\r\n<p>Zentrale Elemente f\u00fcr die CRA-Compliance sind das Prinzip \u201eSecurity by Design\u201c sowie eine kontinuierliche Risikobewertung und Schwachstellenbehebung. Dar\u00fcber hinaus fordert der EU CRA eine Software Bill of Materials (SBOM), um Softwarekomponenten r\u00fcckverfolgbar zu machen und Risiken in der Lieferkette fr\u00fchzeitig zu erkennen. Der CRA kategorisiert Produkte in die drei Sicherheitsklassen: Kritisch, Wichtig und Sonstige. In jeder Klasse sind entsprechende Anforderungen zu erf\u00fcllen. Die Sicherheit der Lieferkette ist hierbei besonders relevant, da Schwachstellen in Drittanbieter- und Open-Source-Komponenten die Integrit\u00e4t des Gesamtsystems gef\u00e4hrden k\u00f6nnen. Die Umsetzungsfrist von 24, bzw. 36 Monaten seit Inkrafttreten am 10. Dezember 2024 stellt Hersteller vor grosse Herausforderungen, da Produktentwicklungen oft Jahre dauern. Um den Anforderungen des CRA gerecht zu werden, sollten Unternehmen schnellstm\u00f6glich \u201eBest Practices\u201c zur Cybersicherheit implementieren. Dabei gilt es, neben dem CRA weitere regulatorische Rahmenbedingungen wie RED II (EN 18031) und IEC 62443-4-2 zu ber\u00fccksichtigen. Spezielle Compliance Tools k\u00f6nnen helfen, die heutigen und k\u00fcnftigen Anforderungen zu erf\u00fcllen, indem sie eine schnelle, einfache und damit effiziente Cybersicherheitsbewertung der Software von Produkten erm\u00f6glichen. Beispielhaft hierf\u00fcr steht der zum Patent angemeldete Compliance Wizard von Onekey.<\/p>\r\n<p>\u201eUnternehmen, die ihre Produktstrategie rechtzeitig anpassen, sichern nicht nur ihre Marktzulassung in der EU, sondern auch ihre Wettbewerbsf\u00e4higkeit. Product-Lifecycle-Cybersecurity, proaktive Compliance und Supply Chain-Transparenz werden zu unverzichtbaren Erfolgsfaktoren f\u00fcr alle Hersteller auf dem EU Markt\u201c, erkl\u00e4rt Jan Wendenburg.<\/p>\r\n<h3>Die neuen Anforderungen des Cyber Resilience Act<\/h3>\r\n<p>Um den neuen Anforderungen gerecht zu werden, m\u00fcssen Unternehmen in der Lage sein, Sicherheitsl\u00fccken in ihren Produkten zu erkennen und eine kontinuierliche \u00dcberwachung\u00a0 des Produktlebenszyklus durchzuf\u00fchren. Das bedeutet, dass jede Softwareversion gepr\u00fcft und \u2013 solange aktiv \u2013 ununterbrochen auf m\u00f6gliche neue Schwachstellen \u00fcberwacht werden muss. Neue Schwachstellen sind laufend zu bewerten und bei Bedarf zu melden und\/oder Massnahmen zur Reparatur zu ergreifen.<\/p>\r\n<p>Die CRA-Vorgaben betreffen den gesamten Lebenszyklus smarter Produkte \u2013 von der Planung und Entwicklung bis hin zum Betrieb und der anschliessenden Ausserbetriebnahme. Hersteller sind verpflichtet, Sicherheitsupdates f\u00fcr ihre Produkte \u00fcber einen Zeitraum von mindestens f\u00fcnf Jahren anzubieten. Sollte die Nutzung des Produkts k\u00fcrzer sein, kann dieser Zeitraum entsprechend verk\u00fcrzt werden. \u201eIn vielen Industriebereichen jedoch sind Produktlaufzeiten von 10 oder 20 Jahren oder sogar l\u00e4nger keine Seltenheit. Das bedeutet, dass auch die \u00dcberwachung, Wartung, das Schwachstellenmanagement und die Patch-Strategien \u00fcber einen entsprechend langen Zeitraum aufrechterhalten werden m\u00fcssen\u201c, verdeutlicht Jan Wendenburg die Herausforderungen.<\/p>\r\n<p>\u201eDie Umsetzung des Cyber Resilience Act stellt Hersteller vor erhebliche praktische Herausforderungen\u201c, erkl\u00e4rt Jan Wendenburg. Er nennt konkrete Beispiele: \u201eIn der industriellen Fertigung, in der Steuerungs- und Produktionsanlagen \u00fcber Jahrzehnte genutzt werden und regelm\u00e4\u00dfige Sicherheitsupdates erforderlich sind, um die Konformit\u00e4t zu gew\u00e4hrleisten. In der IoT-Industrie, etwa bei smarten Haushaltsger\u00e4ten, ist die st\u00e4ndige Pflege der Software Bill of Materials ebenfalls notwendig, um potenzielle Schwachstellen schnell zu identifizieren und zu beheben.\u201c Die Unternehmen m\u00fcssen mit ihren Zulieferern eng zusammenarbeiten und Werkzeuge zur Pr\u00fcfung von Fremdsoftware, wie Bin\u00e4r-Analyse-L\u00f6sungen einsetzen um eine Sicherheits\u00fcberwachung bei Wareneingang und \u00fcber den gesamten Lebenszyklus des Produkts hinweg zu gew\u00e4hrleisten. \u201eNur automatisierte Prozesse und Werkzeuge zur Schwachstellen- und Compliance-Analyse erm\u00f6glichen die neuen gesetzlichen Anforderungen wirtschaftlich vertretbar und effizient zu erf\u00fcllen\u201c, sagt Jan Wendenburg.<\/p>\r\n<p><em>Quelle: <a href=\"http:\/\/www.onekey.com\/\">Onekey<\/a><\/em><\/p>\r\n<blockquote>\r\n<h3 data-start=\"0\" data-end=\"164\">CRA und die Schweiz<\/h3>\r\n<p class=\"\" data-start=\"0\" data-end=\"164\"><span class=\"relative -mx-px my-[-0.2rem] rounded-sm px-px py-[0.2rem]\">Die Regelungen des Cyber Resilience Acts betreffen auch Schweizer Unternehmen, insbesondere wenn sie Produkte mit digitalen Komponenten in die EU exportieren m\u00f6chten. Betroffen sind z.B. Netzwerkger\u00e4te wie Router und Switches, industrielle Steuerungssysteme sowie Softwareprodukte. <\/span><span class=\"relative -mx-px my-[-0.2rem] rounded-sm px-px py-[0.2rem]\">Schweizer Unternehmen, die solche Produkte oder andere Erzeugnisse mit digitalen Elementen in die EU exportieren m\u00f6chten, sind verpflichtet, die Anforderungen des CRA zu erf\u00fcllen und m\u00fcssen entsprechende Konformit\u00e4tsnachweise erbringen. Gem\u00e4ss Informationen aus dem Bundesamt f\u00fcr Cybersicherheit BACS gelte eine Mehrheit der Produkte als \u201enicht-kritisch\u201c. Das bedeutet, dass als Konformit\u00e4tsnachweis eine Selbstdeklaration gen\u00fcgt. Bei Produkten wie z.B. intelligente T\u00fcrschl\u00f6sser, Alarmanlagen, am K\u00f6rper tragbare medizinische Ger\u00e4te und dergleichen sind die Anforderungen an Konformit\u00e4t allerdings h\u00f6her und ben\u00f6tigen eine Beurteilung durch Dritte.<\/span><\/p>\r\n<p data-start=\"0\" data-end=\"164\"><em>red. \/ <a href=\"http:\/\/www.swisscybersecurity.net\/\">swisscybersecurity.net<\/a> \/ <a href=\"http:\/\/www.redguard.ch\/\">Redguard AG<\/a><\/em><\/p>\r\n<\/blockquote>\n<p class=\"syndicated-attribution\">Dieser Beitrag erschien urspr\u00fcnglich auf m-q.ch - <a href=\"https:\/\/www.m-q.ch\/de\/cyber-resilience-act-fordert-produktanpassungen\/\" target=\"_blank\">https:\/\/www.m-q.ch\/de\/cyber-resilience-act-fordert-produktanpassungen\/<\/a><\/p>","protected":false},"excerpt":{"rendered":"<p>The EU is getting serious about \"security by design\": devices with exploitable cyber vulnerabilities will soon no longer be allowed to be sold in the EU. Manufacturers will therefore have to adapt their products.<\/p>","protected":false},"author":8,"featured_media":0,"comment_status":"closed","ping_status":"closed","sticky":false,"template":"","format":"standard","meta":{"_acf_changed":false,"_yoast_wpseo_focuskw":"Cyber Resilience Act","_yoast_wpseo_metadesc":"Cyber Resilience Act: Ger\u00e4te mit ausnutzbaren Cyber-Schwachstellen d\u00fcrfen in der EU bald nicht mehr verkauft werden.","articlekey":"","footnotes":""},"categories":[582],"tags":[608,156,5266,393,418],"class_list":["post-37522","post","type-post","status-publish","format-standard","hentry","category-operational-excellence","tag-cybersicherheit","tag-digitalisierung","tag-eu-recht","tag-produkte","tag-risikomanagement"],"acf":[],"yoast_head":"<!-- This site is optimized with the Yoast SEO plugin v27.5 - https:\/\/yoast.com\/product\/yoast-seo-wordpress\/ -->\n<title>Cyber Resilience Act fordert Produktanpassungen - Organisator<\/title>\n<meta name=\"description\" content=\"Cyber Resilience Act: Ger\u00e4te mit ausnutzbaren Cyber-Schwachstellen d\u00fcrfen in der EU bald nicht mehr verkauft werden.\" \/>\n<meta name=\"robots\" content=\"index, follow, max-snippet:-1, max-image-preview:large, max-video-preview:-1\" \/>\n<link rel=\"canonical\" href=\"https:\/\/www.organisator.ch\/en\/operational-excellence\/2025-04-08\/cyber-resilience-act-fordert-produktanpassungen\/\" \/>\n<meta property=\"og:locale\" content=\"en_US\" \/>\n<meta property=\"og:type\" content=\"article\" \/>\n<meta property=\"og:title\" content=\"Cyber Resilience Act fordert Produktanpassungen - Organisator\" \/>\n<meta property=\"og:description\" content=\"Cyber Resilience Act: Ger\u00e4te mit ausnutzbaren Cyber-Schwachstellen d\u00fcrfen in der EU bald nicht mehr verkauft werden.\" \/>\n<meta property=\"og:url\" content=\"https:\/\/www.organisator.ch\/en\/operational-excellence\/2025-04-08\/cyber-resilience-act-fordert-produktanpassungen\/\" \/>\n<meta property=\"og:site_name\" content=\"Organisator\" \/>\n<meta property=\"article:publisher\" content=\"https:\/\/www.facebook.com\/OrganisatorFachmagazin\" \/>\n<meta property=\"article:published_time\" content=\"2025-04-08T07:27:44+00:00\" \/>\n<meta property=\"article:modified_time\" content=\"2025-04-08T08:46:50+00:00\" \/>\n<meta name=\"author\" content=\"galledia\" \/>\n<meta name=\"twitter:card\" content=\"summary_large_image\" \/>\n<meta name=\"twitter:creator\" content=\"@admin\" \/>\n<script type=\"application\/ld+json\" class=\"yoast-schema-graph\">{\"@context\":\"https:\\\/\\\/schema.org\",\"@graph\":[{\"@type\":\"Article\",\"@id\":\"https:\\\/\\\/www.organisator.ch\\\/operational-excellence\\\/2025-04-08\\\/cyber-resilience-act-fordert-produktanpassungen\\\/#article\",\"isPartOf\":{\"@id\":\"https:\\\/\\\/www.organisator.ch\\\/operational-excellence\\\/2025-04-08\\\/cyber-resilience-act-fordert-produktanpassungen\\\/\"},\"author\":{\"name\":\"galledia\",\"@id\":\"https:\\\/\\\/www.organisator.ch\\\/#\\\/schema\\\/person\\\/4e51799071cd2dd1232ac003643ef5f0\"},\"headline\":\"Cyber Resilience Act fordert Produktanpassungen\",\"datePublished\":\"2025-04-08T07:27:44+00:00\",\"dateModified\":\"2025-04-08T08:46:50+00:00\",\"mainEntityOfPage\":{\"@id\":\"https:\\\/\\\/www.organisator.ch\\\/operational-excellence\\\/2025-04-08\\\/cyber-resilience-act-fordert-produktanpassungen\\\/\"},\"wordCount\":934,\"publisher\":{\"@id\":\"https:\\\/\\\/www.organisator.ch\\\/#organization\"},\"image\":{\"@id\":\"https:\\\/\\\/www.organisator.ch\\\/operational-excellence\\\/2025-04-08\\\/cyber-resilience-act-fordert-produktanpassungen\\\/#primaryimage\"},\"thumbnailUrl\":\"https:\\\/\\\/www.m-q.ch\\\/wp-content\\\/uploads\\\/2025\\\/04\\\/Cyber-Resilience-Act-fordert-Produktanpassungen_MQ.png\",\"keywords\":[\"Cybersicherheit\",\"Digitalisierung\",\"EU-Recht\",\"Produkte\",\"Risikomanagement\"],\"articleSection\":[\"OPERATIONAL EXCELLENCE\"],\"inLanguage\":\"en-US\"},{\"@type\":\"WebPage\",\"@id\":\"https:\\\/\\\/www.organisator.ch\\\/operational-excellence\\\/2025-04-08\\\/cyber-resilience-act-fordert-produktanpassungen\\\/\",\"url\":\"https:\\\/\\\/www.organisator.ch\\\/operational-excellence\\\/2025-04-08\\\/cyber-resilience-act-fordert-produktanpassungen\\\/\",\"name\":\"Cyber Resilience Act fordert Produktanpassungen - Organisator\",\"isPartOf\":{\"@id\":\"https:\\\/\\\/www.organisator.ch\\\/#website\"},\"primaryImageOfPage\":{\"@id\":\"https:\\\/\\\/www.organisator.ch\\\/operational-excellence\\\/2025-04-08\\\/cyber-resilience-act-fordert-produktanpassungen\\\/#primaryimage\"},\"image\":{\"@id\":\"https:\\\/\\\/www.organisator.ch\\\/operational-excellence\\\/2025-04-08\\\/cyber-resilience-act-fordert-produktanpassungen\\\/#primaryimage\"},\"thumbnailUrl\":\"https:\\\/\\\/www.m-q.ch\\\/wp-content\\\/uploads\\\/2025\\\/04\\\/Cyber-Resilience-Act-fordert-Produktanpassungen_MQ.png\",\"datePublished\":\"2025-04-08T07:27:44+00:00\",\"dateModified\":\"2025-04-08T08:46:50+00:00\",\"description\":\"Cyber Resilience Act: Ger\u00e4te mit ausnutzbaren Cyber-Schwachstellen d\u00fcrfen in der EU bald nicht mehr verkauft werden.\",\"breadcrumb\":{\"@id\":\"https:\\\/\\\/www.organisator.ch\\\/operational-excellence\\\/2025-04-08\\\/cyber-resilience-act-fordert-produktanpassungen\\\/#breadcrumb\"},\"inLanguage\":\"en-US\",\"potentialAction\":[{\"@type\":\"ReadAction\",\"target\":[\"https:\\\/\\\/www.organisator.ch\\\/operational-excellence\\\/2025-04-08\\\/cyber-resilience-act-fordert-produktanpassungen\\\/\"]}]},{\"@type\":\"ImageObject\",\"inLanguage\":\"en-US\",\"@id\":\"https:\\\/\\\/www.organisator.ch\\\/operational-excellence\\\/2025-04-08\\\/cyber-resilience-act-fordert-produktanpassungen\\\/#primaryimage\",\"url\":\"https:\\\/\\\/www.m-q.ch\\\/wp-content\\\/uploads\\\/2025\\\/04\\\/Cyber-Resilience-Act-fordert-Produktanpassungen_MQ.png\",\"contentUrl\":\"https:\\\/\\\/www.m-q.ch\\\/wp-content\\\/uploads\\\/2025\\\/04\\\/Cyber-Resilience-Act-fordert-Produktanpassungen_MQ.png\"},{\"@type\":\"BreadcrumbList\",\"@id\":\"https:\\\/\\\/www.organisator.ch\\\/operational-excellence\\\/2025-04-08\\\/cyber-resilience-act-fordert-produktanpassungen\\\/#breadcrumb\",\"itemListElement\":[{\"@type\":\"ListItem\",\"position\":1,\"name\":\"Home\",\"item\":\"https:\\\/\\\/www.organisator.ch\\\/\"},{\"@type\":\"ListItem\",\"position\":2,\"name\":\"Cyber Resilience Act fordert Produktanpassungen\"}]},{\"@type\":\"WebSite\",\"@id\":\"https:\\\/\\\/www.organisator.ch\\\/#website\",\"url\":\"https:\\\/\\\/www.organisator.ch\\\/\",\"name\":\"Organisator\",\"description\":\"Kompetent. Praxisnah. Der ORGANISATOR bereitet in 10 Ausgaben pro Jahr die wesentlichen Themen f\u00fcr F\u00fchrungskr\u00e4fte von KMU auf.\",\"publisher\":{\"@id\":\"https:\\\/\\\/www.organisator.ch\\\/#organization\"},\"potentialAction\":[{\"@type\":\"SearchAction\",\"target\":{\"@type\":\"EntryPoint\",\"urlTemplate\":\"https:\\\/\\\/www.organisator.ch\\\/?s={search_term_string}\"},\"query-input\":{\"@type\":\"PropertyValueSpecification\",\"valueRequired\":true,\"valueName\":\"search_term_string\"}}],\"inLanguage\":\"en-US\"},{\"@type\":\"Organization\",\"@id\":\"https:\\\/\\\/www.organisator.ch\\\/#organization\",\"name\":\"Organisator\",\"url\":\"https:\\\/\\\/www.organisator.ch\\\/\",\"logo\":{\"@type\":\"ImageObject\",\"inLanguage\":\"en-US\",\"@id\":\"https:\\\/\\\/www.organisator.ch\\\/#\\\/schema\\\/logo\\\/image\\\/\",\"url\":\"https:\\\/\\\/www.organisator.ch\\\/wp-content\\\/uploads\\\/2022\\\/01\\\/Logo_Organisator_Website.png\",\"contentUrl\":\"https:\\\/\\\/www.organisator.ch\\\/wp-content\\\/uploads\\\/2022\\\/01\\\/Logo_Organisator_Website.png\",\"width\":800,\"height\":77,\"caption\":\"Organisator\"},\"image\":{\"@id\":\"https:\\\/\\\/www.organisator.ch\\\/#\\\/schema\\\/logo\\\/image\\\/\"},\"sameAs\":[\"https:\\\/\\\/www.facebook.com\\\/OrganisatorFachmagazin\",\"https:\\\/\\\/www.linkedin.com\\\/showcase\\\/organisator-das-magazin-fr-kmu\",\"https:\\\/\\\/www.xing.com\\\/news\\\/pages\\\/organisator-ch-695\",\"https:\\\/\\\/www.youtube.com\\\/channel\\\/UCGP2Sq0iWaZwT3BdIAQFYpw\"]},{\"@type\":\"Person\",\"@id\":\"https:\\\/\\\/www.organisator.ch\\\/#\\\/schema\\\/person\\\/4e51799071cd2dd1232ac003643ef5f0\",\"name\":\"galledia\",\"image\":{\"@type\":\"ImageObject\",\"inLanguage\":\"en-US\",\"@id\":\"https:\\\/\\\/secure.gravatar.com\\\/avatar\\\/78a7f90c01fc2bfc875782a0d4922b37cde2cf184ce347b91316d23cd7f69a36?s=96&d=mm&r=g\",\"url\":\"https:\\\/\\\/secure.gravatar.com\\\/avatar\\\/78a7f90c01fc2bfc875782a0d4922b37cde2cf184ce347b91316d23cd7f69a36?s=96&d=mm&r=g\",\"contentUrl\":\"https:\\\/\\\/secure.gravatar.com\\\/avatar\\\/78a7f90c01fc2bfc875782a0d4922b37cde2cf184ce347b91316d23cd7f69a36?s=96&d=mm&r=g\",\"caption\":\"galledia\"},\"sameAs\":[\"https:\\\/\\\/x.com\\\/admin\"],\"url\":\"https:\\\/\\\/www.organisator.ch\\\/en\\\/author\\\/galledia\\\/\"}]}<\/script>\n<!-- \/ Yoast SEO plugin. -->","yoast_head_json":{"title":"Cyber Resilience Act requires product adaptations - Organizer","description":"Cyber Resilience Act: Devices with exploitable cyber vulnerabilities may soon no longer be sold in the EU.","robots":{"index":"index","follow":"follow","max-snippet":"max-snippet:-1","max-image-preview":"max-image-preview:large","max-video-preview":"max-video-preview:-1"},"canonical":"https:\/\/www.organisator.ch\/en\/operational-excellence\/2025-04-08\/cyber-resilience-act-fordert-produktanpassungen\/","og_locale":"en_US","og_type":"article","og_title":"Cyber Resilience Act fordert Produktanpassungen - Organisator","og_description":"Cyber Resilience Act: Ger\u00e4te mit ausnutzbaren Cyber-Schwachstellen d\u00fcrfen in der EU bald nicht mehr verkauft werden.","og_url":"https:\/\/www.organisator.ch\/en\/operational-excellence\/2025-04-08\/cyber-resilience-act-fordert-produktanpassungen\/","og_site_name":"Organisator","article_publisher":"https:\/\/www.facebook.com\/OrganisatorFachmagazin","article_published_time":"2025-04-08T07:27:44+00:00","article_modified_time":"2025-04-08T08:46:50+00:00","author":"galledia","twitter_card":"summary_large_image","twitter_creator":"@admin","schema":{"@context":"https:\/\/schema.org","@graph":[{"@type":"Article","@id":"https:\/\/www.organisator.ch\/operational-excellence\/2025-04-08\/cyber-resilience-act-fordert-produktanpassungen\/#article","isPartOf":{"@id":"https:\/\/www.organisator.ch\/operational-excellence\/2025-04-08\/cyber-resilience-act-fordert-produktanpassungen\/"},"author":{"name":"galledia","@id":"https:\/\/www.organisator.ch\/#\/schema\/person\/4e51799071cd2dd1232ac003643ef5f0"},"headline":"Cyber Resilience Act fordert Produktanpassungen","datePublished":"2025-04-08T07:27:44+00:00","dateModified":"2025-04-08T08:46:50+00:00","mainEntityOfPage":{"@id":"https:\/\/www.organisator.ch\/operational-excellence\/2025-04-08\/cyber-resilience-act-fordert-produktanpassungen\/"},"wordCount":934,"publisher":{"@id":"https:\/\/www.organisator.ch\/#organization"},"image":{"@id":"https:\/\/www.organisator.ch\/operational-excellence\/2025-04-08\/cyber-resilience-act-fordert-produktanpassungen\/#primaryimage"},"thumbnailUrl":"https:\/\/www.m-q.ch\/wp-content\/uploads\/2025\/04\/Cyber-Resilience-Act-fordert-Produktanpassungen_MQ.png","keywords":["Cybersicherheit","Digitalisierung","EU-Recht","Produkte","Risikomanagement"],"articleSection":["OPERATIONAL EXCELLENCE"],"inLanguage":"en-US"},{"@type":"WebPage","@id":"https:\/\/www.organisator.ch\/operational-excellence\/2025-04-08\/cyber-resilience-act-fordert-produktanpassungen\/","url":"https:\/\/www.organisator.ch\/operational-excellence\/2025-04-08\/cyber-resilience-act-fordert-produktanpassungen\/","name":"Cyber Resilience Act requires product adaptations - Organizer","isPartOf":{"@id":"https:\/\/www.organisator.ch\/#website"},"primaryImageOfPage":{"@id":"https:\/\/www.organisator.ch\/operational-excellence\/2025-04-08\/cyber-resilience-act-fordert-produktanpassungen\/#primaryimage"},"image":{"@id":"https:\/\/www.organisator.ch\/operational-excellence\/2025-04-08\/cyber-resilience-act-fordert-produktanpassungen\/#primaryimage"},"thumbnailUrl":"https:\/\/www.m-q.ch\/wp-content\/uploads\/2025\/04\/Cyber-Resilience-Act-fordert-Produktanpassungen_MQ.png","datePublished":"2025-04-08T07:27:44+00:00","dateModified":"2025-04-08T08:46:50+00:00","description":"Cyber Resilience Act: Devices with exploitable cyber vulnerabilities may soon no longer be sold in the EU.","breadcrumb":{"@id":"https:\/\/www.organisator.ch\/operational-excellence\/2025-04-08\/cyber-resilience-act-fordert-produktanpassungen\/#breadcrumb"},"inLanguage":"en-US","potentialAction":[{"@type":"ReadAction","target":["https:\/\/www.organisator.ch\/operational-excellence\/2025-04-08\/cyber-resilience-act-fordert-produktanpassungen\/"]}]},{"@type":"ImageObject","inLanguage":"en-US","@id":"https:\/\/www.organisator.ch\/operational-excellence\/2025-04-08\/cyber-resilience-act-fordert-produktanpassungen\/#primaryimage","url":"https:\/\/www.m-q.ch\/wp-content\/uploads\/2025\/04\/Cyber-Resilience-Act-fordert-Produktanpassungen_MQ.png","contentUrl":"https:\/\/www.m-q.ch\/wp-content\/uploads\/2025\/04\/Cyber-Resilience-Act-fordert-Produktanpassungen_MQ.png"},{"@type":"BreadcrumbList","@id":"https:\/\/www.organisator.ch\/operational-excellence\/2025-04-08\/cyber-resilience-act-fordert-produktanpassungen\/#breadcrumb","itemListElement":[{"@type":"ListItem","position":1,"name":"Home","item":"https:\/\/www.organisator.ch\/"},{"@type":"ListItem","position":2,"name":"Cyber Resilience Act fordert Produktanpassungen"}]},{"@type":"WebSite","@id":"https:\/\/www.organisator.ch\/#website","url":"https:\/\/www.organisator.ch\/","name":"Organizer","description":"Competent. Practical. In 10 issues per year, ORGANISATOR presents the essential topics for managers of SMEs.","publisher":{"@id":"https:\/\/www.organisator.ch\/#organization"},"potentialAction":[{"@type":"SearchAction","target":{"@type":"EntryPoint","urlTemplate":"https:\/\/www.organisator.ch\/?s={search_term_string}"},"query-input":{"@type":"PropertyValueSpecification","valueRequired":true,"valueName":"search_term_string"}}],"inLanguage":"en-US"},{"@type":"Organization","@id":"https:\/\/www.organisator.ch\/#organization","name":"Organizer","url":"https:\/\/www.organisator.ch\/","logo":{"@type":"ImageObject","inLanguage":"en-US","@id":"https:\/\/www.organisator.ch\/#\/schema\/logo\/image\/","url":"https:\/\/www.organisator.ch\/wp-content\/uploads\/2022\/01\/Logo_Organisator_Website.png","contentUrl":"https:\/\/www.organisator.ch\/wp-content\/uploads\/2022\/01\/Logo_Organisator_Website.png","width":800,"height":77,"caption":"Organisator"},"image":{"@id":"https:\/\/www.organisator.ch\/#\/schema\/logo\/image\/"},"sameAs":["https:\/\/www.facebook.com\/OrganisatorFachmagazin","https:\/\/www.linkedin.com\/showcase\/organisator-das-magazin-fr-kmu","https:\/\/www.xing.com\/news\/pages\/organisator-ch-695","https:\/\/www.youtube.com\/channel\/UCGP2Sq0iWaZwT3BdIAQFYpw"]},{"@type":"Person","@id":"https:\/\/www.organisator.ch\/#\/schema\/person\/4e51799071cd2dd1232ac003643ef5f0","name":"galledia","image":{"@type":"ImageObject","inLanguage":"en-US","@id":"https:\/\/secure.gravatar.com\/avatar\/78a7f90c01fc2bfc875782a0d4922b37cde2cf184ce347b91316d23cd7f69a36?s=96&d=mm&r=g","url":"https:\/\/secure.gravatar.com\/avatar\/78a7f90c01fc2bfc875782a0d4922b37cde2cf184ce347b91316d23cd7f69a36?s=96&d=mm&r=g","contentUrl":"https:\/\/secure.gravatar.com\/avatar\/78a7f90c01fc2bfc875782a0d4922b37cde2cf184ce347b91316d23cd7f69a36?s=96&d=mm&r=g","caption":"galledia"},"sameAs":["https:\/\/x.com\/admin"],"url":"https:\/\/www.organisator.ch\/en\/author\/galledia\/"}]}},"_links":{"self":[{"href":"https:\/\/www.organisator.ch\/en\/wp-json\/wp\/v2\/posts\/37522","targetHints":{"allow":["GET"]}}],"collection":[{"href":"https:\/\/www.organisator.ch\/en\/wp-json\/wp\/v2\/posts"}],"about":[{"href":"https:\/\/www.organisator.ch\/en\/wp-json\/wp\/v2\/types\/post"}],"author":[{"embeddable":true,"href":"https:\/\/www.organisator.ch\/en\/wp-json\/wp\/v2\/users\/8"}],"replies":[{"embeddable":true,"href":"https:\/\/www.organisator.ch\/en\/wp-json\/wp\/v2\/comments?post=37522"}],"version-history":[{"count":5,"href":"https:\/\/www.organisator.ch\/en\/wp-json\/wp\/v2\/posts\/37522\/revisions"}],"predecessor-version":[{"id":37528,"href":"https:\/\/www.organisator.ch\/en\/wp-json\/wp\/v2\/posts\/37522\/revisions\/37528"}],"wp:attachment":[{"href":"https:\/\/www.organisator.ch\/en\/wp-json\/wp\/v2\/media?parent=37522"}],"wp:term":[{"taxonomy":"category","embeddable":true,"href":"https:\/\/www.organisator.ch\/en\/wp-json\/wp\/v2\/categories?post=37522"},{"taxonomy":"post_tag","embeddable":true,"href":"https:\/\/www.organisator.ch\/en\/wp-json\/wp\/v2\/tags?post=37522"}],"curies":[{"name":"wp","href":"https:\/\/api.w.org\/{rel}","templated":true}]}}