{"id":37544,"date":"2025-04-08T13:40:20","date_gmt":"2025-04-08T11:40:20","guid":{"rendered":"https:\/\/www.organisator.ch\/?p=37544"},"modified":"2025-04-08T14:57:53","modified_gmt":"2025-04-08T12:57:53","slug":"kristina-kraxner-wird-neue-general-managerin-bei-gaba-schweiz","status":"publish","type":"post","link":"https:\/\/www.organisator.ch\/en\/allgemein\/2025-04-08\/kristina-kraxner-wird-neue-general-managerin-bei-gaba-schweiz\/","title":{"rendered":"Kristina Kraxner becomes new General Manager at Gaba Switzerland"},"content":{"rendered":"<figure id=\"attachment_37545\" aria-describedby=\"caption-attachment-37545\" style=\"width: 583px\" class=\"wp-caption alignnone\"><img loading=\"lazy\" decoding=\"async\" class=\"size-full wp-image-37545\" src=\"https:\/\/www.organisator.ch\/wp-content\/uploads\/2025\/04\/Kristina-Kraxner.jpg\" alt=\"\" width=\"583\" height=\"660\" srcset=\"https:\/\/www.organisator.ch\/wp-content\/uploads\/2025\/04\/Kristina-Kraxner.jpg 583w, https:\/\/www.organisator.ch\/wp-content\/uploads\/2025\/04\/Kristina-Kraxner-11x12.jpg 11w, https:\/\/www.organisator.ch\/wp-content\/uploads\/2025\/04\/Kristina-Kraxner-265x300.jpg 265w, https:\/\/www.organisator.ch\/wp-content\/uploads\/2025\/04\/Kristina-Kraxner-309x350.jpg 309w\" sizes=\"auto, (max-width: 583px) 100vw, 583px\" \/><figcaption id=\"caption-attachment-37545\" class=\"wp-caption-text\">Kristina Kraxner, new General Manager at Gaba Switzerland. (Image: zVg)<\/figcaption><\/figure>\n<p>From Vienna via Hamburg to Switzerland: Dr. Kristina Kraxner took over the position of General Manager at GABA Schweiz AG in Therwil on April 1, 2025 and will be responsible for the strategic direction and market development in Switzerland. \"I am looking forward to providing new impetus in this dynamic market and shaping the next growth steps with my dedicated team,\" commented Dr. Kristina Kraxner on her new challenge.<\/p>\n<p>Kristina Kraxner succeeds Markus Reinhard, who is taking on a new role within the Colgate-Palmolive Group Switzerland as Pension Fund Manager. In her role, Dr. Kraxner will report directly to Jean-Christian Heinzelmann, General Manager Central Europe West Hub of Colgate-Palmolive.<\/p>\n<p>Before moving to Switzerland, Dr. Kristina Kraxner successfully managed the business of CP GABA GmbH in Austria for almost four years and consolidated a cornerstone for accelerating growth in the oral care sector with the reorganization of the \"Professional Oral Care\" division. Most recently, she was Home Care\/Personal Care Director for the Colgate-Palmolive Group in Germany, Austria and Switzerland, based in Hamburg.<\/p>\n<p>Dr. Kristina Kraxner has been with the Colgate-Palmolive Group since 2009 and has gained extensive experience in various management positions in marketing and sales. She earned her doctorate in social and economic sciences at the Vienna University of Economics and Business.<\/p>\n<p><em>Source: GABA Schweiz AG, <a href=\"http:\/\/www.colgate.ch\">www.colgate.ch<\/a><\/em><\/p>","protected":false},"excerpt":{"rendered":"<p>Dr. Kristina Kraxner has taken over the position of General Manager at Gaba Schweiz AG.<\/p>","protected":false},"author":4,"featured_media":37545,"comment_status":"closed","ping_status":"closed","sticky":false,"template":"","format":"standard","meta":{"_acf_changed":false,"_yoast_wpseo_focuskw":"Kristina Kraxner","_yoast_wpseo_metadesc":"Bei Gaba Schweiz AG hat am 1. April 2025 Dr. Kristina Kraxner die Position als neue General Managerin \u00fcbernommen.","articlekey":"","footnotes":""},"categories":[1],"tags":[334,381,492],"class_list":["post-37544","post","type-post","status-publish","format-standard","has-post-thumbnail","hentry","category-allgemein","tag-management","tag-personalia","tag-unternehmen"],"acf":[],"yoast_head":"<!-- This site is optimized with the Yoast SEO plugin v27.5 - https:\/\/yoast.com\/product\/yoast-seo-wordpress\/ -->\n<title>Kristina Kraxner wird neue General Managerin bei Gaba Schweiz - Organisator<\/title>\n<meta name=\"description\" content=\"Bei Gaba Schweiz AG hat am 1. April 2025 Dr. Kristina Kraxner die Position als neue General Managerin \u00fcbernommen.\" \/>\n<meta name=\"robots\" content=\"index, follow, max-snippet:-1, max-image-preview:large, max-video-preview:-1\" \/>\n<link rel=\"canonical\" href=\"https:\/\/www.organisator.ch\/en\/general\/2025-04-08\/kristina-kraxner-wird-neue-general-managerin-bei-gaba-schweiz\/\" \/>\n<meta property=\"og:locale\" content=\"en_US\" \/>\n<meta property=\"og:type\" content=\"article\" \/>\n<meta property=\"og:title\" content=\"Kristina Kraxner wird neue General Managerin bei Gaba Schweiz\" \/>\n<meta property=\"og:description\" content=\"Bei Gaba Schweiz AG hat am 1. April 2025 Dr. Kristina Kraxner die Position als neue General Managerin \u00fcbernommen.\" \/>\n<meta property=\"og:url\" content=\"https:\/\/www.organisator.ch\/en\/general\/2025-04-08\/kristina-kraxner-wird-neue-general-managerin-bei-gaba-schweiz\/\" \/>\n<meta property=\"og:site_name\" content=\"Organisator\" \/>\n<meta property=\"article:publisher\" content=\"https:\/\/www.facebook.com\/OrganisatorFachmagazin\" \/>\n<meta property=\"article:published_time\" content=\"2025-04-08T11:40:20+00:00\" \/>\n<meta property=\"article:modified_time\" content=\"2025-04-08T12:57:53+00:00\" \/>\n<meta property=\"og:image\" content=\"https:\/\/www.organisator.ch\/wp-content\/uploads\/2025\/04\/Kristina-Kraxner.jpg\" \/>\n\t<meta property=\"og:image:width\" content=\"583\" \/>\n\t<meta property=\"og:image:height\" content=\"660\" \/>\n\t<meta property=\"og:image:type\" content=\"image\/jpeg\" \/>\n<meta name=\"author\" content=\"thomas.berner\" \/>\n<meta name=\"twitter:card\" content=\"summary_large_image\" \/>\n<meta name=\"twitter:title\" content=\"Kristina #Kraxner wird neue General Managerin bei #Gaba Schweiz\" \/>\n<meta name=\"twitter:description\" content=\"Bei #Gaba Schweiz AG hat am 1. April 2025 Dr. Kristina #Kraxner die Position als neue General Managerin \u00fcbernommen.\" \/>\n<meta name=\"twitter:image\" content=\"https:\/\/www.organisator.ch\/wp-content\/uploads\/2025\/04\/Kristina-Kraxner.jpg\" \/>\n<script type=\"application\/ld+json\" class=\"yoast-schema-graph\">{\"@context\":\"https:\\\/\\\/schema.org\",\"@graph\":[{\"@type\":\"Article\",\"@id\":\"https:\\\/\\\/www.organisator.ch\\\/allgemein\\\/2025-04-08\\\/kristina-kraxner-wird-neue-general-managerin-bei-gaba-schweiz\\\/#article\",\"isPartOf\":{\"@id\":\"https:\\\/\\\/www.organisator.ch\\\/allgemein\\\/2025-04-08\\\/kristina-kraxner-wird-neue-general-managerin-bei-gaba-schweiz\\\/\"},\"author\":{\"name\":\"thomas.berner\",\"@id\":\"https:\\\/\\\/www.organisator.ch\\\/#\\\/schema\\\/person\\\/6f650f90b2842cd4c0cc334b4e36f67e\"},\"headline\":\"Kristina Kraxner wird neue General Managerin bei Gaba Schweiz\",\"datePublished\":\"2025-04-08T11:40:20+00:00\",\"dateModified\":\"2025-04-08T12:57:53+00:00\",\"mainEntityOfPage\":{\"@id\":\"https:\\\/\\\/www.organisator.ch\\\/allgemein\\\/2025-04-08\\\/kristina-kraxner-wird-neue-general-managerin-bei-gaba-schweiz\\\/\"},\"wordCount\":250,\"publisher\":{\"@id\":\"https:\\\/\\\/www.organisator.ch\\\/#organization\"},\"image\":{\"@id\":\"https:\\\/\\\/www.organisator.ch\\\/allgemein\\\/2025-04-08\\\/kristina-kraxner-wird-neue-general-managerin-bei-gaba-schweiz\\\/#primaryimage\"},\"thumbnailUrl\":\"https:\\\/\\\/www.organisator.ch\\\/wp-content\\\/uploads\\\/2025\\\/04\\\/Kristina-Kraxner.jpg\",\"keywords\":[\"Management\",\"Personalia\",\"Unternehmen\"],\"articleSection\":[\"Allgemein\"],\"inLanguage\":\"en-US\"},{\"@type\":\"WebPage\",\"@id\":\"https:\\\/\\\/www.organisator.ch\\\/allgemein\\\/2025-04-08\\\/kristina-kraxner-wird-neue-general-managerin-bei-gaba-schweiz\\\/\",\"url\":\"https:\\\/\\\/www.organisator.ch\\\/allgemein\\\/2025-04-08\\\/kristina-kraxner-wird-neue-general-managerin-bei-gaba-schweiz\\\/\",\"name\":\"Kristina Kraxner wird neue General Managerin bei Gaba Schweiz - Organisator\",\"isPartOf\":{\"@id\":\"https:\\\/\\\/www.organisator.ch\\\/#website\"},\"primaryImageOfPage\":{\"@id\":\"https:\\\/\\\/www.organisator.ch\\\/allgemein\\\/2025-04-08\\\/kristina-kraxner-wird-neue-general-managerin-bei-gaba-schweiz\\\/#primaryimage\"},\"image\":{\"@id\":\"https:\\\/\\\/www.organisator.ch\\\/allgemein\\\/2025-04-08\\\/kristina-kraxner-wird-neue-general-managerin-bei-gaba-schweiz\\\/#primaryimage\"},\"thumbnailUrl\":\"https:\\\/\\\/www.organisator.ch\\\/wp-content\\\/uploads\\\/2025\\\/04\\\/Kristina-Kraxner.jpg\",\"datePublished\":\"2025-04-08T11:40:20+00:00\",\"dateModified\":\"2025-04-08T12:57:53+00:00\",\"description\":\"Bei Gaba Schweiz AG hat am 1. April 2025 Dr. Kristina Kraxner die Position als neue General Managerin \u00fcbernommen.\",\"breadcrumb\":{\"@id\":\"https:\\\/\\\/www.organisator.ch\\\/allgemein\\\/2025-04-08\\\/kristina-kraxner-wird-neue-general-managerin-bei-gaba-schweiz\\\/#breadcrumb\"},\"inLanguage\":\"en-US\",\"potentialAction\":[{\"@type\":\"ReadAction\",\"target\":[\"https:\\\/\\\/www.organisator.ch\\\/allgemein\\\/2025-04-08\\\/kristina-kraxner-wird-neue-general-managerin-bei-gaba-schweiz\\\/\"]}]},{\"@type\":\"ImageObject\",\"inLanguage\":\"en-US\",\"@id\":\"https:\\\/\\\/www.organisator.ch\\\/allgemein\\\/2025-04-08\\\/kristina-kraxner-wird-neue-general-managerin-bei-gaba-schweiz\\\/#primaryimage\",\"url\":\"https:\\\/\\\/www.organisator.ch\\\/wp-content\\\/uploads\\\/2025\\\/04\\\/Kristina-Kraxner.jpg\",\"contentUrl\":\"https:\\\/\\\/www.organisator.ch\\\/wp-content\\\/uploads\\\/2025\\\/04\\\/Kristina-Kraxner.jpg\",\"width\":583,\"height\":660,\"caption\":\"Kristina Kraxner, neue General Managerin bei Gaba Schweiz. (Bild: zVg)\"},{\"@type\":\"BreadcrumbList\",\"@id\":\"https:\\\/\\\/www.organisator.ch\\\/allgemein\\\/2025-04-08\\\/kristina-kraxner-wird-neue-general-managerin-bei-gaba-schweiz\\\/#breadcrumb\",\"itemListElement\":[{\"@type\":\"ListItem\",\"position\":1,\"name\":\"Home\",\"item\":\"https:\\\/\\\/www.organisator.ch\\\/\"},{\"@type\":\"ListItem\",\"position\":2,\"name\":\"Kristina Kraxner wird neue General Managerin bei Gaba Schweiz\"}]},{\"@type\":\"WebSite\",\"@id\":\"https:\\\/\\\/www.organisator.ch\\\/#website\",\"url\":\"https:\\\/\\\/www.organisator.ch\\\/\",\"name\":\"Organisator\",\"description\":\"Kompetent. Praxisnah. Der ORGANISATOR bereitet in 10 Ausgaben pro Jahr die wesentlichen Themen f\u00fcr F\u00fchrungskr\u00e4fte von KMU auf.\",\"publisher\":{\"@id\":\"https:\\\/\\\/www.organisator.ch\\\/#organization\"},\"potentialAction\":[{\"@type\":\"SearchAction\",\"target\":{\"@type\":\"EntryPoint\",\"urlTemplate\":\"https:\\\/\\\/www.organisator.ch\\\/?s={search_term_string}\"},\"query-input\":{\"@type\":\"PropertyValueSpecification\",\"valueRequired\":true,\"valueName\":\"search_term_string\"}}],\"inLanguage\":\"en-US\"},{\"@type\":\"Organization\",\"@id\":\"https:\\\/\\\/www.organisator.ch\\\/#organization\",\"name\":\"Organisator\",\"url\":\"https:\\\/\\\/www.organisator.ch\\\/\",\"logo\":{\"@type\":\"ImageObject\",\"inLanguage\":\"en-US\",\"@id\":\"https:\\\/\\\/www.organisator.ch\\\/#\\\/schema\\\/logo\\\/image\\\/\",\"url\":\"https:\\\/\\\/www.organisator.ch\\\/wp-content\\\/uploads\\\/2022\\\/01\\\/Logo_Organisator_Website.png\",\"contentUrl\":\"https:\\\/\\\/www.organisator.ch\\\/wp-content\\\/uploads\\\/2022\\\/01\\\/Logo_Organisator_Website.png\",\"width\":800,\"height\":77,\"caption\":\"Organisator\"},\"image\":{\"@id\":\"https:\\\/\\\/www.organisator.ch\\\/#\\\/schema\\\/logo\\\/image\\\/\"},\"sameAs\":[\"https:\\\/\\\/www.facebook.com\\\/OrganisatorFachmagazin\",\"https:\\\/\\\/www.linkedin.com\\\/showcase\\\/organisator-das-magazin-fr-kmu\",\"https:\\\/\\\/www.xing.com\\\/news\\\/pages\\\/organisator-ch-695\",\"https:\\\/\\\/www.youtube.com\\\/channel\\\/UCGP2Sq0iWaZwT3BdIAQFYpw\"]},{\"@type\":\"Person\",\"@id\":\"https:\\\/\\\/www.organisator.ch\\\/#\\\/schema\\\/person\\\/6f650f90b2842cd4c0cc334b4e36f67e\",\"name\":\"thomas.berner\",\"image\":{\"@type\":\"ImageObject\",\"inLanguage\":\"en-US\",\"@id\":\"https:\\\/\\\/secure.gravatar.com\\\/avatar\\\/ac5001d2a36cb6c6cd3e50789007ffca834b477b74a2144564522e944eabff61?s=96&d=mm&r=g\",\"url\":\"https:\\\/\\\/secure.gravatar.com\\\/avatar\\\/ac5001d2a36cb6c6cd3e50789007ffca834b477b74a2144564522e944eabff61?s=96&d=mm&r=g\",\"contentUrl\":\"https:\\\/\\\/secure.gravatar.com\\\/avatar\\\/ac5001d2a36cb6c6cd3e50789007ffca834b477b74a2144564522e944eabff61?s=96&d=mm&r=g\",\"caption\":\"thomas.berner\"},\"url\":\"https:\\\/\\\/www.organisator.ch\\\/en\\\/author\\\/thomas-berner\\\/\"}]}<\/script>\n<!-- \/ Yoast SEO plugin. -->","yoast_head_json":{"title":"Kristina Kraxner becomes new General Manager at Gaba Switzerland - Organizer","description":"Dr. Kristina Kraxner took over the position of General Manager at Gaba Schweiz AG on April 1, 2025.","robots":{"index":"index","follow":"follow","max-snippet":"max-snippet:-1","max-image-preview":"max-image-preview:large","max-video-preview":"max-video-preview:-1"},"canonical":"https:\/\/www.organisator.ch\/en\/general\/2025-04-08\/kristina-kraxner-wird-neue-general-managerin-bei-gaba-schweiz\/","og_locale":"en_US","og_type":"article","og_title":"Kristina Kraxner wird neue General Managerin bei Gaba Schweiz","og_description":"Bei Gaba Schweiz AG hat am 1. April 2025 Dr. Kristina Kraxner die Position als neue General Managerin \u00fcbernommen.","og_url":"https:\/\/www.organisator.ch\/en\/general\/2025-04-08\/kristina-kraxner-wird-neue-general-managerin-bei-gaba-schweiz\/","og_site_name":"Organisator","article_publisher":"https:\/\/www.facebook.com\/OrganisatorFachmagazin","article_published_time":"2025-04-08T11:40:20+00:00","article_modified_time":"2025-04-08T12:57:53+00:00","og_image":[{"width":583,"height":660,"url":"https:\/\/www.organisator.ch\/wp-content\/uploads\/2025\/04\/Kristina-Kraxner.jpg","type":"image\/jpeg"}],"author":"thomas.berner","twitter_card":"summary_large_image","twitter_title":"Kristina #Kraxner wird neue General Managerin bei #Gaba Schweiz","twitter_description":"Bei #Gaba Schweiz AG hat am 1. April 2025 Dr. Kristina #Kraxner die Position als neue General Managerin \u00fcbernommen.","twitter_image":"https:\/\/www.organisator.ch\/wp-content\/uploads\/2025\/04\/Kristina-Kraxner.jpg","schema":{"@context":"https:\/\/schema.org","@graph":[{"@type":"Article","@id":"https:\/\/www.organisator.ch\/allgemein\/2025-04-08\/kristina-kraxner-wird-neue-general-managerin-bei-gaba-schweiz\/#article","isPartOf":{"@id":"https:\/\/www.organisator.ch\/allgemein\/2025-04-08\/kristina-kraxner-wird-neue-general-managerin-bei-gaba-schweiz\/"},"author":{"name":"thomas.berner","@id":"https:\/\/www.organisator.ch\/#\/schema\/person\/6f650f90b2842cd4c0cc334b4e36f67e"},"headline":"Kristina Kraxner wird neue General Managerin bei Gaba Schweiz","datePublished":"2025-04-08T11:40:20+00:00","dateModified":"2025-04-08T12:57:53+00:00","mainEntityOfPage":{"@id":"https:\/\/www.organisator.ch\/allgemein\/2025-04-08\/kristina-kraxner-wird-neue-general-managerin-bei-gaba-schweiz\/"},"wordCount":250,"publisher":{"@id":"https:\/\/www.organisator.ch\/#organization"},"image":{"@id":"https:\/\/www.organisator.ch\/allgemein\/2025-04-08\/kristina-kraxner-wird-neue-general-managerin-bei-gaba-schweiz\/#primaryimage"},"thumbnailUrl":"https:\/\/www.organisator.ch\/wp-content\/uploads\/2025\/04\/Kristina-Kraxner.jpg","keywords":["Management","Personalia","Unternehmen"],"articleSection":["Allgemein"],"inLanguage":"en-US"},{"@type":"WebPage","@id":"https:\/\/www.organisator.ch\/allgemein\/2025-04-08\/kristina-kraxner-wird-neue-general-managerin-bei-gaba-schweiz\/","url":"https:\/\/www.organisator.ch\/allgemein\/2025-04-08\/kristina-kraxner-wird-neue-general-managerin-bei-gaba-schweiz\/","name":"Kristina Kraxner becomes new General Manager at Gaba Switzerland - Organizer","isPartOf":{"@id":"https:\/\/www.organisator.ch\/#website"},"primaryImageOfPage":{"@id":"https:\/\/www.organisator.ch\/allgemein\/2025-04-08\/kristina-kraxner-wird-neue-general-managerin-bei-gaba-schweiz\/#primaryimage"},"image":{"@id":"https:\/\/www.organisator.ch\/allgemein\/2025-04-08\/kristina-kraxner-wird-neue-general-managerin-bei-gaba-schweiz\/#primaryimage"},"thumbnailUrl":"https:\/\/www.organisator.ch\/wp-content\/uploads\/2025\/04\/Kristina-Kraxner.jpg","datePublished":"2025-04-08T11:40:20+00:00","dateModified":"2025-04-08T12:57:53+00:00","description":"Dr. Kristina Kraxner took over the position of General Manager at Gaba Schweiz AG on April 1, 2025.","breadcrumb":{"@id":"https:\/\/www.organisator.ch\/allgemein\/2025-04-08\/kristina-kraxner-wird-neue-general-managerin-bei-gaba-schweiz\/#breadcrumb"},"inLanguage":"en-US","potentialAction":[{"@type":"ReadAction","target":["https:\/\/www.organisator.ch\/allgemein\/2025-04-08\/kristina-kraxner-wird-neue-general-managerin-bei-gaba-schweiz\/"]}]},{"@type":"ImageObject","inLanguage":"en-US","@id":"https:\/\/www.organisator.ch\/allgemein\/2025-04-08\/kristina-kraxner-wird-neue-general-managerin-bei-gaba-schweiz\/#primaryimage","url":"https:\/\/www.organisator.ch\/wp-content\/uploads\/2025\/04\/Kristina-Kraxner.jpg","contentUrl":"https:\/\/www.organisator.ch\/wp-content\/uploads\/2025\/04\/Kristina-Kraxner.jpg","width":583,"height":660,"caption":"Kristina Kraxner, neue General Managerin bei Gaba Schweiz. (Bild: zVg)"},{"@type":"BreadcrumbList","@id":"https:\/\/www.organisator.ch\/allgemein\/2025-04-08\/kristina-kraxner-wird-neue-general-managerin-bei-gaba-schweiz\/#breadcrumb","itemListElement":[{"@type":"ListItem","position":1,"name":"Home","item":"https:\/\/www.organisator.ch\/"},{"@type":"ListItem","position":2,"name":"Kristina Kraxner wird neue General Managerin bei Gaba Schweiz"}]},{"@type":"WebSite","@id":"https:\/\/www.organisator.ch\/#website","url":"https:\/\/www.organisator.ch\/","name":"Organizer","description":"Competent. Practical. In 10 issues per year, ORGANISATOR presents the essential topics for managers of SMEs.","publisher":{"@id":"https:\/\/www.organisator.ch\/#organization"},"potentialAction":[{"@type":"SearchAction","target":{"@type":"EntryPoint","urlTemplate":"https:\/\/www.organisator.ch\/?s={search_term_string}"},"query-input":{"@type":"PropertyValueSpecification","valueRequired":true,"valueName":"search_term_string"}}],"inLanguage":"en-US"},{"@type":"Organization","@id":"https:\/\/www.organisator.ch\/#organization","name":"Organizer","url":"https:\/\/www.organisator.ch\/","logo":{"@type":"ImageObject","inLanguage":"en-US","@id":"https:\/\/www.organisator.ch\/#\/schema\/logo\/image\/","url":"https:\/\/www.organisator.ch\/wp-content\/uploads\/2022\/01\/Logo_Organisator_Website.png","contentUrl":"https:\/\/www.organisator.ch\/wp-content\/uploads\/2022\/01\/Logo_Organisator_Website.png","width":800,"height":77,"caption":"Organisator"},"image":{"@id":"https:\/\/www.organisator.ch\/#\/schema\/logo\/image\/"},"sameAs":["https:\/\/www.facebook.com\/OrganisatorFachmagazin","https:\/\/www.linkedin.com\/showcase\/organisator-das-magazin-fr-kmu","https:\/\/www.xing.com\/news\/pages\/organisator-ch-695","https:\/\/www.youtube.com\/channel\/UCGP2Sq0iWaZwT3BdIAQFYpw"]},{"@type":"Person","@id":"https:\/\/www.organisator.ch\/#\/schema\/person\/6f650f90b2842cd4c0cc334b4e36f67e","name":"thomas.berner","image":{"@type":"ImageObject","inLanguage":"en-US","@id":"https:\/\/secure.gravatar.com\/avatar\/ac5001d2a36cb6c6cd3e50789007ffca834b477b74a2144564522e944eabff61?s=96&d=mm&r=g","url":"https:\/\/secure.gravatar.com\/avatar\/ac5001d2a36cb6c6cd3e50789007ffca834b477b74a2144564522e944eabff61?s=96&d=mm&r=g","contentUrl":"https:\/\/secure.gravatar.com\/avatar\/ac5001d2a36cb6c6cd3e50789007ffca834b477b74a2144564522e944eabff61?s=96&d=mm&r=g","caption":"thomas.berner"},"url":"https:\/\/www.organisator.ch\/en\/author\/thomas-berner\/"}]}},"_links":{"self":[{"href":"https:\/\/www.organisator.ch\/en\/wp-json\/wp\/v2\/posts\/37544","targetHints":{"allow":["GET"]}}],"collection":[{"href":"https:\/\/www.organisator.ch\/en\/wp-json\/wp\/v2\/posts"}],"about":[{"href":"https:\/\/www.organisator.ch\/en\/wp-json\/wp\/v2\/types\/post"}],"author":[{"embeddable":true,"href":"https:\/\/www.organisator.ch\/en\/wp-json\/wp\/v2\/users\/4"}],"replies":[{"embeddable":true,"href":"https:\/\/www.organisator.ch\/en\/wp-json\/wp\/v2\/comments?post=37544"}],"version-history":[{"count":3,"href":"https:\/\/www.organisator.ch\/en\/wp-json\/wp\/v2\/posts\/37544\/revisions"}],"predecessor-version":[{"id":37573,"href":"https:\/\/www.organisator.ch\/en\/wp-json\/wp\/v2\/posts\/37544\/revisions\/37573"}],"wp:featuredmedia":[{"embeddable":true,"href":"https:\/\/www.organisator.ch\/en\/wp-json\/wp\/v2\/media\/37545"}],"wp:attachment":[{"href":"https:\/\/www.organisator.ch\/en\/wp-json\/wp\/v2\/media?parent=37544"}],"wp:term":[{"taxonomy":"category","embeddable":true,"href":"https:\/\/www.organisator.ch\/en\/wp-json\/wp\/v2\/categories?post=37544"},{"taxonomy":"post_tag","embeddable":true,"href":"https:\/\/www.organisator.ch\/en\/wp-json\/wp\/v2\/tags?post=37544"}],"curies":[{"name":"wp","href":"https:\/\/api.w.org\/{rel}","templated":true}]}}