{"id":37587,"date":"2025-04-09T20:22:13","date_gmt":"2025-04-09T18:22:13","guid":{"rendered":"https:\/\/www.markt-kom.com\/?p=233136"},"modified":"2025-04-10T08:05:21","modified_gmt":"2025-04-10T06:05:21","slug":"blueten-und-perlen-heute-schon-gebostitched","status":"publish","type":"post","link":"https:\/\/www.organisator.ch\/en\/marketing\/2025-04-09\/blueten-und-perlen-heute-schon-gebostitched\/","title":{"rendered":"Flowers and pearls: already \"bostitched\" today?"},"content":{"rendered":"<p><a href=\"https:\/\/www.markt-kom.com\/wp-content\/uploads\/2025\/04\/pally-kolumne-05-bostitch.jpg\"><img class=\"aligncenter size-full wp-image-233138\" src=\"https:\/\/www.markt-kom.com\/wp-content\/uploads\/2025\/04\/pally-kolumne-05-bostitch.jpg\" sizes=\"(max-width: 1200px) 100vw, 1200px\" srcset=\"https:\/\/www.markt-kom.com\/wp-content\/uploads\/2025\/04\/pally-kolumne-05-bostitch.jpg 1200w, https:\/\/www.markt-kom.com\/wp-content\/uploads\/2025\/04\/pally-kolumne-05-bostitch-600x401.jpg 600w, https:\/\/www.markt-kom.com\/wp-content\/uploads\/2025\/04\/pally-kolumne-05-bostitch-1024x684.jpg 1024w, https:\/\/www.markt-kom.com\/wp-content\/uploads\/2025\/04\/pally-kolumne-05-bostitch-768x513.jpg 768w, https:\/\/www.markt-kom.com\/wp-content\/uploads\/2025\/04\/pally-kolumne-05-bostitch-18x12.jpg 18w, https:\/\/www.markt-kom.com\/wp-content\/uploads\/2025\/04\/pally-kolumne-05-bostitch-262x175.jpg 262w, https:\/\/www.markt-kom.com\/wp-content\/uploads\/2025\/04\/pally-kolumne-05-bostitch-524x350.jpg 524w, https:\/\/www.markt-kom.com\/wp-content\/uploads\/2025\/04\/pally-kolumne-05-bostitch-1000x668.jpg 1000w\" alt=\"\" width=\"1200\" height=\"801\" \/><\/a><\/p>\r\n<p>If your own brand or product name makes it into the dictionary, then \"you've made it\". The preliminary stage of this is being used as a verb or umbrella term. Of course, this actually happens quite rarely and this exclusivity alone makes it a kind of distinction. But can this quasi-immortality be bent somehow?<\/p>\r\n<p>When a new brand or a new product is launched, particularly shrewd marketers like to briefly check whether the name suggestions floating around could also be used as a verb or as an umbrella term. But this is hardly relevant. After all, language can do almost anything anyway - and whether it sounds \"nice\" doesn't really matter in the end. If someone had these thoughts back then at the \"Bostitch\" company in the USA: Chapeau! But then the product or the company would probably have a different name. It doesn't get much stranger than that.<\/p>\r\n<h3><strong>Stapler? Stapler? <\/strong><\/h3>\r\n<p>But Bostitch has just solved a problem. And we're not talking about the loose sheets of paper fluttering around. Apparently, at least in Switzerland, there didn't seem to be a satisfactory name for this device and the associated activity, so the company name Bostitch was quickly coined. Did this thing and the associated activity not even exist in Switzerland before? Or was \"stapler\" and \"stapling device\" simply too German? In any case, it struck a nerve of sorts, filling a linguistic vacuum. So well, in fact, that many people no longer even know that Bostitch is not a device, but a company. Some even think it's a technical term from the stationery industry.<\/p>\r\n<p>One might argue that it would be an absolute worst case scenario if the product is a huge success - but unfortunately the name cannot be used as a verb! As is supposedly the case with Galaxus: Or have you ever galaxed today (or would it be \"gelaxt\" or \"geg\u00f6laxt\", as a mixture of geg\u00f6nnt and Galaxus)? The problem here is that galaxus does not solve a problem linguistically, because there is no problem: There is simply no need to find another word for \"bestellen\" or \"Onlineshop\". That's bad luck for Galaxus.<\/p>\r\n<h3><strong>Create the problem and then solve it<\/strong><\/h3>\r\n<p>The name \"Google\" is also not at all a good verbalization, but it has crept in without hesitation. Because it is simply better than \"searching for something on the Internet using a search engine\". With \"Twinten\", the corresponding activity simply didn't exist before the product - a forced verbalization, so to speak. Or to put it another way: along with the product, Twint also created the linguistic problem that it immediately solved again.<\/p>\r\n<p>Sure: in hindsight, everything seems somehow logical. But it helps to think about whether there is even a linguistic necessity or gap that can be filled before thinking about the most elegant verbalized application of a new brand or product name. And even then: if Bostitch makes it into everyday language, then so can others.<\/p>\r\n<p>Of course, there are also these desperate attempts to use the name as a verb or umbrella term via advertising. Like \"Nogger yourself one!\". Go ahead and google it, preferably via image search. Together with this absurd appearance, it was somehow weird enough for the slogan to be dropped sarcastically. After all, it has made itself virtually immortal in its own way as a dubious but much-used example of the problem at hand.<\/p>\r\n<hr \/>\r\n<p><em>Analyzed since 2025\u00a0<strong>Sarah Pally<\/strong> In her column \"Blossoms and Pearls\", she uses industry-related terms and comments on them with a personal touch, from a linguistic perspective - as well as with a precise view of developments in the industry. <\/em><em>Pally is a partner in the Partner &amp; Partner agency in Winterthur. She has been working in the fields of content marketing, text\/concept and storytelling in the communications and marketing sector for 15 years.<\/em><\/p>","protected":false},"excerpt":{"rendered":"<p>Sarah Pally, linguist and partner at the agency Partner &amp; Partner, takes a close look at (advertising) language in her column \"Blossoms and pearls\". This time it's all about products and brands that have crept into everyday language.<\/p>","protected":false},"author":8,"featured_media":0,"comment_status":"closed","ping_status":"closed","sticky":false,"template":"","format":"standard","meta":{"_acf_changed":false,"_yoast_wpseo_focuskw":"Kolumne","_yoast_wpseo_metadesc":"Sarah Pally, Linguistin und Partnerin bei der Agentur Partner & Partner, nimmt in ihrer Kolumne \u00abBl\u00fcten und Perlen\u00bb die (Werbe-)Sprache unter die Lupe.","articlekey":"","footnotes":""},"categories":[29],"tags":[5072,306,4343],"class_list":["post-37587","post","type-post","status-publish","format-standard","hentry","category-marketing","tag-blueten-und-perlen","tag-kolumne","tag-markom"],"acf":[],"yoast_head":"<!-- This site is optimized with the Yoast SEO plugin v27.5 - https:\/\/yoast.com\/product\/yoast-seo-wordpress\/ -->\n<title>Bl\u00fcten und Perlen: Heute schon \u00abgebostitched\u00bb? - Organisator<\/title>\n<meta name=\"description\" content=\"Sarah Pally, Linguistin und Partnerin bei der Agentur Partner &amp; Partner, nimmt in ihrer Kolumne \u00abBl\u00fcten und Perlen\u00bb die (Werbe-)Sprache unter die Lupe.\" \/>\n<meta name=\"robots\" content=\"index, follow, max-snippet:-1, max-image-preview:large, max-video-preview:-1\" \/>\n<link rel=\"canonical\" href=\"https:\/\/www.organisator.ch\/en\/marketing\/2025-04-09\/blueten-und-perlen-heute-schon-gebostitched\/\" \/>\n<meta property=\"og:locale\" content=\"en_US\" \/>\n<meta property=\"og:type\" content=\"article\" \/>\n<meta property=\"og:title\" content=\"Bl\u00fcten und Perlen: Heute schon \u00abgebostitched\u00bb? - Organisator\" \/>\n<meta property=\"og:description\" content=\"Sarah Pally, Linguistin und Partnerin bei der Agentur Partner &amp; Partner, nimmt in ihrer Kolumne \u00abBl\u00fcten und Perlen\u00bb die (Werbe-)Sprache unter die Lupe.\" \/>\n<meta property=\"og:url\" content=\"https:\/\/www.organisator.ch\/en\/marketing\/2025-04-09\/blueten-und-perlen-heute-schon-gebostitched\/\" \/>\n<meta property=\"og:site_name\" content=\"Organisator\" \/>\n<meta property=\"article:publisher\" content=\"https:\/\/www.facebook.com\/OrganisatorFachmagazin\" \/>\n<meta property=\"article:published_time\" content=\"2025-04-09T18:22:13+00:00\" \/>\n<meta property=\"article:modified_time\" content=\"2025-04-10T06:05:21+00:00\" \/>\n<meta name=\"author\" content=\"galledia\" \/>\n<meta name=\"twitter:card\" content=\"summary_large_image\" \/>\n<meta name=\"twitter:creator\" content=\"@admin\" \/>\n<script type=\"application\/ld+json\" class=\"yoast-schema-graph\">{\"@context\":\"https:\\\/\\\/schema.org\",\"@graph\":[{\"@type\":\"Article\",\"@id\":\"https:\\\/\\\/www.organisator.ch\\\/marketing\\\/2025-04-09\\\/blueten-und-perlen-heute-schon-gebostitched\\\/#article\",\"isPartOf\":{\"@id\":\"https:\\\/\\\/www.organisator.ch\\\/marketing\\\/2025-04-09\\\/blueten-und-perlen-heute-schon-gebostitched\\\/\"},\"author\":{\"name\":\"galledia\",\"@id\":\"https:\\\/\\\/www.organisator.ch\\\/#\\\/schema\\\/person\\\/4e51799071cd2dd1232ac003643ef5f0\"},\"headline\":\"Bl\u00fcten und Perlen: Heute schon \u00abgebostitched\u00bb?\",\"datePublished\":\"2025-04-09T18:22:13+00:00\",\"dateModified\":\"2025-04-10T06:05:21+00:00\",\"mainEntityOfPage\":{\"@id\":\"https:\\\/\\\/www.organisator.ch\\\/marketing\\\/2025-04-09\\\/blueten-und-perlen-heute-schon-gebostitched\\\/\"},\"wordCount\":644,\"publisher\":{\"@id\":\"https:\\\/\\\/www.organisator.ch\\\/#organization\"},\"image\":{\"@id\":\"https:\\\/\\\/www.organisator.ch\\\/marketing\\\/2025-04-09\\\/blueten-und-perlen-heute-schon-gebostitched\\\/#primaryimage\"},\"thumbnailUrl\":\"https:\\\/\\\/www.markt-kom.com\\\/wp-content\\\/uploads\\\/2025\\\/04\\\/pally-kolumne-05-bostitch.jpg\",\"keywords\":[\"Bl\u00fcten und Perlen\",\"Kolumne\",\"MarKom\"],\"articleSection\":[\"MARKETING\"],\"inLanguage\":\"en-US\"},{\"@type\":\"WebPage\",\"@id\":\"https:\\\/\\\/www.organisator.ch\\\/marketing\\\/2025-04-09\\\/blueten-und-perlen-heute-schon-gebostitched\\\/\",\"url\":\"https:\\\/\\\/www.organisator.ch\\\/marketing\\\/2025-04-09\\\/blueten-und-perlen-heute-schon-gebostitched\\\/\",\"name\":\"Bl\u00fcten und Perlen: Heute schon \u00abgebostitched\u00bb? - Organisator\",\"isPartOf\":{\"@id\":\"https:\\\/\\\/www.organisator.ch\\\/#website\"},\"primaryImageOfPage\":{\"@id\":\"https:\\\/\\\/www.organisator.ch\\\/marketing\\\/2025-04-09\\\/blueten-und-perlen-heute-schon-gebostitched\\\/#primaryimage\"},\"image\":{\"@id\":\"https:\\\/\\\/www.organisator.ch\\\/marketing\\\/2025-04-09\\\/blueten-und-perlen-heute-schon-gebostitched\\\/#primaryimage\"},\"thumbnailUrl\":\"https:\\\/\\\/www.markt-kom.com\\\/wp-content\\\/uploads\\\/2025\\\/04\\\/pally-kolumne-05-bostitch.jpg\",\"datePublished\":\"2025-04-09T18:22:13+00:00\",\"dateModified\":\"2025-04-10T06:05:21+00:00\",\"description\":\"Sarah Pally, Linguistin und Partnerin bei der Agentur Partner & Partner, nimmt in ihrer Kolumne \u00abBl\u00fcten und Perlen\u00bb die (Werbe-)Sprache unter die Lupe.\",\"breadcrumb\":{\"@id\":\"https:\\\/\\\/www.organisator.ch\\\/marketing\\\/2025-04-09\\\/blueten-und-perlen-heute-schon-gebostitched\\\/#breadcrumb\"},\"inLanguage\":\"en-US\",\"potentialAction\":[{\"@type\":\"ReadAction\",\"target\":[\"https:\\\/\\\/www.organisator.ch\\\/marketing\\\/2025-04-09\\\/blueten-und-perlen-heute-schon-gebostitched\\\/\"]}]},{\"@type\":\"ImageObject\",\"inLanguage\":\"en-US\",\"@id\":\"https:\\\/\\\/www.organisator.ch\\\/marketing\\\/2025-04-09\\\/blueten-und-perlen-heute-schon-gebostitched\\\/#primaryimage\",\"url\":\"https:\\\/\\\/www.markt-kom.com\\\/wp-content\\\/uploads\\\/2025\\\/04\\\/pally-kolumne-05-bostitch.jpg\",\"contentUrl\":\"https:\\\/\\\/www.markt-kom.com\\\/wp-content\\\/uploads\\\/2025\\\/04\\\/pally-kolumne-05-bostitch.jpg\"},{\"@type\":\"BreadcrumbList\",\"@id\":\"https:\\\/\\\/www.organisator.ch\\\/marketing\\\/2025-04-09\\\/blueten-und-perlen-heute-schon-gebostitched\\\/#breadcrumb\",\"itemListElement\":[{\"@type\":\"ListItem\",\"position\":1,\"name\":\"Home\",\"item\":\"https:\\\/\\\/www.organisator.ch\\\/\"},{\"@type\":\"ListItem\",\"position\":2,\"name\":\"Bl\u00fcten und Perlen: Heute schon \u00abgebostitched\u00bb?\"}]},{\"@type\":\"WebSite\",\"@id\":\"https:\\\/\\\/www.organisator.ch\\\/#website\",\"url\":\"https:\\\/\\\/www.organisator.ch\\\/\",\"name\":\"Organisator\",\"description\":\"Kompetent. Praxisnah. Der ORGANISATOR bereitet in 10 Ausgaben pro Jahr die wesentlichen Themen f\u00fcr F\u00fchrungskr\u00e4fte von KMU auf.\",\"publisher\":{\"@id\":\"https:\\\/\\\/www.organisator.ch\\\/#organization\"},\"potentialAction\":[{\"@type\":\"SearchAction\",\"target\":{\"@type\":\"EntryPoint\",\"urlTemplate\":\"https:\\\/\\\/www.organisator.ch\\\/?s={search_term_string}\"},\"query-input\":{\"@type\":\"PropertyValueSpecification\",\"valueRequired\":true,\"valueName\":\"search_term_string\"}}],\"inLanguage\":\"en-US\"},{\"@type\":\"Organization\",\"@id\":\"https:\\\/\\\/www.organisator.ch\\\/#organization\",\"name\":\"Organisator\",\"url\":\"https:\\\/\\\/www.organisator.ch\\\/\",\"logo\":{\"@type\":\"ImageObject\",\"inLanguage\":\"en-US\",\"@id\":\"https:\\\/\\\/www.organisator.ch\\\/#\\\/schema\\\/logo\\\/image\\\/\",\"url\":\"https:\\\/\\\/www.organisator.ch\\\/wp-content\\\/uploads\\\/2022\\\/01\\\/Logo_Organisator_Website.png\",\"contentUrl\":\"https:\\\/\\\/www.organisator.ch\\\/wp-content\\\/uploads\\\/2022\\\/01\\\/Logo_Organisator_Website.png\",\"width\":800,\"height\":77,\"caption\":\"Organisator\"},\"image\":{\"@id\":\"https:\\\/\\\/www.organisator.ch\\\/#\\\/schema\\\/logo\\\/image\\\/\"},\"sameAs\":[\"https:\\\/\\\/www.facebook.com\\\/OrganisatorFachmagazin\",\"https:\\\/\\\/www.linkedin.com\\\/showcase\\\/organisator-das-magazin-fr-kmu\",\"https:\\\/\\\/www.xing.com\\\/news\\\/pages\\\/organisator-ch-695\",\"https:\\\/\\\/www.youtube.com\\\/channel\\\/UCGP2Sq0iWaZwT3BdIAQFYpw\"]},{\"@type\":\"Person\",\"@id\":\"https:\\\/\\\/www.organisator.ch\\\/#\\\/schema\\\/person\\\/4e51799071cd2dd1232ac003643ef5f0\",\"name\":\"galledia\",\"image\":{\"@type\":\"ImageObject\",\"inLanguage\":\"en-US\",\"@id\":\"https:\\\/\\\/secure.gravatar.com\\\/avatar\\\/78a7f90c01fc2bfc875782a0d4922b37cde2cf184ce347b91316d23cd7f69a36?s=96&d=mm&r=g\",\"url\":\"https:\\\/\\\/secure.gravatar.com\\\/avatar\\\/78a7f90c01fc2bfc875782a0d4922b37cde2cf184ce347b91316d23cd7f69a36?s=96&d=mm&r=g\",\"contentUrl\":\"https:\\\/\\\/secure.gravatar.com\\\/avatar\\\/78a7f90c01fc2bfc875782a0d4922b37cde2cf184ce347b91316d23cd7f69a36?s=96&d=mm&r=g\",\"caption\":\"galledia\"},\"sameAs\":[\"https:\\\/\\\/x.com\\\/admin\"],\"url\":\"https:\\\/\\\/www.organisator.ch\\\/en\\\/author\\\/galledia\\\/\"}]}<\/script>\n<!-- \/ Yoast SEO plugin. -->","yoast_head_json":{"title":"Flowers and beads: already \"bostitched\" today? - Organizer","description":"Sarah Pally, linguist and partner at the agency Partner &amp; Partner, takes a close look at (advertising) language in her column \"Blossoms and pearls\".","robots":{"index":"index","follow":"follow","max-snippet":"max-snippet:-1","max-image-preview":"max-image-preview:large","max-video-preview":"max-video-preview:-1"},"canonical":"https:\/\/www.organisator.ch\/en\/marketing\/2025-04-09\/blueten-und-perlen-heute-schon-gebostitched\/","og_locale":"en_US","og_type":"article","og_title":"Bl\u00fcten und Perlen: Heute schon \u00abgebostitched\u00bb? - Organisator","og_description":"Sarah Pally, Linguistin und Partnerin bei der Agentur Partner & Partner, nimmt in ihrer Kolumne \u00abBl\u00fcten und Perlen\u00bb die (Werbe-)Sprache unter die Lupe.","og_url":"https:\/\/www.organisator.ch\/en\/marketing\/2025-04-09\/blueten-und-perlen-heute-schon-gebostitched\/","og_site_name":"Organisator","article_publisher":"https:\/\/www.facebook.com\/OrganisatorFachmagazin","article_published_time":"2025-04-09T18:22:13+00:00","article_modified_time":"2025-04-10T06:05:21+00:00","author":"galledia","twitter_card":"summary_large_image","twitter_creator":"@admin","schema":{"@context":"https:\/\/schema.org","@graph":[{"@type":"Article","@id":"https:\/\/www.organisator.ch\/marketing\/2025-04-09\/blueten-und-perlen-heute-schon-gebostitched\/#article","isPartOf":{"@id":"https:\/\/www.organisator.ch\/marketing\/2025-04-09\/blueten-und-perlen-heute-schon-gebostitched\/"},"author":{"name":"galledia","@id":"https:\/\/www.organisator.ch\/#\/schema\/person\/4e51799071cd2dd1232ac003643ef5f0"},"headline":"Bl\u00fcten und Perlen: Heute schon \u00abgebostitched\u00bb?","datePublished":"2025-04-09T18:22:13+00:00","dateModified":"2025-04-10T06:05:21+00:00","mainEntityOfPage":{"@id":"https:\/\/www.organisator.ch\/marketing\/2025-04-09\/blueten-und-perlen-heute-schon-gebostitched\/"},"wordCount":644,"publisher":{"@id":"https:\/\/www.organisator.ch\/#organization"},"image":{"@id":"https:\/\/www.organisator.ch\/marketing\/2025-04-09\/blueten-und-perlen-heute-schon-gebostitched\/#primaryimage"},"thumbnailUrl":"https:\/\/www.markt-kom.com\/wp-content\/uploads\/2025\/04\/pally-kolumne-05-bostitch.jpg","keywords":["Bl\u00fcten und Perlen","Kolumne","MarKom"],"articleSection":["MARKETING"],"inLanguage":"en-US"},{"@type":"WebPage","@id":"https:\/\/www.organisator.ch\/marketing\/2025-04-09\/blueten-und-perlen-heute-schon-gebostitched\/","url":"https:\/\/www.organisator.ch\/marketing\/2025-04-09\/blueten-und-perlen-heute-schon-gebostitched\/","name":"Flowers and beads: already \"bostitched\" today? - Organizer","isPartOf":{"@id":"https:\/\/www.organisator.ch\/#website"},"primaryImageOfPage":{"@id":"https:\/\/www.organisator.ch\/marketing\/2025-04-09\/blueten-und-perlen-heute-schon-gebostitched\/#primaryimage"},"image":{"@id":"https:\/\/www.organisator.ch\/marketing\/2025-04-09\/blueten-und-perlen-heute-schon-gebostitched\/#primaryimage"},"thumbnailUrl":"https:\/\/www.markt-kom.com\/wp-content\/uploads\/2025\/04\/pally-kolumne-05-bostitch.jpg","datePublished":"2025-04-09T18:22:13+00:00","dateModified":"2025-04-10T06:05:21+00:00","description":"Sarah Pally, linguist and partner at the agency Partner &amp; Partner, takes a close look at (advertising) language in her column \"Blossoms and pearls\".","breadcrumb":{"@id":"https:\/\/www.organisator.ch\/marketing\/2025-04-09\/blueten-und-perlen-heute-schon-gebostitched\/#breadcrumb"},"inLanguage":"en-US","potentialAction":[{"@type":"ReadAction","target":["https:\/\/www.organisator.ch\/marketing\/2025-04-09\/blueten-und-perlen-heute-schon-gebostitched\/"]}]},{"@type":"ImageObject","inLanguage":"en-US","@id":"https:\/\/www.organisator.ch\/marketing\/2025-04-09\/blueten-und-perlen-heute-schon-gebostitched\/#primaryimage","url":"https:\/\/www.markt-kom.com\/wp-content\/uploads\/2025\/04\/pally-kolumne-05-bostitch.jpg","contentUrl":"https:\/\/www.markt-kom.com\/wp-content\/uploads\/2025\/04\/pally-kolumne-05-bostitch.jpg"},{"@type":"BreadcrumbList","@id":"https:\/\/www.organisator.ch\/marketing\/2025-04-09\/blueten-und-perlen-heute-schon-gebostitched\/#breadcrumb","itemListElement":[{"@type":"ListItem","position":1,"name":"Home","item":"https:\/\/www.organisator.ch\/"},{"@type":"ListItem","position":2,"name":"Bl\u00fcten und Perlen: Heute schon \u00abgebostitched\u00bb?"}]},{"@type":"WebSite","@id":"https:\/\/www.organisator.ch\/#website","url":"https:\/\/www.organisator.ch\/","name":"Organizer","description":"Competent. Practical. In 10 issues per year, ORGANISATOR presents the essential topics for managers of SMEs.","publisher":{"@id":"https:\/\/www.organisator.ch\/#organization"},"potentialAction":[{"@type":"SearchAction","target":{"@type":"EntryPoint","urlTemplate":"https:\/\/www.organisator.ch\/?s={search_term_string}"},"query-input":{"@type":"PropertyValueSpecification","valueRequired":true,"valueName":"search_term_string"}}],"inLanguage":"en-US"},{"@type":"Organization","@id":"https:\/\/www.organisator.ch\/#organization","name":"Organizer","url":"https:\/\/www.organisator.ch\/","logo":{"@type":"ImageObject","inLanguage":"en-US","@id":"https:\/\/www.organisator.ch\/#\/schema\/logo\/image\/","url":"https:\/\/www.organisator.ch\/wp-content\/uploads\/2022\/01\/Logo_Organisator_Website.png","contentUrl":"https:\/\/www.organisator.ch\/wp-content\/uploads\/2022\/01\/Logo_Organisator_Website.png","width":800,"height":77,"caption":"Organisator"},"image":{"@id":"https:\/\/www.organisator.ch\/#\/schema\/logo\/image\/"},"sameAs":["https:\/\/www.facebook.com\/OrganisatorFachmagazin","https:\/\/www.linkedin.com\/showcase\/organisator-das-magazin-fr-kmu","https:\/\/www.xing.com\/news\/pages\/organisator-ch-695","https:\/\/www.youtube.com\/channel\/UCGP2Sq0iWaZwT3BdIAQFYpw"]},{"@type":"Person","@id":"https:\/\/www.organisator.ch\/#\/schema\/person\/4e51799071cd2dd1232ac003643ef5f0","name":"galledia","image":{"@type":"ImageObject","inLanguage":"en-US","@id":"https:\/\/secure.gravatar.com\/avatar\/78a7f90c01fc2bfc875782a0d4922b37cde2cf184ce347b91316d23cd7f69a36?s=96&d=mm&r=g","url":"https:\/\/secure.gravatar.com\/avatar\/78a7f90c01fc2bfc875782a0d4922b37cde2cf184ce347b91316d23cd7f69a36?s=96&d=mm&r=g","contentUrl":"https:\/\/secure.gravatar.com\/avatar\/78a7f90c01fc2bfc875782a0d4922b37cde2cf184ce347b91316d23cd7f69a36?s=96&d=mm&r=g","caption":"galledia"},"sameAs":["https:\/\/x.com\/admin"],"url":"https:\/\/www.organisator.ch\/en\/author\/galledia\/"}]}},"_links":{"self":[{"href":"https:\/\/www.organisator.ch\/en\/wp-json\/wp\/v2\/posts\/37587","targetHints":{"allow":["GET"]}}],"collection":[{"href":"https:\/\/www.organisator.ch\/en\/wp-json\/wp\/v2\/posts"}],"about":[{"href":"https:\/\/www.organisator.ch\/en\/wp-json\/wp\/v2\/types\/post"}],"author":[{"embeddable":true,"href":"https:\/\/www.organisator.ch\/en\/wp-json\/wp\/v2\/users\/8"}],"replies":[{"embeddable":true,"href":"https:\/\/www.organisator.ch\/en\/wp-json\/wp\/v2\/comments?post=37587"}],"version-history":[{"count":5,"href":"https:\/\/www.organisator.ch\/en\/wp-json\/wp\/v2\/posts\/37587\/revisions"}],"predecessor-version":[{"id":37597,"href":"https:\/\/www.organisator.ch\/en\/wp-json\/wp\/v2\/posts\/37587\/revisions\/37597"}],"wp:attachment":[{"href":"https:\/\/www.organisator.ch\/en\/wp-json\/wp\/v2\/media?parent=37587"}],"wp:term":[{"taxonomy":"category","embeddable":true,"href":"https:\/\/www.organisator.ch\/en\/wp-json\/wp\/v2\/categories?post=37587"},{"taxonomy":"post_tag","embeddable":true,"href":"https:\/\/www.organisator.ch\/en\/wp-json\/wp\/v2\/tags?post=37587"}],"curies":[{"name":"wp","href":"https:\/\/api.w.org\/{rel}","templated":true}]}}