{"id":3761,"date":"2018-06-08T09:35:43","date_gmt":"2018-06-08T07:35:43","guid":{"rendered":"https:\/\/www.organisator.ch\/?p=3761"},"modified":"2018-06-08T09:35:43","modified_gmt":"2018-06-08T07:35:43","slug":"ostschweizer-personaltag-2018-human-first-als-bewaehrtes-fuehrungs-credo","status":"publish","type":"post","link":"https:\/\/www.organisator.ch\/en\/human-resources\/hrm\/2018-06-08\/ostschweizer-personaltag-2018-human-first-als-bewaehrtes-fuehrungs-credo\/","title":{"rendered":"Ostschweizer Personaltag 2018: \"Human First\" as a proven leadership credo"},"content":{"rendered":"<figure id=\"attachment_3764\" aria-describedby=\"caption-attachment-3764\" style=\"width: 640px\" class=\"wp-caption alignnone\"><img loading=\"lazy\" decoding=\"async\" class=\"size-full wp-image-3764\" src=\"https:\/\/www.organisator.ch\/wp-content\/uploads\/2018\/06\/Ostschweizer-Personaltag-2018-\u201eHuman-First-als-bewaehrtes-Fuehrungs-Credo-1_Organisator.jpg\" alt=\"\" width=\"640\" height=\"425\" srcset=\"https:\/\/www.organisator.ch\/wp-content\/uploads\/2018\/06\/Ostschweizer-Personaltag-2018-\u201eHuman-First-als-bewaehrtes-Fuehrungs-Credo-1_Organisator.jpg 640w, https:\/\/www.organisator.ch\/wp-content\/uploads\/2018\/06\/Ostschweizer-Personaltag-2018-\u201eHuman-First-als-bewaehrtes-Fuehrungs-Credo-1_Organisator-16x12.jpg 16w, https:\/\/www.organisator.ch\/wp-content\/uploads\/2018\/06\/Ostschweizer-Personaltag-2018-\u201eHuman-First-als-bewaehrtes-Fuehrungs-Credo-1_Organisator-264x175.jpg 264w, https:\/\/www.organisator.ch\/wp-content\/uploads\/2018\/06\/Ostschweizer-Personaltag-2018-\u201eHuman-First-als-bewaehrtes-Fuehrungs-Credo-1_Organisator-527x350.jpg 527w, https:\/\/www.organisator.ch\/wp-content\/uploads\/2018\/06\/Ostschweizer-Personaltag-2018-\u201eHuman-First-als-bewaehrtes-Fuehrungs-Credo-1_Organisator-300x199.jpg 300w\" sizes=\"auto, (max-width: 640px) 100vw, 640px\" \/><figcaption id=\"caption-attachment-3764\" class=\"wp-caption-text\">The leadership credo \"Human First\" was the common thread running through the East Switzerland HR Day. In the picture: Barbara Josef in conversation with moderator Matthias Wipf. (Photo: Thomas Berner)<\/figcaption><\/figure>\n<p>Abdullah Redzepi, member of the patronage committee of the East Switzerland HR Day and lecturer at the University of Applied Sciences St.Gallen, made it clear right at the beginning what many in the room were probably thinking: \"Flexible\" in connection with work has become a \"killer term\" today. Much of what needs to become more \"flexible\" is already a reality today: people work on a mobile basis, they can sometimes arrive at work an hour later and continue working after the office closes. What is needed, however, are new forms of collaboration. This is a challenge for management, and many of the new challenges - artificial intelligence, automation, etc. - can also trigger fear.<\/p>\n<h2>Human First<\/h2>\n<p>So what is needed above all are changes in behavior. Behavioral economist Andreas Staub explored these in his presentation. Based on short surveys in the audience, he showed \"classic\" behaviors in everyday situations. Many people behave impulsively, and impulsive decisions are not always the right ones. This realization plays a role in change processes and must be taken into account accordingly. An important character of human behavior is also the willingness to give something. This must also be used in change processes. According to Andreas Staub, this leads to the principle of \"human first\" as the basis for functioning corporate cultures. If the culture is right, it is easier to implement any strategy, says Staub.<\/p>\n<figure id=\"attachment_3765\" aria-describedby=\"caption-attachment-3765\" style=\"width: 640px\" class=\"wp-caption alignnone\"><img loading=\"lazy\" decoding=\"async\" class=\"size-full wp-image-3765\" src=\"https:\/\/www.organisator.ch\/wp-content\/uploads\/2018\/06\/Ostschweizer-Personaltag-2018-\u201eHuman-First-als-bewaehrtes-Fuehrungs-Credo-2_Organisator.jpg\" alt=\"\" width=\"640\" height=\"425\" srcset=\"https:\/\/www.organisator.ch\/wp-content\/uploads\/2018\/06\/Ostschweizer-Personaltag-2018-\u201eHuman-First-als-bewaehrtes-Fuehrungs-Credo-2_Organisator.jpg 640w, https:\/\/www.organisator.ch\/wp-content\/uploads\/2018\/06\/Ostschweizer-Personaltag-2018-\u201eHuman-First-als-bewaehrtes-Fuehrungs-Credo-2_Organisator-16x12.jpg 16w, https:\/\/www.organisator.ch\/wp-content\/uploads\/2018\/06\/Ostschweizer-Personaltag-2018-\u201eHuman-First-als-bewaehrtes-Fuehrungs-Credo-2_Organisator-264x175.jpg 264w, https:\/\/www.organisator.ch\/wp-content\/uploads\/2018\/06\/Ostschweizer-Personaltag-2018-\u201eHuman-First-als-bewaehrtes-Fuehrungs-Credo-2_Organisator-527x350.jpg 527w, https:\/\/www.organisator.ch\/wp-content\/uploads\/2018\/06\/Ostschweizer-Personaltag-2018-\u201eHuman-First-als-bewaehrtes-Fuehrungs-Credo-2_Organisator-300x199.jpg 300w\" sizes=\"auto, (max-width: 640px) 100vw, 640px\" \/><figcaption id=\"caption-attachment-3765\" class=\"wp-caption-text\">Barbara Schaerer, Director of the Federal Personnel Office, shows the challenges of Administration 4.0. (Photo: Thomas Berner)<\/figcaption><\/figure>\n<h2>Management 4.0<\/h2>\n<p>Barbara Schaerer, the federal government's top human resources manager, has plenty to say about how difficult it can sometimes be to implement strategies. In her presentation, she explained what \"Administration 4.0\" could look like and the stumbling blocks that have to be overcome. In particular, the three-tier nature of our administration - federal, cantonal, municipal - proves to be a challenge time and again. The fact that the departments are politically managed also means that the sometimes desired flexibility - for example in personnel decisions - cannot be fully exploited everywhere. Nevertheless, Barbara Schaerer was able to show why the federal administration is an attractive employer in many respects, as many demands for modern forms of work can already be met.<\/p>\n<h2>Work is an activity, not a place<\/h2>\n<p>Barbara Josef, a former Microsoft manager and now a blogger and independent consultant, brought the euphoria surrounding co-working and other so-called \"new forms of work\" back down to earth. On the one hand, of course, she does not deny that co-working has many advantages, for freelancers, for example, but also for larger companies, in order to grant their employees more flexibility in the choice of work locations in the sense of a culture of trust. On the other hand, coworking can also have a negative impact, for example by creating a dispersed workload and increasing coordination efforts. However: Work is first and foremost an activity, not a place. Against this backdrop, \"boundary management,\" i.e., the conscious mixing of work and leisure, is becoming increasingly important. This calls for a willingness to experiment: Barbara Josef called substitution, augmentation, modification and redefinition the \"magic words\" in the interaction of work scenarios.<\/p>\n<h2>Amazing and heroic<\/h2>\n<p>Mental trainer Tobias Heinemann used amazing experiments to show how the human psyche works, for example when telling untruths. There are no clear signs of whether someone is lying, but changes in body language can give more or less clear indications. Finally, Nicole Brandes, entrepreneur and management coach, picked up the audience on the human ability to be a hero. \"Robots can't be heroes,\" the speaker said. She appealed to be guided by four roles: Thinker, Fighter, Lover and Dreamer. To think the unthinkable, to look fear in the eye and still dare to take the step, to see feelings as a connection to life as well as to find the actual meaning in the fulfillment of dreams were some of Nicole Brandes' central messages. Here again: Human First.<\/p>\n<figure id=\"attachment_3766\" aria-describedby=\"caption-attachment-3766\" style=\"width: 640px\" class=\"wp-caption alignnone\"><img loading=\"lazy\" decoding=\"async\" class=\"size-full wp-image-3766\" src=\"https:\/\/www.organisator.ch\/wp-content\/uploads\/2018\/06\/Ostschweizer-Personaltag-2018-&quot;human-first-as-a-proven-leadership-creed-3_organizer.jpg\" alt=\"\" width=\"640\" height=\"430\" srcset=\"\" sizes=\"auto, (max-width: 640px) 100vw, 640px\" data-srcset=\"\" \/><figcaption id=\"caption-attachment-3766\" class=\"wp-caption-text\">Nicole Brandes spoke about \"Leadership 4.0\". (Photo: Thomas Berner)<\/figcaption><\/figure>\n<p>As in the previous year, Matthias Wipf led through the very well attended event - the organizers spoke of a \"record crowd\". He was able to draw the speakers out of their shells with challenging questions. The president of the Free ERFA Group Personnel Eastern Switzerland, Karin Egle, concluded the afternoon with a reference to the next Eastern Switzerland Personnel Day, which will take place again in St.Gallen on June 6, 2019.<\/p>\n<p><em>Information: <a href=\"http:\/\/www.personaltag.ch\">www.personaltag.ch<\/a><\/em><\/p>","protected":false},"excerpt":{"rendered":"<p>Abdullah Redzepi, Mitglied des Patronatskomitees des Ostschweizer Personaltags und Dozent an der Fachhochschule St.Gallen, machte gleich zu Beginn deutlich, was wohl viele im Raum dachten: \u201eFlexibel\u201c im Zusammenhang mit Arbeit ist heute zu einem \u201eTotschlag-Begriff\u201c geworden. Vieles von dem, was alles \u201eflexibler\u201c werden m\u00fcsse, sei heute bereits Realit\u00e4t: Man arbeitet mobil, man kann heute durchaus [&hellip;]<\/p>\n","protected":false},"author":4,"featured_media":3766,"comment_status":"open","ping_status":"open","sticky":false,"template":"","format":"standard","meta":{"_acf_changed":false,"_yoast_wpseo_focuskw":"Human First","_yoast_wpseo_metadesc":"Am 7. Juni fand in St.Gallen der 14. Ostschweizer Personaltag statt. Die Referate-Themen drehten sich einerseits um die Ver\u00e4nderungen der Arbeitswelt, anderseits um die Konsequenzen f\u00fcr die F\u00fchrung.","articlekey":"","footnotes":""},"categories":[26],"tags":[103,254,335,502],"class_list":["post-3761","post","type-post","status-publish","format-standard","has-post-thumbnail","hentry","category-hrm","tag-business-excellence","tag-hrm","tag-management-und-unternehmensfuehrung","tag-veranstaltungen"],"acf":[],"yoast_head":"<!-- This site is optimized with the Yoast SEO plugin v27.5 - https:\/\/yoast.com\/product\/yoast-seo-wordpress\/ -->\n<title>Ostschweizer Personaltag 2018: \u201eHuman First\u201c als bew\u00e4hrtes F\u00fchrungs-Credo - Organisator<\/title>\n<meta name=\"description\" content=\"Am 7. Juni fand in St.Gallen der 14. Ostschweizer Personaltag statt. Die Referate-Themen drehten sich einerseits um die Ver\u00e4nderungen der Arbeitswelt, anderseits um die Konsequenzen f\u00fcr die F\u00fchrung.\" \/>\n<meta name=\"robots\" content=\"index, follow, max-snippet:-1, max-image-preview:large, max-video-preview:-1\" \/>\n<link rel=\"canonical\" href=\"https:\/\/www.organisator.ch\/en\/human-resources\/hrm\/2018-06-08\/ostschweizer-personaltag-2018-human-first-als-bewaehrtes-fuehrungs-credo\/\" \/>\n<meta property=\"og:locale\" content=\"en_US\" \/>\n<meta property=\"og:type\" content=\"article\" \/>\n<meta property=\"og:title\" content=\"Ostschweizer Personaltag 2018: \u201eHuman First\u201c als bew\u00e4hrtes F\u00fchrungs-Credo\" \/>\n<meta property=\"og:description\" content=\"Am 7. Juni fand in St.Gallen der 14. Ostschweizer Personaltag statt. Die Referate-Themen drehten sich einerseits um die Ver\u00e4nderungen der Arbeitswelt, anderseits um die Konsequenzen f\u00fcr die F\u00fchrung.\" \/>\n<meta property=\"og:url\" content=\"https:\/\/www.organisator.ch\/en\/human-resources\/hrm\/2018-06-08\/ostschweizer-personaltag-2018-human-first-als-bewaehrtes-fuehrungs-credo\/\" \/>\n<meta property=\"og:site_name\" content=\"Organisator\" \/>\n<meta property=\"article:publisher\" content=\"https:\/\/www.facebook.com\/OrganisatorFachmagazin\" \/>\n<meta property=\"article:published_time\" content=\"2018-06-08T07:35:43+00:00\" \/>\n<meta property=\"og:image\" content=\"https:\/\/www.organisator.ch\/wp-content\/uploads\/2018\/06\/Ostschweizer-Personaltag-2018-\u201eHuman-First-als-bewaehrtes-Fuehrungs-Credo-3_Organisator.jpg\" \/>\n\t<meta property=\"og:image:width\" content=\"640\" \/>\n\t<meta property=\"og:image:height\" content=\"430\" \/>\n\t<meta property=\"og:image:type\" content=\"image\/jpeg\" \/>\n<meta name=\"author\" content=\"thomas.berner\" \/>\n<meta name=\"twitter:card\" content=\"summary_large_image\" \/>\n<meta name=\"twitter:title\" content=\"Ostschweizer #Personaltag 2018: \u201eHuman First\u201c als bew\u00e4hrtes #F\u00fchrungs-Credo\" \/>\n<meta name=\"twitter:description\" content=\"Am 7. Juni fand in St.Gallen der 14. Ostschweizer #Personaltag statt. Die Referate-Themen drehten sich einerseits um die Ver\u00e4nderungen der Arbeitswelt, anderseits um die Konsequenzen f\u00fcr die F\u00fchrung.\" \/>\n<meta name=\"twitter:image\" content=\"https:\/\/www.organisator.ch\/wp-content\/uploads\/2018\/06\/Ostschweizer-Personaltag-2018-\u201eHuman-First\u201c-als-bew\u00e4hrtes-F\u00fchrungs-Credo-3_Organisator.jpg\" \/>\n<script type=\"application\/ld+json\" class=\"yoast-schema-graph\">{\"@context\":\"https:\\\/\\\/schema.org\",\"@graph\":[{\"@type\":\"Article\",\"@id\":\"https:\\\/\\\/www.organisator.ch\\\/human-resources\\\/hrm\\\/2018-06-08\\\/ostschweizer-personaltag-2018-human-first-als-bewaehrtes-fuehrungs-credo\\\/#article\",\"isPartOf\":{\"@id\":\"https:\\\/\\\/www.organisator.ch\\\/human-resources\\\/hrm\\\/2018-06-08\\\/ostschweizer-personaltag-2018-human-first-als-bewaehrtes-fuehrungs-credo\\\/\"},\"author\":{\"name\":\"thomas.berner\",\"@id\":\"https:\\\/\\\/www.organisator.ch\\\/#\\\/schema\\\/person\\\/6f650f90b2842cd4c0cc334b4e36f67e\"},\"headline\":\"Ostschweizer Personaltag 2018: \u201eHuman First\u201c als bew\u00e4hrtes F\u00fchrungs-Credo\",\"datePublished\":\"2018-06-08T07:35:43+00:00\",\"mainEntityOfPage\":{\"@id\":\"https:\\\/\\\/www.organisator.ch\\\/human-resources\\\/hrm\\\/2018-06-08\\\/ostschweizer-personaltag-2018-human-first-als-bewaehrtes-fuehrungs-credo\\\/\"},\"wordCount\":774,\"commentCount\":0,\"publisher\":{\"@id\":\"https:\\\/\\\/www.organisator.ch\\\/#organization\"},\"image\":{\"@id\":\"https:\\\/\\\/www.organisator.ch\\\/human-resources\\\/hrm\\\/2018-06-08\\\/ostschweizer-personaltag-2018-human-first-als-bewaehrtes-fuehrungs-credo\\\/#primaryimage\"},\"thumbnailUrl\":\"https:\\\/\\\/www.organisator.ch\\\/wp-content\\\/uploads\\\/2018\\\/06\\\/Ostschweizer-Personaltag-2018-\u201eHuman-First-als-bewaehrtes-Fuehrungs-Credo-3_Organisator.jpg\",\"keywords\":[\"Business Excellence\",\"HRM\",\"Management und Unternehmensf\u00fchrung\",\"Veranstaltungen\"],\"articleSection\":[\"HRM\"],\"inLanguage\":\"en-US\"},{\"@type\":\"WebPage\",\"@id\":\"https:\\\/\\\/www.organisator.ch\\\/human-resources\\\/hrm\\\/2018-06-08\\\/ostschweizer-personaltag-2018-human-first-als-bewaehrtes-fuehrungs-credo\\\/\",\"url\":\"https:\\\/\\\/www.organisator.ch\\\/human-resources\\\/hrm\\\/2018-06-08\\\/ostschweizer-personaltag-2018-human-first-als-bewaehrtes-fuehrungs-credo\\\/\",\"name\":\"Ostschweizer Personaltag 2018: \u201eHuman First\u201c als bew\u00e4hrtes F\u00fchrungs-Credo - Organisator\",\"isPartOf\":{\"@id\":\"https:\\\/\\\/www.organisator.ch\\\/#website\"},\"primaryImageOfPage\":{\"@id\":\"https:\\\/\\\/www.organisator.ch\\\/human-resources\\\/hrm\\\/2018-06-08\\\/ostschweizer-personaltag-2018-human-first-als-bewaehrtes-fuehrungs-credo\\\/#primaryimage\"},\"image\":{\"@id\":\"https:\\\/\\\/www.organisator.ch\\\/human-resources\\\/hrm\\\/2018-06-08\\\/ostschweizer-personaltag-2018-human-first-als-bewaehrtes-fuehrungs-credo\\\/#primaryimage\"},\"thumbnailUrl\":\"https:\\\/\\\/www.organisator.ch\\\/wp-content\\\/uploads\\\/2018\\\/06\\\/Ostschweizer-Personaltag-2018-\u201eHuman-First-als-bewaehrtes-Fuehrungs-Credo-3_Organisator.jpg\",\"datePublished\":\"2018-06-08T07:35:43+00:00\",\"description\":\"Am 7. Juni fand in St.Gallen der 14. Ostschweizer Personaltag statt. Die Referate-Themen drehten sich einerseits um die Ver\u00e4nderungen der Arbeitswelt, anderseits um die Konsequenzen f\u00fcr die F\u00fchrung.\",\"breadcrumb\":{\"@id\":\"https:\\\/\\\/www.organisator.ch\\\/human-resources\\\/hrm\\\/2018-06-08\\\/ostschweizer-personaltag-2018-human-first-als-bewaehrtes-fuehrungs-credo\\\/#breadcrumb\"},\"inLanguage\":\"en-US\",\"potentialAction\":[{\"@type\":\"ReadAction\",\"target\":[\"https:\\\/\\\/www.organisator.ch\\\/human-resources\\\/hrm\\\/2018-06-08\\\/ostschweizer-personaltag-2018-human-first-als-bewaehrtes-fuehrungs-credo\\\/\"]}]},{\"@type\":\"ImageObject\",\"inLanguage\":\"en-US\",\"@id\":\"https:\\\/\\\/www.organisator.ch\\\/human-resources\\\/hrm\\\/2018-06-08\\\/ostschweizer-personaltag-2018-human-first-als-bewaehrtes-fuehrungs-credo\\\/#primaryimage\",\"url\":\"https:\\\/\\\/www.organisator.ch\\\/wp-content\\\/uploads\\\/2018\\\/06\\\/Ostschweizer-Personaltag-2018-\u201eHuman-First-als-bewaehrtes-Fuehrungs-Credo-3_Organisator.jpg\",\"contentUrl\":\"https:\\\/\\\/www.organisator.ch\\\/wp-content\\\/uploads\\\/2018\\\/06\\\/Ostschweizer-Personaltag-2018-\u201eHuman-First-als-bewaehrtes-Fuehrungs-Credo-3_Organisator.jpg\",\"width\":640,\"height\":430,\"caption\":\"Nicole Brandes sprach \u00fcber \\\"Leadership 4.0\\\". (Foto: Thomas Berner)\"},{\"@type\":\"BreadcrumbList\",\"@id\":\"https:\\\/\\\/www.organisator.ch\\\/human-resources\\\/hrm\\\/2018-06-08\\\/ostschweizer-personaltag-2018-human-first-als-bewaehrtes-fuehrungs-credo\\\/#breadcrumb\",\"itemListElement\":[{\"@type\":\"ListItem\",\"position\":1,\"name\":\"Home\",\"item\":\"https:\\\/\\\/www.organisator.ch\\\/\"},{\"@type\":\"ListItem\",\"position\":2,\"name\":\"Ostschweizer Personaltag 2018: \u201eHuman First\u201c als bew\u00e4hrtes F\u00fchrungs-Credo\"}]},{\"@type\":\"WebSite\",\"@id\":\"https:\\\/\\\/www.organisator.ch\\\/#website\",\"url\":\"https:\\\/\\\/www.organisator.ch\\\/\",\"name\":\"Organisator\",\"description\":\"Kompetent. Praxisnah. Der ORGANISATOR bereitet in 10 Ausgaben pro Jahr die wesentlichen Themen f\u00fcr F\u00fchrungskr\u00e4fte von KMU auf.\",\"publisher\":{\"@id\":\"https:\\\/\\\/www.organisator.ch\\\/#organization\"},\"potentialAction\":[{\"@type\":\"SearchAction\",\"target\":{\"@type\":\"EntryPoint\",\"urlTemplate\":\"https:\\\/\\\/www.organisator.ch\\\/?s={search_term_string}\"},\"query-input\":{\"@type\":\"PropertyValueSpecification\",\"valueRequired\":true,\"valueName\":\"search_term_string\"}}],\"inLanguage\":\"en-US\"},{\"@type\":\"Organization\",\"@id\":\"https:\\\/\\\/www.organisator.ch\\\/#organization\",\"name\":\"Organisator\",\"url\":\"https:\\\/\\\/www.organisator.ch\\\/\",\"logo\":{\"@type\":\"ImageObject\",\"inLanguage\":\"en-US\",\"@id\":\"https:\\\/\\\/www.organisator.ch\\\/#\\\/schema\\\/logo\\\/image\\\/\",\"url\":\"https:\\\/\\\/www.organisator.ch\\\/wp-content\\\/uploads\\\/2022\\\/01\\\/Logo_Organisator_Website.png\",\"contentUrl\":\"https:\\\/\\\/www.organisator.ch\\\/wp-content\\\/uploads\\\/2022\\\/01\\\/Logo_Organisator_Website.png\",\"width\":800,\"height\":77,\"caption\":\"Organisator\"},\"image\":{\"@id\":\"https:\\\/\\\/www.organisator.ch\\\/#\\\/schema\\\/logo\\\/image\\\/\"},\"sameAs\":[\"https:\\\/\\\/www.facebook.com\\\/OrganisatorFachmagazin\",\"https:\\\/\\\/www.linkedin.com\\\/showcase\\\/organisator-das-magazin-fr-kmu\",\"https:\\\/\\\/www.xing.com\\\/news\\\/pages\\\/organisator-ch-695\",\"https:\\\/\\\/www.youtube.com\\\/channel\\\/UCGP2Sq0iWaZwT3BdIAQFYpw\"]},{\"@type\":\"Person\",\"@id\":\"https:\\\/\\\/www.organisator.ch\\\/#\\\/schema\\\/person\\\/6f650f90b2842cd4c0cc334b4e36f67e\",\"name\":\"thomas.berner\",\"image\":{\"@type\":\"ImageObject\",\"inLanguage\":\"en-US\",\"@id\":\"https:\\\/\\\/secure.gravatar.com\\\/avatar\\\/ac5001d2a36cb6c6cd3e50789007ffca834b477b74a2144564522e944eabff61?s=96&d=mm&r=g\",\"url\":\"https:\\\/\\\/secure.gravatar.com\\\/avatar\\\/ac5001d2a36cb6c6cd3e50789007ffca834b477b74a2144564522e944eabff61?s=96&d=mm&r=g\",\"contentUrl\":\"https:\\\/\\\/secure.gravatar.com\\\/avatar\\\/ac5001d2a36cb6c6cd3e50789007ffca834b477b74a2144564522e944eabff61?s=96&d=mm&r=g\",\"caption\":\"thomas.berner\"},\"url\":\"https:\\\/\\\/www.organisator.ch\\\/en\\\/author\\\/thomas-berner\\\/\"}]}<\/script>\n<!-- \/ Yoast SEO plugin. -->","yoast_head_json":{"title":"Ostschweizer Personaltag 2018: \"Human First\" as a proven leadership credo - Organizer","description":"On June 7, the 14th East Switzerland Personnel Day took place in St.Gallen. The topics of the presentations revolved around the changes in the world of work on the one hand, and the consequences for management on the other.","robots":{"index":"index","follow":"follow","max-snippet":"max-snippet:-1","max-image-preview":"max-image-preview:large","max-video-preview":"max-video-preview:-1"},"canonical":"https:\/\/www.organisator.ch\/en\/human-resources\/hrm\/2018-06-08\/ostschweizer-personaltag-2018-human-first-als-bewaehrtes-fuehrungs-credo\/","og_locale":"en_US","og_type":"article","og_title":"Ostschweizer Personaltag 2018: \u201eHuman First\u201c als bew\u00e4hrtes F\u00fchrungs-Credo","og_description":"Am 7. Juni fand in St.Gallen der 14. Ostschweizer Personaltag statt. Die Referate-Themen drehten sich einerseits um die Ver\u00e4nderungen der Arbeitswelt, anderseits um die Konsequenzen f\u00fcr die F\u00fchrung.","og_url":"https:\/\/www.organisator.ch\/en\/human-resources\/hrm\/2018-06-08\/ostschweizer-personaltag-2018-human-first-als-bewaehrtes-fuehrungs-credo\/","og_site_name":"Organisator","article_publisher":"https:\/\/www.facebook.com\/OrganisatorFachmagazin","article_published_time":"2018-06-08T07:35:43+00:00","og_image":[{"width":640,"height":430,"url":"https:\/\/www.organisator.ch\/wp-content\/uploads\/2018\/06\/Ostschweizer-Personaltag-2018-\u201eHuman-First-als-bewaehrtes-Fuehrungs-Credo-3_Organisator.jpg","type":"image\/jpeg"}],"author":"thomas.berner","twitter_card":"summary_large_image","twitter_title":"Ostschweizer #Personaltag 2018: \u201eHuman First\u201c als bew\u00e4hrtes #F\u00fchrungs-Credo","twitter_description":"Am 7. Juni fand in St.Gallen der 14. Ostschweizer #Personaltag statt. Die Referate-Themen drehten sich einerseits um die Ver\u00e4nderungen der Arbeitswelt, anderseits um die Konsequenzen f\u00fcr die F\u00fchrung.","twitter_image":"https:\/\/www.organisator.ch\/wp-content\/uploads\/2018\/06\/Ostschweizer-Personaltag-2018-\u201eHuman-First\u201c-als-bew\u00e4hrtes-F\u00fchrungs-Credo-3_Organisator.jpg","schema":{"@context":"https:\/\/schema.org","@graph":[{"@type":"Article","@id":"https:\/\/www.organisator.ch\/human-resources\/hrm\/2018-06-08\/ostschweizer-personaltag-2018-human-first-als-bewaehrtes-fuehrungs-credo\/#article","isPartOf":{"@id":"https:\/\/www.organisator.ch\/human-resources\/hrm\/2018-06-08\/ostschweizer-personaltag-2018-human-first-als-bewaehrtes-fuehrungs-credo\/"},"author":{"name":"thomas.berner","@id":"https:\/\/www.organisator.ch\/#\/schema\/person\/6f650f90b2842cd4c0cc334b4e36f67e"},"headline":"Ostschweizer Personaltag 2018: \u201eHuman First\u201c als bew\u00e4hrtes F\u00fchrungs-Credo","datePublished":"2018-06-08T07:35:43+00:00","mainEntityOfPage":{"@id":"https:\/\/www.organisator.ch\/human-resources\/hrm\/2018-06-08\/ostschweizer-personaltag-2018-human-first-als-bewaehrtes-fuehrungs-credo\/"},"wordCount":774,"commentCount":0,"publisher":{"@id":"https:\/\/www.organisator.ch\/#organization"},"image":{"@id":"https:\/\/www.organisator.ch\/human-resources\/hrm\/2018-06-08\/ostschweizer-personaltag-2018-human-first-als-bewaehrtes-fuehrungs-credo\/#primaryimage"},"thumbnailUrl":"https:\/\/www.organisator.ch\/wp-content\/uploads\/2018\/06\/Ostschweizer-Personaltag-2018-\u201eHuman-First-als-bewaehrtes-Fuehrungs-Credo-3_Organisator.jpg","keywords":["Business Excellence","HRM","Management und Unternehmensf\u00fchrung","Veranstaltungen"],"articleSection":["HRM"],"inLanguage":"en-US"},{"@type":"WebPage","@id":"https:\/\/www.organisator.ch\/human-resources\/hrm\/2018-06-08\/ostschweizer-personaltag-2018-human-first-als-bewaehrtes-fuehrungs-credo\/","url":"https:\/\/www.organisator.ch\/human-resources\/hrm\/2018-06-08\/ostschweizer-personaltag-2018-human-first-als-bewaehrtes-fuehrungs-credo\/","name":"Ostschweizer Personaltag 2018: \"Human First\" as a proven leadership credo - Organizer","isPartOf":{"@id":"https:\/\/www.organisator.ch\/#website"},"primaryImageOfPage":{"@id":"https:\/\/www.organisator.ch\/human-resources\/hrm\/2018-06-08\/ostschweizer-personaltag-2018-human-first-als-bewaehrtes-fuehrungs-credo\/#primaryimage"},"image":{"@id":"https:\/\/www.organisator.ch\/human-resources\/hrm\/2018-06-08\/ostschweizer-personaltag-2018-human-first-als-bewaehrtes-fuehrungs-credo\/#primaryimage"},"thumbnailUrl":"https:\/\/www.organisator.ch\/wp-content\/uploads\/2018\/06\/Ostschweizer-Personaltag-2018-\u201eHuman-First-als-bewaehrtes-Fuehrungs-Credo-3_Organisator.jpg","datePublished":"2018-06-08T07:35:43+00:00","description":"On June 7, the 14th East Switzerland Personnel Day took place in St.Gallen. The topics of the presentations revolved around the changes in the world of work on the one hand, and the consequences for management on the other.","breadcrumb":{"@id":"https:\/\/www.organisator.ch\/human-resources\/hrm\/2018-06-08\/ostschweizer-personaltag-2018-human-first-als-bewaehrtes-fuehrungs-credo\/#breadcrumb"},"inLanguage":"en-US","potentialAction":[{"@type":"ReadAction","target":["https:\/\/www.organisator.ch\/human-resources\/hrm\/2018-06-08\/ostschweizer-personaltag-2018-human-first-als-bewaehrtes-fuehrungs-credo\/"]}]},{"@type":"ImageObject","inLanguage":"en-US","@id":"https:\/\/www.organisator.ch\/human-resources\/hrm\/2018-06-08\/ostschweizer-personaltag-2018-human-first-als-bewaehrtes-fuehrungs-credo\/#primaryimage","url":"https:\/\/www.organisator.ch\/wp-content\/uploads\/2018\/06\/Ostschweizer-Personaltag-2018-\u201eHuman-First-als-bewaehrtes-Fuehrungs-Credo-3_Organisator.jpg","contentUrl":"https:\/\/www.organisator.ch\/wp-content\/uploads\/2018\/06\/Ostschweizer-Personaltag-2018-\u201eHuman-First-als-bewaehrtes-Fuehrungs-Credo-3_Organisator.jpg","width":640,"height":430,"caption":"Nicole Brandes sprach \u00fcber \"Leadership 4.0\". (Foto: Thomas Berner)"},{"@type":"BreadcrumbList","@id":"https:\/\/www.organisator.ch\/human-resources\/hrm\/2018-06-08\/ostschweizer-personaltag-2018-human-first-als-bewaehrtes-fuehrungs-credo\/#breadcrumb","itemListElement":[{"@type":"ListItem","position":1,"name":"Home","item":"https:\/\/www.organisator.ch\/"},{"@type":"ListItem","position":2,"name":"Ostschweizer Personaltag 2018: \u201eHuman First\u201c als bew\u00e4hrtes F\u00fchrungs-Credo"}]},{"@type":"WebSite","@id":"https:\/\/www.organisator.ch\/#website","url":"https:\/\/www.organisator.ch\/","name":"Organizer","description":"Competent. Practical. In 10 issues per year, ORGANISATOR presents the essential topics for managers of SMEs.","publisher":{"@id":"https:\/\/www.organisator.ch\/#organization"},"potentialAction":[{"@type":"SearchAction","target":{"@type":"EntryPoint","urlTemplate":"https:\/\/www.organisator.ch\/?s={search_term_string}"},"query-input":{"@type":"PropertyValueSpecification","valueRequired":true,"valueName":"search_term_string"}}],"inLanguage":"en-US"},{"@type":"Organization","@id":"https:\/\/www.organisator.ch\/#organization","name":"Organizer","url":"https:\/\/www.organisator.ch\/","logo":{"@type":"ImageObject","inLanguage":"en-US","@id":"https:\/\/www.organisator.ch\/#\/schema\/logo\/image\/","url":"https:\/\/www.organisator.ch\/wp-content\/uploads\/2022\/01\/Logo_Organisator_Website.png","contentUrl":"https:\/\/www.organisator.ch\/wp-content\/uploads\/2022\/01\/Logo_Organisator_Website.png","width":800,"height":77,"caption":"Organisator"},"image":{"@id":"https:\/\/www.organisator.ch\/#\/schema\/logo\/image\/"},"sameAs":["https:\/\/www.facebook.com\/OrganisatorFachmagazin","https:\/\/www.linkedin.com\/showcase\/organisator-das-magazin-fr-kmu","https:\/\/www.xing.com\/news\/pages\/organisator-ch-695","https:\/\/www.youtube.com\/channel\/UCGP2Sq0iWaZwT3BdIAQFYpw"]},{"@type":"Person","@id":"https:\/\/www.organisator.ch\/#\/schema\/person\/6f650f90b2842cd4c0cc334b4e36f67e","name":"thomas.berner","image":{"@type":"ImageObject","inLanguage":"en-US","@id":"https:\/\/secure.gravatar.com\/avatar\/ac5001d2a36cb6c6cd3e50789007ffca834b477b74a2144564522e944eabff61?s=96&d=mm&r=g","url":"https:\/\/secure.gravatar.com\/avatar\/ac5001d2a36cb6c6cd3e50789007ffca834b477b74a2144564522e944eabff61?s=96&d=mm&r=g","contentUrl":"https:\/\/secure.gravatar.com\/avatar\/ac5001d2a36cb6c6cd3e50789007ffca834b477b74a2144564522e944eabff61?s=96&d=mm&r=g","caption":"thomas.berner"},"url":"https:\/\/www.organisator.ch\/en\/author\/thomas-berner\/"}]}},"_links":{"self":[{"href":"https:\/\/www.organisator.ch\/en\/wp-json\/wp\/v2\/posts\/3761","targetHints":{"allow":["GET"]}}],"collection":[{"href":"https:\/\/www.organisator.ch\/en\/wp-json\/wp\/v2\/posts"}],"about":[{"href":"https:\/\/www.organisator.ch\/en\/wp-json\/wp\/v2\/types\/post"}],"author":[{"embeddable":true,"href":"https:\/\/www.organisator.ch\/en\/wp-json\/wp\/v2\/users\/4"}],"replies":[{"embeddable":true,"href":"https:\/\/www.organisator.ch\/en\/wp-json\/wp\/v2\/comments?post=3761"}],"version-history":[{"count":0,"href":"https:\/\/www.organisator.ch\/en\/wp-json\/wp\/v2\/posts\/3761\/revisions"}],"wp:featuredmedia":[{"embeddable":true,"href":"https:\/\/www.organisator.ch\/en\/wp-json\/wp\/v2\/media\/3766"}],"wp:attachment":[{"href":"https:\/\/www.organisator.ch\/en\/wp-json\/wp\/v2\/media?parent=3761"}],"wp:term":[{"taxonomy":"category","embeddable":true,"href":"https:\/\/www.organisator.ch\/en\/wp-json\/wp\/v2\/categories?post=3761"},{"taxonomy":"post_tag","embeddable":true,"href":"https:\/\/www.organisator.ch\/en\/wp-json\/wp\/v2\/tags?post=3761"}],"curies":[{"name":"wp","href":"https:\/\/api.w.org\/{rel}","templated":true}]}}