{"id":37661,"date":"2025-04-14T13:58:24","date_gmt":"2025-04-14T11:58:24","guid":{"rendered":"https:\/\/www.organisator.ch\/?p=37661"},"modified":"2025-04-14T13:58:24","modified_gmt":"2025-04-14T11:58:24","slug":"martina-koch-und-bernhard-b-fischer-uebernehmen-das-co-ok-praesidium-des-prix-svc-nordschweiz","status":"publish","type":"post","link":"https:\/\/www.organisator.ch\/en\/management\/2025-04-14\/martina-koch-und-bernhard-b-fischer-uebernehmen-das-co-ok-praesidium-des-prix-svc-nordschweiz\/","title":{"rendered":"Martina Koch and Bernhard B. Fischer take over the Co-OK presidency of the Prix SVC Nordschweiz"},"content":{"rendered":"<figure id=\"attachment_37662\" aria-describedby=\"caption-attachment-37662\" style=\"width: 680px\" class=\"wp-caption alignnone\"><img loading=\"lazy\" decoding=\"async\" class=\"size-full wp-image-37662\" src=\"https:\/\/www.organisator.ch\/wp-content\/uploads\/2025\/04\/Prix-SVC_Bild1_ps.jpg\" alt=\"\" width=\"680\" height=\"431\" srcset=\"https:\/\/www.organisator.ch\/wp-content\/uploads\/2025\/04\/Prix-SVC_Bild1_ps.jpg 680w, https:\/\/www.organisator.ch\/wp-content\/uploads\/2025\/04\/Prix-SVC_Bild1_ps-18x12.jpg 18w, https:\/\/www.organisator.ch\/wp-content\/uploads\/2025\/04\/Prix-SVC_Bild1_ps-375x238.jpg 375w, https:\/\/www.organisator.ch\/wp-content\/uploads\/2025\/04\/Prix-SVC_Bild1_ps-552x350.jpg 552w\" sizes=\"auto, (max-width: 680px) 100vw, 680px\" \/><figcaption id=\"caption-attachment-37662\" class=\"wp-caption-text\">Review of the Prix SVC Northern Switzerland 2023 (Image: www.svc.swiss)<\/figcaption><\/figure>\n<p>Martina Koch, Head of Corporate &amp; Real Estate Banking Basel at UBS Switzerland, and Bernhard B. Fischer, Regional Vice Chairman at UBS Switzerland, will co-chair the organizing committee for the Prix SVC Nordschweiz. \"We are delighted to support this outstanding event that celebrates innovation, entrepreneurship and success in Northern Switzerland. The Prix SVC provides a unique platform to recognize the exceptional achievements and commitment of companies in our region and to highlight their future prospects. We are proud to make visible these success stories that strengthen the regional economy and look forward to a successful award,\" say both with anticipation of their task.<\/p>\n<h3><strong>Four new jury members <\/strong><\/h3>\n<p>The SMEs nominated for the Prix SVC are selected by a jury of experts. The jury members are independent, work in a practice-oriented manner and have strong roots in the respective region. They search for suitable companies in a comprehensive nomination process and on the basis of a list of criteria specially developed by the SVC.<\/p>\n<p>The jury responsible for nominating the finalists for the upcoming edition of the Prix SVC Nordschweiz is once again headed by jury president Bernhard B. Fischer of UBS Switzerland.<\/p>\n<p>Four new members have been added to the jury for the 2025 edition: Tobias Baumgartner (Forvis Mazars AG), Martina Koch (UBS Switzerland), Nicole Tschanz (Roche) and Magnus Willers (Willers Engineering AG).<\/p>\n<p>The following personalities will remain on the SVC Expert Jury in Northern Switzerland: Markus Balmer (IWB), Philipp Bl\u00e4ttler (Swisscom Schweiz AG), Dieter Egli (member of the cantonal government of Aargau), Remo Franz (Rofra Bau AG), Beat Hauenstein (Oettinger Davidoff AG), Beat Herzog (die Mobiliar), Thomas Jourdan (member of the cantonal government of Basel-Landschaft), Steven Schenk (Emil Frey AG) Alberto Silini (Switzerland Global Enterprise), Beatrice Stirnimann (Session Basel AG) and Kaspar Sutter (member of the cantonal government of Basel-Stadt).<\/p>\n<p>The selection process for the award ceremony on November 13, 2025 is already underway and the sixteen-member jury will analyze and evaluate the potential award-winning companies over the next few weeks.<\/p>\n<p>The five finalists for the twelfth edition of the Prix SVC Nordschweiz will be announced in July 2025.<\/p>\n<p><em>Source: <a href=\"http:\/\/www.svc.swiss\">www.svc.swiss<\/a><\/em><\/p>","protected":false},"excerpt":{"rendered":"<p>In view of the next Prix SVC Northern Switzerland award ceremony on 13 November 2025, the organizing committee and the jury of experts have been reshuffled. The new Co-OK Presidents are Martina Koch and Bernhard B. Fischer, both from UBS Switzerland. Four new jury members are also taking part in the nomination process.<\/p>","protected":false},"author":58,"featured_media":37662,"comment_status":"closed","ping_status":"closed","sticky":false,"template":"","format":"standard","meta":{"_acf_changed":false,"_yoast_wpseo_focuskw":"Prix SVC Nordschweiz","_yoast_wpseo_metadesc":"Im Hinblick auf die n\u00e4chste Verleihung des Prix SVC Nordschweiz haben sich das Organisationskomitee und die Expertenjury neu formiert.","articlekey":"","footnotes":""},"categories":[28],"tags":[301,334,3877,492],"class_list":["post-37661","post","type-post","status-publish","format-standard","has-post-thumbnail","hentry","category-management","tag-kmu","tag-management","tag-prix-svc-nordschweiz","tag-unternehmen"],"acf":[],"yoast_head":"<!-- This site is optimized with the Yoast SEO plugin v27.4 - https:\/\/yoast.com\/product\/yoast-seo-wordpress\/ -->\n<title>Martina Koch und Bernhard B. Fischer \u00fcbernehmen das Co-OK-Pr\u00e4sidium des Prix SVC Nordschweiz - Organisator<\/title>\n<meta name=\"description\" content=\"Im Hinblick auf die n\u00e4chste Verleihung des Prix SVC Nordschweiz haben sich das Organisationskomitee und die Expertenjury neu formiert.\" \/>\n<meta name=\"robots\" content=\"index, follow, max-snippet:-1, max-image-preview:large, max-video-preview:-1\" \/>\n<link rel=\"canonical\" href=\"https:\/\/www.organisator.ch\/en\/management\/2025-04-14\/martina-koch-und-bernhard-b-fischer-uebernehmen-das-co-ok-praesidium-des-prix-svc-nordschweiz\/\" \/>\n<meta property=\"og:locale\" content=\"en_US\" \/>\n<meta property=\"og:type\" content=\"article\" \/>\n<meta property=\"og:title\" content=\"Martina Koch und Bernhard B. Fischer \u00fcbernehmen das Co-OK-Pr\u00e4sidium des Prix SVC Nordschweiz\" \/>\n<meta property=\"og:description\" content=\"Im Hinblick auf die n\u00e4chste Verleihung des Prix SVC Nordschweiz haben sich das Organisationskomitee und die Expertenjury neu formiert.\" \/>\n<meta property=\"og:url\" content=\"https:\/\/www.organisator.ch\/en\/management\/2025-04-14\/martina-koch-und-bernhard-b-fischer-uebernehmen-das-co-ok-praesidium-des-prix-svc-nordschweiz\/\" \/>\n<meta property=\"og:site_name\" content=\"Organisator\" \/>\n<meta property=\"article:publisher\" content=\"https:\/\/www.facebook.com\/OrganisatorFachmagazin\" \/>\n<meta property=\"article:published_time\" content=\"2025-04-14T11:58:24+00:00\" \/>\n<meta property=\"og:image\" content=\"https:\/\/www.organisator.ch\/wp-content\/uploads\/2025\/04\/Prix-SVC_Bild1_ps.jpg\" \/>\n\t<meta property=\"og:image:width\" content=\"680\" \/>\n\t<meta property=\"og:image:height\" content=\"431\" \/>\n\t<meta property=\"og:image:type\" content=\"image\/jpeg\" \/>\n<meta name=\"author\" content=\"Adelisa Kalajdzini\" \/>\n<meta name=\"twitter:card\" content=\"summary_large_image\" \/>\n<meta name=\"twitter:title\" content=\"Martina Koch und Bernhard B. Fischer \u00fcbernehmen das Co-OK-Pr\u00e4sidium des Prix SVC Nordschweiz\" \/>\n<meta name=\"twitter:description\" content=\"Im Hinblick auf die n\u00e4chste #Verleihung des #Prix #SVC #Nordschweiz haben sich das #Organisationskomitee und die #Expertenjury neu formiert.\" \/>\n<meta name=\"twitter:image\" content=\"https:\/\/www.organisator.ch\/wp-content\/uploads\/2025\/04\/Prix-SVC_Bild1_ps.jpg\" \/>\n<script type=\"application\/ld+json\" class=\"yoast-schema-graph\">{\"@context\":\"https:\\\/\\\/schema.org\",\"@graph\":[{\"@type\":\"Article\",\"@id\":\"https:\\\/\\\/www.organisator.ch\\\/management\\\/2025-04-14\\\/martina-koch-und-bernhard-b-fischer-uebernehmen-das-co-ok-praesidium-des-prix-svc-nordschweiz\\\/#article\",\"isPartOf\":{\"@id\":\"https:\\\/\\\/www.organisator.ch\\\/management\\\/2025-04-14\\\/martina-koch-und-bernhard-b-fischer-uebernehmen-das-co-ok-praesidium-des-prix-svc-nordschweiz\\\/\"},\"author\":{\"name\":\"Adelisa Kalajdzini\",\"@id\":\"https:\\\/\\\/www.organisator.ch\\\/#\\\/schema\\\/person\\\/2e1314a2172123f874db408d8911d3f3\"},\"headline\":\"Martina Koch und Bernhard B. Fischer \u00fcbernehmen das Co-OK-Pr\u00e4sidium des Prix SVC Nordschweiz\",\"datePublished\":\"2025-04-14T11:58:24+00:00\",\"mainEntityOfPage\":{\"@id\":\"https:\\\/\\\/www.organisator.ch\\\/management\\\/2025-04-14\\\/martina-koch-und-bernhard-b-fischer-uebernehmen-das-co-ok-praesidium-des-prix-svc-nordschweiz\\\/\"},\"wordCount\":376,\"publisher\":{\"@id\":\"https:\\\/\\\/www.organisator.ch\\\/#organization\"},\"image\":{\"@id\":\"https:\\\/\\\/www.organisator.ch\\\/management\\\/2025-04-14\\\/martina-koch-und-bernhard-b-fischer-uebernehmen-das-co-ok-praesidium-des-prix-svc-nordschweiz\\\/#primaryimage\"},\"thumbnailUrl\":\"https:\\\/\\\/www.organisator.ch\\\/wp-content\\\/uploads\\\/2025\\\/04\\\/Prix-SVC_Bild1_ps.jpg\",\"keywords\":[\"KMU\",\"Management\",\"Prix SVC Nordschweiz\",\"Unternehmen\"],\"articleSection\":[\"MANAGEMENT\"],\"inLanguage\":\"en-US\"},{\"@type\":\"WebPage\",\"@id\":\"https:\\\/\\\/www.organisator.ch\\\/management\\\/2025-04-14\\\/martina-koch-und-bernhard-b-fischer-uebernehmen-das-co-ok-praesidium-des-prix-svc-nordschweiz\\\/\",\"url\":\"https:\\\/\\\/www.organisator.ch\\\/management\\\/2025-04-14\\\/martina-koch-und-bernhard-b-fischer-uebernehmen-das-co-ok-praesidium-des-prix-svc-nordschweiz\\\/\",\"name\":\"Martina Koch und Bernhard B. Fischer \u00fcbernehmen das Co-OK-Pr\u00e4sidium des Prix SVC Nordschweiz - Organisator\",\"isPartOf\":{\"@id\":\"https:\\\/\\\/www.organisator.ch\\\/#website\"},\"primaryImageOfPage\":{\"@id\":\"https:\\\/\\\/www.organisator.ch\\\/management\\\/2025-04-14\\\/martina-koch-und-bernhard-b-fischer-uebernehmen-das-co-ok-praesidium-des-prix-svc-nordschweiz\\\/#primaryimage\"},\"image\":{\"@id\":\"https:\\\/\\\/www.organisator.ch\\\/management\\\/2025-04-14\\\/martina-koch-und-bernhard-b-fischer-uebernehmen-das-co-ok-praesidium-des-prix-svc-nordschweiz\\\/#primaryimage\"},\"thumbnailUrl\":\"https:\\\/\\\/www.organisator.ch\\\/wp-content\\\/uploads\\\/2025\\\/04\\\/Prix-SVC_Bild1_ps.jpg\",\"datePublished\":\"2025-04-14T11:58:24+00:00\",\"description\":\"Im Hinblick auf die n\u00e4chste Verleihung des Prix SVC Nordschweiz haben sich das Organisationskomitee und die Expertenjury neu formiert.\",\"breadcrumb\":{\"@id\":\"https:\\\/\\\/www.organisator.ch\\\/management\\\/2025-04-14\\\/martina-koch-und-bernhard-b-fischer-uebernehmen-das-co-ok-praesidium-des-prix-svc-nordschweiz\\\/#breadcrumb\"},\"inLanguage\":\"en-US\",\"potentialAction\":[{\"@type\":\"ReadAction\",\"target\":[\"https:\\\/\\\/www.organisator.ch\\\/management\\\/2025-04-14\\\/martina-koch-und-bernhard-b-fischer-uebernehmen-das-co-ok-praesidium-des-prix-svc-nordschweiz\\\/\"]}]},{\"@type\":\"ImageObject\",\"inLanguage\":\"en-US\",\"@id\":\"https:\\\/\\\/www.organisator.ch\\\/management\\\/2025-04-14\\\/martina-koch-und-bernhard-b-fischer-uebernehmen-das-co-ok-praesidium-des-prix-svc-nordschweiz\\\/#primaryimage\",\"url\":\"https:\\\/\\\/www.organisator.ch\\\/wp-content\\\/uploads\\\/2025\\\/04\\\/Prix-SVC_Bild1_ps.jpg\",\"contentUrl\":\"https:\\\/\\\/www.organisator.ch\\\/wp-content\\\/uploads\\\/2025\\\/04\\\/Prix-SVC_Bild1_ps.jpg\",\"width\":680,\"height\":431,\"caption\":\"R\u00fcckblick auf den Prix SVC Nordschweiz 2023. (Bild: www.svc.swiss)\"},{\"@type\":\"BreadcrumbList\",\"@id\":\"https:\\\/\\\/www.organisator.ch\\\/management\\\/2025-04-14\\\/martina-koch-und-bernhard-b-fischer-uebernehmen-das-co-ok-praesidium-des-prix-svc-nordschweiz\\\/#breadcrumb\",\"itemListElement\":[{\"@type\":\"ListItem\",\"position\":1,\"name\":\"Home\",\"item\":\"https:\\\/\\\/www.organisator.ch\\\/\"},{\"@type\":\"ListItem\",\"position\":2,\"name\":\"Martina Koch und Bernhard B. Fischer \u00fcbernehmen das Co-OK-Pr\u00e4sidium des Prix SVC Nordschweiz\"}]},{\"@type\":\"WebSite\",\"@id\":\"https:\\\/\\\/www.organisator.ch\\\/#website\",\"url\":\"https:\\\/\\\/www.organisator.ch\\\/\",\"name\":\"Organisator\",\"description\":\"Kompetent. Praxisnah. Der ORGANISATOR bereitet in 10 Ausgaben pro Jahr die wesentlichen Themen f\u00fcr F\u00fchrungskr\u00e4fte von KMU auf.\",\"publisher\":{\"@id\":\"https:\\\/\\\/www.organisator.ch\\\/#organization\"},\"potentialAction\":[{\"@type\":\"SearchAction\",\"target\":{\"@type\":\"EntryPoint\",\"urlTemplate\":\"https:\\\/\\\/www.organisator.ch\\\/?s={search_term_string}\"},\"query-input\":{\"@type\":\"PropertyValueSpecification\",\"valueRequired\":true,\"valueName\":\"search_term_string\"}}],\"inLanguage\":\"en-US\"},{\"@type\":\"Organization\",\"@id\":\"https:\\\/\\\/www.organisator.ch\\\/#organization\",\"name\":\"Organisator\",\"url\":\"https:\\\/\\\/www.organisator.ch\\\/\",\"logo\":{\"@type\":\"ImageObject\",\"inLanguage\":\"en-US\",\"@id\":\"https:\\\/\\\/www.organisator.ch\\\/#\\\/schema\\\/logo\\\/image\\\/\",\"url\":\"https:\\\/\\\/www.organisator.ch\\\/wp-content\\\/uploads\\\/2022\\\/01\\\/Logo_Organisator_Website.png\",\"contentUrl\":\"https:\\\/\\\/www.organisator.ch\\\/wp-content\\\/uploads\\\/2022\\\/01\\\/Logo_Organisator_Website.png\",\"width\":800,\"height\":77,\"caption\":\"Organisator\"},\"image\":{\"@id\":\"https:\\\/\\\/www.organisator.ch\\\/#\\\/schema\\\/logo\\\/image\\\/\"},\"sameAs\":[\"https:\\\/\\\/www.facebook.com\\\/OrganisatorFachmagazin\",\"https:\\\/\\\/www.linkedin.com\\\/showcase\\\/organisator-das-magazin-fr-kmu\",\"https:\\\/\\\/www.xing.com\\\/news\\\/pages\\\/organisator-ch-695\",\"https:\\\/\\\/www.youtube.com\\\/channel\\\/UCGP2Sq0iWaZwT3BdIAQFYpw\"]},{\"@type\":\"Person\",\"@id\":\"https:\\\/\\\/www.organisator.ch\\\/#\\\/schema\\\/person\\\/2e1314a2172123f874db408d8911d3f3\",\"name\":\"Adelisa Kalajdzini\",\"image\":{\"@type\":\"ImageObject\",\"inLanguage\":\"en-US\",\"@id\":\"https:\\\/\\\/secure.gravatar.com\\\/avatar\\\/09a397c22ac58cad6f160ee8306348599df9df58a8ede73696226897b9fa4b24?s=96&d=mm&r=g\",\"url\":\"https:\\\/\\\/secure.gravatar.com\\\/avatar\\\/09a397c22ac58cad6f160ee8306348599df9df58a8ede73696226897b9fa4b24?s=96&d=mm&r=g\",\"contentUrl\":\"https:\\\/\\\/secure.gravatar.com\\\/avatar\\\/09a397c22ac58cad6f160ee8306348599df9df58a8ede73696226897b9fa4b24?s=96&d=mm&r=g\",\"caption\":\"Adelisa Kalajdzini\"},\"url\":\"https:\\\/\\\/www.organisator.ch\\\/en\\\/author\\\/adelisa-kalajdzini\\\/\"}]}<\/script>\n<!-- \/ Yoast SEO plugin. -->","yoast_head_json":{"title":"Martina Koch and Bernhard B. Fischer take over the Co-OK presidency of the Prix SVC Nordschweiz - Organizer","description":"In view of the next Prix SVC Northern Switzerland awards, the organizing committee and the jury of experts have been reshuffled.","robots":{"index":"index","follow":"follow","max-snippet":"max-snippet:-1","max-image-preview":"max-image-preview:large","max-video-preview":"max-video-preview:-1"},"canonical":"https:\/\/www.organisator.ch\/en\/management\/2025-04-14\/martina-koch-und-bernhard-b-fischer-uebernehmen-das-co-ok-praesidium-des-prix-svc-nordschweiz\/","og_locale":"en_US","og_type":"article","og_title":"Martina Koch und Bernhard B. Fischer \u00fcbernehmen das Co-OK-Pr\u00e4sidium des Prix SVC Nordschweiz","og_description":"Im Hinblick auf die n\u00e4chste Verleihung des Prix SVC Nordschweiz haben sich das Organisationskomitee und die Expertenjury neu formiert.","og_url":"https:\/\/www.organisator.ch\/en\/management\/2025-04-14\/martina-koch-und-bernhard-b-fischer-uebernehmen-das-co-ok-praesidium-des-prix-svc-nordschweiz\/","og_site_name":"Organisator","article_publisher":"https:\/\/www.facebook.com\/OrganisatorFachmagazin","article_published_time":"2025-04-14T11:58:24+00:00","og_image":[{"width":680,"height":431,"url":"https:\/\/www.organisator.ch\/wp-content\/uploads\/2025\/04\/Prix-SVC_Bild1_ps.jpg","type":"image\/jpeg"}],"author":"Adelisa Kalajdzini","twitter_card":"summary_large_image","twitter_title":"Martina Koch und Bernhard B. Fischer \u00fcbernehmen das Co-OK-Pr\u00e4sidium des Prix SVC Nordschweiz","twitter_description":"Im Hinblick auf die n\u00e4chste #Verleihung des #Prix #SVC #Nordschweiz haben sich das #Organisationskomitee und die #Expertenjury neu formiert.","twitter_image":"https:\/\/www.organisator.ch\/wp-content\/uploads\/2025\/04\/Prix-SVC_Bild1_ps.jpg","schema":{"@context":"https:\/\/schema.org","@graph":[{"@type":"Article","@id":"https:\/\/www.organisator.ch\/management\/2025-04-14\/martina-koch-und-bernhard-b-fischer-uebernehmen-das-co-ok-praesidium-des-prix-svc-nordschweiz\/#article","isPartOf":{"@id":"https:\/\/www.organisator.ch\/management\/2025-04-14\/martina-koch-und-bernhard-b-fischer-uebernehmen-das-co-ok-praesidium-des-prix-svc-nordschweiz\/"},"author":{"name":"Adelisa Kalajdzini","@id":"https:\/\/www.organisator.ch\/#\/schema\/person\/2e1314a2172123f874db408d8911d3f3"},"headline":"Martina Koch und Bernhard B. Fischer \u00fcbernehmen das Co-OK-Pr\u00e4sidium des Prix SVC Nordschweiz","datePublished":"2025-04-14T11:58:24+00:00","mainEntityOfPage":{"@id":"https:\/\/www.organisator.ch\/management\/2025-04-14\/martina-koch-und-bernhard-b-fischer-uebernehmen-das-co-ok-praesidium-des-prix-svc-nordschweiz\/"},"wordCount":376,"publisher":{"@id":"https:\/\/www.organisator.ch\/#organization"},"image":{"@id":"https:\/\/www.organisator.ch\/management\/2025-04-14\/martina-koch-und-bernhard-b-fischer-uebernehmen-das-co-ok-praesidium-des-prix-svc-nordschweiz\/#primaryimage"},"thumbnailUrl":"https:\/\/www.organisator.ch\/wp-content\/uploads\/2025\/04\/Prix-SVC_Bild1_ps.jpg","keywords":["KMU","Management","Prix SVC Nordschweiz","Unternehmen"],"articleSection":["MANAGEMENT"],"inLanguage":"en-US"},{"@type":"WebPage","@id":"https:\/\/www.organisator.ch\/management\/2025-04-14\/martina-koch-und-bernhard-b-fischer-uebernehmen-das-co-ok-praesidium-des-prix-svc-nordschweiz\/","url":"https:\/\/www.organisator.ch\/management\/2025-04-14\/martina-koch-und-bernhard-b-fischer-uebernehmen-das-co-ok-praesidium-des-prix-svc-nordschweiz\/","name":"Martina Koch and Bernhard B. Fischer take over the Co-OK presidency of the Prix SVC Nordschweiz - Organizer","isPartOf":{"@id":"https:\/\/www.organisator.ch\/#website"},"primaryImageOfPage":{"@id":"https:\/\/www.organisator.ch\/management\/2025-04-14\/martina-koch-und-bernhard-b-fischer-uebernehmen-das-co-ok-praesidium-des-prix-svc-nordschweiz\/#primaryimage"},"image":{"@id":"https:\/\/www.organisator.ch\/management\/2025-04-14\/martina-koch-und-bernhard-b-fischer-uebernehmen-das-co-ok-praesidium-des-prix-svc-nordschweiz\/#primaryimage"},"thumbnailUrl":"https:\/\/www.organisator.ch\/wp-content\/uploads\/2025\/04\/Prix-SVC_Bild1_ps.jpg","datePublished":"2025-04-14T11:58:24+00:00","description":"In view of the next Prix SVC Northern Switzerland awards, the organizing committee and the jury of experts have been reshuffled.","breadcrumb":{"@id":"https:\/\/www.organisator.ch\/management\/2025-04-14\/martina-koch-und-bernhard-b-fischer-uebernehmen-das-co-ok-praesidium-des-prix-svc-nordschweiz\/#breadcrumb"},"inLanguage":"en-US","potentialAction":[{"@type":"ReadAction","target":["https:\/\/www.organisator.ch\/management\/2025-04-14\/martina-koch-und-bernhard-b-fischer-uebernehmen-das-co-ok-praesidium-des-prix-svc-nordschweiz\/"]}]},{"@type":"ImageObject","inLanguage":"en-US","@id":"https:\/\/www.organisator.ch\/management\/2025-04-14\/martina-koch-und-bernhard-b-fischer-uebernehmen-das-co-ok-praesidium-des-prix-svc-nordschweiz\/#primaryimage","url":"https:\/\/www.organisator.ch\/wp-content\/uploads\/2025\/04\/Prix-SVC_Bild1_ps.jpg","contentUrl":"https:\/\/www.organisator.ch\/wp-content\/uploads\/2025\/04\/Prix-SVC_Bild1_ps.jpg","width":680,"height":431,"caption":"R\u00fcckblick auf den Prix SVC Nordschweiz 2023. (Bild: www.svc.swiss)"},{"@type":"BreadcrumbList","@id":"https:\/\/www.organisator.ch\/management\/2025-04-14\/martina-koch-und-bernhard-b-fischer-uebernehmen-das-co-ok-praesidium-des-prix-svc-nordschweiz\/#breadcrumb","itemListElement":[{"@type":"ListItem","position":1,"name":"Home","item":"https:\/\/www.organisator.ch\/"},{"@type":"ListItem","position":2,"name":"Martina Koch und Bernhard B. Fischer \u00fcbernehmen das Co-OK-Pr\u00e4sidium des Prix SVC Nordschweiz"}]},{"@type":"WebSite","@id":"https:\/\/www.organisator.ch\/#website","url":"https:\/\/www.organisator.ch\/","name":"Organizer","description":"Competent. Practical. In 10 issues per year, ORGANISATOR presents the essential topics for managers of SMEs.","publisher":{"@id":"https:\/\/www.organisator.ch\/#organization"},"potentialAction":[{"@type":"SearchAction","target":{"@type":"EntryPoint","urlTemplate":"https:\/\/www.organisator.ch\/?s={search_term_string}"},"query-input":{"@type":"PropertyValueSpecification","valueRequired":true,"valueName":"search_term_string"}}],"inLanguage":"en-US"},{"@type":"Organization","@id":"https:\/\/www.organisator.ch\/#organization","name":"Organizer","url":"https:\/\/www.organisator.ch\/","logo":{"@type":"ImageObject","inLanguage":"en-US","@id":"https:\/\/www.organisator.ch\/#\/schema\/logo\/image\/","url":"https:\/\/www.organisator.ch\/wp-content\/uploads\/2022\/01\/Logo_Organisator_Website.png","contentUrl":"https:\/\/www.organisator.ch\/wp-content\/uploads\/2022\/01\/Logo_Organisator_Website.png","width":800,"height":77,"caption":"Organisator"},"image":{"@id":"https:\/\/www.organisator.ch\/#\/schema\/logo\/image\/"},"sameAs":["https:\/\/www.facebook.com\/OrganisatorFachmagazin","https:\/\/www.linkedin.com\/showcase\/organisator-das-magazin-fr-kmu","https:\/\/www.xing.com\/news\/pages\/organisator-ch-695","https:\/\/www.youtube.com\/channel\/UCGP2Sq0iWaZwT3BdIAQFYpw"]},{"@type":"Person","@id":"https:\/\/www.organisator.ch\/#\/schema\/person\/2e1314a2172123f874db408d8911d3f3","name":"Adelisa Kalajdzini","image":{"@type":"ImageObject","inLanguage":"en-US","@id":"https:\/\/secure.gravatar.com\/avatar\/09a397c22ac58cad6f160ee8306348599df9df58a8ede73696226897b9fa4b24?s=96&d=mm&r=g","url":"https:\/\/secure.gravatar.com\/avatar\/09a397c22ac58cad6f160ee8306348599df9df58a8ede73696226897b9fa4b24?s=96&d=mm&r=g","contentUrl":"https:\/\/secure.gravatar.com\/avatar\/09a397c22ac58cad6f160ee8306348599df9df58a8ede73696226897b9fa4b24?s=96&d=mm&r=g","caption":"Adelisa Kalajdzini"},"url":"https:\/\/www.organisator.ch\/en\/author\/adelisa-kalajdzini\/"}]}},"_links":{"self":[{"href":"https:\/\/www.organisator.ch\/en\/wp-json\/wp\/v2\/posts\/37661","targetHints":{"allow":["GET"]}}],"collection":[{"href":"https:\/\/www.organisator.ch\/en\/wp-json\/wp\/v2\/posts"}],"about":[{"href":"https:\/\/www.organisator.ch\/en\/wp-json\/wp\/v2\/types\/post"}],"author":[{"embeddable":true,"href":"https:\/\/www.organisator.ch\/en\/wp-json\/wp\/v2\/users\/58"}],"replies":[{"embeddable":true,"href":"https:\/\/www.organisator.ch\/en\/wp-json\/wp\/v2\/comments?post=37661"}],"version-history":[{"count":5,"href":"https:\/\/www.organisator.ch\/en\/wp-json\/wp\/v2\/posts\/37661\/revisions"}],"predecessor-version":[{"id":37711,"href":"https:\/\/www.organisator.ch\/en\/wp-json\/wp\/v2\/posts\/37661\/revisions\/37711"}],"wp:featuredmedia":[{"embeddable":true,"href":"https:\/\/www.organisator.ch\/en\/wp-json\/wp\/v2\/media\/37662"}],"wp:attachment":[{"href":"https:\/\/www.organisator.ch\/en\/wp-json\/wp\/v2\/media?parent=37661"}],"wp:term":[{"taxonomy":"category","embeddable":true,"href":"https:\/\/www.organisator.ch\/en\/wp-json\/wp\/v2\/categories?post=37661"},{"taxonomy":"post_tag","embeddable":true,"href":"https:\/\/www.organisator.ch\/en\/wp-json\/wp\/v2\/tags?post=37661"}],"curies":[{"name":"wp","href":"https:\/\/api.w.org\/{rel}","templated":true}]}}