{"id":37703,"date":"2025-04-15T16:45:20","date_gmt":"2025-04-15T14:45:20","guid":{"rendered":"https:\/\/www.markt-kom.com\/?p=233482"},"modified":"2025-04-16T08:50:47","modified_gmt":"2025-04-16T06:50:47","slug":"dentsu-unterzeichnet-als-erste-globale-agenturgruppe-den-eu-ki-pakt","status":"publish","type":"post","link":"https:\/\/www.organisator.ch\/en\/marketing\/2025-04-15\/dentsu-unterzeichnet-als-erste-globale-agenturgruppe-den-eu-ki-pakt\/","title":{"rendered":"Dentsu is the first global agency group to sign the EU AI Pact"},"content":{"rendered":"<p><a href=\"https:\/\/www.markt-kom.com\/wp-content\/uploads\/2025\/04\/Dentsu-Logo.jpg\"><img class=\"aligncenter size-full wp-image-233483\" src=\"https:\/\/www.markt-kom.com\/wp-content\/uploads\/2025\/04\/Dentsu-Logo.jpg\" sizes=\"(max-width: 1000px) 100vw, 1000px\" srcset=\"https:\/\/www.markt-kom.com\/wp-content\/uploads\/2025\/04\/Dentsu-Logo.jpg 1000w, https:\/\/www.markt-kom.com\/wp-content\/uploads\/2025\/04\/Dentsu-Logo-600x450.jpg 600w, https:\/\/www.markt-kom.com\/wp-content\/uploads\/2025\/04\/Dentsu-Logo-768x576.jpg 768w, https:\/\/www.markt-kom.com\/wp-content\/uploads\/2025\/04\/Dentsu-Logo-16x12.jpg 16w, https:\/\/www.markt-kom.com\/wp-content\/uploads\/2025\/04\/Dentsu-Logo-233x175.jpg 233w, https:\/\/www.markt-kom.com\/wp-content\/uploads\/2025\/04\/Dentsu-Logo-467x350.jpg 467w\" alt=\"\" width=\"1000\" height=\"750\" \/><\/a><\/p>\r\n<p>The global agency group Dentsu has become the first global marketing and advertising holding company to sign the EU AI Pact - a voluntary initiative of the European Commission to promote the responsible and transparent use of artificial intelligence. With this step, the company is not only positioning itself in a forward-looking regulatory manner, but is also responding to increasing concerns on the part of advertising companies, as a recent survey by the World Federation of Advertisers shows: 80 percent of the brand companies surveyed expressed reservations about the use of generative AI by agencies.<\/p>\r\n<p>The EU AI Pact is aimed at companies that want to voluntarily align themselves with the basic principles of the upcoming EU law on artificial intelligence (AI Act). The focus is on governance structures, the risk assessment of AI systems and the development of expertise within organizations.<\/p>\r\n<p>As part of the pact, Dentsu is committed to introducing company-wide training, implementing high-risk mapping and expanding existing AI governance models, among other things.<\/p>\r\n<p>Implementation is based on existing collaborations with technology partners such as Microsoft, Adobe, AWS, Google and Salesforce. Dentsu has already developed over 80 AI-based product solutions as part of prototyping initiatives and hackathons. The aim is to create business solutions that are both brand-effective and compliant with data protection and ethical standards.<\/p>\r\n<p>Dentsu is also driving forward its own AI ecosystem with the support of start-ups such as Inworld, Fidder and VidMob. With projects such as GenStudio dentsu+ - a content workflow solution with Adobe - the Group is demonstrating how creative processes can be efficiently scaled using AI.<\/p>\r\n<p>Andr\u00e9 Andrade, CEO of Dentsu EMEA, emphasizes: \"Signing the EU AI Pact is a natural step for us. At Dentsu, we see AI as a tool to increase creativity and efficiency and achieve better results for our customers. Our commitment to the responsible use of AI not only keeps us one step ahead of regulatory requirements, but also fulfills our promise to deliver innovations that make a real impact.\"<\/p>","protected":false},"excerpt":{"rendered":"<p>Dentsu claims to be the first global agency group to commit to a responsible approach to artificial intelligence by joining the voluntary EU AI Pact. The Group is thus responding proactively to regulatory developments and increasing customer concerns about generative AI.<\/p>","protected":false},"author":8,"featured_media":0,"comment_status":"closed","ping_status":"closed","sticky":false,"template":"","format":"standard","meta":{"_acf_changed":false,"_yoast_wpseo_focuskw":"EU-KI-Pakt","_yoast_wpseo_metadesc":"Als erste globale Agenturgruppe verpflichtet sich Dentsu mit dem Beitritt zum freiwilligen EU-KI-Pakt zu einem verantwortungsvollen Umgang mit KI.","articlekey":"","footnotes":""},"categories":[29],"tags":[4154,4345,3537,4351,319],"class_list":["post-37703","post","type-post","status-publish","format-standard","hentry","category-marketing","tag-ai-act","tag-business","tag-dentsu","tag-dexat","tag-kuenstliche-intelligenz"],"acf":[],"yoast_head":"<!-- This site is optimized with the Yoast SEO plugin v27.5 - https:\/\/yoast.com\/product\/yoast-seo-wordpress\/ -->\n<title>Dentsu unterzeichnet als erste globale Agenturgruppe den EU-KI-Pakt - Organisator<\/title>\n<meta name=\"description\" content=\"Als erste globale Agenturgruppe verpflichtet sich Dentsu mit dem Beitritt zum freiwilligen EU-KI-Pakt zu einem verantwortungsvollen Umgang mit KI.\" \/>\n<meta name=\"robots\" content=\"index, follow, max-snippet:-1, max-image-preview:large, max-video-preview:-1\" \/>\n<link rel=\"canonical\" href=\"https:\/\/www.organisator.ch\/en\/marketing\/2025-04-15\/dentsu-unterzeichnet-als-erste-globale-agenturgruppe-den-eu-ki-pakt\/\" \/>\n<meta property=\"og:locale\" content=\"en_US\" \/>\n<meta property=\"og:type\" content=\"article\" \/>\n<meta property=\"og:title\" content=\"Dentsu unterzeichnet als erste globale Agenturgruppe den EU-KI-Pakt - Organisator\" \/>\n<meta property=\"og:description\" content=\"Als erste globale Agenturgruppe verpflichtet sich Dentsu mit dem Beitritt zum freiwilligen EU-KI-Pakt zu einem verantwortungsvollen Umgang mit KI.\" \/>\n<meta property=\"og:url\" content=\"https:\/\/www.organisator.ch\/en\/marketing\/2025-04-15\/dentsu-unterzeichnet-als-erste-globale-agenturgruppe-den-eu-ki-pakt\/\" \/>\n<meta property=\"og:site_name\" content=\"Organisator\" \/>\n<meta property=\"article:publisher\" content=\"https:\/\/www.facebook.com\/OrganisatorFachmagazin\" \/>\n<meta property=\"article:published_time\" content=\"2025-04-15T14:45:20+00:00\" \/>\n<meta property=\"article:modified_time\" content=\"2025-04-16T06:50:47+00:00\" \/>\n<meta name=\"author\" content=\"galledia\" \/>\n<meta name=\"twitter:card\" content=\"summary_large_image\" \/>\n<meta name=\"twitter:creator\" content=\"@admin\" \/>\n<script type=\"application\/ld+json\" class=\"yoast-schema-graph\">{\"@context\":\"https:\\\/\\\/schema.org\",\"@graph\":[{\"@type\":\"Article\",\"@id\":\"https:\\\/\\\/www.organisator.ch\\\/marketing\\\/2025-04-15\\\/dentsu-unterzeichnet-als-erste-globale-agenturgruppe-den-eu-ki-pakt\\\/#article\",\"isPartOf\":{\"@id\":\"https:\\\/\\\/www.organisator.ch\\\/marketing\\\/2025-04-15\\\/dentsu-unterzeichnet-als-erste-globale-agenturgruppe-den-eu-ki-pakt\\\/\"},\"author\":{\"name\":\"galledia\",\"@id\":\"https:\\\/\\\/www.organisator.ch\\\/#\\\/schema\\\/person\\\/4e51799071cd2dd1232ac003643ef5f0\"},\"headline\":\"Dentsu unterzeichnet als erste globale Agenturgruppe den EU-KI-Pakt\",\"datePublished\":\"2025-04-15T14:45:20+00:00\",\"dateModified\":\"2025-04-16T06:50:47+00:00\",\"mainEntityOfPage\":{\"@id\":\"https:\\\/\\\/www.organisator.ch\\\/marketing\\\/2025-04-15\\\/dentsu-unterzeichnet-als-erste-globale-agenturgruppe-den-eu-ki-pakt\\\/\"},\"wordCount\":310,\"publisher\":{\"@id\":\"https:\\\/\\\/www.organisator.ch\\\/#organization\"},\"image\":{\"@id\":\"https:\\\/\\\/www.organisator.ch\\\/marketing\\\/2025-04-15\\\/dentsu-unterzeichnet-als-erste-globale-agenturgruppe-den-eu-ki-pakt\\\/#primaryimage\"},\"thumbnailUrl\":\"https:\\\/\\\/www.markt-kom.com\\\/wp-content\\\/uploads\\\/2025\\\/04\\\/Dentsu-Logo.jpg\",\"keywords\":[\"AI Act\",\"Business\",\"Dentsu\",\"DExAT\",\"K\u00fcnstliche Intelligenz\"],\"articleSection\":[\"MARKETING\"],\"inLanguage\":\"en-US\"},{\"@type\":\"WebPage\",\"@id\":\"https:\\\/\\\/www.organisator.ch\\\/marketing\\\/2025-04-15\\\/dentsu-unterzeichnet-als-erste-globale-agenturgruppe-den-eu-ki-pakt\\\/\",\"url\":\"https:\\\/\\\/www.organisator.ch\\\/marketing\\\/2025-04-15\\\/dentsu-unterzeichnet-als-erste-globale-agenturgruppe-den-eu-ki-pakt\\\/\",\"name\":\"Dentsu unterzeichnet als erste globale Agenturgruppe den EU-KI-Pakt - Organisator\",\"isPartOf\":{\"@id\":\"https:\\\/\\\/www.organisator.ch\\\/#website\"},\"primaryImageOfPage\":{\"@id\":\"https:\\\/\\\/www.organisator.ch\\\/marketing\\\/2025-04-15\\\/dentsu-unterzeichnet-als-erste-globale-agenturgruppe-den-eu-ki-pakt\\\/#primaryimage\"},\"image\":{\"@id\":\"https:\\\/\\\/www.organisator.ch\\\/marketing\\\/2025-04-15\\\/dentsu-unterzeichnet-als-erste-globale-agenturgruppe-den-eu-ki-pakt\\\/#primaryimage\"},\"thumbnailUrl\":\"https:\\\/\\\/www.markt-kom.com\\\/wp-content\\\/uploads\\\/2025\\\/04\\\/Dentsu-Logo.jpg\",\"datePublished\":\"2025-04-15T14:45:20+00:00\",\"dateModified\":\"2025-04-16T06:50:47+00:00\",\"description\":\"Als erste globale Agenturgruppe verpflichtet sich Dentsu mit dem Beitritt zum freiwilligen EU-KI-Pakt zu einem verantwortungsvollen Umgang mit KI.\",\"breadcrumb\":{\"@id\":\"https:\\\/\\\/www.organisator.ch\\\/marketing\\\/2025-04-15\\\/dentsu-unterzeichnet-als-erste-globale-agenturgruppe-den-eu-ki-pakt\\\/#breadcrumb\"},\"inLanguage\":\"en-US\",\"potentialAction\":[{\"@type\":\"ReadAction\",\"target\":[\"https:\\\/\\\/www.organisator.ch\\\/marketing\\\/2025-04-15\\\/dentsu-unterzeichnet-als-erste-globale-agenturgruppe-den-eu-ki-pakt\\\/\"]}]},{\"@type\":\"ImageObject\",\"inLanguage\":\"en-US\",\"@id\":\"https:\\\/\\\/www.organisator.ch\\\/marketing\\\/2025-04-15\\\/dentsu-unterzeichnet-als-erste-globale-agenturgruppe-den-eu-ki-pakt\\\/#primaryimage\",\"url\":\"https:\\\/\\\/www.markt-kom.com\\\/wp-content\\\/uploads\\\/2025\\\/04\\\/Dentsu-Logo.jpg\",\"contentUrl\":\"https:\\\/\\\/www.markt-kom.com\\\/wp-content\\\/uploads\\\/2025\\\/04\\\/Dentsu-Logo.jpg\"},{\"@type\":\"BreadcrumbList\",\"@id\":\"https:\\\/\\\/www.organisator.ch\\\/marketing\\\/2025-04-15\\\/dentsu-unterzeichnet-als-erste-globale-agenturgruppe-den-eu-ki-pakt\\\/#breadcrumb\",\"itemListElement\":[{\"@type\":\"ListItem\",\"position\":1,\"name\":\"Home\",\"item\":\"https:\\\/\\\/www.organisator.ch\\\/\"},{\"@type\":\"ListItem\",\"position\":2,\"name\":\"Dentsu unterzeichnet als erste globale Agenturgruppe den EU-KI-Pakt\"}]},{\"@type\":\"WebSite\",\"@id\":\"https:\\\/\\\/www.organisator.ch\\\/#website\",\"url\":\"https:\\\/\\\/www.organisator.ch\\\/\",\"name\":\"Organisator\",\"description\":\"Kompetent. Praxisnah. Der ORGANISATOR bereitet in 10 Ausgaben pro Jahr die wesentlichen Themen f\u00fcr F\u00fchrungskr\u00e4fte von KMU auf.\",\"publisher\":{\"@id\":\"https:\\\/\\\/www.organisator.ch\\\/#organization\"},\"potentialAction\":[{\"@type\":\"SearchAction\",\"target\":{\"@type\":\"EntryPoint\",\"urlTemplate\":\"https:\\\/\\\/www.organisator.ch\\\/?s={search_term_string}\"},\"query-input\":{\"@type\":\"PropertyValueSpecification\",\"valueRequired\":true,\"valueName\":\"search_term_string\"}}],\"inLanguage\":\"en-US\"},{\"@type\":\"Organization\",\"@id\":\"https:\\\/\\\/www.organisator.ch\\\/#organization\",\"name\":\"Organisator\",\"url\":\"https:\\\/\\\/www.organisator.ch\\\/\",\"logo\":{\"@type\":\"ImageObject\",\"inLanguage\":\"en-US\",\"@id\":\"https:\\\/\\\/www.organisator.ch\\\/#\\\/schema\\\/logo\\\/image\\\/\",\"url\":\"https:\\\/\\\/www.organisator.ch\\\/wp-content\\\/uploads\\\/2022\\\/01\\\/Logo_Organisator_Website.png\",\"contentUrl\":\"https:\\\/\\\/www.organisator.ch\\\/wp-content\\\/uploads\\\/2022\\\/01\\\/Logo_Organisator_Website.png\",\"width\":800,\"height\":77,\"caption\":\"Organisator\"},\"image\":{\"@id\":\"https:\\\/\\\/www.organisator.ch\\\/#\\\/schema\\\/logo\\\/image\\\/\"},\"sameAs\":[\"https:\\\/\\\/www.facebook.com\\\/OrganisatorFachmagazin\",\"https:\\\/\\\/www.linkedin.com\\\/showcase\\\/organisator-das-magazin-fr-kmu\",\"https:\\\/\\\/www.xing.com\\\/news\\\/pages\\\/organisator-ch-695\",\"https:\\\/\\\/www.youtube.com\\\/channel\\\/UCGP2Sq0iWaZwT3BdIAQFYpw\"]},{\"@type\":\"Person\",\"@id\":\"https:\\\/\\\/www.organisator.ch\\\/#\\\/schema\\\/person\\\/4e51799071cd2dd1232ac003643ef5f0\",\"name\":\"galledia\",\"image\":{\"@type\":\"ImageObject\",\"inLanguage\":\"en-US\",\"@id\":\"https:\\\/\\\/secure.gravatar.com\\\/avatar\\\/78a7f90c01fc2bfc875782a0d4922b37cde2cf184ce347b91316d23cd7f69a36?s=96&d=mm&r=g\",\"url\":\"https:\\\/\\\/secure.gravatar.com\\\/avatar\\\/78a7f90c01fc2bfc875782a0d4922b37cde2cf184ce347b91316d23cd7f69a36?s=96&d=mm&r=g\",\"contentUrl\":\"https:\\\/\\\/secure.gravatar.com\\\/avatar\\\/78a7f90c01fc2bfc875782a0d4922b37cde2cf184ce347b91316d23cd7f69a36?s=96&d=mm&r=g\",\"caption\":\"galledia\"},\"sameAs\":[\"https:\\\/\\\/x.com\\\/admin\"],\"url\":\"https:\\\/\\\/www.organisator.ch\\\/en\\\/author\\\/galledia\\\/\"}]}<\/script>\n<!-- \/ Yoast SEO plugin. -->","yoast_head_json":{"title":"Dentsu is the first global agency group to sign the EU AI Pact - Organizer","description":"Dentsu is the first global agency group to commit to a responsible approach to AI by joining the voluntary EU AI Pact.","robots":{"index":"index","follow":"follow","max-snippet":"max-snippet:-1","max-image-preview":"max-image-preview:large","max-video-preview":"max-video-preview:-1"},"canonical":"https:\/\/www.organisator.ch\/en\/marketing\/2025-04-15\/dentsu-unterzeichnet-als-erste-globale-agenturgruppe-den-eu-ki-pakt\/","og_locale":"en_US","og_type":"article","og_title":"Dentsu unterzeichnet als erste globale Agenturgruppe den EU-KI-Pakt - Organisator","og_description":"Als erste globale Agenturgruppe verpflichtet sich Dentsu mit dem Beitritt zum freiwilligen EU-KI-Pakt zu einem verantwortungsvollen Umgang mit KI.","og_url":"https:\/\/www.organisator.ch\/en\/marketing\/2025-04-15\/dentsu-unterzeichnet-als-erste-globale-agenturgruppe-den-eu-ki-pakt\/","og_site_name":"Organisator","article_publisher":"https:\/\/www.facebook.com\/OrganisatorFachmagazin","article_published_time":"2025-04-15T14:45:20+00:00","article_modified_time":"2025-04-16T06:50:47+00:00","author":"galledia","twitter_card":"summary_large_image","twitter_creator":"@admin","schema":{"@context":"https:\/\/schema.org","@graph":[{"@type":"Article","@id":"https:\/\/www.organisator.ch\/marketing\/2025-04-15\/dentsu-unterzeichnet-als-erste-globale-agenturgruppe-den-eu-ki-pakt\/#article","isPartOf":{"@id":"https:\/\/www.organisator.ch\/marketing\/2025-04-15\/dentsu-unterzeichnet-als-erste-globale-agenturgruppe-den-eu-ki-pakt\/"},"author":{"name":"galledia","@id":"https:\/\/www.organisator.ch\/#\/schema\/person\/4e51799071cd2dd1232ac003643ef5f0"},"headline":"Dentsu unterzeichnet als erste globale Agenturgruppe den EU-KI-Pakt","datePublished":"2025-04-15T14:45:20+00:00","dateModified":"2025-04-16T06:50:47+00:00","mainEntityOfPage":{"@id":"https:\/\/www.organisator.ch\/marketing\/2025-04-15\/dentsu-unterzeichnet-als-erste-globale-agenturgruppe-den-eu-ki-pakt\/"},"wordCount":310,"publisher":{"@id":"https:\/\/www.organisator.ch\/#organization"},"image":{"@id":"https:\/\/www.organisator.ch\/marketing\/2025-04-15\/dentsu-unterzeichnet-als-erste-globale-agenturgruppe-den-eu-ki-pakt\/#primaryimage"},"thumbnailUrl":"https:\/\/www.markt-kom.com\/wp-content\/uploads\/2025\/04\/Dentsu-Logo.jpg","keywords":["AI Act","Business","Dentsu","DExAT","K\u00fcnstliche Intelligenz"],"articleSection":["MARKETING"],"inLanguage":"en-US"},{"@type":"WebPage","@id":"https:\/\/www.organisator.ch\/marketing\/2025-04-15\/dentsu-unterzeichnet-als-erste-globale-agenturgruppe-den-eu-ki-pakt\/","url":"https:\/\/www.organisator.ch\/marketing\/2025-04-15\/dentsu-unterzeichnet-als-erste-globale-agenturgruppe-den-eu-ki-pakt\/","name":"Dentsu is the first global agency group to sign the EU AI Pact - Organizer","isPartOf":{"@id":"https:\/\/www.organisator.ch\/#website"},"primaryImageOfPage":{"@id":"https:\/\/www.organisator.ch\/marketing\/2025-04-15\/dentsu-unterzeichnet-als-erste-globale-agenturgruppe-den-eu-ki-pakt\/#primaryimage"},"image":{"@id":"https:\/\/www.organisator.ch\/marketing\/2025-04-15\/dentsu-unterzeichnet-als-erste-globale-agenturgruppe-den-eu-ki-pakt\/#primaryimage"},"thumbnailUrl":"https:\/\/www.markt-kom.com\/wp-content\/uploads\/2025\/04\/Dentsu-Logo.jpg","datePublished":"2025-04-15T14:45:20+00:00","dateModified":"2025-04-16T06:50:47+00:00","description":"Dentsu is the first global agency group to commit to a responsible approach to AI by joining the voluntary EU AI Pact.","breadcrumb":{"@id":"https:\/\/www.organisator.ch\/marketing\/2025-04-15\/dentsu-unterzeichnet-als-erste-globale-agenturgruppe-den-eu-ki-pakt\/#breadcrumb"},"inLanguage":"en-US","potentialAction":[{"@type":"ReadAction","target":["https:\/\/www.organisator.ch\/marketing\/2025-04-15\/dentsu-unterzeichnet-als-erste-globale-agenturgruppe-den-eu-ki-pakt\/"]}]},{"@type":"ImageObject","inLanguage":"en-US","@id":"https:\/\/www.organisator.ch\/marketing\/2025-04-15\/dentsu-unterzeichnet-als-erste-globale-agenturgruppe-den-eu-ki-pakt\/#primaryimage","url":"https:\/\/www.markt-kom.com\/wp-content\/uploads\/2025\/04\/Dentsu-Logo.jpg","contentUrl":"https:\/\/www.markt-kom.com\/wp-content\/uploads\/2025\/04\/Dentsu-Logo.jpg"},{"@type":"BreadcrumbList","@id":"https:\/\/www.organisator.ch\/marketing\/2025-04-15\/dentsu-unterzeichnet-als-erste-globale-agenturgruppe-den-eu-ki-pakt\/#breadcrumb","itemListElement":[{"@type":"ListItem","position":1,"name":"Home","item":"https:\/\/www.organisator.ch\/"},{"@type":"ListItem","position":2,"name":"Dentsu unterzeichnet als erste globale Agenturgruppe den EU-KI-Pakt"}]},{"@type":"WebSite","@id":"https:\/\/www.organisator.ch\/#website","url":"https:\/\/www.organisator.ch\/","name":"Organizer","description":"Competent. Practical. In 10 issues per year, ORGANISATOR presents the essential topics for managers of SMEs.","publisher":{"@id":"https:\/\/www.organisator.ch\/#organization"},"potentialAction":[{"@type":"SearchAction","target":{"@type":"EntryPoint","urlTemplate":"https:\/\/www.organisator.ch\/?s={search_term_string}"},"query-input":{"@type":"PropertyValueSpecification","valueRequired":true,"valueName":"search_term_string"}}],"inLanguage":"en-US"},{"@type":"Organization","@id":"https:\/\/www.organisator.ch\/#organization","name":"Organizer","url":"https:\/\/www.organisator.ch\/","logo":{"@type":"ImageObject","inLanguage":"en-US","@id":"https:\/\/www.organisator.ch\/#\/schema\/logo\/image\/","url":"https:\/\/www.organisator.ch\/wp-content\/uploads\/2022\/01\/Logo_Organisator_Website.png","contentUrl":"https:\/\/www.organisator.ch\/wp-content\/uploads\/2022\/01\/Logo_Organisator_Website.png","width":800,"height":77,"caption":"Organisator"},"image":{"@id":"https:\/\/www.organisator.ch\/#\/schema\/logo\/image\/"},"sameAs":["https:\/\/www.facebook.com\/OrganisatorFachmagazin","https:\/\/www.linkedin.com\/showcase\/organisator-das-magazin-fr-kmu","https:\/\/www.xing.com\/news\/pages\/organisator-ch-695","https:\/\/www.youtube.com\/channel\/UCGP2Sq0iWaZwT3BdIAQFYpw"]},{"@type":"Person","@id":"https:\/\/www.organisator.ch\/#\/schema\/person\/4e51799071cd2dd1232ac003643ef5f0","name":"galledia","image":{"@type":"ImageObject","inLanguage":"en-US","@id":"https:\/\/secure.gravatar.com\/avatar\/78a7f90c01fc2bfc875782a0d4922b37cde2cf184ce347b91316d23cd7f69a36?s=96&d=mm&r=g","url":"https:\/\/secure.gravatar.com\/avatar\/78a7f90c01fc2bfc875782a0d4922b37cde2cf184ce347b91316d23cd7f69a36?s=96&d=mm&r=g","contentUrl":"https:\/\/secure.gravatar.com\/avatar\/78a7f90c01fc2bfc875782a0d4922b37cde2cf184ce347b91316d23cd7f69a36?s=96&d=mm&r=g","caption":"galledia"},"sameAs":["https:\/\/x.com\/admin"],"url":"https:\/\/www.organisator.ch\/en\/author\/galledia\/"}]}},"_links":{"self":[{"href":"https:\/\/www.organisator.ch\/en\/wp-json\/wp\/v2\/posts\/37703","targetHints":{"allow":["GET"]}}],"collection":[{"href":"https:\/\/www.organisator.ch\/en\/wp-json\/wp\/v2\/posts"}],"about":[{"href":"https:\/\/www.organisator.ch\/en\/wp-json\/wp\/v2\/types\/post"}],"author":[{"embeddable":true,"href":"https:\/\/www.organisator.ch\/en\/wp-json\/wp\/v2\/users\/8"}],"replies":[{"embeddable":true,"href":"https:\/\/www.organisator.ch\/en\/wp-json\/wp\/v2\/comments?post=37703"}],"version-history":[{"count":5,"href":"https:\/\/www.organisator.ch\/en\/wp-json\/wp\/v2\/posts\/37703\/revisions"}],"predecessor-version":[{"id":37722,"href":"https:\/\/www.organisator.ch\/en\/wp-json\/wp\/v2\/posts\/37703\/revisions\/37722"}],"wp:attachment":[{"href":"https:\/\/www.organisator.ch\/en\/wp-json\/wp\/v2\/media?parent=37703"}],"wp:term":[{"taxonomy":"category","embeddable":true,"href":"https:\/\/www.organisator.ch\/en\/wp-json\/wp\/v2\/categories?post=37703"},{"taxonomy":"post_tag","embeddable":true,"href":"https:\/\/www.organisator.ch\/en\/wp-json\/wp\/v2\/tags?post=37703"}],"curies":[{"name":"wp","href":"https:\/\/api.w.org\/{rel}","templated":true}]}}