{"id":37780,"date":"2025-04-23T04:27:30","date_gmt":"2025-04-23T02:27:30","guid":{"rendered":"https:\/\/www.organisator.ch\/de\/?p=37780"},"modified":"2025-06-06T08:19:55","modified_gmt":"2025-06-06T06:19:55","slug":"weiterbildung-in-kmu-einblicke-in-die-praxis","status":"publish","type":"post","link":"https:\/\/www.organisator.ch\/en\/weiterbildung\/2025-04-23\/weiterbildung-in-kmu-einblicke-in-die-praxis\/","title":{"rendered":"Further training in SMEs: insights into practice"},"content":{"rendered":"<div class=\"swpm-post-not-logged-in-msg\">You need to be logged in to view this content. Please <a class=\"swpm-login-link\" href=\"https:\/\/www.organisator.ch\/login\/\">Log In<\/a>. Not a Member? <a href=\"https:\/\/www.organisator.ch\/shop\/\">Join Us<\/a><\/div>","protected":false},"excerpt":{"rendered":"<p>SMEs agree that further training is important. But how it is implemented varies from company to company. Two SMEs from different sectors provide information about their training strategy and why they also involve \"competitors\".<\/p>","protected":false},"author":1,"featured_media":37778,"comment_status":"closed","ping_status":"closed","sticky":false,"template":"","format":"standard","meta":{"_acf_changed":false,"_yoast_wpseo_focuskw":"Weiterbildung in KMU","_yoast_wpseo_metadesc":"Weiterbildung in KMU ist wichtig, da sind sich alle einig. Zwei KMU aus unterschiedlichen Branchen geben Einblick in die Praxis.","articlekey":"147602","footnotes":""},"categories":[578,30],"tags":[4101,335,492,503],"class_list":["post-37780","post","type-post","status-publish","format-standard","has-post-thumbnail","hentry","category-abo","category-weiterbildung","tag-aus-und-weiterbildung","tag-management-und-unternehmensfuehrung","tag-unternehmen","tag-verbaende"],"acf":[],"yoast_head":"<!-- This site is optimized with the Yoast SEO plugin v27.5 - https:\/\/yoast.com\/product\/yoast-seo-wordpress\/ -->\n<title>Weiterbildung in KMU: Einblicke in die Praxis - Organisator<\/title>\n<meta name=\"description\" content=\"Weiterbildung in KMU ist wichtig, da sind sich alle einig. Zwei KMU aus unterschiedlichen Branchen geben Einblick in die Praxis.\" \/>\n<meta name=\"robots\" content=\"index, follow, max-snippet:-1, max-image-preview:large, max-video-preview:-1\" \/>\n<link rel=\"canonical\" href=\"https:\/\/www.organisator.ch\/en\/further-education\/2025-04-23\/weiterbildung-in-kmu-einblicke-in-die-praxis\/\" \/>\n<meta property=\"og:locale\" content=\"en_US\" \/>\n<meta property=\"og:type\" content=\"article\" \/>\n<meta property=\"og:title\" content=\"Weiterbildung in KMU: Einblicke in die Praxis - Organisator\" \/>\n<meta property=\"og:description\" content=\"Weiterbildung in KMU ist wichtig, da sind sich alle einig. Zwei KMU aus unterschiedlichen Branchen geben Einblick in die Praxis.\" \/>\n<meta property=\"og:url\" content=\"https:\/\/www.organisator.ch\/en\/further-education\/2025-04-23\/weiterbildung-in-kmu-einblicke-in-die-praxis\/\" \/>\n<meta property=\"og:site_name\" content=\"Organisator\" \/>\n<meta property=\"article:publisher\" content=\"https:\/\/www.facebook.com\/OrganisatorFachmagazin\" \/>\n<meta property=\"article:published_time\" content=\"2025-04-23T02:27:30+00:00\" \/>\n<meta property=\"article:modified_time\" content=\"2025-06-06T06:19:55+00:00\" \/>\n<meta property=\"og:image\" content=\"https:\/\/www.organisator.ch\/wp-content\/uploads\/2025\/04\/Weiterbildung_Auftakt_Bild1_NEU_organisator_148985-scaled-e1749190769256.jpg\" \/>\n\t<meta property=\"og:image:width\" content=\"1042\" \/>\n\t<meta property=\"og:image:height\" content=\"915\" \/>\n\t<meta property=\"og:image:type\" content=\"image\/jpeg\" \/>\n<meta name=\"author\" content=\"admin\" \/>\n<meta name=\"twitter:card\" content=\"summary_large_image\" \/>\n<script type=\"application\/ld+json\" class=\"yoast-schema-graph\">{\"@context\":\"https:\\\/\\\/schema.org\",\"@graph\":[{\"@type\":\"Article\",\"@id\":\"https:\\\/\\\/www.organisator.ch\\\/weiterbildung\\\/2025-04-23\\\/weiterbildung-in-kmu-einblicke-in-die-praxis\\\/#article\",\"isPartOf\":{\"@id\":\"https:\\\/\\\/www.organisator.ch\\\/weiterbildung\\\/2025-04-23\\\/weiterbildung-in-kmu-einblicke-in-die-praxis\\\/\"},\"author\":{\"name\":\"admin\",\"@id\":\"https:\\\/\\\/www.organisator.ch\\\/#\\\/schema\\\/person\\\/aa2bace6c5c5aad60102004a50c4eb1c\"},\"headline\":\"Weiterbildung in KMU: Einblicke in die Praxis\",\"datePublished\":\"2025-04-23T02:27:30+00:00\",\"dateModified\":\"2025-06-06T06:19:55+00:00\",\"mainEntityOfPage\":{\"@id\":\"https:\\\/\\\/www.organisator.ch\\\/weiterbildung\\\/2025-04-23\\\/weiterbildung-in-kmu-einblicke-in-die-praxis\\\/\"},\"wordCount\":1732,\"publisher\":{\"@id\":\"https:\\\/\\\/www.organisator.ch\\\/#organization\"},\"image\":{\"@id\":\"https:\\\/\\\/www.organisator.ch\\\/weiterbildung\\\/2025-04-23\\\/weiterbildung-in-kmu-einblicke-in-die-praxis\\\/#primaryimage\"},\"thumbnailUrl\":\"https:\\\/\\\/www.organisator.ch\\\/wp-content\\\/uploads\\\/2025\\\/04\\\/Weiterbildung_Auftakt_Bild1_NEU_organisator_148985-scaled-e1749190769256.jpg\",\"keywords\":[\"Aus- und Weiterbildung\",\"Management und Unternehmensf\u00fchrung\",\"Unternehmen\",\"Verb\u00e4nde\"],\"articleSection\":[\"ABO+\",\"WEITERBILDUNG\"],\"inLanguage\":\"en-US\"},{\"@type\":\"WebPage\",\"@id\":\"https:\\\/\\\/www.organisator.ch\\\/weiterbildung\\\/2025-04-23\\\/weiterbildung-in-kmu-einblicke-in-die-praxis\\\/\",\"url\":\"https:\\\/\\\/www.organisator.ch\\\/weiterbildung\\\/2025-04-23\\\/weiterbildung-in-kmu-einblicke-in-die-praxis\\\/\",\"name\":\"Weiterbildung in KMU: Einblicke in die Praxis - Organisator\",\"isPartOf\":{\"@id\":\"https:\\\/\\\/www.organisator.ch\\\/#website\"},\"primaryImageOfPage\":{\"@id\":\"https:\\\/\\\/www.organisator.ch\\\/weiterbildung\\\/2025-04-23\\\/weiterbildung-in-kmu-einblicke-in-die-praxis\\\/#primaryimage\"},\"image\":{\"@id\":\"https:\\\/\\\/www.organisator.ch\\\/weiterbildung\\\/2025-04-23\\\/weiterbildung-in-kmu-einblicke-in-die-praxis\\\/#primaryimage\"},\"thumbnailUrl\":\"https:\\\/\\\/www.organisator.ch\\\/wp-content\\\/uploads\\\/2025\\\/04\\\/Weiterbildung_Auftakt_Bild1_NEU_organisator_148985-scaled-e1749190769256.jpg\",\"datePublished\":\"2025-04-23T02:27:30+00:00\",\"dateModified\":\"2025-06-06T06:19:55+00:00\",\"description\":\"Weiterbildung in KMU ist wichtig, da sind sich alle einig. Zwei KMU aus unterschiedlichen Branchen geben Einblick in die Praxis.\",\"breadcrumb\":{\"@id\":\"https:\\\/\\\/www.organisator.ch\\\/weiterbildung\\\/2025-04-23\\\/weiterbildung-in-kmu-einblicke-in-die-praxis\\\/#breadcrumb\"},\"inLanguage\":\"en-US\",\"potentialAction\":[{\"@type\":\"ReadAction\",\"target\":[\"https:\\\/\\\/www.organisator.ch\\\/weiterbildung\\\/2025-04-23\\\/weiterbildung-in-kmu-einblicke-in-die-praxis\\\/\"]}]},{\"@type\":\"ImageObject\",\"inLanguage\":\"en-US\",\"@id\":\"https:\\\/\\\/www.organisator.ch\\\/weiterbildung\\\/2025-04-23\\\/weiterbildung-in-kmu-einblicke-in-die-praxis\\\/#primaryimage\",\"url\":\"https:\\\/\\\/www.organisator.ch\\\/wp-content\\\/uploads\\\/2025\\\/04\\\/Weiterbildung_Auftakt_Bild1_NEU_organisator_148985-scaled-e1749190769256.jpg\",\"contentUrl\":\"https:\\\/\\\/www.organisator.ch\\\/wp-content\\\/uploads\\\/2025\\\/04\\\/Weiterbildung_Auftakt_Bild1_NEU_organisator_148985-scaled-e1749190769256.jpg\",\"width\":1042,\"height\":915,\"caption\":\"Martin Mayer von der B\u00e4ckerei Vuaillat AG: \u00abEin Betrieb kann sich nur weiterentwickeln, wenn die Mitarbeitenden sich weiterbilden.\u00bb Foto: zVg\"},{\"@type\":\"BreadcrumbList\",\"@id\":\"https:\\\/\\\/www.organisator.ch\\\/weiterbildung\\\/2025-04-23\\\/weiterbildung-in-kmu-einblicke-in-die-praxis\\\/#breadcrumb\",\"itemListElement\":[{\"@type\":\"ListItem\",\"position\":1,\"name\":\"Home\",\"item\":\"https:\\\/\\\/www.organisator.ch\\\/\"},{\"@type\":\"ListItem\",\"position\":2,\"name\":\"Weiterbildung in KMU: Einblicke in die Praxis\"}]},{\"@type\":\"WebSite\",\"@id\":\"https:\\\/\\\/www.organisator.ch\\\/#website\",\"url\":\"https:\\\/\\\/www.organisator.ch\\\/\",\"name\":\"Organisator\",\"description\":\"Kompetent. Praxisnah. Der ORGANISATOR bereitet in 10 Ausgaben pro Jahr die wesentlichen Themen f\u00fcr F\u00fchrungskr\u00e4fte von KMU auf.\",\"publisher\":{\"@id\":\"https:\\\/\\\/www.organisator.ch\\\/#organization\"},\"potentialAction\":[{\"@type\":\"SearchAction\",\"target\":{\"@type\":\"EntryPoint\",\"urlTemplate\":\"https:\\\/\\\/www.organisator.ch\\\/?s={search_term_string}\"},\"query-input\":{\"@type\":\"PropertyValueSpecification\",\"valueRequired\":true,\"valueName\":\"search_term_string\"}}],\"inLanguage\":\"en-US\"},{\"@type\":\"Organization\",\"@id\":\"https:\\\/\\\/www.organisator.ch\\\/#organization\",\"name\":\"Organisator\",\"url\":\"https:\\\/\\\/www.organisator.ch\\\/\",\"logo\":{\"@type\":\"ImageObject\",\"inLanguage\":\"en-US\",\"@id\":\"https:\\\/\\\/www.organisator.ch\\\/#\\\/schema\\\/logo\\\/image\\\/\",\"url\":\"https:\\\/\\\/www.organisator.ch\\\/wp-content\\\/uploads\\\/2022\\\/01\\\/Logo_Organisator_Website.png\",\"contentUrl\":\"https:\\\/\\\/www.organisator.ch\\\/wp-content\\\/uploads\\\/2022\\\/01\\\/Logo_Organisator_Website.png\",\"width\":800,\"height\":77,\"caption\":\"Organisator\"},\"image\":{\"@id\":\"https:\\\/\\\/www.organisator.ch\\\/#\\\/schema\\\/logo\\\/image\\\/\"},\"sameAs\":[\"https:\\\/\\\/www.facebook.com\\\/OrganisatorFachmagazin\",\"https:\\\/\\\/www.linkedin.com\\\/showcase\\\/organisator-das-magazin-fr-kmu\",\"https:\\\/\\\/www.xing.com\\\/news\\\/pages\\\/organisator-ch-695\",\"https:\\\/\\\/www.youtube.com\\\/channel\\\/UCGP2Sq0iWaZwT3BdIAQFYpw\"]},{\"@type\":\"Person\",\"@id\":\"https:\\\/\\\/www.organisator.ch\\\/#\\\/schema\\\/person\\\/aa2bace6c5c5aad60102004a50c4eb1c\",\"name\":\"admin\",\"image\":{\"@type\":\"ImageObject\",\"inLanguage\":\"en-US\",\"@id\":\"https:\\\/\\\/secure.gravatar.com\\\/avatar\\\/ae2f4d718e6c49043e314ce431e7e645d646302a24a5ef5a8bc8e3f5a032e319?s=96&d=mm&r=g\",\"url\":\"https:\\\/\\\/secure.gravatar.com\\\/avatar\\\/ae2f4d718e6c49043e314ce431e7e645d646302a24a5ef5a8bc8e3f5a032e319?s=96&d=mm&r=g\",\"contentUrl\":\"https:\\\/\\\/secure.gravatar.com\\\/avatar\\\/ae2f4d718e6c49043e314ce431e7e645d646302a24a5ef5a8bc8e3f5a032e319?s=96&d=mm&r=g\",\"caption\":\"admin\"},\"sameAs\":[\"https:\\\/\\\/www.organisator.ch\"],\"url\":\"https:\\\/\\\/www.organisator.ch\\\/en\\\/author\\\/admin\\\/\"}]}<\/script>\n<!-- \/ Yoast SEO plugin. -->","yoast_head_json":{"title":"Continuing education in SMEs: Insights into practice - Organizer","description":"Everyone agrees that further training in SMEs is important. Two SMEs from different sectors provide an insight into practice.","robots":{"index":"index","follow":"follow","max-snippet":"max-snippet:-1","max-image-preview":"max-image-preview:large","max-video-preview":"max-video-preview:-1"},"canonical":"https:\/\/www.organisator.ch\/en\/further-education\/2025-04-23\/weiterbildung-in-kmu-einblicke-in-die-praxis\/","og_locale":"en_US","og_type":"article","og_title":"Weiterbildung in KMU: Einblicke in die Praxis - Organisator","og_description":"Weiterbildung in KMU ist wichtig, da sind sich alle einig. Zwei KMU aus unterschiedlichen Branchen geben Einblick in die Praxis.","og_url":"https:\/\/www.organisator.ch\/en\/further-education\/2025-04-23\/weiterbildung-in-kmu-einblicke-in-die-praxis\/","og_site_name":"Organisator","article_publisher":"https:\/\/www.facebook.com\/OrganisatorFachmagazin","article_published_time":"2025-04-23T02:27:30+00:00","article_modified_time":"2025-06-06T06:19:55+00:00","og_image":[{"width":1042,"height":915,"url":"https:\/\/www.organisator.ch\/wp-content\/uploads\/2025\/04\/Weiterbildung_Auftakt_Bild1_NEU_organisator_148985-scaled-e1749190769256.jpg","type":"image\/jpeg"}],"author":"admin","twitter_card":"summary_large_image","schema":{"@context":"https:\/\/schema.org","@graph":[{"@type":"Article","@id":"https:\/\/www.organisator.ch\/weiterbildung\/2025-04-23\/weiterbildung-in-kmu-einblicke-in-die-praxis\/#article","isPartOf":{"@id":"https:\/\/www.organisator.ch\/weiterbildung\/2025-04-23\/weiterbildung-in-kmu-einblicke-in-die-praxis\/"},"author":{"name":"admin","@id":"https:\/\/www.organisator.ch\/#\/schema\/person\/aa2bace6c5c5aad60102004a50c4eb1c"},"headline":"Weiterbildung in KMU: Einblicke in die Praxis","datePublished":"2025-04-23T02:27:30+00:00","dateModified":"2025-06-06T06:19:55+00:00","mainEntityOfPage":{"@id":"https:\/\/www.organisator.ch\/weiterbildung\/2025-04-23\/weiterbildung-in-kmu-einblicke-in-die-praxis\/"},"wordCount":1732,"publisher":{"@id":"https:\/\/www.organisator.ch\/#organization"},"image":{"@id":"https:\/\/www.organisator.ch\/weiterbildung\/2025-04-23\/weiterbildung-in-kmu-einblicke-in-die-praxis\/#primaryimage"},"thumbnailUrl":"https:\/\/www.organisator.ch\/wp-content\/uploads\/2025\/04\/Weiterbildung_Auftakt_Bild1_NEU_organisator_148985-scaled-e1749190769256.jpg","keywords":["Aus- und Weiterbildung","Management und Unternehmensf\u00fchrung","Unternehmen","Verb\u00e4nde"],"articleSection":["ABO+","WEITERBILDUNG"],"inLanguage":"en-US"},{"@type":"WebPage","@id":"https:\/\/www.organisator.ch\/weiterbildung\/2025-04-23\/weiterbildung-in-kmu-einblicke-in-die-praxis\/","url":"https:\/\/www.organisator.ch\/weiterbildung\/2025-04-23\/weiterbildung-in-kmu-einblicke-in-die-praxis\/","name":"Continuing education in SMEs: Insights into practice - Organizer","isPartOf":{"@id":"https:\/\/www.organisator.ch\/#website"},"primaryImageOfPage":{"@id":"https:\/\/www.organisator.ch\/weiterbildung\/2025-04-23\/weiterbildung-in-kmu-einblicke-in-die-praxis\/#primaryimage"},"image":{"@id":"https:\/\/www.organisator.ch\/weiterbildung\/2025-04-23\/weiterbildung-in-kmu-einblicke-in-die-praxis\/#primaryimage"},"thumbnailUrl":"https:\/\/www.organisator.ch\/wp-content\/uploads\/2025\/04\/Weiterbildung_Auftakt_Bild1_NEU_organisator_148985-scaled-e1749190769256.jpg","datePublished":"2025-04-23T02:27:30+00:00","dateModified":"2025-06-06T06:19:55+00:00","description":"Everyone agrees that further training in SMEs is important. Two SMEs from different sectors provide an insight into practice.","breadcrumb":{"@id":"https:\/\/www.organisator.ch\/weiterbildung\/2025-04-23\/weiterbildung-in-kmu-einblicke-in-die-praxis\/#breadcrumb"},"inLanguage":"en-US","potentialAction":[{"@type":"ReadAction","target":["https:\/\/www.organisator.ch\/weiterbildung\/2025-04-23\/weiterbildung-in-kmu-einblicke-in-die-praxis\/"]}]},{"@type":"ImageObject","inLanguage":"en-US","@id":"https:\/\/www.organisator.ch\/weiterbildung\/2025-04-23\/weiterbildung-in-kmu-einblicke-in-die-praxis\/#primaryimage","url":"https:\/\/www.organisator.ch\/wp-content\/uploads\/2025\/04\/Weiterbildung_Auftakt_Bild1_NEU_organisator_148985-scaled-e1749190769256.jpg","contentUrl":"https:\/\/www.organisator.ch\/wp-content\/uploads\/2025\/04\/Weiterbildung_Auftakt_Bild1_NEU_organisator_148985-scaled-e1749190769256.jpg","width":1042,"height":915,"caption":"Martin Mayer von der B\u00e4ckerei Vuaillat AG: \u00abEin Betrieb kann sich nur weiterentwickeln, wenn die Mitarbeitenden sich weiterbilden.\u00bb Foto: zVg"},{"@type":"BreadcrumbList","@id":"https:\/\/www.organisator.ch\/weiterbildung\/2025-04-23\/weiterbildung-in-kmu-einblicke-in-die-praxis\/#breadcrumb","itemListElement":[{"@type":"ListItem","position":1,"name":"Home","item":"https:\/\/www.organisator.ch\/"},{"@type":"ListItem","position":2,"name":"Weiterbildung in KMU: Einblicke in die Praxis"}]},{"@type":"WebSite","@id":"https:\/\/www.organisator.ch\/#website","url":"https:\/\/www.organisator.ch\/","name":"Organizer","description":"Competent. Practical. In 10 issues per year, ORGANISATOR presents the essential topics for managers of SMEs.","publisher":{"@id":"https:\/\/www.organisator.ch\/#organization"},"potentialAction":[{"@type":"SearchAction","target":{"@type":"EntryPoint","urlTemplate":"https:\/\/www.organisator.ch\/?s={search_term_string}"},"query-input":{"@type":"PropertyValueSpecification","valueRequired":true,"valueName":"search_term_string"}}],"inLanguage":"en-US"},{"@type":"Organization","@id":"https:\/\/www.organisator.ch\/#organization","name":"Organizer","url":"https:\/\/www.organisator.ch\/","logo":{"@type":"ImageObject","inLanguage":"en-US","@id":"https:\/\/www.organisator.ch\/#\/schema\/logo\/image\/","url":"https:\/\/www.organisator.ch\/wp-content\/uploads\/2022\/01\/Logo_Organisator_Website.png","contentUrl":"https:\/\/www.organisator.ch\/wp-content\/uploads\/2022\/01\/Logo_Organisator_Website.png","width":800,"height":77,"caption":"Organisator"},"image":{"@id":"https:\/\/www.organisator.ch\/#\/schema\/logo\/image\/"},"sameAs":["https:\/\/www.facebook.com\/OrganisatorFachmagazin","https:\/\/www.linkedin.com\/showcase\/organisator-das-magazin-fr-kmu","https:\/\/www.xing.com\/news\/pages\/organisator-ch-695","https:\/\/www.youtube.com\/channel\/UCGP2Sq0iWaZwT3BdIAQFYpw"]},{"@type":"Person","@id":"https:\/\/www.organisator.ch\/#\/schema\/person\/aa2bace6c5c5aad60102004a50c4eb1c","name":"admin","image":{"@type":"ImageObject","inLanguage":"en-US","@id":"https:\/\/secure.gravatar.com\/avatar\/ae2f4d718e6c49043e314ce431e7e645d646302a24a5ef5a8bc8e3f5a032e319?s=96&d=mm&r=g","url":"https:\/\/secure.gravatar.com\/avatar\/ae2f4d718e6c49043e314ce431e7e645d646302a24a5ef5a8bc8e3f5a032e319?s=96&d=mm&r=g","contentUrl":"https:\/\/secure.gravatar.com\/avatar\/ae2f4d718e6c49043e314ce431e7e645d646302a24a5ef5a8bc8e3f5a032e319?s=96&d=mm&r=g","caption":"admin"},"sameAs":["https:\/\/www.organisator.ch"],"url":"https:\/\/www.organisator.ch\/en\/author\/admin\/"}]}},"_links":{"self":[{"href":"https:\/\/www.organisator.ch\/en\/wp-json\/wp\/v2\/posts\/37780","targetHints":{"allow":["GET"]}}],"collection":[{"href":"https:\/\/www.organisator.ch\/en\/wp-json\/wp\/v2\/posts"}],"about":[{"href":"https:\/\/www.organisator.ch\/en\/wp-json\/wp\/v2\/types\/post"}],"author":[{"embeddable":true,"href":"https:\/\/www.organisator.ch\/en\/wp-json\/wp\/v2\/users\/1"}],"replies":[{"embeddable":true,"href":"https:\/\/www.organisator.ch\/en\/wp-json\/wp\/v2\/comments?post=37780"}],"version-history":[{"count":3,"href":"https:\/\/www.organisator.ch\/en\/wp-json\/wp\/v2\/posts\/37780\/revisions"}],"predecessor-version":[{"id":38734,"href":"https:\/\/www.organisator.ch\/en\/wp-json\/wp\/v2\/posts\/37780\/revisions\/38734"}],"wp:featuredmedia":[{"embeddable":true,"href":"https:\/\/www.organisator.ch\/en\/wp-json\/wp\/v2\/media\/37778"}],"wp:attachment":[{"href":"https:\/\/www.organisator.ch\/en\/wp-json\/wp\/v2\/media?parent=37780"}],"wp:term":[{"taxonomy":"category","embeddable":true,"href":"https:\/\/www.organisator.ch\/en\/wp-json\/wp\/v2\/categories?post=37780"},{"taxonomy":"post_tag","embeddable":true,"href":"https:\/\/www.organisator.ch\/en\/wp-json\/wp\/v2\/tags?post=37780"}],"curies":[{"name":"wp","href":"https:\/\/api.w.org\/{rel}","templated":true}]}}