{"id":37812,"date":"2025-04-21T15:31:48","date_gmt":"2025-04-21T13:31:48","guid":{"rendered":"https:\/\/www.markt-kom.com\/?p=233617"},"modified":"2025-04-22T08:29:43","modified_gmt":"2025-04-22T06:29:43","slug":"beat-imhof-neu-im-vorstand-von-schweiz-tourismus","status":"publish","type":"post","link":"https:\/\/www.organisator.ch\/en\/marketing\/2025-04-21\/beat-imhof-neu-im-vorstand-von-schweiz-tourismus\/","title":{"rendered":"Beat Imhof new member of the Board of Directors of Switzerland Tourism"},"content":{"rendered":"<figure id=\"attachment_233618\" class=\"wp-caption aligncenter\" style=\"width: 1200px;\" aria-describedby=\"caption-attachment-233618\"><a href=\"https:\/\/www.markt-kom.com\/wp-content\/uploads\/2025\/04\/Beat_Imhof_gastrosuisse-st.jpg\"><img class=\"size-full wp-image-233618\" src=\"https:\/\/www.markt-kom.com\/wp-content\/uploads\/2025\/04\/Beat_Imhof_gastrosuisse-st.jpg\" sizes=\"(max-width: 1200px) 100vw, 1200px\" srcset=\"https:\/\/www.markt-kom.com\/wp-content\/uploads\/2025\/04\/Beat_Imhof_gastrosuisse-st.jpg 1200w, https:\/\/www.markt-kom.com\/wp-content\/uploads\/2025\/04\/Beat_Imhof_gastrosuisse-st-600x450.jpg 600w, https:\/\/www.markt-kom.com\/wp-content\/uploads\/2025\/04\/Beat_Imhof_gastrosuisse-st-1024x768.jpg 1024w, https:\/\/www.markt-kom.com\/wp-content\/uploads\/2025\/04\/Beat_Imhof_gastrosuisse-st-768x576.jpg 768w, https:\/\/www.markt-kom.com\/wp-content\/uploads\/2025\/04\/Beat_Imhof_gastrosuisse-st-16x12.jpg 16w, https:\/\/www.markt-kom.com\/wp-content\/uploads\/2025\/04\/Beat_Imhof_gastrosuisse-st-233x175.jpg 233w, https:\/\/www.markt-kom.com\/wp-content\/uploads\/2025\/04\/Beat_Imhof_gastrosuisse-st-467x350.jpg 467w, https:\/\/www.markt-kom.com\/wp-content\/uploads\/2025\/04\/Beat_Imhof_gastrosuisse-st-1000x750.jpg 1000w\" alt=\"\" width=\"1200\" height=\"900\" \/><\/a>\r\n<figcaption id=\"caption-attachment-233618\" class=\"wp-caption-text\">(Image: zVg. GastroSuisse)<\/figcaption>\r\n<\/figure>\r\n<p>Beat Imhof succeeds Massimo Suter on the Board of Directors of Switzerland Tourism. He will thus assume the role of representative of the hospitality industry in the highest body of the national tourism marketing organization. He takes up his new position with immediate effect.<\/p>\r\n<p>Since summer 2024, Imhof has been at the helm of GastroSuisse, the largest employers' association in the Swiss hotel and restaurant industry. The qualified chef and graduate of the Master's degree course in General Management at Lucerne University of Applied Sciences and Arts previously worked as CEO of the Casino Theater Winterthur, among other things.<\/p>","protected":false},"excerpt":{"rendered":"<p>On Wednesday, GastroSuisse President Beat Imhof was elected to the Board of Directors at the general meeting of Switzerland Tourism. This means that the representation of the hospitality industry's interests remains firmly anchored in the national tourism marketing body.<\/p>","protected":false},"author":8,"featured_media":0,"comment_status":"closed","ping_status":"closed","sticky":false,"template":"","format":"standard","meta":{"_acf_changed":false,"_yoast_wpseo_focuskw":"Beat Imhof","_yoast_wpseo_metadesc":"Am 16. April 2025 wurde GastroSuisse-Pr\u00e4sident Beat Imhof im Rahmen der Mitgliederversammlung von Schweiz Tourismus in den Vorstand gew\u00e4hlt.","articlekey":"","footnotes":""},"categories":[29],"tags":[4265,4343,381,2854,503],"class_list":["post-37812","post","type-post","status-publish","format-standard","hentry","category-marketing","tag-gastrosuisse","tag-markom","tag-personalia","tag-schweiz-tourismus","tag-verbaende"],"acf":[],"yoast_head":"<!-- This site is optimized with the Yoast SEO plugin v27.5 - https:\/\/yoast.com\/product\/yoast-seo-wordpress\/ -->\n<title>Beat Imhof neu im Vorstand von Schweiz Tourismus - Organisator<\/title>\n<meta name=\"description\" content=\"Am 16. April 2025 wurde GastroSuisse-Pr\u00e4sident Beat Imhof im Rahmen der Mitgliederversammlung von Schweiz Tourismus in den Vorstand gew\u00e4hlt.\" \/>\n<meta name=\"robots\" content=\"index, follow, max-snippet:-1, max-image-preview:large, max-video-preview:-1\" \/>\n<link rel=\"canonical\" href=\"https:\/\/www.organisator.ch\/en\/marketing\/2025-04-21\/beat-imhof-neu-im-vorstand-von-schweiz-tourismus\/\" \/>\n<meta property=\"og:locale\" content=\"en_US\" \/>\n<meta property=\"og:type\" content=\"article\" \/>\n<meta property=\"og:title\" content=\"Beat Imhof neu im Vorstand von Schweiz Tourismus - Organisator\" \/>\n<meta property=\"og:description\" content=\"Am 16. April 2025 wurde GastroSuisse-Pr\u00e4sident Beat Imhof im Rahmen der Mitgliederversammlung von Schweiz Tourismus in den Vorstand gew\u00e4hlt.\" \/>\n<meta property=\"og:url\" content=\"https:\/\/www.organisator.ch\/en\/marketing\/2025-04-21\/beat-imhof-neu-im-vorstand-von-schweiz-tourismus\/\" \/>\n<meta property=\"og:site_name\" content=\"Organisator\" \/>\n<meta property=\"article:publisher\" content=\"https:\/\/www.facebook.com\/OrganisatorFachmagazin\" \/>\n<meta property=\"article:published_time\" content=\"2025-04-21T13:31:48+00:00\" \/>\n<meta property=\"article:modified_time\" content=\"2025-04-22T06:29:43+00:00\" \/>\n<meta name=\"author\" content=\"galledia\" \/>\n<meta name=\"twitter:card\" content=\"summary_large_image\" \/>\n<meta name=\"twitter:creator\" content=\"@admin\" \/>\n<script type=\"application\/ld+json\" class=\"yoast-schema-graph\">{\"@context\":\"https:\\\/\\\/schema.org\",\"@graph\":[{\"@type\":\"Article\",\"@id\":\"https:\\\/\\\/www.organisator.ch\\\/marketing\\\/2025-04-21\\\/beat-imhof-neu-im-vorstand-von-schweiz-tourismus\\\/#article\",\"isPartOf\":{\"@id\":\"https:\\\/\\\/www.organisator.ch\\\/marketing\\\/2025-04-21\\\/beat-imhof-neu-im-vorstand-von-schweiz-tourismus\\\/\"},\"author\":{\"name\":\"galledia\",\"@id\":\"https:\\\/\\\/www.organisator.ch\\\/#\\\/schema\\\/person\\\/4e51799071cd2dd1232ac003643ef5f0\"},\"headline\":\"Beat Imhof neu im Vorstand von Schweiz Tourismus\",\"datePublished\":\"2025-04-21T13:31:48+00:00\",\"dateModified\":\"2025-04-22T06:29:43+00:00\",\"mainEntityOfPage\":{\"@id\":\"https:\\\/\\\/www.organisator.ch\\\/marketing\\\/2025-04-21\\\/beat-imhof-neu-im-vorstand-von-schweiz-tourismus\\\/\"},\"wordCount\":91,\"publisher\":{\"@id\":\"https:\\\/\\\/www.organisator.ch\\\/#organization\"},\"image\":{\"@id\":\"https:\\\/\\\/www.organisator.ch\\\/marketing\\\/2025-04-21\\\/beat-imhof-neu-im-vorstand-von-schweiz-tourismus\\\/#primaryimage\"},\"thumbnailUrl\":\"https:\\\/\\\/www.markt-kom.com\\\/wp-content\\\/uploads\\\/2025\\\/04\\\/Beat_Imhof_gastrosuisse-st.jpg\",\"keywords\":[\"GastroSuisse\",\"MarKom\",\"Personalia\",\"Schweiz Tourismus\",\"Verb\u00e4nde\"],\"articleSection\":[\"MARKETING\"],\"inLanguage\":\"en-US\"},{\"@type\":\"WebPage\",\"@id\":\"https:\\\/\\\/www.organisator.ch\\\/marketing\\\/2025-04-21\\\/beat-imhof-neu-im-vorstand-von-schweiz-tourismus\\\/\",\"url\":\"https:\\\/\\\/www.organisator.ch\\\/marketing\\\/2025-04-21\\\/beat-imhof-neu-im-vorstand-von-schweiz-tourismus\\\/\",\"name\":\"Beat Imhof neu im Vorstand von Schweiz Tourismus - Organisator\",\"isPartOf\":{\"@id\":\"https:\\\/\\\/www.organisator.ch\\\/#website\"},\"primaryImageOfPage\":{\"@id\":\"https:\\\/\\\/www.organisator.ch\\\/marketing\\\/2025-04-21\\\/beat-imhof-neu-im-vorstand-von-schweiz-tourismus\\\/#primaryimage\"},\"image\":{\"@id\":\"https:\\\/\\\/www.organisator.ch\\\/marketing\\\/2025-04-21\\\/beat-imhof-neu-im-vorstand-von-schweiz-tourismus\\\/#primaryimage\"},\"thumbnailUrl\":\"https:\\\/\\\/www.markt-kom.com\\\/wp-content\\\/uploads\\\/2025\\\/04\\\/Beat_Imhof_gastrosuisse-st.jpg\",\"datePublished\":\"2025-04-21T13:31:48+00:00\",\"dateModified\":\"2025-04-22T06:29:43+00:00\",\"description\":\"Am 16. April 2025 wurde GastroSuisse-Pr\u00e4sident Beat Imhof im Rahmen der Mitgliederversammlung von Schweiz Tourismus in den Vorstand gew\u00e4hlt.\",\"breadcrumb\":{\"@id\":\"https:\\\/\\\/www.organisator.ch\\\/marketing\\\/2025-04-21\\\/beat-imhof-neu-im-vorstand-von-schweiz-tourismus\\\/#breadcrumb\"},\"inLanguage\":\"en-US\",\"potentialAction\":[{\"@type\":\"ReadAction\",\"target\":[\"https:\\\/\\\/www.organisator.ch\\\/marketing\\\/2025-04-21\\\/beat-imhof-neu-im-vorstand-von-schweiz-tourismus\\\/\"]}]},{\"@type\":\"ImageObject\",\"inLanguage\":\"en-US\",\"@id\":\"https:\\\/\\\/www.organisator.ch\\\/marketing\\\/2025-04-21\\\/beat-imhof-neu-im-vorstand-von-schweiz-tourismus\\\/#primaryimage\",\"url\":\"https:\\\/\\\/www.markt-kom.com\\\/wp-content\\\/uploads\\\/2025\\\/04\\\/Beat_Imhof_gastrosuisse-st.jpg\",\"contentUrl\":\"https:\\\/\\\/www.markt-kom.com\\\/wp-content\\\/uploads\\\/2025\\\/04\\\/Beat_Imhof_gastrosuisse-st.jpg\"},{\"@type\":\"BreadcrumbList\",\"@id\":\"https:\\\/\\\/www.organisator.ch\\\/marketing\\\/2025-04-21\\\/beat-imhof-neu-im-vorstand-von-schweiz-tourismus\\\/#breadcrumb\",\"itemListElement\":[{\"@type\":\"ListItem\",\"position\":1,\"name\":\"Home\",\"item\":\"https:\\\/\\\/www.organisator.ch\\\/\"},{\"@type\":\"ListItem\",\"position\":2,\"name\":\"Beat Imhof neu im Vorstand von Schweiz Tourismus\"}]},{\"@type\":\"WebSite\",\"@id\":\"https:\\\/\\\/www.organisator.ch\\\/#website\",\"url\":\"https:\\\/\\\/www.organisator.ch\\\/\",\"name\":\"Organisator\",\"description\":\"Kompetent. Praxisnah. Der ORGANISATOR bereitet in 10 Ausgaben pro Jahr die wesentlichen Themen f\u00fcr F\u00fchrungskr\u00e4fte von KMU auf.\",\"publisher\":{\"@id\":\"https:\\\/\\\/www.organisator.ch\\\/#organization\"},\"potentialAction\":[{\"@type\":\"SearchAction\",\"target\":{\"@type\":\"EntryPoint\",\"urlTemplate\":\"https:\\\/\\\/www.organisator.ch\\\/?s={search_term_string}\"},\"query-input\":{\"@type\":\"PropertyValueSpecification\",\"valueRequired\":true,\"valueName\":\"search_term_string\"}}],\"inLanguage\":\"en-US\"},{\"@type\":\"Organization\",\"@id\":\"https:\\\/\\\/www.organisator.ch\\\/#organization\",\"name\":\"Organisator\",\"url\":\"https:\\\/\\\/www.organisator.ch\\\/\",\"logo\":{\"@type\":\"ImageObject\",\"inLanguage\":\"en-US\",\"@id\":\"https:\\\/\\\/www.organisator.ch\\\/#\\\/schema\\\/logo\\\/image\\\/\",\"url\":\"https:\\\/\\\/www.organisator.ch\\\/wp-content\\\/uploads\\\/2022\\\/01\\\/Logo_Organisator_Website.png\",\"contentUrl\":\"https:\\\/\\\/www.organisator.ch\\\/wp-content\\\/uploads\\\/2022\\\/01\\\/Logo_Organisator_Website.png\",\"width\":800,\"height\":77,\"caption\":\"Organisator\"},\"image\":{\"@id\":\"https:\\\/\\\/www.organisator.ch\\\/#\\\/schema\\\/logo\\\/image\\\/\"},\"sameAs\":[\"https:\\\/\\\/www.facebook.com\\\/OrganisatorFachmagazin\",\"https:\\\/\\\/www.linkedin.com\\\/showcase\\\/organisator-das-magazin-fr-kmu\",\"https:\\\/\\\/www.xing.com\\\/news\\\/pages\\\/organisator-ch-695\",\"https:\\\/\\\/www.youtube.com\\\/channel\\\/UCGP2Sq0iWaZwT3BdIAQFYpw\"]},{\"@type\":\"Person\",\"@id\":\"https:\\\/\\\/www.organisator.ch\\\/#\\\/schema\\\/person\\\/4e51799071cd2dd1232ac003643ef5f0\",\"name\":\"galledia\",\"image\":{\"@type\":\"ImageObject\",\"inLanguage\":\"en-US\",\"@id\":\"https:\\\/\\\/secure.gravatar.com\\\/avatar\\\/78a7f90c01fc2bfc875782a0d4922b37cde2cf184ce347b91316d23cd7f69a36?s=96&d=mm&r=g\",\"url\":\"https:\\\/\\\/secure.gravatar.com\\\/avatar\\\/78a7f90c01fc2bfc875782a0d4922b37cde2cf184ce347b91316d23cd7f69a36?s=96&d=mm&r=g\",\"contentUrl\":\"https:\\\/\\\/secure.gravatar.com\\\/avatar\\\/78a7f90c01fc2bfc875782a0d4922b37cde2cf184ce347b91316d23cd7f69a36?s=96&d=mm&r=g\",\"caption\":\"galledia\"},\"sameAs\":[\"https:\\\/\\\/x.com\\\/admin\"],\"url\":\"https:\\\/\\\/www.organisator.ch\\\/en\\\/author\\\/galledia\\\/\"}]}<\/script>\n<!-- \/ Yoast SEO plugin. -->","yoast_head_json":{"title":"Beat Imhof new member of the Board of Switzerland Tourism - Organizer","description":"On April 16, 2025, GastroSuisse President Beat Imhof was elected to the Board of Directors at the general meeting of Switzerland Tourism.","robots":{"index":"index","follow":"follow","max-snippet":"max-snippet:-1","max-image-preview":"max-image-preview:large","max-video-preview":"max-video-preview:-1"},"canonical":"https:\/\/www.organisator.ch\/en\/marketing\/2025-04-21\/beat-imhof-neu-im-vorstand-von-schweiz-tourismus\/","og_locale":"en_US","og_type":"article","og_title":"Beat Imhof neu im Vorstand von Schweiz Tourismus - Organisator","og_description":"Am 16. April 2025 wurde GastroSuisse-Pr\u00e4sident Beat Imhof im Rahmen der Mitgliederversammlung von Schweiz Tourismus in den Vorstand gew\u00e4hlt.","og_url":"https:\/\/www.organisator.ch\/en\/marketing\/2025-04-21\/beat-imhof-neu-im-vorstand-von-schweiz-tourismus\/","og_site_name":"Organisator","article_publisher":"https:\/\/www.facebook.com\/OrganisatorFachmagazin","article_published_time":"2025-04-21T13:31:48+00:00","article_modified_time":"2025-04-22T06:29:43+00:00","author":"galledia","twitter_card":"summary_large_image","twitter_creator":"@admin","schema":{"@context":"https:\/\/schema.org","@graph":[{"@type":"Article","@id":"https:\/\/www.organisator.ch\/marketing\/2025-04-21\/beat-imhof-neu-im-vorstand-von-schweiz-tourismus\/#article","isPartOf":{"@id":"https:\/\/www.organisator.ch\/marketing\/2025-04-21\/beat-imhof-neu-im-vorstand-von-schweiz-tourismus\/"},"author":{"name":"galledia","@id":"https:\/\/www.organisator.ch\/#\/schema\/person\/4e51799071cd2dd1232ac003643ef5f0"},"headline":"Beat Imhof neu im Vorstand von Schweiz Tourismus","datePublished":"2025-04-21T13:31:48+00:00","dateModified":"2025-04-22T06:29:43+00:00","mainEntityOfPage":{"@id":"https:\/\/www.organisator.ch\/marketing\/2025-04-21\/beat-imhof-neu-im-vorstand-von-schweiz-tourismus\/"},"wordCount":91,"publisher":{"@id":"https:\/\/www.organisator.ch\/#organization"},"image":{"@id":"https:\/\/www.organisator.ch\/marketing\/2025-04-21\/beat-imhof-neu-im-vorstand-von-schweiz-tourismus\/#primaryimage"},"thumbnailUrl":"https:\/\/www.markt-kom.com\/wp-content\/uploads\/2025\/04\/Beat_Imhof_gastrosuisse-st.jpg","keywords":["GastroSuisse","MarKom","Personalia","Schweiz Tourismus","Verb\u00e4nde"],"articleSection":["MARKETING"],"inLanguage":"en-US"},{"@type":"WebPage","@id":"https:\/\/www.organisator.ch\/marketing\/2025-04-21\/beat-imhof-neu-im-vorstand-von-schweiz-tourismus\/","url":"https:\/\/www.organisator.ch\/marketing\/2025-04-21\/beat-imhof-neu-im-vorstand-von-schweiz-tourismus\/","name":"Beat Imhof new member of the Board of Switzerland Tourism - Organizer","isPartOf":{"@id":"https:\/\/www.organisator.ch\/#website"},"primaryImageOfPage":{"@id":"https:\/\/www.organisator.ch\/marketing\/2025-04-21\/beat-imhof-neu-im-vorstand-von-schweiz-tourismus\/#primaryimage"},"image":{"@id":"https:\/\/www.organisator.ch\/marketing\/2025-04-21\/beat-imhof-neu-im-vorstand-von-schweiz-tourismus\/#primaryimage"},"thumbnailUrl":"https:\/\/www.markt-kom.com\/wp-content\/uploads\/2025\/04\/Beat_Imhof_gastrosuisse-st.jpg","datePublished":"2025-04-21T13:31:48+00:00","dateModified":"2025-04-22T06:29:43+00:00","description":"On April 16, 2025, GastroSuisse President Beat Imhof was elected to the Board of Directors at the general meeting of Switzerland Tourism.","breadcrumb":{"@id":"https:\/\/www.organisator.ch\/marketing\/2025-04-21\/beat-imhof-neu-im-vorstand-von-schweiz-tourismus\/#breadcrumb"},"inLanguage":"en-US","potentialAction":[{"@type":"ReadAction","target":["https:\/\/www.organisator.ch\/marketing\/2025-04-21\/beat-imhof-neu-im-vorstand-von-schweiz-tourismus\/"]}]},{"@type":"ImageObject","inLanguage":"en-US","@id":"https:\/\/www.organisator.ch\/marketing\/2025-04-21\/beat-imhof-neu-im-vorstand-von-schweiz-tourismus\/#primaryimage","url":"https:\/\/www.markt-kom.com\/wp-content\/uploads\/2025\/04\/Beat_Imhof_gastrosuisse-st.jpg","contentUrl":"https:\/\/www.markt-kom.com\/wp-content\/uploads\/2025\/04\/Beat_Imhof_gastrosuisse-st.jpg"},{"@type":"BreadcrumbList","@id":"https:\/\/www.organisator.ch\/marketing\/2025-04-21\/beat-imhof-neu-im-vorstand-von-schweiz-tourismus\/#breadcrumb","itemListElement":[{"@type":"ListItem","position":1,"name":"Home","item":"https:\/\/www.organisator.ch\/"},{"@type":"ListItem","position":2,"name":"Beat Imhof neu im Vorstand von Schweiz Tourismus"}]},{"@type":"WebSite","@id":"https:\/\/www.organisator.ch\/#website","url":"https:\/\/www.organisator.ch\/","name":"Organizer","description":"Competent. Practical. In 10 issues per year, ORGANISATOR presents the essential topics for managers of SMEs.","publisher":{"@id":"https:\/\/www.organisator.ch\/#organization"},"potentialAction":[{"@type":"SearchAction","target":{"@type":"EntryPoint","urlTemplate":"https:\/\/www.organisator.ch\/?s={search_term_string}"},"query-input":{"@type":"PropertyValueSpecification","valueRequired":true,"valueName":"search_term_string"}}],"inLanguage":"en-US"},{"@type":"Organization","@id":"https:\/\/www.organisator.ch\/#organization","name":"Organizer","url":"https:\/\/www.organisator.ch\/","logo":{"@type":"ImageObject","inLanguage":"en-US","@id":"https:\/\/www.organisator.ch\/#\/schema\/logo\/image\/","url":"https:\/\/www.organisator.ch\/wp-content\/uploads\/2022\/01\/Logo_Organisator_Website.png","contentUrl":"https:\/\/www.organisator.ch\/wp-content\/uploads\/2022\/01\/Logo_Organisator_Website.png","width":800,"height":77,"caption":"Organisator"},"image":{"@id":"https:\/\/www.organisator.ch\/#\/schema\/logo\/image\/"},"sameAs":["https:\/\/www.facebook.com\/OrganisatorFachmagazin","https:\/\/www.linkedin.com\/showcase\/organisator-das-magazin-fr-kmu","https:\/\/www.xing.com\/news\/pages\/organisator-ch-695","https:\/\/www.youtube.com\/channel\/UCGP2Sq0iWaZwT3BdIAQFYpw"]},{"@type":"Person","@id":"https:\/\/www.organisator.ch\/#\/schema\/person\/4e51799071cd2dd1232ac003643ef5f0","name":"galledia","image":{"@type":"ImageObject","inLanguage":"en-US","@id":"https:\/\/secure.gravatar.com\/avatar\/78a7f90c01fc2bfc875782a0d4922b37cde2cf184ce347b91316d23cd7f69a36?s=96&d=mm&r=g","url":"https:\/\/secure.gravatar.com\/avatar\/78a7f90c01fc2bfc875782a0d4922b37cde2cf184ce347b91316d23cd7f69a36?s=96&d=mm&r=g","contentUrl":"https:\/\/secure.gravatar.com\/avatar\/78a7f90c01fc2bfc875782a0d4922b37cde2cf184ce347b91316d23cd7f69a36?s=96&d=mm&r=g","caption":"galledia"},"sameAs":["https:\/\/x.com\/admin"],"url":"https:\/\/www.organisator.ch\/en\/author\/galledia\/"}]}},"_links":{"self":[{"href":"https:\/\/www.organisator.ch\/en\/wp-json\/wp\/v2\/posts\/37812","targetHints":{"allow":["GET"]}}],"collection":[{"href":"https:\/\/www.organisator.ch\/en\/wp-json\/wp\/v2\/posts"}],"about":[{"href":"https:\/\/www.organisator.ch\/en\/wp-json\/wp\/v2\/types\/post"}],"author":[{"embeddable":true,"href":"https:\/\/www.organisator.ch\/en\/wp-json\/wp\/v2\/users\/8"}],"replies":[{"embeddable":true,"href":"https:\/\/www.organisator.ch\/en\/wp-json\/wp\/v2\/comments?post=37812"}],"version-history":[{"count":3,"href":"https:\/\/www.organisator.ch\/en\/wp-json\/wp\/v2\/posts\/37812\/revisions"}],"predecessor-version":[{"id":37824,"href":"https:\/\/www.organisator.ch\/en\/wp-json\/wp\/v2\/posts\/37812\/revisions\/37824"}],"wp:attachment":[{"href":"https:\/\/www.organisator.ch\/en\/wp-json\/wp\/v2\/media?parent=37812"}],"wp:term":[{"taxonomy":"category","embeddable":true,"href":"https:\/\/www.organisator.ch\/en\/wp-json\/wp\/v2\/categories?post=37812"},{"taxonomy":"post_tag","embeddable":true,"href":"https:\/\/www.organisator.ch\/en\/wp-json\/wp\/v2\/tags?post=37812"}],"curies":[{"name":"wp","href":"https:\/\/api.w.org\/{rel}","templated":true}]}}