{"id":3789,"date":"2021-02-04T07:00:33","date_gmt":"2021-02-04T06:00:33","guid":{"rendered":"https:\/\/www.umweltperspektiven.ch\/?p=3789"},"modified":"2022-02-09T11:09:27","modified_gmt":"2022-02-09T10:09:27","slug":"gesetz-fuer-mobility-pricing-geht-in-vernehmlassung","status":"publish","type":"post","link":"https:\/\/www.organisator.ch\/en\/sustainability\/2021-02-04\/gesetz-fuer-mobility-pricing-geht-in-vernehmlassung\/","title":{"rendered":"Mobility Pricing Act enters consultation phase"},"content":{"rendered":"<figure id=\"attachment_3790\" aria-describedby=\"caption-attachment-3790\" style=\"width: 680px\" class=\"wp-caption aligncenter\"><img loading=\"lazy\" decoding=\"async\" class=\"wp-image-3790 size-medium\" src=\"\/\/www.umweltperspektiven.ch\/wp-content\/uploads\/2021\/02\/Depositphotos_3957416_s-2019.jpg\" alt=\"Mobility Pricing\" width=\"680\" height=\"455\" \/><figcaption id=\"caption-attachment-3790\" class=\"wp-caption-text\">\u00a9 Depositphotos, bitpics<\/figcaption><\/figure>\n<p>Switzerland would not be the first country to test mobility pricing. Today, anyone who wants to drive into the city of London has to pay a corresponding levy. This has significantly eased traffic congestion in London. Mobility pricing can therefore help solve traffic problems. In Switzerland, a theoretical impact analysis using the example of the canton of Zug has already shown that this works. In order for mobility pricing to be tested in practice, an appropriate legal basis is needed. The Federal Council has drafted a new law for this purpose and has now sent it out for consultation.<\/p>\n<p>The law would allow cantons and municipalities to carry out pilot projects. The federal law, which is limited to ten years, is intended to allow the testing of novel pricing systems to influence transport demand and mobility behavior, both in private motorized transport and in public transport. The law is also intended to create the basis for the federal government to provide financial support for pilot projects. This is because the findings from these can be of interest throughout Switzerland, for example with regard to the acceptance of mobility pricing among the population, as the Federal Council emphasizes.<\/p>\n<p><strong>Responsibility with cantons, municipalities or organizations<\/strong><strong><br \/>\n<\/strong><br \/>\nThe law distinguishes between pilot projects in which road users in the region concerned are subject to a levy and projects in which they can participate voluntarily. The implementation of pilot projects with a levy obligation is the responsibility of the cantons or municipalities. They must be approved by the canton in whose territory the project is being tested. The canton must obtain approval from the Federal Department of the Environment, Transport, Energy and Communications (DETEC). Projects with volunteers can also be carried out by interested organizations.<\/p>\n<p>Various regions have expressed interest in carrying out a pilot project. DETEC is in the process of clarifying and fleshing out the project ideas submitted for this purpose with the interested cantons, municipalities and cities. Based on this, feasibility studies will next be carried out for some of these project outlines. This should clarify the question of which of the proposed pilot projects can be realized.<\/p>\n<p>The feasibility studies are to be ready by 2022. They will run in parallel with the legislative process so that the pilot projects can start quickly as soon as the new law comes into force. From today's perspective, this is planned for the beginning of 2024.<\/p>\n<p><strong>First statements of the mobility associations<\/strong><\/p>\n<p>In a first statement, the reactions of the two mobility associations fall <a href=\"\/\/www.verkehrsclub.ch\/medien\/detail\/artikel\/vcs-sieht-grosse-chancen-im-mobility-pricing\/\">VCS<\/a> and <a href=\"\/\/www.tcs.ch\/de\/der-tcs\/presse\/medienmitteilungen-2021\/mobility-pricing.php\">TCS<\/a> differ. The VCS welcomes the Federal Council's approach and writes: \"Mobility pricing is a great opportunity to make transport more sustainable. Appropriate pricing can reduce transport demand and encourage a shift to environmentally friendly modes of transport. The pilot tests are an important first step in this direction.\"<\/p>\n<p>The TCS takes a different view, stating: \"The TCS rejects the steering of mobility by price. Breaking traffic peaks through higher peak hour prices would be anti-social and would primarily affect people with inflexible working hours. The draft law for such projects sent into consultation today by the Federal Council goes in the wrong direction.\"<\/p>\n<p>&nbsp;<\/p>\n<p><em>Source: Federal Government\/rs<\/em><\/p>\n<p><em>The consultation (<a href=\"\/\/www.astra.admin.ch\/astra\/de\/home\/themen\/mobility-pricing\/vernehmlassungsunterlagen.html\">here the documents<\/a>) starts on February 4, 2021 and lasts until May 17, 2021.<\/em><em>.<\/em><\/p>\n<p>&nbsp;<\/p>\n<blockquote><p><strong>Lively interest in pilot projects<\/strong><\/p>\n<p>In February 2020, the federal government contacted cantons and cities to gauge their concrete interest in a pilot project. Several ideas or project outlines were then submitted to the federal government. The cantons of Aargau, Basel-Stadt, Geneva, Jura, Thurgau (Frauenfeld), Valais and Zug as well as the cities of Bern, Biel\/Bienne, Del\u00e9mont and Zurich responded. The interested cantons, cities and municipalities were then asked in the fall of 2020 to specify their project outlines and ideas in view of a possible further deepening within the framework of a feasibility study, as the federal government writes in its media release.<\/p><\/blockquote>\n<p>&nbsp;<\/p>","protected":false},"excerpt":{"rendered":"<p>Die Schweiz w\u00e4re nicht das erste Land, das Mobility-Pricing testen w\u00fcrde. Wer heute in die Stadt London fahren will, muss daf\u00fcr eine entsprechende Abgabe entrichten. Das hat den Verkehr in London deutlich entlastet.\u00a0Mobility-Pricing kann also dazu beitragen, Verkehrsprobleme zu l\u00f6sen. Dass dies funktioniert, hat in der Schweiz bereits eine theoretische Wirkungsanalyse am Beispiel des Kantons [&hellip;]<\/p>\n","protected":false},"author":6,"featured_media":9760,"comment_status":"closed","ping_status":"closed","sticky":false,"template":"","format":"standard","meta":{"_acf_changed":false,"_yoast_wpseo_focuskw":"Mobility-Pricing","_yoast_wpseo_metadesc":"Am 4. Februar 2021 startet der Bundesrat die Vernehmlassung f\u00fcr das Gesetz \u00abPilotprojekte f\u00fcr das Mobility-Pricing\u00bb.","articlekey":"","footnotes":""},"categories":[580],"tags":[354,1730,2460],"class_list":["post-3789","post","type-post","status-publish","format-standard","has-post-thumbnail","hentry","category-sustainability","tag-mobilitaet","tag-mobility-pricing","tag-vernehmlassung"],"acf":[],"yoast_head":"<!-- This site is optimized with the Yoast SEO plugin v27.4 - https:\/\/yoast.com\/product\/yoast-seo-wordpress\/ -->\n<title>Gesetz f\u00fcr Mobility-Pricing geht in Vernehmlassung - Organisator<\/title>\n<meta name=\"description\" content=\"Am 4. Februar 2021 startet der Bundesrat die Vernehmlassung f\u00fcr das Gesetz \u00abPilotprojekte f\u00fcr das Mobility-Pricing\u00bb.\" \/>\n<meta name=\"robots\" content=\"index, follow, max-snippet:-1, max-image-preview:large, max-video-preview:-1\" \/>\n<link rel=\"canonical\" href=\"https:\/\/www.organisator.ch\/en\/sustainability\/2021-02-04\/gesetz-fuer-mobility-pricing-geht-in-vernehmlassung\/\" \/>\n<meta property=\"og:locale\" content=\"en_US\" \/>\n<meta property=\"og:type\" content=\"article\" \/>\n<meta property=\"og:title\" content=\"Gesetz f\u00fcr Mobility-Pricing geht in Vernehmlassung - Organisator\" \/>\n<meta property=\"og:description\" content=\"Am 4. Februar 2021 startet der Bundesrat die Vernehmlassung f\u00fcr das Gesetz \u00abPilotprojekte f\u00fcr das Mobility-Pricing\u00bb.\" \/>\n<meta property=\"og:url\" content=\"https:\/\/www.organisator.ch\/en\/sustainability\/2021-02-04\/gesetz-fuer-mobility-pricing-geht-in-vernehmlassung\/\" \/>\n<meta property=\"og:site_name\" content=\"Organisator\" \/>\n<meta property=\"article:publisher\" content=\"https:\/\/www.facebook.com\/OrganisatorFachmagazin\" \/>\n<meta property=\"article:published_time\" content=\"2021-02-04T06:00:33+00:00\" \/>\n<meta property=\"article:modified_time\" content=\"2022-02-09T10:09:27+00:00\" \/>\n<meta property=\"og:image\" content=\"https:\/\/www.organisator.ch\/wp-content\/uploads\/2021\/02\/Depositphotos_3957416_s-2019.jpg\" \/>\n\t<meta property=\"og:image:width\" content=\"999\" \/>\n\t<meta property=\"og:image:height\" content=\"669\" \/>\n\t<meta property=\"og:image:type\" content=\"image\/jpeg\" \/>\n<meta name=\"author\" content=\"roger.straessle\" \/>\n<meta name=\"twitter:card\" content=\"summary_large_image\" \/>\n<script type=\"application\/ld+json\" class=\"yoast-schema-graph\">{\"@context\":\"https:\\\/\\\/schema.org\",\"@graph\":[{\"@type\":\"Article\",\"@id\":\"https:\\\/\\\/www.organisator.ch\\\/sustainability\\\/2021-02-04\\\/gesetz-fuer-mobility-pricing-geht-in-vernehmlassung\\\/#article\",\"isPartOf\":{\"@id\":\"https:\\\/\\\/www.organisator.ch\\\/sustainability\\\/2021-02-04\\\/gesetz-fuer-mobility-pricing-geht-in-vernehmlassung\\\/\"},\"author\":{\"name\":\"roger.straessle\",\"@id\":\"https:\\\/\\\/www.organisator.ch\\\/#\\\/schema\\\/person\\\/a800b8c54e208b160517a7dcc323161d\"},\"headline\":\"Gesetz f\u00fcr Mobility-Pricing geht in Vernehmlassung\",\"datePublished\":\"2021-02-04T06:00:33+00:00\",\"dateModified\":\"2022-02-09T10:09:27+00:00\",\"mainEntityOfPage\":{\"@id\":\"https:\\\/\\\/www.organisator.ch\\\/sustainability\\\/2021-02-04\\\/gesetz-fuer-mobility-pricing-geht-in-vernehmlassung\\\/\"},\"wordCount\":620,\"publisher\":{\"@id\":\"https:\\\/\\\/www.organisator.ch\\\/#organization\"},\"image\":{\"@id\":\"https:\\\/\\\/www.organisator.ch\\\/sustainability\\\/2021-02-04\\\/gesetz-fuer-mobility-pricing-geht-in-vernehmlassung\\\/#primaryimage\"},\"thumbnailUrl\":\"https:\\\/\\\/www.organisator.ch\\\/wp-content\\\/uploads\\\/2021\\\/02\\\/Depositphotos_3957416_s-2019.jpg\",\"keywords\":[\"Mobilit\u00e4t\",\"Mobility-Pricing\",\"Vernehmlassung\"],\"articleSection\":[\"SUSTAINABILITY\"],\"inLanguage\":\"en-US\"},{\"@type\":\"WebPage\",\"@id\":\"https:\\\/\\\/www.organisator.ch\\\/sustainability\\\/2021-02-04\\\/gesetz-fuer-mobility-pricing-geht-in-vernehmlassung\\\/\",\"url\":\"https:\\\/\\\/www.organisator.ch\\\/sustainability\\\/2021-02-04\\\/gesetz-fuer-mobility-pricing-geht-in-vernehmlassung\\\/\",\"name\":\"Gesetz f\u00fcr Mobility-Pricing geht in Vernehmlassung - Organisator\",\"isPartOf\":{\"@id\":\"https:\\\/\\\/www.organisator.ch\\\/#website\"},\"primaryImageOfPage\":{\"@id\":\"https:\\\/\\\/www.organisator.ch\\\/sustainability\\\/2021-02-04\\\/gesetz-fuer-mobility-pricing-geht-in-vernehmlassung\\\/#primaryimage\"},\"image\":{\"@id\":\"https:\\\/\\\/www.organisator.ch\\\/sustainability\\\/2021-02-04\\\/gesetz-fuer-mobility-pricing-geht-in-vernehmlassung\\\/#primaryimage\"},\"thumbnailUrl\":\"https:\\\/\\\/www.organisator.ch\\\/wp-content\\\/uploads\\\/2021\\\/02\\\/Depositphotos_3957416_s-2019.jpg\",\"datePublished\":\"2021-02-04T06:00:33+00:00\",\"dateModified\":\"2022-02-09T10:09:27+00:00\",\"description\":\"Am 4. Februar 2021 startet der Bundesrat die Vernehmlassung f\u00fcr das Gesetz \u00abPilotprojekte f\u00fcr das Mobility-Pricing\u00bb.\",\"breadcrumb\":{\"@id\":\"https:\\\/\\\/www.organisator.ch\\\/sustainability\\\/2021-02-04\\\/gesetz-fuer-mobility-pricing-geht-in-vernehmlassung\\\/#breadcrumb\"},\"inLanguage\":\"en-US\",\"potentialAction\":[{\"@type\":\"ReadAction\",\"target\":[\"https:\\\/\\\/www.organisator.ch\\\/sustainability\\\/2021-02-04\\\/gesetz-fuer-mobility-pricing-geht-in-vernehmlassung\\\/\"]}]},{\"@type\":\"ImageObject\",\"inLanguage\":\"en-US\",\"@id\":\"https:\\\/\\\/www.organisator.ch\\\/sustainability\\\/2021-02-04\\\/gesetz-fuer-mobility-pricing-geht-in-vernehmlassung\\\/#primaryimage\",\"url\":\"https:\\\/\\\/www.organisator.ch\\\/wp-content\\\/uploads\\\/2021\\\/02\\\/Depositphotos_3957416_s-2019.jpg\",\"contentUrl\":\"https:\\\/\\\/www.organisator.ch\\\/wp-content\\\/uploads\\\/2021\\\/02\\\/Depositphotos_3957416_s-2019.jpg\",\"width\":999,\"height\":669,\"caption\":\"\u00a9 Depositphotos, bitpics\"},{\"@type\":\"BreadcrumbList\",\"@id\":\"https:\\\/\\\/www.organisator.ch\\\/sustainability\\\/2021-02-04\\\/gesetz-fuer-mobility-pricing-geht-in-vernehmlassung\\\/#breadcrumb\",\"itemListElement\":[{\"@type\":\"ListItem\",\"position\":1,\"name\":\"Home\",\"item\":\"https:\\\/\\\/www.organisator.ch\\\/\"},{\"@type\":\"ListItem\",\"position\":2,\"name\":\"Gesetz f\u00fcr Mobility-Pricing geht in Vernehmlassung\"}]},{\"@type\":\"WebSite\",\"@id\":\"https:\\\/\\\/www.organisator.ch\\\/#website\",\"url\":\"https:\\\/\\\/www.organisator.ch\\\/\",\"name\":\"Organisator\",\"description\":\"Kompetent. Praxisnah. Der ORGANISATOR bereitet in 10 Ausgaben pro Jahr die wesentlichen Themen f\u00fcr F\u00fchrungskr\u00e4fte von KMU auf.\",\"publisher\":{\"@id\":\"https:\\\/\\\/www.organisator.ch\\\/#organization\"},\"potentialAction\":[{\"@type\":\"SearchAction\",\"target\":{\"@type\":\"EntryPoint\",\"urlTemplate\":\"https:\\\/\\\/www.organisator.ch\\\/?s={search_term_string}\"},\"query-input\":{\"@type\":\"PropertyValueSpecification\",\"valueRequired\":true,\"valueName\":\"search_term_string\"}}],\"inLanguage\":\"en-US\"},{\"@type\":\"Organization\",\"@id\":\"https:\\\/\\\/www.organisator.ch\\\/#organization\",\"name\":\"Organisator\",\"url\":\"https:\\\/\\\/www.organisator.ch\\\/\",\"logo\":{\"@type\":\"ImageObject\",\"inLanguage\":\"en-US\",\"@id\":\"https:\\\/\\\/www.organisator.ch\\\/#\\\/schema\\\/logo\\\/image\\\/\",\"url\":\"https:\\\/\\\/www.organisator.ch\\\/wp-content\\\/uploads\\\/2022\\\/01\\\/Logo_Organisator_Website.png\",\"contentUrl\":\"https:\\\/\\\/www.organisator.ch\\\/wp-content\\\/uploads\\\/2022\\\/01\\\/Logo_Organisator_Website.png\",\"width\":800,\"height\":77,\"caption\":\"Organisator\"},\"image\":{\"@id\":\"https:\\\/\\\/www.organisator.ch\\\/#\\\/schema\\\/logo\\\/image\\\/\"},\"sameAs\":[\"https:\\\/\\\/www.facebook.com\\\/OrganisatorFachmagazin\",\"https:\\\/\\\/www.linkedin.com\\\/showcase\\\/organisator-das-magazin-fr-kmu\",\"https:\\\/\\\/www.xing.com\\\/news\\\/pages\\\/organisator-ch-695\",\"https:\\\/\\\/www.youtube.com\\\/channel\\\/UCGP2Sq0iWaZwT3BdIAQFYpw\"]},{\"@type\":\"Person\",\"@id\":\"https:\\\/\\\/www.organisator.ch\\\/#\\\/schema\\\/person\\\/a800b8c54e208b160517a7dcc323161d\",\"name\":\"roger.straessle\",\"image\":{\"@type\":\"ImageObject\",\"inLanguage\":\"en-US\",\"@id\":\"https:\\\/\\\/secure.gravatar.com\\\/avatar\\\/?s=96&d=mm&r=g\",\"url\":\"https:\\\/\\\/secure.gravatar.com\\\/avatar\\\/?s=96&d=mm&r=g\",\"contentUrl\":\"https:\\\/\\\/secure.gravatar.com\\\/avatar\\\/?s=96&d=mm&r=g\",\"caption\":\"roger.straessle\"},\"url\":\"https:\\\/\\\/www.organisator.ch\\\/en\\\/author\\\/roger-straessle\\\/\"}]}<\/script>\n<!-- \/ Yoast SEO plugin. -->","yoast_head_json":{"title":"Mobility pricing law goes into consultation - Organizer","description":"On February 4, 2021, the Federal Council will launch the consultation for the law \"Pilot Projects for Mobility Pricing\".","robots":{"index":"index","follow":"follow","max-snippet":"max-snippet:-1","max-image-preview":"max-image-preview:large","max-video-preview":"max-video-preview:-1"},"canonical":"https:\/\/www.organisator.ch\/en\/sustainability\/2021-02-04\/gesetz-fuer-mobility-pricing-geht-in-vernehmlassung\/","og_locale":"en_US","og_type":"article","og_title":"Gesetz f\u00fcr Mobility-Pricing geht in Vernehmlassung - Organisator","og_description":"Am 4. Februar 2021 startet der Bundesrat die Vernehmlassung f\u00fcr das Gesetz \u00abPilotprojekte f\u00fcr das Mobility-Pricing\u00bb.","og_url":"https:\/\/www.organisator.ch\/en\/sustainability\/2021-02-04\/gesetz-fuer-mobility-pricing-geht-in-vernehmlassung\/","og_site_name":"Organisator","article_publisher":"https:\/\/www.facebook.com\/OrganisatorFachmagazin","article_published_time":"2021-02-04T06:00:33+00:00","article_modified_time":"2022-02-09T10:09:27+00:00","og_image":[{"width":999,"height":669,"url":"https:\/\/www.organisator.ch\/wp-content\/uploads\/2021\/02\/Depositphotos_3957416_s-2019.jpg","type":"image\/jpeg"}],"author":"roger.straessle","twitter_card":"summary_large_image","schema":{"@context":"https:\/\/schema.org","@graph":[{"@type":"Article","@id":"https:\/\/www.organisator.ch\/sustainability\/2021-02-04\/gesetz-fuer-mobility-pricing-geht-in-vernehmlassung\/#article","isPartOf":{"@id":"https:\/\/www.organisator.ch\/sustainability\/2021-02-04\/gesetz-fuer-mobility-pricing-geht-in-vernehmlassung\/"},"author":{"name":"roger.straessle","@id":"https:\/\/www.organisator.ch\/#\/schema\/person\/a800b8c54e208b160517a7dcc323161d"},"headline":"Gesetz f\u00fcr Mobility-Pricing geht in Vernehmlassung","datePublished":"2021-02-04T06:00:33+00:00","dateModified":"2022-02-09T10:09:27+00:00","mainEntityOfPage":{"@id":"https:\/\/www.organisator.ch\/sustainability\/2021-02-04\/gesetz-fuer-mobility-pricing-geht-in-vernehmlassung\/"},"wordCount":620,"publisher":{"@id":"https:\/\/www.organisator.ch\/#organization"},"image":{"@id":"https:\/\/www.organisator.ch\/sustainability\/2021-02-04\/gesetz-fuer-mobility-pricing-geht-in-vernehmlassung\/#primaryimage"},"thumbnailUrl":"https:\/\/www.organisator.ch\/wp-content\/uploads\/2021\/02\/Depositphotos_3957416_s-2019.jpg","keywords":["Mobilit\u00e4t","Mobility-Pricing","Vernehmlassung"],"articleSection":["SUSTAINABILITY"],"inLanguage":"en-US"},{"@type":"WebPage","@id":"https:\/\/www.organisator.ch\/sustainability\/2021-02-04\/gesetz-fuer-mobility-pricing-geht-in-vernehmlassung\/","url":"https:\/\/www.organisator.ch\/sustainability\/2021-02-04\/gesetz-fuer-mobility-pricing-geht-in-vernehmlassung\/","name":"Mobility pricing law goes into consultation - Organizer","isPartOf":{"@id":"https:\/\/www.organisator.ch\/#website"},"primaryImageOfPage":{"@id":"https:\/\/www.organisator.ch\/sustainability\/2021-02-04\/gesetz-fuer-mobility-pricing-geht-in-vernehmlassung\/#primaryimage"},"image":{"@id":"https:\/\/www.organisator.ch\/sustainability\/2021-02-04\/gesetz-fuer-mobility-pricing-geht-in-vernehmlassung\/#primaryimage"},"thumbnailUrl":"https:\/\/www.organisator.ch\/wp-content\/uploads\/2021\/02\/Depositphotos_3957416_s-2019.jpg","datePublished":"2021-02-04T06:00:33+00:00","dateModified":"2022-02-09T10:09:27+00:00","description":"On February 4, 2021, the Federal Council will launch the consultation for the law \"Pilot Projects for Mobility Pricing\".","breadcrumb":{"@id":"https:\/\/www.organisator.ch\/sustainability\/2021-02-04\/gesetz-fuer-mobility-pricing-geht-in-vernehmlassung\/#breadcrumb"},"inLanguage":"en-US","potentialAction":[{"@type":"ReadAction","target":["https:\/\/www.organisator.ch\/sustainability\/2021-02-04\/gesetz-fuer-mobility-pricing-geht-in-vernehmlassung\/"]}]},{"@type":"ImageObject","inLanguage":"en-US","@id":"https:\/\/www.organisator.ch\/sustainability\/2021-02-04\/gesetz-fuer-mobility-pricing-geht-in-vernehmlassung\/#primaryimage","url":"https:\/\/www.organisator.ch\/wp-content\/uploads\/2021\/02\/Depositphotos_3957416_s-2019.jpg","contentUrl":"https:\/\/www.organisator.ch\/wp-content\/uploads\/2021\/02\/Depositphotos_3957416_s-2019.jpg","width":999,"height":669,"caption":"\u00a9 Depositphotos, bitpics"},{"@type":"BreadcrumbList","@id":"https:\/\/www.organisator.ch\/sustainability\/2021-02-04\/gesetz-fuer-mobility-pricing-geht-in-vernehmlassung\/#breadcrumb","itemListElement":[{"@type":"ListItem","position":1,"name":"Home","item":"https:\/\/www.organisator.ch\/"},{"@type":"ListItem","position":2,"name":"Gesetz f\u00fcr Mobility-Pricing geht in Vernehmlassung"}]},{"@type":"WebSite","@id":"https:\/\/www.organisator.ch\/#website","url":"https:\/\/www.organisator.ch\/","name":"Organizer","description":"Competent. Practical. In 10 issues per year, ORGANISATOR presents the essential topics for managers of SMEs.","publisher":{"@id":"https:\/\/www.organisator.ch\/#organization"},"potentialAction":[{"@type":"SearchAction","target":{"@type":"EntryPoint","urlTemplate":"https:\/\/www.organisator.ch\/?s={search_term_string}"},"query-input":{"@type":"PropertyValueSpecification","valueRequired":true,"valueName":"search_term_string"}}],"inLanguage":"en-US"},{"@type":"Organization","@id":"https:\/\/www.organisator.ch\/#organization","name":"Organizer","url":"https:\/\/www.organisator.ch\/","logo":{"@type":"ImageObject","inLanguage":"en-US","@id":"https:\/\/www.organisator.ch\/#\/schema\/logo\/image\/","url":"https:\/\/www.organisator.ch\/wp-content\/uploads\/2022\/01\/Logo_Organisator_Website.png","contentUrl":"https:\/\/www.organisator.ch\/wp-content\/uploads\/2022\/01\/Logo_Organisator_Website.png","width":800,"height":77,"caption":"Organisator"},"image":{"@id":"https:\/\/www.organisator.ch\/#\/schema\/logo\/image\/"},"sameAs":["https:\/\/www.facebook.com\/OrganisatorFachmagazin","https:\/\/www.linkedin.com\/showcase\/organisator-das-magazin-fr-kmu","https:\/\/www.xing.com\/news\/pages\/organisator-ch-695","https:\/\/www.youtube.com\/channel\/UCGP2Sq0iWaZwT3BdIAQFYpw"]},{"@type":"Person","@id":"https:\/\/www.organisator.ch\/#\/schema\/person\/a800b8c54e208b160517a7dcc323161d","name":"roger.straessle","image":{"@type":"ImageObject","inLanguage":"en-US","@id":"https:\/\/secure.gravatar.com\/avatar\/?s=96&d=mm&r=g","url":"https:\/\/secure.gravatar.com\/avatar\/?s=96&d=mm&r=g","contentUrl":"https:\/\/secure.gravatar.com\/avatar\/?s=96&d=mm&r=g","caption":"roger.straessle"},"url":"https:\/\/www.organisator.ch\/en\/author\/roger-straessle\/"}]}},"_links":{"self":[{"href":"https:\/\/www.organisator.ch\/en\/wp-json\/wp\/v2\/posts\/3789","targetHints":{"allow":["GET"]}}],"collection":[{"href":"https:\/\/www.organisator.ch\/en\/wp-json\/wp\/v2\/posts"}],"about":[{"href":"https:\/\/www.organisator.ch\/en\/wp-json\/wp\/v2\/types\/post"}],"author":[{"embeddable":true,"href":"https:\/\/www.organisator.ch\/en\/wp-json\/wp\/v2\/users\/6"}],"replies":[{"embeddable":true,"href":"https:\/\/www.organisator.ch\/en\/wp-json\/wp\/v2\/comments?post=3789"}],"version-history":[{"count":1,"href":"https:\/\/www.organisator.ch\/en\/wp-json\/wp\/v2\/posts\/3789\/revisions"}],"predecessor-version":[{"id":10780,"href":"https:\/\/www.organisator.ch\/en\/wp-json\/wp\/v2\/posts\/3789\/revisions\/10780"}],"wp:featuredmedia":[{"embeddable":true,"href":"https:\/\/www.organisator.ch\/en\/wp-json\/wp\/v2\/media\/9760"}],"wp:attachment":[{"href":"https:\/\/www.organisator.ch\/en\/wp-json\/wp\/v2\/media?parent=3789"}],"wp:term":[{"taxonomy":"category","embeddable":true,"href":"https:\/\/www.organisator.ch\/en\/wp-json\/wp\/v2\/categories?post=3789"},{"taxonomy":"post_tag","embeddable":true,"href":"https:\/\/www.organisator.ch\/en\/wp-json\/wp\/v2\/tags?post=3789"}],"curies":[{"name":"wp","href":"https:\/\/api.w.org\/{rel}","templated":true}]}}