{"id":37915,"date":"2025-04-23T10:01:01","date_gmt":"2025-04-23T08:01:01","guid":{"rendered":"https:\/\/www.markt-kom.com\/?p=233695"},"modified":"2025-04-25T10:55:44","modified_gmt":"2025-04-25T08:55:44","slug":"samsung-schweiz-setzt-ai-experience-tour-2025-fort","status":"publish","type":"post","link":"https:\/\/www.organisator.ch\/en\/marketing\/2025-04-23\/samsung-schweiz-setzt-ai-experience-tour-2025-fort\/","title":{"rendered":"Samsung Switzerland continues AI Experience Tour 2025"},"content":{"rendered":"<figure id=\"attachment_233697\" class=\"wp-caption aligncenter\" style=\"width: 1200px;\" aria-describedby=\"caption-attachment-233697\"><a href=\"https:\/\/www.markt-kom.com\/wp-content\/uploads\/2025\/04\/Samsung_AI_Experience_Tour_25_SunIce_KV.jpg\"><img class=\"size-full wp-image-233697\" src=\"https:\/\/www.markt-kom.com\/wp-content\/uploads\/2025\/04\/Samsung_AI_Experience_Tour_25_SunIce_KV.jpg\" sizes=\"(max-width: 1200px) 100vw, 1200px\" srcset=\"https:\/\/www.markt-kom.com\/wp-content\/uploads\/2025\/04\/Samsung_AI_Experience_Tour_25_SunIce_KV.jpg 1200w, https:\/\/www.markt-kom.com\/wp-content\/uploads\/2025\/04\/Samsung_AI_Experience_Tour_25_SunIce_KV-600x338.jpg 600w, https:\/\/www.markt-kom.com\/wp-content\/uploads\/2025\/04\/Samsung_AI_Experience_Tour_25_SunIce_KV-1024x577.jpg 1024w, https:\/\/www.markt-kom.com\/wp-content\/uploads\/2025\/04\/Samsung_AI_Experience_Tour_25_SunIce_KV-768x433.jpg 768w, https:\/\/www.markt-kom.com\/wp-content\/uploads\/2025\/04\/Samsung_AI_Experience_Tour_25_SunIce_KV-18x10.jpg 18w, https:\/\/www.markt-kom.com\/wp-content\/uploads\/2025\/04\/Samsung_AI_Experience_Tour_25_SunIce_KV-311x175.jpg 311w, https:\/\/www.markt-kom.com\/wp-content\/uploads\/2025\/04\/Samsung_AI_Experience_Tour_25_SunIce_KV-621x350.jpg 621w, https:\/\/www.markt-kom.com\/wp-content\/uploads\/2025\/04\/Samsung_AI_Experience_Tour_25_SunIce_KV-1000x563.jpg 1000w\" alt=\"\" width=\"1200\" height=\"676\" \/><\/a>\r\n<figcaption id=\"caption-attachment-233697\" class=\"wp-caption-text\">(Pictures: zVg.)<\/figcaption>\r\n<\/figure>\r\n<p>Samsung Switzerland is continuing the AI Experience Tour in 2025. After the start in Zurich, the company made a stop at the SunIce Festival in St. Moritz and is planning further appearances at events with large audiences, including Fantasy Basel at the end of May.<\/p>\r\n<p>The Galaxy AI roadshow aims to give visitors an understanding of the many ways in which Samsung's own AI technology can be used in everyday life. Functions such as live translations, smart image editing and creative text support will be demonstrated. Samsung is focusing on a playful format with the support of promoters. The \"How Long Can You Hang\" challenge was also held in St. Moritz, where participants could win a Galaxy Ring. There was also cash and a Galaxy S25 Ultra to be won at the festival in St. Moritz.<\/p>\r\n<p><a href=\"https:\/\/www.markt-kom.com\/wp-content\/uploads\/2025\/04\/Samsung_AI_Experience_Tour_25_SunIce_3-scaled.jpg\"><img class=\"aligncenter size-full wp-image-233698\" src=\"https:\/\/www.markt-kom.com\/wp-content\/uploads\/2025\/04\/Samsung_AI_Experience_Tour_25_SunIce_3-scaled.jpg\" sizes=\"(max-width: 933px) 100vw, 933px\" srcset=\"https:\/\/www.markt-kom.com\/wp-content\/uploads\/2025\/04\/Samsung_AI_Experience_Tour_25_SunIce_3-scaled.jpg 666w, https:\/\/www.markt-kom.com\/wp-content\/uploads\/2025\/04\/Samsung_AI_Experience_Tour_25_SunIce_3-400x600.jpg 400w, https:\/\/www.markt-kom.com\/wp-content\/uploads\/2025\/04\/Samsung_AI_Experience_Tour_25_SunIce_3-768x1152.jpg 667w, https:\/\/www.markt-kom.com\/wp-content\/uploads\/2025\/04\/Samsung_AI_Experience_Tour_25_SunIce_3-1024x1536.jpg 1024w, https:\/\/www.markt-kom.com\/wp-content\/uploads\/2025\/04\/Samsung_AI_Experience_Tour_25_SunIce_3-8x12.jpg 8w, https:\/\/www.markt-kom.com\/wp-content\/uploads\/2025\/04\/Samsung_AI_Experience_Tour_25_SunIce_3-117x175.jpg 117w, https:\/\/www.markt-kom.com\/wp-content\/uploads\/2025\/04\/Samsung_AI_Experience_Tour_25_SunIce_3-233x350.jpg 233w, https:\/\/www.markt-kom.com\/wp-content\/uploads\/2025\/04\/Samsung_AI_Experience_Tour_25_SunIce_3-533x800.jpg 533w\" alt=\"\" width=\"933\" height=\"1400\" \/><\/a><\/p>\r\n<p>The tour will be accompanied by content creators who will share their experiences with Galaxy AI on site and engage in dialog with the audience. \"With the AI Experience Tour 2025, we want to show how much creative power and practical use there is in our Galaxy AI features in a fun, accessible way. Festivals like SunIce offer the perfect environment for this,\" explains Marketing Director Toni Koller.<\/p>\r\n<p>The next stop on the tour is Fantasy Basel from May 29 to 31. Further locations are being planned and will be announced at a later date.<\/p>\r\n<p><a href=\"https:\/\/www.markt-kom.com\/wp-content\/uploads\/2025\/04\/Samsung_AI_Experience_Tour_25_SunIce_1.jpg\"><img class=\"aligncenter size-full wp-image-233699\" src=\"https:\/\/www.markt-kom.com\/wp-content\/uploads\/2025\/04\/Samsung_AI_Experience_Tour_25_SunIce_1.jpg\" sizes=\"(max-width: 1200px) 100vw, 1200px\" srcset=\"https:\/\/www.markt-kom.com\/wp-content\/uploads\/2025\/04\/Samsung_AI_Experience_Tour_25_SunIce_1.jpg 1200w, https:\/\/www.markt-kom.com\/wp-content\/uploads\/2025\/04\/Samsung_AI_Experience_Tour_25_SunIce_1-600x400.jpg 600w, https:\/\/www.markt-kom.com\/wp-content\/uploads\/2025\/04\/Samsung_AI_Experience_Tour_25_SunIce_1-1024x683.jpg 1024w, https:\/\/www.markt-kom.com\/wp-content\/uploads\/2025\/04\/Samsung_AI_Experience_Tour_25_SunIce_1-768x512.jpg 768w, https:\/\/www.markt-kom.com\/wp-content\/uploads\/2025\/04\/Samsung_AI_Experience_Tour_25_SunIce_1-18x12.jpg 18w, https:\/\/www.markt-kom.com\/wp-content\/uploads\/2025\/04\/Samsung_AI_Experience_Tour_25_SunIce_1-263x175.jpg 263w, https:\/\/www.markt-kom.com\/wp-content\/uploads\/2025\/04\/Samsung_AI_Experience_Tour_25_SunIce_1-525x350.jpg 525w, https:\/\/www.markt-kom.com\/wp-content\/uploads\/2025\/04\/Samsung_AI_Experience_Tour_25_SunIce_1-1000x667.jpg 1000w\" alt=\"\" width=\"1200\" height=\"800\" \/><\/a><\/p>","protected":false},"excerpt":{"rendered":"<p>Following the launch in Zurich and a festival appearance in St. Moritz, Samsung Switzerland is continuing its tour of Switzerland with an interactive roadshow. The focus is on Galaxy AI applications, presented in an experience-oriented format.<\/p>","protected":false},"author":8,"featured_media":0,"comment_status":"closed","ping_status":"closed","sticky":false,"template":"","format":"standard","meta":{"_acf_changed":false,"_yoast_wpseo_focuskw":"Samsung Schweiz","_yoast_wpseo_metadesc":"Nach dem Auftakt in Z\u00fcrich und einem Festivalauftritt in St. Moritz tourt Samsung Schweiz mit einer Roadshow weiter durch die Schweiz.","articlekey":"","footnotes":""},"categories":[29],"tags":[3357,4343,393,4481,5300],"class_list":["post-37915","post","type-post","status-publish","format-standard","hentry","category-marketing","tag-live-kommunikation","tag-markom","tag-produkte","tag-roadshow","tag-samsung"],"acf":[],"yoast_head":"<!-- This site is optimized with the Yoast SEO plugin v27.5 - https:\/\/yoast.com\/product\/yoast-seo-wordpress\/ -->\n<title>Samsung Schweiz setzt AI Experience Tour 2025 fort - Organisator<\/title>\n<meta name=\"description\" content=\"Nach dem Auftakt in Z\u00fcrich und einem Festivalauftritt in St. Moritz tourt Samsung Schweiz mit einer Roadshow weiter durch die Schweiz.\" \/>\n<meta name=\"robots\" content=\"index, follow, max-snippet:-1, max-image-preview:large, max-video-preview:-1\" \/>\n<link rel=\"canonical\" href=\"https:\/\/www.organisator.ch\/en\/marketing\/2025-04-23\/samsung-schweiz-setzt-ai-experience-tour-2025-fort\/\" \/>\n<meta property=\"og:locale\" content=\"en_US\" \/>\n<meta property=\"og:type\" content=\"article\" \/>\n<meta property=\"og:title\" content=\"Samsung Schweiz setzt AI Experience Tour 2025 fort - Organisator\" \/>\n<meta property=\"og:description\" content=\"Nach dem Auftakt in Z\u00fcrich und einem Festivalauftritt in St. Moritz tourt Samsung Schweiz mit einer Roadshow weiter durch die Schweiz.\" \/>\n<meta property=\"og:url\" content=\"https:\/\/www.organisator.ch\/en\/marketing\/2025-04-23\/samsung-schweiz-setzt-ai-experience-tour-2025-fort\/\" \/>\n<meta property=\"og:site_name\" content=\"Organisator\" \/>\n<meta property=\"article:publisher\" content=\"https:\/\/www.facebook.com\/OrganisatorFachmagazin\" \/>\n<meta property=\"article:published_time\" content=\"2025-04-23T08:01:01+00:00\" \/>\n<meta property=\"article:modified_time\" content=\"2025-04-25T08:55:44+00:00\" \/>\n<meta name=\"author\" content=\"galledia\" \/>\n<meta name=\"twitter:card\" content=\"summary_large_image\" \/>\n<meta name=\"twitter:creator\" content=\"@admin\" \/>\n<script type=\"application\/ld+json\" class=\"yoast-schema-graph\">{\"@context\":\"https:\\\/\\\/schema.org\",\"@graph\":[{\"@type\":\"Article\",\"@id\":\"https:\\\/\\\/www.organisator.ch\\\/marketing\\\/2025-04-23\\\/samsung-schweiz-setzt-ai-experience-tour-2025-fort\\\/#article\",\"isPartOf\":{\"@id\":\"https:\\\/\\\/www.organisator.ch\\\/marketing\\\/2025-04-23\\\/samsung-schweiz-setzt-ai-experience-tour-2025-fort\\\/\"},\"author\":{\"name\":\"galledia\",\"@id\":\"https:\\\/\\\/www.organisator.ch\\\/#\\\/schema\\\/person\\\/4e51799071cd2dd1232ac003643ef5f0\"},\"headline\":\"Samsung Schweiz setzt AI Experience Tour 2025 fort\",\"datePublished\":\"2025-04-23T08:01:01+00:00\",\"dateModified\":\"2025-04-25T08:55:44+00:00\",\"mainEntityOfPage\":{\"@id\":\"https:\\\/\\\/www.organisator.ch\\\/marketing\\\/2025-04-23\\\/samsung-schweiz-setzt-ai-experience-tour-2025-fort\\\/\"},\"wordCount\":233,\"publisher\":{\"@id\":\"https:\\\/\\\/www.organisator.ch\\\/#organization\"},\"image\":{\"@id\":\"https:\\\/\\\/www.organisator.ch\\\/marketing\\\/2025-04-23\\\/samsung-schweiz-setzt-ai-experience-tour-2025-fort\\\/#primaryimage\"},\"thumbnailUrl\":\"https:\\\/\\\/www.markt-kom.com\\\/wp-content\\\/uploads\\\/2025\\\/04\\\/Samsung_AI_Experience_Tour_25_SunIce_KV.jpg\",\"keywords\":[\"Live-Kommunikation\",\"MarKom\",\"Produkte\",\"Roadshow\",\"Samsung\"],\"articleSection\":[\"MARKETING\"],\"inLanguage\":\"en-US\"},{\"@type\":\"WebPage\",\"@id\":\"https:\\\/\\\/www.organisator.ch\\\/marketing\\\/2025-04-23\\\/samsung-schweiz-setzt-ai-experience-tour-2025-fort\\\/\",\"url\":\"https:\\\/\\\/www.organisator.ch\\\/marketing\\\/2025-04-23\\\/samsung-schweiz-setzt-ai-experience-tour-2025-fort\\\/\",\"name\":\"Samsung Schweiz setzt AI Experience Tour 2025 fort - Organisator\",\"isPartOf\":{\"@id\":\"https:\\\/\\\/www.organisator.ch\\\/#website\"},\"primaryImageOfPage\":{\"@id\":\"https:\\\/\\\/www.organisator.ch\\\/marketing\\\/2025-04-23\\\/samsung-schweiz-setzt-ai-experience-tour-2025-fort\\\/#primaryimage\"},\"image\":{\"@id\":\"https:\\\/\\\/www.organisator.ch\\\/marketing\\\/2025-04-23\\\/samsung-schweiz-setzt-ai-experience-tour-2025-fort\\\/#primaryimage\"},\"thumbnailUrl\":\"https:\\\/\\\/www.markt-kom.com\\\/wp-content\\\/uploads\\\/2025\\\/04\\\/Samsung_AI_Experience_Tour_25_SunIce_KV.jpg\",\"datePublished\":\"2025-04-23T08:01:01+00:00\",\"dateModified\":\"2025-04-25T08:55:44+00:00\",\"description\":\"Nach dem Auftakt in Z\u00fcrich und einem Festivalauftritt in St. Moritz tourt Samsung Schweiz mit einer Roadshow weiter durch die Schweiz.\",\"breadcrumb\":{\"@id\":\"https:\\\/\\\/www.organisator.ch\\\/marketing\\\/2025-04-23\\\/samsung-schweiz-setzt-ai-experience-tour-2025-fort\\\/#breadcrumb\"},\"inLanguage\":\"en-US\",\"potentialAction\":[{\"@type\":\"ReadAction\",\"target\":[\"https:\\\/\\\/www.organisator.ch\\\/marketing\\\/2025-04-23\\\/samsung-schweiz-setzt-ai-experience-tour-2025-fort\\\/\"]}]},{\"@type\":\"ImageObject\",\"inLanguage\":\"en-US\",\"@id\":\"https:\\\/\\\/www.organisator.ch\\\/marketing\\\/2025-04-23\\\/samsung-schweiz-setzt-ai-experience-tour-2025-fort\\\/#primaryimage\",\"url\":\"https:\\\/\\\/www.markt-kom.com\\\/wp-content\\\/uploads\\\/2025\\\/04\\\/Samsung_AI_Experience_Tour_25_SunIce_KV.jpg\",\"contentUrl\":\"https:\\\/\\\/www.markt-kom.com\\\/wp-content\\\/uploads\\\/2025\\\/04\\\/Samsung_AI_Experience_Tour_25_SunIce_KV.jpg\"},{\"@type\":\"BreadcrumbList\",\"@id\":\"https:\\\/\\\/www.organisator.ch\\\/marketing\\\/2025-04-23\\\/samsung-schweiz-setzt-ai-experience-tour-2025-fort\\\/#breadcrumb\",\"itemListElement\":[{\"@type\":\"ListItem\",\"position\":1,\"name\":\"Home\",\"item\":\"https:\\\/\\\/www.organisator.ch\\\/\"},{\"@type\":\"ListItem\",\"position\":2,\"name\":\"Samsung Schweiz setzt AI Experience Tour 2025 fort\"}]},{\"@type\":\"WebSite\",\"@id\":\"https:\\\/\\\/www.organisator.ch\\\/#website\",\"url\":\"https:\\\/\\\/www.organisator.ch\\\/\",\"name\":\"Organisator\",\"description\":\"Kompetent. Praxisnah. Der ORGANISATOR bereitet in 10 Ausgaben pro Jahr die wesentlichen Themen f\u00fcr F\u00fchrungskr\u00e4fte von KMU auf.\",\"publisher\":{\"@id\":\"https:\\\/\\\/www.organisator.ch\\\/#organization\"},\"potentialAction\":[{\"@type\":\"SearchAction\",\"target\":{\"@type\":\"EntryPoint\",\"urlTemplate\":\"https:\\\/\\\/www.organisator.ch\\\/?s={search_term_string}\"},\"query-input\":{\"@type\":\"PropertyValueSpecification\",\"valueRequired\":true,\"valueName\":\"search_term_string\"}}],\"inLanguage\":\"en-US\"},{\"@type\":\"Organization\",\"@id\":\"https:\\\/\\\/www.organisator.ch\\\/#organization\",\"name\":\"Organisator\",\"url\":\"https:\\\/\\\/www.organisator.ch\\\/\",\"logo\":{\"@type\":\"ImageObject\",\"inLanguage\":\"en-US\",\"@id\":\"https:\\\/\\\/www.organisator.ch\\\/#\\\/schema\\\/logo\\\/image\\\/\",\"url\":\"https:\\\/\\\/www.organisator.ch\\\/wp-content\\\/uploads\\\/2022\\\/01\\\/Logo_Organisator_Website.png\",\"contentUrl\":\"https:\\\/\\\/www.organisator.ch\\\/wp-content\\\/uploads\\\/2022\\\/01\\\/Logo_Organisator_Website.png\",\"width\":800,\"height\":77,\"caption\":\"Organisator\"},\"image\":{\"@id\":\"https:\\\/\\\/www.organisator.ch\\\/#\\\/schema\\\/logo\\\/image\\\/\"},\"sameAs\":[\"https:\\\/\\\/www.facebook.com\\\/OrganisatorFachmagazin\",\"https:\\\/\\\/www.linkedin.com\\\/showcase\\\/organisator-das-magazin-fr-kmu\",\"https:\\\/\\\/www.xing.com\\\/news\\\/pages\\\/organisator-ch-695\",\"https:\\\/\\\/www.youtube.com\\\/channel\\\/UCGP2Sq0iWaZwT3BdIAQFYpw\"]},{\"@type\":\"Person\",\"@id\":\"https:\\\/\\\/www.organisator.ch\\\/#\\\/schema\\\/person\\\/4e51799071cd2dd1232ac003643ef5f0\",\"name\":\"galledia\",\"image\":{\"@type\":\"ImageObject\",\"inLanguage\":\"en-US\",\"@id\":\"https:\\\/\\\/secure.gravatar.com\\\/avatar\\\/78a7f90c01fc2bfc875782a0d4922b37cde2cf184ce347b91316d23cd7f69a36?s=96&d=mm&r=g\",\"url\":\"https:\\\/\\\/secure.gravatar.com\\\/avatar\\\/78a7f90c01fc2bfc875782a0d4922b37cde2cf184ce347b91316d23cd7f69a36?s=96&d=mm&r=g\",\"contentUrl\":\"https:\\\/\\\/secure.gravatar.com\\\/avatar\\\/78a7f90c01fc2bfc875782a0d4922b37cde2cf184ce347b91316d23cd7f69a36?s=96&d=mm&r=g\",\"caption\":\"galledia\"},\"sameAs\":[\"https:\\\/\\\/x.com\\\/admin\"],\"url\":\"https:\\\/\\\/www.organisator.ch\\\/en\\\/author\\\/galledia\\\/\"}]}<\/script>\n<!-- \/ Yoast SEO plugin. -->","yoast_head_json":{"title":"Samsung Switzerland continues AI Experience Tour 2025 - Organizer","description":"After the kick-off in Zurich and a festival appearance in St. Moritz, Samsung Switzerland continues to tour Switzerland with a roadshow.","robots":{"index":"index","follow":"follow","max-snippet":"max-snippet:-1","max-image-preview":"max-image-preview:large","max-video-preview":"max-video-preview:-1"},"canonical":"https:\/\/www.organisator.ch\/en\/marketing\/2025-04-23\/samsung-schweiz-setzt-ai-experience-tour-2025-fort\/","og_locale":"en_US","og_type":"article","og_title":"Samsung Schweiz setzt AI Experience Tour 2025 fort - Organisator","og_description":"Nach dem Auftakt in Z\u00fcrich und einem Festivalauftritt in St. Moritz tourt Samsung Schweiz mit einer Roadshow weiter durch die Schweiz.","og_url":"https:\/\/www.organisator.ch\/en\/marketing\/2025-04-23\/samsung-schweiz-setzt-ai-experience-tour-2025-fort\/","og_site_name":"Organisator","article_publisher":"https:\/\/www.facebook.com\/OrganisatorFachmagazin","article_published_time":"2025-04-23T08:01:01+00:00","article_modified_time":"2025-04-25T08:55:44+00:00","author":"galledia","twitter_card":"summary_large_image","twitter_creator":"@admin","schema":{"@context":"https:\/\/schema.org","@graph":[{"@type":"Article","@id":"https:\/\/www.organisator.ch\/marketing\/2025-04-23\/samsung-schweiz-setzt-ai-experience-tour-2025-fort\/#article","isPartOf":{"@id":"https:\/\/www.organisator.ch\/marketing\/2025-04-23\/samsung-schweiz-setzt-ai-experience-tour-2025-fort\/"},"author":{"name":"galledia","@id":"https:\/\/www.organisator.ch\/#\/schema\/person\/4e51799071cd2dd1232ac003643ef5f0"},"headline":"Samsung Schweiz setzt AI Experience Tour 2025 fort","datePublished":"2025-04-23T08:01:01+00:00","dateModified":"2025-04-25T08:55:44+00:00","mainEntityOfPage":{"@id":"https:\/\/www.organisator.ch\/marketing\/2025-04-23\/samsung-schweiz-setzt-ai-experience-tour-2025-fort\/"},"wordCount":233,"publisher":{"@id":"https:\/\/www.organisator.ch\/#organization"},"image":{"@id":"https:\/\/www.organisator.ch\/marketing\/2025-04-23\/samsung-schweiz-setzt-ai-experience-tour-2025-fort\/#primaryimage"},"thumbnailUrl":"https:\/\/www.markt-kom.com\/wp-content\/uploads\/2025\/04\/Samsung_AI_Experience_Tour_25_SunIce_KV.jpg","keywords":["Live-Kommunikation","MarKom","Produkte","Roadshow","Samsung"],"articleSection":["MARKETING"],"inLanguage":"en-US"},{"@type":"WebPage","@id":"https:\/\/www.organisator.ch\/marketing\/2025-04-23\/samsung-schweiz-setzt-ai-experience-tour-2025-fort\/","url":"https:\/\/www.organisator.ch\/marketing\/2025-04-23\/samsung-schweiz-setzt-ai-experience-tour-2025-fort\/","name":"Samsung Switzerland continues AI Experience Tour 2025 - Organizer","isPartOf":{"@id":"https:\/\/www.organisator.ch\/#website"},"primaryImageOfPage":{"@id":"https:\/\/www.organisator.ch\/marketing\/2025-04-23\/samsung-schweiz-setzt-ai-experience-tour-2025-fort\/#primaryimage"},"image":{"@id":"https:\/\/www.organisator.ch\/marketing\/2025-04-23\/samsung-schweiz-setzt-ai-experience-tour-2025-fort\/#primaryimage"},"thumbnailUrl":"https:\/\/www.markt-kom.com\/wp-content\/uploads\/2025\/04\/Samsung_AI_Experience_Tour_25_SunIce_KV.jpg","datePublished":"2025-04-23T08:01:01+00:00","dateModified":"2025-04-25T08:55:44+00:00","description":"After the kick-off in Zurich and a festival appearance in St. Moritz, Samsung Switzerland continues to tour Switzerland with a roadshow.","breadcrumb":{"@id":"https:\/\/www.organisator.ch\/marketing\/2025-04-23\/samsung-schweiz-setzt-ai-experience-tour-2025-fort\/#breadcrumb"},"inLanguage":"en-US","potentialAction":[{"@type":"ReadAction","target":["https:\/\/www.organisator.ch\/marketing\/2025-04-23\/samsung-schweiz-setzt-ai-experience-tour-2025-fort\/"]}]},{"@type":"ImageObject","inLanguage":"en-US","@id":"https:\/\/www.organisator.ch\/marketing\/2025-04-23\/samsung-schweiz-setzt-ai-experience-tour-2025-fort\/#primaryimage","url":"https:\/\/www.markt-kom.com\/wp-content\/uploads\/2025\/04\/Samsung_AI_Experience_Tour_25_SunIce_KV.jpg","contentUrl":"https:\/\/www.markt-kom.com\/wp-content\/uploads\/2025\/04\/Samsung_AI_Experience_Tour_25_SunIce_KV.jpg"},{"@type":"BreadcrumbList","@id":"https:\/\/www.organisator.ch\/marketing\/2025-04-23\/samsung-schweiz-setzt-ai-experience-tour-2025-fort\/#breadcrumb","itemListElement":[{"@type":"ListItem","position":1,"name":"Home","item":"https:\/\/www.organisator.ch\/"},{"@type":"ListItem","position":2,"name":"Samsung Schweiz setzt AI Experience Tour 2025 fort"}]},{"@type":"WebSite","@id":"https:\/\/www.organisator.ch\/#website","url":"https:\/\/www.organisator.ch\/","name":"Organizer","description":"Competent. Practical. In 10 issues per year, ORGANISATOR presents the essential topics for managers of SMEs.","publisher":{"@id":"https:\/\/www.organisator.ch\/#organization"},"potentialAction":[{"@type":"SearchAction","target":{"@type":"EntryPoint","urlTemplate":"https:\/\/www.organisator.ch\/?s={search_term_string}"},"query-input":{"@type":"PropertyValueSpecification","valueRequired":true,"valueName":"search_term_string"}}],"inLanguage":"en-US"},{"@type":"Organization","@id":"https:\/\/www.organisator.ch\/#organization","name":"Organizer","url":"https:\/\/www.organisator.ch\/","logo":{"@type":"ImageObject","inLanguage":"en-US","@id":"https:\/\/www.organisator.ch\/#\/schema\/logo\/image\/","url":"https:\/\/www.organisator.ch\/wp-content\/uploads\/2022\/01\/Logo_Organisator_Website.png","contentUrl":"https:\/\/www.organisator.ch\/wp-content\/uploads\/2022\/01\/Logo_Organisator_Website.png","width":800,"height":77,"caption":"Organisator"},"image":{"@id":"https:\/\/www.organisator.ch\/#\/schema\/logo\/image\/"},"sameAs":["https:\/\/www.facebook.com\/OrganisatorFachmagazin","https:\/\/www.linkedin.com\/showcase\/organisator-das-magazin-fr-kmu","https:\/\/www.xing.com\/news\/pages\/organisator-ch-695","https:\/\/www.youtube.com\/channel\/UCGP2Sq0iWaZwT3BdIAQFYpw"]},{"@type":"Person","@id":"https:\/\/www.organisator.ch\/#\/schema\/person\/4e51799071cd2dd1232ac003643ef5f0","name":"galledia","image":{"@type":"ImageObject","inLanguage":"en-US","@id":"https:\/\/secure.gravatar.com\/avatar\/78a7f90c01fc2bfc875782a0d4922b37cde2cf184ce347b91316d23cd7f69a36?s=96&d=mm&r=g","url":"https:\/\/secure.gravatar.com\/avatar\/78a7f90c01fc2bfc875782a0d4922b37cde2cf184ce347b91316d23cd7f69a36?s=96&d=mm&r=g","contentUrl":"https:\/\/secure.gravatar.com\/avatar\/78a7f90c01fc2bfc875782a0d4922b37cde2cf184ce347b91316d23cd7f69a36?s=96&d=mm&r=g","caption":"galledia"},"sameAs":["https:\/\/x.com\/admin"],"url":"https:\/\/www.organisator.ch\/en\/author\/galledia\/"}]}},"_links":{"self":[{"href":"https:\/\/www.organisator.ch\/en\/wp-json\/wp\/v2\/posts\/37915","targetHints":{"allow":["GET"]}}],"collection":[{"href":"https:\/\/www.organisator.ch\/en\/wp-json\/wp\/v2\/posts"}],"about":[{"href":"https:\/\/www.organisator.ch\/en\/wp-json\/wp\/v2\/types\/post"}],"author":[{"embeddable":true,"href":"https:\/\/www.organisator.ch\/en\/wp-json\/wp\/v2\/users\/8"}],"replies":[{"embeddable":true,"href":"https:\/\/www.organisator.ch\/en\/wp-json\/wp\/v2\/comments?post=37915"}],"version-history":[{"count":4,"href":"https:\/\/www.organisator.ch\/en\/wp-json\/wp\/v2\/posts\/37915\/revisions"}],"predecessor-version":[{"id":37979,"href":"https:\/\/www.organisator.ch\/en\/wp-json\/wp\/v2\/posts\/37915\/revisions\/37979"}],"wp:attachment":[{"href":"https:\/\/www.organisator.ch\/en\/wp-json\/wp\/v2\/media?parent=37915"}],"wp:term":[{"taxonomy":"category","embeddable":true,"href":"https:\/\/www.organisator.ch\/en\/wp-json\/wp\/v2\/categories?post=37915"},{"taxonomy":"post_tag","embeddable":true,"href":"https:\/\/www.organisator.ch\/en\/wp-json\/wp\/v2\/tags?post=37915"}],"curies":[{"name":"wp","href":"https:\/\/api.w.org\/{rel}","templated":true}]}}