{"id":37918,"date":"2025-04-23T16:59:58","date_gmt":"2025-04-23T14:59:58","guid":{"rendered":"https:\/\/www.organisator.ch\/?p=37918"},"modified":"2025-04-23T16:59:58","modified_gmt":"2025-04-23T14:59:58","slug":"geschaeftsklima-schweiz-haelt-kurs-trotz-weltweiter-konjunkturrisiken","status":"publish","type":"post","link":"https:\/\/www.organisator.ch\/en\/management\/2025-04-23\/geschaeftsklima-schweiz-haelt-kurs-trotz-weltweiter-konjunkturrisiken\/","title":{"rendered":"Business climate: Switzerland stays on course despite global economic risks"},"content":{"rendered":"<figure id=\"attachment_37919\" aria-describedby=\"caption-attachment-37919\" style=\"width: 680px\" class=\"wp-caption alignnone\"><img loading=\"lazy\" decoding=\"async\" class=\"size-full wp-image-37919\" src=\"https:\/\/www.organisator.ch\/wp-content\/uploads\/2025\/04\/Geschaeftsklima-Schweiz-haelt-Kurs-trotz-weltweiter-Konjunkturrisiken_Organisator.jpg\" alt=\"\" width=\"680\" height=\"453\" srcset=\"https:\/\/www.organisator.ch\/wp-content\/uploads\/2025\/04\/Geschaeftsklima-Schweiz-haelt-Kurs-trotz-weltweiter-Konjunkturrisiken_Organisator.jpg 680w, https:\/\/www.organisator.ch\/wp-content\/uploads\/2025\/04\/Geschaeftsklima-Schweiz-haelt-Kurs-trotz-weltweiter-Konjunkturrisiken_Organisator-18x12.jpg 18w, https:\/\/www.organisator.ch\/wp-content\/uploads\/2025\/04\/Geschaeftsklima-Schweiz-haelt-Kurs-trotz-weltweiter-Konjunkturrisiken_Organisator-375x250.jpg 375w, https:\/\/www.organisator.ch\/wp-content\/uploads\/2025\/04\/Geschaeftsklima-Schweiz-haelt-Kurs-trotz-weltweiter-Konjunkturrisiken_Organisator-525x350.jpg 525w\" sizes=\"auto, (max-width: 680px) 100vw, 680px\" \/><figcaption id=\"caption-attachment-37919\" class=\"wp-caption-text\">The business climate is deteriorating, but Swiss companies are still showing resilience. (Image: Unsplash.com)<\/figcaption><\/figure>\n<p>The economic environment is currently quite unstable: \"With macroeconomic uncertainty, rising capital costs and a weaker growth forecast, companies remain concerned about the global economic situation and are reluctant to invest. The reshaping of trade relations and uncertainty over tariffs have contributed to over 90 percent of the economies surveyed recording a decline in their financial confidence index,\" says Marianne Bregenzer, Country Lead at Dun &amp; Bradstreet Switzerland. In this environment, however, Switzerland is comparatively stable. The Business Confidence Index is close to the global average. The Global Business Financial Confidence Index has fallen by 8 percent. The ESG index also fell slightly by 5 percent.<\/p>\n<h3><strong>Swiss companies are comparatively resilient<\/strong><\/h3>\n<p>In an international comparison, the decline in the business climate in Switzerland is less pronounced. While many advanced economies recorded sharp declines, Switzerland's index value is close to the global average. In the Global Business Financial Confidence Index, Switzerland reported a decline of 8 percent - a moderate figure in view of a global average of minus 9 percent and in some cases significantly greater losses in other countries.<\/p>\n<h3><strong>Supply chains: Switzerland remains at a comparable level despite global challenges<\/strong><\/h3>\n<p>The Global Supply Chain Continuity Index recovered only slightly worldwide in the second quarter (+1%). In the USA, optimism regarding supply chain continuity fell significantly by 8%. Other European countries such as Norway (-17%) and the United Kingdom (-24%) also recorded sharp declines. With a slight drop of 1%, Switzerland is in a much better position in an international comparison, showing that the situation in this country has at least stabilized at pre-crisis levels.<\/p>\n<h3><strong>ESG: Swiss companies stick to their sustainability goals<\/strong><\/h3>\n<p>Commitment to environmental, social and governance issues is declining worldwide - particularly among large and medium-sized companies. The Global Business ESG Index fell by 3% in the first quarter of 2025. In Switzerland, the decline was 5 percent. Nevertheless, it is clear that smaller companies in particular are consistently continuing their commitment to environmental initiatives, which means that the ESG level in Switzerland remains largely constant compared to many other countries.<\/p>\n<p><em>Source: <a href=\"https:\/\/www.dnb.com\/de-ch\/\">Dun &amp; Bradstreet<\/a><\/em><\/p>","protected":false},"excerpt":{"rendered":"<p>According to the latest Global Business Optimism Index from Dun &amp; Bradstreet, global business expectations fell by one percent in the second quarter of 2025 compared to the previous year. The main reasons for this are ongoing geopolitical uncertainties, volatile trade strategies and increasing protectionism.<\/p>","protected":false},"author":4,"featured_media":37919,"comment_status":"closed","ping_status":"closed","sticky":false,"template":"","format":"standard","meta":{"_acf_changed":false,"_yoast_wpseo_focuskw":"Gesch\u00e4ftsklima","_yoast_wpseo_metadesc":"Laut Dun & Bradstreet hat sich das globale Gesch\u00e4ftsklima im zweiten Quartal 2025 im Vergleich zum Vorjahr verschlechtert.","articlekey":"","footnotes":""},"categories":[28],"tags":[4627,5301,531],"class_list":["post-37918","post","type-post","status-publish","format-standard","has-post-thumbnail","hentry","category-management","tag-geschaeftsklima","tag-konjunkturrisiken","tag-wirtschaftspolitik"],"acf":[],"yoast_head":"<!-- This site is optimized with the Yoast SEO plugin v27.5 - https:\/\/yoast.com\/product\/yoast-seo-wordpress\/ -->\n<title>Gesch\u00e4ftsklima: Schweiz h\u00e4lt Kurs trotz weltweiter Konjunkturrisiken - Organisator<\/title>\n<meta name=\"description\" content=\"Laut Dun &amp; Bradstreet hat sich das globale Gesch\u00e4ftsklima im zweiten Quartal 2025 im Vergleich zum Vorjahr verschlechtert.\" \/>\n<meta name=\"robots\" content=\"index, follow, max-snippet:-1, max-image-preview:large, max-video-preview:-1\" \/>\n<link rel=\"canonical\" href=\"https:\/\/www.organisator.ch\/en\/management\/2025-04-23\/geschaeftsklima-schweiz-haelt-kurs-trotz-weltweiter-konjunkturrisiken\/\" \/>\n<meta property=\"og:locale\" content=\"en_US\" \/>\n<meta property=\"og:type\" content=\"article\" \/>\n<meta property=\"og:title\" content=\"Gesch\u00e4ftsklima: Schweiz h\u00e4lt Kurs trotz weltweiter Konjunkturrisiken\" \/>\n<meta property=\"og:description\" content=\"Laut Dun &amp; Bradstreet hat sich das globale Gesch\u00e4ftsklima im zweiten Quartal 2025 im Vergleich zum Vorjahr verschlechtert.\" \/>\n<meta property=\"og:url\" content=\"https:\/\/www.organisator.ch\/en\/management\/2025-04-23\/geschaeftsklima-schweiz-haelt-kurs-trotz-weltweiter-konjunkturrisiken\/\" \/>\n<meta property=\"og:site_name\" content=\"Organisator\" \/>\n<meta property=\"article:publisher\" content=\"https:\/\/www.facebook.com\/OrganisatorFachmagazin\" \/>\n<meta property=\"article:published_time\" content=\"2025-04-23T14:59:58+00:00\" \/>\n<meta property=\"og:image\" content=\"https:\/\/www.organisator.ch\/wp-content\/uploads\/2025\/04\/Geschaeftsklima-Schweiz-haelt-Kurs-trotz-weltweiter-Konjunkturrisiken_Organisator.jpg\" \/>\n\t<meta property=\"og:image:width\" content=\"680\" \/>\n\t<meta property=\"og:image:height\" content=\"453\" \/>\n\t<meta property=\"og:image:type\" content=\"image\/jpeg\" \/>\n<meta name=\"author\" content=\"thomas.berner\" \/>\n<meta name=\"twitter:card\" content=\"summary_large_image\" \/>\n<meta name=\"twitter:title\" content=\"#Gesch\u00e4ftsklima: Schweiz h\u00e4lt Kurs trotz weltweiter #Konjunkturrisiken\" \/>\n<meta name=\"twitter:description\" content=\"Laut Dun &amp; Bradstreet #dnb hat sich das globale #Gesch\u00e4ftsklima im zweiten Quartal 2025 im Vergleich zum Vorjahr verschlechtert.\" \/>\n<meta name=\"twitter:image\" content=\"https:\/\/www.organisator.ch\/wp-content\/uploads\/2025\/04\/Geschaeftsklima-Schweiz-haelt-Kurs-trotz-weltweiter-Konjunkturrisiken_Organisator.jpg\" \/>\n<script type=\"application\/ld+json\" class=\"yoast-schema-graph\">{\"@context\":\"https:\\\/\\\/schema.org\",\"@graph\":[{\"@type\":\"Article\",\"@id\":\"https:\\\/\\\/www.organisator.ch\\\/management\\\/2025-04-23\\\/geschaeftsklima-schweiz-haelt-kurs-trotz-weltweiter-konjunkturrisiken\\\/#article\",\"isPartOf\":{\"@id\":\"https:\\\/\\\/www.organisator.ch\\\/management\\\/2025-04-23\\\/geschaeftsklima-schweiz-haelt-kurs-trotz-weltweiter-konjunkturrisiken\\\/\"},\"author\":{\"name\":\"thomas.berner\",\"@id\":\"https:\\\/\\\/www.organisator.ch\\\/#\\\/schema\\\/person\\\/6f650f90b2842cd4c0cc334b4e36f67e\"},\"headline\":\"Gesch\u00e4ftsklima: Schweiz h\u00e4lt Kurs trotz weltweiter Konjunkturrisiken\",\"datePublished\":\"2025-04-23T14:59:58+00:00\",\"mainEntityOfPage\":{\"@id\":\"https:\\\/\\\/www.organisator.ch\\\/management\\\/2025-04-23\\\/geschaeftsklima-schweiz-haelt-kurs-trotz-weltweiter-konjunkturrisiken\\\/\"},\"wordCount\":398,\"publisher\":{\"@id\":\"https:\\\/\\\/www.organisator.ch\\\/#organization\"},\"image\":{\"@id\":\"https:\\\/\\\/www.organisator.ch\\\/management\\\/2025-04-23\\\/geschaeftsklima-schweiz-haelt-kurs-trotz-weltweiter-konjunkturrisiken\\\/#primaryimage\"},\"thumbnailUrl\":\"https:\\\/\\\/www.organisator.ch\\\/wp-content\\\/uploads\\\/2025\\\/04\\\/Geschaeftsklima-Schweiz-haelt-Kurs-trotz-weltweiter-Konjunkturrisiken_Organisator.jpg\",\"keywords\":[\"Gesch\u00e4ftsklima\",\"Konjunkturrisiken\",\"Wirtschaftspolitik\"],\"articleSection\":[\"MANAGEMENT\"],\"inLanguage\":\"en-US\"},{\"@type\":\"WebPage\",\"@id\":\"https:\\\/\\\/www.organisator.ch\\\/management\\\/2025-04-23\\\/geschaeftsklima-schweiz-haelt-kurs-trotz-weltweiter-konjunkturrisiken\\\/\",\"url\":\"https:\\\/\\\/www.organisator.ch\\\/management\\\/2025-04-23\\\/geschaeftsklima-schweiz-haelt-kurs-trotz-weltweiter-konjunkturrisiken\\\/\",\"name\":\"Gesch\u00e4ftsklima: Schweiz h\u00e4lt Kurs trotz weltweiter Konjunkturrisiken - Organisator\",\"isPartOf\":{\"@id\":\"https:\\\/\\\/www.organisator.ch\\\/#website\"},\"primaryImageOfPage\":{\"@id\":\"https:\\\/\\\/www.organisator.ch\\\/management\\\/2025-04-23\\\/geschaeftsklima-schweiz-haelt-kurs-trotz-weltweiter-konjunkturrisiken\\\/#primaryimage\"},\"image\":{\"@id\":\"https:\\\/\\\/www.organisator.ch\\\/management\\\/2025-04-23\\\/geschaeftsklima-schweiz-haelt-kurs-trotz-weltweiter-konjunkturrisiken\\\/#primaryimage\"},\"thumbnailUrl\":\"https:\\\/\\\/www.organisator.ch\\\/wp-content\\\/uploads\\\/2025\\\/04\\\/Geschaeftsklima-Schweiz-haelt-Kurs-trotz-weltweiter-Konjunkturrisiken_Organisator.jpg\",\"datePublished\":\"2025-04-23T14:59:58+00:00\",\"description\":\"Laut Dun & Bradstreet hat sich das globale Gesch\u00e4ftsklima im zweiten Quartal 2025 im Vergleich zum Vorjahr verschlechtert.\",\"breadcrumb\":{\"@id\":\"https:\\\/\\\/www.organisator.ch\\\/management\\\/2025-04-23\\\/geschaeftsklima-schweiz-haelt-kurs-trotz-weltweiter-konjunkturrisiken\\\/#breadcrumb\"},\"inLanguage\":\"en-US\",\"potentialAction\":[{\"@type\":\"ReadAction\",\"target\":[\"https:\\\/\\\/www.organisator.ch\\\/management\\\/2025-04-23\\\/geschaeftsklima-schweiz-haelt-kurs-trotz-weltweiter-konjunkturrisiken\\\/\"]}]},{\"@type\":\"ImageObject\",\"inLanguage\":\"en-US\",\"@id\":\"https:\\\/\\\/www.organisator.ch\\\/management\\\/2025-04-23\\\/geschaeftsklima-schweiz-haelt-kurs-trotz-weltweiter-konjunkturrisiken\\\/#primaryimage\",\"url\":\"https:\\\/\\\/www.organisator.ch\\\/wp-content\\\/uploads\\\/2025\\\/04\\\/Geschaeftsklima-Schweiz-haelt-Kurs-trotz-weltweiter-Konjunkturrisiken_Organisator.jpg\",\"contentUrl\":\"https:\\\/\\\/www.organisator.ch\\\/wp-content\\\/uploads\\\/2025\\\/04\\\/Geschaeftsklima-Schweiz-haelt-Kurs-trotz-weltweiter-Konjunkturrisiken_Organisator.jpg\",\"width\":680,\"height\":453,\"caption\":\"Das Gesch\u00e4ftsklima tr\u00fcbt sich ein, doch die Schweizer Unternehmen zeigen sich noch widerstandsf\u00e4hig. (Bild: Unsplash.com)\"},{\"@type\":\"BreadcrumbList\",\"@id\":\"https:\\\/\\\/www.organisator.ch\\\/management\\\/2025-04-23\\\/geschaeftsklima-schweiz-haelt-kurs-trotz-weltweiter-konjunkturrisiken\\\/#breadcrumb\",\"itemListElement\":[{\"@type\":\"ListItem\",\"position\":1,\"name\":\"Home\",\"item\":\"https:\\\/\\\/www.organisator.ch\\\/\"},{\"@type\":\"ListItem\",\"position\":2,\"name\":\"Gesch\u00e4ftsklima: Schweiz h\u00e4lt Kurs trotz weltweiter Konjunkturrisiken\"}]},{\"@type\":\"WebSite\",\"@id\":\"https:\\\/\\\/www.organisator.ch\\\/#website\",\"url\":\"https:\\\/\\\/www.organisator.ch\\\/\",\"name\":\"Organisator\",\"description\":\"Kompetent. Praxisnah. Der ORGANISATOR bereitet in 10 Ausgaben pro Jahr die wesentlichen Themen f\u00fcr F\u00fchrungskr\u00e4fte von KMU auf.\",\"publisher\":{\"@id\":\"https:\\\/\\\/www.organisator.ch\\\/#organization\"},\"potentialAction\":[{\"@type\":\"SearchAction\",\"target\":{\"@type\":\"EntryPoint\",\"urlTemplate\":\"https:\\\/\\\/www.organisator.ch\\\/?s={search_term_string}\"},\"query-input\":{\"@type\":\"PropertyValueSpecification\",\"valueRequired\":true,\"valueName\":\"search_term_string\"}}],\"inLanguage\":\"en-US\"},{\"@type\":\"Organization\",\"@id\":\"https:\\\/\\\/www.organisator.ch\\\/#organization\",\"name\":\"Organisator\",\"url\":\"https:\\\/\\\/www.organisator.ch\\\/\",\"logo\":{\"@type\":\"ImageObject\",\"inLanguage\":\"en-US\",\"@id\":\"https:\\\/\\\/www.organisator.ch\\\/#\\\/schema\\\/logo\\\/image\\\/\",\"url\":\"https:\\\/\\\/www.organisator.ch\\\/wp-content\\\/uploads\\\/2022\\\/01\\\/Logo_Organisator_Website.png\",\"contentUrl\":\"https:\\\/\\\/www.organisator.ch\\\/wp-content\\\/uploads\\\/2022\\\/01\\\/Logo_Organisator_Website.png\",\"width\":800,\"height\":77,\"caption\":\"Organisator\"},\"image\":{\"@id\":\"https:\\\/\\\/www.organisator.ch\\\/#\\\/schema\\\/logo\\\/image\\\/\"},\"sameAs\":[\"https:\\\/\\\/www.facebook.com\\\/OrganisatorFachmagazin\",\"https:\\\/\\\/www.linkedin.com\\\/showcase\\\/organisator-das-magazin-fr-kmu\",\"https:\\\/\\\/www.xing.com\\\/news\\\/pages\\\/organisator-ch-695\",\"https:\\\/\\\/www.youtube.com\\\/channel\\\/UCGP2Sq0iWaZwT3BdIAQFYpw\"]},{\"@type\":\"Person\",\"@id\":\"https:\\\/\\\/www.organisator.ch\\\/#\\\/schema\\\/person\\\/6f650f90b2842cd4c0cc334b4e36f67e\",\"name\":\"thomas.berner\",\"image\":{\"@type\":\"ImageObject\",\"inLanguage\":\"en-US\",\"@id\":\"https:\\\/\\\/secure.gravatar.com\\\/avatar\\\/ac5001d2a36cb6c6cd3e50789007ffca834b477b74a2144564522e944eabff61?s=96&d=mm&r=g\",\"url\":\"https:\\\/\\\/secure.gravatar.com\\\/avatar\\\/ac5001d2a36cb6c6cd3e50789007ffca834b477b74a2144564522e944eabff61?s=96&d=mm&r=g\",\"contentUrl\":\"https:\\\/\\\/secure.gravatar.com\\\/avatar\\\/ac5001d2a36cb6c6cd3e50789007ffca834b477b74a2144564522e944eabff61?s=96&d=mm&r=g\",\"caption\":\"thomas.berner\"},\"url\":\"https:\\\/\\\/www.organisator.ch\\\/en\\\/author\\\/thomas-berner\\\/\"}]}<\/script>\n<!-- \/ Yoast SEO plugin. -->","yoast_head_json":{"title":"Business climate: Switzerland stays on course despite global economic risks - Organizer","description":"According to Dun &amp; Bradstreet, the global business climate deteriorated in the second quarter of 2025 compared to the previous year.","robots":{"index":"index","follow":"follow","max-snippet":"max-snippet:-1","max-image-preview":"max-image-preview:large","max-video-preview":"max-video-preview:-1"},"canonical":"https:\/\/www.organisator.ch\/en\/management\/2025-04-23\/geschaeftsklima-schweiz-haelt-kurs-trotz-weltweiter-konjunkturrisiken\/","og_locale":"en_US","og_type":"article","og_title":"Gesch\u00e4ftsklima: Schweiz h\u00e4lt Kurs trotz weltweiter Konjunkturrisiken","og_description":"Laut Dun & Bradstreet hat sich das globale Gesch\u00e4ftsklima im zweiten Quartal 2025 im Vergleich zum Vorjahr verschlechtert.","og_url":"https:\/\/www.organisator.ch\/en\/management\/2025-04-23\/geschaeftsklima-schweiz-haelt-kurs-trotz-weltweiter-konjunkturrisiken\/","og_site_name":"Organisator","article_publisher":"https:\/\/www.facebook.com\/OrganisatorFachmagazin","article_published_time":"2025-04-23T14:59:58+00:00","og_image":[{"width":680,"height":453,"url":"https:\/\/www.organisator.ch\/wp-content\/uploads\/2025\/04\/Geschaeftsklima-Schweiz-haelt-Kurs-trotz-weltweiter-Konjunkturrisiken_Organisator.jpg","type":"image\/jpeg"}],"author":"thomas.berner","twitter_card":"summary_large_image","twitter_title":"#Gesch\u00e4ftsklima: Schweiz h\u00e4lt Kurs trotz weltweiter #Konjunkturrisiken","twitter_description":"Laut Dun & Bradstreet #dnb hat sich das globale #Gesch\u00e4ftsklima im zweiten Quartal 2025 im Vergleich zum Vorjahr verschlechtert.","twitter_image":"https:\/\/www.organisator.ch\/wp-content\/uploads\/2025\/04\/Geschaeftsklima-Schweiz-haelt-Kurs-trotz-weltweiter-Konjunkturrisiken_Organisator.jpg","schema":{"@context":"https:\/\/schema.org","@graph":[{"@type":"Article","@id":"https:\/\/www.organisator.ch\/management\/2025-04-23\/geschaeftsklima-schweiz-haelt-kurs-trotz-weltweiter-konjunkturrisiken\/#article","isPartOf":{"@id":"https:\/\/www.organisator.ch\/management\/2025-04-23\/geschaeftsklima-schweiz-haelt-kurs-trotz-weltweiter-konjunkturrisiken\/"},"author":{"name":"thomas.berner","@id":"https:\/\/www.organisator.ch\/#\/schema\/person\/6f650f90b2842cd4c0cc334b4e36f67e"},"headline":"Gesch\u00e4ftsklima: Schweiz h\u00e4lt Kurs trotz weltweiter Konjunkturrisiken","datePublished":"2025-04-23T14:59:58+00:00","mainEntityOfPage":{"@id":"https:\/\/www.organisator.ch\/management\/2025-04-23\/geschaeftsklima-schweiz-haelt-kurs-trotz-weltweiter-konjunkturrisiken\/"},"wordCount":398,"publisher":{"@id":"https:\/\/www.organisator.ch\/#organization"},"image":{"@id":"https:\/\/www.organisator.ch\/management\/2025-04-23\/geschaeftsklima-schweiz-haelt-kurs-trotz-weltweiter-konjunkturrisiken\/#primaryimage"},"thumbnailUrl":"https:\/\/www.organisator.ch\/wp-content\/uploads\/2025\/04\/Geschaeftsklima-Schweiz-haelt-Kurs-trotz-weltweiter-Konjunkturrisiken_Organisator.jpg","keywords":["Gesch\u00e4ftsklima","Konjunkturrisiken","Wirtschaftspolitik"],"articleSection":["MANAGEMENT"],"inLanguage":"en-US"},{"@type":"WebPage","@id":"https:\/\/www.organisator.ch\/management\/2025-04-23\/geschaeftsklima-schweiz-haelt-kurs-trotz-weltweiter-konjunkturrisiken\/","url":"https:\/\/www.organisator.ch\/management\/2025-04-23\/geschaeftsklima-schweiz-haelt-kurs-trotz-weltweiter-konjunkturrisiken\/","name":"Business climate: Switzerland stays on course despite global economic risks - Organizer","isPartOf":{"@id":"https:\/\/www.organisator.ch\/#website"},"primaryImageOfPage":{"@id":"https:\/\/www.organisator.ch\/management\/2025-04-23\/geschaeftsklima-schweiz-haelt-kurs-trotz-weltweiter-konjunkturrisiken\/#primaryimage"},"image":{"@id":"https:\/\/www.organisator.ch\/management\/2025-04-23\/geschaeftsklima-schweiz-haelt-kurs-trotz-weltweiter-konjunkturrisiken\/#primaryimage"},"thumbnailUrl":"https:\/\/www.organisator.ch\/wp-content\/uploads\/2025\/04\/Geschaeftsklima-Schweiz-haelt-Kurs-trotz-weltweiter-Konjunkturrisiken_Organisator.jpg","datePublished":"2025-04-23T14:59:58+00:00","description":"According to Dun &amp; Bradstreet, the global business climate deteriorated in the second quarter of 2025 compared to the previous year.","breadcrumb":{"@id":"https:\/\/www.organisator.ch\/management\/2025-04-23\/geschaeftsklima-schweiz-haelt-kurs-trotz-weltweiter-konjunkturrisiken\/#breadcrumb"},"inLanguage":"en-US","potentialAction":[{"@type":"ReadAction","target":["https:\/\/www.organisator.ch\/management\/2025-04-23\/geschaeftsklima-schweiz-haelt-kurs-trotz-weltweiter-konjunkturrisiken\/"]}]},{"@type":"ImageObject","inLanguage":"en-US","@id":"https:\/\/www.organisator.ch\/management\/2025-04-23\/geschaeftsklima-schweiz-haelt-kurs-trotz-weltweiter-konjunkturrisiken\/#primaryimage","url":"https:\/\/www.organisator.ch\/wp-content\/uploads\/2025\/04\/Geschaeftsklima-Schweiz-haelt-Kurs-trotz-weltweiter-Konjunkturrisiken_Organisator.jpg","contentUrl":"https:\/\/www.organisator.ch\/wp-content\/uploads\/2025\/04\/Geschaeftsklima-Schweiz-haelt-Kurs-trotz-weltweiter-Konjunkturrisiken_Organisator.jpg","width":680,"height":453,"caption":"Das Gesch\u00e4ftsklima tr\u00fcbt sich ein, doch die Schweizer Unternehmen zeigen sich noch widerstandsf\u00e4hig. (Bild: Unsplash.com)"},{"@type":"BreadcrumbList","@id":"https:\/\/www.organisator.ch\/management\/2025-04-23\/geschaeftsklima-schweiz-haelt-kurs-trotz-weltweiter-konjunkturrisiken\/#breadcrumb","itemListElement":[{"@type":"ListItem","position":1,"name":"Home","item":"https:\/\/www.organisator.ch\/"},{"@type":"ListItem","position":2,"name":"Gesch\u00e4ftsklima: Schweiz h\u00e4lt Kurs trotz weltweiter Konjunkturrisiken"}]},{"@type":"WebSite","@id":"https:\/\/www.organisator.ch\/#website","url":"https:\/\/www.organisator.ch\/","name":"Organizer","description":"Competent. Practical. In 10 issues per year, ORGANISATOR presents the essential topics for managers of SMEs.","publisher":{"@id":"https:\/\/www.organisator.ch\/#organization"},"potentialAction":[{"@type":"SearchAction","target":{"@type":"EntryPoint","urlTemplate":"https:\/\/www.organisator.ch\/?s={search_term_string}"},"query-input":{"@type":"PropertyValueSpecification","valueRequired":true,"valueName":"search_term_string"}}],"inLanguage":"en-US"},{"@type":"Organization","@id":"https:\/\/www.organisator.ch\/#organization","name":"Organizer","url":"https:\/\/www.organisator.ch\/","logo":{"@type":"ImageObject","inLanguage":"en-US","@id":"https:\/\/www.organisator.ch\/#\/schema\/logo\/image\/","url":"https:\/\/www.organisator.ch\/wp-content\/uploads\/2022\/01\/Logo_Organisator_Website.png","contentUrl":"https:\/\/www.organisator.ch\/wp-content\/uploads\/2022\/01\/Logo_Organisator_Website.png","width":800,"height":77,"caption":"Organisator"},"image":{"@id":"https:\/\/www.organisator.ch\/#\/schema\/logo\/image\/"},"sameAs":["https:\/\/www.facebook.com\/OrganisatorFachmagazin","https:\/\/www.linkedin.com\/showcase\/organisator-das-magazin-fr-kmu","https:\/\/www.xing.com\/news\/pages\/organisator-ch-695","https:\/\/www.youtube.com\/channel\/UCGP2Sq0iWaZwT3BdIAQFYpw"]},{"@type":"Person","@id":"https:\/\/www.organisator.ch\/#\/schema\/person\/6f650f90b2842cd4c0cc334b4e36f67e","name":"thomas.berner","image":{"@type":"ImageObject","inLanguage":"en-US","@id":"https:\/\/secure.gravatar.com\/avatar\/ac5001d2a36cb6c6cd3e50789007ffca834b477b74a2144564522e944eabff61?s=96&d=mm&r=g","url":"https:\/\/secure.gravatar.com\/avatar\/ac5001d2a36cb6c6cd3e50789007ffca834b477b74a2144564522e944eabff61?s=96&d=mm&r=g","contentUrl":"https:\/\/secure.gravatar.com\/avatar\/ac5001d2a36cb6c6cd3e50789007ffca834b477b74a2144564522e944eabff61?s=96&d=mm&r=g","caption":"thomas.berner"},"url":"https:\/\/www.organisator.ch\/en\/author\/thomas-berner\/"}]}},"_links":{"self":[{"href":"https:\/\/www.organisator.ch\/en\/wp-json\/wp\/v2\/posts\/37918","targetHints":{"allow":["GET"]}}],"collection":[{"href":"https:\/\/www.organisator.ch\/en\/wp-json\/wp\/v2\/posts"}],"about":[{"href":"https:\/\/www.organisator.ch\/en\/wp-json\/wp\/v2\/types\/post"}],"author":[{"embeddable":true,"href":"https:\/\/www.organisator.ch\/en\/wp-json\/wp\/v2\/users\/4"}],"replies":[{"embeddable":true,"href":"https:\/\/www.organisator.ch\/en\/wp-json\/wp\/v2\/comments?post=37918"}],"version-history":[{"count":4,"href":"https:\/\/www.organisator.ch\/en\/wp-json\/wp\/v2\/posts\/37918\/revisions"}],"predecessor-version":[{"id":37970,"href":"https:\/\/www.organisator.ch\/en\/wp-json\/wp\/v2\/posts\/37918\/revisions\/37970"}],"wp:featuredmedia":[{"embeddable":true,"href":"https:\/\/www.organisator.ch\/en\/wp-json\/wp\/v2\/media\/37919"}],"wp:attachment":[{"href":"https:\/\/www.organisator.ch\/en\/wp-json\/wp\/v2\/media?parent=37918"}],"wp:term":[{"taxonomy":"category","embeddable":true,"href":"https:\/\/www.organisator.ch\/en\/wp-json\/wp\/v2\/categories?post=37918"},{"taxonomy":"post_tag","embeddable":true,"href":"https:\/\/www.organisator.ch\/en\/wp-json\/wp\/v2\/tags?post=37918"}],"curies":[{"name":"wp","href":"https:\/\/api.w.org\/{rel}","templated":true}]}}